{"id":135120,"date":"2025-09-09T13:57:25","date_gmt":"2025-09-09T11:57:25","guid":{"rendered":"https:\/\/vosgesinfo.fr\/epinalinfo\/2025\/09\/marche-rose-a-mirecourt\/"},"modified":"2025-09-09T13:57:25","modified_gmt":"2025-09-09T11:57:25","slug":"marche-rose-a-mirecourt","status":"publish","type":"post","link":"https:\/\/vosgesinfo.fr\/epinalinfo\/2025\/09\/marche-rose-a-mirecourt\/","title":{"rendered":"Marche Rose \u00e0 Mirecourt"},"content":{"rendered":"<h3 class=\"x_x14z9mp x_xat24cr x_x1lziwak x_x1vvkbs x_xtlvy1s\" data-olk-copy-source=\"MessageBody\">Dans le cadre d\u2019Octobre Rose, mois de sensibilisation au d\u00e9pistage du cancer du sein, la Communaut\u00e9 de Communes Mirecourt Dompaire, avec le soutien de la Ville de Mirecourt , de La Ligue contre le cancer et de l\u2019Astragale, vous invite \u00e0 participer \u00e0 une marche solidaire et conviviale\u00a0<span class=\"x_html-span x_xexx8yu x_xyri2b x_x18d9i69 x_x1c1uobl x_x1hl2dhg x_x16tdsg8 x_x1vvkbs x_x3nfvp2 x_x1j61x8r x_x1fcty0u x_xdj266r x_xat24cr x_xm2jcoa x_x1mpyi22 x_xxymvpz x_xlup9mm x_x1kky2od\"> !<\/span><\/h3>\n<div class=\"x_x14z9mp x_xat24cr x_x1lziwak x_x1vvkbs x_xtlvy1s\"><\/div>\n<div class=\"x_x14z9mp x_xat24cr x_x1lziwak x_x1vvkbs x_xtlvy1s\"><span class=\"x_html-span x_xexx8yu x_xyri2b x_x18d9i69 x_x1c1uobl x_x1hl2dhg x_x16tdsg8 x_x1vvkbs x_x3nfvp2 x_x1j61x8r x_x1fcty0u x_xdj266r x_xat24cr x_xm2jcoa x_x1mpyi22 x_xxymvpz x_xlup9mm x_x1kky2od\"><img decoding=\"async\" class=\"x_xz74otr x_x15mokao x_x1ga7v0g x_x16uus16 x_xbiv7yw\" src=\"https:\/\/static.xx.fbcdn.net\/images\/emoji.php\/v9\/t7e\/1\/16\/1f4c5.png\" alt=\"\ud83d\udcc5\" width=\"16\" height=\"16\" data-imagetype=\"External\" \/><\/span> <a href=\"https:\/\/vosgesinfo.fr\/app\/uploads\/sites\/2\/2025\/09\/marche-rose-mirecourt.jpg\"><img decoding=\"async\" class=\"alignright size-medium wp-image-30966\" src=\"https:\/\/vosgesinfo.fr\/app\/uploads\/sites\/2\/2025\/09\/marche-rose-mirecourt-212x300.jpg\" alt=\"\" width=\"212\" height=\"300\" \/><\/a>Date : Dimanche 5 octobre 2025<br class=\"x_html-br\" \/><span class=\"x_html-span x_xexx8yu x_xyri2b x_x18d9i69 x_x1c1uobl x_x1hl2dhg x_x16tdsg8 x_x1vvkbs x_x3nfvp2 x_x1j61x8r x_x1fcty0u x_xdj266r x_xat24cr x_xm2jcoa x_x1mpyi22 x_xxymvpz x_xlup9mm x_x1kky2od\"><img decoding=\"async\" class=\"x_xz74otr x_x15mokao x_x1ga7v0g x_x16uus16 x_xbiv7yw\" src=\"https:\/\/static.xx.fbcdn.net\/images\/emoji.php\/v9\/t2d\/1\/16\/1f4cd.png\" alt=\"\ud83d\udccd\" width=\"16\" height=\"16\" data-imagetype=\"External\" \/><\/span> Lieu : D\u00e9part Cours Stanislas, Mirecourt<br class=\"x_html-br\" \/><span class=\"x_html-span x_xexx8yu x_xyri2b x_x18d9i69 x_x1c1uobl x_x1hl2dhg x_x16tdsg8 x_x1vvkbs x_x3nfvp2 x_x1j61x8r x_x1fcty0u x_xdj266r x_xat24cr x_xm2jcoa x_x1mpyi22 x_xxymvpz x_xlup9mm x_x1kky2od\"><img decoding=\"async\" class=\"x_xz74otr x_x15mokao x_x1ga7v0g x_x16uus16 x_xbiv7yw\" src=\"https:\/\/static.xx.fbcdn.net\/images\/emoji.php\/v9\/t4b\/1\/16\/1f564.png\" alt=\"\ud83d\udd64\" width=\"16\" height=\"16\" data-imagetype=\"External\" \/><\/span> 9h30 : \u00c9chauffement collectif<br class=\"x_html-br\" \/><span class=\"x_html-span x_xexx8yu x_xyri2b x_x18d9i69 x_x1c1uobl x_x1hl2dhg x_x16tdsg8 x_x1vvkbs x_x3nfvp2 x_x1j61x8r x_x1fcty0u x_xdj266r x_xat24cr x_xm2jcoa x_x1mpyi22 x_xxymvpz x_xlup9mm x_x1kky2od\"><img decoding=\"async\" class=\"x_xz74otr x_x15mokao x_x1ga7v0g x_x16uus16 x_xbiv7yw\" src=\"https:\/\/static.xx.fbcdn.net\/images\/emoji.php\/v9\/t90\/1\/16\/1f6b6_200d_2640.png\" alt=\"\ud83d\udeb6\u200d\u2640\ufe0f\" width=\"16\" height=\"16\" data-imagetype=\"External\" \/><\/span> 9h45 : D\u00e9part<\/div>\n<div class=\"x_x14z9mp x_xat24cr x_x1lziwak x_x1vvkbs x_xtlvy1s\"><span class=\"x_html-span x_xexx8yu x_xyri2b x_x18d9i69 x_x1c1uobl x_x1hl2dhg x_x16tdsg8 x_x1vvkbs x_x3nfvp2 x_x1j61x8r x_x1fcty0u x_xdj266r x_xat24cr x_xm2jcoa x_x1mpyi22 x_xxymvpz x_xlup9mm x_x1kky2od\"><img decoding=\"async\" class=\"x_xz74otr x_x15mokao x_x1ga7v0g x_x16uus16 x_xbiv7yw\" src=\"https:\/\/static.xx.fbcdn.net\/images\/emoji.php\/v9\/t51\/1\/16\/1f449.png\" alt=\"\ud83d\udc49\" width=\"16\" height=\"16\" data-imagetype=\"External\" \/><\/span> Deux parcours au choix :<br class=\"x_html-br\" \/><span class=\"x_html-span x_xexx8yu x_xyri2b x_x18d9i69 x_x1c1uobl x_x1hl2dhg x_x16tdsg8 x_x1vvkbs x_x3nfvp2 x_x1j61x8r x_x1fcty0u x_xdj266r x_xat24cr x_xm2jcoa x_x1mpyi22 x_xxymvpz x_xlup9mm x_x1kky2od\"><img decoding=\"async\" class=\"x_xz74otr x_x15mokao x_x1ga7v0g x_x16uus16 x_xbiv7yw\" src=\"https:\/\/static.xx.fbcdn.net\/images\/emoji.php\/v9\/t33\/1\/16\/2705.png\" alt=\"\u2705\" width=\"16\" height=\"16\" data-imagetype=\"External\" \/><\/span> Boucle d\u2019environ 7 km<br class=\"x_html-br\" \/><span class=\"x_html-span x_xexx8yu x_xyri2b x_x18d9i69 x_x1c1uobl x_x1hl2dhg x_x16tdsg8 x_x1vvkbs x_x3nfvp2 x_x1j61x8r x_x1fcty0u x_xdj266r x_xat24cr x_xm2jcoa x_x1mpyi22 x_xxymvpz x_xlup9mm x_x1kky2od\"><img decoding=\"async\" class=\"x_xz74otr x_x15mokao x_x1ga7v0g x_x16uus16 x_xbiv7yw\" src=\"https:\/\/static.xx.fbcdn.net\/images\/emoji.php\/v9\/t33\/1\/16\/2705.png\" alt=\"\u2705\" width=\"16\" height=\"16\" data-imagetype=\"External\" \/><\/span> Boucle d\u2019environ 5 km<\/div>\n<div class=\"x_x14z9mp x_xat24cr x_x1lziwak x_x1vvkbs x_xtlvy1s\"><span class=\"x_html-span x_xexx8yu x_xyri2b x_x18d9i69 x_x1c1uobl x_x1hl2dhg x_x16tdsg8 x_x1vvkbs x_x3nfvp2 x_x1j61x8r x_x1fcty0u x_xdj266r x_xat24cr x_xm2jcoa x_x1mpyi22 x_xxymvpz x_xlup9mm x_x1kky2od\"><img decoding=\"async\" class=\"x_xz74otr x_x15mokao x_x1ga7v0g x_x16uus16 x_xbiv7yw\" src=\"https:\/\/static.xx.fbcdn.net\/images\/emoji.php\/v9\/tf4\/1\/16\/2728.png\" alt=\"\u2728\" width=\"16\" height=\"16\" data-imagetype=\"External\" \/><\/span> Participation gratuite \u2013 Ouvert \u00e0 tous !<br class=\"x_html-br\" \/><span class=\"x_html-span x_xexx8yu x_xyri2b x_x18d9i69 x_x1c1uobl x_x1hl2dhg x_x16tdsg8 x_x1vvkbs x_x3nfvp2 x_x1j61x8r x_x1fcty0u x_xdj266r x_xat24cr x_xm2jcoa x_x1mpyi22 x_xxymvpz x_xlup9mm x_x1kky2od\"><img decoding=\"async\" class=\"x_xz74otr x_x15mokao x_x1ga7v0g x_x16uus16 x_xbiv7yw\" src=\"https:\/\/static.xx.fbcdn.net\/images\/emoji.php\/v9\/t84\/1\/16\/1f381.png\" alt=\"\ud83c\udf81\" width=\"16\" height=\"16\" data-imagetype=\"External\" \/><\/span> Vente de goodies au profit de la Ligue contre le cancer.<br class=\"x_html-br\" \/><span class=\"x_html-span x_xexx8yu x_xyri2b x_x18d9i69 x_x1c1uobl x_x1hl2dhg x_x16tdsg8 x_x1vvkbs x_x3nfvp2 x_x1j61x8r x_x1fcty0u x_xdj266r x_xat24cr x_xm2jcoa x_x1mpyi22 x_xxymvpz x_xlup9mm x_x1kky2od\"><img decoding=\"async\" class=\"x_xz74otr x_x15mokao x_x1ga7v0g x_x16uus16 x_xbiv7yw\" src=\"https:\/\/static.xx.fbcdn.net\/images\/emoji.php\/v9\/t9b\/1\/16\/1f468_200d_1f469_200d_1f467_200d_1f466.png\" alt=\"\ud83d\udc68\u200d\ud83d\udc69\u200d\ud83d\udc67\u200d\ud83d\udc66\" width=\"16\" height=\"16\" data-imagetype=\"External\" \/><\/span>Accessible poussettes (parcours semi-urbain)<br class=\"x_html-br\" \/><span class=\"x_html-span x_xexx8yu x_xyri2b x_x18d9i69 x_x1c1uobl x_x1hl2dhg x_x16tdsg8 x_x1vvkbs x_x3nfvp2 x_x1j61x8r x_x1fcty0u x_xdj266r x_xat24cr x_xm2jcoa x_x1mpyi22 x_xxymvpz x_xlup9mm x_x1kky2od\"><img decoding=\"async\" class=\"x_xz74otr x_x15mokao x_x1ga7v0g x_x16uus16 x_xbiv7yw\" src=\"https:\/\/static.xx.fbcdn.net\/images\/emoji.php\/v9\/t70\/1\/16\/1f415.png\" alt=\"\ud83d\udc15\" width=\"16\" height=\"16\" data-imagetype=\"External\" \/><\/span>Amis animaux accept\u00e9s , tenus en laisse<\/div>\n<div class=\"x_x14z9mp x_xat24cr x_x1lziwak x_x1vvkbs x_xtlvy1s\"><\/div>\n<div class=\"x_x14z9mp x_xat24cr x_x1lziwak x_x1vvkbs x_xtlvy1s\">Ensemble, marchons pour la sant\u00e9, le soutien et l\u2019espoir <span class=\"x_html-span x_xexx8yu x_xyri2b x_x18d9i69 x_x1c1uobl x_x1hl2dhg x_x16tdsg8 x_x1vvkbs x_x3nfvp2 x_x1j61x8r x_x1fcty0u x_xdj266r x_xat24cr x_xm2jcoa x_x1mpyi22 x_xxymvpz x_xlup9mm x_x1kky2od\"><img decoding=\"async\" class=\"x_xz74otr x_x15mokao x_x1ga7v0g x_x16uus16 x_xbiv7yw\" src=\"https:\/\/static.xx.fbcdn.net\/images\/emoji.php\/v9\/t6a\/1\/16\/1f497.png\" alt=\"\ud83d\udc97\" width=\"16\" height=\"16\" data-imagetype=\"External\" \/><\/span><br class=\"x_html-br\" \/><span class=\"x_html-span x_xexx8yu x_xyri2b x_x18d9i69 x_x1c1uobl x_x1hl2dhg x_x16tdsg8 x_x1vvkbs x_x3nfvp2 x_x1j61x8r x_x1fcty0u x_xdj266r x_xat24cr x_xm2jcoa x_x1mpyi22 x_xxymvpz x_xlup9mm x_x1kky2od\"><img decoding=\"async\" class=\"x_xz74otr x_x15mokao x_x1ga7v0g x_x16uus16 x_xbiv7yw\" src=\"https:\/\/static.xx.fbcdn.net\/images\/emoji.php\/v9\/t4d\/1\/16\/1f4de.png\" alt=\"\ud83d\udcde\" width=\"16\" height=\"16\" data-imagetype=\"External\" \/><\/span> Infos : 03 29 37 88 01<\/div>\n","protected":false},"excerpt":{"rendered":"<p>Dans le cadre d\u2019Octobre Rose, mois de sensibilisation au d\u00e9pistage du cancer du sein, la Communaut\u00e9 de Communes Mirecourt Dompaire, [&hellip;]<\/p>\n","protected":false},"author":126,"featured_media":135121,"comment_status":"open","ping_status":"open","sticky":false,"template":"","format":"standard","meta":{"footnotes":""},"categories":[22,24,6057,14],"tags":[7656,907,1408],"class_list":["post-135120","post","type-post","status-publish","format-standard","has-post-thumbnail","hentry","category-a-la-une","category-epinal","category-la-plaine-des-vosges","category-sante","tag-dompaire","tag-marche-rose","tag-mirecourt"],"acf":[],"yoast_head":"<!-- This site is optimized with the Yoast SEO plugin v22.5 - https:\/\/yoast.com\/wordpress\/plugins\/seo\/ -->\n<title>Marche Rose \u00e0 Mirecourt - Epinal Info<\/title>\n<meta name=\"robots\" content=\"index, follow, max-snippet:-1, max-image-preview:large, max-video-preview:-1\" \/>\n<link rel=\"canonical\" href=\"https:\/\/vosgesinfo.fr\/epinalinfo\/2025\/09\/marche-rose-a-mirecourt\/\" \/>\n<meta name=\"twitter:card\" content=\"summary_large_image\" \/>\n<meta name=\"twitter:title\" content=\"Marche Rose \u00e0 Mirecourt - Epinal Info\" \/>\n<meta name=\"twitter:description\" content=\"Dans le cadre d\u2019Octobre Rose, mois de sensibilisation au d\u00e9pistage du cancer du sein, la Communaut\u00e9 de Communes Mirecourt Dompaire, [&hellip;]\" \/>\n<meta name=\"twitter:image\" content=\"https:\/\/vosgesinfo.fr\/app\/uploads\/sites\/3\/2025\/09\/marche-rose-mirecourt.jpg\" \/>\n<meta name=\"twitter:creator\" content=\"@VosgesInfo88\" \/>\n<meta name=\"twitter:site\" content=\"@VosgesInfo88\" \/>\n<meta name=\"twitter:label1\" content=\"\u00c9crit par\" \/>\n\t<meta name=\"twitter:data1\" content=\"La R\u00e9daction\" \/>\n\t<meta name=\"twitter:label2\" content=\"Dur\u00e9e de lecture estim\u00e9e\" \/>\n\t<meta name=\"twitter:data2\" content=\"1 minute\" \/>\n<script type=\"application\/ld+json\" class=\"yoast-schema-graph\">{\"@context\":\"https:\/\/schema.org\",\"@graph\":[{\"@type\":\"Article\",\"@id\":\"https:\/\/vosgesinfo.fr\/epinalinfo\/2025\/09\/marche-rose-a-mirecourt\/#article\",\"isPartOf\":{\"@id\":\"https:\/\/vosgesinfo.fr\/epinalinfo\/2025\/09\/marche-rose-a-mirecourt\/\"},\"author\":{\"name\":\"La R\u00e9daction\",\"@id\":\"https:\/\/vosgesinfo.fr\/epinalinfo\/#\/schema\/person\/db412391f749f1ee67e177e1dc017316\"},\"headline\":\"Marche Rose \u00e0 Mirecourt\",\"datePublished\":\"2025-09-09T11:57:25+00:00\",\"dateModified\":\"2025-09-09T11:57:25+00:00\",\"mainEntityOfPage\":{\"@id\":\"https:\/\/vosgesinfo.fr\/epinalinfo\/2025\/09\/marche-rose-a-mirecourt\/\"},\"wordCount\":115,\"commentCount\":0,\"publisher\":{\"@id\":\"https:\/\/vosgesinfo.fr\/epinalinfo\/#organization\"},\"image\":{\"@id\":\"https:\/\/vosgesinfo.fr\/epinalinfo\/2025\/09\/marche-rose-a-mirecourt\/#primaryimage\"},\"thumbnailUrl\":\"https:\/\/vosgesinfo.fr\/app\/uploads\/sites\/3\/2025\/09\/marche-rose-mirecourt.jpg\",\"keywords\":[\"Dompaire\",\"marche rose\",\"Mirecourt\"],\"articleSection\":[\"A la Une\",\"Epinal\",\"La plaine des vosges\",\"Sant\u00e9\"],\"inLanguage\":\"fr-FR\",\"potentialAction\":[{\"@type\":\"CommentAction\",\"name\":\"Comment\",\"target\":[\"https:\/\/vosgesinfo.fr\/epinalinfo\/2025\/09\/marche-rose-a-mirecourt\/#respond\"]}]},{\"@type\":\"WebPage\",\"@id\":\"https:\/\/vosgesinfo.fr\/epinalinfo\/2025\/09\/marche-rose-a-mirecourt\/\",\"url\":\"https:\/\/vosgesinfo.fr\/epinalinfo\/2025\/09\/marche-rose-a-mirecourt\/\",\"name\":\"Marche Rose \u00e0 Mirecourt - Epinal Info\",\"isPartOf\":{\"@id\":\"https:\/\/vosgesinfo.fr\/epinalinfo\/#website\"},\"primaryImageOfPage\":{\"@id\":\"https:\/\/vosgesinfo.fr\/epinalinfo\/2025\/09\/marche-rose-a-mirecourt\/#primaryimage\"},\"image\":{\"@id\":\"https:\/\/vosgesinfo.fr\/epinalinfo\/2025\/09\/marche-rose-a-mirecourt\/#primaryimage\"},\"thumbnailUrl\":\"https:\/\/vosgesinfo.fr\/app\/uploads\/sites\/3\/2025\/09\/marche-rose-mirecourt.jpg\",\"datePublished\":\"2025-09-09T11:57:25+00:00\",\"dateModified\":\"2025-09-09T11:57:25+00:00\",\"breadcrumb\":{\"@id\":\"https:\/\/vosgesinfo.fr\/epinalinfo\/2025\/09\/marche-rose-a-mirecourt\/#breadcrumb\"},\"inLanguage\":\"fr-FR\",\"potentialAction\":[{\"@type\":\"ReadAction\",\"target\":[\"https:\/\/vosgesinfo.fr\/epinalinfo\/2025\/09\/marche-rose-a-mirecourt\/\"]}]},{\"@type\":\"ImageObject\",\"inLanguage\":\"fr-FR\",\"@id\":\"https:\/\/vosgesinfo.fr\/epinalinfo\/2025\/09\/marche-rose-a-mirecourt\/#primaryimage\",\"url\":\"https:\/\/vosgesinfo.fr\/app\/uploads\/sites\/3\/2025\/09\/marche-rose-mirecourt.jpg\",\"contentUrl\":\"https:\/\/vosgesinfo.fr\/app\/uploads\/sites\/3\/2025\/09\/marche-rose-mirecourt.jpg\",\"width\":1241,\"height\":1755},{\"@type\":\"BreadcrumbList\",\"@id\":\"https:\/\/vosgesinfo.fr\/epinalinfo\/2025\/09\/marche-rose-a-mirecourt\/#breadcrumb\",\"itemListElement\":[{\"@type\":\"ListItem\",\"position\":1,\"name\":\"Home\",\"item\":\"https:\/\/vosgesinfo.fr\/epinalinfo\/\"},{\"@type\":\"ListItem\",\"position\":2,\"name\":\"Marche Rose \u00e0 Mirecourt\"}]},{\"@type\":\"WebSite\",\"@id\":\"https:\/\/vosgesinfo.fr\/epinalinfo\/#website\",\"url\":\"https:\/\/vosgesinfo.fr\/epinalinfo\/\",\"name\":\"Epinal Info\",\"description\":\"Toute l&#039;actualit\u00e9 d&#039;\u00c9pinal\",\"publisher\":{\"@id\":\"https:\/\/vosgesinfo.fr\/epinalinfo\/#organization\"},\"alternateName\":\"Toute l'actualit\u00e9 d'\u00c9pinal\",\"potentialAction\":[{\"@type\":\"SearchAction\",\"target\":{\"@type\":\"EntryPoint\",\"urlTemplate\":\"https:\/\/vosgesinfo.fr\/epinalinfo\/?s={search_term_string}\"},\"query-input\":\"required name=search_term_string\"}],\"inLanguage\":\"fr-FR\"},{\"@type\":\"Organization\",\"@id\":\"https:\/\/vosgesinfo.fr\/epinalinfo\/#organization\",\"name\":\"Epinal Info\",\"url\":\"https:\/\/vosgesinfo.fr\/epinalinfo\/\",\"logo\":{\"@type\":\"ImageObject\",\"inLanguage\":\"fr-FR\",\"@id\":\"https:\/\/vosgesinfo.fr\/epinalinfo\/#\/schema\/logo\/image\/\",\"url\":\"https:\/\/vosgesinfo.fr\/app\/uploads\/sites\/3\/2023\/08\/logo-epinalinfos.svg\",\"contentUrl\":\"https:\/\/vosgesinfo.fr\/app\/uploads\/sites\/3\/2023\/08\/logo-epinalinfos.svg\",\"width\":1,\"height\":1,\"caption\":\"Epinal Info\"},\"image\":{\"@id\":\"https:\/\/vosgesinfo.fr\/epinalinfo\/#\/schema\/logo\/image\/\"},\"sameAs\":[\"https:\/\/www.facebook.com\/Epinalinfos\",\"https:\/\/x.com\/VosgesInfo88\",\"https:\/\/www.youtube.com\/@vosgesinfo\"]},{\"@type\":\"Person\",\"@id\":\"https:\/\/vosgesinfo.fr\/epinalinfo\/#\/schema\/person\/db412391f749f1ee67e177e1dc017316\",\"name\":\"La R\u00e9daction\",\"image\":{\"@type\":\"ImageObject\",\"inLanguage\":\"fr-FR\",\"@id\":\"https:\/\/vosgesinfo.fr\/epinalinfo\/#\/schema\/person\/image\/\",\"url\":\"https:\/\/secure.gravatar.com\/avatar\/d10cfbea47ec464014dd9e55d3c353f7c4017b65068eb823d0882be0ff3b0ff6?s=96&d=mm&r=g\",\"contentUrl\":\"https:\/\/secure.gravatar.com\/avatar\/d10cfbea47ec464014dd9e55d3c353f7c4017b65068eb823d0882be0ff3b0ff6?s=96&d=mm&r=g\",\"caption\":\"La R\u00e9daction\"},\"url\":\"https:\/\/vosgesinfo.fr\/epinalinfo\/author\/redaction\/\"}]}<\/script>\n<!-- \/ Yoast SEO plugin. -->","yoast_head_json":{"title":"Marche Rose \u00e0 Mirecourt - Epinal Info","robots":{"index":"index","follow":"follow","max-snippet":"max-snippet:-1","max-image-preview":"max-image-preview:large","max-video-preview":"max-video-preview:-1"},"canonical":"https:\/\/vosgesinfo.fr\/epinalinfo\/2025\/09\/marche-rose-a-mirecourt\/","twitter_card":"summary_large_image","twitter_title":"Marche Rose \u00e0 Mirecourt - Epinal Info","twitter_description":"Dans le cadre d\u2019Octobre Rose, mois de sensibilisation au d\u00e9pistage du cancer du sein, la Communaut\u00e9 de Communes Mirecourt Dompaire, [&hellip;]","twitter_image":"https:\/\/vosgesinfo.fr\/app\/uploads\/sites\/3\/2025\/09\/marche-rose-mirecourt.jpg","twitter_creator":"@VosgesInfo88","twitter_site":"@VosgesInfo88","twitter_misc":{"\u00c9crit par":"La R\u00e9daction","Dur\u00e9e de lecture estim\u00e9e":"1 minute"},"schema":{"@context":"https:\/\/schema.org","@graph":[{"@type":"Article","@id":"https:\/\/vosgesinfo.fr\/epinalinfo\/2025\/09\/marche-rose-a-mirecourt\/#article","isPartOf":{"@id":"https:\/\/vosgesinfo.fr\/epinalinfo\/2025\/09\/marche-rose-a-mirecourt\/"},"author":{"name":"La R\u00e9daction","@id":"https:\/\/vosgesinfo.fr\/epinalinfo\/#\/schema\/person\/db412391f749f1ee67e177e1dc017316"},"headline":"Marche Rose \u00e0 Mirecourt","datePublished":"2025-09-09T11:57:25+00:00","dateModified":"2025-09-09T11:57:25+00:00","mainEntityOfPage":{"@id":"https:\/\/vosgesinfo.fr\/epinalinfo\/2025\/09\/marche-rose-a-mirecourt\/"},"wordCount":115,"commentCount":0,"publisher":{"@id":"https:\/\/vosgesinfo.fr\/epinalinfo\/#organization"},"image":{"@id":"https:\/\/vosgesinfo.fr\/epinalinfo\/2025\/09\/marche-rose-a-mirecourt\/#primaryimage"},"thumbnailUrl":"https:\/\/vosgesinfo.fr\/app\/uploads\/sites\/3\/2025\/09\/marche-rose-mirecourt.jpg","keywords":["Dompaire","marche rose","Mirecourt"],"articleSection":["A la Une","Epinal","La plaine des vosges","Sant\u00e9"],"inLanguage":"fr-FR","potentialAction":[{"@type":"CommentAction","name":"Comment","target":["https:\/\/vosgesinfo.fr\/epinalinfo\/2025\/09\/marche-rose-a-mirecourt\/#respond"]}]},{"@type":"WebPage","@id":"https:\/\/vosgesinfo.fr\/epinalinfo\/2025\/09\/marche-rose-a-mirecourt\/","url":"https:\/\/vosgesinfo.fr\/epinalinfo\/2025\/09\/marche-rose-a-mirecourt\/","name":"Marche Rose \u00e0 Mirecourt - Epinal Info","isPartOf":{"@id":"https:\/\/vosgesinfo.fr\/epinalinfo\/#website"},"primaryImageOfPage":{"@id":"https:\/\/vosgesinfo.fr\/epinalinfo\/2025\/09\/marche-rose-a-mirecourt\/#primaryimage"},"image":{"@id":"https:\/\/vosgesinfo.fr\/epinalinfo\/2025\/09\/marche-rose-a-mirecourt\/#primaryimage"},"thumbnailUrl":"https:\/\/vosgesinfo.fr\/app\/uploads\/sites\/3\/2025\/09\/marche-rose-mirecourt.jpg","datePublished":"2025-09-09T11:57:25+00:00","dateModified":"2025-09-09T11:57:25+00:00","breadcrumb":{"@id":"https:\/\/vosgesinfo.fr\/epinalinfo\/2025\/09\/marche-rose-a-mirecourt\/#breadcrumb"},"inLanguage":"fr-FR","potentialAction":[{"@type":"ReadAction","target":["https:\/\/vosgesinfo.fr\/epinalinfo\/2025\/09\/marche-rose-a-mirecourt\/"]}]},{"@type":"ImageObject","inLanguage":"fr-FR","@id":"https:\/\/vosgesinfo.fr\/epinalinfo\/2025\/09\/marche-rose-a-mirecourt\/#primaryimage","url":"https:\/\/vosgesinfo.fr\/app\/uploads\/sites\/3\/2025\/09\/marche-rose-mirecourt.jpg","contentUrl":"https:\/\/vosgesinfo.fr\/app\/uploads\/sites\/3\/2025\/09\/marche-rose-mirecourt.jpg","width":1241,"height":1755},{"@type":"BreadcrumbList","@id":"https:\/\/vosgesinfo.fr\/epinalinfo\/2025\/09\/marche-rose-a-mirecourt\/#breadcrumb","itemListElement":[{"@type":"ListItem","position":1,"name":"Home","item":"https:\/\/vosgesinfo.fr\/epinalinfo\/"},{"@type":"ListItem","position":2,"name":"Marche Rose \u00e0 Mirecourt"}]},{"@type":"WebSite","@id":"https:\/\/vosgesinfo.fr\/epinalinfo\/#website","url":"https:\/\/vosgesinfo.fr\/epinalinfo\/","name":"Epinal Info","description":"Toute l&#039;actualit\u00e9 d&#039;\u00c9pinal","publisher":{"@id":"https:\/\/vosgesinfo.fr\/epinalinfo\/#organization"},"alternateName":"Toute l'actualit\u00e9 d'\u00c9pinal","potentialAction":[{"@type":"SearchAction","target":{"@type":"EntryPoint","urlTemplate":"https:\/\/vosgesinfo.fr\/epinalinfo\/?s={search_term_string}"},"query-input":"required name=search_term_string"}],"inLanguage":"fr-FR"},{"@type":"Organization","@id":"https:\/\/vosgesinfo.fr\/epinalinfo\/#organization","name":"Epinal Info","url":"https:\/\/vosgesinfo.fr\/epinalinfo\/","logo":{"@type":"ImageObject","inLanguage":"fr-FR","@id":"https:\/\/vosgesinfo.fr\/epinalinfo\/#\/schema\/logo\/image\/","url":"https:\/\/vosgesinfo.fr\/app\/uploads\/sites\/3\/2023\/08\/logo-epinalinfos.svg","contentUrl":"https:\/\/vosgesinfo.fr\/app\/uploads\/sites\/3\/2023\/08\/logo-epinalinfos.svg","width":1,"height":1,"caption":"Epinal Info"},"image":{"@id":"https:\/\/vosgesinfo.fr\/epinalinfo\/#\/schema\/logo\/image\/"},"sameAs":["https:\/\/www.facebook.com\/Epinalinfos","https:\/\/x.com\/VosgesInfo88","https:\/\/www.youtube.com\/@vosgesinfo"]},{"@type":"Person","@id":"https:\/\/vosgesinfo.fr\/epinalinfo\/#\/schema\/person\/db412391f749f1ee67e177e1dc017316","name":"La R\u00e9daction","image":{"@type":"ImageObject","inLanguage":"fr-FR","@id":"https:\/\/vosgesinfo.fr\/epinalinfo\/#\/schema\/person\/image\/","url":"https:\/\/secure.gravatar.com\/avatar\/d10cfbea47ec464014dd9e55d3c353f7c4017b65068eb823d0882be0ff3b0ff6?s=96&d=mm&r=g","contentUrl":"https:\/\/secure.gravatar.com\/avatar\/d10cfbea47ec464014dd9e55d3c353f7c4017b65068eb823d0882be0ff3b0ff6?s=96&d=mm&r=g","caption":"La R\u00e9daction"},"url":"https:\/\/vosgesinfo.fr\/epinalinfo\/author\/redaction\/"}]}},"_links":{"self":[{"href":"https:\/\/vosgesinfo.fr\/epinalinfo\/wp-json\/wp\/v2\/posts\/135120","targetHints":{"allow":["GET"]}}],"collection":[{"href":"https:\/\/vosgesinfo.fr\/epinalinfo\/wp-json\/wp\/v2\/posts"}],"about":[{"href":"https:\/\/vosgesinfo.fr\/epinalinfo\/wp-json\/wp\/v2\/types\/post"}],"author":[{"embeddable":true,"href":"https:\/\/vosgesinfo.fr\/epinalinfo\/wp-json\/wp\/v2\/users\/126"}],"replies":[{"embeddable":true,"href":"https:\/\/vosgesinfo.fr\/epinalinfo\/wp-json\/wp\/v2\/comments?post=135120"}],"version-history":[{"count":0,"href":"https:\/\/vosgesinfo.fr\/epinalinfo\/wp-json\/wp\/v2\/posts\/135120\/revisions"}],"wp:featuredmedia":[{"embeddable":true,"href":"https:\/\/vosgesinfo.fr\/epinalinfo\/wp-json\/wp\/v2\/media\/135121"}],"wp:attachment":[{"href":"https:\/\/vosgesinfo.fr\/epinalinfo\/wp-json\/wp\/v2\/media?parent=135120"}],"wp:term":[{"taxonomy":"category","embeddable":true,"href":"https:\/\/vosgesinfo.fr\/epinalinfo\/wp-json\/wp\/v2\/categories?post=135120"},{"taxonomy":"post_tag","embeddable":true,"href":"https:\/\/vosgesinfo.fr\/epinalinfo\/wp-json\/wp\/v2\/tags?post=135120"}],"curies":[{"name":"wp","href":"https:\/\/api.w.org\/{rel}","templated":true}]}}