{"id":135124,"date":"2025-09-09T17:30:13","date_gmt":"2025-09-09T15:30:13","guid":{"rendered":"https:\/\/vosgesinfo.fr\/epinalinfo\/?p=135124"},"modified":"2025-09-09T17:20:52","modified_gmt":"2025-09-09T15:20:52","slug":"stephane-viry-concorde-et-gouvernement-dunion-national-lheure-dun-cdd-politique-jusquen-2027","status":"publish","type":"post","link":"https:\/\/vosgesinfo.fr\/epinalinfo\/2025\/09\/stephane-viry-concorde-et-gouvernement-dunion-national-lheure-dun-cdd-politique-jusquen-2027\/","title":{"rendered":"St\u00e9phane Viry : Concorde et gouvernement d\u2019union national : l\u2019heure d\u2019un CDD politique jusqu\u2019en 2027"},"content":{"rendered":"<p><a href=\"https:\/\/vosgesinfo.fr\/app\/uploads\/sites\/3\/2025\/08\/stephane-viry2.jpg\"><img decoding=\"async\" class=\"aligncenter size-full wp-image-134515\" src=\"https:\/\/vosgesinfo.fr\/app\/uploads\/sites\/3\/2025\/08\/stephane-viry2.jpg\" alt=\"\" width=\"2040\" height=\"1536\" srcset=\"https:\/\/vosgesinfo.fr\/app\/uploads\/sites\/3\/2025\/08\/stephane-viry2.jpg 2040w, https:\/\/vosgesinfo.fr\/app\/uploads\/sites\/3\/2025\/08\/stephane-viry2-300x226.jpg 300w, https:\/\/vosgesinfo.fr\/app\/uploads\/sites\/3\/2025\/08\/stephane-viry2-1024x771.jpg 1024w, https:\/\/vosgesinfo.fr\/app\/uploads\/sites\/3\/2025\/08\/stephane-viry2-768x578.jpg 768w, https:\/\/vosgesinfo.fr\/app\/uploads\/sites\/3\/2025\/08\/stephane-viry2-1536x1157.jpg 1536w\" sizes=\"(max-width: 2040px) 100vw, 2040px\" \/><\/a>\u00ab\u00a0Fran\u00e7ois Bayrou a eu le m\u00e9rite de replacer la question de la dette publique au c\u0153ur<br \/>\ndu d\u00e9bat. Mais soyons clairs : le budget qu\u2019il a propos\u00e9 n\u2019aurait pas \u00e9t\u00e9 adopt\u00e9 par<br \/>\nl\u2019Assembl\u00e9e nationale et aurait fait l\u2019objet d\u2019une motion de censure au cours de<br \/>\nl\u2019autonome. Je ne pouvais pas souscrire \u00e0 sa philosophie du \u00ab travailler plus pour<br \/>\ngagner moins \u00bb.<br \/>\nLe refus du vote de confiance n\u2019\u00e9tait donc pas un blocage, mais bien un gain de temps.<br \/>\nC\u2019\u00e9tait surtout un rejet de la m\u00e9thode de l\u2019ancien Premier ministre.<br \/>\nAujourd\u2019hui, l\u2019heure est \u00e0 la responsabilit\u00e9. J\u2019en appelle \u00e0 nouveau \u00e0 une concorde<br \/>\nnationale : la mise en place d\u2019un gouvernement d\u2019union nationale. Depuis des<br \/>\nmois, \u00e0 l\u2019Assembl\u00e9e nationale, je d\u00e9fends des solutions concr\u00e8tes, qui rassemblent et<br \/>\nd\u00e9passent les clivages. Il est temps d\u2019appliquer cette m\u00e9thode \u00e0 l\u2019\u00e9chelle du<br \/>\ngouvernement, dans une formule de transition, un v\u00e9ritable \u00ab CDD politique \u00bb. Nous<br \/>\nne serons pas d\u2019accord sur tout, mais nous pouvons b\u00e2tir un socle de compromis,<br \/>\nvalable d\u2019octobre 2025 \u00e0 janvier 2027 pour les Fran\u00e7ais.<br \/>\nLes prochaines heures seront d\u00e9cisives. Mon groupe, LIOT, avec ses 23 d\u00e9put\u00e9s aux<br \/>\nsensibilit\u00e9s diff\u00e9rentes, a toujours eu la culture du consensus. Nous sommes pr\u00eats \u00e0<br \/>\nprendre toute notre part dans l\u2019\u00e9mergence de cette concorde nationale.<br \/>\nEnfin, je veux \u00eatre tr\u00e8s clair : ce Gouvernement d\u2019union nationale devra respecter une<br \/>\nexigence d\u00e9mocratique. Il devra donner la parole au peuple, par le recours<br \/>\nau r\u00e9f\u00e9rendum, chaque fois que l\u2019avenir de la Nation est en jeu. Repartons du r\u00e9el !<br \/>\nLes mesures d\u00e9cid\u00e9es doivent recueillir un assentiment majoritaire.\u00a0\u00bb<\/p>\n<p><strong>St\u00e9phane VIRY<\/strong><br \/>\n<strong>D\u00e9put\u00e9 des Vosges<\/strong><\/p>\n","protected":false},"excerpt":{"rendered":"<p>\u00ab\u00a0Fran\u00e7ois Bayrou a eu le m\u00e9rite de replacer la question de la dette publique au c\u0153ur du d\u00e9bat. Mais soyons [&hellip;]<\/p>\n","protected":false},"author":391,"featured_media":134515,"comment_status":"open","ping_status":"open","sticky":false,"template":"","format":"standard","meta":{"footnotes":""},"categories":[1],"tags":[],"class_list":["post-135124","post","type-post","status-publish","format-standard","has-post-thumbnail","hentry","category-non-classe"],"acf":[],"yoast_head":"<!-- This site is optimized with the Yoast SEO plugin v22.5 - https:\/\/yoast.com\/wordpress\/plugins\/seo\/ -->\n<title>St\u00e9phane Viry : Concorde et gouvernement d\u2019union national : l\u2019heure d\u2019un CDD politique jusqu\u2019en 2027 - Epinal Info<\/title>\n<meta name=\"robots\" content=\"index, follow, max-snippet:-1, max-image-preview:large, max-video-preview:-1\" \/>\n<link rel=\"canonical\" href=\"https:\/\/vosgesinfo.fr\/epinalinfo\/2025\/09\/stephane-viry-concorde-et-gouvernement-dunion-national-lheure-dun-cdd-politique-jusquen-2027\/\" \/>\n<meta name=\"twitter:card\" content=\"summary_large_image\" \/>\n<meta name=\"twitter:title\" content=\"St\u00e9phane Viry : Concorde et gouvernement d\u2019union national : l\u2019heure d\u2019un CDD politique jusqu\u2019en 2027 - Epinal Info\" \/>\n<meta name=\"twitter:description\" content=\"\u00ab\u00a0Fran\u00e7ois Bayrou a eu le m\u00e9rite de replacer la question de la dette publique au c\u0153ur du d\u00e9bat. Mais soyons [&hellip;]\" \/>\n<meta name=\"twitter:image\" content=\"https:\/\/vosgesinfo.fr\/app\/uploads\/sites\/3\/2025\/08\/stephane-viry2.jpg\" \/>\n<meta name=\"twitter:creator\" content=\"@VosgesInfo88\" \/>\n<meta name=\"twitter:site\" content=\"@VosgesInfo88\" \/>\n<meta name=\"twitter:label1\" content=\"\u00c9crit par\" \/>\n\t<meta name=\"twitter:data1\" content=\"La redaction\" \/>\n\t<meta name=\"twitter:label2\" content=\"Dur\u00e9e de lecture estim\u00e9e\" \/>\n\t<meta name=\"twitter:data2\" content=\"1 minute\" \/>\n<script type=\"application\/ld+json\" class=\"yoast-schema-graph\">{\"@context\":\"https:\/\/schema.org\",\"@graph\":[{\"@type\":\"Article\",\"@id\":\"https:\/\/vosgesinfo.fr\/epinalinfo\/2025\/09\/stephane-viry-concorde-et-gouvernement-dunion-national-lheure-dun-cdd-politique-jusquen-2027\/#article\",\"isPartOf\":{\"@id\":\"https:\/\/vosgesinfo.fr\/epinalinfo\/2025\/09\/stephane-viry-concorde-et-gouvernement-dunion-national-lheure-dun-cdd-politique-jusquen-2027\/\"},\"author\":{\"name\":\"La redaction\",\"@id\":\"https:\/\/vosgesinfo.fr\/epinalinfo\/#\/schema\/person\/27a3695b06db98895b354c0765cdfc31\"},\"headline\":\"St\u00e9phane Viry : Concorde et gouvernement d\u2019union national : l\u2019heure d\u2019un CDD politique jusqu\u2019en 2027\",\"datePublished\":\"2025-09-09T15:30:13+00:00\",\"dateModified\":\"2025-09-09T15:20:52+00:00\",\"mainEntityOfPage\":{\"@id\":\"https:\/\/vosgesinfo.fr\/epinalinfo\/2025\/09\/stephane-viry-concorde-et-gouvernement-dunion-national-lheure-dun-cdd-politique-jusquen-2027\/\"},\"wordCount\":315,\"commentCount\":1,\"publisher\":{\"@id\":\"https:\/\/vosgesinfo.fr\/epinalinfo\/#organization\"},\"image\":{\"@id\":\"https:\/\/vosgesinfo.fr\/epinalinfo\/2025\/09\/stephane-viry-concorde-et-gouvernement-dunion-national-lheure-dun-cdd-politique-jusquen-2027\/#primaryimage\"},\"thumbnailUrl\":\"https:\/\/vosgesinfo.fr\/app\/uploads\/sites\/3\/2025\/08\/stephane-viry2.jpg\",\"inLanguage\":\"fr-FR\",\"potentialAction\":[{\"@type\":\"CommentAction\",\"name\":\"Comment\",\"target\":[\"https:\/\/vosgesinfo.fr\/epinalinfo\/2025\/09\/stephane-viry-concorde-et-gouvernement-dunion-national-lheure-dun-cdd-politique-jusquen-2027\/#respond\"]}]},{\"@type\":\"WebPage\",\"@id\":\"https:\/\/vosgesinfo.fr\/epinalinfo\/2025\/09\/stephane-viry-concorde-et-gouvernement-dunion-national-lheure-dun-cdd-politique-jusquen-2027\/\",\"url\":\"https:\/\/vosgesinfo.fr\/epinalinfo\/2025\/09\/stephane-viry-concorde-et-gouvernement-dunion-national-lheure-dun-cdd-politique-jusquen-2027\/\",\"name\":\"St\u00e9phane Viry : Concorde et gouvernement d\u2019union national : l\u2019heure d\u2019un CDD politique jusqu\u2019en 2027 - Epinal Info\",\"isPartOf\":{\"@id\":\"https:\/\/vosgesinfo.fr\/epinalinfo\/#website\"},\"primaryImageOfPage\":{\"@id\":\"https:\/\/vosgesinfo.fr\/epinalinfo\/2025\/09\/stephane-viry-concorde-et-gouvernement-dunion-national-lheure-dun-cdd-politique-jusquen-2027\/#primaryimage\"},\"image\":{\"@id\":\"https:\/\/vosgesinfo.fr\/epinalinfo\/2025\/09\/stephane-viry-concorde-et-gouvernement-dunion-national-lheure-dun-cdd-politique-jusquen-2027\/#primaryimage\"},\"thumbnailUrl\":\"https:\/\/vosgesinfo.fr\/app\/uploads\/sites\/3\/2025\/08\/stephane-viry2.jpg\",\"datePublished\":\"2025-09-09T15:30:13+00:00\",\"dateModified\":\"2025-09-09T15:20:52+00:00\",\"breadcrumb\":{\"@id\":\"https:\/\/vosgesinfo.fr\/epinalinfo\/2025\/09\/stephane-viry-concorde-et-gouvernement-dunion-national-lheure-dun-cdd-politique-jusquen-2027\/#breadcrumb\"},\"inLanguage\":\"fr-FR\",\"potentialAction\":[{\"@type\":\"ReadAction\",\"target\":[\"https:\/\/vosgesinfo.fr\/epinalinfo\/2025\/09\/stephane-viry-concorde-et-gouvernement-dunion-national-lheure-dun-cdd-politique-jusquen-2027\/\"]}]},{\"@type\":\"ImageObject\",\"inLanguage\":\"fr-FR\",\"@id\":\"https:\/\/vosgesinfo.fr\/epinalinfo\/2025\/09\/stephane-viry-concorde-et-gouvernement-dunion-national-lheure-dun-cdd-politique-jusquen-2027\/#primaryimage\",\"url\":\"https:\/\/vosgesinfo.fr\/app\/uploads\/sites\/3\/2025\/08\/stephane-viry2.jpg\",\"contentUrl\":\"https:\/\/vosgesinfo.fr\/app\/uploads\/sites\/3\/2025\/08\/stephane-viry2.jpg\",\"width\":2040,\"height\":1536},{\"@type\":\"BreadcrumbList\",\"@id\":\"https:\/\/vosgesinfo.fr\/epinalinfo\/2025\/09\/stephane-viry-concorde-et-gouvernement-dunion-national-lheure-dun-cdd-politique-jusquen-2027\/#breadcrumb\",\"itemListElement\":[{\"@type\":\"ListItem\",\"position\":1,\"name\":\"Home\",\"item\":\"https:\/\/vosgesinfo.fr\/epinalinfo\/\"},{\"@type\":\"ListItem\",\"position\":2,\"name\":\"St\u00e9phane Viry : Concorde et gouvernement d\u2019union national : l\u2019heure d\u2019un CDD politique jusqu\u2019en 2027\"}]},{\"@type\":\"WebSite\",\"@id\":\"https:\/\/vosgesinfo.fr\/epinalinfo\/#website\",\"url\":\"https:\/\/vosgesinfo.fr\/epinalinfo\/\",\"name\":\"Epinal Info\",\"description\":\"Toute l&#039;actualit\u00e9 d&#039;\u00c9pinal\",\"publisher\":{\"@id\":\"https:\/\/vosgesinfo.fr\/epinalinfo\/#organization\"},\"alternateName\":\"Toute l'actualit\u00e9 d'\u00c9pinal\",\"potentialAction\":[{\"@type\":\"SearchAction\",\"target\":{\"@type\":\"EntryPoint\",\"urlTemplate\":\"https:\/\/vosgesinfo.fr\/epinalinfo\/?s={search_term_string}\"},\"query-input\":\"required name=search_term_string\"}],\"inLanguage\":\"fr-FR\"},{\"@type\":\"Organization\",\"@id\":\"https:\/\/vosgesinfo.fr\/epinalinfo\/#organization\",\"name\":\"Epinal Info\",\"url\":\"https:\/\/vosgesinfo.fr\/epinalinfo\/\",\"logo\":{\"@type\":\"ImageObject\",\"inLanguage\":\"fr-FR\",\"@id\":\"https:\/\/vosgesinfo.fr\/epinalinfo\/#\/schema\/logo\/image\/\",\"url\":\"https:\/\/vosgesinfo.fr\/app\/uploads\/sites\/3\/2023\/08\/logo-epinalinfos.svg\",\"contentUrl\":\"https:\/\/vosgesinfo.fr\/app\/uploads\/sites\/3\/2023\/08\/logo-epinalinfos.svg\",\"width\":1,\"height\":1,\"caption\":\"Epinal Info\"},\"image\":{\"@id\":\"https:\/\/vosgesinfo.fr\/epinalinfo\/#\/schema\/logo\/image\/\"},\"sameAs\":[\"https:\/\/www.facebook.com\/Epinalinfos\",\"https:\/\/x.com\/VosgesInfo88\",\"https:\/\/www.youtube.com\/@vosgesinfo\"]},{\"@type\":\"Person\",\"@id\":\"https:\/\/vosgesinfo.fr\/epinalinfo\/#\/schema\/person\/27a3695b06db98895b354c0765cdfc31\",\"name\":\"La redaction\",\"image\":{\"@type\":\"ImageObject\",\"inLanguage\":\"fr-FR\",\"@id\":\"https:\/\/vosgesinfo.fr\/epinalinfo\/#\/schema\/person\/image\/\",\"url\":\"https:\/\/secure.gravatar.com\/avatar\/64c76a78e501cedee55736f43f332df901e1896ae9cd8fad269ae2236dd0e8b6?s=96&d=mm&r=g\",\"contentUrl\":\"https:\/\/secure.gravatar.com\/avatar\/64c76a78e501cedee55736f43f332df901e1896ae9cd8fad269ae2236dd0e8b6?s=96&d=mm&r=g\",\"caption\":\"La redaction\"},\"url\":\"https:\/\/vosgesinfo.fr\/epinalinfo\/author\/la-redaction\/\"}]}<\/script>\n<!-- \/ Yoast SEO plugin. -->","yoast_head_json":{"title":"St\u00e9phane Viry : Concorde et gouvernement d\u2019union national : l\u2019heure d\u2019un CDD politique jusqu\u2019en 2027 - Epinal Info","robots":{"index":"index","follow":"follow","max-snippet":"max-snippet:-1","max-image-preview":"max-image-preview:large","max-video-preview":"max-video-preview:-1"},"canonical":"https:\/\/vosgesinfo.fr\/epinalinfo\/2025\/09\/stephane-viry-concorde-et-gouvernement-dunion-national-lheure-dun-cdd-politique-jusquen-2027\/","twitter_card":"summary_large_image","twitter_title":"St\u00e9phane Viry : Concorde et gouvernement d\u2019union national : l\u2019heure d\u2019un CDD politique jusqu\u2019en 2027 - Epinal Info","twitter_description":"\u00ab\u00a0Fran\u00e7ois Bayrou a eu le m\u00e9rite de replacer la question de la dette publique au c\u0153ur du d\u00e9bat. Mais soyons [&hellip;]","twitter_image":"https:\/\/vosgesinfo.fr\/app\/uploads\/sites\/3\/2025\/08\/stephane-viry2.jpg","twitter_creator":"@VosgesInfo88","twitter_site":"@VosgesInfo88","twitter_misc":{"\u00c9crit par":"La redaction","Dur\u00e9e de lecture estim\u00e9e":"1 minute"},"schema":{"@context":"https:\/\/schema.org","@graph":[{"@type":"Article","@id":"https:\/\/vosgesinfo.fr\/epinalinfo\/2025\/09\/stephane-viry-concorde-et-gouvernement-dunion-national-lheure-dun-cdd-politique-jusquen-2027\/#article","isPartOf":{"@id":"https:\/\/vosgesinfo.fr\/epinalinfo\/2025\/09\/stephane-viry-concorde-et-gouvernement-dunion-national-lheure-dun-cdd-politique-jusquen-2027\/"},"author":{"name":"La redaction","@id":"https:\/\/vosgesinfo.fr\/epinalinfo\/#\/schema\/person\/27a3695b06db98895b354c0765cdfc31"},"headline":"St\u00e9phane Viry : Concorde et gouvernement d\u2019union national : l\u2019heure d\u2019un CDD politique jusqu\u2019en 2027","datePublished":"2025-09-09T15:30:13+00:00","dateModified":"2025-09-09T15:20:52+00:00","mainEntityOfPage":{"@id":"https:\/\/vosgesinfo.fr\/epinalinfo\/2025\/09\/stephane-viry-concorde-et-gouvernement-dunion-national-lheure-dun-cdd-politique-jusquen-2027\/"},"wordCount":315,"commentCount":1,"publisher":{"@id":"https:\/\/vosgesinfo.fr\/epinalinfo\/#organization"},"image":{"@id":"https:\/\/vosgesinfo.fr\/epinalinfo\/2025\/09\/stephane-viry-concorde-et-gouvernement-dunion-national-lheure-dun-cdd-politique-jusquen-2027\/#primaryimage"},"thumbnailUrl":"https:\/\/vosgesinfo.fr\/app\/uploads\/sites\/3\/2025\/08\/stephane-viry2.jpg","inLanguage":"fr-FR","potentialAction":[{"@type":"CommentAction","name":"Comment","target":["https:\/\/vosgesinfo.fr\/epinalinfo\/2025\/09\/stephane-viry-concorde-et-gouvernement-dunion-national-lheure-dun-cdd-politique-jusquen-2027\/#respond"]}]},{"@type":"WebPage","@id":"https:\/\/vosgesinfo.fr\/epinalinfo\/2025\/09\/stephane-viry-concorde-et-gouvernement-dunion-national-lheure-dun-cdd-politique-jusquen-2027\/","url":"https:\/\/vosgesinfo.fr\/epinalinfo\/2025\/09\/stephane-viry-concorde-et-gouvernement-dunion-national-lheure-dun-cdd-politique-jusquen-2027\/","name":"St\u00e9phane Viry : Concorde et gouvernement d\u2019union national : l\u2019heure d\u2019un CDD politique jusqu\u2019en 2027 - Epinal Info","isPartOf":{"@id":"https:\/\/vosgesinfo.fr\/epinalinfo\/#website"},"primaryImageOfPage":{"@id":"https:\/\/vosgesinfo.fr\/epinalinfo\/2025\/09\/stephane-viry-concorde-et-gouvernement-dunion-national-lheure-dun-cdd-politique-jusquen-2027\/#primaryimage"},"image":{"@id":"https:\/\/vosgesinfo.fr\/epinalinfo\/2025\/09\/stephane-viry-concorde-et-gouvernement-dunion-national-lheure-dun-cdd-politique-jusquen-2027\/#primaryimage"},"thumbnailUrl":"https:\/\/vosgesinfo.fr\/app\/uploads\/sites\/3\/2025\/08\/stephane-viry2.jpg","datePublished":"2025-09-09T15:30:13+00:00","dateModified":"2025-09-09T15:20:52+00:00","breadcrumb":{"@id":"https:\/\/vosgesinfo.fr\/epinalinfo\/2025\/09\/stephane-viry-concorde-et-gouvernement-dunion-national-lheure-dun-cdd-politique-jusquen-2027\/#breadcrumb"},"inLanguage":"fr-FR","potentialAction":[{"@type":"ReadAction","target":["https:\/\/vosgesinfo.fr\/epinalinfo\/2025\/09\/stephane-viry-concorde-et-gouvernement-dunion-national-lheure-dun-cdd-politique-jusquen-2027\/"]}]},{"@type":"ImageObject","inLanguage":"fr-FR","@id":"https:\/\/vosgesinfo.fr\/epinalinfo\/2025\/09\/stephane-viry-concorde-et-gouvernement-dunion-national-lheure-dun-cdd-politique-jusquen-2027\/#primaryimage","url":"https:\/\/vosgesinfo.fr\/app\/uploads\/sites\/3\/2025\/08\/stephane-viry2.jpg","contentUrl":"https:\/\/vosgesinfo.fr\/app\/uploads\/sites\/3\/2025\/08\/stephane-viry2.jpg","width":2040,"height":1536},{"@type":"BreadcrumbList","@id":"https:\/\/vosgesinfo.fr\/epinalinfo\/2025\/09\/stephane-viry-concorde-et-gouvernement-dunion-national-lheure-dun-cdd-politique-jusquen-2027\/#breadcrumb","itemListElement":[{"@type":"ListItem","position":1,"name":"Home","item":"https:\/\/vosgesinfo.fr\/epinalinfo\/"},{"@type":"ListItem","position":2,"name":"St\u00e9phane Viry : Concorde et gouvernement d\u2019union national : l\u2019heure d\u2019un CDD politique jusqu\u2019en 2027"}]},{"@type":"WebSite","@id":"https:\/\/vosgesinfo.fr\/epinalinfo\/#website","url":"https:\/\/vosgesinfo.fr\/epinalinfo\/","name":"Epinal Info","description":"Toute l&#039;actualit\u00e9 d&#039;\u00c9pinal","publisher":{"@id":"https:\/\/vosgesinfo.fr\/epinalinfo\/#organization"},"alternateName":"Toute l'actualit\u00e9 d'\u00c9pinal","potentialAction":[{"@type":"SearchAction","target":{"@type":"EntryPoint","urlTemplate":"https:\/\/vosgesinfo.fr\/epinalinfo\/?s={search_term_string}"},"query-input":"required name=search_term_string"}],"inLanguage":"fr-FR"},{"@type":"Organization","@id":"https:\/\/vosgesinfo.fr\/epinalinfo\/#organization","name":"Epinal Info","url":"https:\/\/vosgesinfo.fr\/epinalinfo\/","logo":{"@type":"ImageObject","inLanguage":"fr-FR","@id":"https:\/\/vosgesinfo.fr\/epinalinfo\/#\/schema\/logo\/image\/","url":"https:\/\/vosgesinfo.fr\/app\/uploads\/sites\/3\/2023\/08\/logo-epinalinfos.svg","contentUrl":"https:\/\/vosgesinfo.fr\/app\/uploads\/sites\/3\/2023\/08\/logo-epinalinfos.svg","width":1,"height":1,"caption":"Epinal Info"},"image":{"@id":"https:\/\/vosgesinfo.fr\/epinalinfo\/#\/schema\/logo\/image\/"},"sameAs":["https:\/\/www.facebook.com\/Epinalinfos","https:\/\/x.com\/VosgesInfo88","https:\/\/www.youtube.com\/@vosgesinfo"]},{"@type":"Person","@id":"https:\/\/vosgesinfo.fr\/epinalinfo\/#\/schema\/person\/27a3695b06db98895b354c0765cdfc31","name":"La redaction","image":{"@type":"ImageObject","inLanguage":"fr-FR","@id":"https:\/\/vosgesinfo.fr\/epinalinfo\/#\/schema\/person\/image\/","url":"https:\/\/secure.gravatar.com\/avatar\/64c76a78e501cedee55736f43f332df901e1896ae9cd8fad269ae2236dd0e8b6?s=96&d=mm&r=g","contentUrl":"https:\/\/secure.gravatar.com\/avatar\/64c76a78e501cedee55736f43f332df901e1896ae9cd8fad269ae2236dd0e8b6?s=96&d=mm&r=g","caption":"La redaction"},"url":"https:\/\/vosgesinfo.fr\/epinalinfo\/author\/la-redaction\/"}]}},"_links":{"self":[{"href":"https:\/\/vosgesinfo.fr\/epinalinfo\/wp-json\/wp\/v2\/posts\/135124","targetHints":{"allow":["GET"]}}],"collection":[{"href":"https:\/\/vosgesinfo.fr\/epinalinfo\/wp-json\/wp\/v2\/posts"}],"about":[{"href":"https:\/\/vosgesinfo.fr\/epinalinfo\/wp-json\/wp\/v2\/types\/post"}],"author":[{"embeddable":true,"href":"https:\/\/vosgesinfo.fr\/epinalinfo\/wp-json\/wp\/v2\/users\/391"}],"replies":[{"embeddable":true,"href":"https:\/\/vosgesinfo.fr\/epinalinfo\/wp-json\/wp\/v2\/comments?post=135124"}],"version-history":[{"count":1,"href":"https:\/\/vosgesinfo.fr\/epinalinfo\/wp-json\/wp\/v2\/posts\/135124\/revisions"}],"predecessor-version":[{"id":135125,"href":"https:\/\/vosgesinfo.fr\/epinalinfo\/wp-json\/wp\/v2\/posts\/135124\/revisions\/135125"}],"wp:featuredmedia":[{"embeddable":true,"href":"https:\/\/vosgesinfo.fr\/epinalinfo\/wp-json\/wp\/v2\/media\/134515"}],"wp:attachment":[{"href":"https:\/\/vosgesinfo.fr\/epinalinfo\/wp-json\/wp\/v2\/media?parent=135124"}],"wp:term":[{"taxonomy":"category","embeddable":true,"href":"https:\/\/vosgesinfo.fr\/epinalinfo\/wp-json\/wp\/v2\/categories?post=135124"},{"taxonomy":"post_tag","embeddable":true,"href":"https:\/\/vosgesinfo.fr\/epinalinfo\/wp-json\/wp\/v2\/tags?post=135124"}],"curies":[{"name":"wp","href":"https:\/\/api.w.org\/{rel}","templated":true}]}}