{"id":135128,"date":"2025-09-10T10:30:42","date_gmt":"2025-09-10T08:30:42","guid":{"rendered":"https:\/\/vosgesinfo.fr\/epinalinfo\/?p=135128"},"modified":"2025-09-10T10:20:18","modified_gmt":"2025-09-10T08:20:18","slug":"run-2k-challenge-un-challenge-pour-tous","status":"publish","type":"post","link":"https:\/\/vosgesinfo.fr\/epinalinfo\/2025\/09\/run-2k-challenge-un-challenge-pour-tous\/","title":{"rendered":"Run 2K challenge &#8211; Un challenge pour tous !"},"content":{"rendered":"<h2 data-olk-copy-source=\"MessageBody\"><strong><a href=\"https:\/\/vosgesinfo.fr\/app\/uploads\/sites\/3\/2025\/09\/thumbnail-izfxrjfi6e3bvukb.png\"><img decoding=\"async\" class=\"aligncenter size-full wp-image-135129\" src=\"https:\/\/vosgesinfo.fr\/app\/uploads\/sites\/3\/2025\/09\/thumbnail-izfxrjfi6e3bvukb.png\" alt=\"\" width=\"715\" height=\"1016\" srcset=\"https:\/\/vosgesinfo.fr\/app\/uploads\/sites\/3\/2025\/09\/thumbnail-izfxrjfi6e3bvukb.png 715w, https:\/\/vosgesinfo.fr\/app\/uploads\/sites\/3\/2025\/09\/thumbnail-izfxrjfi6e3bvukb-211x300.png 211w\" sizes=\"(max-width: 715px) 100vw, 715px\" \/><\/a>L&rsquo;Athl\u00e9 Vosges Pays d\u2019\u00c9pinal organise le Run 2K Challenge, un \u00e9v\u00e9nement sportif convivial et accessible \u00e0 toutes et tous, qui se tiendra du 21 au 28 septembre prochain.<\/strong><\/h2>\n<p>Le principe est simple : parcourir <b>2 kilom\u00e8tres en courant<\/b>, sans chronom\u00e8tre ni classement, avec pour seul objectif de bouger, partager un moment convivial et promouvoir l\u2019activit\u00e9 physique pour toutes et tous.<\/p>\n<p>Plusieurs cr\u00e9neaux sont disponibles pour courir, notamment celui du mardi soir avec le <b>d\u00e9fi contre Benjamin POLIN &amp; Mohamed MOUSSAOUI<\/b> \ud83d\ude00<\/p>\n<p>&nbsp;<\/p>\n<p>&nbsp;<\/p>\n<p>La participation est <b>gratuite<\/b> et ouverte \u00e0 tous, sans condition de niveau.<\/p>\n<p>Un <b>tirage au sort g\u00e9n\u00e9ral\u00a0<\/b> r\u00e9compensera par ailleurs les participants avec des lots offerts par nos partenaires (+ de 1000\u20ac de lots \u00e0 gagner &#8211; tirage au sort le dimanche 28).<\/p>\n<p><b>Programme :<\/b><\/p>\n<ul>\n<li>\u00a0Dimanche 21 septembre \/ 9H30 \u2013 11H30 : Premiers runs<\/li>\n<li>Lundi 22 midi \/ 12H15-13H45 : animation en direction des admnistrations<\/li>\n<li>Mardi 23 matin \/ 9H30 \u2013 11H30 : d\u00e9fi \u00e9tudiants STAPS<\/li>\n<li>Mardi 23 soir \/ 18H00 \u2013 19H30 : D\u00e9fi contre Mohamed MOUSSAOUI et Benjamin POLIN<\/li>\n<li>Mercredi 24 apr\u00e8s-midi \/ 14H00-16H00 : Challenge UNSS district d\u2019Epinal<\/li>\n<li>Mercredi 24 soir \/ 18H00-19H30 : Challenge famille<\/li>\n<li>Vendredi 26 midi \/ 12H15-13H45 : animation inter-entreprise<\/li>\n<li>Samedi 27 matin \/ 9H30 \u2013 11H30 : S\u00e9quence sp\u00e9ciale pr\u00e9paration des<\/li>\n<li>Dimanche 28 matin \/ 9H30 \u2013 11H30 : Animation de cl\u00f4ture avec derniers runs,<\/li>\n<li>remise des lots et Cocktail ap\u00e9ritif.<\/li>\n<\/ul>\n","protected":false},"excerpt":{"rendered":"<p>L&rsquo;Athl\u00e9 Vosges Pays d\u2019\u00c9pinal organise le Run 2K Challenge, un \u00e9v\u00e9nement sportif convivial et accessible \u00e0 toutes et tous, qui [&hellip;]<\/p>\n","protected":false},"author":52,"featured_media":135129,"comment_status":"open","ping_status":"open","sticky":false,"template":"","format":"standard","meta":{"footnotes":""},"categories":[22,24],"tags":[],"class_list":["post-135128","post","type-post","status-publish","format-standard","has-post-thumbnail","hentry","category-a-la-une","category-epinal"],"acf":[],"yoast_head":"<!-- This site is optimized with the Yoast SEO plugin v22.5 - https:\/\/yoast.com\/wordpress\/plugins\/seo\/ -->\n<title>Run 2K challenge - Un challenge pour tous ! - Epinal Info<\/title>\n<meta name=\"robots\" content=\"index, follow, max-snippet:-1, max-image-preview:large, max-video-preview:-1\" \/>\n<link rel=\"canonical\" href=\"https:\/\/vosgesinfo.fr\/epinalinfo\/2025\/09\/run-2k-challenge-un-challenge-pour-tous\/\" \/>\n<meta name=\"twitter:card\" content=\"summary_large_image\" \/>\n<meta name=\"twitter:title\" content=\"Run 2K challenge - Un challenge pour tous ! - Epinal Info\" \/>\n<meta name=\"twitter:description\" content=\"L&rsquo;Athl\u00e9 Vosges Pays d\u2019\u00c9pinal organise le Run 2K Challenge, un \u00e9v\u00e9nement sportif convivial et accessible \u00e0 toutes et tous, qui [&hellip;]\" \/>\n<meta name=\"twitter:image\" content=\"https:\/\/vosgesinfo.fr\/app\/uploads\/sites\/3\/2025\/09\/thumbnail-izfxrjfi6e3bvukb.png\" \/>\n<meta name=\"twitter:creator\" content=\"@VosgesInfo88\" \/>\n<meta name=\"twitter:site\" content=\"@VosgesInfo88\" \/>\n<meta name=\"twitter:label1\" content=\"\u00c9crit par\" \/>\n\t<meta name=\"twitter:data1\" content=\"C.K.\" \/>\n\t<meta name=\"twitter:label2\" content=\"Dur\u00e9e de lecture estim\u00e9e\" \/>\n\t<meta name=\"twitter:data2\" content=\"1 minute\" \/>\n<script type=\"application\/ld+json\" class=\"yoast-schema-graph\">{\"@context\":\"https:\/\/schema.org\",\"@graph\":[{\"@type\":\"Article\",\"@id\":\"https:\/\/vosgesinfo.fr\/epinalinfo\/2025\/09\/run-2k-challenge-un-challenge-pour-tous\/#article\",\"isPartOf\":{\"@id\":\"https:\/\/vosgesinfo.fr\/epinalinfo\/2025\/09\/run-2k-challenge-un-challenge-pour-tous\/\"},\"author\":{\"name\":\"C.K.\",\"@id\":\"https:\/\/vosgesinfo.fr\/epinalinfo\/#\/schema\/person\/6f9a650eeea99d969b6c4ab78fccbe81\"},\"headline\":\"Run 2K challenge &#8211; Un challenge pour tous !\",\"datePublished\":\"2025-09-10T08:30:42+00:00\",\"dateModified\":\"2025-09-10T08:20:18+00:00\",\"mainEntityOfPage\":{\"@id\":\"https:\/\/vosgesinfo.fr\/epinalinfo\/2025\/09\/run-2k-challenge-un-challenge-pour-tous\/\"},\"wordCount\":225,\"commentCount\":0,\"publisher\":{\"@id\":\"https:\/\/vosgesinfo.fr\/epinalinfo\/#organization\"},\"image\":{\"@id\":\"https:\/\/vosgesinfo.fr\/epinalinfo\/2025\/09\/run-2k-challenge-un-challenge-pour-tous\/#primaryimage\"},\"thumbnailUrl\":\"https:\/\/vosgesinfo.fr\/app\/uploads\/sites\/3\/2025\/09\/thumbnail-izfxrjfi6e3bvukb.png\",\"articleSection\":[\"A la Une\",\"Epinal\"],\"inLanguage\":\"fr-FR\",\"potentialAction\":[{\"@type\":\"CommentAction\",\"name\":\"Comment\",\"target\":[\"https:\/\/vosgesinfo.fr\/epinalinfo\/2025\/09\/run-2k-challenge-un-challenge-pour-tous\/#respond\"]}]},{\"@type\":\"WebPage\",\"@id\":\"https:\/\/vosgesinfo.fr\/epinalinfo\/2025\/09\/run-2k-challenge-un-challenge-pour-tous\/\",\"url\":\"https:\/\/vosgesinfo.fr\/epinalinfo\/2025\/09\/run-2k-challenge-un-challenge-pour-tous\/\",\"name\":\"Run 2K challenge - Un challenge pour tous ! - Epinal Info\",\"isPartOf\":{\"@id\":\"https:\/\/vosgesinfo.fr\/epinalinfo\/#website\"},\"primaryImageOfPage\":{\"@id\":\"https:\/\/vosgesinfo.fr\/epinalinfo\/2025\/09\/run-2k-challenge-un-challenge-pour-tous\/#primaryimage\"},\"image\":{\"@id\":\"https:\/\/vosgesinfo.fr\/epinalinfo\/2025\/09\/run-2k-challenge-un-challenge-pour-tous\/#primaryimage\"},\"thumbnailUrl\":\"https:\/\/vosgesinfo.fr\/app\/uploads\/sites\/3\/2025\/09\/thumbnail-izfxrjfi6e3bvukb.png\",\"datePublished\":\"2025-09-10T08:30:42+00:00\",\"dateModified\":\"2025-09-10T08:20:18+00:00\",\"breadcrumb\":{\"@id\":\"https:\/\/vosgesinfo.fr\/epinalinfo\/2025\/09\/run-2k-challenge-un-challenge-pour-tous\/#breadcrumb\"},\"inLanguage\":\"fr-FR\",\"potentialAction\":[{\"@type\":\"ReadAction\",\"target\":[\"https:\/\/vosgesinfo.fr\/epinalinfo\/2025\/09\/run-2k-challenge-un-challenge-pour-tous\/\"]}]},{\"@type\":\"ImageObject\",\"inLanguage\":\"fr-FR\",\"@id\":\"https:\/\/vosgesinfo.fr\/epinalinfo\/2025\/09\/run-2k-challenge-un-challenge-pour-tous\/#primaryimage\",\"url\":\"https:\/\/vosgesinfo.fr\/app\/uploads\/sites\/3\/2025\/09\/thumbnail-izfxrjfi6e3bvukb.png\",\"contentUrl\":\"https:\/\/vosgesinfo.fr\/app\/uploads\/sites\/3\/2025\/09\/thumbnail-izfxrjfi6e3bvukb.png\",\"width\":715,\"height\":1016},{\"@type\":\"BreadcrumbList\",\"@id\":\"https:\/\/vosgesinfo.fr\/epinalinfo\/2025\/09\/run-2k-challenge-un-challenge-pour-tous\/#breadcrumb\",\"itemListElement\":[{\"@type\":\"ListItem\",\"position\":1,\"name\":\"Home\",\"item\":\"https:\/\/vosgesinfo.fr\/epinalinfo\/\"},{\"@type\":\"ListItem\",\"position\":2,\"name\":\"Run 2K challenge &#8211; Un challenge pour tous !\"}]},{\"@type\":\"WebSite\",\"@id\":\"https:\/\/vosgesinfo.fr\/epinalinfo\/#website\",\"url\":\"https:\/\/vosgesinfo.fr\/epinalinfo\/\",\"name\":\"Epinal Info\",\"description\":\"Toute l&#039;actualit\u00e9 d&#039;\u00c9pinal\",\"publisher\":{\"@id\":\"https:\/\/vosgesinfo.fr\/epinalinfo\/#organization\"},\"alternateName\":\"Toute l'actualit\u00e9 d'\u00c9pinal\",\"potentialAction\":[{\"@type\":\"SearchAction\",\"target\":{\"@type\":\"EntryPoint\",\"urlTemplate\":\"https:\/\/vosgesinfo.fr\/epinalinfo\/?s={search_term_string}\"},\"query-input\":\"required name=search_term_string\"}],\"inLanguage\":\"fr-FR\"},{\"@type\":\"Organization\",\"@id\":\"https:\/\/vosgesinfo.fr\/epinalinfo\/#organization\",\"name\":\"Epinal Info\",\"url\":\"https:\/\/vosgesinfo.fr\/epinalinfo\/\",\"logo\":{\"@type\":\"ImageObject\",\"inLanguage\":\"fr-FR\",\"@id\":\"https:\/\/vosgesinfo.fr\/epinalinfo\/#\/schema\/logo\/image\/\",\"url\":\"https:\/\/vosgesinfo.fr\/app\/uploads\/sites\/3\/2023\/08\/logo-epinalinfos.svg\",\"contentUrl\":\"https:\/\/vosgesinfo.fr\/app\/uploads\/sites\/3\/2023\/08\/logo-epinalinfos.svg\",\"width\":1,\"height\":1,\"caption\":\"Epinal Info\"},\"image\":{\"@id\":\"https:\/\/vosgesinfo.fr\/epinalinfo\/#\/schema\/logo\/image\/\"},\"sameAs\":[\"https:\/\/www.facebook.com\/Epinalinfos\",\"https:\/\/x.com\/VosgesInfo88\",\"https:\/\/www.youtube.com\/@vosgesinfo\"]},{\"@type\":\"Person\",\"@id\":\"https:\/\/vosgesinfo.fr\/epinalinfo\/#\/schema\/person\/6f9a650eeea99d969b6c4ab78fccbe81\",\"name\":\"C.K.\",\"image\":{\"@type\":\"ImageObject\",\"inLanguage\":\"fr-FR\",\"@id\":\"https:\/\/vosgesinfo.fr\/epinalinfo\/#\/schema\/person\/image\/\",\"url\":\"https:\/\/secure.gravatar.com\/avatar\/48e3fc7f8421ba8942be6b74a2b7f014ca39bc00dece156b7a8e098ae7dc87bf?s=96&d=mm&r=g\",\"contentUrl\":\"https:\/\/secure.gravatar.com\/avatar\/48e3fc7f8421ba8942be6b74a2b7f014ca39bc00dece156b7a8e098ae7dc87bf?s=96&d=mm&r=g\",\"caption\":\"C.K.\"},\"url\":\"https:\/\/vosgesinfo.fr\/epinalinfo\/author\/celia-k-n\/\"}]}<\/script>\n<!-- \/ Yoast SEO plugin. -->","yoast_head_json":{"title":"Run 2K challenge - Un challenge pour tous ! - Epinal Info","robots":{"index":"index","follow":"follow","max-snippet":"max-snippet:-1","max-image-preview":"max-image-preview:large","max-video-preview":"max-video-preview:-1"},"canonical":"https:\/\/vosgesinfo.fr\/epinalinfo\/2025\/09\/run-2k-challenge-un-challenge-pour-tous\/","twitter_card":"summary_large_image","twitter_title":"Run 2K challenge - Un challenge pour tous ! - Epinal Info","twitter_description":"L&rsquo;Athl\u00e9 Vosges Pays d\u2019\u00c9pinal organise le Run 2K Challenge, un \u00e9v\u00e9nement sportif convivial et accessible \u00e0 toutes et tous, qui [&hellip;]","twitter_image":"https:\/\/vosgesinfo.fr\/app\/uploads\/sites\/3\/2025\/09\/thumbnail-izfxrjfi6e3bvukb.png","twitter_creator":"@VosgesInfo88","twitter_site":"@VosgesInfo88","twitter_misc":{"\u00c9crit par":"C.K.","Dur\u00e9e de lecture estim\u00e9e":"1 minute"},"schema":{"@context":"https:\/\/schema.org","@graph":[{"@type":"Article","@id":"https:\/\/vosgesinfo.fr\/epinalinfo\/2025\/09\/run-2k-challenge-un-challenge-pour-tous\/#article","isPartOf":{"@id":"https:\/\/vosgesinfo.fr\/epinalinfo\/2025\/09\/run-2k-challenge-un-challenge-pour-tous\/"},"author":{"name":"C.K.","@id":"https:\/\/vosgesinfo.fr\/epinalinfo\/#\/schema\/person\/6f9a650eeea99d969b6c4ab78fccbe81"},"headline":"Run 2K challenge &#8211; Un challenge pour tous !","datePublished":"2025-09-10T08:30:42+00:00","dateModified":"2025-09-10T08:20:18+00:00","mainEntityOfPage":{"@id":"https:\/\/vosgesinfo.fr\/epinalinfo\/2025\/09\/run-2k-challenge-un-challenge-pour-tous\/"},"wordCount":225,"commentCount":0,"publisher":{"@id":"https:\/\/vosgesinfo.fr\/epinalinfo\/#organization"},"image":{"@id":"https:\/\/vosgesinfo.fr\/epinalinfo\/2025\/09\/run-2k-challenge-un-challenge-pour-tous\/#primaryimage"},"thumbnailUrl":"https:\/\/vosgesinfo.fr\/app\/uploads\/sites\/3\/2025\/09\/thumbnail-izfxrjfi6e3bvukb.png","articleSection":["A la Une","Epinal"],"inLanguage":"fr-FR","potentialAction":[{"@type":"CommentAction","name":"Comment","target":["https:\/\/vosgesinfo.fr\/epinalinfo\/2025\/09\/run-2k-challenge-un-challenge-pour-tous\/#respond"]}]},{"@type":"WebPage","@id":"https:\/\/vosgesinfo.fr\/epinalinfo\/2025\/09\/run-2k-challenge-un-challenge-pour-tous\/","url":"https:\/\/vosgesinfo.fr\/epinalinfo\/2025\/09\/run-2k-challenge-un-challenge-pour-tous\/","name":"Run 2K challenge - Un challenge pour tous ! - Epinal Info","isPartOf":{"@id":"https:\/\/vosgesinfo.fr\/epinalinfo\/#website"},"primaryImageOfPage":{"@id":"https:\/\/vosgesinfo.fr\/epinalinfo\/2025\/09\/run-2k-challenge-un-challenge-pour-tous\/#primaryimage"},"image":{"@id":"https:\/\/vosgesinfo.fr\/epinalinfo\/2025\/09\/run-2k-challenge-un-challenge-pour-tous\/#primaryimage"},"thumbnailUrl":"https:\/\/vosgesinfo.fr\/app\/uploads\/sites\/3\/2025\/09\/thumbnail-izfxrjfi6e3bvukb.png","datePublished":"2025-09-10T08:30:42+00:00","dateModified":"2025-09-10T08:20:18+00:00","breadcrumb":{"@id":"https:\/\/vosgesinfo.fr\/epinalinfo\/2025\/09\/run-2k-challenge-un-challenge-pour-tous\/#breadcrumb"},"inLanguage":"fr-FR","potentialAction":[{"@type":"ReadAction","target":["https:\/\/vosgesinfo.fr\/epinalinfo\/2025\/09\/run-2k-challenge-un-challenge-pour-tous\/"]}]},{"@type":"ImageObject","inLanguage":"fr-FR","@id":"https:\/\/vosgesinfo.fr\/epinalinfo\/2025\/09\/run-2k-challenge-un-challenge-pour-tous\/#primaryimage","url":"https:\/\/vosgesinfo.fr\/app\/uploads\/sites\/3\/2025\/09\/thumbnail-izfxrjfi6e3bvukb.png","contentUrl":"https:\/\/vosgesinfo.fr\/app\/uploads\/sites\/3\/2025\/09\/thumbnail-izfxrjfi6e3bvukb.png","width":715,"height":1016},{"@type":"BreadcrumbList","@id":"https:\/\/vosgesinfo.fr\/epinalinfo\/2025\/09\/run-2k-challenge-un-challenge-pour-tous\/#breadcrumb","itemListElement":[{"@type":"ListItem","position":1,"name":"Home","item":"https:\/\/vosgesinfo.fr\/epinalinfo\/"},{"@type":"ListItem","position":2,"name":"Run 2K challenge &#8211; Un challenge pour tous !"}]},{"@type":"WebSite","@id":"https:\/\/vosgesinfo.fr\/epinalinfo\/#website","url":"https:\/\/vosgesinfo.fr\/epinalinfo\/","name":"Epinal Info","description":"Toute l&#039;actualit\u00e9 d&#039;\u00c9pinal","publisher":{"@id":"https:\/\/vosgesinfo.fr\/epinalinfo\/#organization"},"alternateName":"Toute l'actualit\u00e9 d'\u00c9pinal","potentialAction":[{"@type":"SearchAction","target":{"@type":"EntryPoint","urlTemplate":"https:\/\/vosgesinfo.fr\/epinalinfo\/?s={search_term_string}"},"query-input":"required name=search_term_string"}],"inLanguage":"fr-FR"},{"@type":"Organization","@id":"https:\/\/vosgesinfo.fr\/epinalinfo\/#organization","name":"Epinal Info","url":"https:\/\/vosgesinfo.fr\/epinalinfo\/","logo":{"@type":"ImageObject","inLanguage":"fr-FR","@id":"https:\/\/vosgesinfo.fr\/epinalinfo\/#\/schema\/logo\/image\/","url":"https:\/\/vosgesinfo.fr\/app\/uploads\/sites\/3\/2023\/08\/logo-epinalinfos.svg","contentUrl":"https:\/\/vosgesinfo.fr\/app\/uploads\/sites\/3\/2023\/08\/logo-epinalinfos.svg","width":1,"height":1,"caption":"Epinal Info"},"image":{"@id":"https:\/\/vosgesinfo.fr\/epinalinfo\/#\/schema\/logo\/image\/"},"sameAs":["https:\/\/www.facebook.com\/Epinalinfos","https:\/\/x.com\/VosgesInfo88","https:\/\/www.youtube.com\/@vosgesinfo"]},{"@type":"Person","@id":"https:\/\/vosgesinfo.fr\/epinalinfo\/#\/schema\/person\/6f9a650eeea99d969b6c4ab78fccbe81","name":"C.K.","image":{"@type":"ImageObject","inLanguage":"fr-FR","@id":"https:\/\/vosgesinfo.fr\/epinalinfo\/#\/schema\/person\/image\/","url":"https:\/\/secure.gravatar.com\/avatar\/48e3fc7f8421ba8942be6b74a2b7f014ca39bc00dece156b7a8e098ae7dc87bf?s=96&d=mm&r=g","contentUrl":"https:\/\/secure.gravatar.com\/avatar\/48e3fc7f8421ba8942be6b74a2b7f014ca39bc00dece156b7a8e098ae7dc87bf?s=96&d=mm&r=g","caption":"C.K."},"url":"https:\/\/vosgesinfo.fr\/epinalinfo\/author\/celia-k-n\/"}]}},"_links":{"self":[{"href":"https:\/\/vosgesinfo.fr\/epinalinfo\/wp-json\/wp\/v2\/posts\/135128","targetHints":{"allow":["GET"]}}],"collection":[{"href":"https:\/\/vosgesinfo.fr\/epinalinfo\/wp-json\/wp\/v2\/posts"}],"about":[{"href":"https:\/\/vosgesinfo.fr\/epinalinfo\/wp-json\/wp\/v2\/types\/post"}],"author":[{"embeddable":true,"href":"https:\/\/vosgesinfo.fr\/epinalinfo\/wp-json\/wp\/v2\/users\/52"}],"replies":[{"embeddable":true,"href":"https:\/\/vosgesinfo.fr\/epinalinfo\/wp-json\/wp\/v2\/comments?post=135128"}],"version-history":[{"count":1,"href":"https:\/\/vosgesinfo.fr\/epinalinfo\/wp-json\/wp\/v2\/posts\/135128\/revisions"}],"predecessor-version":[{"id":135130,"href":"https:\/\/vosgesinfo.fr\/epinalinfo\/wp-json\/wp\/v2\/posts\/135128\/revisions\/135130"}],"wp:featuredmedia":[{"embeddable":true,"href":"https:\/\/vosgesinfo.fr\/epinalinfo\/wp-json\/wp\/v2\/media\/135129"}],"wp:attachment":[{"href":"https:\/\/vosgesinfo.fr\/epinalinfo\/wp-json\/wp\/v2\/media?parent=135128"}],"wp:term":[{"taxonomy":"category","embeddable":true,"href":"https:\/\/vosgesinfo.fr\/epinalinfo\/wp-json\/wp\/v2\/categories?post=135128"},{"taxonomy":"post_tag","embeddable":true,"href":"https:\/\/vosgesinfo.fr\/epinalinfo\/wp-json\/wp\/v2\/tags?post=135128"}],"curies":[{"name":"wp","href":"https:\/\/api.w.org\/{rel}","templated":true}]}}