{"id":135132,"date":"2025-09-10T12:00:48","date_gmt":"2025-09-10T10:00:48","guid":{"rendered":"https:\/\/vosgesinfo.fr\/epinalinfo\/?p=135132"},"modified":"2025-09-10T11:51:42","modified_gmt":"2025-09-10T09:51:42","slug":"mobilisation-bloquons-tout-ralentissements-et-actions-symboliques-a-epinal","status":"publish","type":"post","link":"https:\/\/vosgesinfo.fr\/epinalinfo\/2025\/09\/mobilisation-bloquons-tout-ralentissements-et-actions-symboliques-a-epinal\/","title":{"rendered":"Mobilisation \u00ab\u00a0Bloquons tout\u00a0\u00bb : ralentissements et actions symboliques \u00e0 Epinal"},"content":{"rendered":"<div id=\"attachment_135143\" style=\"width: 1210px\" class=\"wp-caption aligncenter\"><a href=\"https:\/\/vosgesinfo.fr\/app\/uploads\/sites\/3\/2025\/09\/thumbnail-blocage-du-10-septembre-n3-photo-stephane-calmels.jpg\"><img decoding=\"async\" aria-describedby=\"caption-attachment-135143\" class=\"size-full wp-image-135143\" src=\"https:\/\/vosgesinfo.fr\/app\/uploads\/sites\/3\/2025\/09\/thumbnail-blocage-du-10-septembre-n3-photo-stephane-calmels.jpg\" alt=\"\" width=\"1200\" height=\"630\" srcset=\"https:\/\/vosgesinfo.fr\/app\/uploads\/sites\/3\/2025\/09\/thumbnail-blocage-du-10-septembre-n3-photo-stephane-calmels.jpg 1200w, https:\/\/vosgesinfo.fr\/app\/uploads\/sites\/3\/2025\/09\/thumbnail-blocage-du-10-septembre-n3-photo-stephane-calmels-300x158.jpg 300w, https:\/\/vosgesinfo.fr\/app\/uploads\/sites\/3\/2025\/09\/thumbnail-blocage-du-10-septembre-n3-photo-stephane-calmels-1024x538.jpg 1024w, https:\/\/vosgesinfo.fr\/app\/uploads\/sites\/3\/2025\/09\/thumbnail-blocage-du-10-septembre-n3-photo-stephane-calmels-768x403.jpg 768w\" sizes=\"(max-width: 1200px) 100vw, 1200px\" \/><\/a><p id=\"caption-attachment-135143\" class=\"wp-caption-text\">photos St\u00e9phane Calmels<\/p><\/div>\n<h2 data-start=\"172\" data-end=\"529\"><strong>Ce mercredi 10 septembre 2025, la journ\u00e9e nationale d\u2019action baptis\u00e9e \u00ab\u00a0Bloquons tout\u00a0\u00bb a eu des r\u00e9percussions limit\u00e9es dans les Vosges. Annonc\u00e9e depuis plusieurs semaines sur les r\u00e9seaux sociaux, notamment via des canaux Telegram tels que <em data-start=\"414\" data-end=\"430\">Indignons-nous<\/em>, la mobilisation entendait r\u00e9pondre aux annonces gouvernementales sur les \u00e9conomies budg\u00e9taires.<\/strong><\/h2>\n<h4 data-start=\"531\" data-end=\"574\">Des actions dispers\u00e9es mais visibles<\/h4>\n<p data-start=\"575\" data-end=\"1023\">Aux abords de la gare d\u2019\u00c9pinal, des ralentissements ont \u00e9t\u00e9 constat\u00e9s t\u00f4t le matin, en raison de la distribution de tracts par les manifestants aupr\u00e8s des automobilistes. Quelques personnes se sont \u00e9galement rassembl\u00e9es devant les locaux de <strong data-start=\"816\" data-end=\"834\">France Travail<\/strong> \u00e0 \u00c9pinal, d\u00e8s 9h.<br data-start=\"852\" data-end=\"855\" \/>Un autre point de rendez-vous s\u2019est tenu \u00e0 <strong data-start=\"898\" data-end=\"922\">Saint-Di\u00e9-des-Vosges<\/strong>, \u00e0 10h, au pied de la Tour de la Libert\u00e9, et un dernier \u00e0 <strong data-start=\"981\" data-end=\"995\">Remiremont<\/strong>, \u00e0 11h, pr\u00e8s de l\u2019Octroi.<\/p>\n<p data-start=\"1025\" data-end=\"1175\">Dans le secteur du <strong data-start=\"1044\" data-end=\"1056\">Syndicat<\/strong>, un barrage filtrant a \u00e9t\u00e9 mis en place au rond-point, mais il n\u2019a r\u00e9uni qu\u2019une poign\u00e9e de militants \u2013 cinq en tout.<\/p>\n<h4 data-start=\"1177\" data-end=\"1209\">Moyens d\u2019action multiples<\/h4>\n<p data-start=\"1210\" data-end=\"1524\">Le mouvement national appelait \u00e0 des formes vari\u00e9es de contestation : gr\u00e8ves, blocages, filtrages de la circulation, boycott de la consommation ou encore occupations de sites strat\u00e9giques. Dans les Vosges, l\u2019impact est rest\u00e9 limit\u00e9, mais la mobilisation s\u2019est n\u00e9anmoins mat\u00e9rialis\u00e9e par ces rassemblements \u00e9pars.<\/p>\n<h4 data-start=\"1526\" data-end=\"1559\">Perturbations ferroviaires<\/h4>\n<p data-start=\"1560\" data-end=\"1952\">C\u00f4t\u00e9 transports, la SNCF n\u2019annonce pas de cons\u00e9quences pour les liaisons TGV vers Paris. En revanche, le <strong data-start=\"1665\" data-end=\"1691\">r\u00e9seau TER en Lorraine<\/strong> subit des perturbations. Elles restent l\u00e9g\u00e8res entre Nancy et Metz, mais se font plus sentir sur les axes reliant Nancy \u00e0 Toul ou \u00e0 Saint-Di\u00e9-des-Vosges. Un plan de transport adapt\u00e9 a \u00e9t\u00e9 mis en ligne par l\u2019entreprise ferroviaire pour informer les voyageurs.<\/p>\n\n\t\t<style type=\"text\/css\">\n\t\t\t#gallery-1 {\n\t\t\t\tmargin: auto;\n\t\t\t}\n\t\t\t#gallery-1 .gallery-item {\n\t\t\t\tfloat: left;\n\t\t\t\tmargin-top: 10px;\n\t\t\t\ttext-align: center;\n\t\t\t\twidth: 33%;\n\t\t\t}\n\t\t\t#gallery-1 img {\n\t\t\t\tborder: 2px solid #cfcfcf;\n\t\t\t}\n\t\t\t#gallery-1 .gallery-caption {\n\t\t\t\tmargin-left: 0;\n\t\t\t}\n\t\t\t\/* see gallery_shortcode() in wp-includes\/media.php *\/\n\t\t<\/style>\n\t\t<div id='gallery-1' class='gallery galleryid-135132 gallery-columns-3 gallery-size-large'><dl class='gallery-item'>\n\t\t\t<dt class='gallery-icon landscape'>\n\t\t\t\t<a href='https:\/\/vosgesinfo.fr\/app\/uploads\/sites\/3\/2025\/09\/thumbnail-blocage-du-10-septembre-n6-photo-stephane-calmels.jpg'><img decoding=\"async\" width=\"1024\" height=\"538\" src=\"https:\/\/vosgesinfo.fr\/app\/uploads\/sites\/3\/2025\/09\/thumbnail-blocage-du-10-septembre-n6-photo-stephane-calmels-1024x538.jpg\" class=\"attachment-large size-large\" alt=\"\" aria-describedby=\"gallery-1-135144\" srcset=\"https:\/\/vosgesinfo.fr\/app\/uploads\/sites\/3\/2025\/09\/thumbnail-blocage-du-10-septembre-n6-photo-stephane-calmels-1024x538.jpg 1024w, https:\/\/vosgesinfo.fr\/app\/uploads\/sites\/3\/2025\/09\/thumbnail-blocage-du-10-septembre-n6-photo-stephane-calmels-300x158.jpg 300w, https:\/\/vosgesinfo.fr\/app\/uploads\/sites\/3\/2025\/09\/thumbnail-blocage-du-10-septembre-n6-photo-stephane-calmels-768x403.jpg 768w, https:\/\/vosgesinfo.fr\/app\/uploads\/sites\/3\/2025\/09\/thumbnail-blocage-du-10-septembre-n6-photo-stephane-calmels.jpg 1200w\" sizes=\"(max-width: 1024px) 100vw, 1024px\" \/><\/a>\n\t\t\t<\/dt>\n\t\t\t\t<dd class='wp-caption-text gallery-caption' id='gallery-1-135144'>\n\t\t\t\tphotos St\u00e9phane Calmels \n\t\t\t\t<\/dd><\/dl><dl class='gallery-item'>\n\t\t\t<dt class='gallery-icon landscape'>\n\t\t\t\t<a href='https:\/\/vosgesinfo.fr\/app\/uploads\/sites\/3\/2025\/09\/thumbnail-blocage-du-10-septembre-n1-photo-stephane-calmels.jpg'><img decoding=\"async\" width=\"1024\" height=\"538\" src=\"https:\/\/vosgesinfo.fr\/app\/uploads\/sites\/3\/2025\/09\/thumbnail-blocage-du-10-septembre-n1-photo-stephane-calmels-1024x538.jpg\" class=\"attachment-large size-large\" alt=\"\" aria-describedby=\"gallery-1-135145\" srcset=\"https:\/\/vosgesinfo.fr\/app\/uploads\/sites\/3\/2025\/09\/thumbnail-blocage-du-10-septembre-n1-photo-stephane-calmels-1024x538.jpg 1024w, https:\/\/vosgesinfo.fr\/app\/uploads\/sites\/3\/2025\/09\/thumbnail-blocage-du-10-septembre-n1-photo-stephane-calmels-300x158.jpg 300w, https:\/\/vosgesinfo.fr\/app\/uploads\/sites\/3\/2025\/09\/thumbnail-blocage-du-10-septembre-n1-photo-stephane-calmels-768x403.jpg 768w, https:\/\/vosgesinfo.fr\/app\/uploads\/sites\/3\/2025\/09\/thumbnail-blocage-du-10-septembre-n1-photo-stephane-calmels.jpg 1200w\" sizes=\"(max-width: 1024px) 100vw, 1024px\" \/><\/a>\n\t\t\t<\/dt>\n\t\t\t\t<dd class='wp-caption-text gallery-caption' id='gallery-1-135145'>\n\t\t\t\tphotos St\u00e9phane Calmels \n\t\t\t\t<\/dd><\/dl><dl class='gallery-item'>\n\t\t\t<dt class='gallery-icon landscape'>\n\t\t\t\t<a href='https:\/\/vosgesinfo.fr\/app\/uploads\/sites\/3\/2025\/09\/thumbnail-blocage-du-10-septembre-n2-photo-stephane-calmels.jpg'><img decoding=\"async\" width=\"1024\" height=\"538\" src=\"https:\/\/vosgesinfo.fr\/app\/uploads\/sites\/3\/2025\/09\/thumbnail-blocage-du-10-septembre-n2-photo-stephane-calmels-1024x538.jpg\" class=\"attachment-large size-large\" alt=\"\" aria-describedby=\"gallery-1-135146\" srcset=\"https:\/\/vosgesinfo.fr\/app\/uploads\/sites\/3\/2025\/09\/thumbnail-blocage-du-10-septembre-n2-photo-stephane-calmels-1024x538.jpg 1024w, https:\/\/vosgesinfo.fr\/app\/uploads\/sites\/3\/2025\/09\/thumbnail-blocage-du-10-septembre-n2-photo-stephane-calmels-300x158.jpg 300w, https:\/\/vosgesinfo.fr\/app\/uploads\/sites\/3\/2025\/09\/thumbnail-blocage-du-10-septembre-n2-photo-stephane-calmels-768x403.jpg 768w, https:\/\/vosgesinfo.fr\/app\/uploads\/sites\/3\/2025\/09\/thumbnail-blocage-du-10-septembre-n2-photo-stephane-calmels.jpg 1200w\" sizes=\"(max-width: 1024px) 100vw, 1024px\" \/><\/a>\n\t\t\t<\/dt>\n\t\t\t\t<dd class='wp-caption-text gallery-caption' id='gallery-1-135146'>\n\t\t\t\tphotos St\u00e9phane Calmels \n\t\t\t\t<\/dd><\/dl><br style=\"clear: both\" \/><dl class='gallery-item'>\n\t\t\t<dt class='gallery-icon landscape'>\n\t\t\t\t<a href='https:\/\/vosgesinfo.fr\/app\/uploads\/sites\/3\/2025\/09\/thumbnail-blocage-du-10-septembre-n4-photo-stephane-calmels.jpg'><img decoding=\"async\" width=\"1024\" height=\"538\" src=\"https:\/\/vosgesinfo.fr\/app\/uploads\/sites\/3\/2025\/09\/thumbnail-blocage-du-10-septembre-n4-photo-stephane-calmels-1024x538.jpg\" class=\"attachment-large size-large\" alt=\"\" aria-describedby=\"gallery-1-135147\" srcset=\"https:\/\/vosgesinfo.fr\/app\/uploads\/sites\/3\/2025\/09\/thumbnail-blocage-du-10-septembre-n4-photo-stephane-calmels-1024x538.jpg 1024w, https:\/\/vosgesinfo.fr\/app\/uploads\/sites\/3\/2025\/09\/thumbnail-blocage-du-10-septembre-n4-photo-stephane-calmels-300x158.jpg 300w, https:\/\/vosgesinfo.fr\/app\/uploads\/sites\/3\/2025\/09\/thumbnail-blocage-du-10-septembre-n4-photo-stephane-calmels-768x403.jpg 768w, https:\/\/vosgesinfo.fr\/app\/uploads\/sites\/3\/2025\/09\/thumbnail-blocage-du-10-septembre-n4-photo-stephane-calmels.jpg 1200w\" sizes=\"(max-width: 1024px) 100vw, 1024px\" \/><\/a>\n\t\t\t<\/dt>\n\t\t\t\t<dd class='wp-caption-text gallery-caption' id='gallery-1-135147'>\n\t\t\t\tphotos St\u00e9phane Calmels \n\t\t\t\t<\/dd><\/dl><dl class='gallery-item'>\n\t\t\t<dt class='gallery-icon landscape'>\n\t\t\t\t<a href='https:\/\/vosgesinfo.fr\/app\/uploads\/sites\/3\/2025\/09\/thumbnail-blocage-du-10-septembre-n5-photo-stephane-calmels.jpg'><img decoding=\"async\" width=\"1024\" height=\"538\" src=\"https:\/\/vosgesinfo.fr\/app\/uploads\/sites\/3\/2025\/09\/thumbnail-blocage-du-10-septembre-n5-photo-stephane-calmels-1024x538.jpg\" class=\"attachment-large size-large\" alt=\"\" aria-describedby=\"gallery-1-135148\" srcset=\"https:\/\/vosgesinfo.fr\/app\/uploads\/sites\/3\/2025\/09\/thumbnail-blocage-du-10-septembre-n5-photo-stephane-calmels-1024x538.jpg 1024w, https:\/\/vosgesinfo.fr\/app\/uploads\/sites\/3\/2025\/09\/thumbnail-blocage-du-10-septembre-n5-photo-stephane-calmels-300x158.jpg 300w, https:\/\/vosgesinfo.fr\/app\/uploads\/sites\/3\/2025\/09\/thumbnail-blocage-du-10-septembre-n5-photo-stephane-calmels-768x403.jpg 768w, https:\/\/vosgesinfo.fr\/app\/uploads\/sites\/3\/2025\/09\/thumbnail-blocage-du-10-septembre-n5-photo-stephane-calmels.jpg 1200w\" sizes=\"(max-width: 1024px) 100vw, 1024px\" \/><\/a>\n\t\t\t<\/dt>\n\t\t\t\t<dd class='wp-caption-text gallery-caption' id='gallery-1-135148'>\n\t\t\t\tphotos St\u00e9phane Calmels \n\t\t\t\t<\/dd><\/dl>\n\t\t\t<br style='clear: both' \/>\n\t\t<\/div>\n\n","protected":false},"excerpt":{"rendered":"<p>Ce mercredi 10 septembre 2025, la journ\u00e9e nationale d\u2019action baptis\u00e9e \u00ab\u00a0Bloquons tout\u00a0\u00bb a eu des r\u00e9percussions limit\u00e9es dans les Vosges. [&hellip;]<\/p>\n","protected":false},"author":52,"featured_media":135142,"comment_status":"open","ping_status":"open","sticky":false,"template":"","format":"standard","meta":{"footnotes":""},"categories":[22,24,6055,5],"tags":[70,17010,75],"class_list":["post-135132","post","type-post","status-publish","format-standard","has-post-thumbnail","hentry","category-a-la-une","category-epinal","category-remiremont","category-vosges","tag-epinal","tag-mobilisation-bloquons-tout","tag-vosges"],"acf":[],"yoast_head":"<!-- This site is optimized with the Yoast SEO plugin v22.5 - https:\/\/yoast.com\/wordpress\/plugins\/seo\/ -->\n<title>Mobilisation &quot;Bloquons tout&quot; : ralentissements et actions symboliques \u00e0 Epinal - Epinal Info<\/title>\n<meta name=\"robots\" content=\"index, follow, max-snippet:-1, max-image-preview:large, max-video-preview:-1\" \/>\n<link rel=\"canonical\" href=\"https:\/\/vosgesinfo.fr\/epinalinfo\/2025\/09\/mobilisation-bloquons-tout-ralentissements-et-actions-symboliques-a-epinal\/\" \/>\n<meta name=\"twitter:card\" content=\"summary_large_image\" \/>\n<meta name=\"twitter:title\" content=\"Mobilisation &quot;Bloquons tout&quot; : ralentissements et actions symboliques \u00e0 Epinal - Epinal Info\" \/>\n<meta name=\"twitter:description\" content=\"Ce mercredi 10 septembre 2025, la journ\u00e9e nationale d\u2019action baptis\u00e9e \u00ab\u00a0Bloquons tout\u00a0\u00bb a eu des r\u00e9percussions limit\u00e9es dans les Vosges. [&hellip;]\" \/>\n<meta name=\"twitter:image\" content=\"https:\/\/vosgesinfo.fr\/app\/uploads\/sites\/3\/2025\/09\/capture-decran-2025-09-10-114926.png\" \/>\n<meta name=\"twitter:creator\" content=\"@VosgesInfo88\" \/>\n<meta name=\"twitter:site\" content=\"@VosgesInfo88\" \/>\n<meta name=\"twitter:label1\" content=\"\u00c9crit par\" \/>\n\t<meta name=\"twitter:data1\" content=\"C.K.\" \/>\n\t<meta name=\"twitter:label2\" content=\"Dur\u00e9e de lecture estim\u00e9e\" \/>\n\t<meta name=\"twitter:data2\" content=\"2 minutes\" \/>\n<script type=\"application\/ld+json\" class=\"yoast-schema-graph\">{\"@context\":\"https:\/\/schema.org\",\"@graph\":[{\"@type\":\"Article\",\"@id\":\"https:\/\/vosgesinfo.fr\/epinalinfo\/2025\/09\/mobilisation-bloquons-tout-ralentissements-et-actions-symboliques-a-epinal\/#article\",\"isPartOf\":{\"@id\":\"https:\/\/vosgesinfo.fr\/epinalinfo\/2025\/09\/mobilisation-bloquons-tout-ralentissements-et-actions-symboliques-a-epinal\/\"},\"author\":{\"name\":\"C.K.\",\"@id\":\"https:\/\/vosgesinfo.fr\/epinalinfo\/#\/schema\/person\/6f9a650eeea99d969b6c4ab78fccbe81\"},\"headline\":\"Mobilisation \u00ab\u00a0Bloquons tout\u00a0\u00bb : ralentissements et actions symboliques \u00e0 Epinal\",\"datePublished\":\"2025-09-10T10:00:48+00:00\",\"dateModified\":\"2025-09-10T09:51:42+00:00\",\"mainEntityOfPage\":{\"@id\":\"https:\/\/vosgesinfo.fr\/epinalinfo\/2025\/09\/mobilisation-bloquons-tout-ralentissements-et-actions-symboliques-a-epinal\/\"},\"wordCount\":317,\"commentCount\":4,\"publisher\":{\"@id\":\"https:\/\/vosgesinfo.fr\/epinalinfo\/#organization\"},\"image\":{\"@id\":\"https:\/\/vosgesinfo.fr\/epinalinfo\/2025\/09\/mobilisation-bloquons-tout-ralentissements-et-actions-symboliques-a-epinal\/#primaryimage\"},\"thumbnailUrl\":\"https:\/\/vosgesinfo.fr\/app\/uploads\/sites\/3\/2025\/09\/capture-decran-2025-09-10-114926.png\",\"keywords\":[\"Epinal\",\"Mobilisation \\\"Bloquons tout\\\"\",\"vosges\"],\"articleSection\":[\"A la Une\",\"Epinal\",\"Remiremont\",\"Vosges\"],\"inLanguage\":\"fr-FR\",\"potentialAction\":[{\"@type\":\"CommentAction\",\"name\":\"Comment\",\"target\":[\"https:\/\/vosgesinfo.fr\/epinalinfo\/2025\/09\/mobilisation-bloquons-tout-ralentissements-et-actions-symboliques-a-epinal\/#respond\"]}]},{\"@type\":\"WebPage\",\"@id\":\"https:\/\/vosgesinfo.fr\/epinalinfo\/2025\/09\/mobilisation-bloquons-tout-ralentissements-et-actions-symboliques-a-epinal\/\",\"url\":\"https:\/\/vosgesinfo.fr\/epinalinfo\/2025\/09\/mobilisation-bloquons-tout-ralentissements-et-actions-symboliques-a-epinal\/\",\"name\":\"Mobilisation \\\"Bloquons tout\\\" : ralentissements et actions symboliques \u00e0 Epinal - Epinal Info\",\"isPartOf\":{\"@id\":\"https:\/\/vosgesinfo.fr\/epinalinfo\/#website\"},\"primaryImageOfPage\":{\"@id\":\"https:\/\/vosgesinfo.fr\/epinalinfo\/2025\/09\/mobilisation-bloquons-tout-ralentissements-et-actions-symboliques-a-epinal\/#primaryimage\"},\"image\":{\"@id\":\"https:\/\/vosgesinfo.fr\/epinalinfo\/2025\/09\/mobilisation-bloquons-tout-ralentissements-et-actions-symboliques-a-epinal\/#primaryimage\"},\"thumbnailUrl\":\"https:\/\/vosgesinfo.fr\/app\/uploads\/sites\/3\/2025\/09\/capture-decran-2025-09-10-114926.png\",\"datePublished\":\"2025-09-10T10:00:48+00:00\",\"dateModified\":\"2025-09-10T09:51:42+00:00\",\"breadcrumb\":{\"@id\":\"https:\/\/vosgesinfo.fr\/epinalinfo\/2025\/09\/mobilisation-bloquons-tout-ralentissements-et-actions-symboliques-a-epinal\/#breadcrumb\"},\"inLanguage\":\"fr-FR\",\"potentialAction\":[{\"@type\":\"ReadAction\",\"target\":[\"https:\/\/vosgesinfo.fr\/epinalinfo\/2025\/09\/mobilisation-bloquons-tout-ralentissements-et-actions-symboliques-a-epinal\/\"]}]},{\"@type\":\"ImageObject\",\"inLanguage\":\"fr-FR\",\"@id\":\"https:\/\/vosgesinfo.fr\/epinalinfo\/2025\/09\/mobilisation-bloquons-tout-ralentissements-et-actions-symboliques-a-epinal\/#primaryimage\",\"url\":\"https:\/\/vosgesinfo.fr\/app\/uploads\/sites\/3\/2025\/09\/capture-decran-2025-09-10-114926.png\",\"contentUrl\":\"https:\/\/vosgesinfo.fr\/app\/uploads\/sites\/3\/2025\/09\/capture-decran-2025-09-10-114926.png\",\"width\":1011,\"height\":620},{\"@type\":\"BreadcrumbList\",\"@id\":\"https:\/\/vosgesinfo.fr\/epinalinfo\/2025\/09\/mobilisation-bloquons-tout-ralentissements-et-actions-symboliques-a-epinal\/#breadcrumb\",\"itemListElement\":[{\"@type\":\"ListItem\",\"position\":1,\"name\":\"Home\",\"item\":\"https:\/\/vosgesinfo.fr\/epinalinfo\/\"},{\"@type\":\"ListItem\",\"position\":2,\"name\":\"Mobilisation \u00ab\u00a0Bloquons tout\u00a0\u00bb : ralentissements et actions symboliques \u00e0 Epinal\"}]},{\"@type\":\"WebSite\",\"@id\":\"https:\/\/vosgesinfo.fr\/epinalinfo\/#website\",\"url\":\"https:\/\/vosgesinfo.fr\/epinalinfo\/\",\"name\":\"Epinal Info\",\"description\":\"Toute l&#039;actualit\u00e9 d&#039;\u00c9pinal\",\"publisher\":{\"@id\":\"https:\/\/vosgesinfo.fr\/epinalinfo\/#organization\"},\"alternateName\":\"Toute l'actualit\u00e9 d'\u00c9pinal\",\"potentialAction\":[{\"@type\":\"SearchAction\",\"target\":{\"@type\":\"EntryPoint\",\"urlTemplate\":\"https:\/\/vosgesinfo.fr\/epinalinfo\/?s={search_term_string}\"},\"query-input\":\"required name=search_term_string\"}],\"inLanguage\":\"fr-FR\"},{\"@type\":\"Organization\",\"@id\":\"https:\/\/vosgesinfo.fr\/epinalinfo\/#organization\",\"name\":\"Epinal Info\",\"url\":\"https:\/\/vosgesinfo.fr\/epinalinfo\/\",\"logo\":{\"@type\":\"ImageObject\",\"inLanguage\":\"fr-FR\",\"@id\":\"https:\/\/vosgesinfo.fr\/epinalinfo\/#\/schema\/logo\/image\/\",\"url\":\"https:\/\/vosgesinfo.fr\/app\/uploads\/sites\/3\/2023\/08\/logo-epinalinfos.svg\",\"contentUrl\":\"https:\/\/vosgesinfo.fr\/app\/uploads\/sites\/3\/2023\/08\/logo-epinalinfos.svg\",\"width\":1,\"height\":1,\"caption\":\"Epinal Info\"},\"image\":{\"@id\":\"https:\/\/vosgesinfo.fr\/epinalinfo\/#\/schema\/logo\/image\/\"},\"sameAs\":[\"https:\/\/www.facebook.com\/Epinalinfos\",\"https:\/\/x.com\/VosgesInfo88\",\"https:\/\/www.youtube.com\/@vosgesinfo\"]},{\"@type\":\"Person\",\"@id\":\"https:\/\/vosgesinfo.fr\/epinalinfo\/#\/schema\/person\/6f9a650eeea99d969b6c4ab78fccbe81\",\"name\":\"C.K.\",\"image\":{\"@type\":\"ImageObject\",\"inLanguage\":\"fr-FR\",\"@id\":\"https:\/\/vosgesinfo.fr\/epinalinfo\/#\/schema\/person\/image\/\",\"url\":\"https:\/\/secure.gravatar.com\/avatar\/48e3fc7f8421ba8942be6b74a2b7f014ca39bc00dece156b7a8e098ae7dc87bf?s=96&d=mm&r=g\",\"contentUrl\":\"https:\/\/secure.gravatar.com\/avatar\/48e3fc7f8421ba8942be6b74a2b7f014ca39bc00dece156b7a8e098ae7dc87bf?s=96&d=mm&r=g\",\"caption\":\"C.K.\"},\"url\":\"https:\/\/vosgesinfo.fr\/epinalinfo\/author\/celia-k-n\/\"}]}<\/script>\n<!-- \/ Yoast SEO plugin. -->","yoast_head_json":{"title":"Mobilisation \"Bloquons tout\" : ralentissements et actions symboliques \u00e0 Epinal - Epinal Info","robots":{"index":"index","follow":"follow","max-snippet":"max-snippet:-1","max-image-preview":"max-image-preview:large","max-video-preview":"max-video-preview:-1"},"canonical":"https:\/\/vosgesinfo.fr\/epinalinfo\/2025\/09\/mobilisation-bloquons-tout-ralentissements-et-actions-symboliques-a-epinal\/","twitter_card":"summary_large_image","twitter_title":"Mobilisation \"Bloquons tout\" : ralentissements et actions symboliques \u00e0 Epinal - Epinal Info","twitter_description":"Ce mercredi 10 septembre 2025, la journ\u00e9e nationale d\u2019action baptis\u00e9e \u00ab\u00a0Bloquons tout\u00a0\u00bb a eu des r\u00e9percussions limit\u00e9es dans les Vosges. [&hellip;]","twitter_image":"https:\/\/vosgesinfo.fr\/app\/uploads\/sites\/3\/2025\/09\/capture-decran-2025-09-10-114926.png","twitter_creator":"@VosgesInfo88","twitter_site":"@VosgesInfo88","twitter_misc":{"\u00c9crit par":"C.K.","Dur\u00e9e de lecture estim\u00e9e":"2 minutes"},"schema":{"@context":"https:\/\/schema.org","@graph":[{"@type":"Article","@id":"https:\/\/vosgesinfo.fr\/epinalinfo\/2025\/09\/mobilisation-bloquons-tout-ralentissements-et-actions-symboliques-a-epinal\/#article","isPartOf":{"@id":"https:\/\/vosgesinfo.fr\/epinalinfo\/2025\/09\/mobilisation-bloquons-tout-ralentissements-et-actions-symboliques-a-epinal\/"},"author":{"name":"C.K.","@id":"https:\/\/vosgesinfo.fr\/epinalinfo\/#\/schema\/person\/6f9a650eeea99d969b6c4ab78fccbe81"},"headline":"Mobilisation \u00ab\u00a0Bloquons tout\u00a0\u00bb : ralentissements et actions symboliques \u00e0 Epinal","datePublished":"2025-09-10T10:00:48+00:00","dateModified":"2025-09-10T09:51:42+00:00","mainEntityOfPage":{"@id":"https:\/\/vosgesinfo.fr\/epinalinfo\/2025\/09\/mobilisation-bloquons-tout-ralentissements-et-actions-symboliques-a-epinal\/"},"wordCount":317,"commentCount":4,"publisher":{"@id":"https:\/\/vosgesinfo.fr\/epinalinfo\/#organization"},"image":{"@id":"https:\/\/vosgesinfo.fr\/epinalinfo\/2025\/09\/mobilisation-bloquons-tout-ralentissements-et-actions-symboliques-a-epinal\/#primaryimage"},"thumbnailUrl":"https:\/\/vosgesinfo.fr\/app\/uploads\/sites\/3\/2025\/09\/capture-decran-2025-09-10-114926.png","keywords":["Epinal","Mobilisation \"Bloquons tout\"","vosges"],"articleSection":["A la Une","Epinal","Remiremont","Vosges"],"inLanguage":"fr-FR","potentialAction":[{"@type":"CommentAction","name":"Comment","target":["https:\/\/vosgesinfo.fr\/epinalinfo\/2025\/09\/mobilisation-bloquons-tout-ralentissements-et-actions-symboliques-a-epinal\/#respond"]}]},{"@type":"WebPage","@id":"https:\/\/vosgesinfo.fr\/epinalinfo\/2025\/09\/mobilisation-bloquons-tout-ralentissements-et-actions-symboliques-a-epinal\/","url":"https:\/\/vosgesinfo.fr\/epinalinfo\/2025\/09\/mobilisation-bloquons-tout-ralentissements-et-actions-symboliques-a-epinal\/","name":"Mobilisation \"Bloquons tout\" : ralentissements et actions symboliques \u00e0 Epinal - Epinal Info","isPartOf":{"@id":"https:\/\/vosgesinfo.fr\/epinalinfo\/#website"},"primaryImageOfPage":{"@id":"https:\/\/vosgesinfo.fr\/epinalinfo\/2025\/09\/mobilisation-bloquons-tout-ralentissements-et-actions-symboliques-a-epinal\/#primaryimage"},"image":{"@id":"https:\/\/vosgesinfo.fr\/epinalinfo\/2025\/09\/mobilisation-bloquons-tout-ralentissements-et-actions-symboliques-a-epinal\/#primaryimage"},"thumbnailUrl":"https:\/\/vosgesinfo.fr\/app\/uploads\/sites\/3\/2025\/09\/capture-decran-2025-09-10-114926.png","datePublished":"2025-09-10T10:00:48+00:00","dateModified":"2025-09-10T09:51:42+00:00","breadcrumb":{"@id":"https:\/\/vosgesinfo.fr\/epinalinfo\/2025\/09\/mobilisation-bloquons-tout-ralentissements-et-actions-symboliques-a-epinal\/#breadcrumb"},"inLanguage":"fr-FR","potentialAction":[{"@type":"ReadAction","target":["https:\/\/vosgesinfo.fr\/epinalinfo\/2025\/09\/mobilisation-bloquons-tout-ralentissements-et-actions-symboliques-a-epinal\/"]}]},{"@type":"ImageObject","inLanguage":"fr-FR","@id":"https:\/\/vosgesinfo.fr\/epinalinfo\/2025\/09\/mobilisation-bloquons-tout-ralentissements-et-actions-symboliques-a-epinal\/#primaryimage","url":"https:\/\/vosgesinfo.fr\/app\/uploads\/sites\/3\/2025\/09\/capture-decran-2025-09-10-114926.png","contentUrl":"https:\/\/vosgesinfo.fr\/app\/uploads\/sites\/3\/2025\/09\/capture-decran-2025-09-10-114926.png","width":1011,"height":620},{"@type":"BreadcrumbList","@id":"https:\/\/vosgesinfo.fr\/epinalinfo\/2025\/09\/mobilisation-bloquons-tout-ralentissements-et-actions-symboliques-a-epinal\/#breadcrumb","itemListElement":[{"@type":"ListItem","position":1,"name":"Home","item":"https:\/\/vosgesinfo.fr\/epinalinfo\/"},{"@type":"ListItem","position":2,"name":"Mobilisation \u00ab\u00a0Bloquons tout\u00a0\u00bb : ralentissements et actions symboliques \u00e0 Epinal"}]},{"@type":"WebSite","@id":"https:\/\/vosgesinfo.fr\/epinalinfo\/#website","url":"https:\/\/vosgesinfo.fr\/epinalinfo\/","name":"Epinal Info","description":"Toute l&#039;actualit\u00e9 d&#039;\u00c9pinal","publisher":{"@id":"https:\/\/vosgesinfo.fr\/epinalinfo\/#organization"},"alternateName":"Toute l'actualit\u00e9 d'\u00c9pinal","potentialAction":[{"@type":"SearchAction","target":{"@type":"EntryPoint","urlTemplate":"https:\/\/vosgesinfo.fr\/epinalinfo\/?s={search_term_string}"},"query-input":"required name=search_term_string"}],"inLanguage":"fr-FR"},{"@type":"Organization","@id":"https:\/\/vosgesinfo.fr\/epinalinfo\/#organization","name":"Epinal Info","url":"https:\/\/vosgesinfo.fr\/epinalinfo\/","logo":{"@type":"ImageObject","inLanguage":"fr-FR","@id":"https:\/\/vosgesinfo.fr\/epinalinfo\/#\/schema\/logo\/image\/","url":"https:\/\/vosgesinfo.fr\/app\/uploads\/sites\/3\/2023\/08\/logo-epinalinfos.svg","contentUrl":"https:\/\/vosgesinfo.fr\/app\/uploads\/sites\/3\/2023\/08\/logo-epinalinfos.svg","width":1,"height":1,"caption":"Epinal Info"},"image":{"@id":"https:\/\/vosgesinfo.fr\/epinalinfo\/#\/schema\/logo\/image\/"},"sameAs":["https:\/\/www.facebook.com\/Epinalinfos","https:\/\/x.com\/VosgesInfo88","https:\/\/www.youtube.com\/@vosgesinfo"]},{"@type":"Person","@id":"https:\/\/vosgesinfo.fr\/epinalinfo\/#\/schema\/person\/6f9a650eeea99d969b6c4ab78fccbe81","name":"C.K.","image":{"@type":"ImageObject","inLanguage":"fr-FR","@id":"https:\/\/vosgesinfo.fr\/epinalinfo\/#\/schema\/person\/image\/","url":"https:\/\/secure.gravatar.com\/avatar\/48e3fc7f8421ba8942be6b74a2b7f014ca39bc00dece156b7a8e098ae7dc87bf?s=96&d=mm&r=g","contentUrl":"https:\/\/secure.gravatar.com\/avatar\/48e3fc7f8421ba8942be6b74a2b7f014ca39bc00dece156b7a8e098ae7dc87bf?s=96&d=mm&r=g","caption":"C.K."},"url":"https:\/\/vosgesinfo.fr\/epinalinfo\/author\/celia-k-n\/"}]}},"_links":{"self":[{"href":"https:\/\/vosgesinfo.fr\/epinalinfo\/wp-json\/wp\/v2\/posts\/135132","targetHints":{"allow":["GET"]}}],"collection":[{"href":"https:\/\/vosgesinfo.fr\/epinalinfo\/wp-json\/wp\/v2\/posts"}],"about":[{"href":"https:\/\/vosgesinfo.fr\/epinalinfo\/wp-json\/wp\/v2\/types\/post"}],"author":[{"embeddable":true,"href":"https:\/\/vosgesinfo.fr\/epinalinfo\/wp-json\/wp\/v2\/users\/52"}],"replies":[{"embeddable":true,"href":"https:\/\/vosgesinfo.fr\/epinalinfo\/wp-json\/wp\/v2\/comments?post=135132"}],"version-history":[{"count":2,"href":"https:\/\/vosgesinfo.fr\/epinalinfo\/wp-json\/wp\/v2\/posts\/135132\/revisions"}],"predecessor-version":[{"id":135149,"href":"https:\/\/vosgesinfo.fr\/epinalinfo\/wp-json\/wp\/v2\/posts\/135132\/revisions\/135149"}],"wp:featuredmedia":[{"embeddable":true,"href":"https:\/\/vosgesinfo.fr\/epinalinfo\/wp-json\/wp\/v2\/media\/135142"}],"wp:attachment":[{"href":"https:\/\/vosgesinfo.fr\/epinalinfo\/wp-json\/wp\/v2\/media?parent=135132"}],"wp:term":[{"taxonomy":"category","embeddable":true,"href":"https:\/\/vosgesinfo.fr\/epinalinfo\/wp-json\/wp\/v2\/categories?post=135132"},{"taxonomy":"post_tag","embeddable":true,"href":"https:\/\/vosgesinfo.fr\/epinalinfo\/wp-json\/wp\/v2\/tags?post=135132"}],"curies":[{"name":"wp","href":"https:\/\/api.w.org\/{rel}","templated":true}]}}