{"id":135150,"date":"2025-09-10T19:05:09","date_gmt":"2025-09-10T17:05:09","guid":{"rendered":"https:\/\/vosgesinfo.fr\/epinalinfo\/?p=135150"},"modified":"2025-09-10T18:57:21","modified_gmt":"2025-09-10T16:57:21","slug":"epinal-la-mobilisation-bloquons-tout-rassemble-plusieurs-centaines-de-manifestants","status":"publish","type":"post","link":"https:\/\/vosgesinfo.fr\/epinalinfo\/2025\/09\/epinal-la-mobilisation-bloquons-tout-rassemble-plusieurs-centaines-de-manifestants\/","title":{"rendered":"\u00c9pinal : la mobilisation \u00ab Bloquons Tout \u00bb rassemble plusieurs centaines de manifestants"},"content":{"rendered":"<div id=\"attachment_135152\" style=\"width: 1210px\" class=\"wp-caption aligncenter\"><a href=\"https:\/\/vosgesinfo.fr\/app\/uploads\/sites\/3\/2025\/09\/thumbnail-blocage-du-10-septembre-defile-n3-photo-stephane-calmels.jpg\"><img decoding=\"async\" aria-describedby=\"caption-attachment-135152\" class=\"size-full wp-image-135152\" src=\"https:\/\/vosgesinfo.fr\/app\/uploads\/sites\/3\/2025\/09\/thumbnail-blocage-du-10-septembre-defile-n3-photo-stephane-calmels.jpg\" alt=\"\" width=\"1200\" height=\"630\" srcset=\"https:\/\/vosgesinfo.fr\/app\/uploads\/sites\/3\/2025\/09\/thumbnail-blocage-du-10-septembre-defile-n3-photo-stephane-calmels.jpg 1200w, https:\/\/vosgesinfo.fr\/app\/uploads\/sites\/3\/2025\/09\/thumbnail-blocage-du-10-septembre-defile-n3-photo-stephane-calmels-300x158.jpg 300w, https:\/\/vosgesinfo.fr\/app\/uploads\/sites\/3\/2025\/09\/thumbnail-blocage-du-10-septembre-defile-n3-photo-stephane-calmels-1024x538.jpg 1024w, https:\/\/vosgesinfo.fr\/app\/uploads\/sites\/3\/2025\/09\/thumbnail-blocage-du-10-septembre-defile-n3-photo-stephane-calmels-768x403.jpg 768w\" sizes=\"(max-width: 1200px) 100vw, 1200px\" \/><\/a><p id=\"caption-attachment-135152\" class=\"wp-caption-text\">photo St\u00e9phane Calmels<\/p><\/div>\n<h2 data-start=\"261\" data-end=\"591\"><strong>Ce mercredi, le mouvement \u00ab Bloquons Tout \u00bb a pris ses quartiers dans la capitale vosgienne. D\u00e8s la matin\u00e9e, pr\u00e8s de 80 participants s\u2019\u00e9taient d\u00e9j\u00e0 retrouv\u00e9s \u00e0 proximit\u00e9 de la gare pour donner le ton de la journ\u00e9e. L\u2019apr\u00e8s-midi, la mobilisation a pris de l\u2019ampleur avec environ 300 personnes d\u00e9filant dans les rues d\u2019\u00c9pinal.<\/strong><\/h2>\n<h3 data-start=\"593\" data-end=\"635\">Un cort\u00e8ge \u00e0 travers le centre-ville<\/h3>\n<p data-start=\"636\" data-end=\"930\">La marche a d\u00e9but\u00e9 devant la pr\u00e9fecture avant de remonter les quais en direction de la place des Vieux Moulins. Les manifestants ont ensuite travers\u00e9 la place des Vosges, puis rejoint le carrefour des Quatre Nations en empruntant la rue L\u00e9opold Bourg, avant de revenir \u00e0 leur point de d\u00e9part.<\/p>\n<h3 data-start=\"932\" data-end=\"975\">Des actions symboliques et pacifiques<\/h3>\n<p data-start=\"976\" data-end=\"1295\">Tout au long de la journ\u00e9e, les participants ont multipli\u00e9 les initiatives : distribution de tracts, ralentissement de la circulation et pr\u00e9sence visible dans l\u2019hypercentre spinalien. Les organisateurs ont insist\u00e9 sur le caract\u00e8re pacifique de leurs actions, visant avant tout \u00e0 sensibiliser et \u00e0 marquer les esprits.<\/p>\n<h3 data-start=\"1297\" data-end=\"1313\">Et apr\u00e8s ?<\/h3>\n<p data-start=\"1314\" data-end=\"1541\">En fin d\u2019apr\u00e8s-midi, une partie du groupe s\u2019est retrouv\u00e9e au parc du Cours. Ce moment d\u2019\u00e9change a permis d\u2019\u00e9voquer les suites possibles du mouvement et les formes que pourrait prendre la mobilisation dans les prochains jours.<\/p>\n\n\t\t<style type=\"text\/css\">\n\t\t\t#gallery-1 {\n\t\t\t\tmargin: auto;\n\t\t\t}\n\t\t\t#gallery-1 .gallery-item {\n\t\t\t\tfloat: left;\n\t\t\t\tmargin-top: 10px;\n\t\t\t\ttext-align: center;\n\t\t\t\twidth: 33%;\n\t\t\t}\n\t\t\t#gallery-1 img {\n\t\t\t\tborder: 2px solid #cfcfcf;\n\t\t\t}\n\t\t\t#gallery-1 .gallery-caption {\n\t\t\t\tmargin-left: 0;\n\t\t\t}\n\t\t\t\/* see gallery_shortcode() in wp-includes\/media.php *\/\n\t\t<\/style>\n\t\t<div id='gallery-1' class='gallery galleryid-135150 gallery-columns-3 gallery-size-thumbnail'><dl class='gallery-item'>\n\t\t\t<dt class='gallery-icon landscape'>\n\t\t\t\t<a href='https:\/\/vosgesinfo.fr\/epinalinfo\/2025\/09\/epinal-la-mobilisation-bloquons-tout-rassemble-plusieurs-centaines-de-manifestants\/thumbnail_blocage-du-10-septembre-defile-n6-photo-stephane-calmels\/'><img decoding=\"async\" width=\"150\" height=\"150\" src=\"https:\/\/vosgesinfo.fr\/app\/uploads\/sites\/3\/2025\/09\/thumbnail-blocage-du-10-septembre-defile-n6-photo-stephane-calmels-150x150.jpg\" class=\"attachment-thumbnail size-thumbnail\" alt=\"\" aria-describedby=\"gallery-1-135153\" \/><\/a>\n\t\t\t<\/dt>\n\t\t\t\t<dd class='wp-caption-text gallery-caption' id='gallery-1-135153'>\n\t\t\t\tphoto St\u00e9phane Calmels\n\t\t\t\t<\/dd><\/dl><dl class='gallery-item'>\n\t\t\t<dt class='gallery-icon landscape'>\n\t\t\t\t<a href='https:\/\/vosgesinfo.fr\/epinalinfo\/2025\/09\/epinal-la-mobilisation-bloquons-tout-rassemble-plusieurs-centaines-de-manifestants\/thumbnail_blocage-du-10-septembre-defile-n1-photo-stephane-calmels\/'><img decoding=\"async\" width=\"150\" height=\"150\" src=\"https:\/\/vosgesinfo.fr\/app\/uploads\/sites\/3\/2025\/09\/thumbnail-blocage-du-10-septembre-defile-n1-photo-stephane-calmels-150x150.jpg\" class=\"attachment-thumbnail size-thumbnail\" alt=\"\" aria-describedby=\"gallery-1-135154\" \/><\/a>\n\t\t\t<\/dt>\n\t\t\t\t<dd class='wp-caption-text gallery-caption' id='gallery-1-135154'>\n\t\t\t\tphoto St\u00e9phane Calmels\n\t\t\t\t<\/dd><\/dl><dl class='gallery-item'>\n\t\t\t<dt class='gallery-icon landscape'>\n\t\t\t\t<a href='https:\/\/vosgesinfo.fr\/epinalinfo\/2025\/09\/epinal-la-mobilisation-bloquons-tout-rassemble-plusieurs-centaines-de-manifestants\/thumbnail_blocage-du-10-septembre-defile-n2-photo-stephane-calmels\/'><img decoding=\"async\" width=\"150\" height=\"150\" src=\"https:\/\/vosgesinfo.fr\/app\/uploads\/sites\/3\/2025\/09\/thumbnail-blocage-du-10-septembre-defile-n2-photo-stephane-calmels-150x150.jpg\" class=\"attachment-thumbnail size-thumbnail\" alt=\"\" aria-describedby=\"gallery-1-135155\" \/><\/a>\n\t\t\t<\/dt>\n\t\t\t\t<dd class='wp-caption-text gallery-caption' id='gallery-1-135155'>\n\t\t\t\tphoto St\u00e9phane Calmels\n\t\t\t\t<\/dd><\/dl><br style=\"clear: both\" \/><dl class='gallery-item'>\n\t\t\t<dt class='gallery-icon landscape'>\n\t\t\t\t<a href='https:\/\/vosgesinfo.fr\/epinalinfo\/2025\/09\/epinal-la-mobilisation-bloquons-tout-rassemble-plusieurs-centaines-de-manifestants\/thumbnail_blocage-du-10-septembre-defile-n4-photo-stephane-calmels\/'><img decoding=\"async\" width=\"150\" height=\"150\" src=\"https:\/\/vosgesinfo.fr\/app\/uploads\/sites\/3\/2025\/09\/thumbnail-blocage-du-10-septembre-defile-n4-photo-stephane-calmels-150x150.jpg\" class=\"attachment-thumbnail size-thumbnail\" alt=\"\" aria-describedby=\"gallery-1-135156\" \/><\/a>\n\t\t\t<\/dt>\n\t\t\t\t<dd class='wp-caption-text gallery-caption' id='gallery-1-135156'>\n\t\t\t\tphoto St\u00e9phane Calmels\n\t\t\t\t<\/dd><\/dl><dl class='gallery-item'>\n\t\t\t<dt class='gallery-icon landscape'>\n\t\t\t\t<a href='https:\/\/vosgesinfo.fr\/epinalinfo\/2025\/09\/epinal-la-mobilisation-bloquons-tout-rassemble-plusieurs-centaines-de-manifestants\/thumbnail_blocage-du-10-septembre-defile-n5-photo-stephane-calmels\/'><img decoding=\"async\" width=\"150\" height=\"150\" src=\"https:\/\/vosgesinfo.fr\/app\/uploads\/sites\/3\/2025\/09\/thumbnail-blocage-du-10-septembre-defile-n5-photo-stephane-calmels-150x150.jpg\" class=\"attachment-thumbnail size-thumbnail\" alt=\"\" aria-describedby=\"gallery-1-135157\" \/><\/a>\n\t\t\t<\/dt>\n\t\t\t\t<dd class='wp-caption-text gallery-caption' id='gallery-1-135157'>\n\t\t\t\tphoto St\u00e9phane Calmels\n\t\t\t\t<\/dd><\/dl>\n\t\t\t<br style='clear: both' \/>\n\t\t<\/div>\n\n","protected":false},"excerpt":{"rendered":"<p>Ce mercredi, le mouvement \u00ab Bloquons Tout \u00bb a pris ses quartiers dans la capitale vosgienne. D\u00e8s la matin\u00e9e, pr\u00e8s [&hellip;]<\/p>\n","protected":false},"author":52,"featured_media":135151,"comment_status":"open","ping_status":"open","sticky":false,"template":"","format":"standard","meta":{"footnotes":""},"categories":[22,24,162,10,5],"tags":[],"class_list":["post-135150","post","type-post","status-publish","format-standard","has-post-thumbnail","hentry","category-a-la-une","category-epinal","category-social","category-societe","category-vosges"],"acf":[],"yoast_head":"<!-- This site is optimized with the Yoast SEO plugin v22.5 - https:\/\/yoast.com\/wordpress\/plugins\/seo\/ -->\n<title>\u00c9pinal : la mobilisation \u00ab Bloquons Tout \u00bb rassemble plusieurs centaines de manifestants - Epinal Info<\/title>\n<meta name=\"robots\" content=\"index, follow, max-snippet:-1, max-image-preview:large, max-video-preview:-1\" \/>\n<link rel=\"canonical\" href=\"https:\/\/vosgesinfo.fr\/epinalinfo\/2025\/09\/epinal-la-mobilisation-bloquons-tout-rassemble-plusieurs-centaines-de-manifestants\/\" \/>\n<meta name=\"twitter:card\" content=\"summary_large_image\" \/>\n<meta name=\"twitter:title\" content=\"\u00c9pinal : la mobilisation \u00ab Bloquons Tout \u00bb rassemble plusieurs centaines de manifestants - Epinal Info\" \/>\n<meta name=\"twitter:description\" content=\"Ce mercredi, le mouvement \u00ab Bloquons Tout \u00bb a pris ses quartiers dans la capitale vosgienne. D\u00e8s la matin\u00e9e, pr\u00e8s [&hellip;]\" \/>\n<meta name=\"twitter:image\" content=\"https:\/\/vosgesinfo.fr\/app\/uploads\/sites\/3\/2025\/09\/capture-decran-2025-09-10-185225.jpg\" \/>\n<meta name=\"twitter:creator\" content=\"@VosgesInfo88\" \/>\n<meta name=\"twitter:site\" content=\"@VosgesInfo88\" \/>\n<meta name=\"twitter:label1\" content=\"\u00c9crit par\" \/>\n\t<meta name=\"twitter:data1\" content=\"C.K.\" \/>\n\t<meta name=\"twitter:label2\" content=\"Dur\u00e9e de lecture estim\u00e9e\" \/>\n\t<meta name=\"twitter:data2\" content=\"1 minute\" \/>\n<script type=\"application\/ld+json\" class=\"yoast-schema-graph\">{\"@context\":\"https:\/\/schema.org\",\"@graph\":[{\"@type\":\"Article\",\"@id\":\"https:\/\/vosgesinfo.fr\/epinalinfo\/2025\/09\/epinal-la-mobilisation-bloquons-tout-rassemble-plusieurs-centaines-de-manifestants\/#article\",\"isPartOf\":{\"@id\":\"https:\/\/vosgesinfo.fr\/epinalinfo\/2025\/09\/epinal-la-mobilisation-bloquons-tout-rassemble-plusieurs-centaines-de-manifestants\/\"},\"author\":{\"name\":\"C.K.\",\"@id\":\"https:\/\/vosgesinfo.fr\/epinalinfo\/#\/schema\/person\/6f9a650eeea99d969b6c4ab78fccbe81\"},\"headline\":\"\u00c9pinal : la mobilisation \u00ab Bloquons Tout \u00bb rassemble plusieurs centaines de manifestants\",\"datePublished\":\"2025-09-10T17:05:09+00:00\",\"dateModified\":\"2025-09-10T16:57:21+00:00\",\"mainEntityOfPage\":{\"@id\":\"https:\/\/vosgesinfo.fr\/epinalinfo\/2025\/09\/epinal-la-mobilisation-bloquons-tout-rassemble-plusieurs-centaines-de-manifestants\/\"},\"wordCount\":241,\"commentCount\":1,\"publisher\":{\"@id\":\"https:\/\/vosgesinfo.fr\/epinalinfo\/#organization\"},\"image\":{\"@id\":\"https:\/\/vosgesinfo.fr\/epinalinfo\/2025\/09\/epinal-la-mobilisation-bloquons-tout-rassemble-plusieurs-centaines-de-manifestants\/#primaryimage\"},\"thumbnailUrl\":\"https:\/\/vosgesinfo.fr\/app\/uploads\/sites\/3\/2025\/09\/capture-decran-2025-09-10-185225.jpg\",\"articleSection\":[\"A la Une\",\"Epinal\",\"Social\",\"Soci\u00e9t\u00e9\",\"Vosges\"],\"inLanguage\":\"fr-FR\",\"potentialAction\":[{\"@type\":\"CommentAction\",\"name\":\"Comment\",\"target\":[\"https:\/\/vosgesinfo.fr\/epinalinfo\/2025\/09\/epinal-la-mobilisation-bloquons-tout-rassemble-plusieurs-centaines-de-manifestants\/#respond\"]}]},{\"@type\":\"WebPage\",\"@id\":\"https:\/\/vosgesinfo.fr\/epinalinfo\/2025\/09\/epinal-la-mobilisation-bloquons-tout-rassemble-plusieurs-centaines-de-manifestants\/\",\"url\":\"https:\/\/vosgesinfo.fr\/epinalinfo\/2025\/09\/epinal-la-mobilisation-bloquons-tout-rassemble-plusieurs-centaines-de-manifestants\/\",\"name\":\"\u00c9pinal : la mobilisation \u00ab Bloquons Tout \u00bb rassemble plusieurs centaines de manifestants - Epinal Info\",\"isPartOf\":{\"@id\":\"https:\/\/vosgesinfo.fr\/epinalinfo\/#website\"},\"primaryImageOfPage\":{\"@id\":\"https:\/\/vosgesinfo.fr\/epinalinfo\/2025\/09\/epinal-la-mobilisation-bloquons-tout-rassemble-plusieurs-centaines-de-manifestants\/#primaryimage\"},\"image\":{\"@id\":\"https:\/\/vosgesinfo.fr\/epinalinfo\/2025\/09\/epinal-la-mobilisation-bloquons-tout-rassemble-plusieurs-centaines-de-manifestants\/#primaryimage\"},\"thumbnailUrl\":\"https:\/\/vosgesinfo.fr\/app\/uploads\/sites\/3\/2025\/09\/capture-decran-2025-09-10-185225.jpg\",\"datePublished\":\"2025-09-10T17:05:09+00:00\",\"dateModified\":\"2025-09-10T16:57:21+00:00\",\"breadcrumb\":{\"@id\":\"https:\/\/vosgesinfo.fr\/epinalinfo\/2025\/09\/epinal-la-mobilisation-bloquons-tout-rassemble-plusieurs-centaines-de-manifestants\/#breadcrumb\"},\"inLanguage\":\"fr-FR\",\"potentialAction\":[{\"@type\":\"ReadAction\",\"target\":[\"https:\/\/vosgesinfo.fr\/epinalinfo\/2025\/09\/epinal-la-mobilisation-bloquons-tout-rassemble-plusieurs-centaines-de-manifestants\/\"]}]},{\"@type\":\"ImageObject\",\"inLanguage\":\"fr-FR\",\"@id\":\"https:\/\/vosgesinfo.fr\/epinalinfo\/2025\/09\/epinal-la-mobilisation-bloquons-tout-rassemble-plusieurs-centaines-de-manifestants\/#primaryimage\",\"url\":\"https:\/\/vosgesinfo.fr\/app\/uploads\/sites\/3\/2025\/09\/capture-decran-2025-09-10-185225.jpg\",\"contentUrl\":\"https:\/\/vosgesinfo.fr\/app\/uploads\/sites\/3\/2025\/09\/capture-decran-2025-09-10-185225.jpg\",\"width\":976,\"height\":621},{\"@type\":\"BreadcrumbList\",\"@id\":\"https:\/\/vosgesinfo.fr\/epinalinfo\/2025\/09\/epinal-la-mobilisation-bloquons-tout-rassemble-plusieurs-centaines-de-manifestants\/#breadcrumb\",\"itemListElement\":[{\"@type\":\"ListItem\",\"position\":1,\"name\":\"Home\",\"item\":\"https:\/\/vosgesinfo.fr\/epinalinfo\/\"},{\"@type\":\"ListItem\",\"position\":2,\"name\":\"\u00c9pinal : la mobilisation \u00ab Bloquons Tout \u00bb rassemble plusieurs centaines de manifestants\"}]},{\"@type\":\"WebSite\",\"@id\":\"https:\/\/vosgesinfo.fr\/epinalinfo\/#website\",\"url\":\"https:\/\/vosgesinfo.fr\/epinalinfo\/\",\"name\":\"Epinal Info\",\"description\":\"Toute l&#039;actualit\u00e9 d&#039;\u00c9pinal\",\"publisher\":{\"@id\":\"https:\/\/vosgesinfo.fr\/epinalinfo\/#organization\"},\"alternateName\":\"Toute l'actualit\u00e9 d'\u00c9pinal\",\"potentialAction\":[{\"@type\":\"SearchAction\",\"target\":{\"@type\":\"EntryPoint\",\"urlTemplate\":\"https:\/\/vosgesinfo.fr\/epinalinfo\/?s={search_term_string}\"},\"query-input\":\"required name=search_term_string\"}],\"inLanguage\":\"fr-FR\"},{\"@type\":\"Organization\",\"@id\":\"https:\/\/vosgesinfo.fr\/epinalinfo\/#organization\",\"name\":\"Epinal Info\",\"url\":\"https:\/\/vosgesinfo.fr\/epinalinfo\/\",\"logo\":{\"@type\":\"ImageObject\",\"inLanguage\":\"fr-FR\",\"@id\":\"https:\/\/vosgesinfo.fr\/epinalinfo\/#\/schema\/logo\/image\/\",\"url\":\"https:\/\/vosgesinfo.fr\/app\/uploads\/sites\/3\/2023\/08\/logo-epinalinfos.svg\",\"contentUrl\":\"https:\/\/vosgesinfo.fr\/app\/uploads\/sites\/3\/2023\/08\/logo-epinalinfos.svg\",\"width\":1,\"height\":1,\"caption\":\"Epinal Info\"},\"image\":{\"@id\":\"https:\/\/vosgesinfo.fr\/epinalinfo\/#\/schema\/logo\/image\/\"},\"sameAs\":[\"https:\/\/www.facebook.com\/Epinalinfos\",\"https:\/\/x.com\/VosgesInfo88\",\"https:\/\/www.youtube.com\/@vosgesinfo\"]},{\"@type\":\"Person\",\"@id\":\"https:\/\/vosgesinfo.fr\/epinalinfo\/#\/schema\/person\/6f9a650eeea99d969b6c4ab78fccbe81\",\"name\":\"C.K.\",\"image\":{\"@type\":\"ImageObject\",\"inLanguage\":\"fr-FR\",\"@id\":\"https:\/\/vosgesinfo.fr\/epinalinfo\/#\/schema\/person\/image\/\",\"url\":\"https:\/\/secure.gravatar.com\/avatar\/48e3fc7f8421ba8942be6b74a2b7f014ca39bc00dece156b7a8e098ae7dc87bf?s=96&d=mm&r=g\",\"contentUrl\":\"https:\/\/secure.gravatar.com\/avatar\/48e3fc7f8421ba8942be6b74a2b7f014ca39bc00dece156b7a8e098ae7dc87bf?s=96&d=mm&r=g\",\"caption\":\"C.K.\"},\"url\":\"https:\/\/vosgesinfo.fr\/epinalinfo\/author\/celia-k-n\/\"}]}<\/script>\n<!-- \/ Yoast SEO plugin. -->","yoast_head_json":{"title":"\u00c9pinal : la mobilisation \u00ab Bloquons Tout \u00bb rassemble plusieurs centaines de manifestants - Epinal Info","robots":{"index":"index","follow":"follow","max-snippet":"max-snippet:-1","max-image-preview":"max-image-preview:large","max-video-preview":"max-video-preview:-1"},"canonical":"https:\/\/vosgesinfo.fr\/epinalinfo\/2025\/09\/epinal-la-mobilisation-bloquons-tout-rassemble-plusieurs-centaines-de-manifestants\/","twitter_card":"summary_large_image","twitter_title":"\u00c9pinal : la mobilisation \u00ab Bloquons Tout \u00bb rassemble plusieurs centaines de manifestants - Epinal Info","twitter_description":"Ce mercredi, le mouvement \u00ab Bloquons Tout \u00bb a pris ses quartiers dans la capitale vosgienne. D\u00e8s la matin\u00e9e, pr\u00e8s [&hellip;]","twitter_image":"https:\/\/vosgesinfo.fr\/app\/uploads\/sites\/3\/2025\/09\/capture-decran-2025-09-10-185225.jpg","twitter_creator":"@VosgesInfo88","twitter_site":"@VosgesInfo88","twitter_misc":{"\u00c9crit par":"C.K.","Dur\u00e9e de lecture estim\u00e9e":"1 minute"},"schema":{"@context":"https:\/\/schema.org","@graph":[{"@type":"Article","@id":"https:\/\/vosgesinfo.fr\/epinalinfo\/2025\/09\/epinal-la-mobilisation-bloquons-tout-rassemble-plusieurs-centaines-de-manifestants\/#article","isPartOf":{"@id":"https:\/\/vosgesinfo.fr\/epinalinfo\/2025\/09\/epinal-la-mobilisation-bloquons-tout-rassemble-plusieurs-centaines-de-manifestants\/"},"author":{"name":"C.K.","@id":"https:\/\/vosgesinfo.fr\/epinalinfo\/#\/schema\/person\/6f9a650eeea99d969b6c4ab78fccbe81"},"headline":"\u00c9pinal : la mobilisation \u00ab Bloquons Tout \u00bb rassemble plusieurs centaines de manifestants","datePublished":"2025-09-10T17:05:09+00:00","dateModified":"2025-09-10T16:57:21+00:00","mainEntityOfPage":{"@id":"https:\/\/vosgesinfo.fr\/epinalinfo\/2025\/09\/epinal-la-mobilisation-bloquons-tout-rassemble-plusieurs-centaines-de-manifestants\/"},"wordCount":241,"commentCount":1,"publisher":{"@id":"https:\/\/vosgesinfo.fr\/epinalinfo\/#organization"},"image":{"@id":"https:\/\/vosgesinfo.fr\/epinalinfo\/2025\/09\/epinal-la-mobilisation-bloquons-tout-rassemble-plusieurs-centaines-de-manifestants\/#primaryimage"},"thumbnailUrl":"https:\/\/vosgesinfo.fr\/app\/uploads\/sites\/3\/2025\/09\/capture-decran-2025-09-10-185225.jpg","articleSection":["A la Une","Epinal","Social","Soci\u00e9t\u00e9","Vosges"],"inLanguage":"fr-FR","potentialAction":[{"@type":"CommentAction","name":"Comment","target":["https:\/\/vosgesinfo.fr\/epinalinfo\/2025\/09\/epinal-la-mobilisation-bloquons-tout-rassemble-plusieurs-centaines-de-manifestants\/#respond"]}]},{"@type":"WebPage","@id":"https:\/\/vosgesinfo.fr\/epinalinfo\/2025\/09\/epinal-la-mobilisation-bloquons-tout-rassemble-plusieurs-centaines-de-manifestants\/","url":"https:\/\/vosgesinfo.fr\/epinalinfo\/2025\/09\/epinal-la-mobilisation-bloquons-tout-rassemble-plusieurs-centaines-de-manifestants\/","name":"\u00c9pinal : la mobilisation \u00ab Bloquons Tout \u00bb rassemble plusieurs centaines de manifestants - Epinal Info","isPartOf":{"@id":"https:\/\/vosgesinfo.fr\/epinalinfo\/#website"},"primaryImageOfPage":{"@id":"https:\/\/vosgesinfo.fr\/epinalinfo\/2025\/09\/epinal-la-mobilisation-bloquons-tout-rassemble-plusieurs-centaines-de-manifestants\/#primaryimage"},"image":{"@id":"https:\/\/vosgesinfo.fr\/epinalinfo\/2025\/09\/epinal-la-mobilisation-bloquons-tout-rassemble-plusieurs-centaines-de-manifestants\/#primaryimage"},"thumbnailUrl":"https:\/\/vosgesinfo.fr\/app\/uploads\/sites\/3\/2025\/09\/capture-decran-2025-09-10-185225.jpg","datePublished":"2025-09-10T17:05:09+00:00","dateModified":"2025-09-10T16:57:21+00:00","breadcrumb":{"@id":"https:\/\/vosgesinfo.fr\/epinalinfo\/2025\/09\/epinal-la-mobilisation-bloquons-tout-rassemble-plusieurs-centaines-de-manifestants\/#breadcrumb"},"inLanguage":"fr-FR","potentialAction":[{"@type":"ReadAction","target":["https:\/\/vosgesinfo.fr\/epinalinfo\/2025\/09\/epinal-la-mobilisation-bloquons-tout-rassemble-plusieurs-centaines-de-manifestants\/"]}]},{"@type":"ImageObject","inLanguage":"fr-FR","@id":"https:\/\/vosgesinfo.fr\/epinalinfo\/2025\/09\/epinal-la-mobilisation-bloquons-tout-rassemble-plusieurs-centaines-de-manifestants\/#primaryimage","url":"https:\/\/vosgesinfo.fr\/app\/uploads\/sites\/3\/2025\/09\/capture-decran-2025-09-10-185225.jpg","contentUrl":"https:\/\/vosgesinfo.fr\/app\/uploads\/sites\/3\/2025\/09\/capture-decran-2025-09-10-185225.jpg","width":976,"height":621},{"@type":"BreadcrumbList","@id":"https:\/\/vosgesinfo.fr\/epinalinfo\/2025\/09\/epinal-la-mobilisation-bloquons-tout-rassemble-plusieurs-centaines-de-manifestants\/#breadcrumb","itemListElement":[{"@type":"ListItem","position":1,"name":"Home","item":"https:\/\/vosgesinfo.fr\/epinalinfo\/"},{"@type":"ListItem","position":2,"name":"\u00c9pinal : la mobilisation \u00ab Bloquons Tout \u00bb rassemble plusieurs centaines de manifestants"}]},{"@type":"WebSite","@id":"https:\/\/vosgesinfo.fr\/epinalinfo\/#website","url":"https:\/\/vosgesinfo.fr\/epinalinfo\/","name":"Epinal Info","description":"Toute l&#039;actualit\u00e9 d&#039;\u00c9pinal","publisher":{"@id":"https:\/\/vosgesinfo.fr\/epinalinfo\/#organization"},"alternateName":"Toute l'actualit\u00e9 d'\u00c9pinal","potentialAction":[{"@type":"SearchAction","target":{"@type":"EntryPoint","urlTemplate":"https:\/\/vosgesinfo.fr\/epinalinfo\/?s={search_term_string}"},"query-input":"required name=search_term_string"}],"inLanguage":"fr-FR"},{"@type":"Organization","@id":"https:\/\/vosgesinfo.fr\/epinalinfo\/#organization","name":"Epinal Info","url":"https:\/\/vosgesinfo.fr\/epinalinfo\/","logo":{"@type":"ImageObject","inLanguage":"fr-FR","@id":"https:\/\/vosgesinfo.fr\/epinalinfo\/#\/schema\/logo\/image\/","url":"https:\/\/vosgesinfo.fr\/app\/uploads\/sites\/3\/2023\/08\/logo-epinalinfos.svg","contentUrl":"https:\/\/vosgesinfo.fr\/app\/uploads\/sites\/3\/2023\/08\/logo-epinalinfos.svg","width":1,"height":1,"caption":"Epinal Info"},"image":{"@id":"https:\/\/vosgesinfo.fr\/epinalinfo\/#\/schema\/logo\/image\/"},"sameAs":["https:\/\/www.facebook.com\/Epinalinfos","https:\/\/x.com\/VosgesInfo88","https:\/\/www.youtube.com\/@vosgesinfo"]},{"@type":"Person","@id":"https:\/\/vosgesinfo.fr\/epinalinfo\/#\/schema\/person\/6f9a650eeea99d969b6c4ab78fccbe81","name":"C.K.","image":{"@type":"ImageObject","inLanguage":"fr-FR","@id":"https:\/\/vosgesinfo.fr\/epinalinfo\/#\/schema\/person\/image\/","url":"https:\/\/secure.gravatar.com\/avatar\/48e3fc7f8421ba8942be6b74a2b7f014ca39bc00dece156b7a8e098ae7dc87bf?s=96&d=mm&r=g","contentUrl":"https:\/\/secure.gravatar.com\/avatar\/48e3fc7f8421ba8942be6b74a2b7f014ca39bc00dece156b7a8e098ae7dc87bf?s=96&d=mm&r=g","caption":"C.K."},"url":"https:\/\/vosgesinfo.fr\/epinalinfo\/author\/celia-k-n\/"}]}},"_links":{"self":[{"href":"https:\/\/vosgesinfo.fr\/epinalinfo\/wp-json\/wp\/v2\/posts\/135150","targetHints":{"allow":["GET"]}}],"collection":[{"href":"https:\/\/vosgesinfo.fr\/epinalinfo\/wp-json\/wp\/v2\/posts"}],"about":[{"href":"https:\/\/vosgesinfo.fr\/epinalinfo\/wp-json\/wp\/v2\/types\/post"}],"author":[{"embeddable":true,"href":"https:\/\/vosgesinfo.fr\/epinalinfo\/wp-json\/wp\/v2\/users\/52"}],"replies":[{"embeddable":true,"href":"https:\/\/vosgesinfo.fr\/epinalinfo\/wp-json\/wp\/v2\/comments?post=135150"}],"version-history":[{"count":1,"href":"https:\/\/vosgesinfo.fr\/epinalinfo\/wp-json\/wp\/v2\/posts\/135150\/revisions"}],"predecessor-version":[{"id":135158,"href":"https:\/\/vosgesinfo.fr\/epinalinfo\/wp-json\/wp\/v2\/posts\/135150\/revisions\/135158"}],"wp:featuredmedia":[{"embeddable":true,"href":"https:\/\/vosgesinfo.fr\/epinalinfo\/wp-json\/wp\/v2\/media\/135151"}],"wp:attachment":[{"href":"https:\/\/vosgesinfo.fr\/epinalinfo\/wp-json\/wp\/v2\/media?parent=135150"}],"wp:term":[{"taxonomy":"category","embeddable":true,"href":"https:\/\/vosgesinfo.fr\/epinalinfo\/wp-json\/wp\/v2\/categories?post=135150"},{"taxonomy":"post_tag","embeddable":true,"href":"https:\/\/vosgesinfo.fr\/epinalinfo\/wp-json\/wp\/v2\/tags?post=135150"}],"curies":[{"name":"wp","href":"https:\/\/api.w.org\/{rel}","templated":true}]}}