{"id":135162,"date":"2025-09-11T09:20:20","date_gmt":"2025-09-11T07:20:20","guid":{"rendered":"https:\/\/vosgesinfo.fr\/epinalinfo\/?p=135162"},"modified":"2025-09-11T09:16:41","modified_gmt":"2025-09-11T07:16:41","slug":"golbey-un-incendie-detruit-la-toiture-dun-immeuble-un-homme-grievement-brule","status":"publish","type":"post","link":"https:\/\/vosgesinfo.fr\/epinalinfo\/2025\/09\/golbey-un-incendie-detruit-la-toiture-dun-immeuble-un-homme-grievement-brule\/","title":{"rendered":"Golbey : un incendie d\u00e9truit la toiture d\u2019un immeuble, un homme gri\u00e8vement br\u00fbl\u00e9"},"content":{"rendered":"<h2 data-start=\"149\" data-end=\"392\"><strong><a href=\"https:\/\/vosgesinfo.fr\/app\/uploads\/sites\/3\/2024\/12\/201902870x489-pompiers-79.jpg\"><img decoding=\"async\" class=\"aligncenter size-full wp-image-125569\" src=\"https:\/\/vosgesinfo.fr\/app\/uploads\/sites\/3\/2024\/12\/201902870x489-pompiers-79.jpg\" alt=\"\" width=\"622\" height=\"350\" srcset=\"https:\/\/vosgesinfo.fr\/app\/uploads\/sites\/3\/2024\/12\/201902870x489-pompiers-79.jpg 622w, https:\/\/vosgesinfo.fr\/app\/uploads\/sites\/3\/2024\/12\/201902870x489-pompiers-79-300x169.jpg 300w\" sizes=\"(max-width: 622px) 100vw, 622px\" \/><\/a>Dans la nuit de mercredi \u00e0 jeudi, peu apr\u00e8s minuit, un violent brasier a \u00e9clat\u00e9 dans un immeuble de la rue d\u2019\u00c9pinal, \u00e0 Golbey. Le feu est parti d\u2019un appartement situ\u00e9 au dernier niveau du b\u00e2timent avant de s\u2019\u00e9tendre et d\u2019an\u00e9antir la toiture.<\/strong><\/h2>\n<h4 data-start=\"394\" data-end=\"434\">Un dispositif\u00a0 d\u2019ampleur<\/h4>\n<p data-start=\"435\" data-end=\"687\">Face \u00e0 l\u2019ampleur du sinistre, les secours ont mobilis\u00e9 pas moins de 56 pompiers, \u00e9paul\u00e9s par de nombreux engins d\u2019intervention. Malgr\u00e9 une action rapide et coordonn\u00e9e, les d\u00e9g\u00e2ts se sont r\u00e9v\u00e9l\u00e9s consid\u00e9rables, laissant l\u2019immeuble fortement endommag\u00e9.<\/p>\n<h4 data-start=\"689\" data-end=\"724\">Une victime en \u00e9tat critique<\/h4>\n<p data-start=\"725\" data-end=\"922\">Un homme \u00e2g\u00e9 de 35 ans a \u00e9t\u00e9 tr\u00e8s s\u00e9v\u00e8rement br\u00fbl\u00e9. Pris en charge imm\u00e9diatement, il a \u00e9t\u00e9 transport\u00e9 en urgence absolue vers le service des grands br\u00fbl\u00e9s de Metz. Son pronostic vital est engag\u00e9.<\/p>\n<h4 data-start=\"924\" data-end=\"980\">Des habitants contraints de quitter leur logement<\/h4>\n<p data-start=\"981\" data-end=\"1184\">Si les flammes n\u2019ont pas directement atteint les appartements des \u00e9tages inf\u00e9rieurs, les d\u00e9g\u00e2ts collat\u00e9raux ont rendu les lieux inhabitables. Les occupants concern\u00e9s ont d\u00fb \u00eatre relog\u00e9s temporairement.<\/p>\n","protected":false},"excerpt":{"rendered":"<p>Dans la nuit de mercredi \u00e0 jeudi, peu apr\u00e8s minuit, un violent brasier a \u00e9clat\u00e9 dans un immeuble de la [&hellip;]<\/p>\n","protected":false},"author":52,"featured_media":125569,"comment_status":"open","ping_status":"open","sticky":false,"template":"","format":"standard","meta":{"footnotes":""},"categories":[22,24,6,148],"tags":[],"class_list":["post-135162","post","type-post","status-publish","format-standard","has-post-thumbnail","hentry","category-a-la-une","category-epinal","category-faits-divers","category-golbey"],"acf":[],"yoast_head":"<!-- This site is optimized with the Yoast SEO plugin v22.5 - https:\/\/yoast.com\/wordpress\/plugins\/seo\/ -->\n<title>Golbey : un incendie d\u00e9truit la toiture d\u2019un immeuble, un homme gri\u00e8vement br\u00fbl\u00e9 - Epinal Info<\/title>\n<meta name=\"robots\" content=\"index, follow, max-snippet:-1, max-image-preview:large, max-video-preview:-1\" \/>\n<link rel=\"canonical\" href=\"https:\/\/vosgesinfo.fr\/epinalinfo\/2025\/09\/golbey-un-incendie-detruit-la-toiture-dun-immeuble-un-homme-grievement-brule\/\" \/>\n<meta name=\"twitter:card\" content=\"summary_large_image\" \/>\n<meta name=\"twitter:title\" content=\"Golbey : un incendie d\u00e9truit la toiture d\u2019un immeuble, un homme gri\u00e8vement br\u00fbl\u00e9 - Epinal Info\" \/>\n<meta name=\"twitter:description\" content=\"Dans la nuit de mercredi \u00e0 jeudi, peu apr\u00e8s minuit, un violent brasier a \u00e9clat\u00e9 dans un immeuble de la [&hellip;]\" \/>\n<meta name=\"twitter:image\" content=\"https:\/\/vosgesinfo.fr\/app\/uploads\/sites\/3\/2024\/12\/201902870x489-pompiers-79.jpg\" \/>\n<meta name=\"twitter:creator\" content=\"@VosgesInfo88\" \/>\n<meta name=\"twitter:site\" content=\"@VosgesInfo88\" \/>\n<meta name=\"twitter:label1\" content=\"\u00c9crit par\" \/>\n\t<meta name=\"twitter:data1\" content=\"C.K.\" \/>\n\t<meta name=\"twitter:label2\" content=\"Dur\u00e9e de lecture estim\u00e9e\" \/>\n\t<meta name=\"twitter:data2\" content=\"1 minute\" \/>\n<script type=\"application\/ld+json\" class=\"yoast-schema-graph\">{\"@context\":\"https:\/\/schema.org\",\"@graph\":[{\"@type\":\"Article\",\"@id\":\"https:\/\/vosgesinfo.fr\/epinalinfo\/2025\/09\/golbey-un-incendie-detruit-la-toiture-dun-immeuble-un-homme-grievement-brule\/#article\",\"isPartOf\":{\"@id\":\"https:\/\/vosgesinfo.fr\/epinalinfo\/2025\/09\/golbey-un-incendie-detruit-la-toiture-dun-immeuble-un-homme-grievement-brule\/\"},\"author\":{\"name\":\"C.K.\",\"@id\":\"https:\/\/vosgesinfo.fr\/epinalinfo\/#\/schema\/person\/6f9a650eeea99d969b6c4ab78fccbe81\"},\"headline\":\"Golbey : un incendie d\u00e9truit la toiture d\u2019un immeuble, un homme gri\u00e8vement br\u00fbl\u00e9\",\"datePublished\":\"2025-09-11T07:20:20+00:00\",\"dateModified\":\"2025-09-11T07:16:41+00:00\",\"mainEntityOfPage\":{\"@id\":\"https:\/\/vosgesinfo.fr\/epinalinfo\/2025\/09\/golbey-un-incendie-detruit-la-toiture-dun-immeuble-un-homme-grievement-brule\/\"},\"wordCount\":201,\"commentCount\":0,\"publisher\":{\"@id\":\"https:\/\/vosgesinfo.fr\/epinalinfo\/#organization\"},\"image\":{\"@id\":\"https:\/\/vosgesinfo.fr\/epinalinfo\/2025\/09\/golbey-un-incendie-detruit-la-toiture-dun-immeuble-un-homme-grievement-brule\/#primaryimage\"},\"thumbnailUrl\":\"https:\/\/vosgesinfo.fr\/app\/uploads\/sites\/3\/2024\/12\/201902870x489-pompiers-79.jpg\",\"articleSection\":[\"A la Une\",\"Epinal\",\"Faits-divers\",\"Golbey\"],\"inLanguage\":\"fr-FR\",\"potentialAction\":[{\"@type\":\"CommentAction\",\"name\":\"Comment\",\"target\":[\"https:\/\/vosgesinfo.fr\/epinalinfo\/2025\/09\/golbey-un-incendie-detruit-la-toiture-dun-immeuble-un-homme-grievement-brule\/#respond\"]}]},{\"@type\":\"WebPage\",\"@id\":\"https:\/\/vosgesinfo.fr\/epinalinfo\/2025\/09\/golbey-un-incendie-detruit-la-toiture-dun-immeuble-un-homme-grievement-brule\/\",\"url\":\"https:\/\/vosgesinfo.fr\/epinalinfo\/2025\/09\/golbey-un-incendie-detruit-la-toiture-dun-immeuble-un-homme-grievement-brule\/\",\"name\":\"Golbey : un incendie d\u00e9truit la toiture d\u2019un immeuble, un homme gri\u00e8vement br\u00fbl\u00e9 - Epinal Info\",\"isPartOf\":{\"@id\":\"https:\/\/vosgesinfo.fr\/epinalinfo\/#website\"},\"primaryImageOfPage\":{\"@id\":\"https:\/\/vosgesinfo.fr\/epinalinfo\/2025\/09\/golbey-un-incendie-detruit-la-toiture-dun-immeuble-un-homme-grievement-brule\/#primaryimage\"},\"image\":{\"@id\":\"https:\/\/vosgesinfo.fr\/epinalinfo\/2025\/09\/golbey-un-incendie-detruit-la-toiture-dun-immeuble-un-homme-grievement-brule\/#primaryimage\"},\"thumbnailUrl\":\"https:\/\/vosgesinfo.fr\/app\/uploads\/sites\/3\/2024\/12\/201902870x489-pompiers-79.jpg\",\"datePublished\":\"2025-09-11T07:20:20+00:00\",\"dateModified\":\"2025-09-11T07:16:41+00:00\",\"breadcrumb\":{\"@id\":\"https:\/\/vosgesinfo.fr\/epinalinfo\/2025\/09\/golbey-un-incendie-detruit-la-toiture-dun-immeuble-un-homme-grievement-brule\/#breadcrumb\"},\"inLanguage\":\"fr-FR\",\"potentialAction\":[{\"@type\":\"ReadAction\",\"target\":[\"https:\/\/vosgesinfo.fr\/epinalinfo\/2025\/09\/golbey-un-incendie-detruit-la-toiture-dun-immeuble-un-homme-grievement-brule\/\"]}]},{\"@type\":\"ImageObject\",\"inLanguage\":\"fr-FR\",\"@id\":\"https:\/\/vosgesinfo.fr\/epinalinfo\/2025\/09\/golbey-un-incendie-detruit-la-toiture-dun-immeuble-un-homme-grievement-brule\/#primaryimage\",\"url\":\"https:\/\/vosgesinfo.fr\/app\/uploads\/sites\/3\/2024\/12\/201902870x489-pompiers-79.jpg\",\"contentUrl\":\"https:\/\/vosgesinfo.fr\/app\/uploads\/sites\/3\/2024\/12\/201902870x489-pompiers-79.jpg\",\"width\":622,\"height\":350},{\"@type\":\"BreadcrumbList\",\"@id\":\"https:\/\/vosgesinfo.fr\/epinalinfo\/2025\/09\/golbey-un-incendie-detruit-la-toiture-dun-immeuble-un-homme-grievement-brule\/#breadcrumb\",\"itemListElement\":[{\"@type\":\"ListItem\",\"position\":1,\"name\":\"Home\",\"item\":\"https:\/\/vosgesinfo.fr\/epinalinfo\/\"},{\"@type\":\"ListItem\",\"position\":2,\"name\":\"Golbey : un incendie d\u00e9truit la toiture d\u2019un immeuble, un homme gri\u00e8vement br\u00fbl\u00e9\"}]},{\"@type\":\"WebSite\",\"@id\":\"https:\/\/vosgesinfo.fr\/epinalinfo\/#website\",\"url\":\"https:\/\/vosgesinfo.fr\/epinalinfo\/\",\"name\":\"Epinal Info\",\"description\":\"Toute l&#039;actualit\u00e9 d&#039;\u00c9pinal\",\"publisher\":{\"@id\":\"https:\/\/vosgesinfo.fr\/epinalinfo\/#organization\"},\"alternateName\":\"Toute l'actualit\u00e9 d'\u00c9pinal\",\"potentialAction\":[{\"@type\":\"SearchAction\",\"target\":{\"@type\":\"EntryPoint\",\"urlTemplate\":\"https:\/\/vosgesinfo.fr\/epinalinfo\/?s={search_term_string}\"},\"query-input\":\"required name=search_term_string\"}],\"inLanguage\":\"fr-FR\"},{\"@type\":\"Organization\",\"@id\":\"https:\/\/vosgesinfo.fr\/epinalinfo\/#organization\",\"name\":\"Epinal Info\",\"url\":\"https:\/\/vosgesinfo.fr\/epinalinfo\/\",\"logo\":{\"@type\":\"ImageObject\",\"inLanguage\":\"fr-FR\",\"@id\":\"https:\/\/vosgesinfo.fr\/epinalinfo\/#\/schema\/logo\/image\/\",\"url\":\"https:\/\/vosgesinfo.fr\/app\/uploads\/sites\/3\/2023\/08\/logo-epinalinfos.svg\",\"contentUrl\":\"https:\/\/vosgesinfo.fr\/app\/uploads\/sites\/3\/2023\/08\/logo-epinalinfos.svg\",\"width\":1,\"height\":1,\"caption\":\"Epinal Info\"},\"image\":{\"@id\":\"https:\/\/vosgesinfo.fr\/epinalinfo\/#\/schema\/logo\/image\/\"},\"sameAs\":[\"https:\/\/www.facebook.com\/Epinalinfos\",\"https:\/\/x.com\/VosgesInfo88\",\"https:\/\/www.youtube.com\/@vosgesinfo\"]},{\"@type\":\"Person\",\"@id\":\"https:\/\/vosgesinfo.fr\/epinalinfo\/#\/schema\/person\/6f9a650eeea99d969b6c4ab78fccbe81\",\"name\":\"C.K.\",\"image\":{\"@type\":\"ImageObject\",\"inLanguage\":\"fr-FR\",\"@id\":\"https:\/\/vosgesinfo.fr\/epinalinfo\/#\/schema\/person\/image\/\",\"url\":\"https:\/\/secure.gravatar.com\/avatar\/48e3fc7f8421ba8942be6b74a2b7f014ca39bc00dece156b7a8e098ae7dc87bf?s=96&d=mm&r=g\",\"contentUrl\":\"https:\/\/secure.gravatar.com\/avatar\/48e3fc7f8421ba8942be6b74a2b7f014ca39bc00dece156b7a8e098ae7dc87bf?s=96&d=mm&r=g\",\"caption\":\"C.K.\"},\"url\":\"https:\/\/vosgesinfo.fr\/epinalinfo\/author\/celia-k-n\/\"}]}<\/script>\n<!-- \/ Yoast SEO plugin. -->","yoast_head_json":{"title":"Golbey : un incendie d\u00e9truit la toiture d\u2019un immeuble, un homme gri\u00e8vement br\u00fbl\u00e9 - Epinal Info","robots":{"index":"index","follow":"follow","max-snippet":"max-snippet:-1","max-image-preview":"max-image-preview:large","max-video-preview":"max-video-preview:-1"},"canonical":"https:\/\/vosgesinfo.fr\/epinalinfo\/2025\/09\/golbey-un-incendie-detruit-la-toiture-dun-immeuble-un-homme-grievement-brule\/","twitter_card":"summary_large_image","twitter_title":"Golbey : un incendie d\u00e9truit la toiture d\u2019un immeuble, un homme gri\u00e8vement br\u00fbl\u00e9 - Epinal Info","twitter_description":"Dans la nuit de mercredi \u00e0 jeudi, peu apr\u00e8s minuit, un violent brasier a \u00e9clat\u00e9 dans un immeuble de la [&hellip;]","twitter_image":"https:\/\/vosgesinfo.fr\/app\/uploads\/sites\/3\/2024\/12\/201902870x489-pompiers-79.jpg","twitter_creator":"@VosgesInfo88","twitter_site":"@VosgesInfo88","twitter_misc":{"\u00c9crit par":"C.K.","Dur\u00e9e de lecture estim\u00e9e":"1 minute"},"schema":{"@context":"https:\/\/schema.org","@graph":[{"@type":"Article","@id":"https:\/\/vosgesinfo.fr\/epinalinfo\/2025\/09\/golbey-un-incendie-detruit-la-toiture-dun-immeuble-un-homme-grievement-brule\/#article","isPartOf":{"@id":"https:\/\/vosgesinfo.fr\/epinalinfo\/2025\/09\/golbey-un-incendie-detruit-la-toiture-dun-immeuble-un-homme-grievement-brule\/"},"author":{"name":"C.K.","@id":"https:\/\/vosgesinfo.fr\/epinalinfo\/#\/schema\/person\/6f9a650eeea99d969b6c4ab78fccbe81"},"headline":"Golbey : un incendie d\u00e9truit la toiture d\u2019un immeuble, un homme gri\u00e8vement br\u00fbl\u00e9","datePublished":"2025-09-11T07:20:20+00:00","dateModified":"2025-09-11T07:16:41+00:00","mainEntityOfPage":{"@id":"https:\/\/vosgesinfo.fr\/epinalinfo\/2025\/09\/golbey-un-incendie-detruit-la-toiture-dun-immeuble-un-homme-grievement-brule\/"},"wordCount":201,"commentCount":0,"publisher":{"@id":"https:\/\/vosgesinfo.fr\/epinalinfo\/#organization"},"image":{"@id":"https:\/\/vosgesinfo.fr\/epinalinfo\/2025\/09\/golbey-un-incendie-detruit-la-toiture-dun-immeuble-un-homme-grievement-brule\/#primaryimage"},"thumbnailUrl":"https:\/\/vosgesinfo.fr\/app\/uploads\/sites\/3\/2024\/12\/201902870x489-pompiers-79.jpg","articleSection":["A la Une","Epinal","Faits-divers","Golbey"],"inLanguage":"fr-FR","potentialAction":[{"@type":"CommentAction","name":"Comment","target":["https:\/\/vosgesinfo.fr\/epinalinfo\/2025\/09\/golbey-un-incendie-detruit-la-toiture-dun-immeuble-un-homme-grievement-brule\/#respond"]}]},{"@type":"WebPage","@id":"https:\/\/vosgesinfo.fr\/epinalinfo\/2025\/09\/golbey-un-incendie-detruit-la-toiture-dun-immeuble-un-homme-grievement-brule\/","url":"https:\/\/vosgesinfo.fr\/epinalinfo\/2025\/09\/golbey-un-incendie-detruit-la-toiture-dun-immeuble-un-homme-grievement-brule\/","name":"Golbey : un incendie d\u00e9truit la toiture d\u2019un immeuble, un homme gri\u00e8vement br\u00fbl\u00e9 - Epinal Info","isPartOf":{"@id":"https:\/\/vosgesinfo.fr\/epinalinfo\/#website"},"primaryImageOfPage":{"@id":"https:\/\/vosgesinfo.fr\/epinalinfo\/2025\/09\/golbey-un-incendie-detruit-la-toiture-dun-immeuble-un-homme-grievement-brule\/#primaryimage"},"image":{"@id":"https:\/\/vosgesinfo.fr\/epinalinfo\/2025\/09\/golbey-un-incendie-detruit-la-toiture-dun-immeuble-un-homme-grievement-brule\/#primaryimage"},"thumbnailUrl":"https:\/\/vosgesinfo.fr\/app\/uploads\/sites\/3\/2024\/12\/201902870x489-pompiers-79.jpg","datePublished":"2025-09-11T07:20:20+00:00","dateModified":"2025-09-11T07:16:41+00:00","breadcrumb":{"@id":"https:\/\/vosgesinfo.fr\/epinalinfo\/2025\/09\/golbey-un-incendie-detruit-la-toiture-dun-immeuble-un-homme-grievement-brule\/#breadcrumb"},"inLanguage":"fr-FR","potentialAction":[{"@type":"ReadAction","target":["https:\/\/vosgesinfo.fr\/epinalinfo\/2025\/09\/golbey-un-incendie-detruit-la-toiture-dun-immeuble-un-homme-grievement-brule\/"]}]},{"@type":"ImageObject","inLanguage":"fr-FR","@id":"https:\/\/vosgesinfo.fr\/epinalinfo\/2025\/09\/golbey-un-incendie-detruit-la-toiture-dun-immeuble-un-homme-grievement-brule\/#primaryimage","url":"https:\/\/vosgesinfo.fr\/app\/uploads\/sites\/3\/2024\/12\/201902870x489-pompiers-79.jpg","contentUrl":"https:\/\/vosgesinfo.fr\/app\/uploads\/sites\/3\/2024\/12\/201902870x489-pompiers-79.jpg","width":622,"height":350},{"@type":"BreadcrumbList","@id":"https:\/\/vosgesinfo.fr\/epinalinfo\/2025\/09\/golbey-un-incendie-detruit-la-toiture-dun-immeuble-un-homme-grievement-brule\/#breadcrumb","itemListElement":[{"@type":"ListItem","position":1,"name":"Home","item":"https:\/\/vosgesinfo.fr\/epinalinfo\/"},{"@type":"ListItem","position":2,"name":"Golbey : un incendie d\u00e9truit la toiture d\u2019un immeuble, un homme gri\u00e8vement br\u00fbl\u00e9"}]},{"@type":"WebSite","@id":"https:\/\/vosgesinfo.fr\/epinalinfo\/#website","url":"https:\/\/vosgesinfo.fr\/epinalinfo\/","name":"Epinal Info","description":"Toute l&#039;actualit\u00e9 d&#039;\u00c9pinal","publisher":{"@id":"https:\/\/vosgesinfo.fr\/epinalinfo\/#organization"},"alternateName":"Toute l'actualit\u00e9 d'\u00c9pinal","potentialAction":[{"@type":"SearchAction","target":{"@type":"EntryPoint","urlTemplate":"https:\/\/vosgesinfo.fr\/epinalinfo\/?s={search_term_string}"},"query-input":"required name=search_term_string"}],"inLanguage":"fr-FR"},{"@type":"Organization","@id":"https:\/\/vosgesinfo.fr\/epinalinfo\/#organization","name":"Epinal Info","url":"https:\/\/vosgesinfo.fr\/epinalinfo\/","logo":{"@type":"ImageObject","inLanguage":"fr-FR","@id":"https:\/\/vosgesinfo.fr\/epinalinfo\/#\/schema\/logo\/image\/","url":"https:\/\/vosgesinfo.fr\/app\/uploads\/sites\/3\/2023\/08\/logo-epinalinfos.svg","contentUrl":"https:\/\/vosgesinfo.fr\/app\/uploads\/sites\/3\/2023\/08\/logo-epinalinfos.svg","width":1,"height":1,"caption":"Epinal Info"},"image":{"@id":"https:\/\/vosgesinfo.fr\/epinalinfo\/#\/schema\/logo\/image\/"},"sameAs":["https:\/\/www.facebook.com\/Epinalinfos","https:\/\/x.com\/VosgesInfo88","https:\/\/www.youtube.com\/@vosgesinfo"]},{"@type":"Person","@id":"https:\/\/vosgesinfo.fr\/epinalinfo\/#\/schema\/person\/6f9a650eeea99d969b6c4ab78fccbe81","name":"C.K.","image":{"@type":"ImageObject","inLanguage":"fr-FR","@id":"https:\/\/vosgesinfo.fr\/epinalinfo\/#\/schema\/person\/image\/","url":"https:\/\/secure.gravatar.com\/avatar\/48e3fc7f8421ba8942be6b74a2b7f014ca39bc00dece156b7a8e098ae7dc87bf?s=96&d=mm&r=g","contentUrl":"https:\/\/secure.gravatar.com\/avatar\/48e3fc7f8421ba8942be6b74a2b7f014ca39bc00dece156b7a8e098ae7dc87bf?s=96&d=mm&r=g","caption":"C.K."},"url":"https:\/\/vosgesinfo.fr\/epinalinfo\/author\/celia-k-n\/"}]}},"_links":{"self":[{"href":"https:\/\/vosgesinfo.fr\/epinalinfo\/wp-json\/wp\/v2\/posts\/135162","targetHints":{"allow":["GET"]}}],"collection":[{"href":"https:\/\/vosgesinfo.fr\/epinalinfo\/wp-json\/wp\/v2\/posts"}],"about":[{"href":"https:\/\/vosgesinfo.fr\/epinalinfo\/wp-json\/wp\/v2\/types\/post"}],"author":[{"embeddable":true,"href":"https:\/\/vosgesinfo.fr\/epinalinfo\/wp-json\/wp\/v2\/users\/52"}],"replies":[{"embeddable":true,"href":"https:\/\/vosgesinfo.fr\/epinalinfo\/wp-json\/wp\/v2\/comments?post=135162"}],"version-history":[{"count":1,"href":"https:\/\/vosgesinfo.fr\/epinalinfo\/wp-json\/wp\/v2\/posts\/135162\/revisions"}],"predecessor-version":[{"id":135163,"href":"https:\/\/vosgesinfo.fr\/epinalinfo\/wp-json\/wp\/v2\/posts\/135162\/revisions\/135163"}],"wp:featuredmedia":[{"embeddable":true,"href":"https:\/\/vosgesinfo.fr\/epinalinfo\/wp-json\/wp\/v2\/media\/125569"}],"wp:attachment":[{"href":"https:\/\/vosgesinfo.fr\/epinalinfo\/wp-json\/wp\/v2\/media?parent=135162"}],"wp:term":[{"taxonomy":"category","embeddable":true,"href":"https:\/\/vosgesinfo.fr\/epinalinfo\/wp-json\/wp\/v2\/categories?post=135162"},{"taxonomy":"post_tag","embeddable":true,"href":"https:\/\/vosgesinfo.fr\/epinalinfo\/wp-json\/wp\/v2\/tags?post=135162"}],"curies":[{"name":"wp","href":"https:\/\/api.w.org\/{rel}","templated":true}]}}