{"id":135164,"date":"2025-09-11T09:25:55","date_gmt":"2025-09-11T07:25:55","guid":{"rendered":"https:\/\/vosgesinfo.fr\/epinalinfo\/?p=135164"},"modified":"2025-09-11T09:18:51","modified_gmt":"2025-09-11T07:18:51","slug":"bruyeres-celebre-les-journees-du-patrimoine-avec-un-programme-riche-et-festif","status":"publish","type":"post","link":"https:\/\/vosgesinfo.fr\/epinalinfo\/2025\/09\/bruyeres-celebre-les-journees-du-patrimoine-avec-un-programme-riche-et-festif\/","title":{"rendered":"Bruy\u00e8res c\u00e9l\u00e8bre les Journ\u00e9es du Patrimoine avec un programme riche et festif"},"content":{"rendered":"<h2 data-start=\"194\" data-end=\"383\"><strong><a href=\"https:\/\/vosgesinfo.fr\/app\/uploads\/sites\/3\/2025\/09\/546156856-1208281911329730-1045338961806340158-n.jpg\"><img decoding=\"async\" class=\"aligncenter size-full wp-image-135165\" src=\"https:\/\/vosgesinfo.fr\/app\/uploads\/sites\/3\/2025\/09\/546156856-1208281911329730-1045338961806340158-n.jpg\" alt=\"\" width=\"1414\" height=\"2000\" srcset=\"https:\/\/vosgesinfo.fr\/app\/uploads\/sites\/3\/2025\/09\/546156856-1208281911329730-1045338961806340158-n.jpg 1414w, https:\/\/vosgesinfo.fr\/app\/uploads\/sites\/3\/2025\/09\/546156856-1208281911329730-1045338961806340158-n-212x300.jpg 212w, https:\/\/vosgesinfo.fr\/app\/uploads\/sites\/3\/2025\/09\/546156856-1208281911329730-1045338961806340158-n-724x1024.jpg 724w, https:\/\/vosgesinfo.fr\/app\/uploads\/sites\/3\/2025\/09\/546156856-1208281911329730-1045338961806340158-n-768x1086.jpg 768w, https:\/\/vosgesinfo.fr\/app\/uploads\/sites\/3\/2025\/09\/546156856-1208281911329730-1045338961806340158-n-1086x1536.jpg 1086w\" sizes=\"(max-width: 1414px) 100vw, 1414px\" \/><\/a>\u00c0 l\u2019occasion des Journ\u00e9es europ\u00e9ennes du Patrimoine, la ville de Bruy\u00e8res, en partenariat avec l\u2019association Racines de Bruy\u00e8res, propose un programme vari\u00e9 du 18 au 21 septembre.<\/strong><\/h2>\n<h4 data-start=\"385\" data-end=\"426\">Un hommage \u00e0 Jean-Baptiste Mougeot<\/h4>\n<p data-start=\"427\" data-end=\"639\">Les festivit\u00e9s d\u00e9buteront d\u00e8s le <strong data-start=\"460\" data-end=\"488\">jeudi 18 septembre \u00e0 20h<\/strong>, \u00e0 la salle des f\u00eates, par une conf\u00e9rence accompagn\u00e9e d\u2019une exposition consacr\u00e9e \u00e0 <strong data-start=\"572\" data-end=\"597\">Jean-Baptiste Mougeot<\/strong>, figure marquante de l\u2019histoire locale.<\/p>\n<h4 data-start=\"641\" data-end=\"684\">Des plaques comm\u00e9moratives d\u00e9voil\u00e9es<\/h4>\n<p data-start=\"685\" data-end=\"884\">Le <strong data-start=\"688\" data-end=\"717\">samedi 20 septembre \u00e0 11h<\/strong>, plusieurs plaques seront inaugur\u00e9es sur des b\u00e2timents ayant vu na\u00eetre des personnalit\u00e9s bruy\u00e9roises, notamment <strong data-start=\"830\" data-end=\"852\">Jean-Baptiste Loye<\/strong> et <strong data-start=\"856\" data-end=\"881\">Jean-Baptiste Mougeot<\/strong>.<\/p>\n<h4 data-start=\"886\" data-end=\"915\">Un week-end de visites<\/h4>\n<p data-start=\"916\" data-end=\"1104\">Durant le week-end, diff\u00e9rents lieux embl\u00e9matiques seront ouverts au public : le mus\u00e9e, le Grenier, ou encore l\u2019Oratoire. Une belle occasion de (re)d\u00e9couvrir le patrimoine de la commune.<\/p>\n<h4 data-start=\"1106\" data-end=\"1141\">Focus sur la place Stanislas<\/h4>\n<p data-start=\"1142\" data-end=\"1396\">Attach\u00e9 \u00e0 la pr\u00e9servation du patrimoine local, le conseil municipal a engag\u00e9 un vaste projet de r\u00e9habilitation de la <strong data-start=\"1259\" data-end=\"1278\">place Stanislas<\/strong>. La premi\u00e8re \u00e9tape concernera le kiosque. Dans cette optique, la commune a adh\u00e9r\u00e9 \u00e0 la <strong data-start=\"1366\" data-end=\"1393\">Fondation du Patrimoine<\/strong>.<\/p>\n<h4 data-start=\"1398\" data-end=\"1453\">Une soupe solidaire pour restaurer le patrimoine<\/h4>\n<p data-start=\"1454\" data-end=\"1825\">Pour soutenir ce chantier, une manifestation conviviale est organis\u00e9e le <strong data-start=\"1527\" data-end=\"1575\">samedi 20 septembre d\u00e8s 18h, place Stanislas<\/strong>. Les associations locales proposeront au public de d\u00e9guster leurs potages pr\u00e9par\u00e9s dans l\u2019apr\u00e8s-midi.<br data-start=\"1677\" data-end=\"1680\" \/>Un gobelet, vendu <strong data-start=\"1698\" data-end=\"1709\">5 euros<\/strong>, permettra de voter pour sa soupe pr\u00e9f\u00e9r\u00e9e. L\u2019int\u00e9gralit\u00e9 des b\u00e9n\u00e9fices sera revers\u00e9e au financement des travaux.<\/p>\n<p data-start=\"1454\" data-end=\"1825\"><a href=\"https:\/\/vosgesinfo.fr\/app\/uploads\/sites\/3\/2025\/09\/546198044-1208281864663068-1745475226043632983-n.jpg\"><img decoding=\"async\" class=\"aligncenter size-full wp-image-135166\" src=\"https:\/\/vosgesinfo.fr\/app\/uploads\/sites\/3\/2025\/09\/546198044-1208281864663068-1745475226043632983-n.jpg\" alt=\"\" width=\"1024\" height=\"1536\" srcset=\"https:\/\/vosgesinfo.fr\/app\/uploads\/sites\/3\/2025\/09\/546198044-1208281864663068-1745475226043632983-n.jpg 1024w, https:\/\/vosgesinfo.fr\/app\/uploads\/sites\/3\/2025\/09\/546198044-1208281864663068-1745475226043632983-n-200x300.jpg 200w, https:\/\/vosgesinfo.fr\/app\/uploads\/sites\/3\/2025\/09\/546198044-1208281864663068-1745475226043632983-n-683x1024.jpg 683w, https:\/\/vosgesinfo.fr\/app\/uploads\/sites\/3\/2025\/09\/546198044-1208281864663068-1745475226043632983-n-768x1152.jpg 768w\" sizes=\"(max-width: 1024px) 100vw, 1024px\" \/><\/a><\/p>\n","protected":false},"excerpt":{"rendered":"<p>\u00c0 l\u2019occasion des Journ\u00e9es europ\u00e9ennes du Patrimoine, la ville de Bruy\u00e8res, en partenariat avec l\u2019association Racines de Bruy\u00e8res, propose un [&hellip;]<\/p>\n","protected":false},"author":52,"featured_media":135165,"comment_status":"open","ping_status":"open","sticky":false,"template":"","format":"standard","meta":{"footnotes":""},"categories":[22,60,24,17],"tags":[],"class_list":["post-135164","post","type-post","status-publish","format-standard","has-post-thumbnail","hentry","category-a-la-une","category-bruyeres","category-epinal","category-tourisme"],"acf":[],"yoast_head":"<!-- This site is optimized with the Yoast SEO plugin v22.5 - https:\/\/yoast.com\/wordpress\/plugins\/seo\/ -->\n<title>Bruy\u00e8res c\u00e9l\u00e8bre les Journ\u00e9es du Patrimoine avec un programme riche et festif - Epinal Info<\/title>\n<meta name=\"robots\" content=\"index, follow, max-snippet:-1, max-image-preview:large, max-video-preview:-1\" \/>\n<link rel=\"canonical\" href=\"https:\/\/vosgesinfo.fr\/epinalinfo\/2025\/09\/bruyeres-celebre-les-journees-du-patrimoine-avec-un-programme-riche-et-festif\/\" \/>\n<meta name=\"twitter:card\" content=\"summary_large_image\" \/>\n<meta name=\"twitter:title\" content=\"Bruy\u00e8res c\u00e9l\u00e8bre les Journ\u00e9es du Patrimoine avec un programme riche et festif - Epinal Info\" \/>\n<meta name=\"twitter:description\" content=\"\u00c0 l\u2019occasion des Journ\u00e9es europ\u00e9ennes du Patrimoine, la ville de Bruy\u00e8res, en partenariat avec l\u2019association Racines de Bruy\u00e8res, propose un [&hellip;]\" \/>\n<meta name=\"twitter:image\" content=\"https:\/\/vosgesinfo.fr\/app\/uploads\/sites\/3\/2025\/09\/546156856-1208281911329730-1045338961806340158-n.jpg\" \/>\n<meta name=\"twitter:creator\" content=\"@VosgesInfo88\" \/>\n<meta name=\"twitter:site\" content=\"@VosgesInfo88\" \/>\n<meta name=\"twitter:label1\" content=\"\u00c9crit par\" \/>\n\t<meta name=\"twitter:data1\" content=\"C.K.\" \/>\n\t<meta name=\"twitter:label2\" content=\"Dur\u00e9e de lecture estim\u00e9e\" \/>\n\t<meta name=\"twitter:data2\" content=\"1 minute\" \/>\n<script type=\"application\/ld+json\" class=\"yoast-schema-graph\">{\"@context\":\"https:\/\/schema.org\",\"@graph\":[{\"@type\":\"Article\",\"@id\":\"https:\/\/vosgesinfo.fr\/epinalinfo\/2025\/09\/bruyeres-celebre-les-journees-du-patrimoine-avec-un-programme-riche-et-festif\/#article\",\"isPartOf\":{\"@id\":\"https:\/\/vosgesinfo.fr\/epinalinfo\/2025\/09\/bruyeres-celebre-les-journees-du-patrimoine-avec-un-programme-riche-et-festif\/\"},\"author\":{\"name\":\"C.K.\",\"@id\":\"https:\/\/vosgesinfo.fr\/epinalinfo\/#\/schema\/person\/6f9a650eeea99d969b6c4ab78fccbe81\"},\"headline\":\"Bruy\u00e8res c\u00e9l\u00e8bre les Journ\u00e9es du Patrimoine avec un programme riche et festif\",\"datePublished\":\"2025-09-11T07:25:55+00:00\",\"dateModified\":\"2025-09-11T07:18:51+00:00\",\"mainEntityOfPage\":{\"@id\":\"https:\/\/vosgesinfo.fr\/epinalinfo\/2025\/09\/bruyeres-celebre-les-journees-du-patrimoine-avec-un-programme-riche-et-festif\/\"},\"wordCount\":274,\"commentCount\":0,\"publisher\":{\"@id\":\"https:\/\/vosgesinfo.fr\/epinalinfo\/#organization\"},\"image\":{\"@id\":\"https:\/\/vosgesinfo.fr\/epinalinfo\/2025\/09\/bruyeres-celebre-les-journees-du-patrimoine-avec-un-programme-riche-et-festif\/#primaryimage\"},\"thumbnailUrl\":\"https:\/\/vosgesinfo.fr\/app\/uploads\/sites\/3\/2025\/09\/546156856-1208281911329730-1045338961806340158-n.jpg\",\"articleSection\":[\"A la Une\",\"Bruy\u00e8res\",\"Epinal\",\"Tourisme\"],\"inLanguage\":\"fr-FR\",\"potentialAction\":[{\"@type\":\"CommentAction\",\"name\":\"Comment\",\"target\":[\"https:\/\/vosgesinfo.fr\/epinalinfo\/2025\/09\/bruyeres-celebre-les-journees-du-patrimoine-avec-un-programme-riche-et-festif\/#respond\"]}]},{\"@type\":\"WebPage\",\"@id\":\"https:\/\/vosgesinfo.fr\/epinalinfo\/2025\/09\/bruyeres-celebre-les-journees-du-patrimoine-avec-un-programme-riche-et-festif\/\",\"url\":\"https:\/\/vosgesinfo.fr\/epinalinfo\/2025\/09\/bruyeres-celebre-les-journees-du-patrimoine-avec-un-programme-riche-et-festif\/\",\"name\":\"Bruy\u00e8res c\u00e9l\u00e8bre les Journ\u00e9es du Patrimoine avec un programme riche et festif - Epinal Info\",\"isPartOf\":{\"@id\":\"https:\/\/vosgesinfo.fr\/epinalinfo\/#website\"},\"primaryImageOfPage\":{\"@id\":\"https:\/\/vosgesinfo.fr\/epinalinfo\/2025\/09\/bruyeres-celebre-les-journees-du-patrimoine-avec-un-programme-riche-et-festif\/#primaryimage\"},\"image\":{\"@id\":\"https:\/\/vosgesinfo.fr\/epinalinfo\/2025\/09\/bruyeres-celebre-les-journees-du-patrimoine-avec-un-programme-riche-et-festif\/#primaryimage\"},\"thumbnailUrl\":\"https:\/\/vosgesinfo.fr\/app\/uploads\/sites\/3\/2025\/09\/546156856-1208281911329730-1045338961806340158-n.jpg\",\"datePublished\":\"2025-09-11T07:25:55+00:00\",\"dateModified\":\"2025-09-11T07:18:51+00:00\",\"breadcrumb\":{\"@id\":\"https:\/\/vosgesinfo.fr\/epinalinfo\/2025\/09\/bruyeres-celebre-les-journees-du-patrimoine-avec-un-programme-riche-et-festif\/#breadcrumb\"},\"inLanguage\":\"fr-FR\",\"potentialAction\":[{\"@type\":\"ReadAction\",\"target\":[\"https:\/\/vosgesinfo.fr\/epinalinfo\/2025\/09\/bruyeres-celebre-les-journees-du-patrimoine-avec-un-programme-riche-et-festif\/\"]}]},{\"@type\":\"ImageObject\",\"inLanguage\":\"fr-FR\",\"@id\":\"https:\/\/vosgesinfo.fr\/epinalinfo\/2025\/09\/bruyeres-celebre-les-journees-du-patrimoine-avec-un-programme-riche-et-festif\/#primaryimage\",\"url\":\"https:\/\/vosgesinfo.fr\/app\/uploads\/sites\/3\/2025\/09\/546156856-1208281911329730-1045338961806340158-n.jpg\",\"contentUrl\":\"https:\/\/vosgesinfo.fr\/app\/uploads\/sites\/3\/2025\/09\/546156856-1208281911329730-1045338961806340158-n.jpg\",\"width\":1414,\"height\":2000},{\"@type\":\"BreadcrumbList\",\"@id\":\"https:\/\/vosgesinfo.fr\/epinalinfo\/2025\/09\/bruyeres-celebre-les-journees-du-patrimoine-avec-un-programme-riche-et-festif\/#breadcrumb\",\"itemListElement\":[{\"@type\":\"ListItem\",\"position\":1,\"name\":\"Home\",\"item\":\"https:\/\/vosgesinfo.fr\/epinalinfo\/\"},{\"@type\":\"ListItem\",\"position\":2,\"name\":\"Bruy\u00e8res c\u00e9l\u00e8bre les Journ\u00e9es du Patrimoine avec un programme riche et festif\"}]},{\"@type\":\"WebSite\",\"@id\":\"https:\/\/vosgesinfo.fr\/epinalinfo\/#website\",\"url\":\"https:\/\/vosgesinfo.fr\/epinalinfo\/\",\"name\":\"Epinal Info\",\"description\":\"Toute l&#039;actualit\u00e9 d&#039;\u00c9pinal\",\"publisher\":{\"@id\":\"https:\/\/vosgesinfo.fr\/epinalinfo\/#organization\"},\"alternateName\":\"Toute l'actualit\u00e9 d'\u00c9pinal\",\"potentialAction\":[{\"@type\":\"SearchAction\",\"target\":{\"@type\":\"EntryPoint\",\"urlTemplate\":\"https:\/\/vosgesinfo.fr\/epinalinfo\/?s={search_term_string}\"},\"query-input\":\"required name=search_term_string\"}],\"inLanguage\":\"fr-FR\"},{\"@type\":\"Organization\",\"@id\":\"https:\/\/vosgesinfo.fr\/epinalinfo\/#organization\",\"name\":\"Epinal Info\",\"url\":\"https:\/\/vosgesinfo.fr\/epinalinfo\/\",\"logo\":{\"@type\":\"ImageObject\",\"inLanguage\":\"fr-FR\",\"@id\":\"https:\/\/vosgesinfo.fr\/epinalinfo\/#\/schema\/logo\/image\/\",\"url\":\"https:\/\/vosgesinfo.fr\/app\/uploads\/sites\/3\/2023\/08\/logo-epinalinfos.svg\",\"contentUrl\":\"https:\/\/vosgesinfo.fr\/app\/uploads\/sites\/3\/2023\/08\/logo-epinalinfos.svg\",\"width\":1,\"height\":1,\"caption\":\"Epinal Info\"},\"image\":{\"@id\":\"https:\/\/vosgesinfo.fr\/epinalinfo\/#\/schema\/logo\/image\/\"},\"sameAs\":[\"https:\/\/www.facebook.com\/Epinalinfos\",\"https:\/\/x.com\/VosgesInfo88\",\"https:\/\/www.youtube.com\/@vosgesinfo\"]},{\"@type\":\"Person\",\"@id\":\"https:\/\/vosgesinfo.fr\/epinalinfo\/#\/schema\/person\/6f9a650eeea99d969b6c4ab78fccbe81\",\"name\":\"C.K.\",\"image\":{\"@type\":\"ImageObject\",\"inLanguage\":\"fr-FR\",\"@id\":\"https:\/\/vosgesinfo.fr\/epinalinfo\/#\/schema\/person\/image\/\",\"url\":\"https:\/\/secure.gravatar.com\/avatar\/48e3fc7f8421ba8942be6b74a2b7f014ca39bc00dece156b7a8e098ae7dc87bf?s=96&d=mm&r=g\",\"contentUrl\":\"https:\/\/secure.gravatar.com\/avatar\/48e3fc7f8421ba8942be6b74a2b7f014ca39bc00dece156b7a8e098ae7dc87bf?s=96&d=mm&r=g\",\"caption\":\"C.K.\"},\"url\":\"https:\/\/vosgesinfo.fr\/epinalinfo\/author\/celia-k-n\/\"}]}<\/script>\n<!-- \/ Yoast SEO plugin. -->","yoast_head_json":{"title":"Bruy\u00e8res c\u00e9l\u00e8bre les Journ\u00e9es du Patrimoine avec un programme riche et festif - Epinal Info","robots":{"index":"index","follow":"follow","max-snippet":"max-snippet:-1","max-image-preview":"max-image-preview:large","max-video-preview":"max-video-preview:-1"},"canonical":"https:\/\/vosgesinfo.fr\/epinalinfo\/2025\/09\/bruyeres-celebre-les-journees-du-patrimoine-avec-un-programme-riche-et-festif\/","twitter_card":"summary_large_image","twitter_title":"Bruy\u00e8res c\u00e9l\u00e8bre les Journ\u00e9es du Patrimoine avec un programme riche et festif - Epinal Info","twitter_description":"\u00c0 l\u2019occasion des Journ\u00e9es europ\u00e9ennes du Patrimoine, la ville de Bruy\u00e8res, en partenariat avec l\u2019association Racines de Bruy\u00e8res, propose un [&hellip;]","twitter_image":"https:\/\/vosgesinfo.fr\/app\/uploads\/sites\/3\/2025\/09\/546156856-1208281911329730-1045338961806340158-n.jpg","twitter_creator":"@VosgesInfo88","twitter_site":"@VosgesInfo88","twitter_misc":{"\u00c9crit par":"C.K.","Dur\u00e9e de lecture estim\u00e9e":"1 minute"},"schema":{"@context":"https:\/\/schema.org","@graph":[{"@type":"Article","@id":"https:\/\/vosgesinfo.fr\/epinalinfo\/2025\/09\/bruyeres-celebre-les-journees-du-patrimoine-avec-un-programme-riche-et-festif\/#article","isPartOf":{"@id":"https:\/\/vosgesinfo.fr\/epinalinfo\/2025\/09\/bruyeres-celebre-les-journees-du-patrimoine-avec-un-programme-riche-et-festif\/"},"author":{"name":"C.K.","@id":"https:\/\/vosgesinfo.fr\/epinalinfo\/#\/schema\/person\/6f9a650eeea99d969b6c4ab78fccbe81"},"headline":"Bruy\u00e8res c\u00e9l\u00e8bre les Journ\u00e9es du Patrimoine avec un programme riche et festif","datePublished":"2025-09-11T07:25:55+00:00","dateModified":"2025-09-11T07:18:51+00:00","mainEntityOfPage":{"@id":"https:\/\/vosgesinfo.fr\/epinalinfo\/2025\/09\/bruyeres-celebre-les-journees-du-patrimoine-avec-un-programme-riche-et-festif\/"},"wordCount":274,"commentCount":0,"publisher":{"@id":"https:\/\/vosgesinfo.fr\/epinalinfo\/#organization"},"image":{"@id":"https:\/\/vosgesinfo.fr\/epinalinfo\/2025\/09\/bruyeres-celebre-les-journees-du-patrimoine-avec-un-programme-riche-et-festif\/#primaryimage"},"thumbnailUrl":"https:\/\/vosgesinfo.fr\/app\/uploads\/sites\/3\/2025\/09\/546156856-1208281911329730-1045338961806340158-n.jpg","articleSection":["A la Une","Bruy\u00e8res","Epinal","Tourisme"],"inLanguage":"fr-FR","potentialAction":[{"@type":"CommentAction","name":"Comment","target":["https:\/\/vosgesinfo.fr\/epinalinfo\/2025\/09\/bruyeres-celebre-les-journees-du-patrimoine-avec-un-programme-riche-et-festif\/#respond"]}]},{"@type":"WebPage","@id":"https:\/\/vosgesinfo.fr\/epinalinfo\/2025\/09\/bruyeres-celebre-les-journees-du-patrimoine-avec-un-programme-riche-et-festif\/","url":"https:\/\/vosgesinfo.fr\/epinalinfo\/2025\/09\/bruyeres-celebre-les-journees-du-patrimoine-avec-un-programme-riche-et-festif\/","name":"Bruy\u00e8res c\u00e9l\u00e8bre les Journ\u00e9es du Patrimoine avec un programme riche et festif - Epinal Info","isPartOf":{"@id":"https:\/\/vosgesinfo.fr\/epinalinfo\/#website"},"primaryImageOfPage":{"@id":"https:\/\/vosgesinfo.fr\/epinalinfo\/2025\/09\/bruyeres-celebre-les-journees-du-patrimoine-avec-un-programme-riche-et-festif\/#primaryimage"},"image":{"@id":"https:\/\/vosgesinfo.fr\/epinalinfo\/2025\/09\/bruyeres-celebre-les-journees-du-patrimoine-avec-un-programme-riche-et-festif\/#primaryimage"},"thumbnailUrl":"https:\/\/vosgesinfo.fr\/app\/uploads\/sites\/3\/2025\/09\/546156856-1208281911329730-1045338961806340158-n.jpg","datePublished":"2025-09-11T07:25:55+00:00","dateModified":"2025-09-11T07:18:51+00:00","breadcrumb":{"@id":"https:\/\/vosgesinfo.fr\/epinalinfo\/2025\/09\/bruyeres-celebre-les-journees-du-patrimoine-avec-un-programme-riche-et-festif\/#breadcrumb"},"inLanguage":"fr-FR","potentialAction":[{"@type":"ReadAction","target":["https:\/\/vosgesinfo.fr\/epinalinfo\/2025\/09\/bruyeres-celebre-les-journees-du-patrimoine-avec-un-programme-riche-et-festif\/"]}]},{"@type":"ImageObject","inLanguage":"fr-FR","@id":"https:\/\/vosgesinfo.fr\/epinalinfo\/2025\/09\/bruyeres-celebre-les-journees-du-patrimoine-avec-un-programme-riche-et-festif\/#primaryimage","url":"https:\/\/vosgesinfo.fr\/app\/uploads\/sites\/3\/2025\/09\/546156856-1208281911329730-1045338961806340158-n.jpg","contentUrl":"https:\/\/vosgesinfo.fr\/app\/uploads\/sites\/3\/2025\/09\/546156856-1208281911329730-1045338961806340158-n.jpg","width":1414,"height":2000},{"@type":"BreadcrumbList","@id":"https:\/\/vosgesinfo.fr\/epinalinfo\/2025\/09\/bruyeres-celebre-les-journees-du-patrimoine-avec-un-programme-riche-et-festif\/#breadcrumb","itemListElement":[{"@type":"ListItem","position":1,"name":"Home","item":"https:\/\/vosgesinfo.fr\/epinalinfo\/"},{"@type":"ListItem","position":2,"name":"Bruy\u00e8res c\u00e9l\u00e8bre les Journ\u00e9es du Patrimoine avec un programme riche et festif"}]},{"@type":"WebSite","@id":"https:\/\/vosgesinfo.fr\/epinalinfo\/#website","url":"https:\/\/vosgesinfo.fr\/epinalinfo\/","name":"Epinal Info","description":"Toute l&#039;actualit\u00e9 d&#039;\u00c9pinal","publisher":{"@id":"https:\/\/vosgesinfo.fr\/epinalinfo\/#organization"},"alternateName":"Toute l'actualit\u00e9 d'\u00c9pinal","potentialAction":[{"@type":"SearchAction","target":{"@type":"EntryPoint","urlTemplate":"https:\/\/vosgesinfo.fr\/epinalinfo\/?s={search_term_string}"},"query-input":"required name=search_term_string"}],"inLanguage":"fr-FR"},{"@type":"Organization","@id":"https:\/\/vosgesinfo.fr\/epinalinfo\/#organization","name":"Epinal Info","url":"https:\/\/vosgesinfo.fr\/epinalinfo\/","logo":{"@type":"ImageObject","inLanguage":"fr-FR","@id":"https:\/\/vosgesinfo.fr\/epinalinfo\/#\/schema\/logo\/image\/","url":"https:\/\/vosgesinfo.fr\/app\/uploads\/sites\/3\/2023\/08\/logo-epinalinfos.svg","contentUrl":"https:\/\/vosgesinfo.fr\/app\/uploads\/sites\/3\/2023\/08\/logo-epinalinfos.svg","width":1,"height":1,"caption":"Epinal Info"},"image":{"@id":"https:\/\/vosgesinfo.fr\/epinalinfo\/#\/schema\/logo\/image\/"},"sameAs":["https:\/\/www.facebook.com\/Epinalinfos","https:\/\/x.com\/VosgesInfo88","https:\/\/www.youtube.com\/@vosgesinfo"]},{"@type":"Person","@id":"https:\/\/vosgesinfo.fr\/epinalinfo\/#\/schema\/person\/6f9a650eeea99d969b6c4ab78fccbe81","name":"C.K.","image":{"@type":"ImageObject","inLanguage":"fr-FR","@id":"https:\/\/vosgesinfo.fr\/epinalinfo\/#\/schema\/person\/image\/","url":"https:\/\/secure.gravatar.com\/avatar\/48e3fc7f8421ba8942be6b74a2b7f014ca39bc00dece156b7a8e098ae7dc87bf?s=96&d=mm&r=g","contentUrl":"https:\/\/secure.gravatar.com\/avatar\/48e3fc7f8421ba8942be6b74a2b7f014ca39bc00dece156b7a8e098ae7dc87bf?s=96&d=mm&r=g","caption":"C.K."},"url":"https:\/\/vosgesinfo.fr\/epinalinfo\/author\/celia-k-n\/"}]}},"_links":{"self":[{"href":"https:\/\/vosgesinfo.fr\/epinalinfo\/wp-json\/wp\/v2\/posts\/135164","targetHints":{"allow":["GET"]}}],"collection":[{"href":"https:\/\/vosgesinfo.fr\/epinalinfo\/wp-json\/wp\/v2\/posts"}],"about":[{"href":"https:\/\/vosgesinfo.fr\/epinalinfo\/wp-json\/wp\/v2\/types\/post"}],"author":[{"embeddable":true,"href":"https:\/\/vosgesinfo.fr\/epinalinfo\/wp-json\/wp\/v2\/users\/52"}],"replies":[{"embeddable":true,"href":"https:\/\/vosgesinfo.fr\/epinalinfo\/wp-json\/wp\/v2\/comments?post=135164"}],"version-history":[{"count":1,"href":"https:\/\/vosgesinfo.fr\/epinalinfo\/wp-json\/wp\/v2\/posts\/135164\/revisions"}],"predecessor-version":[{"id":135167,"href":"https:\/\/vosgesinfo.fr\/epinalinfo\/wp-json\/wp\/v2\/posts\/135164\/revisions\/135167"}],"wp:featuredmedia":[{"embeddable":true,"href":"https:\/\/vosgesinfo.fr\/epinalinfo\/wp-json\/wp\/v2\/media\/135165"}],"wp:attachment":[{"href":"https:\/\/vosgesinfo.fr\/epinalinfo\/wp-json\/wp\/v2\/media?parent=135164"}],"wp:term":[{"taxonomy":"category","embeddable":true,"href":"https:\/\/vosgesinfo.fr\/epinalinfo\/wp-json\/wp\/v2\/categories?post=135164"},{"taxonomy":"post_tag","embeddable":true,"href":"https:\/\/vosgesinfo.fr\/epinalinfo\/wp-json\/wp\/v2\/tags?post=135164"}],"curies":[{"name":"wp","href":"https:\/\/api.w.org\/{rel}","templated":true}]}}