{"id":135171,"date":"2025-09-11T09:44:24","date_gmt":"2025-09-11T07:44:24","guid":{"rendered":"https:\/\/vosgesinfo.fr\/epinalinfo\/?p=135171"},"modified":"2025-09-11T09:43:29","modified_gmt":"2025-09-11T07:43:29","slug":"golbey-un-incendie-devastateur-ravage-un-immeuble-rue-depinal","status":"publish","type":"post","link":"https:\/\/vosgesinfo.fr\/epinalinfo\/2025\/09\/golbey-un-incendie-devastateur-ravage-un-immeuble-rue-depinal\/","title":{"rendered":"Golbey : un incendie d\u00e9vastateur ravage un immeuble rue d\u2019\u00c9pinal"},"content":{"rendered":"<div id=\"attachment_135172\" style=\"width: 2058px\" class=\"wp-caption aligncenter\"><a href=\"https:\/\/vosgesinfo.fr\/app\/uploads\/sites\/3\/2025\/09\/547091702-1195250125979315-8828665174067453730-n.jpg\"><img decoding=\"async\" aria-describedby=\"caption-attachment-135172\" class=\"size-full wp-image-135172\" src=\"https:\/\/vosgesinfo.fr\/app\/uploads\/sites\/3\/2025\/09\/547091702-1195250125979315-8828665174067453730-n.jpg\" alt=\"\" width=\"2048\" height=\"1360\" srcset=\"https:\/\/vosgesinfo.fr\/app\/uploads\/sites\/3\/2025\/09\/547091702-1195250125979315-8828665174067453730-n.jpg 2048w, https:\/\/vosgesinfo.fr\/app\/uploads\/sites\/3\/2025\/09\/547091702-1195250125979315-8828665174067453730-n-300x199.jpg 300w, https:\/\/vosgesinfo.fr\/app\/uploads\/sites\/3\/2025\/09\/547091702-1195250125979315-8828665174067453730-n-1024x680.jpg 1024w, https:\/\/vosgesinfo.fr\/app\/uploads\/sites\/3\/2025\/09\/547091702-1195250125979315-8828665174067453730-n-768x510.jpg 768w, https:\/\/vosgesinfo.fr\/app\/uploads\/sites\/3\/2025\/09\/547091702-1195250125979315-8828665174067453730-n-1536x1020.jpg 1536w\" sizes=\"(max-width: 2048px) 100vw, 2048px\" \/><\/a><p id=\"caption-attachment-135172\" class=\"wp-caption-text\">photo Sapeurs-pompiers des Vosges<\/p><\/div>\n<h2 data-start=\"169\" data-end=\"551\"><strong>Dans la nuit de mercredi \u00e0 jeudi, peu apr\u00e8s minuit, un violent incendie s\u2019est d\u00e9clar\u00e9 au dernier \u00e9tage d\u2019un immeuble d\u2019habitation situ\u00e9 rue d\u2019\u00c9pinal, \u00e0 Golbey. Le b\u00e2timent, construit en R+2 avec combles et accol\u00e9 de part et d\u2019autre, a \u00e9t\u00e9 rapidement la proie des flammes. L\u2019embrasement g\u00e9n\u00e9ralis\u00e9 a provoqu\u00e9 l\u2019effondrement de la toiture, malgr\u00e9 l\u2019intervention massive des secours.<\/strong><\/h2>\n<h3 data-start=\"553\" data-end=\"611\">Une mobilisation impressionnante des sapeurs-pompiers<\/h3>\n<p data-start=\"612\" data-end=\"925\">Alert\u00e9s rapidement, pas moins de 56 soldats du feu ont \u00e9t\u00e9 d\u00e9p\u00each\u00e9s sur place, accompagn\u00e9s de nombreux v\u00e9hicules terrestres et de moyens a\u00e9riens. Trois lances ont \u00e9t\u00e9 d\u00e9ploy\u00e9es pour contenir l\u2019incendie et \u00e9viter toute propagation aux immeubles voisins. L\u2019op\u00e9ration, de grande envergure, a dur\u00e9 plusieurs heures.<\/p>\n<h3 data-start=\"927\" data-end=\"958\">Un homme gri\u00e8vement bless\u00e9<\/h3>\n<p data-start=\"959\" data-end=\"1199\">Un homme de 35 ans, s\u00e9v\u00e8rement br\u00fbl\u00e9 lors du sinistre, a \u00e9t\u00e9 m\u00e9dicalis\u00e9 sur place avant d\u2019\u00eatre transport\u00e9 en urgence absolue vers le centre hospitalier r\u00e9gional de Metz Mercy, au service des grands br\u00fbl\u00e9s. Son \u00e9tat reste tr\u00e8s pr\u00e9occupant.<\/p>\n<h3 data-start=\"1201\" data-end=\"1230\">Relogement des habitants<\/h3>\n<p data-start=\"1231\" data-end=\"1475\">Deux autres personnes pr\u00e9sentes dans l\u2019immeuble ont pu \u00eatre \u00e9vacu\u00e9es \u00e0 temps. Bien qu\u2019elles n\u2019aient pas \u00e9t\u00e9 bless\u00e9es, elles ne pourront pas regagner leur logement en raison des importants d\u00e9g\u00e2ts caus\u00e9s par l\u2019incendie et devront \u00eatre relog\u00e9es.<\/p>\n<p data-start=\"1477\" data-end=\"1635\">Les causes exactes du sinistre n\u2019\u00e9taient pas encore \u00e9tablies ce jeudi matin. Une enqu\u00eate est en cours pour d\u00e9terminer l\u2019origine de ce violent d\u00e9part de feu.<\/p>\n\n\t\t<style type=\"text\/css\">\n\t\t\t#gallery-1 {\n\t\t\t\tmargin: auto;\n\t\t\t}\n\t\t\t#gallery-1 .gallery-item {\n\t\t\t\tfloat: left;\n\t\t\t\tmargin-top: 10px;\n\t\t\t\ttext-align: center;\n\t\t\t\twidth: 33%;\n\t\t\t}\n\t\t\t#gallery-1 img {\n\t\t\t\tborder: 2px solid #cfcfcf;\n\t\t\t}\n\t\t\t#gallery-1 .gallery-caption {\n\t\t\t\tmargin-left: 0;\n\t\t\t}\n\t\t\t\/* see gallery_shortcode() in wp-includes\/media.php *\/\n\t\t<\/style>\n\t\t<div id='gallery-1' class='gallery galleryid-135171 gallery-columns-3 gallery-size-large'><dl class='gallery-item'>\n\t\t\t<dt class='gallery-icon landscape'>\n\t\t\t\t<a href='https:\/\/vosgesinfo.fr\/app\/uploads\/sites\/3\/2025\/09\/546477132-1195250109312650-7040881091672822238-n.jpg'><img decoding=\"async\" width=\"1024\" height=\"642\" src=\"https:\/\/vosgesinfo.fr\/app\/uploads\/sites\/3\/2025\/09\/546477132-1195250109312650-7040881091672822238-n-1024x642.jpg\" class=\"attachment-large size-large\" alt=\"\" srcset=\"https:\/\/vosgesinfo.fr\/app\/uploads\/sites\/3\/2025\/09\/546477132-1195250109312650-7040881091672822238-n-1024x642.jpg 1024w, https:\/\/vosgesinfo.fr\/app\/uploads\/sites\/3\/2025\/09\/546477132-1195250109312650-7040881091672822238-n-300x188.jpg 300w, https:\/\/vosgesinfo.fr\/app\/uploads\/sites\/3\/2025\/09\/546477132-1195250109312650-7040881091672822238-n-768x481.jpg 768w, https:\/\/vosgesinfo.fr\/app\/uploads\/sites\/3\/2025\/09\/546477132-1195250109312650-7040881091672822238-n-1536x962.jpg 1536w, https:\/\/vosgesinfo.fr\/app\/uploads\/sites\/3\/2025\/09\/546477132-1195250109312650-7040881091672822238-n.jpg 2048w\" sizes=\"(max-width: 1024px) 100vw, 1024px\" \/><\/a>\n\t\t\t<\/dt><\/dl><dl class='gallery-item'>\n\t\t\t<dt class='gallery-icon landscape'>\n\t\t\t\t<a href='https:\/\/vosgesinfo.fr\/app\/uploads\/sites\/3\/2025\/09\/546616714-1195250162645978-3040553945566414873-n-scaled.jpg'><img decoding=\"async\" width=\"1024\" height=\"493\" src=\"https:\/\/vosgesinfo.fr\/app\/uploads\/sites\/3\/2025\/09\/546616714-1195250162645978-3040553945566414873-n-1024x493.jpg\" class=\"attachment-large size-large\" alt=\"\" srcset=\"https:\/\/vosgesinfo.fr\/app\/uploads\/sites\/3\/2025\/09\/546616714-1195250162645978-3040553945566414873-n-1024x493.jpg 1024w, https:\/\/vosgesinfo.fr\/app\/uploads\/sites\/3\/2025\/09\/546616714-1195250162645978-3040553945566414873-n-300x144.jpg 300w, https:\/\/vosgesinfo.fr\/app\/uploads\/sites\/3\/2025\/09\/546616714-1195250162645978-3040553945566414873-n-768x370.jpg 768w, https:\/\/vosgesinfo.fr\/app\/uploads\/sites\/3\/2025\/09\/546616714-1195250162645978-3040553945566414873-n-1536x739.jpg 1536w, https:\/\/vosgesinfo.fr\/app\/uploads\/sites\/3\/2025\/09\/546616714-1195250162645978-3040553945566414873-n-2048x986.jpg 2048w\" sizes=\"(max-width: 1024px) 100vw, 1024px\" \/><\/a>\n\t\t\t<\/dt><\/dl>\n\t\t\t<br style='clear: both' \/>\n\t\t<\/div>\n\n","protected":false},"excerpt":{"rendered":"<p>Dans la nuit de mercredi \u00e0 jeudi, peu apr\u00e8s minuit, un violent incendie s\u2019est d\u00e9clar\u00e9 au dernier \u00e9tage d\u2019un immeuble [&hellip;]<\/p>\n","protected":false},"author":52,"featured_media":135172,"comment_status":"open","ping_status":"open","sticky":false,"template":"","format":"standard","meta":{"footnotes":""},"categories":[22,24,6,148],"tags":[],"class_list":["post-135171","post","type-post","status-publish","format-standard","has-post-thumbnail","hentry","category-a-la-une","category-epinal","category-faits-divers","category-golbey"],"acf":[],"yoast_head":"<!-- This site is optimized with the Yoast SEO plugin v22.5 - https:\/\/yoast.com\/wordpress\/plugins\/seo\/ -->\n<title>Golbey : un incendie d\u00e9vastateur ravage un immeuble rue d\u2019\u00c9pinal - Epinal Info<\/title>\n<meta name=\"robots\" content=\"index, follow, max-snippet:-1, max-image-preview:large, max-video-preview:-1\" \/>\n<link rel=\"canonical\" href=\"https:\/\/vosgesinfo.fr\/epinalinfo\/2025\/09\/golbey-un-incendie-devastateur-ravage-un-immeuble-rue-depinal\/\" \/>\n<meta name=\"twitter:card\" content=\"summary_large_image\" \/>\n<meta name=\"twitter:title\" content=\"Golbey : un incendie d\u00e9vastateur ravage un immeuble rue d\u2019\u00c9pinal - Epinal Info\" \/>\n<meta name=\"twitter:description\" content=\"Dans la nuit de mercredi \u00e0 jeudi, peu apr\u00e8s minuit, un violent incendie s\u2019est d\u00e9clar\u00e9 au dernier \u00e9tage d\u2019un immeuble [&hellip;]\" \/>\n<meta name=\"twitter:image\" content=\"https:\/\/vosgesinfo.fr\/app\/uploads\/sites\/3\/2025\/09\/547091702-1195250125979315-8828665174067453730-n.jpg\" \/>\n<meta name=\"twitter:creator\" content=\"@VosgesInfo88\" \/>\n<meta name=\"twitter:site\" content=\"@VosgesInfo88\" \/>\n<meta name=\"twitter:label1\" content=\"\u00c9crit par\" \/>\n\t<meta name=\"twitter:data1\" content=\"C.K.\" \/>\n\t<meta name=\"twitter:label2\" content=\"Dur\u00e9e de lecture estim\u00e9e\" \/>\n\t<meta name=\"twitter:data2\" content=\"2 minutes\" \/>\n<script type=\"application\/ld+json\" class=\"yoast-schema-graph\">{\"@context\":\"https:\/\/schema.org\",\"@graph\":[{\"@type\":\"Article\",\"@id\":\"https:\/\/vosgesinfo.fr\/epinalinfo\/2025\/09\/golbey-un-incendie-devastateur-ravage-un-immeuble-rue-depinal\/#article\",\"isPartOf\":{\"@id\":\"https:\/\/vosgesinfo.fr\/epinalinfo\/2025\/09\/golbey-un-incendie-devastateur-ravage-un-immeuble-rue-depinal\/\"},\"author\":{\"name\":\"C.K.\",\"@id\":\"https:\/\/vosgesinfo.fr\/epinalinfo\/#\/schema\/person\/6f9a650eeea99d969b6c4ab78fccbe81\"},\"headline\":\"Golbey : un incendie d\u00e9vastateur ravage un immeuble rue d\u2019\u00c9pinal\",\"datePublished\":\"2025-09-11T07:44:24+00:00\",\"dateModified\":\"2025-09-11T07:43:29+00:00\",\"mainEntityOfPage\":{\"@id\":\"https:\/\/vosgesinfo.fr\/epinalinfo\/2025\/09\/golbey-un-incendie-devastateur-ravage-un-immeuble-rue-depinal\/\"},\"wordCount\":294,\"commentCount\":0,\"publisher\":{\"@id\":\"https:\/\/vosgesinfo.fr\/epinalinfo\/#organization\"},\"image\":{\"@id\":\"https:\/\/vosgesinfo.fr\/epinalinfo\/2025\/09\/golbey-un-incendie-devastateur-ravage-un-immeuble-rue-depinal\/#primaryimage\"},\"thumbnailUrl\":\"https:\/\/vosgesinfo.fr\/app\/uploads\/sites\/3\/2025\/09\/547091702-1195250125979315-8828665174067453730-n.jpg\",\"articleSection\":[\"A la Une\",\"Epinal\",\"Faits-divers\",\"Golbey\"],\"inLanguage\":\"fr-FR\",\"potentialAction\":[{\"@type\":\"CommentAction\",\"name\":\"Comment\",\"target\":[\"https:\/\/vosgesinfo.fr\/epinalinfo\/2025\/09\/golbey-un-incendie-devastateur-ravage-un-immeuble-rue-depinal\/#respond\"]}]},{\"@type\":\"WebPage\",\"@id\":\"https:\/\/vosgesinfo.fr\/epinalinfo\/2025\/09\/golbey-un-incendie-devastateur-ravage-un-immeuble-rue-depinal\/\",\"url\":\"https:\/\/vosgesinfo.fr\/epinalinfo\/2025\/09\/golbey-un-incendie-devastateur-ravage-un-immeuble-rue-depinal\/\",\"name\":\"Golbey : un incendie d\u00e9vastateur ravage un immeuble rue d\u2019\u00c9pinal - Epinal Info\",\"isPartOf\":{\"@id\":\"https:\/\/vosgesinfo.fr\/epinalinfo\/#website\"},\"primaryImageOfPage\":{\"@id\":\"https:\/\/vosgesinfo.fr\/epinalinfo\/2025\/09\/golbey-un-incendie-devastateur-ravage-un-immeuble-rue-depinal\/#primaryimage\"},\"image\":{\"@id\":\"https:\/\/vosgesinfo.fr\/epinalinfo\/2025\/09\/golbey-un-incendie-devastateur-ravage-un-immeuble-rue-depinal\/#primaryimage\"},\"thumbnailUrl\":\"https:\/\/vosgesinfo.fr\/app\/uploads\/sites\/3\/2025\/09\/547091702-1195250125979315-8828665174067453730-n.jpg\",\"datePublished\":\"2025-09-11T07:44:24+00:00\",\"dateModified\":\"2025-09-11T07:43:29+00:00\",\"breadcrumb\":{\"@id\":\"https:\/\/vosgesinfo.fr\/epinalinfo\/2025\/09\/golbey-un-incendie-devastateur-ravage-un-immeuble-rue-depinal\/#breadcrumb\"},\"inLanguage\":\"fr-FR\",\"potentialAction\":[{\"@type\":\"ReadAction\",\"target\":[\"https:\/\/vosgesinfo.fr\/epinalinfo\/2025\/09\/golbey-un-incendie-devastateur-ravage-un-immeuble-rue-depinal\/\"]}]},{\"@type\":\"ImageObject\",\"inLanguage\":\"fr-FR\",\"@id\":\"https:\/\/vosgesinfo.fr\/epinalinfo\/2025\/09\/golbey-un-incendie-devastateur-ravage-un-immeuble-rue-depinal\/#primaryimage\",\"url\":\"https:\/\/vosgesinfo.fr\/app\/uploads\/sites\/3\/2025\/09\/547091702-1195250125979315-8828665174067453730-n.jpg\",\"contentUrl\":\"https:\/\/vosgesinfo.fr\/app\/uploads\/sites\/3\/2025\/09\/547091702-1195250125979315-8828665174067453730-n.jpg\",\"width\":2048,\"height\":1360,\"caption\":\"photo Sapeurs-pompiers des Vosges\"},{\"@type\":\"BreadcrumbList\",\"@id\":\"https:\/\/vosgesinfo.fr\/epinalinfo\/2025\/09\/golbey-un-incendie-devastateur-ravage-un-immeuble-rue-depinal\/#breadcrumb\",\"itemListElement\":[{\"@type\":\"ListItem\",\"position\":1,\"name\":\"Home\",\"item\":\"https:\/\/vosgesinfo.fr\/epinalinfo\/\"},{\"@type\":\"ListItem\",\"position\":2,\"name\":\"Golbey : un incendie d\u00e9vastateur ravage un immeuble rue d\u2019\u00c9pinal\"}]},{\"@type\":\"WebSite\",\"@id\":\"https:\/\/vosgesinfo.fr\/epinalinfo\/#website\",\"url\":\"https:\/\/vosgesinfo.fr\/epinalinfo\/\",\"name\":\"Epinal Info\",\"description\":\"Toute l&#039;actualit\u00e9 d&#039;\u00c9pinal\",\"publisher\":{\"@id\":\"https:\/\/vosgesinfo.fr\/epinalinfo\/#organization\"},\"alternateName\":\"Toute l'actualit\u00e9 d'\u00c9pinal\",\"potentialAction\":[{\"@type\":\"SearchAction\",\"target\":{\"@type\":\"EntryPoint\",\"urlTemplate\":\"https:\/\/vosgesinfo.fr\/epinalinfo\/?s={search_term_string}\"},\"query-input\":\"required name=search_term_string\"}],\"inLanguage\":\"fr-FR\"},{\"@type\":\"Organization\",\"@id\":\"https:\/\/vosgesinfo.fr\/epinalinfo\/#organization\",\"name\":\"Epinal Info\",\"url\":\"https:\/\/vosgesinfo.fr\/epinalinfo\/\",\"logo\":{\"@type\":\"ImageObject\",\"inLanguage\":\"fr-FR\",\"@id\":\"https:\/\/vosgesinfo.fr\/epinalinfo\/#\/schema\/logo\/image\/\",\"url\":\"https:\/\/vosgesinfo.fr\/app\/uploads\/sites\/3\/2023\/08\/logo-epinalinfos.svg\",\"contentUrl\":\"https:\/\/vosgesinfo.fr\/app\/uploads\/sites\/3\/2023\/08\/logo-epinalinfos.svg\",\"width\":1,\"height\":1,\"caption\":\"Epinal Info\"},\"image\":{\"@id\":\"https:\/\/vosgesinfo.fr\/epinalinfo\/#\/schema\/logo\/image\/\"},\"sameAs\":[\"https:\/\/www.facebook.com\/Epinalinfos\",\"https:\/\/x.com\/VosgesInfo88\",\"https:\/\/www.youtube.com\/@vosgesinfo\"]},{\"@type\":\"Person\",\"@id\":\"https:\/\/vosgesinfo.fr\/epinalinfo\/#\/schema\/person\/6f9a650eeea99d969b6c4ab78fccbe81\",\"name\":\"C.K.\",\"image\":{\"@type\":\"ImageObject\",\"inLanguage\":\"fr-FR\",\"@id\":\"https:\/\/vosgesinfo.fr\/epinalinfo\/#\/schema\/person\/image\/\",\"url\":\"https:\/\/secure.gravatar.com\/avatar\/48e3fc7f8421ba8942be6b74a2b7f014ca39bc00dece156b7a8e098ae7dc87bf?s=96&d=mm&r=g\",\"contentUrl\":\"https:\/\/secure.gravatar.com\/avatar\/48e3fc7f8421ba8942be6b74a2b7f014ca39bc00dece156b7a8e098ae7dc87bf?s=96&d=mm&r=g\",\"caption\":\"C.K.\"},\"url\":\"https:\/\/vosgesinfo.fr\/epinalinfo\/author\/celia-k-n\/\"}]}<\/script>\n<!-- \/ Yoast SEO plugin. -->","yoast_head_json":{"title":"Golbey : un incendie d\u00e9vastateur ravage un immeuble rue d\u2019\u00c9pinal - Epinal Info","robots":{"index":"index","follow":"follow","max-snippet":"max-snippet:-1","max-image-preview":"max-image-preview:large","max-video-preview":"max-video-preview:-1"},"canonical":"https:\/\/vosgesinfo.fr\/epinalinfo\/2025\/09\/golbey-un-incendie-devastateur-ravage-un-immeuble-rue-depinal\/","twitter_card":"summary_large_image","twitter_title":"Golbey : un incendie d\u00e9vastateur ravage un immeuble rue d\u2019\u00c9pinal - Epinal Info","twitter_description":"Dans la nuit de mercredi \u00e0 jeudi, peu apr\u00e8s minuit, un violent incendie s\u2019est d\u00e9clar\u00e9 au dernier \u00e9tage d\u2019un immeuble [&hellip;]","twitter_image":"https:\/\/vosgesinfo.fr\/app\/uploads\/sites\/3\/2025\/09\/547091702-1195250125979315-8828665174067453730-n.jpg","twitter_creator":"@VosgesInfo88","twitter_site":"@VosgesInfo88","twitter_misc":{"\u00c9crit par":"C.K.","Dur\u00e9e de lecture estim\u00e9e":"2 minutes"},"schema":{"@context":"https:\/\/schema.org","@graph":[{"@type":"Article","@id":"https:\/\/vosgesinfo.fr\/epinalinfo\/2025\/09\/golbey-un-incendie-devastateur-ravage-un-immeuble-rue-depinal\/#article","isPartOf":{"@id":"https:\/\/vosgesinfo.fr\/epinalinfo\/2025\/09\/golbey-un-incendie-devastateur-ravage-un-immeuble-rue-depinal\/"},"author":{"name":"C.K.","@id":"https:\/\/vosgesinfo.fr\/epinalinfo\/#\/schema\/person\/6f9a650eeea99d969b6c4ab78fccbe81"},"headline":"Golbey : un incendie d\u00e9vastateur ravage un immeuble rue d\u2019\u00c9pinal","datePublished":"2025-09-11T07:44:24+00:00","dateModified":"2025-09-11T07:43:29+00:00","mainEntityOfPage":{"@id":"https:\/\/vosgesinfo.fr\/epinalinfo\/2025\/09\/golbey-un-incendie-devastateur-ravage-un-immeuble-rue-depinal\/"},"wordCount":294,"commentCount":0,"publisher":{"@id":"https:\/\/vosgesinfo.fr\/epinalinfo\/#organization"},"image":{"@id":"https:\/\/vosgesinfo.fr\/epinalinfo\/2025\/09\/golbey-un-incendie-devastateur-ravage-un-immeuble-rue-depinal\/#primaryimage"},"thumbnailUrl":"https:\/\/vosgesinfo.fr\/app\/uploads\/sites\/3\/2025\/09\/547091702-1195250125979315-8828665174067453730-n.jpg","articleSection":["A la Une","Epinal","Faits-divers","Golbey"],"inLanguage":"fr-FR","potentialAction":[{"@type":"CommentAction","name":"Comment","target":["https:\/\/vosgesinfo.fr\/epinalinfo\/2025\/09\/golbey-un-incendie-devastateur-ravage-un-immeuble-rue-depinal\/#respond"]}]},{"@type":"WebPage","@id":"https:\/\/vosgesinfo.fr\/epinalinfo\/2025\/09\/golbey-un-incendie-devastateur-ravage-un-immeuble-rue-depinal\/","url":"https:\/\/vosgesinfo.fr\/epinalinfo\/2025\/09\/golbey-un-incendie-devastateur-ravage-un-immeuble-rue-depinal\/","name":"Golbey : un incendie d\u00e9vastateur ravage un immeuble rue d\u2019\u00c9pinal - Epinal Info","isPartOf":{"@id":"https:\/\/vosgesinfo.fr\/epinalinfo\/#website"},"primaryImageOfPage":{"@id":"https:\/\/vosgesinfo.fr\/epinalinfo\/2025\/09\/golbey-un-incendie-devastateur-ravage-un-immeuble-rue-depinal\/#primaryimage"},"image":{"@id":"https:\/\/vosgesinfo.fr\/epinalinfo\/2025\/09\/golbey-un-incendie-devastateur-ravage-un-immeuble-rue-depinal\/#primaryimage"},"thumbnailUrl":"https:\/\/vosgesinfo.fr\/app\/uploads\/sites\/3\/2025\/09\/547091702-1195250125979315-8828665174067453730-n.jpg","datePublished":"2025-09-11T07:44:24+00:00","dateModified":"2025-09-11T07:43:29+00:00","breadcrumb":{"@id":"https:\/\/vosgesinfo.fr\/epinalinfo\/2025\/09\/golbey-un-incendie-devastateur-ravage-un-immeuble-rue-depinal\/#breadcrumb"},"inLanguage":"fr-FR","potentialAction":[{"@type":"ReadAction","target":["https:\/\/vosgesinfo.fr\/epinalinfo\/2025\/09\/golbey-un-incendie-devastateur-ravage-un-immeuble-rue-depinal\/"]}]},{"@type":"ImageObject","inLanguage":"fr-FR","@id":"https:\/\/vosgesinfo.fr\/epinalinfo\/2025\/09\/golbey-un-incendie-devastateur-ravage-un-immeuble-rue-depinal\/#primaryimage","url":"https:\/\/vosgesinfo.fr\/app\/uploads\/sites\/3\/2025\/09\/547091702-1195250125979315-8828665174067453730-n.jpg","contentUrl":"https:\/\/vosgesinfo.fr\/app\/uploads\/sites\/3\/2025\/09\/547091702-1195250125979315-8828665174067453730-n.jpg","width":2048,"height":1360,"caption":"photo Sapeurs-pompiers des Vosges"},{"@type":"BreadcrumbList","@id":"https:\/\/vosgesinfo.fr\/epinalinfo\/2025\/09\/golbey-un-incendie-devastateur-ravage-un-immeuble-rue-depinal\/#breadcrumb","itemListElement":[{"@type":"ListItem","position":1,"name":"Home","item":"https:\/\/vosgesinfo.fr\/epinalinfo\/"},{"@type":"ListItem","position":2,"name":"Golbey : un incendie d\u00e9vastateur ravage un immeuble rue d\u2019\u00c9pinal"}]},{"@type":"WebSite","@id":"https:\/\/vosgesinfo.fr\/epinalinfo\/#website","url":"https:\/\/vosgesinfo.fr\/epinalinfo\/","name":"Epinal Info","description":"Toute l&#039;actualit\u00e9 d&#039;\u00c9pinal","publisher":{"@id":"https:\/\/vosgesinfo.fr\/epinalinfo\/#organization"},"alternateName":"Toute l'actualit\u00e9 d'\u00c9pinal","potentialAction":[{"@type":"SearchAction","target":{"@type":"EntryPoint","urlTemplate":"https:\/\/vosgesinfo.fr\/epinalinfo\/?s={search_term_string}"},"query-input":"required name=search_term_string"}],"inLanguage":"fr-FR"},{"@type":"Organization","@id":"https:\/\/vosgesinfo.fr\/epinalinfo\/#organization","name":"Epinal Info","url":"https:\/\/vosgesinfo.fr\/epinalinfo\/","logo":{"@type":"ImageObject","inLanguage":"fr-FR","@id":"https:\/\/vosgesinfo.fr\/epinalinfo\/#\/schema\/logo\/image\/","url":"https:\/\/vosgesinfo.fr\/app\/uploads\/sites\/3\/2023\/08\/logo-epinalinfos.svg","contentUrl":"https:\/\/vosgesinfo.fr\/app\/uploads\/sites\/3\/2023\/08\/logo-epinalinfos.svg","width":1,"height":1,"caption":"Epinal Info"},"image":{"@id":"https:\/\/vosgesinfo.fr\/epinalinfo\/#\/schema\/logo\/image\/"},"sameAs":["https:\/\/www.facebook.com\/Epinalinfos","https:\/\/x.com\/VosgesInfo88","https:\/\/www.youtube.com\/@vosgesinfo"]},{"@type":"Person","@id":"https:\/\/vosgesinfo.fr\/epinalinfo\/#\/schema\/person\/6f9a650eeea99d969b6c4ab78fccbe81","name":"C.K.","image":{"@type":"ImageObject","inLanguage":"fr-FR","@id":"https:\/\/vosgesinfo.fr\/epinalinfo\/#\/schema\/person\/image\/","url":"https:\/\/secure.gravatar.com\/avatar\/48e3fc7f8421ba8942be6b74a2b7f014ca39bc00dece156b7a8e098ae7dc87bf?s=96&d=mm&r=g","contentUrl":"https:\/\/secure.gravatar.com\/avatar\/48e3fc7f8421ba8942be6b74a2b7f014ca39bc00dece156b7a8e098ae7dc87bf?s=96&d=mm&r=g","caption":"C.K."},"url":"https:\/\/vosgesinfo.fr\/epinalinfo\/author\/celia-k-n\/"}]}},"_links":{"self":[{"href":"https:\/\/vosgesinfo.fr\/epinalinfo\/wp-json\/wp\/v2\/posts\/135171","targetHints":{"allow":["GET"]}}],"collection":[{"href":"https:\/\/vosgesinfo.fr\/epinalinfo\/wp-json\/wp\/v2\/posts"}],"about":[{"href":"https:\/\/vosgesinfo.fr\/epinalinfo\/wp-json\/wp\/v2\/types\/post"}],"author":[{"embeddable":true,"href":"https:\/\/vosgesinfo.fr\/epinalinfo\/wp-json\/wp\/v2\/users\/52"}],"replies":[{"embeddable":true,"href":"https:\/\/vosgesinfo.fr\/epinalinfo\/wp-json\/wp\/v2\/comments?post=135171"}],"version-history":[{"count":1,"href":"https:\/\/vosgesinfo.fr\/epinalinfo\/wp-json\/wp\/v2\/posts\/135171\/revisions"}],"predecessor-version":[{"id":135175,"href":"https:\/\/vosgesinfo.fr\/epinalinfo\/wp-json\/wp\/v2\/posts\/135171\/revisions\/135175"}],"wp:featuredmedia":[{"embeddable":true,"href":"https:\/\/vosgesinfo.fr\/epinalinfo\/wp-json\/wp\/v2\/media\/135172"}],"wp:attachment":[{"href":"https:\/\/vosgesinfo.fr\/epinalinfo\/wp-json\/wp\/v2\/media?parent=135171"}],"wp:term":[{"taxonomy":"category","embeddable":true,"href":"https:\/\/vosgesinfo.fr\/epinalinfo\/wp-json\/wp\/v2\/categories?post=135171"},{"taxonomy":"post_tag","embeddable":true,"href":"https:\/\/vosgesinfo.fr\/epinalinfo\/wp-json\/wp\/v2\/tags?post=135171"}],"curies":[{"name":"wp","href":"https:\/\/api.w.org\/{rel}","templated":true}]}}