{"id":135188,"date":"2025-09-11T17:57:55","date_gmt":"2025-09-11T15:57:55","guid":{"rendered":"https:\/\/vosgesinfo.fr\/epinalinfo\/?p=135188"},"modified":"2025-09-11T18:11:18","modified_gmt":"2025-09-11T16:11:18","slug":"accident-mortel-sur-la-rn57-a-pouxeux-un-motard-belge-perd-la-vie","status":"publish","type":"post","link":"https:\/\/vosgesinfo.fr\/epinalinfo\/2025\/09\/accident-mortel-sur-la-rn57-a-pouxeux-un-motard-belge-perd-la-vie\/","title":{"rendered":"Accident mortel sur la RN57 \u00e0 Pouxeux : un motard belge perd la vie"},"content":{"rendered":"<h2 data-start=\"156\" data-end=\"359\"><strong><a href=\"https:\/\/vosgesinfo.fr\/app\/uploads\/sites\/3\/2025\/09\/accident.jpg\"><img decoding=\"async\" class=\"aligncenter size-full wp-image-135189\" src=\"https:\/\/vosgesinfo.fr\/app\/uploads\/sites\/3\/2025\/09\/accident.jpg\" alt=\"\" width=\"800\" height=\"600\" srcset=\"https:\/\/vosgesinfo.fr\/app\/uploads\/sites\/3\/2025\/09\/accident.jpg 800w, https:\/\/vosgesinfo.fr\/app\/uploads\/sites\/3\/2025\/09\/accident-300x225.jpg 300w, https:\/\/vosgesinfo.fr\/app\/uploads\/sites\/3\/2025\/09\/accident-768x576.jpg 768w\" sizes=\"(max-width: 800px) 100vw, 800px\" \/><\/a>Ce jeudi en milieu d\u2019apr\u00e8s-midi, un grave accident de la route s\u2019est produit sur la RN57, dans le sens \u00c9pinal-Remiremont, au niveau de l\u2019entr\u00e9e de la quatre voies \u00e0 Pouxeux, en direction de Remiremont.<\/strong><\/h2>\n<p data-start=\"361\" data-end=\"493\">Un motard, d\u2019origine belge et \u00e2g\u00e9 d\u2019une cinquantaine d\u2019ann\u00e9es, a tragiquement perdu la vie dans les circonstances de cet accident.<\/p>\n<p data-start=\"495\" data-end=\"746\">Rapidement, une vingtaine de sapeurs-pompiers vosgiens ont \u00e9t\u00e9 d\u00e9p\u00each\u00e9s sur place pour porter assistance et s\u00e9curiser la zone. Les forces de l\u2019ordre se sont \u00e9galement mobilis\u00e9es afin de r\u00e9guler la circulation et proc\u00e9der aux premi\u00e8res constatations.<\/p>\n<p data-start=\"748\" data-end=\"977\">L\u2019accident a entra\u00een\u00e9 d\u2019importants ralentissements et des bouchons dans les deux sens de circulation sur cet axe particuli\u00e8rement fr\u00e9quent\u00e9. Les autorit\u00e9s appellent les automobilistes \u00e0 faire preuve de prudence dans le secteur.<\/p>\n<p data-start=\"979\" data-end=\"1057\">Une enqu\u00eate est en cours pour d\u00e9terminer les circonstances exactes du drame.<\/p>\n\n\t\t<style type=\"text\/css\">\n\t\t\t#gallery-1 {\n\t\t\t\tmargin: auto;\n\t\t\t}\n\t\t\t#gallery-1 .gallery-item {\n\t\t\t\tfloat: left;\n\t\t\t\tmargin-top: 10px;\n\t\t\t\ttext-align: center;\n\t\t\t\twidth: 33%;\n\t\t\t}\n\t\t\t#gallery-1 img {\n\t\t\t\tborder: 2px solid #cfcfcf;\n\t\t\t}\n\t\t\t#gallery-1 .gallery-caption {\n\t\t\t\tmargin-left: 0;\n\t\t\t}\n\t\t\t\/* see gallery_shortcode() in wp-includes\/media.php *\/\n\t\t<\/style>\n\t\t<div id='gallery-1' class='gallery galleryid-135188 gallery-columns-3 gallery-size-large'><dl class='gallery-item'>\n\t\t\t<dt class='gallery-icon landscape'>\n\t\t\t\t<a href='https:\/\/vosgesinfo.fr\/app\/uploads\/sites\/3\/2025\/09\/accident5.jpg'><img decoding=\"async\" width=\"468\" height=\"297\" src=\"https:\/\/vosgesinfo.fr\/app\/uploads\/sites\/3\/2025\/09\/accident5.jpg\" class=\"attachment-large size-large\" alt=\"\" srcset=\"https:\/\/vosgesinfo.fr\/app\/uploads\/sites\/3\/2025\/09\/accident5.jpg 468w, https:\/\/vosgesinfo.fr\/app\/uploads\/sites\/3\/2025\/09\/accident5-300x190.jpg 300w\" sizes=\"(max-width: 468px) 100vw, 468px\" \/><\/a>\n\t\t\t<\/dt><\/dl><dl class='gallery-item'>\n\t\t\t<dt class='gallery-icon landscape'>\n\t\t\t\t<a href='https:\/\/vosgesinfo.fr\/app\/uploads\/sites\/3\/2025\/09\/accident-1.jpg'><img decoding=\"async\" width=\"800\" height=\"600\" src=\"https:\/\/vosgesinfo.fr\/app\/uploads\/sites\/3\/2025\/09\/accident-1.jpg\" class=\"attachment-large size-large\" alt=\"\" srcset=\"https:\/\/vosgesinfo.fr\/app\/uploads\/sites\/3\/2025\/09\/accident-1.jpg 800w, https:\/\/vosgesinfo.fr\/app\/uploads\/sites\/3\/2025\/09\/accident-1-300x225.jpg 300w, https:\/\/vosgesinfo.fr\/app\/uploads\/sites\/3\/2025\/09\/accident-1-768x576.jpg 768w\" sizes=\"(max-width: 800px) 100vw, 800px\" \/><\/a>\n\t\t\t<\/dt><\/dl><dl class='gallery-item'>\n\t\t\t<dt class='gallery-icon landscape'>\n\t\t\t\t<a href='https:\/\/vosgesinfo.fr\/app\/uploads\/sites\/3\/2025\/09\/accident2-1.jpg'><img decoding=\"async\" width=\"800\" height=\"600\" src=\"https:\/\/vosgesinfo.fr\/app\/uploads\/sites\/3\/2025\/09\/accident2-1.jpg\" class=\"attachment-large size-large\" alt=\"\" srcset=\"https:\/\/vosgesinfo.fr\/app\/uploads\/sites\/3\/2025\/09\/accident2-1.jpg 800w, https:\/\/vosgesinfo.fr\/app\/uploads\/sites\/3\/2025\/09\/accident2-1-300x225.jpg 300w, https:\/\/vosgesinfo.fr\/app\/uploads\/sites\/3\/2025\/09\/accident2-1-768x576.jpg 768w\" sizes=\"(max-width: 800px) 100vw, 800px\" \/><\/a>\n\t\t\t<\/dt><\/dl><br style=\"clear: both\" \/><dl class='gallery-item'>\n\t\t\t<dt class='gallery-icon landscape'>\n\t\t\t\t<a href='https:\/\/vosgesinfo.fr\/app\/uploads\/sites\/3\/2025\/09\/accident3.jpg'><img decoding=\"async\" width=\"800\" height=\"600\" src=\"https:\/\/vosgesinfo.fr\/app\/uploads\/sites\/3\/2025\/09\/accident3.jpg\" class=\"attachment-large size-large\" alt=\"\" srcset=\"https:\/\/vosgesinfo.fr\/app\/uploads\/sites\/3\/2025\/09\/accident3.jpg 800w, https:\/\/vosgesinfo.fr\/app\/uploads\/sites\/3\/2025\/09\/accident3-300x225.jpg 300w, https:\/\/vosgesinfo.fr\/app\/uploads\/sites\/3\/2025\/09\/accident3-768x576.jpg 768w\" sizes=\"(max-width: 800px) 100vw, 800px\" \/><\/a>\n\t\t\t<\/dt><\/dl>\n\t\t\t<br style='clear: both' \/>\n\t\t<\/div>\n\n","protected":false},"excerpt":{"rendered":"<p>Ce jeudi en milieu d\u2019apr\u00e8s-midi, un grave accident de la route s\u2019est produit sur la RN57, dans le sens \u00c9pinal-Remiremont, [&hellip;]<\/p>\n","protected":false},"author":52,"featured_media":135189,"comment_status":"open","ping_status":"open","sticky":false,"template":"","format":"standard","meta":{"footnotes":""},"categories":[22,24,6,6055,468],"tags":[],"class_list":["post-135188","post","type-post","status-publish","format-standard","has-post-thumbnail","hentry","category-a-la-une","category-epinal","category-faits-divers","category-remiremont","category-voeux"],"acf":[],"yoast_head":"<!-- This site is optimized with the Yoast SEO plugin v22.5 - https:\/\/yoast.com\/wordpress\/plugins\/seo\/ -->\n<title>Accident mortel sur la RN57 \u00e0 Pouxeux : un motard belge perd la vie - Epinal Info<\/title>\n<meta name=\"robots\" content=\"index, follow, max-snippet:-1, max-image-preview:large, max-video-preview:-1\" \/>\n<link rel=\"canonical\" href=\"https:\/\/vosgesinfo.fr\/epinalinfo\/2025\/09\/accident-mortel-sur-la-rn57-a-pouxeux-un-motard-belge-perd-la-vie\/\" \/>\n<meta name=\"twitter:card\" content=\"summary_large_image\" \/>\n<meta name=\"twitter:title\" content=\"Accident mortel sur la RN57 \u00e0 Pouxeux : un motard belge perd la vie - Epinal Info\" \/>\n<meta name=\"twitter:description\" content=\"Ce jeudi en milieu d\u2019apr\u00e8s-midi, un grave accident de la route s\u2019est produit sur la RN57, dans le sens \u00c9pinal-Remiremont, [&hellip;]\" \/>\n<meta name=\"twitter:image\" content=\"https:\/\/vosgesinfo.fr\/app\/uploads\/sites\/3\/2025\/09\/accident.jpg\" \/>\n<meta name=\"twitter:creator\" content=\"@VosgesInfo88\" \/>\n<meta name=\"twitter:site\" content=\"@VosgesInfo88\" \/>\n<meta name=\"twitter:label1\" content=\"\u00c9crit par\" \/>\n\t<meta name=\"twitter:data1\" content=\"C.K.\" \/>\n\t<meta name=\"twitter:label2\" content=\"Dur\u00e9e de lecture estim\u00e9e\" \/>\n\t<meta name=\"twitter:data2\" content=\"2 minutes\" \/>\n<script type=\"application\/ld+json\" class=\"yoast-schema-graph\">{\"@context\":\"https:\/\/schema.org\",\"@graph\":[{\"@type\":\"Article\",\"@id\":\"https:\/\/vosgesinfo.fr\/epinalinfo\/2025\/09\/accident-mortel-sur-la-rn57-a-pouxeux-un-motard-belge-perd-la-vie\/#article\",\"isPartOf\":{\"@id\":\"https:\/\/vosgesinfo.fr\/epinalinfo\/2025\/09\/accident-mortel-sur-la-rn57-a-pouxeux-un-motard-belge-perd-la-vie\/\"},\"author\":{\"name\":\"C.K.\",\"@id\":\"https:\/\/vosgesinfo.fr\/epinalinfo\/#\/schema\/person\/6f9a650eeea99d969b6c4ab78fccbe81\"},\"headline\":\"Accident mortel sur la RN57 \u00e0 Pouxeux : un motard belge perd la vie\",\"datePublished\":\"2025-09-11T15:57:55+00:00\",\"dateModified\":\"2025-09-11T16:11:18+00:00\",\"mainEntityOfPage\":{\"@id\":\"https:\/\/vosgesinfo.fr\/epinalinfo\/2025\/09\/accident-mortel-sur-la-rn57-a-pouxeux-un-motard-belge-perd-la-vie\/\"},\"wordCount\":176,\"commentCount\":0,\"publisher\":{\"@id\":\"https:\/\/vosgesinfo.fr\/epinalinfo\/#organization\"},\"image\":{\"@id\":\"https:\/\/vosgesinfo.fr\/epinalinfo\/2025\/09\/accident-mortel-sur-la-rn57-a-pouxeux-un-motard-belge-perd-la-vie\/#primaryimage\"},\"thumbnailUrl\":\"https:\/\/vosgesinfo.fr\/app\/uploads\/sites\/3\/2025\/09\/accident.jpg\",\"articleSection\":[\"A la Une\",\"Epinal\",\"Faits-divers\",\"Remiremont\",\"Voeux\"],\"inLanguage\":\"fr-FR\",\"potentialAction\":[{\"@type\":\"CommentAction\",\"name\":\"Comment\",\"target\":[\"https:\/\/vosgesinfo.fr\/epinalinfo\/2025\/09\/accident-mortel-sur-la-rn57-a-pouxeux-un-motard-belge-perd-la-vie\/#respond\"]}]},{\"@type\":\"WebPage\",\"@id\":\"https:\/\/vosgesinfo.fr\/epinalinfo\/2025\/09\/accident-mortel-sur-la-rn57-a-pouxeux-un-motard-belge-perd-la-vie\/\",\"url\":\"https:\/\/vosgesinfo.fr\/epinalinfo\/2025\/09\/accident-mortel-sur-la-rn57-a-pouxeux-un-motard-belge-perd-la-vie\/\",\"name\":\"Accident mortel sur la RN57 \u00e0 Pouxeux : un motard belge perd la vie - Epinal Info\",\"isPartOf\":{\"@id\":\"https:\/\/vosgesinfo.fr\/epinalinfo\/#website\"},\"primaryImageOfPage\":{\"@id\":\"https:\/\/vosgesinfo.fr\/epinalinfo\/2025\/09\/accident-mortel-sur-la-rn57-a-pouxeux-un-motard-belge-perd-la-vie\/#primaryimage\"},\"image\":{\"@id\":\"https:\/\/vosgesinfo.fr\/epinalinfo\/2025\/09\/accident-mortel-sur-la-rn57-a-pouxeux-un-motard-belge-perd-la-vie\/#primaryimage\"},\"thumbnailUrl\":\"https:\/\/vosgesinfo.fr\/app\/uploads\/sites\/3\/2025\/09\/accident.jpg\",\"datePublished\":\"2025-09-11T15:57:55+00:00\",\"dateModified\":\"2025-09-11T16:11:18+00:00\",\"breadcrumb\":{\"@id\":\"https:\/\/vosgesinfo.fr\/epinalinfo\/2025\/09\/accident-mortel-sur-la-rn57-a-pouxeux-un-motard-belge-perd-la-vie\/#breadcrumb\"},\"inLanguage\":\"fr-FR\",\"potentialAction\":[{\"@type\":\"ReadAction\",\"target\":[\"https:\/\/vosgesinfo.fr\/epinalinfo\/2025\/09\/accident-mortel-sur-la-rn57-a-pouxeux-un-motard-belge-perd-la-vie\/\"]}]},{\"@type\":\"ImageObject\",\"inLanguage\":\"fr-FR\",\"@id\":\"https:\/\/vosgesinfo.fr\/epinalinfo\/2025\/09\/accident-mortel-sur-la-rn57-a-pouxeux-un-motard-belge-perd-la-vie\/#primaryimage\",\"url\":\"https:\/\/vosgesinfo.fr\/app\/uploads\/sites\/3\/2025\/09\/accident.jpg\",\"contentUrl\":\"https:\/\/vosgesinfo.fr\/app\/uploads\/sites\/3\/2025\/09\/accident.jpg\",\"width\":800,\"height\":600},{\"@type\":\"BreadcrumbList\",\"@id\":\"https:\/\/vosgesinfo.fr\/epinalinfo\/2025\/09\/accident-mortel-sur-la-rn57-a-pouxeux-un-motard-belge-perd-la-vie\/#breadcrumb\",\"itemListElement\":[{\"@type\":\"ListItem\",\"position\":1,\"name\":\"Home\",\"item\":\"https:\/\/vosgesinfo.fr\/epinalinfo\/\"},{\"@type\":\"ListItem\",\"position\":2,\"name\":\"Accident mortel sur la RN57 \u00e0 Pouxeux : un motard belge perd la vie\"}]},{\"@type\":\"WebSite\",\"@id\":\"https:\/\/vosgesinfo.fr\/epinalinfo\/#website\",\"url\":\"https:\/\/vosgesinfo.fr\/epinalinfo\/\",\"name\":\"Epinal Info\",\"description\":\"Toute l&#039;actualit\u00e9 d&#039;\u00c9pinal\",\"publisher\":{\"@id\":\"https:\/\/vosgesinfo.fr\/epinalinfo\/#organization\"},\"alternateName\":\"Toute l'actualit\u00e9 d'\u00c9pinal\",\"potentialAction\":[{\"@type\":\"SearchAction\",\"target\":{\"@type\":\"EntryPoint\",\"urlTemplate\":\"https:\/\/vosgesinfo.fr\/epinalinfo\/?s={search_term_string}\"},\"query-input\":\"required name=search_term_string\"}],\"inLanguage\":\"fr-FR\"},{\"@type\":\"Organization\",\"@id\":\"https:\/\/vosgesinfo.fr\/epinalinfo\/#organization\",\"name\":\"Epinal Info\",\"url\":\"https:\/\/vosgesinfo.fr\/epinalinfo\/\",\"logo\":{\"@type\":\"ImageObject\",\"inLanguage\":\"fr-FR\",\"@id\":\"https:\/\/vosgesinfo.fr\/epinalinfo\/#\/schema\/logo\/image\/\",\"url\":\"https:\/\/vosgesinfo.fr\/app\/uploads\/sites\/3\/2023\/08\/logo-epinalinfos.svg\",\"contentUrl\":\"https:\/\/vosgesinfo.fr\/app\/uploads\/sites\/3\/2023\/08\/logo-epinalinfos.svg\",\"width\":1,\"height\":1,\"caption\":\"Epinal Info\"},\"image\":{\"@id\":\"https:\/\/vosgesinfo.fr\/epinalinfo\/#\/schema\/logo\/image\/\"},\"sameAs\":[\"https:\/\/www.facebook.com\/Epinalinfos\",\"https:\/\/x.com\/VosgesInfo88\",\"https:\/\/www.youtube.com\/@vosgesinfo\"]},{\"@type\":\"Person\",\"@id\":\"https:\/\/vosgesinfo.fr\/epinalinfo\/#\/schema\/person\/6f9a650eeea99d969b6c4ab78fccbe81\",\"name\":\"C.K.\",\"image\":{\"@type\":\"ImageObject\",\"inLanguage\":\"fr-FR\",\"@id\":\"https:\/\/vosgesinfo.fr\/epinalinfo\/#\/schema\/person\/image\/\",\"url\":\"https:\/\/secure.gravatar.com\/avatar\/48e3fc7f8421ba8942be6b74a2b7f014ca39bc00dece156b7a8e098ae7dc87bf?s=96&d=mm&r=g\",\"contentUrl\":\"https:\/\/secure.gravatar.com\/avatar\/48e3fc7f8421ba8942be6b74a2b7f014ca39bc00dece156b7a8e098ae7dc87bf?s=96&d=mm&r=g\",\"caption\":\"C.K.\"},\"url\":\"https:\/\/vosgesinfo.fr\/epinalinfo\/author\/celia-k-n\/\"}]}<\/script>\n<!-- \/ Yoast SEO plugin. -->","yoast_head_json":{"title":"Accident mortel sur la RN57 \u00e0 Pouxeux : un motard belge perd la vie - Epinal Info","robots":{"index":"index","follow":"follow","max-snippet":"max-snippet:-1","max-image-preview":"max-image-preview:large","max-video-preview":"max-video-preview:-1"},"canonical":"https:\/\/vosgesinfo.fr\/epinalinfo\/2025\/09\/accident-mortel-sur-la-rn57-a-pouxeux-un-motard-belge-perd-la-vie\/","twitter_card":"summary_large_image","twitter_title":"Accident mortel sur la RN57 \u00e0 Pouxeux : un motard belge perd la vie - Epinal Info","twitter_description":"Ce jeudi en milieu d\u2019apr\u00e8s-midi, un grave accident de la route s\u2019est produit sur la RN57, dans le sens \u00c9pinal-Remiremont, [&hellip;]","twitter_image":"https:\/\/vosgesinfo.fr\/app\/uploads\/sites\/3\/2025\/09\/accident.jpg","twitter_creator":"@VosgesInfo88","twitter_site":"@VosgesInfo88","twitter_misc":{"\u00c9crit par":"C.K.","Dur\u00e9e de lecture estim\u00e9e":"2 minutes"},"schema":{"@context":"https:\/\/schema.org","@graph":[{"@type":"Article","@id":"https:\/\/vosgesinfo.fr\/epinalinfo\/2025\/09\/accident-mortel-sur-la-rn57-a-pouxeux-un-motard-belge-perd-la-vie\/#article","isPartOf":{"@id":"https:\/\/vosgesinfo.fr\/epinalinfo\/2025\/09\/accident-mortel-sur-la-rn57-a-pouxeux-un-motard-belge-perd-la-vie\/"},"author":{"name":"C.K.","@id":"https:\/\/vosgesinfo.fr\/epinalinfo\/#\/schema\/person\/6f9a650eeea99d969b6c4ab78fccbe81"},"headline":"Accident mortel sur la RN57 \u00e0 Pouxeux : un motard belge perd la vie","datePublished":"2025-09-11T15:57:55+00:00","dateModified":"2025-09-11T16:11:18+00:00","mainEntityOfPage":{"@id":"https:\/\/vosgesinfo.fr\/epinalinfo\/2025\/09\/accident-mortel-sur-la-rn57-a-pouxeux-un-motard-belge-perd-la-vie\/"},"wordCount":176,"commentCount":0,"publisher":{"@id":"https:\/\/vosgesinfo.fr\/epinalinfo\/#organization"},"image":{"@id":"https:\/\/vosgesinfo.fr\/epinalinfo\/2025\/09\/accident-mortel-sur-la-rn57-a-pouxeux-un-motard-belge-perd-la-vie\/#primaryimage"},"thumbnailUrl":"https:\/\/vosgesinfo.fr\/app\/uploads\/sites\/3\/2025\/09\/accident.jpg","articleSection":["A la Une","Epinal","Faits-divers","Remiremont","Voeux"],"inLanguage":"fr-FR","potentialAction":[{"@type":"CommentAction","name":"Comment","target":["https:\/\/vosgesinfo.fr\/epinalinfo\/2025\/09\/accident-mortel-sur-la-rn57-a-pouxeux-un-motard-belge-perd-la-vie\/#respond"]}]},{"@type":"WebPage","@id":"https:\/\/vosgesinfo.fr\/epinalinfo\/2025\/09\/accident-mortel-sur-la-rn57-a-pouxeux-un-motard-belge-perd-la-vie\/","url":"https:\/\/vosgesinfo.fr\/epinalinfo\/2025\/09\/accident-mortel-sur-la-rn57-a-pouxeux-un-motard-belge-perd-la-vie\/","name":"Accident mortel sur la RN57 \u00e0 Pouxeux : un motard belge perd la vie - Epinal Info","isPartOf":{"@id":"https:\/\/vosgesinfo.fr\/epinalinfo\/#website"},"primaryImageOfPage":{"@id":"https:\/\/vosgesinfo.fr\/epinalinfo\/2025\/09\/accident-mortel-sur-la-rn57-a-pouxeux-un-motard-belge-perd-la-vie\/#primaryimage"},"image":{"@id":"https:\/\/vosgesinfo.fr\/epinalinfo\/2025\/09\/accident-mortel-sur-la-rn57-a-pouxeux-un-motard-belge-perd-la-vie\/#primaryimage"},"thumbnailUrl":"https:\/\/vosgesinfo.fr\/app\/uploads\/sites\/3\/2025\/09\/accident.jpg","datePublished":"2025-09-11T15:57:55+00:00","dateModified":"2025-09-11T16:11:18+00:00","breadcrumb":{"@id":"https:\/\/vosgesinfo.fr\/epinalinfo\/2025\/09\/accident-mortel-sur-la-rn57-a-pouxeux-un-motard-belge-perd-la-vie\/#breadcrumb"},"inLanguage":"fr-FR","potentialAction":[{"@type":"ReadAction","target":["https:\/\/vosgesinfo.fr\/epinalinfo\/2025\/09\/accident-mortel-sur-la-rn57-a-pouxeux-un-motard-belge-perd-la-vie\/"]}]},{"@type":"ImageObject","inLanguage":"fr-FR","@id":"https:\/\/vosgesinfo.fr\/epinalinfo\/2025\/09\/accident-mortel-sur-la-rn57-a-pouxeux-un-motard-belge-perd-la-vie\/#primaryimage","url":"https:\/\/vosgesinfo.fr\/app\/uploads\/sites\/3\/2025\/09\/accident.jpg","contentUrl":"https:\/\/vosgesinfo.fr\/app\/uploads\/sites\/3\/2025\/09\/accident.jpg","width":800,"height":600},{"@type":"BreadcrumbList","@id":"https:\/\/vosgesinfo.fr\/epinalinfo\/2025\/09\/accident-mortel-sur-la-rn57-a-pouxeux-un-motard-belge-perd-la-vie\/#breadcrumb","itemListElement":[{"@type":"ListItem","position":1,"name":"Home","item":"https:\/\/vosgesinfo.fr\/epinalinfo\/"},{"@type":"ListItem","position":2,"name":"Accident mortel sur la RN57 \u00e0 Pouxeux : un motard belge perd la vie"}]},{"@type":"WebSite","@id":"https:\/\/vosgesinfo.fr\/epinalinfo\/#website","url":"https:\/\/vosgesinfo.fr\/epinalinfo\/","name":"Epinal Info","description":"Toute l&#039;actualit\u00e9 d&#039;\u00c9pinal","publisher":{"@id":"https:\/\/vosgesinfo.fr\/epinalinfo\/#organization"},"alternateName":"Toute l'actualit\u00e9 d'\u00c9pinal","potentialAction":[{"@type":"SearchAction","target":{"@type":"EntryPoint","urlTemplate":"https:\/\/vosgesinfo.fr\/epinalinfo\/?s={search_term_string}"},"query-input":"required name=search_term_string"}],"inLanguage":"fr-FR"},{"@type":"Organization","@id":"https:\/\/vosgesinfo.fr\/epinalinfo\/#organization","name":"Epinal Info","url":"https:\/\/vosgesinfo.fr\/epinalinfo\/","logo":{"@type":"ImageObject","inLanguage":"fr-FR","@id":"https:\/\/vosgesinfo.fr\/epinalinfo\/#\/schema\/logo\/image\/","url":"https:\/\/vosgesinfo.fr\/app\/uploads\/sites\/3\/2023\/08\/logo-epinalinfos.svg","contentUrl":"https:\/\/vosgesinfo.fr\/app\/uploads\/sites\/3\/2023\/08\/logo-epinalinfos.svg","width":1,"height":1,"caption":"Epinal Info"},"image":{"@id":"https:\/\/vosgesinfo.fr\/epinalinfo\/#\/schema\/logo\/image\/"},"sameAs":["https:\/\/www.facebook.com\/Epinalinfos","https:\/\/x.com\/VosgesInfo88","https:\/\/www.youtube.com\/@vosgesinfo"]},{"@type":"Person","@id":"https:\/\/vosgesinfo.fr\/epinalinfo\/#\/schema\/person\/6f9a650eeea99d969b6c4ab78fccbe81","name":"C.K.","image":{"@type":"ImageObject","inLanguage":"fr-FR","@id":"https:\/\/vosgesinfo.fr\/epinalinfo\/#\/schema\/person\/image\/","url":"https:\/\/secure.gravatar.com\/avatar\/48e3fc7f8421ba8942be6b74a2b7f014ca39bc00dece156b7a8e098ae7dc87bf?s=96&d=mm&r=g","contentUrl":"https:\/\/secure.gravatar.com\/avatar\/48e3fc7f8421ba8942be6b74a2b7f014ca39bc00dece156b7a8e098ae7dc87bf?s=96&d=mm&r=g","caption":"C.K."},"url":"https:\/\/vosgesinfo.fr\/epinalinfo\/author\/celia-k-n\/"}]}},"_links":{"self":[{"href":"https:\/\/vosgesinfo.fr\/epinalinfo\/wp-json\/wp\/v2\/posts\/135188","targetHints":{"allow":["GET"]}}],"collection":[{"href":"https:\/\/vosgesinfo.fr\/epinalinfo\/wp-json\/wp\/v2\/posts"}],"about":[{"href":"https:\/\/vosgesinfo.fr\/epinalinfo\/wp-json\/wp\/v2\/types\/post"}],"author":[{"embeddable":true,"href":"https:\/\/vosgesinfo.fr\/epinalinfo\/wp-json\/wp\/v2\/users\/52"}],"replies":[{"embeddable":true,"href":"https:\/\/vosgesinfo.fr\/epinalinfo\/wp-json\/wp\/v2\/comments?post=135188"}],"version-history":[{"count":3,"href":"https:\/\/vosgesinfo.fr\/epinalinfo\/wp-json\/wp\/v2\/posts\/135188\/revisions"}],"predecessor-version":[{"id":135197,"href":"https:\/\/vosgesinfo.fr\/epinalinfo\/wp-json\/wp\/v2\/posts\/135188\/revisions\/135197"}],"wp:featuredmedia":[{"embeddable":true,"href":"https:\/\/vosgesinfo.fr\/epinalinfo\/wp-json\/wp\/v2\/media\/135189"}],"wp:attachment":[{"href":"https:\/\/vosgesinfo.fr\/epinalinfo\/wp-json\/wp\/v2\/media?parent=135188"}],"wp:term":[{"taxonomy":"category","embeddable":true,"href":"https:\/\/vosgesinfo.fr\/epinalinfo\/wp-json\/wp\/v2\/categories?post=135188"},{"taxonomy":"post_tag","embeddable":true,"href":"https:\/\/vosgesinfo.fr\/epinalinfo\/wp-json\/wp\/v2\/tags?post=135188"}],"curies":[{"name":"wp","href":"https:\/\/api.w.org\/{rel}","templated":true}]}}