{"id":136701,"date":"2025-10-29T09:44:09","date_gmt":"2025-10-29T08:44:09","guid":{"rendered":"https:\/\/vosgesinfo.fr\/epinalinfo\/?p=136701"},"modified":"2025-10-29T09:45:03","modified_gmt":"2025-10-29T08:45:03","slug":"un-nouveau-conseil-scientifique-pour-le-laboratoire-de-la-ruralite-ruragilite","status":"publish","type":"post","link":"https:\/\/vosgesinfo.fr\/epinalinfo\/2025\/10\/un-nouveau-conseil-scientifique-pour-le-laboratoire-de-la-ruralite-ruragilite\/","title":{"rendered":"Un nouveau Conseil scientifique pour le Laboratoire de la ruralit\u00e9 \u00ab Rur\u2019agilit\u00e9 \u00bb"},"content":{"rendered":"<div id=\"attachment_136702\" style=\"width: 1450px\" class=\"wp-caption aligncenter\"><a href=\"https:\/\/vosgesinfo.fr\/app\/uploads\/sites\/3\/2025\/10\/572163008-1132972908981780-9056961067921705433-n.jpg\"><img decoding=\"async\" aria-describedby=\"caption-attachment-136702\" class=\"size-full wp-image-136702\" src=\"https:\/\/vosgesinfo.fr\/app\/uploads\/sites\/3\/2025\/10\/572163008-1132972908981780-9056961067921705433-n.jpg\" alt=\"\" width=\"1440\" height=\"1080\" srcset=\"https:\/\/vosgesinfo.fr\/app\/uploads\/sites\/3\/2025\/10\/572163008-1132972908981780-9056961067921705433-n.jpg 1440w, https:\/\/vosgesinfo.fr\/app\/uploads\/sites\/3\/2025\/10\/572163008-1132972908981780-9056961067921705433-n-300x225.jpg 300w, https:\/\/vosgesinfo.fr\/app\/uploads\/sites\/3\/2025\/10\/572163008-1132972908981780-9056961067921705433-n-1024x768.jpg 1024w, https:\/\/vosgesinfo.fr\/app\/uploads\/sites\/3\/2025\/10\/572163008-1132972908981780-9056961067921705433-n-768x576.jpg 768w\" sizes=\"(max-width: 1440px) 100vw, 1440px\" \/><\/a><p id=\"caption-attachment-136702\" class=\"wp-caption-text\">photos Pr\u00e9fecture des Vosges<\/p><\/div>\n<h2 data-start=\"236\" data-end=\"575\"><strong>Le Conseil scientifique du Laboratoire de la ruralit\u00e9 \u00ab\u00a0Rur\u2019agilit\u00e9\u00a0\u00bb a officiellement \u00e9t\u00e9 install\u00e9 ce mardi 28 octobre \u00e0 la Pr\u00e9fecture des Vosges. La s\u00e9ance s\u2019est tenue sous la co-pr\u00e9sidence d\u2019Anne Carli, repr\u00e9sentant la Pr\u00e9fecture, et de Joris Huriot, pr\u00e9sident de l\u2019Association des Maires Ruraux des Vosges (AMR 88).<\/strong><\/h2>\n<p data-start=\"577\" data-end=\"933\">Cr\u00e9\u00e9 en 2021, Rur\u2019agilit\u00e9 s\u2019est donn\u00e9 pour mission d\u2019accompagner et de soutenir les innovations dans les territoires ruraux. Mobilit\u00e9, transition \u00e9cologique, valorisation du b\u00e2ti ancien, culture, jeunesse ou encore dynamisme \u00e9conomique : autant de leviers d\u2019action que le laboratoire explore pour construire l\u2019avenir des campagnes vosgiennes.<\/p>\n<p data-start=\"935\" data-end=\"1278\">Sous la direction de J\u00e9r\u00f4me Normand, le laboratoire s\u2019enrichit aujourd\u2019hui d\u2019un nouveau Conseil scientifique compos\u00e9 d\u2019une trentaine d\u2019experts venus d\u2019horizons vari\u00e9s. Ce collectif sera pr\u00e9sid\u00e9 par Herv\u00e9 Marchal, professeur de sociologie \u00e0 l\u2019Universit\u00e9 de Bourgogne, reconnu pour ses travaux sur les dynamiques territoriales.<\/p>\n<p data-start=\"1280\" data-end=\"1445\">Leur r\u00f4le : identifier de nouveaux axes d\u2019exp\u00e9rimentation, accompagner les projets innovants et diffuser les bonnes pratiques dans tout le d\u00e9partement.<\/p>\n<h3 data-start=\"1447\" data-end=\"1502\">Des projets concrets pour dynamiser les territoires<\/h3>\n<p data-start=\"1503\" data-end=\"1564\">Plusieurs initiatives ambitieuses verront bient\u00f4t le jour :<\/p>\n<ul data-start=\"1565\" data-end=\"1990\">\n<li data-start=\"1565\" data-end=\"1646\">\n<p data-start=\"1567\" data-end=\"1646\">la cr\u00e9ation d\u2019un centre de d\u00e9monstration du b\u00e2ti ancien \u00e0 Godoncourt,<\/p>\n<\/li>\n<li data-start=\"1647\" data-end=\"1715\">\n<p data-start=\"1649\" data-end=\"1715\">le lancement du dispositif \u00ab Reval loc \u2013 permis de bosser \u00bb,<\/p>\n<\/li>\n<li data-start=\"1716\" data-end=\"1819\">\n<p data-start=\"1718\" data-end=\"1819\">la mise en place de 15 espaces lecture-culture en partenariat avec l\u2019ADMR et Biblionef,<\/p>\n<\/li>\n<li data-start=\"1820\" data-end=\"1893\">\n<p data-start=\"1822\" data-end=\"1893\">l\u2019\u00e9laboration d\u2019une charte d\u00e9partementale d\u2019am\u00e9nagement paysager,<\/p>\n<\/li>\n<li data-start=\"1894\" data-end=\"1990\">\n<p data-start=\"1896\" data-end=\"1990\">et le d\u00e9veloppement d\u2019actions \u00e9ducatives et culturelles destin\u00e9es aux jeunes ruraux. <em data-start=\"1998\" data-end=\"2108\">\u00ab Ce conseil scientifique illustre la volont\u00e9 de l\u2019\u00c9tat et des \u00e9lus ruraux de penser autrement la ruralit\u00e9 \u00bb<\/em>, a soulign\u00e9 Anne Carli, lors de l\u2019installation du conseil.<\/p>\n<\/li>\n<\/ul>\n<p data-start=\"2173\" data-end=\"2337\">Avec ce nouvel \u00e9lan collectif, Rur\u2019agilit\u00e9 entend renforcer son r\u00f4le de p\u00f4le d\u2019exp\u00e9rimentation et de r\u00e9flexion au service des territoires ruraux vosgiens.<\/p>\n<p data-start=\"2173\" data-end=\"2337\">\n","protected":false},"excerpt":{"rendered":"<p>Le Conseil scientifique du Laboratoire de la ruralit\u00e9 \u00ab\u00a0Rur\u2019agilit\u00e9\u00a0\u00bb a officiellement \u00e9t\u00e9 install\u00e9 ce mardi 28 octobre \u00e0 la Pr\u00e9fecture [&hellip;]<\/p>\n","protected":false},"author":52,"featured_media":136702,"comment_status":"open","ping_status":"open","sticky":false,"template":"","format":"standard","meta":{"footnotes":""},"categories":[22,24,6056,6057,6055,6155,10],"tags":[],"class_list":["post-136701","post","type-post","status-publish","format-standard","has-post-thumbnail","hentry","category-a-la-une","category-epinal","category-gerardmer","category-la-plaine-des-vosges","category-remiremont","category-saint-die","category-societe"],"acf":[],"yoast_head":"<!-- This site is optimized with the Yoast SEO plugin v22.5 - https:\/\/yoast.com\/wordpress\/plugins\/seo\/ -->\n<title>Un nouveau Conseil scientifique pour le Laboratoire de la ruralit\u00e9 \u00ab Rur\u2019agilit\u00e9 \u00bb - Epinal Info<\/title>\n<meta name=\"robots\" content=\"index, follow, max-snippet:-1, max-image-preview:large, max-video-preview:-1\" \/>\n<link rel=\"canonical\" href=\"https:\/\/vosgesinfo.fr\/epinalinfo\/2025\/10\/un-nouveau-conseil-scientifique-pour-le-laboratoire-de-la-ruralite-ruragilite\/\" \/>\n<meta name=\"twitter:card\" content=\"summary_large_image\" \/>\n<meta name=\"twitter:title\" content=\"Un nouveau Conseil scientifique pour le Laboratoire de la ruralit\u00e9 \u00ab Rur\u2019agilit\u00e9 \u00bb - Epinal Info\" \/>\n<meta name=\"twitter:description\" content=\"Le Conseil scientifique du Laboratoire de la ruralit\u00e9 \u00ab\u00a0Rur\u2019agilit\u00e9\u00a0\u00bb a officiellement \u00e9t\u00e9 install\u00e9 ce mardi 28 octobre \u00e0 la Pr\u00e9fecture [&hellip;]\" \/>\n<meta name=\"twitter:image\" content=\"https:\/\/vosgesinfo.fr\/app\/uploads\/sites\/3\/2025\/10\/572163008-1132972908981780-9056961067921705433-n.jpg\" \/>\n<meta name=\"twitter:creator\" content=\"@VosgesInfo88\" \/>\n<meta name=\"twitter:site\" content=\"@VosgesInfo88\" \/>\n<meta name=\"twitter:label1\" content=\"\u00c9crit par\" \/>\n\t<meta name=\"twitter:data1\" content=\"C.K.\" \/>\n\t<meta name=\"twitter:label2\" content=\"Dur\u00e9e de lecture estim\u00e9e\" \/>\n\t<meta name=\"twitter:data2\" content=\"2 minutes\" \/>\n<script type=\"application\/ld+json\" class=\"yoast-schema-graph\">{\"@context\":\"https:\/\/schema.org\",\"@graph\":[{\"@type\":\"Article\",\"@id\":\"https:\/\/vosgesinfo.fr\/epinalinfo\/2025\/10\/un-nouveau-conseil-scientifique-pour-le-laboratoire-de-la-ruralite-ruragilite\/#article\",\"isPartOf\":{\"@id\":\"https:\/\/vosgesinfo.fr\/epinalinfo\/2025\/10\/un-nouveau-conseil-scientifique-pour-le-laboratoire-de-la-ruralite-ruragilite\/\"},\"author\":{\"name\":\"C.K.\",\"@id\":\"https:\/\/vosgesinfo.fr\/epinalinfo\/#\/schema\/person\/6f9a650eeea99d969b6c4ab78fccbe81\"},\"headline\":\"Un nouveau Conseil scientifique pour le Laboratoire de la ruralit\u00e9 \u00ab Rur\u2019agilit\u00e9 \u00bb\",\"datePublished\":\"2025-10-29T08:44:09+00:00\",\"dateModified\":\"2025-10-29T08:45:03+00:00\",\"mainEntityOfPage\":{\"@id\":\"https:\/\/vosgesinfo.fr\/epinalinfo\/2025\/10\/un-nouveau-conseil-scientifique-pour-le-laboratoire-de-la-ruralite-ruragilite\/\"},\"wordCount\":339,\"commentCount\":0,\"publisher\":{\"@id\":\"https:\/\/vosgesinfo.fr\/epinalinfo\/#organization\"},\"image\":{\"@id\":\"https:\/\/vosgesinfo.fr\/epinalinfo\/2025\/10\/un-nouveau-conseil-scientifique-pour-le-laboratoire-de-la-ruralite-ruragilite\/#primaryimage\"},\"thumbnailUrl\":\"https:\/\/vosgesinfo.fr\/app\/uploads\/sites\/3\/2025\/10\/572163008-1132972908981780-9056961067921705433-n.jpg\",\"articleSection\":[\"A la Une\",\"Epinal\",\"Gerardmer\",\"La plaine des vosges\",\"Remiremont\",\"Saint-di\u00e9\",\"Soci\u00e9t\u00e9\"],\"inLanguage\":\"fr-FR\",\"potentialAction\":[{\"@type\":\"CommentAction\",\"name\":\"Comment\",\"target\":[\"https:\/\/vosgesinfo.fr\/epinalinfo\/2025\/10\/un-nouveau-conseil-scientifique-pour-le-laboratoire-de-la-ruralite-ruragilite\/#respond\"]}]},{\"@type\":\"WebPage\",\"@id\":\"https:\/\/vosgesinfo.fr\/epinalinfo\/2025\/10\/un-nouveau-conseil-scientifique-pour-le-laboratoire-de-la-ruralite-ruragilite\/\",\"url\":\"https:\/\/vosgesinfo.fr\/epinalinfo\/2025\/10\/un-nouveau-conseil-scientifique-pour-le-laboratoire-de-la-ruralite-ruragilite\/\",\"name\":\"Un nouveau Conseil scientifique pour le Laboratoire de la ruralit\u00e9 \u00ab Rur\u2019agilit\u00e9 \u00bb - Epinal Info\",\"isPartOf\":{\"@id\":\"https:\/\/vosgesinfo.fr\/epinalinfo\/#website\"},\"primaryImageOfPage\":{\"@id\":\"https:\/\/vosgesinfo.fr\/epinalinfo\/2025\/10\/un-nouveau-conseil-scientifique-pour-le-laboratoire-de-la-ruralite-ruragilite\/#primaryimage\"},\"image\":{\"@id\":\"https:\/\/vosgesinfo.fr\/epinalinfo\/2025\/10\/un-nouveau-conseil-scientifique-pour-le-laboratoire-de-la-ruralite-ruragilite\/#primaryimage\"},\"thumbnailUrl\":\"https:\/\/vosgesinfo.fr\/app\/uploads\/sites\/3\/2025\/10\/572163008-1132972908981780-9056961067921705433-n.jpg\",\"datePublished\":\"2025-10-29T08:44:09+00:00\",\"dateModified\":\"2025-10-29T08:45:03+00:00\",\"breadcrumb\":{\"@id\":\"https:\/\/vosgesinfo.fr\/epinalinfo\/2025\/10\/un-nouveau-conseil-scientifique-pour-le-laboratoire-de-la-ruralite-ruragilite\/#breadcrumb\"},\"inLanguage\":\"fr-FR\",\"potentialAction\":[{\"@type\":\"ReadAction\",\"target\":[\"https:\/\/vosgesinfo.fr\/epinalinfo\/2025\/10\/un-nouveau-conseil-scientifique-pour-le-laboratoire-de-la-ruralite-ruragilite\/\"]}]},{\"@type\":\"ImageObject\",\"inLanguage\":\"fr-FR\",\"@id\":\"https:\/\/vosgesinfo.fr\/epinalinfo\/2025\/10\/un-nouveau-conseil-scientifique-pour-le-laboratoire-de-la-ruralite-ruragilite\/#primaryimage\",\"url\":\"https:\/\/vosgesinfo.fr\/app\/uploads\/sites\/3\/2025\/10\/572163008-1132972908981780-9056961067921705433-n.jpg\",\"contentUrl\":\"https:\/\/vosgesinfo.fr\/app\/uploads\/sites\/3\/2025\/10\/572163008-1132972908981780-9056961067921705433-n.jpg\",\"width\":1440,\"height\":1080,\"caption\":\"photos Pr\u00e9fecture des Vosges\"},{\"@type\":\"BreadcrumbList\",\"@id\":\"https:\/\/vosgesinfo.fr\/epinalinfo\/2025\/10\/un-nouveau-conseil-scientifique-pour-le-laboratoire-de-la-ruralite-ruragilite\/#breadcrumb\",\"itemListElement\":[{\"@type\":\"ListItem\",\"position\":1,\"name\":\"Home\",\"item\":\"https:\/\/vosgesinfo.fr\/epinalinfo\/\"},{\"@type\":\"ListItem\",\"position\":2,\"name\":\"Un nouveau Conseil scientifique pour le Laboratoire de la ruralit\u00e9 \u00ab Rur\u2019agilit\u00e9 \u00bb\"}]},{\"@type\":\"WebSite\",\"@id\":\"https:\/\/vosgesinfo.fr\/epinalinfo\/#website\",\"url\":\"https:\/\/vosgesinfo.fr\/epinalinfo\/\",\"name\":\"Epinal Info\",\"description\":\"Toute l&#039;actualit\u00e9 d&#039;\u00c9pinal\",\"publisher\":{\"@id\":\"https:\/\/vosgesinfo.fr\/epinalinfo\/#organization\"},\"alternateName\":\"Toute l'actualit\u00e9 d'\u00c9pinal\",\"potentialAction\":[{\"@type\":\"SearchAction\",\"target\":{\"@type\":\"EntryPoint\",\"urlTemplate\":\"https:\/\/vosgesinfo.fr\/epinalinfo\/?s={search_term_string}\"},\"query-input\":\"required name=search_term_string\"}],\"inLanguage\":\"fr-FR\"},{\"@type\":\"Organization\",\"@id\":\"https:\/\/vosgesinfo.fr\/epinalinfo\/#organization\",\"name\":\"Epinal Info\",\"url\":\"https:\/\/vosgesinfo.fr\/epinalinfo\/\",\"logo\":{\"@type\":\"ImageObject\",\"inLanguage\":\"fr-FR\",\"@id\":\"https:\/\/vosgesinfo.fr\/epinalinfo\/#\/schema\/logo\/image\/\",\"url\":\"https:\/\/vosgesinfo.fr\/app\/uploads\/sites\/3\/2023\/08\/logo-epinalinfos.svg\",\"contentUrl\":\"https:\/\/vosgesinfo.fr\/app\/uploads\/sites\/3\/2023\/08\/logo-epinalinfos.svg\",\"width\":1,\"height\":1,\"caption\":\"Epinal Info\"},\"image\":{\"@id\":\"https:\/\/vosgesinfo.fr\/epinalinfo\/#\/schema\/logo\/image\/\"},\"sameAs\":[\"https:\/\/www.facebook.com\/Epinalinfos\",\"https:\/\/x.com\/VosgesInfo88\",\"https:\/\/www.youtube.com\/@vosgesinfo\"]},{\"@type\":\"Person\",\"@id\":\"https:\/\/vosgesinfo.fr\/epinalinfo\/#\/schema\/person\/6f9a650eeea99d969b6c4ab78fccbe81\",\"name\":\"C.K.\",\"image\":{\"@type\":\"ImageObject\",\"inLanguage\":\"fr-FR\",\"@id\":\"https:\/\/vosgesinfo.fr\/epinalinfo\/#\/schema\/person\/image\/\",\"url\":\"https:\/\/secure.gravatar.com\/avatar\/48e3fc7f8421ba8942be6b74a2b7f014ca39bc00dece156b7a8e098ae7dc87bf?s=96&d=mm&r=g\",\"contentUrl\":\"https:\/\/secure.gravatar.com\/avatar\/48e3fc7f8421ba8942be6b74a2b7f014ca39bc00dece156b7a8e098ae7dc87bf?s=96&d=mm&r=g\",\"caption\":\"C.K.\"},\"url\":\"https:\/\/vosgesinfo.fr\/epinalinfo\/author\/celia-k-n\/\"}]}<\/script>\n<!-- \/ Yoast SEO plugin. -->","yoast_head_json":{"title":"Un nouveau Conseil scientifique pour le Laboratoire de la ruralit\u00e9 \u00ab Rur\u2019agilit\u00e9 \u00bb - Epinal Info","robots":{"index":"index","follow":"follow","max-snippet":"max-snippet:-1","max-image-preview":"max-image-preview:large","max-video-preview":"max-video-preview:-1"},"canonical":"https:\/\/vosgesinfo.fr\/epinalinfo\/2025\/10\/un-nouveau-conseil-scientifique-pour-le-laboratoire-de-la-ruralite-ruragilite\/","twitter_card":"summary_large_image","twitter_title":"Un nouveau Conseil scientifique pour le Laboratoire de la ruralit\u00e9 \u00ab Rur\u2019agilit\u00e9 \u00bb - Epinal Info","twitter_description":"Le Conseil scientifique du Laboratoire de la ruralit\u00e9 \u00ab\u00a0Rur\u2019agilit\u00e9\u00a0\u00bb a officiellement \u00e9t\u00e9 install\u00e9 ce mardi 28 octobre \u00e0 la Pr\u00e9fecture [&hellip;]","twitter_image":"https:\/\/vosgesinfo.fr\/app\/uploads\/sites\/3\/2025\/10\/572163008-1132972908981780-9056961067921705433-n.jpg","twitter_creator":"@VosgesInfo88","twitter_site":"@VosgesInfo88","twitter_misc":{"\u00c9crit par":"C.K.","Dur\u00e9e de lecture estim\u00e9e":"2 minutes"},"schema":{"@context":"https:\/\/schema.org","@graph":[{"@type":"Article","@id":"https:\/\/vosgesinfo.fr\/epinalinfo\/2025\/10\/un-nouveau-conseil-scientifique-pour-le-laboratoire-de-la-ruralite-ruragilite\/#article","isPartOf":{"@id":"https:\/\/vosgesinfo.fr\/epinalinfo\/2025\/10\/un-nouveau-conseil-scientifique-pour-le-laboratoire-de-la-ruralite-ruragilite\/"},"author":{"name":"C.K.","@id":"https:\/\/vosgesinfo.fr\/epinalinfo\/#\/schema\/person\/6f9a650eeea99d969b6c4ab78fccbe81"},"headline":"Un nouveau Conseil scientifique pour le Laboratoire de la ruralit\u00e9 \u00ab Rur\u2019agilit\u00e9 \u00bb","datePublished":"2025-10-29T08:44:09+00:00","dateModified":"2025-10-29T08:45:03+00:00","mainEntityOfPage":{"@id":"https:\/\/vosgesinfo.fr\/epinalinfo\/2025\/10\/un-nouveau-conseil-scientifique-pour-le-laboratoire-de-la-ruralite-ruragilite\/"},"wordCount":339,"commentCount":0,"publisher":{"@id":"https:\/\/vosgesinfo.fr\/epinalinfo\/#organization"},"image":{"@id":"https:\/\/vosgesinfo.fr\/epinalinfo\/2025\/10\/un-nouveau-conseil-scientifique-pour-le-laboratoire-de-la-ruralite-ruragilite\/#primaryimage"},"thumbnailUrl":"https:\/\/vosgesinfo.fr\/app\/uploads\/sites\/3\/2025\/10\/572163008-1132972908981780-9056961067921705433-n.jpg","articleSection":["A la Une","Epinal","Gerardmer","La plaine des vosges","Remiremont","Saint-di\u00e9","Soci\u00e9t\u00e9"],"inLanguage":"fr-FR","potentialAction":[{"@type":"CommentAction","name":"Comment","target":["https:\/\/vosgesinfo.fr\/epinalinfo\/2025\/10\/un-nouveau-conseil-scientifique-pour-le-laboratoire-de-la-ruralite-ruragilite\/#respond"]}]},{"@type":"WebPage","@id":"https:\/\/vosgesinfo.fr\/epinalinfo\/2025\/10\/un-nouveau-conseil-scientifique-pour-le-laboratoire-de-la-ruralite-ruragilite\/","url":"https:\/\/vosgesinfo.fr\/epinalinfo\/2025\/10\/un-nouveau-conseil-scientifique-pour-le-laboratoire-de-la-ruralite-ruragilite\/","name":"Un nouveau Conseil scientifique pour le Laboratoire de la ruralit\u00e9 \u00ab Rur\u2019agilit\u00e9 \u00bb - Epinal Info","isPartOf":{"@id":"https:\/\/vosgesinfo.fr\/epinalinfo\/#website"},"primaryImageOfPage":{"@id":"https:\/\/vosgesinfo.fr\/epinalinfo\/2025\/10\/un-nouveau-conseil-scientifique-pour-le-laboratoire-de-la-ruralite-ruragilite\/#primaryimage"},"image":{"@id":"https:\/\/vosgesinfo.fr\/epinalinfo\/2025\/10\/un-nouveau-conseil-scientifique-pour-le-laboratoire-de-la-ruralite-ruragilite\/#primaryimage"},"thumbnailUrl":"https:\/\/vosgesinfo.fr\/app\/uploads\/sites\/3\/2025\/10\/572163008-1132972908981780-9056961067921705433-n.jpg","datePublished":"2025-10-29T08:44:09+00:00","dateModified":"2025-10-29T08:45:03+00:00","breadcrumb":{"@id":"https:\/\/vosgesinfo.fr\/epinalinfo\/2025\/10\/un-nouveau-conseil-scientifique-pour-le-laboratoire-de-la-ruralite-ruragilite\/#breadcrumb"},"inLanguage":"fr-FR","potentialAction":[{"@type":"ReadAction","target":["https:\/\/vosgesinfo.fr\/epinalinfo\/2025\/10\/un-nouveau-conseil-scientifique-pour-le-laboratoire-de-la-ruralite-ruragilite\/"]}]},{"@type":"ImageObject","inLanguage":"fr-FR","@id":"https:\/\/vosgesinfo.fr\/epinalinfo\/2025\/10\/un-nouveau-conseil-scientifique-pour-le-laboratoire-de-la-ruralite-ruragilite\/#primaryimage","url":"https:\/\/vosgesinfo.fr\/app\/uploads\/sites\/3\/2025\/10\/572163008-1132972908981780-9056961067921705433-n.jpg","contentUrl":"https:\/\/vosgesinfo.fr\/app\/uploads\/sites\/3\/2025\/10\/572163008-1132972908981780-9056961067921705433-n.jpg","width":1440,"height":1080,"caption":"photos Pr\u00e9fecture des Vosges"},{"@type":"BreadcrumbList","@id":"https:\/\/vosgesinfo.fr\/epinalinfo\/2025\/10\/un-nouveau-conseil-scientifique-pour-le-laboratoire-de-la-ruralite-ruragilite\/#breadcrumb","itemListElement":[{"@type":"ListItem","position":1,"name":"Home","item":"https:\/\/vosgesinfo.fr\/epinalinfo\/"},{"@type":"ListItem","position":2,"name":"Un nouveau Conseil scientifique pour le Laboratoire de la ruralit\u00e9 \u00ab Rur\u2019agilit\u00e9 \u00bb"}]},{"@type":"WebSite","@id":"https:\/\/vosgesinfo.fr\/epinalinfo\/#website","url":"https:\/\/vosgesinfo.fr\/epinalinfo\/","name":"Epinal Info","description":"Toute l&#039;actualit\u00e9 d&#039;\u00c9pinal","publisher":{"@id":"https:\/\/vosgesinfo.fr\/epinalinfo\/#organization"},"alternateName":"Toute l'actualit\u00e9 d'\u00c9pinal","potentialAction":[{"@type":"SearchAction","target":{"@type":"EntryPoint","urlTemplate":"https:\/\/vosgesinfo.fr\/epinalinfo\/?s={search_term_string}"},"query-input":"required name=search_term_string"}],"inLanguage":"fr-FR"},{"@type":"Organization","@id":"https:\/\/vosgesinfo.fr\/epinalinfo\/#organization","name":"Epinal Info","url":"https:\/\/vosgesinfo.fr\/epinalinfo\/","logo":{"@type":"ImageObject","inLanguage":"fr-FR","@id":"https:\/\/vosgesinfo.fr\/epinalinfo\/#\/schema\/logo\/image\/","url":"https:\/\/vosgesinfo.fr\/app\/uploads\/sites\/3\/2023\/08\/logo-epinalinfos.svg","contentUrl":"https:\/\/vosgesinfo.fr\/app\/uploads\/sites\/3\/2023\/08\/logo-epinalinfos.svg","width":1,"height":1,"caption":"Epinal Info"},"image":{"@id":"https:\/\/vosgesinfo.fr\/epinalinfo\/#\/schema\/logo\/image\/"},"sameAs":["https:\/\/www.facebook.com\/Epinalinfos","https:\/\/x.com\/VosgesInfo88","https:\/\/www.youtube.com\/@vosgesinfo"]},{"@type":"Person","@id":"https:\/\/vosgesinfo.fr\/epinalinfo\/#\/schema\/person\/6f9a650eeea99d969b6c4ab78fccbe81","name":"C.K.","image":{"@type":"ImageObject","inLanguage":"fr-FR","@id":"https:\/\/vosgesinfo.fr\/epinalinfo\/#\/schema\/person\/image\/","url":"https:\/\/secure.gravatar.com\/avatar\/48e3fc7f8421ba8942be6b74a2b7f014ca39bc00dece156b7a8e098ae7dc87bf?s=96&d=mm&r=g","contentUrl":"https:\/\/secure.gravatar.com\/avatar\/48e3fc7f8421ba8942be6b74a2b7f014ca39bc00dece156b7a8e098ae7dc87bf?s=96&d=mm&r=g","caption":"C.K."},"url":"https:\/\/vosgesinfo.fr\/epinalinfo\/author\/celia-k-n\/"}]}},"_links":{"self":[{"href":"https:\/\/vosgesinfo.fr\/epinalinfo\/wp-json\/wp\/v2\/posts\/136701","targetHints":{"allow":["GET"]}}],"collection":[{"href":"https:\/\/vosgesinfo.fr\/epinalinfo\/wp-json\/wp\/v2\/posts"}],"about":[{"href":"https:\/\/vosgesinfo.fr\/epinalinfo\/wp-json\/wp\/v2\/types\/post"}],"author":[{"embeddable":true,"href":"https:\/\/vosgesinfo.fr\/epinalinfo\/wp-json\/wp\/v2\/users\/52"}],"replies":[{"embeddable":true,"href":"https:\/\/vosgesinfo.fr\/epinalinfo\/wp-json\/wp\/v2\/comments?post=136701"}],"version-history":[{"count":2,"href":"https:\/\/vosgesinfo.fr\/epinalinfo\/wp-json\/wp\/v2\/posts\/136701\/revisions"}],"predecessor-version":[{"id":136705,"href":"https:\/\/vosgesinfo.fr\/epinalinfo\/wp-json\/wp\/v2\/posts\/136701\/revisions\/136705"}],"wp:featuredmedia":[{"embeddable":true,"href":"https:\/\/vosgesinfo.fr\/epinalinfo\/wp-json\/wp\/v2\/media\/136702"}],"wp:attachment":[{"href":"https:\/\/vosgesinfo.fr\/epinalinfo\/wp-json\/wp\/v2\/media?parent=136701"}],"wp:term":[{"taxonomy":"category","embeddable":true,"href":"https:\/\/vosgesinfo.fr\/epinalinfo\/wp-json\/wp\/v2\/categories?post=136701"},{"taxonomy":"post_tag","embeddable":true,"href":"https:\/\/vosgesinfo.fr\/epinalinfo\/wp-json\/wp\/v2\/tags?post=136701"}],"curies":[{"name":"wp","href":"https:\/\/api.w.org\/{rel}","templated":true}]}}