{"id":136707,"date":"2025-10-29T10:51:05","date_gmt":"2025-10-29T09:51:05","guid":{"rendered":"https:\/\/vosgesinfo.fr\/epinalinfo\/?p=136707"},"modified":"2025-10-29T10:51:05","modified_gmt":"2025-10-29T09:51:05","slug":"vosges-le-nombre-de-demandeurs-demploi-en-legere-hausse-dans-le-departement","status":"publish","type":"post","link":"https:\/\/vosgesinfo.fr\/epinalinfo\/2025\/10\/vosges-le-nombre-de-demandeurs-demploi-en-legere-hausse-dans-le-departement\/","title":{"rendered":"Vosges \u2013 Le nombre de demandeurs d&#8217;emploi en l\u00e9g\u00e8re hausse dans le d\u00e9partement"},"content":{"rendered":"<div id=\"attachment_77440\" style=\"width: 1034px\" class=\"wp-caption alignnone\"><a href=\"https:\/\/vosgesinfo.fr\/app\/uploads\/sites\/4\/2025\/04\/france-travail-sddv.jpg\"><img decoding=\"async\" aria-describedby=\"caption-attachment-77440\" class=\"size-large wp-image-77440\" src=\"https:\/\/vosgesinfo.fr\/app\/uploads\/sites\/4\/2025\/04\/france-travail-sddv-1024x771.jpg\" alt=\"\" width=\"1024\" height=\"771\" \/><\/a><p id=\"caption-attachment-77440\" class=\"wp-caption-text\">(Illustration)<\/p><\/div>\n<h2>Selon les chiffres publi\u00e9s par la <strong>DREETS Grand Est<\/strong> et <strong>France Travail<\/strong>, le nombre de <strong>demandeurs d\u2019emploi inscrits \u00e0 France Travail<\/strong> a connu une <strong>l\u00e9g\u00e8re progression dans les Vosges au 3e trimestre 2025, de l&rsquo;ordre 1,4 % sur 3 mois. Sur un an, la hausse atteint +0,7 %.<\/strong><\/h2>\n<h3><!--more--><strong>370 nouvelles personnes inscrites \u00e0 France Travail<\/strong><\/h3>\n<p>Le d\u00e9partement compte d\u00e9sormais <strong>31 840 personnes inscrites \u00e0 France Travail<\/strong>, toutes cat\u00e9gories confondues (A \u00e0 E).\u00a0Parmi ces personnes, <strong>27 320 demandeurs<\/strong> sont tenus de rechercher un emploi (cat\u00e9gories A, B, C), dont <strong>15 230 sans activit\u00e9<\/strong> et <strong>12 080 exer\u00e7ant une activit\u00e9 r\u00e9duite<\/strong>. L\u2019\u00e9volution trimestrielle correspond \u00e0 <strong>environ 370 inscrits suppl\u00e9mentaires<\/strong>.<\/p>\n<h3><strong>Les effets de la r\u00e9forme France Travail<\/strong><\/h3>\n<p>Entr\u00e9e en vigueur en janvier 2025, la <strong>r\u00e9forme France Travail<\/strong> a introduit deux nouvelles cat\u00e9gories : la <strong>cat\u00e9gorie F<\/strong>, regroupant <strong>2 122 personnes en parcours social<\/strong>, et la <strong>cat\u00e9gorie G<\/strong>, concernant <strong>4 594 personnes en attente d\u2019orientation<\/strong>. Ces changements, li\u00e9s \u00e0 la loi pour le plein emploi, participent \u00e0 la hausse globale des inscriptions. Le d\u00e9cret de juin 2025 sur les sanctions pour manquement \u00e0 l\u2019actualisation a \u00e9galement pes\u00e9 sur les chiffres.<\/p>\n<h3><strong>Une \u00e9volution conforme \u00e0 la tendance r\u00e9gionale<\/strong><\/h3>\n<p>\u00c0 l\u2019\u00e9chelle du Grand Est, <strong>486 000 personnes<\/strong> sont inscrites \u00e0 France Travail (hors parcours social et attente d\u2019orientation), soit une <strong>hausse de 1,4 %<\/strong> sur le trimestre. Les Vosges se situent <strong>l\u00e9g\u00e8rement en dessous de la moyenne r\u00e9gionale<\/strong>, avec <strong>+1,2 %<\/strong> contre <strong>+1,5 %<\/strong> pour les cat\u00e9gories A, B, C.<\/p>\n","protected":false},"excerpt":{"rendered":"<p>Selon les chiffres publi\u00e9s par la DREETS Grand Est et France Travail, le nombre de demandeurs d\u2019emploi inscrits \u00e0 France [&hellip;]<\/p>\n","protected":false},"author":46,"featured_media":136708,"comment_status":"open","ping_status":"open","sticky":false,"template":"","format":"standard","meta":{"footnotes":""},"categories":[22,8,24,6056,6057,6055,5],"tags":[17123,15926,17124],"class_list":["post-136707","post","type-post","status-publish","format-standard","has-post-thumbnail","hentry","category-a-la-une","category-economie","category-epinal","category-gerardmer","category-la-plaine-des-vosges","category-remiremont","category-vosges","tag-dreets-grand-est","tag-france-travail","tag-nombre-de-demandeurs-demploi-dans-les-vosges"],"acf":[],"yoast_head":"<!-- This site is optimized with the Yoast SEO plugin v22.5 - https:\/\/yoast.com\/wordpress\/plugins\/seo\/ -->\n<title>Vosges \u2013 Le nombre de demandeurs d&#039;emploi en l\u00e9g\u00e8re hausse dans le d\u00e9partement - Epinal Info<\/title>\n<meta name=\"robots\" content=\"index, follow, max-snippet:-1, max-image-preview:large, max-video-preview:-1\" \/>\n<link rel=\"canonical\" href=\"https:\/\/vosgesinfo.fr\/epinalinfo\/2025\/10\/vosges-le-nombre-de-demandeurs-demploi-en-legere-hausse-dans-le-departement\/\" \/>\n<meta name=\"twitter:card\" content=\"summary_large_image\" \/>\n<meta name=\"twitter:title\" content=\"Vosges \u2013 Le nombre de demandeurs d&#039;emploi en l\u00e9g\u00e8re hausse dans le d\u00e9partement - Epinal Info\" \/>\n<meta name=\"twitter:description\" content=\"Selon les chiffres publi\u00e9s par la DREETS Grand Est et France Travail, le nombre de demandeurs d\u2019emploi inscrits \u00e0 France [&hellip;]\" \/>\n<meta name=\"twitter:image\" content=\"https:\/\/vosgesinfo.fr\/app\/uploads\/sites\/3\/2025\/10\/france-travail-sddv.jpg\" \/>\n<meta name=\"twitter:creator\" content=\"@VosgesInfo88\" \/>\n<meta name=\"twitter:site\" content=\"@VosgesInfo88\" \/>\n<meta name=\"twitter:label1\" content=\"\u00c9crit par\" \/>\n\t<meta name=\"twitter:data1\" content=\"J.J.\" \/>\n\t<meta name=\"twitter:label2\" content=\"Dur\u00e9e de lecture estim\u00e9e\" \/>\n\t<meta name=\"twitter:data2\" content=\"1 minute\" \/>\n<script type=\"application\/ld+json\" class=\"yoast-schema-graph\">{\"@context\":\"https:\/\/schema.org\",\"@graph\":[{\"@type\":\"Article\",\"@id\":\"https:\/\/vosgesinfo.fr\/epinalinfo\/2025\/10\/vosges-le-nombre-de-demandeurs-demploi-en-legere-hausse-dans-le-departement\/#article\",\"isPartOf\":{\"@id\":\"https:\/\/vosgesinfo.fr\/epinalinfo\/2025\/10\/vosges-le-nombre-de-demandeurs-demploi-en-legere-hausse-dans-le-departement\/\"},\"author\":{\"name\":\"J.J.\",\"@id\":\"https:\/\/vosgesinfo.fr\/epinalinfo\/#\/schema\/person\/fa73e9f726d67bb88f46d5b7943cb572\"},\"headline\":\"Vosges \u2013 Le nombre de demandeurs d&#8217;emploi en l\u00e9g\u00e8re hausse dans le d\u00e9partement\",\"datePublished\":\"2025-10-29T09:51:05+00:00\",\"dateModified\":\"2025-10-29T09:51:05+00:00\",\"mainEntityOfPage\":{\"@id\":\"https:\/\/vosgesinfo.fr\/epinalinfo\/2025\/10\/vosges-le-nombre-de-demandeurs-demploi-en-legere-hausse-dans-le-departement\/\"},\"wordCount\":257,\"commentCount\":0,\"publisher\":{\"@id\":\"https:\/\/vosgesinfo.fr\/epinalinfo\/#organization\"},\"image\":{\"@id\":\"https:\/\/vosgesinfo.fr\/epinalinfo\/2025\/10\/vosges-le-nombre-de-demandeurs-demploi-en-legere-hausse-dans-le-departement\/#primaryimage\"},\"thumbnailUrl\":\"https:\/\/vosgesinfo.fr\/app\/uploads\/sites\/3\/2025\/10\/france-travail-sddv.jpg\",\"keywords\":[\"DREETS Grand Est\",\"France Travail\",\"Nombre de demandeurs d'emploi dans les Vosges\"],\"articleSection\":[\"A la Une\",\"\u00c9conomie\",\"Epinal\",\"Gerardmer\",\"La plaine des vosges\",\"Remiremont\",\"Vosges\"],\"inLanguage\":\"fr-FR\",\"potentialAction\":[{\"@type\":\"CommentAction\",\"name\":\"Comment\",\"target\":[\"https:\/\/vosgesinfo.fr\/epinalinfo\/2025\/10\/vosges-le-nombre-de-demandeurs-demploi-en-legere-hausse-dans-le-departement\/#respond\"]}]},{\"@type\":\"WebPage\",\"@id\":\"https:\/\/vosgesinfo.fr\/epinalinfo\/2025\/10\/vosges-le-nombre-de-demandeurs-demploi-en-legere-hausse-dans-le-departement\/\",\"url\":\"https:\/\/vosgesinfo.fr\/epinalinfo\/2025\/10\/vosges-le-nombre-de-demandeurs-demploi-en-legere-hausse-dans-le-departement\/\",\"name\":\"Vosges \u2013 Le nombre de demandeurs d'emploi en l\u00e9g\u00e8re hausse dans le d\u00e9partement - Epinal Info\",\"isPartOf\":{\"@id\":\"https:\/\/vosgesinfo.fr\/epinalinfo\/#website\"},\"primaryImageOfPage\":{\"@id\":\"https:\/\/vosgesinfo.fr\/epinalinfo\/2025\/10\/vosges-le-nombre-de-demandeurs-demploi-en-legere-hausse-dans-le-departement\/#primaryimage\"},\"image\":{\"@id\":\"https:\/\/vosgesinfo.fr\/epinalinfo\/2025\/10\/vosges-le-nombre-de-demandeurs-demploi-en-legere-hausse-dans-le-departement\/#primaryimage\"},\"thumbnailUrl\":\"https:\/\/vosgesinfo.fr\/app\/uploads\/sites\/3\/2025\/10\/france-travail-sddv.jpg\",\"datePublished\":\"2025-10-29T09:51:05+00:00\",\"dateModified\":\"2025-10-29T09:51:05+00:00\",\"breadcrumb\":{\"@id\":\"https:\/\/vosgesinfo.fr\/epinalinfo\/2025\/10\/vosges-le-nombre-de-demandeurs-demploi-en-legere-hausse-dans-le-departement\/#breadcrumb\"},\"inLanguage\":\"fr-FR\",\"potentialAction\":[{\"@type\":\"ReadAction\",\"target\":[\"https:\/\/vosgesinfo.fr\/epinalinfo\/2025\/10\/vosges-le-nombre-de-demandeurs-demploi-en-legere-hausse-dans-le-departement\/\"]}]},{\"@type\":\"ImageObject\",\"inLanguage\":\"fr-FR\",\"@id\":\"https:\/\/vosgesinfo.fr\/epinalinfo\/2025\/10\/vosges-le-nombre-de-demandeurs-demploi-en-legere-hausse-dans-le-departement\/#primaryimage\",\"url\":\"https:\/\/vosgesinfo.fr\/app\/uploads\/sites\/3\/2025\/10\/france-travail-sddv.jpg\",\"contentUrl\":\"https:\/\/vosgesinfo.fr\/app\/uploads\/sites\/3\/2025\/10\/france-travail-sddv.jpg\",\"width\":1434,\"height\":1080},{\"@type\":\"BreadcrumbList\",\"@id\":\"https:\/\/vosgesinfo.fr\/epinalinfo\/2025\/10\/vosges-le-nombre-de-demandeurs-demploi-en-legere-hausse-dans-le-departement\/#breadcrumb\",\"itemListElement\":[{\"@type\":\"ListItem\",\"position\":1,\"name\":\"Home\",\"item\":\"https:\/\/vosgesinfo.fr\/epinalinfo\/\"},{\"@type\":\"ListItem\",\"position\":2,\"name\":\"Vosges \u2013 Le nombre de demandeurs d&#8217;emploi en l\u00e9g\u00e8re hausse dans le d\u00e9partement\"}]},{\"@type\":\"WebSite\",\"@id\":\"https:\/\/vosgesinfo.fr\/epinalinfo\/#website\",\"url\":\"https:\/\/vosgesinfo.fr\/epinalinfo\/\",\"name\":\"Epinal Info\",\"description\":\"Toute l&#039;actualit\u00e9 d&#039;\u00c9pinal\",\"publisher\":{\"@id\":\"https:\/\/vosgesinfo.fr\/epinalinfo\/#organization\"},\"alternateName\":\"Toute l'actualit\u00e9 d'\u00c9pinal\",\"potentialAction\":[{\"@type\":\"SearchAction\",\"target\":{\"@type\":\"EntryPoint\",\"urlTemplate\":\"https:\/\/vosgesinfo.fr\/epinalinfo\/?s={search_term_string}\"},\"query-input\":\"required name=search_term_string\"}],\"inLanguage\":\"fr-FR\"},{\"@type\":\"Organization\",\"@id\":\"https:\/\/vosgesinfo.fr\/epinalinfo\/#organization\",\"name\":\"Epinal Info\",\"url\":\"https:\/\/vosgesinfo.fr\/epinalinfo\/\",\"logo\":{\"@type\":\"ImageObject\",\"inLanguage\":\"fr-FR\",\"@id\":\"https:\/\/vosgesinfo.fr\/epinalinfo\/#\/schema\/logo\/image\/\",\"url\":\"https:\/\/vosgesinfo.fr\/app\/uploads\/sites\/3\/2023\/08\/logo-epinalinfos.svg\",\"contentUrl\":\"https:\/\/vosgesinfo.fr\/app\/uploads\/sites\/3\/2023\/08\/logo-epinalinfos.svg\",\"width\":1,\"height\":1,\"caption\":\"Epinal Info\"},\"image\":{\"@id\":\"https:\/\/vosgesinfo.fr\/epinalinfo\/#\/schema\/logo\/image\/\"},\"sameAs\":[\"https:\/\/www.facebook.com\/Epinalinfos\",\"https:\/\/x.com\/VosgesInfo88\",\"https:\/\/www.youtube.com\/@vosgesinfo\"]},{\"@type\":\"Person\",\"@id\":\"https:\/\/vosgesinfo.fr\/epinalinfo\/#\/schema\/person\/fa73e9f726d67bb88f46d5b7943cb572\",\"name\":\"J.J.\",\"image\":{\"@type\":\"ImageObject\",\"inLanguage\":\"fr-FR\",\"@id\":\"https:\/\/vosgesinfo.fr\/epinalinfo\/#\/schema\/person\/image\/\",\"url\":\"https:\/\/secure.gravatar.com\/avatar\/219e749e47ffbcca018a360ae4add7d4cdf1cdaaf8bc7676b27efade3fe65615?s=96&d=mm&r=g\",\"contentUrl\":\"https:\/\/secure.gravatar.com\/avatar\/219e749e47ffbcca018a360ae4add7d4cdf1cdaaf8bc7676b27efade3fe65615?s=96&d=mm&r=g\",\"caption\":\"J.J.\"},\"url\":\"https:\/\/vosgesinfo.fr\/epinalinfo\/author\/j-j\/\"}]}<\/script>\n<!-- \/ Yoast SEO plugin. -->","yoast_head_json":{"title":"Vosges \u2013 Le nombre de demandeurs d'emploi en l\u00e9g\u00e8re hausse dans le d\u00e9partement - Epinal Info","robots":{"index":"index","follow":"follow","max-snippet":"max-snippet:-1","max-image-preview":"max-image-preview:large","max-video-preview":"max-video-preview:-1"},"canonical":"https:\/\/vosgesinfo.fr\/epinalinfo\/2025\/10\/vosges-le-nombre-de-demandeurs-demploi-en-legere-hausse-dans-le-departement\/","twitter_card":"summary_large_image","twitter_title":"Vosges \u2013 Le nombre de demandeurs d'emploi en l\u00e9g\u00e8re hausse dans le d\u00e9partement - Epinal Info","twitter_description":"Selon les chiffres publi\u00e9s par la DREETS Grand Est et France Travail, le nombre de demandeurs d\u2019emploi inscrits \u00e0 France [&hellip;]","twitter_image":"https:\/\/vosgesinfo.fr\/app\/uploads\/sites\/3\/2025\/10\/france-travail-sddv.jpg","twitter_creator":"@VosgesInfo88","twitter_site":"@VosgesInfo88","twitter_misc":{"\u00c9crit par":"J.J.","Dur\u00e9e de lecture estim\u00e9e":"1 minute"},"schema":{"@context":"https:\/\/schema.org","@graph":[{"@type":"Article","@id":"https:\/\/vosgesinfo.fr\/epinalinfo\/2025\/10\/vosges-le-nombre-de-demandeurs-demploi-en-legere-hausse-dans-le-departement\/#article","isPartOf":{"@id":"https:\/\/vosgesinfo.fr\/epinalinfo\/2025\/10\/vosges-le-nombre-de-demandeurs-demploi-en-legere-hausse-dans-le-departement\/"},"author":{"name":"J.J.","@id":"https:\/\/vosgesinfo.fr\/epinalinfo\/#\/schema\/person\/fa73e9f726d67bb88f46d5b7943cb572"},"headline":"Vosges \u2013 Le nombre de demandeurs d&#8217;emploi en l\u00e9g\u00e8re hausse dans le d\u00e9partement","datePublished":"2025-10-29T09:51:05+00:00","dateModified":"2025-10-29T09:51:05+00:00","mainEntityOfPage":{"@id":"https:\/\/vosgesinfo.fr\/epinalinfo\/2025\/10\/vosges-le-nombre-de-demandeurs-demploi-en-legere-hausse-dans-le-departement\/"},"wordCount":257,"commentCount":0,"publisher":{"@id":"https:\/\/vosgesinfo.fr\/epinalinfo\/#organization"},"image":{"@id":"https:\/\/vosgesinfo.fr\/epinalinfo\/2025\/10\/vosges-le-nombre-de-demandeurs-demploi-en-legere-hausse-dans-le-departement\/#primaryimage"},"thumbnailUrl":"https:\/\/vosgesinfo.fr\/app\/uploads\/sites\/3\/2025\/10\/france-travail-sddv.jpg","keywords":["DREETS Grand Est","France Travail","Nombre de demandeurs d'emploi dans les Vosges"],"articleSection":["A la Une","\u00c9conomie","Epinal","Gerardmer","La plaine des vosges","Remiremont","Vosges"],"inLanguage":"fr-FR","potentialAction":[{"@type":"CommentAction","name":"Comment","target":["https:\/\/vosgesinfo.fr\/epinalinfo\/2025\/10\/vosges-le-nombre-de-demandeurs-demploi-en-legere-hausse-dans-le-departement\/#respond"]}]},{"@type":"WebPage","@id":"https:\/\/vosgesinfo.fr\/epinalinfo\/2025\/10\/vosges-le-nombre-de-demandeurs-demploi-en-legere-hausse-dans-le-departement\/","url":"https:\/\/vosgesinfo.fr\/epinalinfo\/2025\/10\/vosges-le-nombre-de-demandeurs-demploi-en-legere-hausse-dans-le-departement\/","name":"Vosges \u2013 Le nombre de demandeurs d'emploi en l\u00e9g\u00e8re hausse dans le d\u00e9partement - Epinal Info","isPartOf":{"@id":"https:\/\/vosgesinfo.fr\/epinalinfo\/#website"},"primaryImageOfPage":{"@id":"https:\/\/vosgesinfo.fr\/epinalinfo\/2025\/10\/vosges-le-nombre-de-demandeurs-demploi-en-legere-hausse-dans-le-departement\/#primaryimage"},"image":{"@id":"https:\/\/vosgesinfo.fr\/epinalinfo\/2025\/10\/vosges-le-nombre-de-demandeurs-demploi-en-legere-hausse-dans-le-departement\/#primaryimage"},"thumbnailUrl":"https:\/\/vosgesinfo.fr\/app\/uploads\/sites\/3\/2025\/10\/france-travail-sddv.jpg","datePublished":"2025-10-29T09:51:05+00:00","dateModified":"2025-10-29T09:51:05+00:00","breadcrumb":{"@id":"https:\/\/vosgesinfo.fr\/epinalinfo\/2025\/10\/vosges-le-nombre-de-demandeurs-demploi-en-legere-hausse-dans-le-departement\/#breadcrumb"},"inLanguage":"fr-FR","potentialAction":[{"@type":"ReadAction","target":["https:\/\/vosgesinfo.fr\/epinalinfo\/2025\/10\/vosges-le-nombre-de-demandeurs-demploi-en-legere-hausse-dans-le-departement\/"]}]},{"@type":"ImageObject","inLanguage":"fr-FR","@id":"https:\/\/vosgesinfo.fr\/epinalinfo\/2025\/10\/vosges-le-nombre-de-demandeurs-demploi-en-legere-hausse-dans-le-departement\/#primaryimage","url":"https:\/\/vosgesinfo.fr\/app\/uploads\/sites\/3\/2025\/10\/france-travail-sddv.jpg","contentUrl":"https:\/\/vosgesinfo.fr\/app\/uploads\/sites\/3\/2025\/10\/france-travail-sddv.jpg","width":1434,"height":1080},{"@type":"BreadcrumbList","@id":"https:\/\/vosgesinfo.fr\/epinalinfo\/2025\/10\/vosges-le-nombre-de-demandeurs-demploi-en-legere-hausse-dans-le-departement\/#breadcrumb","itemListElement":[{"@type":"ListItem","position":1,"name":"Home","item":"https:\/\/vosgesinfo.fr\/epinalinfo\/"},{"@type":"ListItem","position":2,"name":"Vosges \u2013 Le nombre de demandeurs d&#8217;emploi en l\u00e9g\u00e8re hausse dans le d\u00e9partement"}]},{"@type":"WebSite","@id":"https:\/\/vosgesinfo.fr\/epinalinfo\/#website","url":"https:\/\/vosgesinfo.fr\/epinalinfo\/","name":"Epinal Info","description":"Toute l&#039;actualit\u00e9 d&#039;\u00c9pinal","publisher":{"@id":"https:\/\/vosgesinfo.fr\/epinalinfo\/#organization"},"alternateName":"Toute l'actualit\u00e9 d'\u00c9pinal","potentialAction":[{"@type":"SearchAction","target":{"@type":"EntryPoint","urlTemplate":"https:\/\/vosgesinfo.fr\/epinalinfo\/?s={search_term_string}"},"query-input":"required name=search_term_string"}],"inLanguage":"fr-FR"},{"@type":"Organization","@id":"https:\/\/vosgesinfo.fr\/epinalinfo\/#organization","name":"Epinal Info","url":"https:\/\/vosgesinfo.fr\/epinalinfo\/","logo":{"@type":"ImageObject","inLanguage":"fr-FR","@id":"https:\/\/vosgesinfo.fr\/epinalinfo\/#\/schema\/logo\/image\/","url":"https:\/\/vosgesinfo.fr\/app\/uploads\/sites\/3\/2023\/08\/logo-epinalinfos.svg","contentUrl":"https:\/\/vosgesinfo.fr\/app\/uploads\/sites\/3\/2023\/08\/logo-epinalinfos.svg","width":1,"height":1,"caption":"Epinal Info"},"image":{"@id":"https:\/\/vosgesinfo.fr\/epinalinfo\/#\/schema\/logo\/image\/"},"sameAs":["https:\/\/www.facebook.com\/Epinalinfos","https:\/\/x.com\/VosgesInfo88","https:\/\/www.youtube.com\/@vosgesinfo"]},{"@type":"Person","@id":"https:\/\/vosgesinfo.fr\/epinalinfo\/#\/schema\/person\/fa73e9f726d67bb88f46d5b7943cb572","name":"J.J.","image":{"@type":"ImageObject","inLanguage":"fr-FR","@id":"https:\/\/vosgesinfo.fr\/epinalinfo\/#\/schema\/person\/image\/","url":"https:\/\/secure.gravatar.com\/avatar\/219e749e47ffbcca018a360ae4add7d4cdf1cdaaf8bc7676b27efade3fe65615?s=96&d=mm&r=g","contentUrl":"https:\/\/secure.gravatar.com\/avatar\/219e749e47ffbcca018a360ae4add7d4cdf1cdaaf8bc7676b27efade3fe65615?s=96&d=mm&r=g","caption":"J.J."},"url":"https:\/\/vosgesinfo.fr\/epinalinfo\/author\/j-j\/"}]}},"_links":{"self":[{"href":"https:\/\/vosgesinfo.fr\/epinalinfo\/wp-json\/wp\/v2\/posts\/136707","targetHints":{"allow":["GET"]}}],"collection":[{"href":"https:\/\/vosgesinfo.fr\/epinalinfo\/wp-json\/wp\/v2\/posts"}],"about":[{"href":"https:\/\/vosgesinfo.fr\/epinalinfo\/wp-json\/wp\/v2\/types\/post"}],"author":[{"embeddable":true,"href":"https:\/\/vosgesinfo.fr\/epinalinfo\/wp-json\/wp\/v2\/users\/46"}],"replies":[{"embeddable":true,"href":"https:\/\/vosgesinfo.fr\/epinalinfo\/wp-json\/wp\/v2\/comments?post=136707"}],"version-history":[{"count":1,"href":"https:\/\/vosgesinfo.fr\/epinalinfo\/wp-json\/wp\/v2\/posts\/136707\/revisions"}],"predecessor-version":[{"id":136709,"href":"https:\/\/vosgesinfo.fr\/epinalinfo\/wp-json\/wp\/v2\/posts\/136707\/revisions\/136709"}],"wp:featuredmedia":[{"embeddable":true,"href":"https:\/\/vosgesinfo.fr\/epinalinfo\/wp-json\/wp\/v2\/media\/136708"}],"wp:attachment":[{"href":"https:\/\/vosgesinfo.fr\/epinalinfo\/wp-json\/wp\/v2\/media?parent=136707"}],"wp:term":[{"taxonomy":"category","embeddable":true,"href":"https:\/\/vosgesinfo.fr\/epinalinfo\/wp-json\/wp\/v2\/categories?post=136707"},{"taxonomy":"post_tag","embeddable":true,"href":"https:\/\/vosgesinfo.fr\/epinalinfo\/wp-json\/wp\/v2\/tags?post=136707"}],"curies":[{"name":"wp","href":"https:\/\/api.w.org\/{rel}","templated":true}]}}