{"id":136710,"date":"2025-10-29T11:28:57","date_gmt":"2025-10-29T10:28:57","guid":{"rendered":"https:\/\/vosgesinfo.fr\/epinalinfo\/?p=136710"},"modified":"2025-10-29T11:28:57","modified_gmt":"2025-10-29T10:28:57","slug":"le-salon-de-la-creation-dentreprise-ouvre-ses-portes-a-epinal-2-heures-pour-concretiser-votre-projet","status":"publish","type":"post","link":"https:\/\/vosgesinfo.fr\/epinalinfo\/2025\/10\/le-salon-de-la-creation-dentreprise-ouvre-ses-portes-a-epinal-2-heures-pour-concretiser-votre-projet\/","title":{"rendered":"Le Salon de la cr\u00e9ation d\u2019entreprise ouvre ses portes \u00e0 \u00c9pinal : 2 heures pour concr\u00e9tiser votre projet !"},"content":{"rendered":"<h2 data-start=\"304\" data-end=\"756\"><strong><a href=\"https:\/\/vosgesinfo.fr\/app\/uploads\/sites\/3\/2025\/10\/salon-crea2.jpg\"><img decoding=\"async\" class=\"aligncenter size-full wp-image-136711\" src=\"https:\/\/vosgesinfo.fr\/app\/uploads\/sites\/3\/2025\/10\/salon-crea2.jpg\" alt=\"\" width=\"1440\" height=\"1080\" srcset=\"https:\/\/vosgesinfo.fr\/app\/uploads\/sites\/3\/2025\/10\/salon-crea2.jpg 1440w, https:\/\/vosgesinfo.fr\/app\/uploads\/sites\/3\/2025\/10\/salon-crea2-300x225.jpg 300w, https:\/\/vosgesinfo.fr\/app\/uploads\/sites\/3\/2025\/10\/salon-crea2-1024x768.jpg 1024w, https:\/\/vosgesinfo.fr\/app\/uploads\/sites\/3\/2025\/10\/salon-crea2-768x576.jpg 768w\" sizes=\"(max-width: 1440px) 100vw, 1440px\" \/><\/a>Le Salon de la cr\u00e9ation d\u2019entreprise a ouvert ce mercredi 29 octobre au Centre des congr\u00e8s d\u2019\u00c9pinal, offrant aux porteurs de projets une journ\u00e9e unique pour acc\u00e9l\u00e9rer leur parcours entrepreneurial. <\/strong>Avec pour slogan percutant \u2014 <em data-start=\"545\" data-end=\"612\">\u00ab En 2 heures, r\u00e9alisez l\u2019\u00e9quivalent de 15 jours de d\u00e9marches ! \u00bb<\/em> \u2014 l\u2019\u00e9v\u00e9nement s\u2019impose comme un rendez-vous incontournable pour tous ceux qui souhaitent <strong data-start=\"702\" data-end=\"739\">cr\u00e9er ou reprendre une entreprise<\/strong> dans les Vosges.<\/h2>\n<p data-start=\"758\" data-end=\"1285\">Organis\u00e9 par la Chambre de commerce et d\u2019industrie des Vosges, la Chambre de M\u00e9tiers et de l\u2019Artisanat Grand Est \u2013 Vosges et le P\u00f4le de Coop\u00e9ration pour entreprendre d\u2019\u00c9pinal, le salon b\u00e9n\u00e9ficie du soutien de la Communaut\u00e9 d\u2019Agglom\u00e9ration d\u2019\u00c9pinal et de la R\u00e9gion Grand Est.<br data-start=\"1052\" data-end=\"1055\" \/>Objectif : rassembler en un m\u00eame lieu l\u2019ensemble des acteurs de l\u2019accompagnement \u00e0 la cr\u00e9ation d\u2019entreprise, afin d\u2019offrir un acc\u00e8s direct, simple et efficace \u00e0 toutes les informations et expertises n\u00e9cessaires pour se lancer.<\/p>\n<h3 data-start=\"1287\" data-end=\"1332\">Un concentr\u00e9 de ressources et de conseils<\/h3>\n<p data-start=\"1333\" data-end=\"1816\">Tout au long de la journ\u00e9e, les visiteurs peuvent \u00e9changer avec une quarantaine d\u2019experts et de partenaires de la cr\u00e9ation-reprise d\u2019entreprise : conseillers financiers, juristes, experts-comptables, structures d\u2019appui, r\u00e9seaux d\u2019entrepreneurs ou encore organismes de financement.<br data-start=\"1617\" data-end=\"1620\" \/>Une occasion unique d\u2019obtenir des r\u00e9ponses concr\u00e8tes sur le business plan, le choix du statut juridique, les aides financi\u00e8res disponibles, ou encore les d\u00e9marches administratives.<\/p>\n<h3 data-start=\"1818\" data-end=\"1864\">Un tremplin pour l\u2019entrepreneuriat vosgien<\/h3>\n<p data-start=\"1865\" data-end=\"2180\">V\u00e9ritable guichet unique de la cr\u00e9ation d\u2019entreprise, le salon s\u2019adresse autant aux cr\u00e9ateurs d\u00e9butants qu\u2019aux entrepreneurs en devenir cherchant \u00e0 s\u00e9curiser ou \u00e0 d\u00e9velopper leur projet.<br data-start=\"2059\" data-end=\"2062\" \/>Rencontres, conseils, ateliers et \u00e9changes d\u2019exp\u00e9riences : tout est r\u00e9uni pour transformer une id\u00e9e en projet concret.<\/p>\n<blockquote data-start=\"2182\" data-end=\"2404\">\n<p data-start=\"2184\" data-end=\"2404\"><em data-start=\"2188\" data-end=\"2356\">\u00ab Ce salon est une formidable opportunit\u00e9 pour tous ceux qui veulent oser entreprendre, b\u00e9n\u00e9ficier d\u2019un accompagnement sur mesure et s\u2019entourer des bons partenaires \u00bb<\/em>, souligne\u00a0 la CCI des Vosges.<\/p>\n<\/blockquote>\n\n\t\t<style type=\"text\/css\">\n\t\t\t#gallery-1 {\n\t\t\t\tmargin: auto;\n\t\t\t}\n\t\t\t#gallery-1 .gallery-item {\n\t\t\t\tfloat: left;\n\t\t\t\tmargin-top: 10px;\n\t\t\t\ttext-align: center;\n\t\t\t\twidth: 33%;\n\t\t\t}\n\t\t\t#gallery-1 img {\n\t\t\t\tborder: 2px solid #cfcfcf;\n\t\t\t}\n\t\t\t#gallery-1 .gallery-caption {\n\t\t\t\tmargin-left: 0;\n\t\t\t}\n\t\t\t\/* see gallery_shortcode() in wp-includes\/media.php *\/\n\t\t<\/style>\n\t\t<div id='gallery-1' class='gallery galleryid-136710 gallery-columns-3 gallery-size-large'><dl class='gallery-item'>\n\t\t\t<dt class='gallery-icon landscape'>\n\t\t\t\t<a href='https:\/\/vosgesinfo.fr\/app\/uploads\/sites\/3\/2025\/10\/salon-crea.jpg'><img decoding=\"async\" width=\"1024\" height=\"768\" src=\"https:\/\/vosgesinfo.fr\/app\/uploads\/sites\/3\/2025\/10\/salon-crea-1024x768.jpg\" class=\"attachment-large size-large\" alt=\"\" srcset=\"https:\/\/vosgesinfo.fr\/app\/uploads\/sites\/3\/2025\/10\/salon-crea-1024x768.jpg 1024w, https:\/\/vosgesinfo.fr\/app\/uploads\/sites\/3\/2025\/10\/salon-crea-300x225.jpg 300w, https:\/\/vosgesinfo.fr\/app\/uploads\/sites\/3\/2025\/10\/salon-crea-768x576.jpg 768w, https:\/\/vosgesinfo.fr\/app\/uploads\/sites\/3\/2025\/10\/salon-crea.jpg 1440w\" sizes=\"(max-width: 1024px) 100vw, 1024px\" \/><\/a>\n\t\t\t<\/dt><\/dl><dl class='gallery-item'>\n\t\t\t<dt class='gallery-icon landscape'>\n\t\t\t\t<a href='https:\/\/vosgesinfo.fr\/app\/uploads\/sites\/3\/2025\/10\/salon-crea3.jpg'><img decoding=\"async\" width=\"1024\" height=\"768\" src=\"https:\/\/vosgesinfo.fr\/app\/uploads\/sites\/3\/2025\/10\/salon-crea3-1024x768.jpg\" class=\"attachment-large size-large\" alt=\"\" srcset=\"https:\/\/vosgesinfo.fr\/app\/uploads\/sites\/3\/2025\/10\/salon-crea3-1024x768.jpg 1024w, https:\/\/vosgesinfo.fr\/app\/uploads\/sites\/3\/2025\/10\/salon-crea3-300x225.jpg 300w, https:\/\/vosgesinfo.fr\/app\/uploads\/sites\/3\/2025\/10\/salon-crea3-768x576.jpg 768w, https:\/\/vosgesinfo.fr\/app\/uploads\/sites\/3\/2025\/10\/salon-crea3.jpg 1440w\" sizes=\"(max-width: 1024px) 100vw, 1024px\" \/><\/a>\n\t\t\t<\/dt><\/dl>\n\t\t\t<br style='clear: both' \/>\n\t\t<\/div>\n\n","protected":false},"excerpt":{"rendered":"<p>Le Salon de la cr\u00e9ation d\u2019entreprise a ouvert ce mercredi 29 octobre au Centre des congr\u00e8s d\u2019\u00c9pinal, offrant aux porteurs [&hellip;]<\/p>\n","protected":false},"author":52,"featured_media":136711,"comment_status":"open","ping_status":"open","sticky":false,"template":"","format":"standard","meta":{"footnotes":""},"categories":[22,24],"tags":[],"class_list":["post-136710","post","type-post","status-publish","format-standard","has-post-thumbnail","hentry","category-a-la-une","category-epinal"],"acf":[],"yoast_head":"<!-- This site is optimized with the Yoast SEO plugin v22.5 - https:\/\/yoast.com\/wordpress\/plugins\/seo\/ -->\n<title>Le Salon de la cr\u00e9ation d\u2019entreprise ouvre ses portes \u00e0 \u00c9pinal : 2 heures pour concr\u00e9tiser votre projet ! - Epinal Info<\/title>\n<meta name=\"robots\" content=\"index, follow, max-snippet:-1, max-image-preview:large, max-video-preview:-1\" \/>\n<link rel=\"canonical\" href=\"https:\/\/vosgesinfo.fr\/epinalinfo\/?p=136710\" \/>\n<meta name=\"twitter:card\" content=\"summary_large_image\" \/>\n<meta name=\"twitter:title\" content=\"Le Salon de la cr\u00e9ation d\u2019entreprise ouvre ses portes \u00e0 \u00c9pinal : 2 heures pour concr\u00e9tiser votre projet ! - Epinal Info\" \/>\n<meta name=\"twitter:description\" content=\"Le Salon de la cr\u00e9ation d\u2019entreprise a ouvert ce mercredi 29 octobre au Centre des congr\u00e8s d\u2019\u00c9pinal, offrant aux porteurs [&hellip;]\" \/>\n<meta name=\"twitter:image\" content=\"https:\/\/vosgesinfo.fr\/app\/uploads\/sites\/3\/2025\/10\/salon-crea2.jpg\" \/>\n<meta name=\"twitter:creator\" content=\"@VosgesInfo88\" \/>\n<meta name=\"twitter:site\" content=\"@VosgesInfo88\" \/>\n<meta name=\"twitter:label1\" content=\"\u00c9crit par\" \/>\n\t<meta name=\"twitter:data1\" content=\"C.K.\" \/>\n\t<meta name=\"twitter:label2\" content=\"Dur\u00e9e de lecture estim\u00e9e\" \/>\n\t<meta name=\"twitter:data2\" content=\"2 minutes\" \/>\n<script type=\"application\/ld+json\" class=\"yoast-schema-graph\">{\"@context\":\"https:\/\/schema.org\",\"@graph\":[{\"@type\":\"Article\",\"@id\":\"https:\/\/vosgesinfo.fr\/epinalinfo\/?p=136710#article\",\"isPartOf\":{\"@id\":\"https:\/\/vosgesinfo.fr\/epinalinfo\/?p=136710\"},\"author\":{\"name\":\"C.K.\",\"@id\":\"https:\/\/vosgesinfo.fr\/epinalinfo\/#\/schema\/person\/6f9a650eeea99d969b6c4ab78fccbe81\"},\"headline\":\"Le Salon de la cr\u00e9ation d\u2019entreprise ouvre ses portes \u00e0 \u00c9pinal : 2 heures pour concr\u00e9tiser votre projet !\",\"datePublished\":\"2025-10-29T10:28:57+00:00\",\"dateModified\":\"2025-10-29T10:28:57+00:00\",\"mainEntityOfPage\":{\"@id\":\"https:\/\/vosgesinfo.fr\/epinalinfo\/?p=136710\"},\"wordCount\":362,\"commentCount\":0,\"publisher\":{\"@id\":\"https:\/\/vosgesinfo.fr\/epinalinfo\/#organization\"},\"image\":{\"@id\":\"https:\/\/vosgesinfo.fr\/epinalinfo\/?p=136710#primaryimage\"},\"thumbnailUrl\":\"https:\/\/vosgesinfo.fr\/app\/uploads\/sites\/3\/2025\/10\/salon-crea2.jpg\",\"articleSection\":[\"A la Une\",\"Epinal\"],\"inLanguage\":\"fr-FR\",\"potentialAction\":[{\"@type\":\"CommentAction\",\"name\":\"Comment\",\"target\":[\"https:\/\/vosgesinfo.fr\/epinalinfo\/?p=136710#respond\"]}]},{\"@type\":\"WebPage\",\"@id\":\"https:\/\/vosgesinfo.fr\/epinalinfo\/?p=136710\",\"url\":\"https:\/\/vosgesinfo.fr\/epinalinfo\/?p=136710\",\"name\":\"Le Salon de la cr\u00e9ation d\u2019entreprise ouvre ses portes \u00e0 \u00c9pinal : 2 heures pour concr\u00e9tiser votre projet ! - Epinal Info\",\"isPartOf\":{\"@id\":\"https:\/\/vosgesinfo.fr\/epinalinfo\/#website\"},\"primaryImageOfPage\":{\"@id\":\"https:\/\/vosgesinfo.fr\/epinalinfo\/?p=136710#primaryimage\"},\"image\":{\"@id\":\"https:\/\/vosgesinfo.fr\/epinalinfo\/?p=136710#primaryimage\"},\"thumbnailUrl\":\"https:\/\/vosgesinfo.fr\/app\/uploads\/sites\/3\/2025\/10\/salon-crea2.jpg\",\"datePublished\":\"2025-10-29T10:28:57+00:00\",\"dateModified\":\"2025-10-29T10:28:57+00:00\",\"breadcrumb\":{\"@id\":\"https:\/\/vosgesinfo.fr\/epinalinfo\/?p=136710#breadcrumb\"},\"inLanguage\":\"fr-FR\",\"potentialAction\":[{\"@type\":\"ReadAction\",\"target\":[\"https:\/\/vosgesinfo.fr\/epinalinfo\/?p=136710\"]}]},{\"@type\":\"ImageObject\",\"inLanguage\":\"fr-FR\",\"@id\":\"https:\/\/vosgesinfo.fr\/epinalinfo\/?p=136710#primaryimage\",\"url\":\"https:\/\/vosgesinfo.fr\/app\/uploads\/sites\/3\/2025\/10\/salon-crea2.jpg\",\"contentUrl\":\"https:\/\/vosgesinfo.fr\/app\/uploads\/sites\/3\/2025\/10\/salon-crea2.jpg\",\"width\":1440,\"height\":1080},{\"@type\":\"BreadcrumbList\",\"@id\":\"https:\/\/vosgesinfo.fr\/epinalinfo\/?p=136710#breadcrumb\",\"itemListElement\":[{\"@type\":\"ListItem\",\"position\":1,\"name\":\"Home\",\"item\":\"https:\/\/vosgesinfo.fr\/epinalinfo\/\"},{\"@type\":\"ListItem\",\"position\":2,\"name\":\"Le Salon de la cr\u00e9ation d\u2019entreprise ouvre ses portes \u00e0 \u00c9pinal : 2 heures pour concr\u00e9tiser votre projet !\"}]},{\"@type\":\"WebSite\",\"@id\":\"https:\/\/vosgesinfo.fr\/epinalinfo\/#website\",\"url\":\"https:\/\/vosgesinfo.fr\/epinalinfo\/\",\"name\":\"Epinal Info\",\"description\":\"Toute l&#039;actualit\u00e9 d&#039;\u00c9pinal\",\"publisher\":{\"@id\":\"https:\/\/vosgesinfo.fr\/epinalinfo\/#organization\"},\"alternateName\":\"Toute l'actualit\u00e9 d'\u00c9pinal\",\"potentialAction\":[{\"@type\":\"SearchAction\",\"target\":{\"@type\":\"EntryPoint\",\"urlTemplate\":\"https:\/\/vosgesinfo.fr\/epinalinfo\/?s={search_term_string}\"},\"query-input\":\"required name=search_term_string\"}],\"inLanguage\":\"fr-FR\"},{\"@type\":\"Organization\",\"@id\":\"https:\/\/vosgesinfo.fr\/epinalinfo\/#organization\",\"name\":\"Epinal Info\",\"url\":\"https:\/\/vosgesinfo.fr\/epinalinfo\/\",\"logo\":{\"@type\":\"ImageObject\",\"inLanguage\":\"fr-FR\",\"@id\":\"https:\/\/vosgesinfo.fr\/epinalinfo\/#\/schema\/logo\/image\/\",\"url\":\"https:\/\/vosgesinfo.fr\/app\/uploads\/sites\/3\/2023\/08\/logo-epinalinfos.svg\",\"contentUrl\":\"https:\/\/vosgesinfo.fr\/app\/uploads\/sites\/3\/2023\/08\/logo-epinalinfos.svg\",\"width\":1,\"height\":1,\"caption\":\"Epinal Info\"},\"image\":{\"@id\":\"https:\/\/vosgesinfo.fr\/epinalinfo\/#\/schema\/logo\/image\/\"},\"sameAs\":[\"https:\/\/www.facebook.com\/Epinalinfos\",\"https:\/\/x.com\/VosgesInfo88\",\"https:\/\/www.youtube.com\/@vosgesinfo\"]},{\"@type\":\"Person\",\"@id\":\"https:\/\/vosgesinfo.fr\/epinalinfo\/#\/schema\/person\/6f9a650eeea99d969b6c4ab78fccbe81\",\"name\":\"C.K.\",\"image\":{\"@type\":\"ImageObject\",\"inLanguage\":\"fr-FR\",\"@id\":\"https:\/\/vosgesinfo.fr\/epinalinfo\/#\/schema\/person\/image\/\",\"url\":\"https:\/\/secure.gravatar.com\/avatar\/48e3fc7f8421ba8942be6b74a2b7f014ca39bc00dece156b7a8e098ae7dc87bf?s=96&d=mm&r=g\",\"contentUrl\":\"https:\/\/secure.gravatar.com\/avatar\/48e3fc7f8421ba8942be6b74a2b7f014ca39bc00dece156b7a8e098ae7dc87bf?s=96&d=mm&r=g\",\"caption\":\"C.K.\"},\"url\":\"https:\/\/vosgesinfo.fr\/epinalinfo\/author\/celia-k-n\/\"}]}<\/script>\n<!-- \/ Yoast SEO plugin. -->","yoast_head_json":{"title":"Le Salon de la cr\u00e9ation d\u2019entreprise ouvre ses portes \u00e0 \u00c9pinal : 2 heures pour concr\u00e9tiser votre projet ! - Epinal Info","robots":{"index":"index","follow":"follow","max-snippet":"max-snippet:-1","max-image-preview":"max-image-preview:large","max-video-preview":"max-video-preview:-1"},"canonical":"https:\/\/vosgesinfo.fr\/epinalinfo\/?p=136710","twitter_card":"summary_large_image","twitter_title":"Le Salon de la cr\u00e9ation d\u2019entreprise ouvre ses portes \u00e0 \u00c9pinal : 2 heures pour concr\u00e9tiser votre projet ! - Epinal Info","twitter_description":"Le Salon de la cr\u00e9ation d\u2019entreprise a ouvert ce mercredi 29 octobre au Centre des congr\u00e8s d\u2019\u00c9pinal, offrant aux porteurs [&hellip;]","twitter_image":"https:\/\/vosgesinfo.fr\/app\/uploads\/sites\/3\/2025\/10\/salon-crea2.jpg","twitter_creator":"@VosgesInfo88","twitter_site":"@VosgesInfo88","twitter_misc":{"\u00c9crit par":"C.K.","Dur\u00e9e de lecture estim\u00e9e":"2 minutes"},"schema":{"@context":"https:\/\/schema.org","@graph":[{"@type":"Article","@id":"https:\/\/vosgesinfo.fr\/epinalinfo\/?p=136710#article","isPartOf":{"@id":"https:\/\/vosgesinfo.fr\/epinalinfo\/?p=136710"},"author":{"name":"C.K.","@id":"https:\/\/vosgesinfo.fr\/epinalinfo\/#\/schema\/person\/6f9a650eeea99d969b6c4ab78fccbe81"},"headline":"Le Salon de la cr\u00e9ation d\u2019entreprise ouvre ses portes \u00e0 \u00c9pinal : 2 heures pour concr\u00e9tiser votre projet !","datePublished":"2025-10-29T10:28:57+00:00","dateModified":"2025-10-29T10:28:57+00:00","mainEntityOfPage":{"@id":"https:\/\/vosgesinfo.fr\/epinalinfo\/?p=136710"},"wordCount":362,"commentCount":0,"publisher":{"@id":"https:\/\/vosgesinfo.fr\/epinalinfo\/#organization"},"image":{"@id":"https:\/\/vosgesinfo.fr\/epinalinfo\/?p=136710#primaryimage"},"thumbnailUrl":"https:\/\/vosgesinfo.fr\/app\/uploads\/sites\/3\/2025\/10\/salon-crea2.jpg","articleSection":["A la Une","Epinal"],"inLanguage":"fr-FR","potentialAction":[{"@type":"CommentAction","name":"Comment","target":["https:\/\/vosgesinfo.fr\/epinalinfo\/?p=136710#respond"]}]},{"@type":"WebPage","@id":"https:\/\/vosgesinfo.fr\/epinalinfo\/?p=136710","url":"https:\/\/vosgesinfo.fr\/epinalinfo\/?p=136710","name":"Le Salon de la cr\u00e9ation d\u2019entreprise ouvre ses portes \u00e0 \u00c9pinal : 2 heures pour concr\u00e9tiser votre projet ! - Epinal Info","isPartOf":{"@id":"https:\/\/vosgesinfo.fr\/epinalinfo\/#website"},"primaryImageOfPage":{"@id":"https:\/\/vosgesinfo.fr\/epinalinfo\/?p=136710#primaryimage"},"image":{"@id":"https:\/\/vosgesinfo.fr\/epinalinfo\/?p=136710#primaryimage"},"thumbnailUrl":"https:\/\/vosgesinfo.fr\/app\/uploads\/sites\/3\/2025\/10\/salon-crea2.jpg","datePublished":"2025-10-29T10:28:57+00:00","dateModified":"2025-10-29T10:28:57+00:00","breadcrumb":{"@id":"https:\/\/vosgesinfo.fr\/epinalinfo\/?p=136710#breadcrumb"},"inLanguage":"fr-FR","potentialAction":[{"@type":"ReadAction","target":["https:\/\/vosgesinfo.fr\/epinalinfo\/?p=136710"]}]},{"@type":"ImageObject","inLanguage":"fr-FR","@id":"https:\/\/vosgesinfo.fr\/epinalinfo\/?p=136710#primaryimage","url":"https:\/\/vosgesinfo.fr\/app\/uploads\/sites\/3\/2025\/10\/salon-crea2.jpg","contentUrl":"https:\/\/vosgesinfo.fr\/app\/uploads\/sites\/3\/2025\/10\/salon-crea2.jpg","width":1440,"height":1080},{"@type":"BreadcrumbList","@id":"https:\/\/vosgesinfo.fr\/epinalinfo\/?p=136710#breadcrumb","itemListElement":[{"@type":"ListItem","position":1,"name":"Home","item":"https:\/\/vosgesinfo.fr\/epinalinfo\/"},{"@type":"ListItem","position":2,"name":"Le Salon de la cr\u00e9ation d\u2019entreprise ouvre ses portes \u00e0 \u00c9pinal : 2 heures pour concr\u00e9tiser votre projet !"}]},{"@type":"WebSite","@id":"https:\/\/vosgesinfo.fr\/epinalinfo\/#website","url":"https:\/\/vosgesinfo.fr\/epinalinfo\/","name":"Epinal Info","description":"Toute l&#039;actualit\u00e9 d&#039;\u00c9pinal","publisher":{"@id":"https:\/\/vosgesinfo.fr\/epinalinfo\/#organization"},"alternateName":"Toute l'actualit\u00e9 d'\u00c9pinal","potentialAction":[{"@type":"SearchAction","target":{"@type":"EntryPoint","urlTemplate":"https:\/\/vosgesinfo.fr\/epinalinfo\/?s={search_term_string}"},"query-input":"required name=search_term_string"}],"inLanguage":"fr-FR"},{"@type":"Organization","@id":"https:\/\/vosgesinfo.fr\/epinalinfo\/#organization","name":"Epinal Info","url":"https:\/\/vosgesinfo.fr\/epinalinfo\/","logo":{"@type":"ImageObject","inLanguage":"fr-FR","@id":"https:\/\/vosgesinfo.fr\/epinalinfo\/#\/schema\/logo\/image\/","url":"https:\/\/vosgesinfo.fr\/app\/uploads\/sites\/3\/2023\/08\/logo-epinalinfos.svg","contentUrl":"https:\/\/vosgesinfo.fr\/app\/uploads\/sites\/3\/2023\/08\/logo-epinalinfos.svg","width":1,"height":1,"caption":"Epinal Info"},"image":{"@id":"https:\/\/vosgesinfo.fr\/epinalinfo\/#\/schema\/logo\/image\/"},"sameAs":["https:\/\/www.facebook.com\/Epinalinfos","https:\/\/x.com\/VosgesInfo88","https:\/\/www.youtube.com\/@vosgesinfo"]},{"@type":"Person","@id":"https:\/\/vosgesinfo.fr\/epinalinfo\/#\/schema\/person\/6f9a650eeea99d969b6c4ab78fccbe81","name":"C.K.","image":{"@type":"ImageObject","inLanguage":"fr-FR","@id":"https:\/\/vosgesinfo.fr\/epinalinfo\/#\/schema\/person\/image\/","url":"https:\/\/secure.gravatar.com\/avatar\/48e3fc7f8421ba8942be6b74a2b7f014ca39bc00dece156b7a8e098ae7dc87bf?s=96&d=mm&r=g","contentUrl":"https:\/\/secure.gravatar.com\/avatar\/48e3fc7f8421ba8942be6b74a2b7f014ca39bc00dece156b7a8e098ae7dc87bf?s=96&d=mm&r=g","caption":"C.K."},"url":"https:\/\/vosgesinfo.fr\/epinalinfo\/author\/celia-k-n\/"}]}},"_links":{"self":[{"href":"https:\/\/vosgesinfo.fr\/epinalinfo\/wp-json\/wp\/v2\/posts\/136710","targetHints":{"allow":["GET"]}}],"collection":[{"href":"https:\/\/vosgesinfo.fr\/epinalinfo\/wp-json\/wp\/v2\/posts"}],"about":[{"href":"https:\/\/vosgesinfo.fr\/epinalinfo\/wp-json\/wp\/v2\/types\/post"}],"author":[{"embeddable":true,"href":"https:\/\/vosgesinfo.fr\/epinalinfo\/wp-json\/wp\/v2\/users\/52"}],"replies":[{"embeddable":true,"href":"https:\/\/vosgesinfo.fr\/epinalinfo\/wp-json\/wp\/v2\/comments?post=136710"}],"version-history":[{"count":1,"href":"https:\/\/vosgesinfo.fr\/epinalinfo\/wp-json\/wp\/v2\/posts\/136710\/revisions"}],"predecessor-version":[{"id":136714,"href":"https:\/\/vosgesinfo.fr\/epinalinfo\/wp-json\/wp\/v2\/posts\/136710\/revisions\/136714"}],"wp:featuredmedia":[{"embeddable":true,"href":"https:\/\/vosgesinfo.fr\/epinalinfo\/wp-json\/wp\/v2\/media\/136711"}],"wp:attachment":[{"href":"https:\/\/vosgesinfo.fr\/epinalinfo\/wp-json\/wp\/v2\/media?parent=136710"}],"wp:term":[{"taxonomy":"category","embeddable":true,"href":"https:\/\/vosgesinfo.fr\/epinalinfo\/wp-json\/wp\/v2\/categories?post=136710"},{"taxonomy":"post_tag","embeddable":true,"href":"https:\/\/vosgesinfo.fr\/epinalinfo\/wp-json\/wp\/v2\/tags?post=136710"}],"curies":[{"name":"wp","href":"https:\/\/api.w.org\/{rel}","templated":true}]}}