{"id":136747,"date":"2025-10-30T10:31:41","date_gmt":"2025-10-30T09:31:41","guid":{"rendered":"https:\/\/vosgesinfo.fr\/epinalinfo\/?p=136747"},"modified":"2025-10-30T10:31:41","modified_gmt":"2025-10-30T09:31:41","slug":"ceremonie-de-memoire-a-la-necropole-nationale-de-neufchateau","status":"publish","type":"post","link":"https:\/\/vosgesinfo.fr\/epinalinfo\/2025\/10\/ceremonie-de-memoire-a-la-necropole-nationale-de-neufchateau\/","title":{"rendered":"C\u00e9r\u00e9monie de m\u00e9moire \u00e0 la n\u00e9cropole nationale de Neufch\u00e2teau"},"content":{"rendered":"<div id=\"attachment_136748\" style=\"width: 1162px\" class=\"wp-caption aligncenter\"><a href=\"https:\/\/vosgesinfo.fr\/app\/uploads\/sites\/3\/2025\/10\/574284461-1133730572239347-7167270166518076854-n.jpg\"><img decoding=\"async\" aria-describedby=\"caption-attachment-136748\" class=\"size-full wp-image-136748\" src=\"https:\/\/vosgesinfo.fr\/app\/uploads\/sites\/3\/2025\/10\/574284461-1133730572239347-7167270166518076854-n.jpg\" alt=\"\" width=\"1152\" height=\"1152\" srcset=\"https:\/\/vosgesinfo.fr\/app\/uploads\/sites\/3\/2025\/10\/574284461-1133730572239347-7167270166518076854-n.jpg 1152w, https:\/\/vosgesinfo.fr\/app\/uploads\/sites\/3\/2025\/10\/574284461-1133730572239347-7167270166518076854-n-300x300.jpg 300w, https:\/\/vosgesinfo.fr\/app\/uploads\/sites\/3\/2025\/10\/574284461-1133730572239347-7167270166518076854-n-1024x1024.jpg 1024w, https:\/\/vosgesinfo.fr\/app\/uploads\/sites\/3\/2025\/10\/574284461-1133730572239347-7167270166518076854-n-150x150.jpg 150w, https:\/\/vosgesinfo.fr\/app\/uploads\/sites\/3\/2025\/10\/574284461-1133730572239347-7167270166518076854-n-768x768.jpg 768w\" sizes=\"(max-width: 1152px) 100vw, 1152px\" \/><\/a><p id=\"caption-attachment-136748\" class=\"wp-caption-text\">photo pr\u00e9fecture des Vosges<\/p><\/div>\n<h2 data-start=\"145\" data-end=\"352\"><strong>En cl\u00f4ture d\u2019une journ\u00e9e plac\u00e9e sous le signe de la m\u00e9moire et de la citoyennet\u00e9, une c\u00e9r\u00e9monie d\u2019hommage aux Morts pour la France s\u2019est tenue le 29 octobre \u00e0 la n\u00e9cropole nationale de Neufch\u00e2teau.<\/strong><\/h2>\n<p data-start=\"354\" data-end=\"665\">Pr\u00e9sid\u00e9e par<strong data-start=\"367\" data-end=\"389\">\u00a0Lynda BOUDJEMA<\/strong>, directrice de cabinet du pr\u00e9fet des Vosges, cette c\u00e9r\u00e9monie a rassembl\u00e9 les <strong data-start=\"467\" data-end=\"506\">cadets de la gendarmerie des Vosges<\/strong>, des <strong data-start=\"512\" data-end=\"601\">repr\u00e9sentants de l\u2019Office national des combattants et des victimes de guerre (ONaCVG)<\/strong>, ainsi que de nombreuses <strong data-start=\"627\" data-end=\"662\">autorit\u00e9s civiles et militaires<\/strong>.<\/p>\n<p data-start=\"667\" data-end=\"1028\">Dans son allocution, Mme BOUDJEMA a rappel\u00e9 l\u2019importance du devoir de m\u00e9moire et soulign\u00e9 l\u2019engagement de l\u2019\u00c9tat \u00e0 pr\u00e9server ces <strong data-start=\"796\" data-end=\"822\">lieux de recueillement<\/strong>, t\u00e9moins du <strong data-start=\"835\" data-end=\"848\">sacrifice<\/strong> de celles et ceux qui ont donn\u00e9 leur vie pour la France. Elle a \u00e9galement insist\u00e9 sur la dimension <strong data-start=\"948\" data-end=\"976\">p\u00e9dagogique et citoyenne<\/strong> de ces moments de transmission entre g\u00e9n\u00e9rations.<\/p>\n<p data-start=\"1030\" data-end=\"1291\">Sous la direction de <strong data-start=\"1051\" data-end=\"1069\">Yann BIGNON<\/strong>, directeur du service d\u00e9partemental de l\u2019ONaCVG des Vosges, les cadets de la gendarmerie ont activement particip\u00e9 \u00e0 la c\u00e9r\u00e9monie, incarnant la <strong data-start=\"1213\" data-end=\"1235\">rel\u00e8ve du souvenir<\/strong> et l\u2019<strong data-start=\"1241\" data-end=\"1263\">engagement citoyen<\/strong> de la jeunesse vosgienne.<\/p>\n<p data-start=\"1293\" data-end=\"1542\">Cette journ\u00e9e de m\u00e9moire s\u2019est conclue dans un <strong data-start=\"1340\" data-end=\"1388\">moment de recueillement et de reconnaissance<\/strong>, rappelant les valeurs essentielles port\u00e9es par l\u2019\u00c9tat et ses partenaires : <strong data-start=\"1465\" data-end=\"1539\">m\u00e9moire, transmission et gratitude envers ceux qui ont servi la Nation<\/strong>.<\/p>\n","protected":false},"excerpt":{"rendered":"<p>En cl\u00f4ture d\u2019une journ\u00e9e plac\u00e9e sous le signe de la m\u00e9moire et de la citoyennet\u00e9, une c\u00e9r\u00e9monie d\u2019hommage aux Morts [&hellip;]<\/p>\n","protected":false},"author":52,"featured_media":136748,"comment_status":"open","ping_status":"open","sticky":false,"template":"","format":"standard","meta":{"footnotes":""},"categories":[22,24,6057],"tags":[],"class_list":["post-136747","post","type-post","status-publish","format-standard","has-post-thumbnail","hentry","category-a-la-une","category-epinal","category-la-plaine-des-vosges"],"acf":[],"yoast_head":"<!-- This site is optimized with the Yoast SEO plugin v22.5 - https:\/\/yoast.com\/wordpress\/plugins\/seo\/ -->\n<title>C\u00e9r\u00e9monie de m\u00e9moire \u00e0 la n\u00e9cropole nationale de Neufch\u00e2teau - Epinal Info<\/title>\n<meta name=\"robots\" content=\"index, follow, max-snippet:-1, max-image-preview:large, max-video-preview:-1\" \/>\n<link rel=\"canonical\" href=\"https:\/\/vosgesinfo.fr\/epinalinfo\/?p=136747\" \/>\n<meta name=\"twitter:card\" content=\"summary_large_image\" \/>\n<meta name=\"twitter:title\" content=\"C\u00e9r\u00e9monie de m\u00e9moire \u00e0 la n\u00e9cropole nationale de Neufch\u00e2teau - Epinal Info\" \/>\n<meta name=\"twitter:description\" content=\"En cl\u00f4ture d\u2019une journ\u00e9e plac\u00e9e sous le signe de la m\u00e9moire et de la citoyennet\u00e9, une c\u00e9r\u00e9monie d\u2019hommage aux Morts [&hellip;]\" \/>\n<meta name=\"twitter:creator\" content=\"@VosgesInfo88\" \/>\n<meta name=\"twitter:site\" content=\"@VosgesInfo88\" \/>\n<meta name=\"twitter:label1\" content=\"\u00c9crit par\" \/>\n\t<meta name=\"twitter:data1\" content=\"C.K.\" \/>\n\t<meta name=\"twitter:label2\" content=\"Dur\u00e9e de lecture estim\u00e9e\" \/>\n\t<meta name=\"twitter:data2\" content=\"1 minute\" \/>\n<script type=\"application\/ld+json\" class=\"yoast-schema-graph\">{\"@context\":\"https:\/\/schema.org\",\"@graph\":[{\"@type\":\"Article\",\"@id\":\"https:\/\/vosgesinfo.fr\/epinalinfo\/?p=136747#article\",\"isPartOf\":{\"@id\":\"https:\/\/vosgesinfo.fr\/epinalinfo\/?p=136747\"},\"author\":{\"name\":\"C.K.\",\"@id\":\"https:\/\/vosgesinfo.fr\/epinalinfo\/#\/schema\/person\/6f9a650eeea99d969b6c4ab78fccbe81\"},\"headline\":\"C\u00e9r\u00e9monie de m\u00e9moire \u00e0 la n\u00e9cropole nationale de Neufch\u00e2teau\",\"datePublished\":\"2025-10-30T09:31:41+00:00\",\"dateModified\":\"2025-10-30T09:31:41+00:00\",\"mainEntityOfPage\":{\"@id\":\"https:\/\/vosgesinfo.fr\/epinalinfo\/?p=136747\"},\"wordCount\":265,\"commentCount\":0,\"publisher\":{\"@id\":\"https:\/\/vosgesinfo.fr\/epinalinfo\/#organization\"},\"image\":{\"@id\":\"https:\/\/vosgesinfo.fr\/epinalinfo\/?p=136747#primaryimage\"},\"thumbnailUrl\":\"https:\/\/vosgesinfo.fr\/app\/uploads\/sites\/3\/2025\/10\/574284461-1133730572239347-7167270166518076854-n.jpg\",\"articleSection\":[\"A la Une\",\"Epinal\",\"La plaine des vosges\"],\"inLanguage\":\"fr-FR\",\"potentialAction\":[{\"@type\":\"CommentAction\",\"name\":\"Comment\",\"target\":[\"https:\/\/vosgesinfo.fr\/epinalinfo\/?p=136747#respond\"]}]},{\"@type\":\"WebPage\",\"@id\":\"https:\/\/vosgesinfo.fr\/epinalinfo\/?p=136747\",\"url\":\"https:\/\/vosgesinfo.fr\/epinalinfo\/?p=136747\",\"name\":\"C\u00e9r\u00e9monie de m\u00e9moire \u00e0 la n\u00e9cropole nationale de Neufch\u00e2teau - Epinal Info\",\"isPartOf\":{\"@id\":\"https:\/\/vosgesinfo.fr\/epinalinfo\/#website\"},\"primaryImageOfPage\":{\"@id\":\"https:\/\/vosgesinfo.fr\/epinalinfo\/?p=136747#primaryimage\"},\"image\":{\"@id\":\"https:\/\/vosgesinfo.fr\/epinalinfo\/?p=136747#primaryimage\"},\"thumbnailUrl\":\"https:\/\/vosgesinfo.fr\/app\/uploads\/sites\/3\/2025\/10\/574284461-1133730572239347-7167270166518076854-n.jpg\",\"datePublished\":\"2025-10-30T09:31:41+00:00\",\"dateModified\":\"2025-10-30T09:31:41+00:00\",\"breadcrumb\":{\"@id\":\"https:\/\/vosgesinfo.fr\/epinalinfo\/?p=136747#breadcrumb\"},\"inLanguage\":\"fr-FR\",\"potentialAction\":[{\"@type\":\"ReadAction\",\"target\":[\"https:\/\/vosgesinfo.fr\/epinalinfo\/?p=136747\"]}]},{\"@type\":\"ImageObject\",\"inLanguage\":\"fr-FR\",\"@id\":\"https:\/\/vosgesinfo.fr\/epinalinfo\/?p=136747#primaryimage\",\"url\":\"https:\/\/vosgesinfo.fr\/app\/uploads\/sites\/3\/2025\/10\/574284461-1133730572239347-7167270166518076854-n.jpg\",\"contentUrl\":\"https:\/\/vosgesinfo.fr\/app\/uploads\/sites\/3\/2025\/10\/574284461-1133730572239347-7167270166518076854-n.jpg\",\"width\":1152,\"height\":1152,\"caption\":\"photo pr\u00e9fecture des Vosges\"},{\"@type\":\"BreadcrumbList\",\"@id\":\"https:\/\/vosgesinfo.fr\/epinalinfo\/?p=136747#breadcrumb\",\"itemListElement\":[{\"@type\":\"ListItem\",\"position\":1,\"name\":\"Home\",\"item\":\"https:\/\/vosgesinfo.fr\/epinalinfo\/\"},{\"@type\":\"ListItem\",\"position\":2,\"name\":\"C\u00e9r\u00e9monie de m\u00e9moire \u00e0 la n\u00e9cropole nationale de Neufch\u00e2teau\"}]},{\"@type\":\"WebSite\",\"@id\":\"https:\/\/vosgesinfo.fr\/epinalinfo\/#website\",\"url\":\"https:\/\/vosgesinfo.fr\/epinalinfo\/\",\"name\":\"Epinal Info\",\"description\":\"Toute l&#039;actualit\u00e9 d&#039;\u00c9pinal\",\"publisher\":{\"@id\":\"https:\/\/vosgesinfo.fr\/epinalinfo\/#organization\"},\"alternateName\":\"Toute l'actualit\u00e9 d'\u00c9pinal\",\"potentialAction\":[{\"@type\":\"SearchAction\",\"target\":{\"@type\":\"EntryPoint\",\"urlTemplate\":\"https:\/\/vosgesinfo.fr\/epinalinfo\/?s={search_term_string}\"},\"query-input\":\"required name=search_term_string\"}],\"inLanguage\":\"fr-FR\"},{\"@type\":\"Organization\",\"@id\":\"https:\/\/vosgesinfo.fr\/epinalinfo\/#organization\",\"name\":\"Epinal Info\",\"url\":\"https:\/\/vosgesinfo.fr\/epinalinfo\/\",\"logo\":{\"@type\":\"ImageObject\",\"inLanguage\":\"fr-FR\",\"@id\":\"https:\/\/vosgesinfo.fr\/epinalinfo\/#\/schema\/logo\/image\/\",\"url\":\"https:\/\/vosgesinfo.fr\/app\/uploads\/sites\/3\/2023\/08\/logo-epinalinfos.svg\",\"contentUrl\":\"https:\/\/vosgesinfo.fr\/app\/uploads\/sites\/3\/2023\/08\/logo-epinalinfos.svg\",\"width\":1,\"height\":1,\"caption\":\"Epinal Info\"},\"image\":{\"@id\":\"https:\/\/vosgesinfo.fr\/epinalinfo\/#\/schema\/logo\/image\/\"},\"sameAs\":[\"https:\/\/www.facebook.com\/Epinalinfos\",\"https:\/\/x.com\/VosgesInfo88\",\"https:\/\/www.youtube.com\/@vosgesinfo\"]},{\"@type\":\"Person\",\"@id\":\"https:\/\/vosgesinfo.fr\/epinalinfo\/#\/schema\/person\/6f9a650eeea99d969b6c4ab78fccbe81\",\"name\":\"C.K.\",\"image\":{\"@type\":\"ImageObject\",\"inLanguage\":\"fr-FR\",\"@id\":\"https:\/\/vosgesinfo.fr\/epinalinfo\/#\/schema\/person\/image\/\",\"url\":\"https:\/\/secure.gravatar.com\/avatar\/48e3fc7f8421ba8942be6b74a2b7f014ca39bc00dece156b7a8e098ae7dc87bf?s=96&d=mm&r=g\",\"contentUrl\":\"https:\/\/secure.gravatar.com\/avatar\/48e3fc7f8421ba8942be6b74a2b7f014ca39bc00dece156b7a8e098ae7dc87bf?s=96&d=mm&r=g\",\"caption\":\"C.K.\"},\"url\":\"https:\/\/vosgesinfo.fr\/epinalinfo\/author\/celia-k-n\/\"}]}<\/script>\n<!-- \/ Yoast SEO plugin. -->","yoast_head_json":{"title":"C\u00e9r\u00e9monie de m\u00e9moire \u00e0 la n\u00e9cropole nationale de Neufch\u00e2teau - Epinal Info","robots":{"index":"index","follow":"follow","max-snippet":"max-snippet:-1","max-image-preview":"max-image-preview:large","max-video-preview":"max-video-preview:-1"},"canonical":"https:\/\/vosgesinfo.fr\/epinalinfo\/?p=136747","twitter_card":"summary_large_image","twitter_title":"C\u00e9r\u00e9monie de m\u00e9moire \u00e0 la n\u00e9cropole nationale de Neufch\u00e2teau - Epinal Info","twitter_description":"En cl\u00f4ture d\u2019une journ\u00e9e plac\u00e9e sous le signe de la m\u00e9moire et de la citoyennet\u00e9, une c\u00e9r\u00e9monie d\u2019hommage aux Morts [&hellip;]","twitter_creator":"@VosgesInfo88","twitter_site":"@VosgesInfo88","twitter_misc":{"\u00c9crit par":"C.K.","Dur\u00e9e de lecture estim\u00e9e":"1 minute"},"schema":{"@context":"https:\/\/schema.org","@graph":[{"@type":"Article","@id":"https:\/\/vosgesinfo.fr\/epinalinfo\/?p=136747#article","isPartOf":{"@id":"https:\/\/vosgesinfo.fr\/epinalinfo\/?p=136747"},"author":{"name":"C.K.","@id":"https:\/\/vosgesinfo.fr\/epinalinfo\/#\/schema\/person\/6f9a650eeea99d969b6c4ab78fccbe81"},"headline":"C\u00e9r\u00e9monie de m\u00e9moire \u00e0 la n\u00e9cropole nationale de Neufch\u00e2teau","datePublished":"2025-10-30T09:31:41+00:00","dateModified":"2025-10-30T09:31:41+00:00","mainEntityOfPage":{"@id":"https:\/\/vosgesinfo.fr\/epinalinfo\/?p=136747"},"wordCount":265,"commentCount":0,"publisher":{"@id":"https:\/\/vosgesinfo.fr\/epinalinfo\/#organization"},"image":{"@id":"https:\/\/vosgesinfo.fr\/epinalinfo\/?p=136747#primaryimage"},"thumbnailUrl":"https:\/\/vosgesinfo.fr\/app\/uploads\/sites\/3\/2025\/10\/574284461-1133730572239347-7167270166518076854-n.jpg","articleSection":["A la Une","Epinal","La plaine des vosges"],"inLanguage":"fr-FR","potentialAction":[{"@type":"CommentAction","name":"Comment","target":["https:\/\/vosgesinfo.fr\/epinalinfo\/?p=136747#respond"]}]},{"@type":"WebPage","@id":"https:\/\/vosgesinfo.fr\/epinalinfo\/?p=136747","url":"https:\/\/vosgesinfo.fr\/epinalinfo\/?p=136747","name":"C\u00e9r\u00e9monie de m\u00e9moire \u00e0 la n\u00e9cropole nationale de Neufch\u00e2teau - Epinal Info","isPartOf":{"@id":"https:\/\/vosgesinfo.fr\/epinalinfo\/#website"},"primaryImageOfPage":{"@id":"https:\/\/vosgesinfo.fr\/epinalinfo\/?p=136747#primaryimage"},"image":{"@id":"https:\/\/vosgesinfo.fr\/epinalinfo\/?p=136747#primaryimage"},"thumbnailUrl":"https:\/\/vosgesinfo.fr\/app\/uploads\/sites\/3\/2025\/10\/574284461-1133730572239347-7167270166518076854-n.jpg","datePublished":"2025-10-30T09:31:41+00:00","dateModified":"2025-10-30T09:31:41+00:00","breadcrumb":{"@id":"https:\/\/vosgesinfo.fr\/epinalinfo\/?p=136747#breadcrumb"},"inLanguage":"fr-FR","potentialAction":[{"@type":"ReadAction","target":["https:\/\/vosgesinfo.fr\/epinalinfo\/?p=136747"]}]},{"@type":"ImageObject","inLanguage":"fr-FR","@id":"https:\/\/vosgesinfo.fr\/epinalinfo\/?p=136747#primaryimage","url":"https:\/\/vosgesinfo.fr\/app\/uploads\/sites\/3\/2025\/10\/574284461-1133730572239347-7167270166518076854-n.jpg","contentUrl":"https:\/\/vosgesinfo.fr\/app\/uploads\/sites\/3\/2025\/10\/574284461-1133730572239347-7167270166518076854-n.jpg","width":1152,"height":1152,"caption":"photo pr\u00e9fecture des Vosges"},{"@type":"BreadcrumbList","@id":"https:\/\/vosgesinfo.fr\/epinalinfo\/?p=136747#breadcrumb","itemListElement":[{"@type":"ListItem","position":1,"name":"Home","item":"https:\/\/vosgesinfo.fr\/epinalinfo\/"},{"@type":"ListItem","position":2,"name":"C\u00e9r\u00e9monie de m\u00e9moire \u00e0 la n\u00e9cropole nationale de Neufch\u00e2teau"}]},{"@type":"WebSite","@id":"https:\/\/vosgesinfo.fr\/epinalinfo\/#website","url":"https:\/\/vosgesinfo.fr\/epinalinfo\/","name":"Epinal Info","description":"Toute l&#039;actualit\u00e9 d&#039;\u00c9pinal","publisher":{"@id":"https:\/\/vosgesinfo.fr\/epinalinfo\/#organization"},"alternateName":"Toute l'actualit\u00e9 d'\u00c9pinal","potentialAction":[{"@type":"SearchAction","target":{"@type":"EntryPoint","urlTemplate":"https:\/\/vosgesinfo.fr\/epinalinfo\/?s={search_term_string}"},"query-input":"required name=search_term_string"}],"inLanguage":"fr-FR"},{"@type":"Organization","@id":"https:\/\/vosgesinfo.fr\/epinalinfo\/#organization","name":"Epinal Info","url":"https:\/\/vosgesinfo.fr\/epinalinfo\/","logo":{"@type":"ImageObject","inLanguage":"fr-FR","@id":"https:\/\/vosgesinfo.fr\/epinalinfo\/#\/schema\/logo\/image\/","url":"https:\/\/vosgesinfo.fr\/app\/uploads\/sites\/3\/2023\/08\/logo-epinalinfos.svg","contentUrl":"https:\/\/vosgesinfo.fr\/app\/uploads\/sites\/3\/2023\/08\/logo-epinalinfos.svg","width":1,"height":1,"caption":"Epinal Info"},"image":{"@id":"https:\/\/vosgesinfo.fr\/epinalinfo\/#\/schema\/logo\/image\/"},"sameAs":["https:\/\/www.facebook.com\/Epinalinfos","https:\/\/x.com\/VosgesInfo88","https:\/\/www.youtube.com\/@vosgesinfo"]},{"@type":"Person","@id":"https:\/\/vosgesinfo.fr\/epinalinfo\/#\/schema\/person\/6f9a650eeea99d969b6c4ab78fccbe81","name":"C.K.","image":{"@type":"ImageObject","inLanguage":"fr-FR","@id":"https:\/\/vosgesinfo.fr\/epinalinfo\/#\/schema\/person\/image\/","url":"https:\/\/secure.gravatar.com\/avatar\/48e3fc7f8421ba8942be6b74a2b7f014ca39bc00dece156b7a8e098ae7dc87bf?s=96&d=mm&r=g","contentUrl":"https:\/\/secure.gravatar.com\/avatar\/48e3fc7f8421ba8942be6b74a2b7f014ca39bc00dece156b7a8e098ae7dc87bf?s=96&d=mm&r=g","caption":"C.K."},"url":"https:\/\/vosgesinfo.fr\/epinalinfo\/author\/celia-k-n\/"}]}},"_links":{"self":[{"href":"https:\/\/vosgesinfo.fr\/epinalinfo\/wp-json\/wp\/v2\/posts\/136747","targetHints":{"allow":["GET"]}}],"collection":[{"href":"https:\/\/vosgesinfo.fr\/epinalinfo\/wp-json\/wp\/v2\/posts"}],"about":[{"href":"https:\/\/vosgesinfo.fr\/epinalinfo\/wp-json\/wp\/v2\/types\/post"}],"author":[{"embeddable":true,"href":"https:\/\/vosgesinfo.fr\/epinalinfo\/wp-json\/wp\/v2\/users\/52"}],"replies":[{"embeddable":true,"href":"https:\/\/vosgesinfo.fr\/epinalinfo\/wp-json\/wp\/v2\/comments?post=136747"}],"version-history":[{"count":1,"href":"https:\/\/vosgesinfo.fr\/epinalinfo\/wp-json\/wp\/v2\/posts\/136747\/revisions"}],"predecessor-version":[{"id":136749,"href":"https:\/\/vosgesinfo.fr\/epinalinfo\/wp-json\/wp\/v2\/posts\/136747\/revisions\/136749"}],"wp:featuredmedia":[{"embeddable":true,"href":"https:\/\/vosgesinfo.fr\/epinalinfo\/wp-json\/wp\/v2\/media\/136748"}],"wp:attachment":[{"href":"https:\/\/vosgesinfo.fr\/epinalinfo\/wp-json\/wp\/v2\/media?parent=136747"}],"wp:term":[{"taxonomy":"category","embeddable":true,"href":"https:\/\/vosgesinfo.fr\/epinalinfo\/wp-json\/wp\/v2\/categories?post=136747"},{"taxonomy":"post_tag","embeddable":true,"href":"https:\/\/vosgesinfo.fr\/epinalinfo\/wp-json\/wp\/v2\/tags?post=136747"}],"curies":[{"name":"wp","href":"https:\/\/api.w.org\/{rel}","templated":true}]}}