{"id":137409,"date":"2025-11-17T18:04:10","date_gmt":"2025-11-17T17:04:10","guid":{"rendered":"https:\/\/vosgesinfo.fr\/epinalinfo\/?p=137409"},"modified":"2025-11-17T18:04:10","modified_gmt":"2025-11-17T17:04:10","slug":"une-moisson-de-medailles-pour-les-enfants-du-roc-lors-du-championnat-territorial-de-bloc","status":"publish","type":"post","link":"https:\/\/vosgesinfo.fr\/epinalinfo\/2025\/11\/une-moisson-de-medailles-pour-les-enfants-du-roc-lors-du-championnat-territorial-de-bloc\/","title":{"rendered":"Une moisson de m\u00e9dailles pour les Enfants du Roc lors du championnat territorial de bloc"},"content":{"rendered":"<h2 data-start=\"171\" data-end=\"452\"><strong><a href=\"https:\/\/vosgesinfo.fr\/app\/uploads\/sites\/3\/2025\/11\/img-20251115-wa0002.jpg\"><img decoding=\"async\" class=\"aligncenter size-full wp-image-137410\" src=\"https:\/\/vosgesinfo.fr\/app\/uploads\/sites\/3\/2025\/11\/img-20251115-wa0002.jpg\" alt=\"\" width=\"1440\" height=\"1080\" srcset=\"https:\/\/vosgesinfo.fr\/app\/uploads\/sites\/3\/2025\/11\/img-20251115-wa0002.jpg 1440w, https:\/\/vosgesinfo.fr\/app\/uploads\/sites\/3\/2025\/11\/img-20251115-wa0002-300x225.jpg 300w, https:\/\/vosgesinfo.fr\/app\/uploads\/sites\/3\/2025\/11\/img-20251115-wa0002-1024x768.jpg 1024w, https:\/\/vosgesinfo.fr\/app\/uploads\/sites\/3\/2025\/11\/img-20251115-wa0002-768x576.jpg 768w\" sizes=\"(max-width: 1440px) 100vw, 1440px\" \/><\/a>Ce week-end, le club d\u2019escalade Les Enfants du Roc a accueilli le Championnat Territorial de Bloc de Lorraine, une discipline spectaculaire consistant \u00e0 grimper et r\u00e9soudre des voies techniques, appel\u00e9es \u00ab probl\u00e8mes \u00bb, sur des murs n\u2019exc\u00e9dant pas 4,5 m\u00e8tres de hauteur.<\/strong><\/h2>\n<p data-start=\"454\" data-end=\"748\">Pas moins de <strong data-start=\"467\" data-end=\"487\">250 comp\u00e9titeurs<\/strong>, venus de toute la r\u00e9gion, se sont affront\u00e9s au cours de cette comp\u00e9tition exigeante, m\u00ealant force, pr\u00e9cision, agilit\u00e9 et strat\u00e9gie. L\u2019\u00e9v\u00e9nement, parfaitement orchestr\u00e9 par le club local, fut un v\u00e9ritable succ\u00e8s tant sur le plan sportif que sur l\u2019organisation.<\/p>\n<p data-start=\"750\" data-end=\"891\">Et la performance s\u2019est r\u00e9v\u00e9l\u00e9e remarquable pour les repr\u00e9sentants du club <strong data-start=\"825\" data-end=\"842\">Golbey-\u00c9pinal<\/strong>, qui repartent avec un palmar\u00e8s exceptionnel :<\/p>\n<h4 data-start=\"893\" data-end=\"926\"><strong data-start=\"898\" data-end=\"926\">\ud83e\udd47 Champions de Lorraine<\/strong><\/h4>\n<ul data-start=\"927\" data-end=\"1096\">\n<li data-start=\"927\" data-end=\"949\">\n<p data-start=\"929\" data-end=\"949\"><strong data-start=\"929\" data-end=\"949\">Eline Witz (U11)<\/strong><\/p>\n<\/li>\n<li data-start=\"950\" data-end=\"979\">\n<p data-start=\"952\" data-end=\"979\"><strong data-start=\"952\" data-end=\"979\">Lily-Rose Andreux (U13)<\/strong><\/p>\n<\/li>\n<li data-start=\"980\" data-end=\"1006\">\n<p data-start=\"982\" data-end=\"1006\"><strong data-start=\"982\" data-end=\"1006\">Noah Lallemand (U17)<\/strong><\/p>\n<\/li>\n<li data-start=\"1007\" data-end=\"1031\">\n<p data-start=\"1009\" data-end=\"1031\"><strong data-start=\"1009\" data-end=\"1031\">Ma\u00eblyss Witz (U19)<\/strong><\/p>\n<\/li>\n<li data-start=\"1032\" data-end=\"1062\">\n<p data-start=\"1034\" data-end=\"1062\"><strong data-start=\"1034\" data-end=\"1062\">L\u00e9o Paul Fleurette (U19)<\/strong><\/p>\n<\/li>\n<li data-start=\"1063\" data-end=\"1096\">\n<p data-start=\"1065\" data-end=\"1096\"><strong data-start=\"1065\" data-end=\"1094\">Jonathan Laugel (V\u00e9t\u00e9ran)<\/strong><\/p>\n<\/li>\n<\/ul>\n<h4 data-start=\"1098\" data-end=\"1136\"><strong data-start=\"1103\" data-end=\"1136\">\ud83e\udd48 Vice-champions de Lorraine<\/strong><\/h4>\n<ul data-start=\"1137\" data-end=\"1218\">\n<li data-start=\"1137\" data-end=\"1162\">\n<p data-start=\"1139\" data-end=\"1162\"><strong data-start=\"1139\" data-end=\"1162\">Gabin Baraban (U11)<\/strong><\/p>\n<\/li>\n<li data-start=\"1163\" data-end=\"1188\">\n<p data-start=\"1165\" data-end=\"1188\"><strong data-start=\"1165\" data-end=\"1188\">Marion Visine (U17)<\/strong><\/p>\n<\/li>\n<li data-start=\"1189\" data-end=\"1218\">\n<p data-start=\"1191\" data-end=\"1218\"><strong data-start=\"1191\" data-end=\"1216\">Z\u00e9lie Vaxelaire (U19)<\/strong><\/p>\n<\/li>\n<\/ul>\n<h4 data-start=\"1220\" data-end=\"1242\"><strong data-start=\"1225\" data-end=\"1242\">\ud83e\udd49 Troisi\u00e8mes<\/strong><\/h4>\n<ul data-start=\"1243\" data-end=\"1318\">\n<li data-start=\"1243\" data-end=\"1268\">\n<p data-start=\"1245\" data-end=\"1268\"><strong data-start=\"1245\" data-end=\"1268\">Gabin Playout (U11)<\/strong><\/p>\n<\/li>\n<li data-start=\"1269\" data-end=\"1292\">\n<p data-start=\"1271\" data-end=\"1292\"><strong data-start=\"1271\" data-end=\"1292\">Paul Laugey (U13)<\/strong><\/p>\n<\/li>\n<li data-start=\"1293\" data-end=\"1318\">\n<p data-start=\"1295\" data-end=\"1318\"><strong data-start=\"1295\" data-end=\"1316\">Ethan Joson (U17)<\/strong><\/p>\n<\/li>\n<\/ul>\n<p data-start=\"1320\" data-end=\"1534\">Avec <strong data-start=\"1325\" data-end=\"1350\">6 titres de champions<\/strong>, <strong data-start=\"1352\" data-end=\"1382\">3 places de vice-champions<\/strong> et <strong data-start=\"1386\" data-end=\"1415\">3 podiums suppl\u00e9mentaires<\/strong>, le club r\u00e9alise une performance exceptionnelle et confirme son dynamisme ainsi que le niveau de ses jeunes grimpeurs.<\/p>\n<p data-start=\"1536\" data-end=\"1723\">Les <strong data-start=\"1540\" data-end=\"1558\">Enfants du Roc<\/strong> adressent leurs remerciements \u00e0 leurs <strong data-start=\"1597\" data-end=\"1612\">partenaires<\/strong> : <strong data-start=\"1615\" data-end=\"1643\">EVADASSOC, TFCE, Celsius<\/strong>, ainsi qu\u2019aux <strong data-start=\"1658\" data-end=\"1690\">villes de Golbey et d\u2019\u00c9pinal<\/strong> pour leur soutien indispensable.<\/p>\n<p data-start=\"1725\" data-end=\"1852\">Un week-end riche en \u00e9motions, en partage et en r\u00e9ussite sportive, qui restera sans aucun doute grav\u00e9 dans l\u2019histoire du club !<\/p>\n\n\t\t<style type=\"text\/css\">\n\t\t\t#gallery-1 {\n\t\t\t\tmargin: auto;\n\t\t\t}\n\t\t\t#gallery-1 .gallery-item {\n\t\t\t\tfloat: left;\n\t\t\t\tmargin-top: 10px;\n\t\t\t\ttext-align: center;\n\t\t\t\twidth: 33%;\n\t\t\t}\n\t\t\t#gallery-1 img {\n\t\t\t\tborder: 2px solid #cfcfcf;\n\t\t\t}\n\t\t\t#gallery-1 .gallery-caption {\n\t\t\t\tmargin-left: 0;\n\t\t\t}\n\t\t\t\/* see gallery_shortcode() in wp-includes\/media.php *\/\n\t\t<\/style>\n\t\t<div id='gallery-1' class='gallery galleryid-137409 gallery-columns-3 gallery-size-large'><dl class='gallery-item'>\n\t\t\t<dt class='gallery-icon portrait'>\n\t\t\t\t<a href='https:\/\/vosgesinfo.fr\/app\/uploads\/sites\/3\/2025\/11\/img-20251115-wa0038.jpg'><img decoding=\"async\" width=\"768\" height=\"1024\" src=\"https:\/\/vosgesinfo.fr\/app\/uploads\/sites\/3\/2025\/11\/img-20251115-wa0038-768x1024.jpg\" class=\"attachment-large size-large\" alt=\"\" srcset=\"https:\/\/vosgesinfo.fr\/app\/uploads\/sites\/3\/2025\/11\/img-20251115-wa0038-768x1024.jpg 768w, https:\/\/vosgesinfo.fr\/app\/uploads\/sites\/3\/2025\/11\/img-20251115-wa0038-225x300.jpg 225w, https:\/\/vosgesinfo.fr\/app\/uploads\/sites\/3\/2025\/11\/img-20251115-wa0038.jpg 810w\" sizes=\"(max-width: 768px) 100vw, 768px\" \/><\/a>\n\t\t\t<\/dt><\/dl><dl class='gallery-item'>\n\t\t\t<dt class='gallery-icon portrait'>\n\t\t\t\t<a href='https:\/\/vosgesinfo.fr\/app\/uploads\/sites\/3\/2025\/11\/img-20251115-wa0037.jpg'><img decoding=\"async\" width=\"768\" height=\"1024\" src=\"https:\/\/vosgesinfo.fr\/app\/uploads\/sites\/3\/2025\/11\/img-20251115-wa0037-768x1024.jpg\" class=\"attachment-large size-large\" alt=\"\" srcset=\"https:\/\/vosgesinfo.fr\/app\/uploads\/sites\/3\/2025\/11\/img-20251115-wa0037-768x1024.jpg 768w, https:\/\/vosgesinfo.fr\/app\/uploads\/sites\/3\/2025\/11\/img-20251115-wa0037-225x300.jpg 225w, https:\/\/vosgesinfo.fr\/app\/uploads\/sites\/3\/2025\/11\/img-20251115-wa0037.jpg 810w\" sizes=\"(max-width: 768px) 100vw, 768px\" \/><\/a>\n\t\t\t<\/dt><\/dl>\n\t\t\t<br style='clear: both' \/>\n\t\t<\/div>\n\n","protected":false},"excerpt":{"rendered":"<p>Ce week-end, le club d\u2019escalade Les Enfants du Roc a accueilli le Championnat Territorial de Bloc de Lorraine, une discipline [&hellip;]<\/p>\n","protected":false},"author":52,"featured_media":137410,"comment_status":"open","ping_status":"open","sticky":false,"template":"","format":"standard","meta":{"footnotes":""},"categories":[22,24,7],"tags":[],"class_list":["post-137409","post","type-post","status-publish","format-standard","has-post-thumbnail","hentry","category-a-la-une","category-epinal","category-sport"],"acf":[],"yoast_head":"<!-- This site is optimized with the Yoast SEO plugin v22.5 - https:\/\/yoast.com\/wordpress\/plugins\/seo\/ -->\n<title>Une moisson de m\u00e9dailles pour les Enfants du Roc lors du championnat territorial de bloc - Epinal Info<\/title>\n<meta name=\"robots\" content=\"index, follow, max-snippet:-1, max-image-preview:large, max-video-preview:-1\" \/>\n<link rel=\"canonical\" href=\"https:\/\/vosgesinfo.fr\/epinalinfo\/?p=137409\" \/>\n<meta name=\"twitter:card\" content=\"summary_large_image\" \/>\n<meta name=\"twitter:title\" content=\"Une moisson de m\u00e9dailles pour les Enfants du Roc lors du championnat territorial de bloc - Epinal Info\" \/>\n<meta name=\"twitter:description\" content=\"Ce week-end, le club d\u2019escalade Les Enfants du Roc a accueilli le Championnat Territorial de Bloc de Lorraine, une discipline [&hellip;]\" \/>\n<meta name=\"twitter:creator\" content=\"@VosgesInfo88\" \/>\n<meta name=\"twitter:site\" content=\"@VosgesInfo88\" \/>\n<meta name=\"twitter:label1\" content=\"\u00c9crit par\" \/>\n\t<meta name=\"twitter:data1\" content=\"C.K.\" \/>\n\t<meta name=\"twitter:label2\" content=\"Dur\u00e9e de lecture estim\u00e9e\" \/>\n\t<meta name=\"twitter:data2\" content=\"1 minute\" \/>\n<script type=\"application\/ld+json\" class=\"yoast-schema-graph\">{\"@context\":\"https:\/\/schema.org\",\"@graph\":[{\"@type\":\"Article\",\"@id\":\"https:\/\/vosgesinfo.fr\/epinalinfo\/?p=137409#article\",\"isPartOf\":{\"@id\":\"https:\/\/vosgesinfo.fr\/epinalinfo\/?p=137409\"},\"author\":{\"name\":\"C.K.\",\"@id\":\"https:\/\/vosgesinfo.fr\/epinalinfo\/#\/schema\/person\/6f9a650eeea99d969b6c4ab78fccbe81\"},\"headline\":\"Une moisson de m\u00e9dailles pour les Enfants du Roc lors du championnat territorial de bloc\",\"datePublished\":\"2025-11-17T17:04:10+00:00\",\"dateModified\":\"2025-11-17T17:04:10+00:00\",\"mainEntityOfPage\":{\"@id\":\"https:\/\/vosgesinfo.fr\/epinalinfo\/?p=137409\"},\"wordCount\":275,\"commentCount\":0,\"publisher\":{\"@id\":\"https:\/\/vosgesinfo.fr\/epinalinfo\/#organization\"},\"image\":{\"@id\":\"https:\/\/vosgesinfo.fr\/epinalinfo\/?p=137409#primaryimage\"},\"thumbnailUrl\":\"https:\/\/vosgesinfo.fr\/app\/uploads\/sites\/3\/2025\/11\/img-20251115-wa0002.jpg\",\"articleSection\":[\"A la Une\",\"Epinal\",\"Sport\"],\"inLanguage\":\"fr-FR\",\"potentialAction\":[{\"@type\":\"CommentAction\",\"name\":\"Comment\",\"target\":[\"https:\/\/vosgesinfo.fr\/epinalinfo\/?p=137409#respond\"]}]},{\"@type\":\"WebPage\",\"@id\":\"https:\/\/vosgesinfo.fr\/epinalinfo\/?p=137409\",\"url\":\"https:\/\/vosgesinfo.fr\/epinalinfo\/?p=137409\",\"name\":\"Une moisson de m\u00e9dailles pour les Enfants du Roc lors du championnat territorial de bloc - Epinal Info\",\"isPartOf\":{\"@id\":\"https:\/\/vosgesinfo.fr\/epinalinfo\/#website\"},\"primaryImageOfPage\":{\"@id\":\"https:\/\/vosgesinfo.fr\/epinalinfo\/?p=137409#primaryimage\"},\"image\":{\"@id\":\"https:\/\/vosgesinfo.fr\/epinalinfo\/?p=137409#primaryimage\"},\"thumbnailUrl\":\"https:\/\/vosgesinfo.fr\/app\/uploads\/sites\/3\/2025\/11\/img-20251115-wa0002.jpg\",\"datePublished\":\"2025-11-17T17:04:10+00:00\",\"dateModified\":\"2025-11-17T17:04:10+00:00\",\"breadcrumb\":{\"@id\":\"https:\/\/vosgesinfo.fr\/epinalinfo\/?p=137409#breadcrumb\"},\"inLanguage\":\"fr-FR\",\"potentialAction\":[{\"@type\":\"ReadAction\",\"target\":[\"https:\/\/vosgesinfo.fr\/epinalinfo\/?p=137409\"]}]},{\"@type\":\"ImageObject\",\"inLanguage\":\"fr-FR\",\"@id\":\"https:\/\/vosgesinfo.fr\/epinalinfo\/?p=137409#primaryimage\",\"url\":\"https:\/\/vosgesinfo.fr\/app\/uploads\/sites\/3\/2025\/11\/img-20251115-wa0002.jpg\",\"contentUrl\":\"https:\/\/vosgesinfo.fr\/app\/uploads\/sites\/3\/2025\/11\/img-20251115-wa0002.jpg\",\"width\":1440,\"height\":1080},{\"@type\":\"BreadcrumbList\",\"@id\":\"https:\/\/vosgesinfo.fr\/epinalinfo\/?p=137409#breadcrumb\",\"itemListElement\":[{\"@type\":\"ListItem\",\"position\":1,\"name\":\"Home\",\"item\":\"https:\/\/vosgesinfo.fr\/epinalinfo\/\"},{\"@type\":\"ListItem\",\"position\":2,\"name\":\"Une moisson de m\u00e9dailles pour les Enfants du Roc lors du championnat territorial de bloc\"}]},{\"@type\":\"WebSite\",\"@id\":\"https:\/\/vosgesinfo.fr\/epinalinfo\/#website\",\"url\":\"https:\/\/vosgesinfo.fr\/epinalinfo\/\",\"name\":\"Epinal Info\",\"description\":\"Toute l&#039;actualit\u00e9 d&#039;\u00c9pinal\",\"publisher\":{\"@id\":\"https:\/\/vosgesinfo.fr\/epinalinfo\/#organization\"},\"alternateName\":\"Toute l'actualit\u00e9 d'\u00c9pinal\",\"potentialAction\":[{\"@type\":\"SearchAction\",\"target\":{\"@type\":\"EntryPoint\",\"urlTemplate\":\"https:\/\/vosgesinfo.fr\/epinalinfo\/?s={search_term_string}\"},\"query-input\":\"required name=search_term_string\"}],\"inLanguage\":\"fr-FR\"},{\"@type\":\"Organization\",\"@id\":\"https:\/\/vosgesinfo.fr\/epinalinfo\/#organization\",\"name\":\"Epinal Info\",\"url\":\"https:\/\/vosgesinfo.fr\/epinalinfo\/\",\"logo\":{\"@type\":\"ImageObject\",\"inLanguage\":\"fr-FR\",\"@id\":\"https:\/\/vosgesinfo.fr\/epinalinfo\/#\/schema\/logo\/image\/\",\"url\":\"https:\/\/vosgesinfo.fr\/app\/uploads\/sites\/3\/2023\/08\/logo-epinalinfos.svg\",\"contentUrl\":\"https:\/\/vosgesinfo.fr\/app\/uploads\/sites\/3\/2023\/08\/logo-epinalinfos.svg\",\"width\":1,\"height\":1,\"caption\":\"Epinal Info\"},\"image\":{\"@id\":\"https:\/\/vosgesinfo.fr\/epinalinfo\/#\/schema\/logo\/image\/\"},\"sameAs\":[\"https:\/\/www.facebook.com\/Epinalinfos\",\"https:\/\/x.com\/VosgesInfo88\",\"https:\/\/www.youtube.com\/@vosgesinfo\"]},{\"@type\":\"Person\",\"@id\":\"https:\/\/vosgesinfo.fr\/epinalinfo\/#\/schema\/person\/6f9a650eeea99d969b6c4ab78fccbe81\",\"name\":\"C.K.\",\"image\":{\"@type\":\"ImageObject\",\"inLanguage\":\"fr-FR\",\"@id\":\"https:\/\/vosgesinfo.fr\/epinalinfo\/#\/schema\/person\/image\/\",\"url\":\"https:\/\/secure.gravatar.com\/avatar\/48e3fc7f8421ba8942be6b74a2b7f014ca39bc00dece156b7a8e098ae7dc87bf?s=96&d=mm&r=g\",\"contentUrl\":\"https:\/\/secure.gravatar.com\/avatar\/48e3fc7f8421ba8942be6b74a2b7f014ca39bc00dece156b7a8e098ae7dc87bf?s=96&d=mm&r=g\",\"caption\":\"C.K.\"},\"url\":\"https:\/\/vosgesinfo.fr\/epinalinfo\/author\/celia-k-n\/\"}]}<\/script>\n<!-- \/ Yoast SEO plugin. -->","yoast_head_json":{"title":"Une moisson de m\u00e9dailles pour les Enfants du Roc lors du championnat territorial de bloc - Epinal Info","robots":{"index":"index","follow":"follow","max-snippet":"max-snippet:-1","max-image-preview":"max-image-preview:large","max-video-preview":"max-video-preview:-1"},"canonical":"https:\/\/vosgesinfo.fr\/epinalinfo\/?p=137409","twitter_card":"summary_large_image","twitter_title":"Une moisson de m\u00e9dailles pour les Enfants du Roc lors du championnat territorial de bloc - Epinal Info","twitter_description":"Ce week-end, le club d\u2019escalade Les Enfants du Roc a accueilli le Championnat Territorial de Bloc de Lorraine, une discipline [&hellip;]","twitter_creator":"@VosgesInfo88","twitter_site":"@VosgesInfo88","twitter_misc":{"\u00c9crit par":"C.K.","Dur\u00e9e de lecture estim\u00e9e":"1 minute"},"schema":{"@context":"https:\/\/schema.org","@graph":[{"@type":"Article","@id":"https:\/\/vosgesinfo.fr\/epinalinfo\/?p=137409#article","isPartOf":{"@id":"https:\/\/vosgesinfo.fr\/epinalinfo\/?p=137409"},"author":{"name":"C.K.","@id":"https:\/\/vosgesinfo.fr\/epinalinfo\/#\/schema\/person\/6f9a650eeea99d969b6c4ab78fccbe81"},"headline":"Une moisson de m\u00e9dailles pour les Enfants du Roc lors du championnat territorial de bloc","datePublished":"2025-11-17T17:04:10+00:00","dateModified":"2025-11-17T17:04:10+00:00","mainEntityOfPage":{"@id":"https:\/\/vosgesinfo.fr\/epinalinfo\/?p=137409"},"wordCount":275,"commentCount":0,"publisher":{"@id":"https:\/\/vosgesinfo.fr\/epinalinfo\/#organization"},"image":{"@id":"https:\/\/vosgesinfo.fr\/epinalinfo\/?p=137409#primaryimage"},"thumbnailUrl":"https:\/\/vosgesinfo.fr\/app\/uploads\/sites\/3\/2025\/11\/img-20251115-wa0002.jpg","articleSection":["A la Une","Epinal","Sport"],"inLanguage":"fr-FR","potentialAction":[{"@type":"CommentAction","name":"Comment","target":["https:\/\/vosgesinfo.fr\/epinalinfo\/?p=137409#respond"]}]},{"@type":"WebPage","@id":"https:\/\/vosgesinfo.fr\/epinalinfo\/?p=137409","url":"https:\/\/vosgesinfo.fr\/epinalinfo\/?p=137409","name":"Une moisson de m\u00e9dailles pour les Enfants du Roc lors du championnat territorial de bloc - Epinal Info","isPartOf":{"@id":"https:\/\/vosgesinfo.fr\/epinalinfo\/#website"},"primaryImageOfPage":{"@id":"https:\/\/vosgesinfo.fr\/epinalinfo\/?p=137409#primaryimage"},"image":{"@id":"https:\/\/vosgesinfo.fr\/epinalinfo\/?p=137409#primaryimage"},"thumbnailUrl":"https:\/\/vosgesinfo.fr\/app\/uploads\/sites\/3\/2025\/11\/img-20251115-wa0002.jpg","datePublished":"2025-11-17T17:04:10+00:00","dateModified":"2025-11-17T17:04:10+00:00","breadcrumb":{"@id":"https:\/\/vosgesinfo.fr\/epinalinfo\/?p=137409#breadcrumb"},"inLanguage":"fr-FR","potentialAction":[{"@type":"ReadAction","target":["https:\/\/vosgesinfo.fr\/epinalinfo\/?p=137409"]}]},{"@type":"ImageObject","inLanguage":"fr-FR","@id":"https:\/\/vosgesinfo.fr\/epinalinfo\/?p=137409#primaryimage","url":"https:\/\/vosgesinfo.fr\/app\/uploads\/sites\/3\/2025\/11\/img-20251115-wa0002.jpg","contentUrl":"https:\/\/vosgesinfo.fr\/app\/uploads\/sites\/3\/2025\/11\/img-20251115-wa0002.jpg","width":1440,"height":1080},{"@type":"BreadcrumbList","@id":"https:\/\/vosgesinfo.fr\/epinalinfo\/?p=137409#breadcrumb","itemListElement":[{"@type":"ListItem","position":1,"name":"Home","item":"https:\/\/vosgesinfo.fr\/epinalinfo\/"},{"@type":"ListItem","position":2,"name":"Une moisson de m\u00e9dailles pour les Enfants du Roc lors du championnat territorial de bloc"}]},{"@type":"WebSite","@id":"https:\/\/vosgesinfo.fr\/epinalinfo\/#website","url":"https:\/\/vosgesinfo.fr\/epinalinfo\/","name":"Epinal Info","description":"Toute l&#039;actualit\u00e9 d&#039;\u00c9pinal","publisher":{"@id":"https:\/\/vosgesinfo.fr\/epinalinfo\/#organization"},"alternateName":"Toute l'actualit\u00e9 d'\u00c9pinal","potentialAction":[{"@type":"SearchAction","target":{"@type":"EntryPoint","urlTemplate":"https:\/\/vosgesinfo.fr\/epinalinfo\/?s={search_term_string}"},"query-input":"required name=search_term_string"}],"inLanguage":"fr-FR"},{"@type":"Organization","@id":"https:\/\/vosgesinfo.fr\/epinalinfo\/#organization","name":"Epinal Info","url":"https:\/\/vosgesinfo.fr\/epinalinfo\/","logo":{"@type":"ImageObject","inLanguage":"fr-FR","@id":"https:\/\/vosgesinfo.fr\/epinalinfo\/#\/schema\/logo\/image\/","url":"https:\/\/vosgesinfo.fr\/app\/uploads\/sites\/3\/2023\/08\/logo-epinalinfos.svg","contentUrl":"https:\/\/vosgesinfo.fr\/app\/uploads\/sites\/3\/2023\/08\/logo-epinalinfos.svg","width":1,"height":1,"caption":"Epinal Info"},"image":{"@id":"https:\/\/vosgesinfo.fr\/epinalinfo\/#\/schema\/logo\/image\/"},"sameAs":["https:\/\/www.facebook.com\/Epinalinfos","https:\/\/x.com\/VosgesInfo88","https:\/\/www.youtube.com\/@vosgesinfo"]},{"@type":"Person","@id":"https:\/\/vosgesinfo.fr\/epinalinfo\/#\/schema\/person\/6f9a650eeea99d969b6c4ab78fccbe81","name":"C.K.","image":{"@type":"ImageObject","inLanguage":"fr-FR","@id":"https:\/\/vosgesinfo.fr\/epinalinfo\/#\/schema\/person\/image\/","url":"https:\/\/secure.gravatar.com\/avatar\/48e3fc7f8421ba8942be6b74a2b7f014ca39bc00dece156b7a8e098ae7dc87bf?s=96&d=mm&r=g","contentUrl":"https:\/\/secure.gravatar.com\/avatar\/48e3fc7f8421ba8942be6b74a2b7f014ca39bc00dece156b7a8e098ae7dc87bf?s=96&d=mm&r=g","caption":"C.K."},"url":"https:\/\/vosgesinfo.fr\/epinalinfo\/author\/celia-k-n\/"}]}},"_links":{"self":[{"href":"https:\/\/vosgesinfo.fr\/epinalinfo\/wp-json\/wp\/v2\/posts\/137409","targetHints":{"allow":["GET"]}}],"collection":[{"href":"https:\/\/vosgesinfo.fr\/epinalinfo\/wp-json\/wp\/v2\/posts"}],"about":[{"href":"https:\/\/vosgesinfo.fr\/epinalinfo\/wp-json\/wp\/v2\/types\/post"}],"author":[{"embeddable":true,"href":"https:\/\/vosgesinfo.fr\/epinalinfo\/wp-json\/wp\/v2\/users\/52"}],"replies":[{"embeddable":true,"href":"https:\/\/vosgesinfo.fr\/epinalinfo\/wp-json\/wp\/v2\/comments?post=137409"}],"version-history":[{"count":1,"href":"https:\/\/vosgesinfo.fr\/epinalinfo\/wp-json\/wp\/v2\/posts\/137409\/revisions"}],"predecessor-version":[{"id":137413,"href":"https:\/\/vosgesinfo.fr\/epinalinfo\/wp-json\/wp\/v2\/posts\/137409\/revisions\/137413"}],"wp:featuredmedia":[{"embeddable":true,"href":"https:\/\/vosgesinfo.fr\/epinalinfo\/wp-json\/wp\/v2\/media\/137410"}],"wp:attachment":[{"href":"https:\/\/vosgesinfo.fr\/epinalinfo\/wp-json\/wp\/v2\/media?parent=137409"}],"wp:term":[{"taxonomy":"category","embeddable":true,"href":"https:\/\/vosgesinfo.fr\/epinalinfo\/wp-json\/wp\/v2\/categories?post=137409"},{"taxonomy":"post_tag","embeddable":true,"href":"https:\/\/vosgesinfo.fr\/epinalinfo\/wp-json\/wp\/v2\/tags?post=137409"}],"curies":[{"name":"wp","href":"https:\/\/api.w.org\/{rel}","templated":true}]}}