{"id":137414,"date":"2025-11-18T09:04:40","date_gmt":"2025-11-18T08:04:40","guid":{"rendered":"https:\/\/vosgesinfo.fr\/epinalinfo\/?p=137414"},"modified":"2025-11-18T09:04:40","modified_gmt":"2025-11-18T08:04:40","slug":"cines-palace-depinal-deux-avant-premiere-avec-equipe-la-semaine-du-24-novembre","status":"publish","type":"post","link":"https:\/\/vosgesinfo.fr\/epinalinfo\/2025\/11\/cines-palace-depinal-deux-avant-premiere-avec-equipe-la-semaine-du-24-novembre\/","title":{"rendered":"Cin\u00e9s Palace d&rsquo;Epinal : Deux avant-premi\u00e8re avec \u00e9quipe la semaine du 24 novembre"},"content":{"rendered":"<div class=\"x_elementToProof\">\n<div id=\"attachment_135468\" style=\"width: 681px\" class=\"wp-caption aligncenter\"><a href=\"https:\/\/vosgesinfo.fr\/app\/uploads\/sites\/3\/2025\/09\/le-chant-des-forets.jpg\"><img decoding=\"async\" aria-describedby=\"caption-attachment-135468\" class=\"size-full wp-image-135468\" src=\"https:\/\/vosgesinfo.fr\/app\/uploads\/sites\/3\/2025\/09\/le-chant-des-forets.jpg\" alt=\"\" width=\"671\" height=\"409\" srcset=\"https:\/\/vosgesinfo.fr\/app\/uploads\/sites\/3\/2025\/09\/le-chant-des-forets.jpg 671w, https:\/\/vosgesinfo.fr\/app\/uploads\/sites\/3\/2025\/09\/le-chant-des-forets-300x183.jpg 300w\" sizes=\"(max-width: 671px) 100vw, 671px\" \/><\/a><p id=\"caption-attachment-135468\" class=\"wp-caption-text\">capture d&rsquo;\u00e9cran<\/p><\/div>\n<p><span data-olk-copy-source=\"MessageBody\">Pour terminer l&rsquo;ann\u00e9e en beaut\u00e9, l<\/span>es Cin\u00e9s PALACE EPINAL proposent deux avant-premi\u00e8res avec venue d&rsquo;\u00e9quipe la semaine prochaine :<\/div>\n<div class=\"x_elementToProof\"><\/div>\n<div class=\"x_elementToProof\"><b>Mercredi 26 novembre \u00e0 20h<\/b>\u00a0&#8211; Avant-premi\u00e8re du film \u00ab\u00a0<b><i>Chasse gard\u00e9e 2<\/i><\/b>\u00a0\u00bb en pr\u00e9sence des deux r\u00e9alisateurs Antonin FOURLON et Fr\u00e9d\u00e9ric FORESTIER et de l&rsquo;acteur Hakim JEMILI.<\/div>\n<div class=\"x_elementToProof\"><\/div>\n<div class=\"x_elementToProof\"><i>Deux ans se sont \u00e9coul\u00e9s \u00e0 Saint Hubert. La vie y est paisible, peut-\u00eatre trop pour Ad\u00e9la\u00efde et Simon qui souffrent du manque d\u2019amis de leur \u00e2ge. C\u2019est sans compter sur l\u2019arriv\u00e9e de Stanislas, le fils de Bernard (l&rsquo;ancien pr\u00e9sident des chasseurs du village), qui revient vivre \u00e0 la campagne avec sa femme et ses deux enfants. Ils sont beaux, jeunes, et sympas. Leur seul d\u00e9faut : ils pratiquent la chasse \u00e0 courre ! La paix du village va \u00eatre mise \u00e0 mal : nouveaux voisins, nouveaux probl\u00e8mes\u2026<\/i><\/div>\n<div class=\"x_elementToProof\"><\/div>\n<p class=\"x_elementToProof\"><b>Tarifs habituels &#8211; places en vente en caisse et sur internet (<a id=\"OWAce51c703-cfbb-0493-5ab2-87e0fb1fe71f\" class=\"x_OWAAutoLink\" title=\"https:\/\/www.sortirepinal.fr\/cinema.php\" href=\"https:\/\/www.sortirepinal.fr\/cinema.php\" target=\"_blank\" rel=\"noopener noreferrer\" data-linkindex=\"0\" data-auth=\"NotApplicable\">sortirepinal.fr<\/a>)<\/b><\/p>\n<div class=\"x_elementToProof\"><b data-olk-copy-source=\"MessageBody\">Dimanche 30 novembre \u00e0 16h15, 17h, 17h45 et 19h <\/b>&#8211; Les Cin\u00e9s Palace Epinal, en partenariat avec la R\u00e9gion Grand Est et le Conseil D\u00e9partemental des Vosges proposent l&rsquo;avant-premi\u00e8re du film <b><i>\u00ab\u00a0Le chant des for\u00eats\u00a0\u00bb<\/i><\/b>\u00a0en pr\u00e9sence de son r\u00e9alisateur Vincent MUNIER.<\/div>\n<div class=\"x_elementToProof\"><\/div>\n<div class=\"x_elementToProof\"><i>Apr\u00e8s La Panth\u00e8re des neiges, Vincent Munier nous invite au coeur des for\u00eats des Vosges. C\u2019est ici qu\u2019il a tout appris gr\u00e2ce \u00e0 son p\u00e8re Michel, naturaliste, ayant pass\u00e9 sa vie \u00e0 l\u2019affut dans les bois. Il est l\u2019heure pour eux de transmettre ce savoir \u00e0 Simon, le fils de Vincent. Trois regards, trois g\u00e9n\u00e9rations, une m\u00eame fascination pour la vie sauvage. Nous d\u00e9couvrirons avec eux cerfs, oiseaux rares, renards et lynx\u2026 et parfois, le battement d\u2019ailes d\u2019un animal l\u00e9gendaire : le Grand T\u00e9tras.<\/i><\/div>\n<div class=\"x_elementToProof\"><\/div>\n<div class=\"x_elementToProof\"><b>Les s\u00e9ances de 16h15, 17h et 17h45 affichent complet.\u00a0<\/b><\/div>\n<div class=\"x_elementToProof\"><b>Il reste des places uniquement pour la s\u00e9ance de 19h.<\/b><\/div>\n<p class=\"x_elementToProof\"><b>Tarifs habituels &#8211; places en vente en caisse et sur internet (<a id=\"OWA99509679-ad78-f8d6-16d2-6d2e99eab1fb\" class=\"x_OWAAutoLink\" title=\"https:\/\/www.sortirepinal.fr\/cinema.php\" href=\"https:\/\/www.sortirepinal.fr\/cinema.php\" target=\"_blank\" rel=\"noopener noreferrer\" data-linkindex=\"1\" data-auth=\"NotApplicable\">sortirepinal.fr<\/a>)<\/b><\/p>\n","protected":false},"excerpt":{"rendered":"<p>Pour terminer l&rsquo;ann\u00e9e en beaut\u00e9, les Cin\u00e9s PALACE EPINAL proposent deux avant-premi\u00e8res avec venue d&rsquo;\u00e9quipe la semaine prochaine : Mercredi [&hellip;]<\/p>\n","protected":false},"author":52,"featured_media":135468,"comment_status":"open","ping_status":"open","sticky":false,"template":"","format":"standard","meta":{"footnotes":""},"categories":[22,24],"tags":[],"class_list":["post-137414","post","type-post","status-publish","format-standard","has-post-thumbnail","hentry","category-a-la-une","category-epinal"],"acf":[],"yoast_head":"<!-- This site is optimized with the Yoast SEO plugin v22.5 - https:\/\/yoast.com\/wordpress\/plugins\/seo\/ -->\n<title>Cin\u00e9s Palace d&#039;Epinal : Deux avant-premi\u00e8re avec \u00e9quipe la semaine du 24 novembre - Epinal Info<\/title>\n<meta name=\"robots\" content=\"index, follow, max-snippet:-1, max-image-preview:large, max-video-preview:-1\" \/>\n<link rel=\"canonical\" href=\"https:\/\/vosgesinfo.fr\/epinalinfo\/?p=137414\" \/>\n<meta name=\"twitter:card\" content=\"summary_large_image\" \/>\n<meta name=\"twitter:title\" content=\"Cin\u00e9s Palace d&#039;Epinal : Deux avant-premi\u00e8re avec \u00e9quipe la semaine du 24 novembre - Epinal Info\" \/>\n<meta name=\"twitter:description\" content=\"Pour terminer l&rsquo;ann\u00e9e en beaut\u00e9, les Cin\u00e9s PALACE EPINAL proposent deux avant-premi\u00e8res avec venue d&rsquo;\u00e9quipe la semaine prochaine : Mercredi [&hellip;]\" \/>\n<meta name=\"twitter:creator\" content=\"@VosgesInfo88\" \/>\n<meta name=\"twitter:site\" content=\"@VosgesInfo88\" \/>\n<meta name=\"twitter:label1\" content=\"\u00c9crit par\" \/>\n\t<meta name=\"twitter:data1\" content=\"C.K.\" \/>\n\t<meta name=\"twitter:label2\" content=\"Dur\u00e9e de lecture estim\u00e9e\" \/>\n\t<meta name=\"twitter:data2\" content=\"2 minutes\" \/>\n<script type=\"application\/ld+json\" class=\"yoast-schema-graph\">{\"@context\":\"https:\/\/schema.org\",\"@graph\":[{\"@type\":\"Article\",\"@id\":\"https:\/\/vosgesinfo.fr\/epinalinfo\/?p=137414#article\",\"isPartOf\":{\"@id\":\"https:\/\/vosgesinfo.fr\/epinalinfo\/?p=137414\"},\"author\":{\"name\":\"C.K.\",\"@id\":\"https:\/\/vosgesinfo.fr\/epinalinfo\/#\/schema\/person\/6f9a650eeea99d969b6c4ab78fccbe81\"},\"headline\":\"Cin\u00e9s Palace d&rsquo;Epinal : Deux avant-premi\u00e8re avec \u00e9quipe la semaine du 24 novembre\",\"datePublished\":\"2025-11-18T08:04:40+00:00\",\"dateModified\":\"2025-11-18T08:04:40+00:00\",\"mainEntityOfPage\":{\"@id\":\"https:\/\/vosgesinfo.fr\/epinalinfo\/?p=137414\"},\"wordCount\":363,\"commentCount\":0,\"publisher\":{\"@id\":\"https:\/\/vosgesinfo.fr\/epinalinfo\/#organization\"},\"image\":{\"@id\":\"https:\/\/vosgesinfo.fr\/epinalinfo\/?p=137414#primaryimage\"},\"thumbnailUrl\":\"https:\/\/vosgesinfo.fr\/app\/uploads\/sites\/3\/2025\/09\/le-chant-des-forets.jpg\",\"articleSection\":[\"A la Une\",\"Epinal\"],\"inLanguage\":\"fr-FR\",\"potentialAction\":[{\"@type\":\"CommentAction\",\"name\":\"Comment\",\"target\":[\"https:\/\/vosgesinfo.fr\/epinalinfo\/?p=137414#respond\"]}]},{\"@type\":\"WebPage\",\"@id\":\"https:\/\/vosgesinfo.fr\/epinalinfo\/?p=137414\",\"url\":\"https:\/\/vosgesinfo.fr\/epinalinfo\/?p=137414\",\"name\":\"Cin\u00e9s Palace d'Epinal : Deux avant-premi\u00e8re avec \u00e9quipe la semaine du 24 novembre - Epinal Info\",\"isPartOf\":{\"@id\":\"https:\/\/vosgesinfo.fr\/epinalinfo\/#website\"},\"primaryImageOfPage\":{\"@id\":\"https:\/\/vosgesinfo.fr\/epinalinfo\/?p=137414#primaryimage\"},\"image\":{\"@id\":\"https:\/\/vosgesinfo.fr\/epinalinfo\/?p=137414#primaryimage\"},\"thumbnailUrl\":\"https:\/\/vosgesinfo.fr\/app\/uploads\/sites\/3\/2025\/09\/le-chant-des-forets.jpg\",\"datePublished\":\"2025-11-18T08:04:40+00:00\",\"dateModified\":\"2025-11-18T08:04:40+00:00\",\"breadcrumb\":{\"@id\":\"https:\/\/vosgesinfo.fr\/epinalinfo\/?p=137414#breadcrumb\"},\"inLanguage\":\"fr-FR\",\"potentialAction\":[{\"@type\":\"ReadAction\",\"target\":[\"https:\/\/vosgesinfo.fr\/epinalinfo\/?p=137414\"]}]},{\"@type\":\"ImageObject\",\"inLanguage\":\"fr-FR\",\"@id\":\"https:\/\/vosgesinfo.fr\/epinalinfo\/?p=137414#primaryimage\",\"url\":\"https:\/\/vosgesinfo.fr\/app\/uploads\/sites\/3\/2025\/09\/le-chant-des-forets.jpg\",\"contentUrl\":\"https:\/\/vosgesinfo.fr\/app\/uploads\/sites\/3\/2025\/09\/le-chant-des-forets.jpg\",\"width\":671,\"height\":409,\"caption\":\"capture d'\u00e9cran\"},{\"@type\":\"BreadcrumbList\",\"@id\":\"https:\/\/vosgesinfo.fr\/epinalinfo\/?p=137414#breadcrumb\",\"itemListElement\":[{\"@type\":\"ListItem\",\"position\":1,\"name\":\"Home\",\"item\":\"https:\/\/vosgesinfo.fr\/epinalinfo\/\"},{\"@type\":\"ListItem\",\"position\":2,\"name\":\"Cin\u00e9s Palace d&#8217;Epinal : Deux avant-premi\u00e8re avec \u00e9quipe la semaine du 24 novembre\"}]},{\"@type\":\"WebSite\",\"@id\":\"https:\/\/vosgesinfo.fr\/epinalinfo\/#website\",\"url\":\"https:\/\/vosgesinfo.fr\/epinalinfo\/\",\"name\":\"Epinal Info\",\"description\":\"Toute l&#039;actualit\u00e9 d&#039;\u00c9pinal\",\"publisher\":{\"@id\":\"https:\/\/vosgesinfo.fr\/epinalinfo\/#organization\"},\"alternateName\":\"Toute l'actualit\u00e9 d'\u00c9pinal\",\"potentialAction\":[{\"@type\":\"SearchAction\",\"target\":{\"@type\":\"EntryPoint\",\"urlTemplate\":\"https:\/\/vosgesinfo.fr\/epinalinfo\/?s={search_term_string}\"},\"query-input\":\"required name=search_term_string\"}],\"inLanguage\":\"fr-FR\"},{\"@type\":\"Organization\",\"@id\":\"https:\/\/vosgesinfo.fr\/epinalinfo\/#organization\",\"name\":\"Epinal Info\",\"url\":\"https:\/\/vosgesinfo.fr\/epinalinfo\/\",\"logo\":{\"@type\":\"ImageObject\",\"inLanguage\":\"fr-FR\",\"@id\":\"https:\/\/vosgesinfo.fr\/epinalinfo\/#\/schema\/logo\/image\/\",\"url\":\"https:\/\/vosgesinfo.fr\/app\/uploads\/sites\/3\/2023\/08\/logo-epinalinfos.svg\",\"contentUrl\":\"https:\/\/vosgesinfo.fr\/app\/uploads\/sites\/3\/2023\/08\/logo-epinalinfos.svg\",\"width\":1,\"height\":1,\"caption\":\"Epinal Info\"},\"image\":{\"@id\":\"https:\/\/vosgesinfo.fr\/epinalinfo\/#\/schema\/logo\/image\/\"},\"sameAs\":[\"https:\/\/www.facebook.com\/Epinalinfos\",\"https:\/\/x.com\/VosgesInfo88\",\"https:\/\/www.youtube.com\/@vosgesinfo\"]},{\"@type\":\"Person\",\"@id\":\"https:\/\/vosgesinfo.fr\/epinalinfo\/#\/schema\/person\/6f9a650eeea99d969b6c4ab78fccbe81\",\"name\":\"C.K.\",\"image\":{\"@type\":\"ImageObject\",\"inLanguage\":\"fr-FR\",\"@id\":\"https:\/\/vosgesinfo.fr\/epinalinfo\/#\/schema\/person\/image\/\",\"url\":\"https:\/\/secure.gravatar.com\/avatar\/48e3fc7f8421ba8942be6b74a2b7f014ca39bc00dece156b7a8e098ae7dc87bf?s=96&d=mm&r=g\",\"contentUrl\":\"https:\/\/secure.gravatar.com\/avatar\/48e3fc7f8421ba8942be6b74a2b7f014ca39bc00dece156b7a8e098ae7dc87bf?s=96&d=mm&r=g\",\"caption\":\"C.K.\"},\"url\":\"https:\/\/vosgesinfo.fr\/epinalinfo\/author\/celia-k-n\/\"}]}<\/script>\n<!-- \/ Yoast SEO plugin. -->","yoast_head_json":{"title":"Cin\u00e9s Palace d'Epinal : Deux avant-premi\u00e8re avec \u00e9quipe la semaine du 24 novembre - Epinal Info","robots":{"index":"index","follow":"follow","max-snippet":"max-snippet:-1","max-image-preview":"max-image-preview:large","max-video-preview":"max-video-preview:-1"},"canonical":"https:\/\/vosgesinfo.fr\/epinalinfo\/?p=137414","twitter_card":"summary_large_image","twitter_title":"Cin\u00e9s Palace d'Epinal : Deux avant-premi\u00e8re avec \u00e9quipe la semaine du 24 novembre - Epinal Info","twitter_description":"Pour terminer l&rsquo;ann\u00e9e en beaut\u00e9, les Cin\u00e9s PALACE EPINAL proposent deux avant-premi\u00e8res avec venue d&rsquo;\u00e9quipe la semaine prochaine : Mercredi [&hellip;]","twitter_creator":"@VosgesInfo88","twitter_site":"@VosgesInfo88","twitter_misc":{"\u00c9crit par":"C.K.","Dur\u00e9e de lecture estim\u00e9e":"2 minutes"},"schema":{"@context":"https:\/\/schema.org","@graph":[{"@type":"Article","@id":"https:\/\/vosgesinfo.fr\/epinalinfo\/?p=137414#article","isPartOf":{"@id":"https:\/\/vosgesinfo.fr\/epinalinfo\/?p=137414"},"author":{"name":"C.K.","@id":"https:\/\/vosgesinfo.fr\/epinalinfo\/#\/schema\/person\/6f9a650eeea99d969b6c4ab78fccbe81"},"headline":"Cin\u00e9s Palace d&rsquo;Epinal : Deux avant-premi\u00e8re avec \u00e9quipe la semaine du 24 novembre","datePublished":"2025-11-18T08:04:40+00:00","dateModified":"2025-11-18T08:04:40+00:00","mainEntityOfPage":{"@id":"https:\/\/vosgesinfo.fr\/epinalinfo\/?p=137414"},"wordCount":363,"commentCount":0,"publisher":{"@id":"https:\/\/vosgesinfo.fr\/epinalinfo\/#organization"},"image":{"@id":"https:\/\/vosgesinfo.fr\/epinalinfo\/?p=137414#primaryimage"},"thumbnailUrl":"https:\/\/vosgesinfo.fr\/app\/uploads\/sites\/3\/2025\/09\/le-chant-des-forets.jpg","articleSection":["A la Une","Epinal"],"inLanguage":"fr-FR","potentialAction":[{"@type":"CommentAction","name":"Comment","target":["https:\/\/vosgesinfo.fr\/epinalinfo\/?p=137414#respond"]}]},{"@type":"WebPage","@id":"https:\/\/vosgesinfo.fr\/epinalinfo\/?p=137414","url":"https:\/\/vosgesinfo.fr\/epinalinfo\/?p=137414","name":"Cin\u00e9s Palace d'Epinal : Deux avant-premi\u00e8re avec \u00e9quipe la semaine du 24 novembre - Epinal Info","isPartOf":{"@id":"https:\/\/vosgesinfo.fr\/epinalinfo\/#website"},"primaryImageOfPage":{"@id":"https:\/\/vosgesinfo.fr\/epinalinfo\/?p=137414#primaryimage"},"image":{"@id":"https:\/\/vosgesinfo.fr\/epinalinfo\/?p=137414#primaryimage"},"thumbnailUrl":"https:\/\/vosgesinfo.fr\/app\/uploads\/sites\/3\/2025\/09\/le-chant-des-forets.jpg","datePublished":"2025-11-18T08:04:40+00:00","dateModified":"2025-11-18T08:04:40+00:00","breadcrumb":{"@id":"https:\/\/vosgesinfo.fr\/epinalinfo\/?p=137414#breadcrumb"},"inLanguage":"fr-FR","potentialAction":[{"@type":"ReadAction","target":["https:\/\/vosgesinfo.fr\/epinalinfo\/?p=137414"]}]},{"@type":"ImageObject","inLanguage":"fr-FR","@id":"https:\/\/vosgesinfo.fr\/epinalinfo\/?p=137414#primaryimage","url":"https:\/\/vosgesinfo.fr\/app\/uploads\/sites\/3\/2025\/09\/le-chant-des-forets.jpg","contentUrl":"https:\/\/vosgesinfo.fr\/app\/uploads\/sites\/3\/2025\/09\/le-chant-des-forets.jpg","width":671,"height":409,"caption":"capture d'\u00e9cran"},{"@type":"BreadcrumbList","@id":"https:\/\/vosgesinfo.fr\/epinalinfo\/?p=137414#breadcrumb","itemListElement":[{"@type":"ListItem","position":1,"name":"Home","item":"https:\/\/vosgesinfo.fr\/epinalinfo\/"},{"@type":"ListItem","position":2,"name":"Cin\u00e9s Palace d&#8217;Epinal : Deux avant-premi\u00e8re avec \u00e9quipe la semaine du 24 novembre"}]},{"@type":"WebSite","@id":"https:\/\/vosgesinfo.fr\/epinalinfo\/#website","url":"https:\/\/vosgesinfo.fr\/epinalinfo\/","name":"Epinal Info","description":"Toute l&#039;actualit\u00e9 d&#039;\u00c9pinal","publisher":{"@id":"https:\/\/vosgesinfo.fr\/epinalinfo\/#organization"},"alternateName":"Toute l'actualit\u00e9 d'\u00c9pinal","potentialAction":[{"@type":"SearchAction","target":{"@type":"EntryPoint","urlTemplate":"https:\/\/vosgesinfo.fr\/epinalinfo\/?s={search_term_string}"},"query-input":"required name=search_term_string"}],"inLanguage":"fr-FR"},{"@type":"Organization","@id":"https:\/\/vosgesinfo.fr\/epinalinfo\/#organization","name":"Epinal Info","url":"https:\/\/vosgesinfo.fr\/epinalinfo\/","logo":{"@type":"ImageObject","inLanguage":"fr-FR","@id":"https:\/\/vosgesinfo.fr\/epinalinfo\/#\/schema\/logo\/image\/","url":"https:\/\/vosgesinfo.fr\/app\/uploads\/sites\/3\/2023\/08\/logo-epinalinfos.svg","contentUrl":"https:\/\/vosgesinfo.fr\/app\/uploads\/sites\/3\/2023\/08\/logo-epinalinfos.svg","width":1,"height":1,"caption":"Epinal Info"},"image":{"@id":"https:\/\/vosgesinfo.fr\/epinalinfo\/#\/schema\/logo\/image\/"},"sameAs":["https:\/\/www.facebook.com\/Epinalinfos","https:\/\/x.com\/VosgesInfo88","https:\/\/www.youtube.com\/@vosgesinfo"]},{"@type":"Person","@id":"https:\/\/vosgesinfo.fr\/epinalinfo\/#\/schema\/person\/6f9a650eeea99d969b6c4ab78fccbe81","name":"C.K.","image":{"@type":"ImageObject","inLanguage":"fr-FR","@id":"https:\/\/vosgesinfo.fr\/epinalinfo\/#\/schema\/person\/image\/","url":"https:\/\/secure.gravatar.com\/avatar\/48e3fc7f8421ba8942be6b74a2b7f014ca39bc00dece156b7a8e098ae7dc87bf?s=96&d=mm&r=g","contentUrl":"https:\/\/secure.gravatar.com\/avatar\/48e3fc7f8421ba8942be6b74a2b7f014ca39bc00dece156b7a8e098ae7dc87bf?s=96&d=mm&r=g","caption":"C.K."},"url":"https:\/\/vosgesinfo.fr\/epinalinfo\/author\/celia-k-n\/"}]}},"_links":{"self":[{"href":"https:\/\/vosgesinfo.fr\/epinalinfo\/wp-json\/wp\/v2\/posts\/137414","targetHints":{"allow":["GET"]}}],"collection":[{"href":"https:\/\/vosgesinfo.fr\/epinalinfo\/wp-json\/wp\/v2\/posts"}],"about":[{"href":"https:\/\/vosgesinfo.fr\/epinalinfo\/wp-json\/wp\/v2\/types\/post"}],"author":[{"embeddable":true,"href":"https:\/\/vosgesinfo.fr\/epinalinfo\/wp-json\/wp\/v2\/users\/52"}],"replies":[{"embeddable":true,"href":"https:\/\/vosgesinfo.fr\/epinalinfo\/wp-json\/wp\/v2\/comments?post=137414"}],"version-history":[{"count":1,"href":"https:\/\/vosgesinfo.fr\/epinalinfo\/wp-json\/wp\/v2\/posts\/137414\/revisions"}],"predecessor-version":[{"id":137415,"href":"https:\/\/vosgesinfo.fr\/epinalinfo\/wp-json\/wp\/v2\/posts\/137414\/revisions\/137415"}],"wp:featuredmedia":[{"embeddable":true,"href":"https:\/\/vosgesinfo.fr\/epinalinfo\/wp-json\/wp\/v2\/media\/135468"}],"wp:attachment":[{"href":"https:\/\/vosgesinfo.fr\/epinalinfo\/wp-json\/wp\/v2\/media?parent=137414"}],"wp:term":[{"taxonomy":"category","embeddable":true,"href":"https:\/\/vosgesinfo.fr\/epinalinfo\/wp-json\/wp\/v2\/categories?post=137414"},{"taxonomy":"post_tag","embeddable":true,"href":"https:\/\/vosgesinfo.fr\/epinalinfo\/wp-json\/wp\/v2\/tags?post=137414"}],"curies":[{"name":"wp","href":"https:\/\/api.w.org\/{rel}","templated":true}]}}