{"id":137421,"date":"2025-11-18T09:15:53","date_gmt":"2025-11-18T08:15:53","guid":{"rendered":"https:\/\/vosgesinfo.fr\/epinalinfo\/?p=137421"},"modified":"2025-11-18T09:15:53","modified_gmt":"2025-11-18T08:15:53","slug":"inauguration-du-point-daccueil-numerique-a-la-sous-prefecture-de-neufchateau","status":"publish","type":"post","link":"https:\/\/vosgesinfo.fr\/epinalinfo\/2025\/11\/inauguration-du-point-daccueil-numerique-a-la-sous-prefecture-de-neufchateau\/","title":{"rendered":"Inauguration du Point d\u2019Accueil Num\u00e9rique \u00e0 la sous-pr\u00e9fecture de Neufch\u00e2teau"},"content":{"rendered":"<div id=\"attachment_137422\" style=\"width: 1928px\" class=\"wp-caption aligncenter\"><a href=\"https:\/\/vosgesinfo.fr\/app\/uploads\/sites\/3\/2025\/11\/584007037-1148450564100681-3766533352174751746-n.jpg\"><img decoding=\"async\" aria-describedby=\"caption-attachment-137422\" class=\"size-full wp-image-137422\" src=\"https:\/\/vosgesinfo.fr\/app\/uploads\/sites\/3\/2025\/11\/584007037-1148450564100681-3766533352174751746-n.jpg\" alt=\"\" width=\"1918\" height=\"1080\" srcset=\"https:\/\/vosgesinfo.fr\/app\/uploads\/sites\/3\/2025\/11\/584007037-1148450564100681-3766533352174751746-n.jpg 1918w, https:\/\/vosgesinfo.fr\/app\/uploads\/sites\/3\/2025\/11\/584007037-1148450564100681-3766533352174751746-n-300x169.jpg 300w, https:\/\/vosgesinfo.fr\/app\/uploads\/sites\/3\/2025\/11\/584007037-1148450564100681-3766533352174751746-n-1024x577.jpg 1024w, https:\/\/vosgesinfo.fr\/app\/uploads\/sites\/3\/2025\/11\/584007037-1148450564100681-3766533352174751746-n-768x432.jpg 768w, https:\/\/vosgesinfo.fr\/app\/uploads\/sites\/3\/2025\/11\/584007037-1148450564100681-3766533352174751746-n-1536x865.jpg 1536w\" sizes=\"(max-width: 1918px) 100vw, 1918px\" \/><\/a><p id=\"caption-attachment-137422\" class=\"wp-caption-text\">photo pr\u00e9fecture des Vosges<\/p><\/div>\n<h2 data-start=\"129\" data-end=\"547\"><strong>Le 13 novembre, Nicolas GAILLARD, sous-pr\u00e9fet de l\u2019arrondissement de Neufch\u00e2teau, a proc\u00e9d\u00e9 \u00e0 l\u2019inauguration officielle du Point d\u2019Accueil Num\u00e9rique (PAN) au sein de la sous-pr\u00e9fecture, en pr\u00e9sence des \u00e9lus du territoire. <\/strong><strong>Ce nouvel espace s\u2019inscrit dans une dynamique d\u2019am\u00e9lioration du service public et d\u2019accompagnement renforc\u00e9 des usagers face \u00e0 la d\u00e9mat\u00e9rialisation des d\u00e9marches administratives.<\/strong><\/h2>\n<h3 data-start=\"554\" data-end=\"605\">\ud83d\udcbb Un service moderne, accessible et accompagn\u00e9<\/h3>\n<p data-start=\"607\" data-end=\"896\">Anim\u00e9 par une <strong data-start=\"621\" data-end=\"660\">jeune volontaire du service civique<\/strong>, le Point d\u2019Accueil Num\u00e9rique met \u00e0 disposition du public des \u00e9quipements informatiques et un accompagnement personnalis\u00e9 pour r\u00e9aliser en ligne les proc\u00e9dures relevant de l\u2019<strong data-start=\"835\" data-end=\"883\">Agence Nationale des Titres S\u00e9curis\u00e9s (ANTS)<\/strong>, notamment :<\/p>\n<ul data-start=\"898\" data-end=\"1058\">\n<li data-start=\"898\" data-end=\"945\">\n<p data-start=\"900\" data-end=\"945\">Pr\u00e9-demande de <strong data-start=\"915\" data-end=\"945\">carte nationale d\u2019identit\u00e9<\/strong><\/p>\n<\/li>\n<li data-start=\"946\" data-end=\"976\">\n<p data-start=\"948\" data-end=\"976\">Pr\u00e9-demande de <strong data-start=\"963\" data-end=\"976\">passeport<\/strong><\/p>\n<\/li>\n<li data-start=\"977\" data-end=\"1012\">\n<p data-start=\"979\" data-end=\"1012\">Demande de <strong data-start=\"990\" data-end=\"1012\">permis de conduire<\/strong><\/p>\n<\/li>\n<li data-start=\"1013\" data-end=\"1058\">\n<p data-start=\"1015\" data-end=\"1058\">Demande de <strong data-start=\"1026\" data-end=\"1058\">certificat d\u2019immatriculation<\/strong><\/p>\n<\/li>\n<\/ul>\n<p data-start=\"1060\" data-end=\"1245\">Cette pr\u00e9sence humaine garante d\u2019un \u00e9change bienveillant permet d\u2019aider les usagers, quel que soit leur niveau de ma\u00eetrise du num\u00e9rique, dans un cadre rassurant, confidentiel et adapt\u00e9.<\/p>\n<h3 data-start=\"1252\" data-end=\"1320\">\ud83e\udd1d Un engagement fort pour la proximit\u00e9 et l\u2019inclusion num\u00e9rique<\/h3>\n<p data-start=\"1322\" data-end=\"1636\">L\u2019ouverture de ce dispositif confirme la volont\u00e9 de l\u2019\u00c9tat de <strong data-start=\"1384\" data-end=\"1435\">faciliter l\u2019acc\u00e8s aux d\u00e9marches administratives<\/strong>, <strong data-start=\"1437\" data-end=\"1469\">accompagner tous les publics<\/strong> et <strong data-start=\"1473\" data-end=\"1506\">lutter contre l\u2019illectronisme<\/strong>, un enjeu majeur dans les territoires ruraux.<br data-start=\"1552\" data-end=\"1555\" \/>Ce nouvel espace se veut \u00eatre un <strong data-start=\"1588\" data-end=\"1635\">lieu d\u2019appui, d\u2019\u00e9coute et de simplification<\/strong>.<\/p>\n<h3 data-start=\"1643\" data-end=\"1677\">\ud83d\udd58 Horaires d\u2019ouverture du PAN<\/h3>\n<p data-start=\"1679\" data-end=\"1747\">\ud83d\udcc5 Du lundi au vendredi<br data-start=\"1702\" data-end=\"1705\" \/>\ud83d\udd64 <strong data-start=\"1708\" data-end=\"1724\">9h00 \u2013 11h30<\/strong><br data-start=\"1724\" data-end=\"1727\" \/>\ud83d\udd51 <strong data-start=\"1730\" data-end=\"1747\">14h00 \u2013 15h30<\/strong><\/p>\n","protected":false},"excerpt":{"rendered":"<p>Le 13 novembre, Nicolas GAILLARD, sous-pr\u00e9fet de l\u2019arrondissement de Neufch\u00e2teau, a proc\u00e9d\u00e9 \u00e0 l\u2019inauguration officielle du Point d\u2019Accueil Num\u00e9rique (PAN) [&hellip;]<\/p>\n","protected":false},"author":52,"featured_media":137422,"comment_status":"open","ping_status":"open","sticky":false,"template":"","format":"standard","meta":{"footnotes":""},"categories":[22,24,6057],"tags":[],"class_list":["post-137421","post","type-post","status-publish","format-standard","has-post-thumbnail","hentry","category-a-la-une","category-epinal","category-la-plaine-des-vosges"],"acf":[],"yoast_head":"<!-- This site is optimized with the Yoast SEO plugin v22.5 - https:\/\/yoast.com\/wordpress\/plugins\/seo\/ -->\n<title>Inauguration du Point d\u2019Accueil Num\u00e9rique \u00e0 la sous-pr\u00e9fecture de Neufch\u00e2teau - Epinal Info<\/title>\n<meta name=\"robots\" content=\"index, follow, max-snippet:-1, max-image-preview:large, max-video-preview:-1\" \/>\n<link rel=\"canonical\" href=\"https:\/\/vosgesinfo.fr\/epinalinfo\/?p=137421\" \/>\n<meta name=\"twitter:card\" content=\"summary_large_image\" \/>\n<meta name=\"twitter:title\" content=\"Inauguration du Point d\u2019Accueil Num\u00e9rique \u00e0 la sous-pr\u00e9fecture de Neufch\u00e2teau - Epinal Info\" \/>\n<meta name=\"twitter:description\" content=\"Le 13 novembre, Nicolas GAILLARD, sous-pr\u00e9fet de l\u2019arrondissement de Neufch\u00e2teau, a proc\u00e9d\u00e9 \u00e0 l\u2019inauguration officielle du Point d\u2019Accueil Num\u00e9rique (PAN) [&hellip;]\" \/>\n<meta name=\"twitter:creator\" content=\"@VosgesInfo88\" \/>\n<meta name=\"twitter:site\" content=\"@VosgesInfo88\" \/>\n<meta name=\"twitter:label1\" content=\"\u00c9crit par\" \/>\n\t<meta name=\"twitter:data1\" content=\"C.K.\" \/>\n\t<meta name=\"twitter:label2\" content=\"Dur\u00e9e de lecture estim\u00e9e\" \/>\n\t<meta name=\"twitter:data2\" content=\"1 minute\" \/>\n<script type=\"application\/ld+json\" class=\"yoast-schema-graph\">{\"@context\":\"https:\/\/schema.org\",\"@graph\":[{\"@type\":\"Article\",\"@id\":\"https:\/\/vosgesinfo.fr\/epinalinfo\/?p=137421#article\",\"isPartOf\":{\"@id\":\"https:\/\/vosgesinfo.fr\/epinalinfo\/?p=137421\"},\"author\":{\"name\":\"C.K.\",\"@id\":\"https:\/\/vosgesinfo.fr\/epinalinfo\/#\/schema\/person\/6f9a650eeea99d969b6c4ab78fccbe81\"},\"headline\":\"Inauguration du Point d\u2019Accueil Num\u00e9rique \u00e0 la sous-pr\u00e9fecture de Neufch\u00e2teau\",\"datePublished\":\"2025-11-18T08:15:53+00:00\",\"dateModified\":\"2025-11-18T08:15:53+00:00\",\"mainEntityOfPage\":{\"@id\":\"https:\/\/vosgesinfo.fr\/epinalinfo\/?p=137421\"},\"wordCount\":271,\"commentCount\":0,\"publisher\":{\"@id\":\"https:\/\/vosgesinfo.fr\/epinalinfo\/#organization\"},\"image\":{\"@id\":\"https:\/\/vosgesinfo.fr\/epinalinfo\/?p=137421#primaryimage\"},\"thumbnailUrl\":\"https:\/\/vosgesinfo.fr\/app\/uploads\/sites\/3\/2025\/11\/584007037-1148450564100681-3766533352174751746-n.jpg\",\"articleSection\":[\"A la Une\",\"Epinal\",\"La plaine des vosges\"],\"inLanguage\":\"fr-FR\",\"potentialAction\":[{\"@type\":\"CommentAction\",\"name\":\"Comment\",\"target\":[\"https:\/\/vosgesinfo.fr\/epinalinfo\/?p=137421#respond\"]}]},{\"@type\":\"WebPage\",\"@id\":\"https:\/\/vosgesinfo.fr\/epinalinfo\/?p=137421\",\"url\":\"https:\/\/vosgesinfo.fr\/epinalinfo\/?p=137421\",\"name\":\"Inauguration du Point d\u2019Accueil Num\u00e9rique \u00e0 la sous-pr\u00e9fecture de Neufch\u00e2teau - Epinal Info\",\"isPartOf\":{\"@id\":\"https:\/\/vosgesinfo.fr\/epinalinfo\/#website\"},\"primaryImageOfPage\":{\"@id\":\"https:\/\/vosgesinfo.fr\/epinalinfo\/?p=137421#primaryimage\"},\"image\":{\"@id\":\"https:\/\/vosgesinfo.fr\/epinalinfo\/?p=137421#primaryimage\"},\"thumbnailUrl\":\"https:\/\/vosgesinfo.fr\/app\/uploads\/sites\/3\/2025\/11\/584007037-1148450564100681-3766533352174751746-n.jpg\",\"datePublished\":\"2025-11-18T08:15:53+00:00\",\"dateModified\":\"2025-11-18T08:15:53+00:00\",\"breadcrumb\":{\"@id\":\"https:\/\/vosgesinfo.fr\/epinalinfo\/?p=137421#breadcrumb\"},\"inLanguage\":\"fr-FR\",\"potentialAction\":[{\"@type\":\"ReadAction\",\"target\":[\"https:\/\/vosgesinfo.fr\/epinalinfo\/?p=137421\"]}]},{\"@type\":\"ImageObject\",\"inLanguage\":\"fr-FR\",\"@id\":\"https:\/\/vosgesinfo.fr\/epinalinfo\/?p=137421#primaryimage\",\"url\":\"https:\/\/vosgesinfo.fr\/app\/uploads\/sites\/3\/2025\/11\/584007037-1148450564100681-3766533352174751746-n.jpg\",\"contentUrl\":\"https:\/\/vosgesinfo.fr\/app\/uploads\/sites\/3\/2025\/11\/584007037-1148450564100681-3766533352174751746-n.jpg\",\"width\":1918,\"height\":1080,\"caption\":\"photo pr\u00e9fecture des Vosges\"},{\"@type\":\"BreadcrumbList\",\"@id\":\"https:\/\/vosgesinfo.fr\/epinalinfo\/?p=137421#breadcrumb\",\"itemListElement\":[{\"@type\":\"ListItem\",\"position\":1,\"name\":\"Home\",\"item\":\"https:\/\/vosgesinfo.fr\/epinalinfo\/\"},{\"@type\":\"ListItem\",\"position\":2,\"name\":\"Inauguration du Point d\u2019Accueil Num\u00e9rique \u00e0 la sous-pr\u00e9fecture de Neufch\u00e2teau\"}]},{\"@type\":\"WebSite\",\"@id\":\"https:\/\/vosgesinfo.fr\/epinalinfo\/#website\",\"url\":\"https:\/\/vosgesinfo.fr\/epinalinfo\/\",\"name\":\"Epinal Info\",\"description\":\"Toute l&#039;actualit\u00e9 d&#039;\u00c9pinal\",\"publisher\":{\"@id\":\"https:\/\/vosgesinfo.fr\/epinalinfo\/#organization\"},\"alternateName\":\"Toute l'actualit\u00e9 d'\u00c9pinal\",\"potentialAction\":[{\"@type\":\"SearchAction\",\"target\":{\"@type\":\"EntryPoint\",\"urlTemplate\":\"https:\/\/vosgesinfo.fr\/epinalinfo\/?s={search_term_string}\"},\"query-input\":\"required name=search_term_string\"}],\"inLanguage\":\"fr-FR\"},{\"@type\":\"Organization\",\"@id\":\"https:\/\/vosgesinfo.fr\/epinalinfo\/#organization\",\"name\":\"Epinal Info\",\"url\":\"https:\/\/vosgesinfo.fr\/epinalinfo\/\",\"logo\":{\"@type\":\"ImageObject\",\"inLanguage\":\"fr-FR\",\"@id\":\"https:\/\/vosgesinfo.fr\/epinalinfo\/#\/schema\/logo\/image\/\",\"url\":\"https:\/\/vosgesinfo.fr\/app\/uploads\/sites\/3\/2023\/08\/logo-epinalinfos.svg\",\"contentUrl\":\"https:\/\/vosgesinfo.fr\/app\/uploads\/sites\/3\/2023\/08\/logo-epinalinfos.svg\",\"width\":1,\"height\":1,\"caption\":\"Epinal Info\"},\"image\":{\"@id\":\"https:\/\/vosgesinfo.fr\/epinalinfo\/#\/schema\/logo\/image\/\"},\"sameAs\":[\"https:\/\/www.facebook.com\/Epinalinfos\",\"https:\/\/x.com\/VosgesInfo88\",\"https:\/\/www.youtube.com\/@vosgesinfo\"]},{\"@type\":\"Person\",\"@id\":\"https:\/\/vosgesinfo.fr\/epinalinfo\/#\/schema\/person\/6f9a650eeea99d969b6c4ab78fccbe81\",\"name\":\"C.K.\",\"image\":{\"@type\":\"ImageObject\",\"inLanguage\":\"fr-FR\",\"@id\":\"https:\/\/vosgesinfo.fr\/epinalinfo\/#\/schema\/person\/image\/\",\"url\":\"https:\/\/secure.gravatar.com\/avatar\/48e3fc7f8421ba8942be6b74a2b7f014ca39bc00dece156b7a8e098ae7dc87bf?s=96&d=mm&r=g\",\"contentUrl\":\"https:\/\/secure.gravatar.com\/avatar\/48e3fc7f8421ba8942be6b74a2b7f014ca39bc00dece156b7a8e098ae7dc87bf?s=96&d=mm&r=g\",\"caption\":\"C.K.\"},\"url\":\"https:\/\/vosgesinfo.fr\/epinalinfo\/author\/celia-k-n\/\"}]}<\/script>\n<!-- \/ Yoast SEO plugin. -->","yoast_head_json":{"title":"Inauguration du Point d\u2019Accueil Num\u00e9rique \u00e0 la sous-pr\u00e9fecture de Neufch\u00e2teau - Epinal Info","robots":{"index":"index","follow":"follow","max-snippet":"max-snippet:-1","max-image-preview":"max-image-preview:large","max-video-preview":"max-video-preview:-1"},"canonical":"https:\/\/vosgesinfo.fr\/epinalinfo\/?p=137421","twitter_card":"summary_large_image","twitter_title":"Inauguration du Point d\u2019Accueil Num\u00e9rique \u00e0 la sous-pr\u00e9fecture de Neufch\u00e2teau - Epinal Info","twitter_description":"Le 13 novembre, Nicolas GAILLARD, sous-pr\u00e9fet de l\u2019arrondissement de Neufch\u00e2teau, a proc\u00e9d\u00e9 \u00e0 l\u2019inauguration officielle du Point d\u2019Accueil Num\u00e9rique (PAN) [&hellip;]","twitter_creator":"@VosgesInfo88","twitter_site":"@VosgesInfo88","twitter_misc":{"\u00c9crit par":"C.K.","Dur\u00e9e de lecture estim\u00e9e":"1 minute"},"schema":{"@context":"https:\/\/schema.org","@graph":[{"@type":"Article","@id":"https:\/\/vosgesinfo.fr\/epinalinfo\/?p=137421#article","isPartOf":{"@id":"https:\/\/vosgesinfo.fr\/epinalinfo\/?p=137421"},"author":{"name":"C.K.","@id":"https:\/\/vosgesinfo.fr\/epinalinfo\/#\/schema\/person\/6f9a650eeea99d969b6c4ab78fccbe81"},"headline":"Inauguration du Point d\u2019Accueil Num\u00e9rique \u00e0 la sous-pr\u00e9fecture de Neufch\u00e2teau","datePublished":"2025-11-18T08:15:53+00:00","dateModified":"2025-11-18T08:15:53+00:00","mainEntityOfPage":{"@id":"https:\/\/vosgesinfo.fr\/epinalinfo\/?p=137421"},"wordCount":271,"commentCount":0,"publisher":{"@id":"https:\/\/vosgesinfo.fr\/epinalinfo\/#organization"},"image":{"@id":"https:\/\/vosgesinfo.fr\/epinalinfo\/?p=137421#primaryimage"},"thumbnailUrl":"https:\/\/vosgesinfo.fr\/app\/uploads\/sites\/3\/2025\/11\/584007037-1148450564100681-3766533352174751746-n.jpg","articleSection":["A la Une","Epinal","La plaine des vosges"],"inLanguage":"fr-FR","potentialAction":[{"@type":"CommentAction","name":"Comment","target":["https:\/\/vosgesinfo.fr\/epinalinfo\/?p=137421#respond"]}]},{"@type":"WebPage","@id":"https:\/\/vosgesinfo.fr\/epinalinfo\/?p=137421","url":"https:\/\/vosgesinfo.fr\/epinalinfo\/?p=137421","name":"Inauguration du Point d\u2019Accueil Num\u00e9rique \u00e0 la sous-pr\u00e9fecture de Neufch\u00e2teau - Epinal Info","isPartOf":{"@id":"https:\/\/vosgesinfo.fr\/epinalinfo\/#website"},"primaryImageOfPage":{"@id":"https:\/\/vosgesinfo.fr\/epinalinfo\/?p=137421#primaryimage"},"image":{"@id":"https:\/\/vosgesinfo.fr\/epinalinfo\/?p=137421#primaryimage"},"thumbnailUrl":"https:\/\/vosgesinfo.fr\/app\/uploads\/sites\/3\/2025\/11\/584007037-1148450564100681-3766533352174751746-n.jpg","datePublished":"2025-11-18T08:15:53+00:00","dateModified":"2025-11-18T08:15:53+00:00","breadcrumb":{"@id":"https:\/\/vosgesinfo.fr\/epinalinfo\/?p=137421#breadcrumb"},"inLanguage":"fr-FR","potentialAction":[{"@type":"ReadAction","target":["https:\/\/vosgesinfo.fr\/epinalinfo\/?p=137421"]}]},{"@type":"ImageObject","inLanguage":"fr-FR","@id":"https:\/\/vosgesinfo.fr\/epinalinfo\/?p=137421#primaryimage","url":"https:\/\/vosgesinfo.fr\/app\/uploads\/sites\/3\/2025\/11\/584007037-1148450564100681-3766533352174751746-n.jpg","contentUrl":"https:\/\/vosgesinfo.fr\/app\/uploads\/sites\/3\/2025\/11\/584007037-1148450564100681-3766533352174751746-n.jpg","width":1918,"height":1080,"caption":"photo pr\u00e9fecture des Vosges"},{"@type":"BreadcrumbList","@id":"https:\/\/vosgesinfo.fr\/epinalinfo\/?p=137421#breadcrumb","itemListElement":[{"@type":"ListItem","position":1,"name":"Home","item":"https:\/\/vosgesinfo.fr\/epinalinfo\/"},{"@type":"ListItem","position":2,"name":"Inauguration du Point d\u2019Accueil Num\u00e9rique \u00e0 la sous-pr\u00e9fecture de Neufch\u00e2teau"}]},{"@type":"WebSite","@id":"https:\/\/vosgesinfo.fr\/epinalinfo\/#website","url":"https:\/\/vosgesinfo.fr\/epinalinfo\/","name":"Epinal Info","description":"Toute l&#039;actualit\u00e9 d&#039;\u00c9pinal","publisher":{"@id":"https:\/\/vosgesinfo.fr\/epinalinfo\/#organization"},"alternateName":"Toute l'actualit\u00e9 d'\u00c9pinal","potentialAction":[{"@type":"SearchAction","target":{"@type":"EntryPoint","urlTemplate":"https:\/\/vosgesinfo.fr\/epinalinfo\/?s={search_term_string}"},"query-input":"required name=search_term_string"}],"inLanguage":"fr-FR"},{"@type":"Organization","@id":"https:\/\/vosgesinfo.fr\/epinalinfo\/#organization","name":"Epinal Info","url":"https:\/\/vosgesinfo.fr\/epinalinfo\/","logo":{"@type":"ImageObject","inLanguage":"fr-FR","@id":"https:\/\/vosgesinfo.fr\/epinalinfo\/#\/schema\/logo\/image\/","url":"https:\/\/vosgesinfo.fr\/app\/uploads\/sites\/3\/2023\/08\/logo-epinalinfos.svg","contentUrl":"https:\/\/vosgesinfo.fr\/app\/uploads\/sites\/3\/2023\/08\/logo-epinalinfos.svg","width":1,"height":1,"caption":"Epinal Info"},"image":{"@id":"https:\/\/vosgesinfo.fr\/epinalinfo\/#\/schema\/logo\/image\/"},"sameAs":["https:\/\/www.facebook.com\/Epinalinfos","https:\/\/x.com\/VosgesInfo88","https:\/\/www.youtube.com\/@vosgesinfo"]},{"@type":"Person","@id":"https:\/\/vosgesinfo.fr\/epinalinfo\/#\/schema\/person\/6f9a650eeea99d969b6c4ab78fccbe81","name":"C.K.","image":{"@type":"ImageObject","inLanguage":"fr-FR","@id":"https:\/\/vosgesinfo.fr\/epinalinfo\/#\/schema\/person\/image\/","url":"https:\/\/secure.gravatar.com\/avatar\/48e3fc7f8421ba8942be6b74a2b7f014ca39bc00dece156b7a8e098ae7dc87bf?s=96&d=mm&r=g","contentUrl":"https:\/\/secure.gravatar.com\/avatar\/48e3fc7f8421ba8942be6b74a2b7f014ca39bc00dece156b7a8e098ae7dc87bf?s=96&d=mm&r=g","caption":"C.K."},"url":"https:\/\/vosgesinfo.fr\/epinalinfo\/author\/celia-k-n\/"}]}},"_links":{"self":[{"href":"https:\/\/vosgesinfo.fr\/epinalinfo\/wp-json\/wp\/v2\/posts\/137421","targetHints":{"allow":["GET"]}}],"collection":[{"href":"https:\/\/vosgesinfo.fr\/epinalinfo\/wp-json\/wp\/v2\/posts"}],"about":[{"href":"https:\/\/vosgesinfo.fr\/epinalinfo\/wp-json\/wp\/v2\/types\/post"}],"author":[{"embeddable":true,"href":"https:\/\/vosgesinfo.fr\/epinalinfo\/wp-json\/wp\/v2\/users\/52"}],"replies":[{"embeddable":true,"href":"https:\/\/vosgesinfo.fr\/epinalinfo\/wp-json\/wp\/v2\/comments?post=137421"}],"version-history":[{"count":1,"href":"https:\/\/vosgesinfo.fr\/epinalinfo\/wp-json\/wp\/v2\/posts\/137421\/revisions"}],"predecessor-version":[{"id":137423,"href":"https:\/\/vosgesinfo.fr\/epinalinfo\/wp-json\/wp\/v2\/posts\/137421\/revisions\/137423"}],"wp:featuredmedia":[{"embeddable":true,"href":"https:\/\/vosgesinfo.fr\/epinalinfo\/wp-json\/wp\/v2\/media\/137422"}],"wp:attachment":[{"href":"https:\/\/vosgesinfo.fr\/epinalinfo\/wp-json\/wp\/v2\/media?parent=137421"}],"wp:term":[{"taxonomy":"category","embeddable":true,"href":"https:\/\/vosgesinfo.fr\/epinalinfo\/wp-json\/wp\/v2\/categories?post=137421"},{"taxonomy":"post_tag","embeddable":true,"href":"https:\/\/vosgesinfo.fr\/epinalinfo\/wp-json\/wp\/v2\/tags?post=137421"}],"curies":[{"name":"wp","href":"https:\/\/api.w.org\/{rel}","templated":true}]}}