{"id":137424,"date":"2025-11-18T14:15:08","date_gmt":"2025-11-18T13:15:08","guid":{"rendered":"https:\/\/vosgesinfo.fr\/epinalinfo\/?p=137424"},"modified":"2025-11-18T14:15:08","modified_gmt":"2025-11-18T13:15:08","slug":"top-depart-pour-la-3%e1%b5%89-edition-du-salon-innovaction-a-epinal","status":"publish","type":"post","link":"https:\/\/vosgesinfo.fr\/epinalinfo\/2025\/11\/top-depart-pour-la-3%e1%b5%89-edition-du-salon-innovaction-a-epinal\/","title":{"rendered":"Top d\u00e9part pour la 3\u1d49 \u00e9dition du Salon Innov\u2019Action \u00e0 \u00c9pinal !"},"content":{"rendered":"<p><a href=\"https:\/\/vosgesinfo.fr\/app\/uploads\/sites\/3\/2025\/11\/img-20251118-120137.jpg\"><img decoding=\"async\" class=\"aligncenter size-full wp-image-137426\" src=\"https:\/\/vosgesinfo.fr\/app\/uploads\/sites\/3\/2025\/11\/img-20251118-120137.jpg\" alt=\"\" width=\"1440\" height=\"1080\" srcset=\"https:\/\/vosgesinfo.fr\/app\/uploads\/sites\/3\/2025\/11\/img-20251118-120137.jpg 1440w, https:\/\/vosgesinfo.fr\/app\/uploads\/sites\/3\/2025\/11\/img-20251118-120137-300x225.jpg 300w, https:\/\/vosgesinfo.fr\/app\/uploads\/sites\/3\/2025\/11\/img-20251118-120137-1024x768.jpg 1024w, https:\/\/vosgesinfo.fr\/app\/uploads\/sites\/3\/2025\/11\/img-20251118-120137-768x576.jpg 768w\" sizes=\"(max-width: 1440px) 100vw, 1440px\" \/><\/a><\/p>\n<p data-start=\"129\" data-end=\"658\">Port\u00e9 par la dynamique collective d\u2019entrepreneurs vosgiens d\u00e9sireux de mettre en synergie leurs savoir-faire pour encourager l\u2019innovation sur leur territoire, Vosj\u2019Innove renouvelle son engagement en organisant, ce mardi 18 novembre, la troisi\u00e8me \u00e9dition du Salon Innov\u2019Action au Centre des Congr\u00e8s d\u2019\u00c9pinal. Cet \u00e9v\u00e9nement, gratuit et ouvert au plus grand nombre \u2014 chefs d\u2019entreprises, \u00e9tudiants, \u00e9lus ou simples curieux \u2014 propose une immersion au c\u0153ur d\u2019un territoire o\u00f9 tradition industrielle et vision d\u2019avenir se rencontrent<strong>.\u00a0<\/strong><\/p>\n<p data-start=\"660\" data-end=\"963\">Cette ann\u00e9e, le salon b\u00e9n\u00e9ficie d\u2019un parrainage d\u2019exception avec la pr\u00e9sence de <strong data-start=\"742\" data-end=\"762\">Claudie Haigner\u00e9<\/strong>, premi\u00e8re Fran\u00e7aise \u00e0 avoir voyag\u00e9 dans l\u2019espace. Elle interviendra lors de la conf\u00e9rence de cl\u00f4ture, offrant une perspective inspirante m\u00ealant conqu\u00eate spatiale, prospective et transformation locale.<\/p>\n<p data-start=\"965\" data-end=\"1200\">Organis\u00e9 en partenariat avec <em data-start=\"994\" data-end=\"1000\">Unys<\/em>, alliance unique rassemblant acteurs de la recherche et de l\u2019innovation en Lorraine, et soutenu par la Communaut\u00e9 d\u2019Agglom\u00e9ration d\u2019\u00c9pinal, <strong data-start=\"1141\" data-end=\"1162\">Innov\u2019Action 2025<\/strong> repose sur trois ambitions majeures :<\/p>\n<ul data-start=\"1202\" data-end=\"1518\">\n<li data-start=\"1202\" data-end=\"1281\">\n<p data-start=\"1204\" data-end=\"1281\"><strong data-start=\"1204\" data-end=\"1240\">Accompagner les porteurs d\u2019id\u00e9es<\/strong> pour les transformer en projets viables.<\/p>\n<\/li>\n<li data-start=\"1282\" data-end=\"1393\">\n<p data-start=\"1284\" data-end=\"1393\"><strong data-start=\"1284\" data-end=\"1311\">Valoriser le territoire<\/strong>, son patrimoine industriel, son excellence, mais aussi sa transition \u00e9nerg\u00e9tique.<\/p>\n<\/li>\n<li data-start=\"1394\" data-end=\"1518\">\n<p data-start=\"1396\" data-end=\"1518\"><strong data-start=\"1396\" data-end=\"1446\">Mettre en lumi\u00e8re des entr<\/strong><\/p>\n<\/li>\n<li data-start=\"1394\" data-end=\"1518\"><\/li>\n<\/ul>\n<h3 data-start=\"1520\" data-end=\"1555\">Un programme riche et inspirant<\/h3>\n<p data-start=\"1557\" data-end=\"1583\">Au menu de cette journ\u00e9e :<\/p>\n<ul data-start=\"1585\" data-end=\"2087\">\n<li data-start=\"1585\" data-end=\"1764\">\n<p data-start=\"1587\" data-end=\"1764\"><strong data-start=\"1587\" data-end=\"1610\">Trois tables rondes<\/strong> autour de th\u00e8mes strat\u00e9giques :<br data-start=\"1642\" data-end=\"1645\" \/><em data-start=\"1647\" data-end=\"1699\">\u00c9cologie industrielle territoriale et attractivit\u00e9<\/em>, <em data-start=\"1701\" data-end=\"1741\">\u00e9nergie et autoconsommation collective<\/em>, <em data-start=\"1743\" data-end=\"1763\">foncier \u00e9conomique<\/em>.<\/p>\n<\/li>\n<li data-start=\"1765\" data-end=\"1869\">\n<p data-start=\"1767\" data-end=\"1869\"><strong data-start=\"1767\" data-end=\"1798\">Un prix d\u00e9di\u00e9 aux \u00e9tudiants<\/strong>, r\u00e9compensant leurs travaux sur un cas d\u2019\u00e9tude li\u00e9 au textile vosgien.<\/p>\n<\/li>\n<li data-start=\"1870\" data-end=\"1989\">\n<p data-start=\"1872\" data-end=\"1989\"><strong data-start=\"1872\" data-end=\"1889\">SpinaLab 2025<\/strong>, un espace scientifique favorisant les \u00e9changes entre chercheurs, d\u00e9cideurs et acteurs \u00e9conomiques.<\/p>\n<\/li>\n<li data-start=\"1990\" data-end=\"2087\">\n<p data-start=\"1992\" data-end=\"2087\"><strong data-start=\"1992\" data-end=\"2034\">La remise des Troph\u00e9es de l\u2019Innovation<\/strong>, r\u00e9compensant les initiatives les plus prometteuses.<\/p>\n<\/li>\n<\/ul>\n<p data-start=\"2089\" data-end=\"2352\">Avec <strong data-start=\"2094\" data-end=\"2110\">75 exposants<\/strong>, <strong data-start=\"2112\" data-end=\"2140\">1 000 visiteurs attendus<\/strong> et des stands gratuits r\u00e9serv\u00e9s aux structures locales, <strong data-start=\"2197\" data-end=\"2218\">Innov\u2019Action 2025<\/strong> confirme son statut d\u2019\u00e9v\u00e9nement incontournable en mati\u00e8re d\u2019innovation, de synergies entrepreneuriales et de cr\u00e9ativit\u00e9 territoriale.<\/p>\n<p data-start=\"2354\" data-end=\"2510\">Pour Vosj\u2019Innove, le message est clair : <strong data-start=\"2395\" data-end=\"2430\">l\u2019innovation est un bien commun<\/strong>, n\u00e9e de la collaboration, de l\u2019identit\u00e9 locale et de la volont\u00e9 d\u2019entreprendre.<\/p>\n<h3 data-start=\"2517\" data-end=\"2546\">\ud83d\udccd Informations pratiques<\/h3>\n<p data-start=\"2548\" data-end=\"2639\"><strong data-start=\"2548\" data-end=\"2575\">Inscription obligatoire<\/strong> : <a class=\"decorated-link\" href=\"https:\/\/my.weezevent.com\/salon-innovaction-18-novembre-2025\" target=\"_new\" rel=\"noopener\" data-start=\"2578\" data-end=\"2637\">https:\/\/my.weezevent.com\/salon-innovaction-18-novembre-2025<\/a><\/p>\n\n\t\t<style type=\"text\/css\">\n\t\t\t#gallery-1 {\n\t\t\t\tmargin: auto;\n\t\t\t}\n\t\t\t#gallery-1 .gallery-item {\n\t\t\t\tfloat: left;\n\t\t\t\tmargin-top: 10px;\n\t\t\t\ttext-align: center;\n\t\t\t\twidth: 33%;\n\t\t\t}\n\t\t\t#gallery-1 img {\n\t\t\t\tborder: 2px solid #cfcfcf;\n\t\t\t}\n\t\t\t#gallery-1 .gallery-caption {\n\t\t\t\tmargin-left: 0;\n\t\t\t}\n\t\t\t\/* see gallery_shortcode() in wp-includes\/media.php *\/\n\t\t<\/style>\n\t\t<div id='gallery-1' class='gallery galleryid-137424 gallery-columns-3 gallery-size-large'><dl class='gallery-item'>\n\t\t\t<dt class='gallery-icon landscape'>\n\t\t\t\t<a href='https:\/\/vosgesinfo.fr\/app\/uploads\/sites\/3\/2025\/11\/img-20251118-115848-copie-copie.jpg'><img decoding=\"async\" width=\"1024\" height=\"768\" src=\"https:\/\/vosgesinfo.fr\/app\/uploads\/sites\/3\/2025\/11\/img-20251118-115848-copie-copie-1024x768.jpg\" class=\"attachment-large size-large\" alt=\"\" srcset=\"https:\/\/vosgesinfo.fr\/app\/uploads\/sites\/3\/2025\/11\/img-20251118-115848-copie-copie-1024x768.jpg 1024w, https:\/\/vosgesinfo.fr\/app\/uploads\/sites\/3\/2025\/11\/img-20251118-115848-copie-copie-300x225.jpg 300w, https:\/\/vosgesinfo.fr\/app\/uploads\/sites\/3\/2025\/11\/img-20251118-115848-copie-copie-768x576.jpg 768w, https:\/\/vosgesinfo.fr\/app\/uploads\/sites\/3\/2025\/11\/img-20251118-115848-copie-copie.jpg 1440w\" sizes=\"(max-width: 1024px) 100vw, 1024px\" \/><\/a>\n\t\t\t<\/dt><\/dl><dl class='gallery-item'>\n\t\t\t<dt class='gallery-icon landscape'>\n\t\t\t\t<a href='https:\/\/vosgesinfo.fr\/app\/uploads\/sites\/3\/2025\/11\/img-20251118-115910-copie-copie.jpg'><img decoding=\"async\" width=\"1024\" height=\"768\" src=\"https:\/\/vosgesinfo.fr\/app\/uploads\/sites\/3\/2025\/11\/img-20251118-115910-copie-copie-1024x768.jpg\" class=\"attachment-large size-large\" alt=\"\" srcset=\"https:\/\/vosgesinfo.fr\/app\/uploads\/sites\/3\/2025\/11\/img-20251118-115910-copie-copie-1024x768.jpg 1024w, https:\/\/vosgesinfo.fr\/app\/uploads\/sites\/3\/2025\/11\/img-20251118-115910-copie-copie-300x225.jpg 300w, https:\/\/vosgesinfo.fr\/app\/uploads\/sites\/3\/2025\/11\/img-20251118-115910-copie-copie-768x576.jpg 768w, https:\/\/vosgesinfo.fr\/app\/uploads\/sites\/3\/2025\/11\/img-20251118-115910-copie-copie.jpg 1440w\" sizes=\"(max-width: 1024px) 100vw, 1024px\" \/><\/a>\n\t\t\t<\/dt><\/dl><dl class='gallery-item'>\n\t\t\t<dt class='gallery-icon landscape'>\n\t\t\t\t<a href='https:\/\/vosgesinfo.fr\/app\/uploads\/sites\/3\/2025\/11\/img-20251118-115919-copie-copie.jpg'><img decoding=\"async\" width=\"1024\" height=\"768\" src=\"https:\/\/vosgesinfo.fr\/app\/uploads\/sites\/3\/2025\/11\/img-20251118-115919-copie-copie-1024x768.jpg\" class=\"attachment-large size-large\" alt=\"\" srcset=\"https:\/\/vosgesinfo.fr\/app\/uploads\/sites\/3\/2025\/11\/img-20251118-115919-copie-copie-1024x768.jpg 1024w, https:\/\/vosgesinfo.fr\/app\/uploads\/sites\/3\/2025\/11\/img-20251118-115919-copie-copie-300x225.jpg 300w, https:\/\/vosgesinfo.fr\/app\/uploads\/sites\/3\/2025\/11\/img-20251118-115919-copie-copie-768x576.jpg 768w, https:\/\/vosgesinfo.fr\/app\/uploads\/sites\/3\/2025\/11\/img-20251118-115919-copie-copie.jpg 1440w\" sizes=\"(max-width: 1024px) 100vw, 1024px\" \/><\/a>\n\t\t\t<\/dt><\/dl><br style=\"clear: both\" \/><dl class='gallery-item'>\n\t\t\t<dt class='gallery-icon landscape'>\n\t\t\t\t<a href='https:\/\/vosgesinfo.fr\/app\/uploads\/sites\/3\/2025\/11\/img-20251118-115919.jpg'><img decoding=\"async\" width=\"1024\" height=\"768\" src=\"https:\/\/vosgesinfo.fr\/app\/uploads\/sites\/3\/2025\/11\/img-20251118-115919-1024x768.jpg\" class=\"attachment-large size-large\" alt=\"\" srcset=\"https:\/\/vosgesinfo.fr\/app\/uploads\/sites\/3\/2025\/11\/img-20251118-115919-1024x768.jpg 1024w, https:\/\/vosgesinfo.fr\/app\/uploads\/sites\/3\/2025\/11\/img-20251118-115919-300x225.jpg 300w, https:\/\/vosgesinfo.fr\/app\/uploads\/sites\/3\/2025\/11\/img-20251118-115919-768x576.jpg 768w, https:\/\/vosgesinfo.fr\/app\/uploads\/sites\/3\/2025\/11\/img-20251118-115919.jpg 1440w\" sizes=\"(max-width: 1024px) 100vw, 1024px\" \/><\/a>\n\t\t\t<\/dt><\/dl><dl class='gallery-item'>\n\t\t\t<dt class='gallery-icon landscape'>\n\t\t\t\t<a href='https:\/\/vosgesinfo.fr\/app\/uploads\/sites\/3\/2025\/11\/img-20251118-115919-1-copie-copie.jpg'><img decoding=\"async\" width=\"1024\" height=\"768\" src=\"https:\/\/vosgesinfo.fr\/app\/uploads\/sites\/3\/2025\/11\/img-20251118-115919-1-copie-copie-1024x768.jpg\" class=\"attachment-large size-large\" alt=\"\" srcset=\"https:\/\/vosgesinfo.fr\/app\/uploads\/sites\/3\/2025\/11\/img-20251118-115919-1-copie-copie-1024x768.jpg 1024w, https:\/\/vosgesinfo.fr\/app\/uploads\/sites\/3\/2025\/11\/img-20251118-115919-1-copie-copie-300x225.jpg 300w, https:\/\/vosgesinfo.fr\/app\/uploads\/sites\/3\/2025\/11\/img-20251118-115919-1-copie-copie-768x576.jpg 768w, https:\/\/vosgesinfo.fr\/app\/uploads\/sites\/3\/2025\/11\/img-20251118-115919-1-copie-copie.jpg 1440w\" sizes=\"(max-width: 1024px) 100vw, 1024px\" \/><\/a>\n\t\t\t<\/dt><\/dl><dl class='gallery-item'>\n\t\t\t<dt class='gallery-icon landscape'>\n\t\t\t\t<a href='https:\/\/vosgesinfo.fr\/app\/uploads\/sites\/3\/2025\/11\/img-20251118-120121-copie.jpg'><img decoding=\"async\" width=\"1024\" height=\"768\" src=\"https:\/\/vosgesinfo.fr\/app\/uploads\/sites\/3\/2025\/11\/img-20251118-120121-copie-1024x768.jpg\" class=\"attachment-large size-large\" alt=\"\" srcset=\"https:\/\/vosgesinfo.fr\/app\/uploads\/sites\/3\/2025\/11\/img-20251118-120121-copie-1024x768.jpg 1024w, https:\/\/vosgesinfo.fr\/app\/uploads\/sites\/3\/2025\/11\/img-20251118-120121-copie-300x225.jpg 300w, https:\/\/vosgesinfo.fr\/app\/uploads\/sites\/3\/2025\/11\/img-20251118-120121-copie-768x576.jpg 768w, https:\/\/vosgesinfo.fr\/app\/uploads\/sites\/3\/2025\/11\/img-20251118-120121-copie.jpg 1440w\" sizes=\"(max-width: 1024px) 100vw, 1024px\" \/><\/a>\n\t\t\t<\/dt><\/dl><br style=\"clear: both\" \/><dl class='gallery-item'>\n\t\t\t<dt class='gallery-icon landscape'>\n\t\t\t\t<a href='https:\/\/vosgesinfo.fr\/app\/uploads\/sites\/3\/2025\/11\/img-20251118-120131-copie.jpg'><img decoding=\"async\" width=\"1024\" height=\"768\" src=\"https:\/\/vosgesinfo.fr\/app\/uploads\/sites\/3\/2025\/11\/img-20251118-120131-copie-1024x768.jpg\" class=\"attachment-large size-large\" alt=\"\" srcset=\"https:\/\/vosgesinfo.fr\/app\/uploads\/sites\/3\/2025\/11\/img-20251118-120131-copie-1024x768.jpg 1024w, https:\/\/vosgesinfo.fr\/app\/uploads\/sites\/3\/2025\/11\/img-20251118-120131-copie-300x225.jpg 300w, https:\/\/vosgesinfo.fr\/app\/uploads\/sites\/3\/2025\/11\/img-20251118-120131-copie-768x576.jpg 768w, https:\/\/vosgesinfo.fr\/app\/uploads\/sites\/3\/2025\/11\/img-20251118-120131-copie.jpg 1440w\" sizes=\"(max-width: 1024px) 100vw, 1024px\" \/><\/a>\n\t\t\t<\/dt><\/dl><dl class='gallery-item'>\n\t\t\t<dt class='gallery-icon landscape'>\n\t\t\t\t<a href='https:\/\/vosgesinfo.fr\/app\/uploads\/sites\/3\/2025\/11\/img-20251118-120137-copie.jpg'><img decoding=\"async\" width=\"1024\" height=\"768\" src=\"https:\/\/vosgesinfo.fr\/app\/uploads\/sites\/3\/2025\/11\/img-20251118-120137-copie-1024x768.jpg\" class=\"attachment-large size-large\" alt=\"\" srcset=\"https:\/\/vosgesinfo.fr\/app\/uploads\/sites\/3\/2025\/11\/img-20251118-120137-copie-1024x768.jpg 1024w, https:\/\/vosgesinfo.fr\/app\/uploads\/sites\/3\/2025\/11\/img-20251118-120137-copie-300x225.jpg 300w, https:\/\/vosgesinfo.fr\/app\/uploads\/sites\/3\/2025\/11\/img-20251118-120137-copie-768x576.jpg 768w, https:\/\/vosgesinfo.fr\/app\/uploads\/sites\/3\/2025\/11\/img-20251118-120137-copie.jpg 1440w\" sizes=\"(max-width: 1024px) 100vw, 1024px\" \/><\/a>\n\t\t\t<\/dt><\/dl><dl class='gallery-item'>\n\t\t\t<dt class='gallery-icon landscape'>\n\t\t\t\t<a href='https:\/\/vosgesinfo.fr\/app\/uploads\/sites\/3\/2025\/11\/img-20251118-120150-copie.jpg'><img decoding=\"async\" width=\"1024\" height=\"768\" src=\"https:\/\/vosgesinfo.fr\/app\/uploads\/sites\/3\/2025\/11\/img-20251118-120150-copie-1024x768.jpg\" class=\"attachment-large size-large\" alt=\"\" srcset=\"https:\/\/vosgesinfo.fr\/app\/uploads\/sites\/3\/2025\/11\/img-20251118-120150-copie-1024x768.jpg 1024w, https:\/\/vosgesinfo.fr\/app\/uploads\/sites\/3\/2025\/11\/img-20251118-120150-copie-300x225.jpg 300w, https:\/\/vosgesinfo.fr\/app\/uploads\/sites\/3\/2025\/11\/img-20251118-120150-copie-768x576.jpg 768w, https:\/\/vosgesinfo.fr\/app\/uploads\/sites\/3\/2025\/11\/img-20251118-120150-copie.jpg 1440w\" sizes=\"(max-width: 1024px) 100vw, 1024px\" \/><\/a>\n\t\t\t<\/dt><\/dl><br style=\"clear: both\" \/><dl class='gallery-item'>\n\t\t\t<dt class='gallery-icon portrait'>\n\t\t\t\t<a href='https:\/\/vosgesinfo.fr\/app\/uploads\/sites\/3\/2025\/11\/img-20251118-120205-copie.jpg'><img decoding=\"async\" width=\"768\" height=\"1024\" src=\"https:\/\/vosgesinfo.fr\/app\/uploads\/sites\/3\/2025\/11\/img-20251118-120205-copie-768x1024.jpg\" class=\"attachment-large size-large\" alt=\"\" srcset=\"https:\/\/vosgesinfo.fr\/app\/uploads\/sites\/3\/2025\/11\/img-20251118-120205-copie-768x1024.jpg 768w, https:\/\/vosgesinfo.fr\/app\/uploads\/sites\/3\/2025\/11\/img-20251118-120205-copie-225x300.jpg 225w, https:\/\/vosgesinfo.fr\/app\/uploads\/sites\/3\/2025\/11\/img-20251118-120205-copie.jpg 810w\" sizes=\"(max-width: 768px) 100vw, 768px\" \/><\/a>\n\t\t\t<\/dt><\/dl><dl class='gallery-item'>\n\t\t\t<dt class='gallery-icon landscape'>\n\t\t\t\t<a href='https:\/\/vosgesinfo.fr\/app\/uploads\/sites\/3\/2025\/11\/salon-gourmandise-epinal-copie.jpg'><img decoding=\"async\" width=\"1024\" height=\"768\" src=\"https:\/\/vosgesinfo.fr\/app\/uploads\/sites\/3\/2025\/11\/salon-gourmandise-epinal-copie-1024x768.jpg\" class=\"attachment-large size-large\" alt=\"\" srcset=\"https:\/\/vosgesinfo.fr\/app\/uploads\/sites\/3\/2025\/11\/salon-gourmandise-epinal-copie-1024x768.jpg 1024w, https:\/\/vosgesinfo.fr\/app\/uploads\/sites\/3\/2025\/11\/salon-gourmandise-epinal-copie-300x225.jpg 300w, https:\/\/vosgesinfo.fr\/app\/uploads\/sites\/3\/2025\/11\/salon-gourmandise-epinal-copie-768x576.jpg 768w, https:\/\/vosgesinfo.fr\/app\/uploads\/sites\/3\/2025\/11\/salon-gourmandise-epinal-copie.jpg 1440w\" sizes=\"(max-width: 1024px) 100vw, 1024px\" \/><\/a>\n\t\t\t<\/dt><\/dl><dl class='gallery-item'>\n\t\t\t<dt class='gallery-icon landscape'>\n\t\t\t\t<a href='https:\/\/vosgesinfo.fr\/app\/uploads\/sites\/3\/2025\/11\/vosginnov-copie.jpg'><img decoding=\"async\" width=\"1024\" height=\"768\" src=\"https:\/\/vosgesinfo.fr\/app\/uploads\/sites\/3\/2025\/11\/vosginnov-copie-1024x768.jpg\" class=\"attachment-large size-large\" alt=\"\" srcset=\"https:\/\/vosgesinfo.fr\/app\/uploads\/sites\/3\/2025\/11\/vosginnov-copie-1024x768.jpg 1024w, https:\/\/vosgesinfo.fr\/app\/uploads\/sites\/3\/2025\/11\/vosginnov-copie-300x225.jpg 300w, https:\/\/vosgesinfo.fr\/app\/uploads\/sites\/3\/2025\/11\/vosginnov-copie-768x576.jpg 768w, https:\/\/vosgesinfo.fr\/app\/uploads\/sites\/3\/2025\/11\/vosginnov-copie.jpg 1440w\" sizes=\"(max-width: 1024px) 100vw, 1024px\" \/><\/a>\n\t\t\t<\/dt><\/dl><br style=\"clear: both\" \/>\n\t\t<\/div>\n\n","protected":false},"excerpt":{"rendered":"<p>Port\u00e9 par la dynamique collective d\u2019entrepreneurs vosgiens d\u00e9sireux de mettre en synergie leurs savoir-faire pour encourager l\u2019innovation sur leur territoire, [&hellip;]<\/p>\n","protected":false},"author":52,"featured_media":137426,"comment_status":"open","ping_status":"open","sticky":false,"template":"","format":"standard","meta":{"footnotes":""},"categories":[22,24],"tags":[],"class_list":["post-137424","post","type-post","status-publish","format-standard","has-post-thumbnail","hentry","category-a-la-une","category-epinal"],"acf":[],"yoast_head":"<!-- This site is optimized with the Yoast SEO plugin v22.5 - https:\/\/yoast.com\/wordpress\/plugins\/seo\/ -->\n<title>Top d\u00e9part pour la 3\u1d49 \u00e9dition du Salon Innov\u2019Action \u00e0 \u00c9pinal ! - Epinal Info<\/title>\n<meta name=\"robots\" content=\"index, follow, max-snippet:-1, max-image-preview:large, max-video-preview:-1\" \/>\n<link rel=\"canonical\" href=\"https:\/\/vosgesinfo.fr\/epinalinfo\/?p=137424\" \/>\n<meta name=\"twitter:card\" content=\"summary_large_image\" \/>\n<meta name=\"twitter:title\" content=\"Top d\u00e9part pour la 3\u1d49 \u00e9dition du Salon Innov\u2019Action \u00e0 \u00c9pinal ! - Epinal Info\" \/>\n<meta name=\"twitter:description\" content=\"Port\u00e9 par la dynamique collective d\u2019entrepreneurs vosgiens d\u00e9sireux de mettre en synergie leurs savoir-faire pour encourager l\u2019innovation sur leur territoire, [&hellip;]\" \/>\n<meta name=\"twitter:image\" content=\"https:\/\/vosgesinfo.fr\/app\/uploads\/sites\/3\/2025\/11\/img-20251118-115848-copie-copie-1024x768.jpg\" \/>\n<meta name=\"twitter:creator\" content=\"@VosgesInfo88\" \/>\n<meta name=\"twitter:site\" content=\"@VosgesInfo88\" \/>\n<meta name=\"twitter:label1\" content=\"\u00c9crit par\" \/>\n\t<meta name=\"twitter:data1\" content=\"C.K.\" \/>\n\t<meta name=\"twitter:label2\" content=\"Dur\u00e9e de lecture estim\u00e9e\" \/>\n\t<meta name=\"twitter:data2\" content=\"2 minutes\" \/>\n<script type=\"application\/ld+json\" class=\"yoast-schema-graph\">{\"@context\":\"https:\/\/schema.org\",\"@graph\":[{\"@type\":\"Article\",\"@id\":\"https:\/\/vosgesinfo.fr\/epinalinfo\/?p=137424#article\",\"isPartOf\":{\"@id\":\"https:\/\/vosgesinfo.fr\/epinalinfo\/?p=137424\"},\"author\":{\"name\":\"C.K.\",\"@id\":\"https:\/\/vosgesinfo.fr\/epinalinfo\/#\/schema\/person\/6f9a650eeea99d969b6c4ab78fccbe81\"},\"headline\":\"Top d\u00e9part pour la 3\u1d49 \u00e9dition du Salon Innov\u2019Action \u00e0 \u00c9pinal !\",\"datePublished\":\"2025-11-18T13:15:08+00:00\",\"dateModified\":\"2025-11-18T13:15:08+00:00\",\"mainEntityOfPage\":{\"@id\":\"https:\/\/vosgesinfo.fr\/epinalinfo\/?p=137424\"},\"wordCount\":373,\"commentCount\":0,\"publisher\":{\"@id\":\"https:\/\/vosgesinfo.fr\/epinalinfo\/#organization\"},\"image\":{\"@id\":\"https:\/\/vosgesinfo.fr\/epinalinfo\/?p=137424#primaryimage\"},\"thumbnailUrl\":\"https:\/\/vosgesinfo.fr\/app\/uploads\/sites\/3\/2025\/11\/img-20251118-120137.jpg\",\"articleSection\":[\"A la Une\",\"Epinal\"],\"inLanguage\":\"fr-FR\",\"potentialAction\":[{\"@type\":\"CommentAction\",\"name\":\"Comment\",\"target\":[\"https:\/\/vosgesinfo.fr\/epinalinfo\/?p=137424#respond\"]}]},{\"@type\":\"WebPage\",\"@id\":\"https:\/\/vosgesinfo.fr\/epinalinfo\/?p=137424\",\"url\":\"https:\/\/vosgesinfo.fr\/epinalinfo\/?p=137424\",\"name\":\"Top d\u00e9part pour la 3\u1d49 \u00e9dition du Salon Innov\u2019Action \u00e0 \u00c9pinal ! - Epinal Info\",\"isPartOf\":{\"@id\":\"https:\/\/vosgesinfo.fr\/epinalinfo\/#website\"},\"primaryImageOfPage\":{\"@id\":\"https:\/\/vosgesinfo.fr\/epinalinfo\/?p=137424#primaryimage\"},\"image\":{\"@id\":\"https:\/\/vosgesinfo.fr\/epinalinfo\/?p=137424#primaryimage\"},\"thumbnailUrl\":\"https:\/\/vosgesinfo.fr\/app\/uploads\/sites\/3\/2025\/11\/img-20251118-120137.jpg\",\"datePublished\":\"2025-11-18T13:15:08+00:00\",\"dateModified\":\"2025-11-18T13:15:08+00:00\",\"breadcrumb\":{\"@id\":\"https:\/\/vosgesinfo.fr\/epinalinfo\/?p=137424#breadcrumb\"},\"inLanguage\":\"fr-FR\",\"potentialAction\":[{\"@type\":\"ReadAction\",\"target\":[\"https:\/\/vosgesinfo.fr\/epinalinfo\/?p=137424\"]}]},{\"@type\":\"ImageObject\",\"inLanguage\":\"fr-FR\",\"@id\":\"https:\/\/vosgesinfo.fr\/epinalinfo\/?p=137424#primaryimage\",\"url\":\"https:\/\/vosgesinfo.fr\/app\/uploads\/sites\/3\/2025\/11\/img-20251118-120137.jpg\",\"contentUrl\":\"https:\/\/vosgesinfo.fr\/app\/uploads\/sites\/3\/2025\/11\/img-20251118-120137.jpg\",\"width\":1440,\"height\":1080},{\"@type\":\"BreadcrumbList\",\"@id\":\"https:\/\/vosgesinfo.fr\/epinalinfo\/?p=137424#breadcrumb\",\"itemListElement\":[{\"@type\":\"ListItem\",\"position\":1,\"name\":\"Home\",\"item\":\"https:\/\/vosgesinfo.fr\/epinalinfo\/\"},{\"@type\":\"ListItem\",\"position\":2,\"name\":\"Top d\u00e9part pour la 3\u1d49 \u00e9dition du Salon Innov\u2019Action \u00e0 \u00c9pinal !\"}]},{\"@type\":\"WebSite\",\"@id\":\"https:\/\/vosgesinfo.fr\/epinalinfo\/#website\",\"url\":\"https:\/\/vosgesinfo.fr\/epinalinfo\/\",\"name\":\"Epinal Info\",\"description\":\"Toute l&#039;actualit\u00e9 d&#039;\u00c9pinal\",\"publisher\":{\"@id\":\"https:\/\/vosgesinfo.fr\/epinalinfo\/#organization\"},\"alternateName\":\"Toute l'actualit\u00e9 d'\u00c9pinal\",\"potentialAction\":[{\"@type\":\"SearchAction\",\"target\":{\"@type\":\"EntryPoint\",\"urlTemplate\":\"https:\/\/vosgesinfo.fr\/epinalinfo\/?s={search_term_string}\"},\"query-input\":\"required name=search_term_string\"}],\"inLanguage\":\"fr-FR\"},{\"@type\":\"Organization\",\"@id\":\"https:\/\/vosgesinfo.fr\/epinalinfo\/#organization\",\"name\":\"Epinal Info\",\"url\":\"https:\/\/vosgesinfo.fr\/epinalinfo\/\",\"logo\":{\"@type\":\"ImageObject\",\"inLanguage\":\"fr-FR\",\"@id\":\"https:\/\/vosgesinfo.fr\/epinalinfo\/#\/schema\/logo\/image\/\",\"url\":\"https:\/\/vosgesinfo.fr\/app\/uploads\/sites\/3\/2023\/08\/logo-epinalinfos.svg\",\"contentUrl\":\"https:\/\/vosgesinfo.fr\/app\/uploads\/sites\/3\/2023\/08\/logo-epinalinfos.svg\",\"width\":1,\"height\":1,\"caption\":\"Epinal Info\"},\"image\":{\"@id\":\"https:\/\/vosgesinfo.fr\/epinalinfo\/#\/schema\/logo\/image\/\"},\"sameAs\":[\"https:\/\/www.facebook.com\/Epinalinfos\",\"https:\/\/x.com\/VosgesInfo88\",\"https:\/\/www.youtube.com\/@vosgesinfo\"]},{\"@type\":\"Person\",\"@id\":\"https:\/\/vosgesinfo.fr\/epinalinfo\/#\/schema\/person\/6f9a650eeea99d969b6c4ab78fccbe81\",\"name\":\"C.K.\",\"image\":{\"@type\":\"ImageObject\",\"inLanguage\":\"fr-FR\",\"@id\":\"https:\/\/vosgesinfo.fr\/epinalinfo\/#\/schema\/person\/image\/\",\"url\":\"https:\/\/secure.gravatar.com\/avatar\/48e3fc7f8421ba8942be6b74a2b7f014ca39bc00dece156b7a8e098ae7dc87bf?s=96&d=mm&r=g\",\"contentUrl\":\"https:\/\/secure.gravatar.com\/avatar\/48e3fc7f8421ba8942be6b74a2b7f014ca39bc00dece156b7a8e098ae7dc87bf?s=96&d=mm&r=g\",\"caption\":\"C.K.\"},\"url\":\"https:\/\/vosgesinfo.fr\/epinalinfo\/author\/celia-k-n\/\"}]}<\/script>\n<!-- \/ Yoast SEO plugin. -->","yoast_head_json":{"title":"Top d\u00e9part pour la 3\u1d49 \u00e9dition du Salon Innov\u2019Action \u00e0 \u00c9pinal ! - Epinal Info","robots":{"index":"index","follow":"follow","max-snippet":"max-snippet:-1","max-image-preview":"max-image-preview:large","max-video-preview":"max-video-preview:-1"},"canonical":"https:\/\/vosgesinfo.fr\/epinalinfo\/?p=137424","twitter_card":"summary_large_image","twitter_title":"Top d\u00e9part pour la 3\u1d49 \u00e9dition du Salon Innov\u2019Action \u00e0 \u00c9pinal ! - Epinal Info","twitter_description":"Port\u00e9 par la dynamique collective d\u2019entrepreneurs vosgiens d\u00e9sireux de mettre en synergie leurs savoir-faire pour encourager l\u2019innovation sur leur territoire, [&hellip;]","twitter_image":"https:\/\/vosgesinfo.fr\/app\/uploads\/sites\/3\/2025\/11\/img-20251118-115848-copie-copie-1024x768.jpg","twitter_creator":"@VosgesInfo88","twitter_site":"@VosgesInfo88","twitter_misc":{"\u00c9crit par":"C.K.","Dur\u00e9e de lecture estim\u00e9e":"2 minutes"},"schema":{"@context":"https:\/\/schema.org","@graph":[{"@type":"Article","@id":"https:\/\/vosgesinfo.fr\/epinalinfo\/?p=137424#article","isPartOf":{"@id":"https:\/\/vosgesinfo.fr\/epinalinfo\/?p=137424"},"author":{"name":"C.K.","@id":"https:\/\/vosgesinfo.fr\/epinalinfo\/#\/schema\/person\/6f9a650eeea99d969b6c4ab78fccbe81"},"headline":"Top d\u00e9part pour la 3\u1d49 \u00e9dition du Salon Innov\u2019Action \u00e0 \u00c9pinal !","datePublished":"2025-11-18T13:15:08+00:00","dateModified":"2025-11-18T13:15:08+00:00","mainEntityOfPage":{"@id":"https:\/\/vosgesinfo.fr\/epinalinfo\/?p=137424"},"wordCount":373,"commentCount":0,"publisher":{"@id":"https:\/\/vosgesinfo.fr\/epinalinfo\/#organization"},"image":{"@id":"https:\/\/vosgesinfo.fr\/epinalinfo\/?p=137424#primaryimage"},"thumbnailUrl":"https:\/\/vosgesinfo.fr\/app\/uploads\/sites\/3\/2025\/11\/img-20251118-120137.jpg","articleSection":["A la Une","Epinal"],"inLanguage":"fr-FR","potentialAction":[{"@type":"CommentAction","name":"Comment","target":["https:\/\/vosgesinfo.fr\/epinalinfo\/?p=137424#respond"]}]},{"@type":"WebPage","@id":"https:\/\/vosgesinfo.fr\/epinalinfo\/?p=137424","url":"https:\/\/vosgesinfo.fr\/epinalinfo\/?p=137424","name":"Top d\u00e9part pour la 3\u1d49 \u00e9dition du Salon Innov\u2019Action \u00e0 \u00c9pinal ! - Epinal Info","isPartOf":{"@id":"https:\/\/vosgesinfo.fr\/epinalinfo\/#website"},"primaryImageOfPage":{"@id":"https:\/\/vosgesinfo.fr\/epinalinfo\/?p=137424#primaryimage"},"image":{"@id":"https:\/\/vosgesinfo.fr\/epinalinfo\/?p=137424#primaryimage"},"thumbnailUrl":"https:\/\/vosgesinfo.fr\/app\/uploads\/sites\/3\/2025\/11\/img-20251118-120137.jpg","datePublished":"2025-11-18T13:15:08+00:00","dateModified":"2025-11-18T13:15:08+00:00","breadcrumb":{"@id":"https:\/\/vosgesinfo.fr\/epinalinfo\/?p=137424#breadcrumb"},"inLanguage":"fr-FR","potentialAction":[{"@type":"ReadAction","target":["https:\/\/vosgesinfo.fr\/epinalinfo\/?p=137424"]}]},{"@type":"ImageObject","inLanguage":"fr-FR","@id":"https:\/\/vosgesinfo.fr\/epinalinfo\/?p=137424#primaryimage","url":"https:\/\/vosgesinfo.fr\/app\/uploads\/sites\/3\/2025\/11\/img-20251118-120137.jpg","contentUrl":"https:\/\/vosgesinfo.fr\/app\/uploads\/sites\/3\/2025\/11\/img-20251118-120137.jpg","width":1440,"height":1080},{"@type":"BreadcrumbList","@id":"https:\/\/vosgesinfo.fr\/epinalinfo\/?p=137424#breadcrumb","itemListElement":[{"@type":"ListItem","position":1,"name":"Home","item":"https:\/\/vosgesinfo.fr\/epinalinfo\/"},{"@type":"ListItem","position":2,"name":"Top d\u00e9part pour la 3\u1d49 \u00e9dition du Salon Innov\u2019Action \u00e0 \u00c9pinal !"}]},{"@type":"WebSite","@id":"https:\/\/vosgesinfo.fr\/epinalinfo\/#website","url":"https:\/\/vosgesinfo.fr\/epinalinfo\/","name":"Epinal Info","description":"Toute l&#039;actualit\u00e9 d&#039;\u00c9pinal","publisher":{"@id":"https:\/\/vosgesinfo.fr\/epinalinfo\/#organization"},"alternateName":"Toute l'actualit\u00e9 d'\u00c9pinal","potentialAction":[{"@type":"SearchAction","target":{"@type":"EntryPoint","urlTemplate":"https:\/\/vosgesinfo.fr\/epinalinfo\/?s={search_term_string}"},"query-input":"required name=search_term_string"}],"inLanguage":"fr-FR"},{"@type":"Organization","@id":"https:\/\/vosgesinfo.fr\/epinalinfo\/#organization","name":"Epinal Info","url":"https:\/\/vosgesinfo.fr\/epinalinfo\/","logo":{"@type":"ImageObject","inLanguage":"fr-FR","@id":"https:\/\/vosgesinfo.fr\/epinalinfo\/#\/schema\/logo\/image\/","url":"https:\/\/vosgesinfo.fr\/app\/uploads\/sites\/3\/2023\/08\/logo-epinalinfos.svg","contentUrl":"https:\/\/vosgesinfo.fr\/app\/uploads\/sites\/3\/2023\/08\/logo-epinalinfos.svg","width":1,"height":1,"caption":"Epinal Info"},"image":{"@id":"https:\/\/vosgesinfo.fr\/epinalinfo\/#\/schema\/logo\/image\/"},"sameAs":["https:\/\/www.facebook.com\/Epinalinfos","https:\/\/x.com\/VosgesInfo88","https:\/\/www.youtube.com\/@vosgesinfo"]},{"@type":"Person","@id":"https:\/\/vosgesinfo.fr\/epinalinfo\/#\/schema\/person\/6f9a650eeea99d969b6c4ab78fccbe81","name":"C.K.","image":{"@type":"ImageObject","inLanguage":"fr-FR","@id":"https:\/\/vosgesinfo.fr\/epinalinfo\/#\/schema\/person\/image\/","url":"https:\/\/secure.gravatar.com\/avatar\/48e3fc7f8421ba8942be6b74a2b7f014ca39bc00dece156b7a8e098ae7dc87bf?s=96&d=mm&r=g","contentUrl":"https:\/\/secure.gravatar.com\/avatar\/48e3fc7f8421ba8942be6b74a2b7f014ca39bc00dece156b7a8e098ae7dc87bf?s=96&d=mm&r=g","caption":"C.K."},"url":"https:\/\/vosgesinfo.fr\/epinalinfo\/author\/celia-k-n\/"}]}},"_links":{"self":[{"href":"https:\/\/vosgesinfo.fr\/epinalinfo\/wp-json\/wp\/v2\/posts\/137424","targetHints":{"allow":["GET"]}}],"collection":[{"href":"https:\/\/vosgesinfo.fr\/epinalinfo\/wp-json\/wp\/v2\/posts"}],"about":[{"href":"https:\/\/vosgesinfo.fr\/epinalinfo\/wp-json\/wp\/v2\/types\/post"}],"author":[{"embeddable":true,"href":"https:\/\/vosgesinfo.fr\/epinalinfo\/wp-json\/wp\/v2\/users\/52"}],"replies":[{"embeddable":true,"href":"https:\/\/vosgesinfo.fr\/epinalinfo\/wp-json\/wp\/v2\/comments?post=137424"}],"version-history":[{"count":1,"href":"https:\/\/vosgesinfo.fr\/epinalinfo\/wp-json\/wp\/v2\/posts\/137424\/revisions"}],"predecessor-version":[{"id":137440,"href":"https:\/\/vosgesinfo.fr\/epinalinfo\/wp-json\/wp\/v2\/posts\/137424\/revisions\/137440"}],"wp:featuredmedia":[{"embeddable":true,"href":"https:\/\/vosgesinfo.fr\/epinalinfo\/wp-json\/wp\/v2\/media\/137426"}],"wp:attachment":[{"href":"https:\/\/vosgesinfo.fr\/epinalinfo\/wp-json\/wp\/v2\/media?parent=137424"}],"wp:term":[{"taxonomy":"category","embeddable":true,"href":"https:\/\/vosgesinfo.fr\/epinalinfo\/wp-json\/wp\/v2\/categories?post=137424"},{"taxonomy":"post_tag","embeddable":true,"href":"https:\/\/vosgesinfo.fr\/epinalinfo\/wp-json\/wp\/v2\/tags?post=137424"}],"curies":[{"name":"wp","href":"https:\/\/api.w.org\/{rel}","templated":true}]}}