{"id":137450,"date":"2025-11-19T13:08:35","date_gmt":"2025-11-19T12:08:35","guid":{"rendered":"https:\/\/vosgesinfo.fr\/epinalinfo\/?p=137450"},"modified":"2025-11-19T13:08:35","modified_gmt":"2025-11-19T12:08:35","slug":"rencontre-territoriale-des-employeurs-publics-dans-les-vosges-lattractivite-et-la-fidelisation-au-coeur-de-la-politique-handicap","status":"publish","type":"post","link":"https:\/\/vosgesinfo.fr\/epinalinfo\/2025\/11\/rencontre-territoriale-des-employeurs-publics-dans-les-vosges-lattractivite-et-la-fidelisation-au-coeur-de-la-politique-handicap\/","title":{"rendered":"Rencontre territoriale des employeurs publics dans les Vosges : l\u2019attractivit\u00e9 et la fid\u00e9lisation au c\u0153ur de la politique handicap"},"content":{"rendered":"<div id=\"attachment_137451\" style=\"width: 1450px\" class=\"wp-caption aligncenter\"><a href=\"https:\/\/vosgesinfo.fr\/app\/uploads\/sites\/3\/2025\/11\/583634596-1149420297337041-9159865220493172355-n.jpg\"><img decoding=\"async\" aria-describedby=\"caption-attachment-137451\" class=\"size-full wp-image-137451\" src=\"https:\/\/vosgesinfo.fr\/app\/uploads\/sites\/3\/2025\/11\/583634596-1149420297337041-9159865220493172355-n.jpg\" alt=\"\" width=\"1440\" height=\"1080\" srcset=\"https:\/\/vosgesinfo.fr\/app\/uploads\/sites\/3\/2025\/11\/583634596-1149420297337041-9159865220493172355-n.jpg 1440w, https:\/\/vosgesinfo.fr\/app\/uploads\/sites\/3\/2025\/11\/583634596-1149420297337041-9159865220493172355-n-300x225.jpg 300w, https:\/\/vosgesinfo.fr\/app\/uploads\/sites\/3\/2025\/11\/583634596-1149420297337041-9159865220493172355-n-1024x768.jpg 1024w, https:\/\/vosgesinfo.fr\/app\/uploads\/sites\/3\/2025\/11\/583634596-1149420297337041-9159865220493172355-n-768x576.jpg 768w\" sizes=\"(max-width: 1440px) 100vw, 1440px\" \/><\/a><p id=\"caption-attachment-137451\" class=\"wp-caption-text\">photo pr\u00e9fecture des Vosges<\/p><\/div>\n<p data-start=\"256\" data-end=\"833\">Cette semaine, l\u2019ESAT de l\u2019AVSEA \u00e0 \u00c9pinal a accueilli une rencontre territoriale r\u00e9unissant de nombreux employeurs publics vosgiens autour d\u2019un enjeu majeur : <strong data-start=\"417\" data-end=\"542\">comment renforcer l\u2019attractivit\u00e9 et la fid\u00e9lisation des agents gr\u00e2ce aux outils et dispositifs de la politique handicap ?<\/strong><br data-start=\"542\" data-end=\"545\" \/>Organis\u00e9e par la Pr\u00e9fecture des Vosges, en partenariat avec le <strong data-start=\"608\" data-end=\"695\">Fonds pour l\u2019insertion des personnes handicap\u00e9es dans la fonction publique (FIPHFP)<\/strong>, cette demi-journ\u00e9e a permis d\u2019aborder de fa\u00e7on concr\u00e8te les leviers permettant de b\u00e2tir une fonction publique plus inclusive et durable.<\/p>\n<h3 data-start=\"835\" data-end=\"911\"><strong data-start=\"839\" data-end=\"911\">Un engagement r\u00e9affirm\u00e9 en faveur d\u2019une fonction publique exemplaire<\/strong><\/h3>\n<p data-start=\"913\" data-end=\"1543\">La rencontre a \u00e9t\u00e9 ouverte par <strong data-start=\"944\" data-end=\"966\">Antoine Planquette<\/strong>, sous-pr\u00e9fet de l\u2019arrondissement de Saint-Di\u00e9-des-Vosges, en charge du handicap. Aux c\u00f4t\u00e9s de <strong data-start=\"1061\" data-end=\"1081\">Philippe Crenner<\/strong>, directeur territorial handicap du FIPHFP, de <strong data-start=\"1128\" data-end=\"1148\">St\u00e9phane Gainaux<\/strong>, coordinateur des Handi-Pactes, et de <strong data-start=\"1187\" data-end=\"1205\">Romain Bouvier<\/strong>, directeur de mission inclusion et s\u00e9curisation professionnelle, il a rappel\u00e9 \u00ab le r\u00f4le moteur de l\u2019\u00c9tat dans la promotion d\u2019une fonction publique attentive, accessible et exemplaire \u00bb.<br data-start=\"1391\" data-end=\"1394\" \/>L\u2019enjeu : faire du handicap non pas une contrainte, mais un levier durable d\u2019attractivit\u00e9, de coh\u00e9sion et de performance au sein des administrations.<\/p>\n<h3 data-start=\"1545\" data-end=\"1609\"><strong data-start=\"1549\" data-end=\"1609\">D\u00e9couverte de l\u2019ESAT et partage de pratiques inspirantes<\/strong><\/h3>\n<p data-start=\"1611\" data-end=\"1963\">Les participants ont pu d\u00e9couvrir l\u2019ESAT de l\u2019AVSEA et observer des <strong data-start=\"1679\" data-end=\"1721\">techniques de compensation du handicap<\/strong> mises en \u0153uvre au quotidien. Ces d\u00e9monstrations ont illustr\u00e9 tr\u00e8s concr\u00e8tement la fa\u00e7on dont l\u2019am\u00e9nagement des postes, le soutien humain ou encore l\u2019adaptation des t\u00e2ches peuvent permettre de s\u00e9curiser et valoriser les comp\u00e9tences de chacun.<\/p>\n<h3 data-start=\"1965\" data-end=\"2007\"><strong data-start=\"1969\" data-end=\"2007\">Zoom sur les dispositifs du FIPHFP<\/strong><\/h3>\n<p data-start=\"2009\" data-end=\"2103\">Le FIPHFP a pr\u00e9sent\u00e9 l\u2019ensemble de ses dispositifs mobilisables par les employeurs publics :<\/p>\n<ul data-start=\"2104\" data-end=\"2290\">\n<li data-start=\"2104\" data-end=\"2141\">\n<p data-start=\"2106\" data-end=\"2141\">aides \u00e0 l\u2019am\u00e9nagement des postes,<\/p>\n<\/li>\n<li data-start=\"2142\" data-end=\"2189\">\n<p data-start=\"2144\" data-end=\"2189\">accompagnement des parcours professionnels,<\/p>\n<\/li>\n<li data-start=\"2190\" data-end=\"2217\">\n<p data-start=\"2192\" data-end=\"2217\">maintien dans l\u2019emploi,<\/p>\n<\/li>\n<li data-start=\"2218\" data-end=\"2243\">\n<p data-start=\"2220\" data-end=\"2243\">recrutement inclusif,<\/p>\n<\/li>\n<li data-start=\"2244\" data-end=\"2290\">\n<p data-start=\"2246\" data-end=\"2290\">outils de formation et de sensibilisation.<\/p>\n<\/li>\n<\/ul>\n<p data-start=\"2292\" data-end=\"2441\">Autant d\u2019opportunit\u00e9s permettant aux collectivit\u00e9s et administrations de renforcer leur attractivit\u00e9 tout en favorisant la qualit\u00e9 de vie au travail.<\/p>\n<h3 data-start=\"2443\" data-end=\"2500\"><strong data-start=\"2447\" data-end=\"2500\">Des ateliers collaboratifs pour passer \u00e0 l\u2019action<\/strong><\/h3>\n<p data-start=\"2502\" data-end=\"2580\">La rencontre s\u2019est poursuivie par plusieurs ateliers th\u00e9matiques consacr\u00e9s :<\/p>\n<ul data-start=\"2581\" data-end=\"2817\">\n<li data-start=\"2581\" data-end=\"2650\">\n<p data-start=\"2583\" data-end=\"2650\">\u00e0 la <strong data-start=\"2588\" data-end=\"2608\">culture handicap<\/strong> et \u00e0 la diffusion de bonnes pratiques ;<\/p>\n<\/li>\n<li data-start=\"2651\" data-end=\"2716\">\n<p data-start=\"2653\" data-end=\"2716\">au <strong data-start=\"2656\" data-end=\"2682\">maintien dans l\u2019emploi<\/strong>, enjeu majeur de fid\u00e9lisation ;<\/p>\n<\/li>\n<li data-start=\"2717\" data-end=\"2817\">\n<p data-start=\"2719\" data-end=\"2817\">au <strong data-start=\"2722\" data-end=\"2746\">recrutement inclusif<\/strong>, condition d\u2019une fonction publique repr\u00e9sentative et ouverte \u00e0 tous.<\/p>\n<\/li>\n<\/ul>\n<p data-start=\"2819\" data-end=\"2975\">Employeurs, experts et acteurs du terrain ont ainsi pu partager leurs exp\u00e9riences et identifier des pistes d\u2019action adapt\u00e9es aux r\u00e9alit\u00e9s de leurs services.<\/p>\n<h3 data-start=\"2977\" data-end=\"3019\"><strong data-start=\"2981\" data-end=\"3019\">Un engagement fort dans les Vosges<\/strong><\/h3>\n<p data-start=\"3021\" data-end=\"3411\">Cette rencontre territoriale t\u00e9moigne de la volont\u00e9 de l\u2019\u00c9tat dans les Vosges d\u2019accompagner de mani\u00e8re op\u00e9rationnelle les employeurs publics dans leur strat\u00e9gie d\u2019inclusion.<br data-start=\"3194\" data-end=\"3197\" \/>\u00c0 travers ces \u00e9changes, une conviction s\u2019est largement impos\u00e9e : <strong data-start=\"3262\" data-end=\"3411\">promouvoir le handicap dans la fonction publique, c\u2019est aussi renforcer l\u2019attractivit\u00e9, la fid\u00e9lisation et la qualit\u00e9 du service rendu au public.<\/strong><\/p>\n","protected":false},"excerpt":{"rendered":"<p>Cette semaine, l\u2019ESAT de l\u2019AVSEA \u00e0 \u00c9pinal a accueilli une rencontre territoriale r\u00e9unissant de nombreux employeurs publics vosgiens autour d\u2019un [&hellip;]<\/p>\n","protected":false},"author":52,"featured_media":137451,"comment_status":"open","ping_status":"open","sticky":false,"template":"","format":"standard","meta":{"footnotes":""},"categories":[22,24],"tags":[],"class_list":["post-137450","post","type-post","status-publish","format-standard","has-post-thumbnail","hentry","category-a-la-une","category-epinal"],"acf":[],"yoast_head":"<!-- This site is optimized with the Yoast SEO plugin v22.5 - https:\/\/yoast.com\/wordpress\/plugins\/seo\/ -->\n<title>Rencontre territoriale des employeurs publics dans les Vosges : l\u2019attractivit\u00e9 et la fid\u00e9lisation au c\u0153ur de la politique handicap - Epinal Info<\/title>\n<meta name=\"robots\" content=\"index, follow, max-snippet:-1, max-image-preview:large, max-video-preview:-1\" \/>\n<link rel=\"canonical\" href=\"https:\/\/vosgesinfo.fr\/epinalinfo\/?p=137450\" \/>\n<meta name=\"twitter:card\" content=\"summary_large_image\" \/>\n<meta name=\"twitter:title\" content=\"Rencontre territoriale des employeurs publics dans les Vosges : l\u2019attractivit\u00e9 et la fid\u00e9lisation au c\u0153ur de la politique handicap - Epinal Info\" \/>\n<meta name=\"twitter:description\" content=\"Cette semaine, l\u2019ESAT de l\u2019AVSEA \u00e0 \u00c9pinal a accueilli une rencontre territoriale r\u00e9unissant de nombreux employeurs publics vosgiens autour d\u2019un [&hellip;]\" \/>\n<meta name=\"twitter:creator\" content=\"@VosgesInfo88\" \/>\n<meta name=\"twitter:site\" content=\"@VosgesInfo88\" \/>\n<meta name=\"twitter:label1\" content=\"\u00c9crit par\" \/>\n\t<meta name=\"twitter:data1\" content=\"C.K.\" \/>\n\t<meta name=\"twitter:label2\" content=\"Dur\u00e9e de lecture estim\u00e9e\" \/>\n\t<meta name=\"twitter:data2\" content=\"3 minutes\" \/>\n<script type=\"application\/ld+json\" class=\"yoast-schema-graph\">{\"@context\":\"https:\/\/schema.org\",\"@graph\":[{\"@type\":\"Article\",\"@id\":\"https:\/\/vosgesinfo.fr\/epinalinfo\/?p=137450#article\",\"isPartOf\":{\"@id\":\"https:\/\/vosgesinfo.fr\/epinalinfo\/?p=137450\"},\"author\":{\"name\":\"C.K.\",\"@id\":\"https:\/\/vosgesinfo.fr\/epinalinfo\/#\/schema\/person\/6f9a650eeea99d969b6c4ab78fccbe81\"},\"headline\":\"Rencontre territoriale des employeurs publics dans les Vosges : l\u2019attractivit\u00e9 et la fid\u00e9lisation au c\u0153ur de la politique handicap\",\"datePublished\":\"2025-11-19T12:08:35+00:00\",\"dateModified\":\"2025-11-19T12:08:35+00:00\",\"mainEntityOfPage\":{\"@id\":\"https:\/\/vosgesinfo.fr\/epinalinfo\/?p=137450\"},\"wordCount\":525,\"commentCount\":0,\"publisher\":{\"@id\":\"https:\/\/vosgesinfo.fr\/epinalinfo\/#organization\"},\"image\":{\"@id\":\"https:\/\/vosgesinfo.fr\/epinalinfo\/?p=137450#primaryimage\"},\"thumbnailUrl\":\"https:\/\/vosgesinfo.fr\/app\/uploads\/sites\/3\/2025\/11\/583634596-1149420297337041-9159865220493172355-n.jpg\",\"articleSection\":[\"A la Une\",\"Epinal\"],\"inLanguage\":\"fr-FR\",\"potentialAction\":[{\"@type\":\"CommentAction\",\"name\":\"Comment\",\"target\":[\"https:\/\/vosgesinfo.fr\/epinalinfo\/?p=137450#respond\"]}]},{\"@type\":\"WebPage\",\"@id\":\"https:\/\/vosgesinfo.fr\/epinalinfo\/?p=137450\",\"url\":\"https:\/\/vosgesinfo.fr\/epinalinfo\/?p=137450\",\"name\":\"Rencontre territoriale des employeurs publics dans les Vosges : l\u2019attractivit\u00e9 et la fid\u00e9lisation au c\u0153ur de la politique handicap - Epinal Info\",\"isPartOf\":{\"@id\":\"https:\/\/vosgesinfo.fr\/epinalinfo\/#website\"},\"primaryImageOfPage\":{\"@id\":\"https:\/\/vosgesinfo.fr\/epinalinfo\/?p=137450#primaryimage\"},\"image\":{\"@id\":\"https:\/\/vosgesinfo.fr\/epinalinfo\/?p=137450#primaryimage\"},\"thumbnailUrl\":\"https:\/\/vosgesinfo.fr\/app\/uploads\/sites\/3\/2025\/11\/583634596-1149420297337041-9159865220493172355-n.jpg\",\"datePublished\":\"2025-11-19T12:08:35+00:00\",\"dateModified\":\"2025-11-19T12:08:35+00:00\",\"breadcrumb\":{\"@id\":\"https:\/\/vosgesinfo.fr\/epinalinfo\/?p=137450#breadcrumb\"},\"inLanguage\":\"fr-FR\",\"potentialAction\":[{\"@type\":\"ReadAction\",\"target\":[\"https:\/\/vosgesinfo.fr\/epinalinfo\/?p=137450\"]}]},{\"@type\":\"ImageObject\",\"inLanguage\":\"fr-FR\",\"@id\":\"https:\/\/vosgesinfo.fr\/epinalinfo\/?p=137450#primaryimage\",\"url\":\"https:\/\/vosgesinfo.fr\/app\/uploads\/sites\/3\/2025\/11\/583634596-1149420297337041-9159865220493172355-n.jpg\",\"contentUrl\":\"https:\/\/vosgesinfo.fr\/app\/uploads\/sites\/3\/2025\/11\/583634596-1149420297337041-9159865220493172355-n.jpg\",\"width\":1440,\"height\":1080,\"caption\":\"photo pr\u00e9fecture des Vosges\"},{\"@type\":\"BreadcrumbList\",\"@id\":\"https:\/\/vosgesinfo.fr\/epinalinfo\/?p=137450#breadcrumb\",\"itemListElement\":[{\"@type\":\"ListItem\",\"position\":1,\"name\":\"Home\",\"item\":\"https:\/\/vosgesinfo.fr\/epinalinfo\/\"},{\"@type\":\"ListItem\",\"position\":2,\"name\":\"Rencontre territoriale des employeurs publics dans les Vosges : l\u2019attractivit\u00e9 et la fid\u00e9lisation au c\u0153ur de la politique handicap\"}]},{\"@type\":\"WebSite\",\"@id\":\"https:\/\/vosgesinfo.fr\/epinalinfo\/#website\",\"url\":\"https:\/\/vosgesinfo.fr\/epinalinfo\/\",\"name\":\"Epinal Info\",\"description\":\"Toute l&#039;actualit\u00e9 d&#039;\u00c9pinal\",\"publisher\":{\"@id\":\"https:\/\/vosgesinfo.fr\/epinalinfo\/#organization\"},\"alternateName\":\"Toute l'actualit\u00e9 d'\u00c9pinal\",\"potentialAction\":[{\"@type\":\"SearchAction\",\"target\":{\"@type\":\"EntryPoint\",\"urlTemplate\":\"https:\/\/vosgesinfo.fr\/epinalinfo\/?s={search_term_string}\"},\"query-input\":\"required name=search_term_string\"}],\"inLanguage\":\"fr-FR\"},{\"@type\":\"Organization\",\"@id\":\"https:\/\/vosgesinfo.fr\/epinalinfo\/#organization\",\"name\":\"Epinal Info\",\"url\":\"https:\/\/vosgesinfo.fr\/epinalinfo\/\",\"logo\":{\"@type\":\"ImageObject\",\"inLanguage\":\"fr-FR\",\"@id\":\"https:\/\/vosgesinfo.fr\/epinalinfo\/#\/schema\/logo\/image\/\",\"url\":\"https:\/\/vosgesinfo.fr\/app\/uploads\/sites\/3\/2023\/08\/logo-epinalinfos.svg\",\"contentUrl\":\"https:\/\/vosgesinfo.fr\/app\/uploads\/sites\/3\/2023\/08\/logo-epinalinfos.svg\",\"width\":1,\"height\":1,\"caption\":\"Epinal Info\"},\"image\":{\"@id\":\"https:\/\/vosgesinfo.fr\/epinalinfo\/#\/schema\/logo\/image\/\"},\"sameAs\":[\"https:\/\/www.facebook.com\/Epinalinfos\",\"https:\/\/x.com\/VosgesInfo88\",\"https:\/\/www.youtube.com\/@vosgesinfo\"]},{\"@type\":\"Person\",\"@id\":\"https:\/\/vosgesinfo.fr\/epinalinfo\/#\/schema\/person\/6f9a650eeea99d969b6c4ab78fccbe81\",\"name\":\"C.K.\",\"image\":{\"@type\":\"ImageObject\",\"inLanguage\":\"fr-FR\",\"@id\":\"https:\/\/vosgesinfo.fr\/epinalinfo\/#\/schema\/person\/image\/\",\"url\":\"https:\/\/secure.gravatar.com\/avatar\/48e3fc7f8421ba8942be6b74a2b7f014ca39bc00dece156b7a8e098ae7dc87bf?s=96&d=mm&r=g\",\"contentUrl\":\"https:\/\/secure.gravatar.com\/avatar\/48e3fc7f8421ba8942be6b74a2b7f014ca39bc00dece156b7a8e098ae7dc87bf?s=96&d=mm&r=g\",\"caption\":\"C.K.\"},\"url\":\"https:\/\/vosgesinfo.fr\/epinalinfo\/author\/celia-k-n\/\"}]}<\/script>\n<!-- \/ Yoast SEO plugin. -->","yoast_head_json":{"title":"Rencontre territoriale des employeurs publics dans les Vosges : l\u2019attractivit\u00e9 et la fid\u00e9lisation au c\u0153ur de la politique handicap - Epinal Info","robots":{"index":"index","follow":"follow","max-snippet":"max-snippet:-1","max-image-preview":"max-image-preview:large","max-video-preview":"max-video-preview:-1"},"canonical":"https:\/\/vosgesinfo.fr\/epinalinfo\/?p=137450","twitter_card":"summary_large_image","twitter_title":"Rencontre territoriale des employeurs publics dans les Vosges : l\u2019attractivit\u00e9 et la fid\u00e9lisation au c\u0153ur de la politique handicap - Epinal Info","twitter_description":"Cette semaine, l\u2019ESAT de l\u2019AVSEA \u00e0 \u00c9pinal a accueilli une rencontre territoriale r\u00e9unissant de nombreux employeurs publics vosgiens autour d\u2019un [&hellip;]","twitter_creator":"@VosgesInfo88","twitter_site":"@VosgesInfo88","twitter_misc":{"\u00c9crit par":"C.K.","Dur\u00e9e de lecture estim\u00e9e":"3 minutes"},"schema":{"@context":"https:\/\/schema.org","@graph":[{"@type":"Article","@id":"https:\/\/vosgesinfo.fr\/epinalinfo\/?p=137450#article","isPartOf":{"@id":"https:\/\/vosgesinfo.fr\/epinalinfo\/?p=137450"},"author":{"name":"C.K.","@id":"https:\/\/vosgesinfo.fr\/epinalinfo\/#\/schema\/person\/6f9a650eeea99d969b6c4ab78fccbe81"},"headline":"Rencontre territoriale des employeurs publics dans les Vosges : l\u2019attractivit\u00e9 et la fid\u00e9lisation au c\u0153ur de la politique handicap","datePublished":"2025-11-19T12:08:35+00:00","dateModified":"2025-11-19T12:08:35+00:00","mainEntityOfPage":{"@id":"https:\/\/vosgesinfo.fr\/epinalinfo\/?p=137450"},"wordCount":525,"commentCount":0,"publisher":{"@id":"https:\/\/vosgesinfo.fr\/epinalinfo\/#organization"},"image":{"@id":"https:\/\/vosgesinfo.fr\/epinalinfo\/?p=137450#primaryimage"},"thumbnailUrl":"https:\/\/vosgesinfo.fr\/app\/uploads\/sites\/3\/2025\/11\/583634596-1149420297337041-9159865220493172355-n.jpg","articleSection":["A la Une","Epinal"],"inLanguage":"fr-FR","potentialAction":[{"@type":"CommentAction","name":"Comment","target":["https:\/\/vosgesinfo.fr\/epinalinfo\/?p=137450#respond"]}]},{"@type":"WebPage","@id":"https:\/\/vosgesinfo.fr\/epinalinfo\/?p=137450","url":"https:\/\/vosgesinfo.fr\/epinalinfo\/?p=137450","name":"Rencontre territoriale des employeurs publics dans les Vosges : l\u2019attractivit\u00e9 et la fid\u00e9lisation au c\u0153ur de la politique handicap - Epinal Info","isPartOf":{"@id":"https:\/\/vosgesinfo.fr\/epinalinfo\/#website"},"primaryImageOfPage":{"@id":"https:\/\/vosgesinfo.fr\/epinalinfo\/?p=137450#primaryimage"},"image":{"@id":"https:\/\/vosgesinfo.fr\/epinalinfo\/?p=137450#primaryimage"},"thumbnailUrl":"https:\/\/vosgesinfo.fr\/app\/uploads\/sites\/3\/2025\/11\/583634596-1149420297337041-9159865220493172355-n.jpg","datePublished":"2025-11-19T12:08:35+00:00","dateModified":"2025-11-19T12:08:35+00:00","breadcrumb":{"@id":"https:\/\/vosgesinfo.fr\/epinalinfo\/?p=137450#breadcrumb"},"inLanguage":"fr-FR","potentialAction":[{"@type":"ReadAction","target":["https:\/\/vosgesinfo.fr\/epinalinfo\/?p=137450"]}]},{"@type":"ImageObject","inLanguage":"fr-FR","@id":"https:\/\/vosgesinfo.fr\/epinalinfo\/?p=137450#primaryimage","url":"https:\/\/vosgesinfo.fr\/app\/uploads\/sites\/3\/2025\/11\/583634596-1149420297337041-9159865220493172355-n.jpg","contentUrl":"https:\/\/vosgesinfo.fr\/app\/uploads\/sites\/3\/2025\/11\/583634596-1149420297337041-9159865220493172355-n.jpg","width":1440,"height":1080,"caption":"photo pr\u00e9fecture des Vosges"},{"@type":"BreadcrumbList","@id":"https:\/\/vosgesinfo.fr\/epinalinfo\/?p=137450#breadcrumb","itemListElement":[{"@type":"ListItem","position":1,"name":"Home","item":"https:\/\/vosgesinfo.fr\/epinalinfo\/"},{"@type":"ListItem","position":2,"name":"Rencontre territoriale des employeurs publics dans les Vosges : l\u2019attractivit\u00e9 et la fid\u00e9lisation au c\u0153ur de la politique handicap"}]},{"@type":"WebSite","@id":"https:\/\/vosgesinfo.fr\/epinalinfo\/#website","url":"https:\/\/vosgesinfo.fr\/epinalinfo\/","name":"Epinal Info","description":"Toute l&#039;actualit\u00e9 d&#039;\u00c9pinal","publisher":{"@id":"https:\/\/vosgesinfo.fr\/epinalinfo\/#organization"},"alternateName":"Toute l'actualit\u00e9 d'\u00c9pinal","potentialAction":[{"@type":"SearchAction","target":{"@type":"EntryPoint","urlTemplate":"https:\/\/vosgesinfo.fr\/epinalinfo\/?s={search_term_string}"},"query-input":"required name=search_term_string"}],"inLanguage":"fr-FR"},{"@type":"Organization","@id":"https:\/\/vosgesinfo.fr\/epinalinfo\/#organization","name":"Epinal Info","url":"https:\/\/vosgesinfo.fr\/epinalinfo\/","logo":{"@type":"ImageObject","inLanguage":"fr-FR","@id":"https:\/\/vosgesinfo.fr\/epinalinfo\/#\/schema\/logo\/image\/","url":"https:\/\/vosgesinfo.fr\/app\/uploads\/sites\/3\/2023\/08\/logo-epinalinfos.svg","contentUrl":"https:\/\/vosgesinfo.fr\/app\/uploads\/sites\/3\/2023\/08\/logo-epinalinfos.svg","width":1,"height":1,"caption":"Epinal Info"},"image":{"@id":"https:\/\/vosgesinfo.fr\/epinalinfo\/#\/schema\/logo\/image\/"},"sameAs":["https:\/\/www.facebook.com\/Epinalinfos","https:\/\/x.com\/VosgesInfo88","https:\/\/www.youtube.com\/@vosgesinfo"]},{"@type":"Person","@id":"https:\/\/vosgesinfo.fr\/epinalinfo\/#\/schema\/person\/6f9a650eeea99d969b6c4ab78fccbe81","name":"C.K.","image":{"@type":"ImageObject","inLanguage":"fr-FR","@id":"https:\/\/vosgesinfo.fr\/epinalinfo\/#\/schema\/person\/image\/","url":"https:\/\/secure.gravatar.com\/avatar\/48e3fc7f8421ba8942be6b74a2b7f014ca39bc00dece156b7a8e098ae7dc87bf?s=96&d=mm&r=g","contentUrl":"https:\/\/secure.gravatar.com\/avatar\/48e3fc7f8421ba8942be6b74a2b7f014ca39bc00dece156b7a8e098ae7dc87bf?s=96&d=mm&r=g","caption":"C.K."},"url":"https:\/\/vosgesinfo.fr\/epinalinfo\/author\/celia-k-n\/"}]}},"_links":{"self":[{"href":"https:\/\/vosgesinfo.fr\/epinalinfo\/wp-json\/wp\/v2\/posts\/137450","targetHints":{"allow":["GET"]}}],"collection":[{"href":"https:\/\/vosgesinfo.fr\/epinalinfo\/wp-json\/wp\/v2\/posts"}],"about":[{"href":"https:\/\/vosgesinfo.fr\/epinalinfo\/wp-json\/wp\/v2\/types\/post"}],"author":[{"embeddable":true,"href":"https:\/\/vosgesinfo.fr\/epinalinfo\/wp-json\/wp\/v2\/users\/52"}],"replies":[{"embeddable":true,"href":"https:\/\/vosgesinfo.fr\/epinalinfo\/wp-json\/wp\/v2\/comments?post=137450"}],"version-history":[{"count":1,"href":"https:\/\/vosgesinfo.fr\/epinalinfo\/wp-json\/wp\/v2\/posts\/137450\/revisions"}],"predecessor-version":[{"id":137452,"href":"https:\/\/vosgesinfo.fr\/epinalinfo\/wp-json\/wp\/v2\/posts\/137450\/revisions\/137452"}],"wp:featuredmedia":[{"embeddable":true,"href":"https:\/\/vosgesinfo.fr\/epinalinfo\/wp-json\/wp\/v2\/media\/137451"}],"wp:attachment":[{"href":"https:\/\/vosgesinfo.fr\/epinalinfo\/wp-json\/wp\/v2\/media?parent=137450"}],"wp:term":[{"taxonomy":"category","embeddable":true,"href":"https:\/\/vosgesinfo.fr\/epinalinfo\/wp-json\/wp\/v2\/categories?post=137450"},{"taxonomy":"post_tag","embeddable":true,"href":"https:\/\/vosgesinfo.fr\/epinalinfo\/wp-json\/wp\/v2\/tags?post=137450"}],"curies":[{"name":"wp","href":"https:\/\/api.w.org\/{rel}","templated":true}]}}