{"id":137462,"date":"2025-11-19T13:37:17","date_gmt":"2025-11-19T12:37:17","guid":{"rendered":"https:\/\/vosgesinfo.fr\/epinalinfo\/?p=137462"},"modified":"2025-11-19T13:37:17","modified_gmt":"2025-11-19T12:37:17","slug":"tres-haut-debit-la-region-grand-est-losange-et-orange-scellent-un-partenariat-pour-raccorder-les-dernieres-zones-du-territoire","status":"publish","type":"post","link":"https:\/\/vosgesinfo.fr\/epinalinfo\/2025\/11\/tres-haut-debit-la-region-grand-est-losange-et-orange-scellent-un-partenariat-pour-raccorder-les-dernieres-zones-du-territoire\/","title":{"rendered":"Tr\u00e8s haut d\u00e9bit : la R\u00e9gion Grand Est, Losange et Orange scellent un partenariat pour raccorder les derni\u00e8res zones du territoire"},"content":{"rendered":"<h2 data-start=\"258\" data-end=\"716\"><strong><a href=\"https:\/\/vosgesinfo.fr\/app\/uploads\/sites\/3\/2025\/11\/fibre.jpg\"><img decoding=\"async\" class=\"aligncenter size-full wp-image-137463\" src=\"https:\/\/vosgesinfo.fr\/app\/uploads\/sites\/3\/2025\/11\/fibre.jpg\" alt=\"\" width=\"960\" height=\"640\" srcset=\"https:\/\/vosgesinfo.fr\/app\/uploads\/sites\/3\/2025\/11\/fibre.jpg 960w, https:\/\/vosgesinfo.fr\/app\/uploads\/sites\/3\/2025\/11\/fibre-300x200.jpg 300w, https:\/\/vosgesinfo.fr\/app\/uploads\/sites\/3\/2025\/11\/fibre-768x512.jpg 768w\" sizes=\"(max-width: 960px) 100vw, 960px\" \/><\/a>Le Grand Est poursuit sa marche vers une couverture num\u00e9rique totale. Jeudi 18 novembre, la R\u00e9gion a officialis\u00e9 une d\u00e9claration d\u2019intention sign\u00e9e avec Losange et Orange, les deux op\u00e9rateurs charg\u00e9s du service public de t\u00e9l\u00e9communications. Cette nouvelle coop\u00e9ration vise \u00e0 connecter les tout derniers secteurs encore d\u00e9pourvus de fibre optique, les fameuses \u00ab zones dentelles \u00bb, afin d\u2019atteindre une couverture int\u00e9grale en tr\u00e8s haut d\u00e9bit.<\/strong><\/h2>\n<h3 data-start=\"718\" data-end=\"776\"><strong data-start=\"722\" data-end=\"776\">Des secteurs strat\u00e9giques pour l\u2019\u00e9galit\u00e9 num\u00e9rique<\/strong><\/h3>\n<p data-start=\"778\" data-end=\"1421\">Les zones dentelles repr\u00e9sentent les ultimes poches o\u00f9 le raccordement demeure complexe : territoires ruraux isol\u00e9s, interfaces entre plusieurs r\u00e9seaux, trac\u00e9s difficiles ou longues distances \u00e0 couvrir. Leur situation en fait un enjeu majeur pour l\u2019\u00e9galit\u00e9 d\u2019acc\u00e8s au num\u00e9rique.<br data-start=\"1056\" data-end=\"1059\" \/>Selon la R\u00e9gion, <strong data-start=\"1076\" data-end=\"1190\">99,6 % des foyers concern\u00e9s par son programme d\u2019am\u00e9nagement num\u00e9rique sont aujourd\u2019hui raccordables \u00e0 la fibre<\/strong>, soit pr\u00e8s de <strong data-start=\"1205\" data-end=\"1252\">1,4 million de prises d\u00e9ploy\u00e9es depuis 2016<\/strong>. Gr\u00e2ce \u00e0 cet effort, le Grand Est est devenue <strong data-start=\"1299\" data-end=\"1349\">la premi\u00e8re r\u00e9gion de France totalement fibr\u00e9e<\/strong>, figurant \u00e9galement parmi les territoires les mieux connect\u00e9s d\u2019Europe.<\/p>\n<h3 data-start=\"1423\" data-end=\"1483\"><strong data-start=\"1427\" data-end=\"1483\">Une collaboration in\u00e9dite pour finaliser le chantier<\/strong><\/h3>\n<p data-start=\"1485\" data-end=\"1734\">Avec la signature de cette d\u00e9claration d\u2019intention, Losange et Orange s\u2019engagent \u00e0 <strong data-start=\"1568\" data-end=\"1623\">coordonner leurs r\u00e9seaux et mutualiser leurs moyens<\/strong> afin de r\u00e9soudre plus rapidement les situations encore en suspens.<br data-start=\"1690\" data-end=\"1693\" \/>Cette coop\u00e9ration permettra notamment :<\/p>\n<ul data-start=\"1735\" data-end=\"1946\">\n<li data-start=\"1735\" data-end=\"1794\">\n<p data-start=\"1737\" data-end=\"1794\">d\u2019acc\u00e9l\u00e9rer les raccordements dans les zones restantes,<\/p>\n<\/li>\n<li data-start=\"1795\" data-end=\"1855\">\n<p data-start=\"1797\" data-end=\"1855\">d\u2019am\u00e9liorer la qualit\u00e9 de service offerte aux habitants,<\/p>\n<\/li>\n<li data-start=\"1856\" data-end=\"1946\">\n<p data-start=\"1858\" data-end=\"1946\">d\u2019\u00e9viter les redondances techniques et donc d\u2019optimiser l\u2019utilisation des fonds publics.<\/p>\n<\/li>\n<\/ul>\n<p data-start=\"1948\" data-end=\"2082\">La R\u00e9gion Grand Est, initiatrice du rapprochement, entend ainsi fluidifier les d\u00e9marches et faciliter la r\u00e9solution des cas complexes.<\/p>\n<h3 data-start=\"2084\" data-end=\"2148\"><strong data-start=\"2088\" data-end=\"2148\">Un b\u00e9n\u00e9fice direct pour les habitants et les entreprises<\/strong><\/h3>\n<p data-start=\"2150\" data-end=\"2567\">Pour les m\u00e9nages et les structures \u00e9conomiques situ\u00e9s dans ces secteurs d\u00e9licats, cette initiative se traduira par des <strong data-start=\"2269\" data-end=\"2291\">d\u00e9lais plus courts<\/strong>, des <strong data-start=\"2297\" data-end=\"2338\">modalit\u00e9s de raccordement simplifi\u00e9es<\/strong> et une <strong data-start=\"2346\" data-end=\"2381\">continuit\u00e9 de service renforc\u00e9e<\/strong>.<br data-start=\"2382\" data-end=\"2385\" \/>Ces avanc\u00e9es permettront de lever des situations de blocage qui persistaient parfois depuis plusieurs ann\u00e9es, li\u00e9es notamment aux limites entre r\u00e9seaux op\u00e9r\u00e9s par diff\u00e9rents acteurs.<\/p>\n<h3 data-start=\"2569\" data-end=\"2625\"><strong data-start=\"2573\" data-end=\"2625\">Un engagement collectif au service du territoire<\/strong><\/h3>\n<p data-start=\"2627\" data-end=\"3014\">Au-del\u00e0 de l\u2019aspect technique, cet accord marque une volont\u00e9 commune : garantir \u00e0 chaque habitant du Grand Est un acc\u00e8s \u00e9quitable au tr\u00e8s haut d\u00e9bit. En r\u00e9unissant R\u00e9gion, op\u00e9rateurs et acteurs locaux, cette d\u00e9marche t\u00e9moigne d\u2019une strat\u00e9gie num\u00e9rique coh\u00e9rente et ambitieuse, con\u00e7ue pour renforcer l\u2019attractivit\u00e9, l\u2019innovation et le d\u00e9veloppement \u00e9conomique de l\u2019ensemble du territoire.<\/p>\n","protected":false},"excerpt":{"rendered":"<p>Le Grand Est poursuit sa marche vers une couverture num\u00e9rique totale. Jeudi 18 novembre, la R\u00e9gion a officialis\u00e9 une d\u00e9claration [&hellip;]<\/p>\n","protected":false},"author":52,"featured_media":137463,"comment_status":"open","ping_status":"open","sticky":false,"template":"","format":"standard","meta":{"footnotes":""},"categories":[22,24,5],"tags":[],"class_list":["post-137462","post","type-post","status-publish","format-standard","has-post-thumbnail","hentry","category-a-la-une","category-epinal","category-vosges"],"acf":[],"yoast_head":"<!-- This site is optimized with the Yoast SEO plugin v22.5 - https:\/\/yoast.com\/wordpress\/plugins\/seo\/ -->\n<title>Tr\u00e8s haut d\u00e9bit : la R\u00e9gion Grand Est, Losange et Orange scellent un partenariat pour raccorder les derni\u00e8res zones du territoire - Epinal Info<\/title>\n<meta name=\"robots\" content=\"index, follow, max-snippet:-1, max-image-preview:large, max-video-preview:-1\" \/>\n<link rel=\"canonical\" href=\"https:\/\/vosgesinfo.fr\/epinalinfo\/?p=137462\" \/>\n<meta name=\"twitter:card\" content=\"summary_large_image\" \/>\n<meta name=\"twitter:title\" content=\"Tr\u00e8s haut d\u00e9bit : la R\u00e9gion Grand Est, Losange et Orange scellent un partenariat pour raccorder les derni\u00e8res zones du territoire - Epinal Info\" \/>\n<meta name=\"twitter:description\" content=\"Le Grand Est poursuit sa marche vers une couverture num\u00e9rique totale. Jeudi 18 novembre, la R\u00e9gion a officialis\u00e9 une d\u00e9claration [&hellip;]\" \/>\n<meta name=\"twitter:creator\" content=\"@VosgesInfo88\" \/>\n<meta name=\"twitter:site\" content=\"@VosgesInfo88\" \/>\n<meta name=\"twitter:label1\" content=\"\u00c9crit par\" \/>\n\t<meta name=\"twitter:data1\" content=\"C.K.\" \/>\n\t<meta name=\"twitter:label2\" content=\"Dur\u00e9e de lecture estim\u00e9e\" \/>\n\t<meta name=\"twitter:data2\" content=\"2 minutes\" \/>\n<script type=\"application\/ld+json\" class=\"yoast-schema-graph\">{\"@context\":\"https:\/\/schema.org\",\"@graph\":[{\"@type\":\"Article\",\"@id\":\"https:\/\/vosgesinfo.fr\/epinalinfo\/?p=137462#article\",\"isPartOf\":{\"@id\":\"https:\/\/vosgesinfo.fr\/epinalinfo\/?p=137462\"},\"author\":{\"name\":\"C.K.\",\"@id\":\"https:\/\/vosgesinfo.fr\/epinalinfo\/#\/schema\/person\/6f9a650eeea99d969b6c4ab78fccbe81\"},\"headline\":\"Tr\u00e8s haut d\u00e9bit : la R\u00e9gion Grand Est, Losange et Orange scellent un partenariat pour raccorder les derni\u00e8res zones du territoire\",\"datePublished\":\"2025-11-19T12:37:17+00:00\",\"dateModified\":\"2025-11-19T12:37:17+00:00\",\"mainEntityOfPage\":{\"@id\":\"https:\/\/vosgesinfo.fr\/epinalinfo\/?p=137462\"},\"wordCount\":478,\"commentCount\":1,\"publisher\":{\"@id\":\"https:\/\/vosgesinfo.fr\/epinalinfo\/#organization\"},\"image\":{\"@id\":\"https:\/\/vosgesinfo.fr\/epinalinfo\/?p=137462#primaryimage\"},\"thumbnailUrl\":\"https:\/\/vosgesinfo.fr\/app\/uploads\/sites\/3\/2025\/11\/fibre.jpg\",\"articleSection\":[\"A la Une\",\"Epinal\",\"Vosges\"],\"inLanguage\":\"fr-FR\",\"potentialAction\":[{\"@type\":\"CommentAction\",\"name\":\"Comment\",\"target\":[\"https:\/\/vosgesinfo.fr\/epinalinfo\/?p=137462#respond\"]}]},{\"@type\":\"WebPage\",\"@id\":\"https:\/\/vosgesinfo.fr\/epinalinfo\/?p=137462\",\"url\":\"https:\/\/vosgesinfo.fr\/epinalinfo\/?p=137462\",\"name\":\"Tr\u00e8s haut d\u00e9bit : la R\u00e9gion Grand Est, Losange et Orange scellent un partenariat pour raccorder les derni\u00e8res zones du territoire - Epinal Info\",\"isPartOf\":{\"@id\":\"https:\/\/vosgesinfo.fr\/epinalinfo\/#website\"},\"primaryImageOfPage\":{\"@id\":\"https:\/\/vosgesinfo.fr\/epinalinfo\/?p=137462#primaryimage\"},\"image\":{\"@id\":\"https:\/\/vosgesinfo.fr\/epinalinfo\/?p=137462#primaryimage\"},\"thumbnailUrl\":\"https:\/\/vosgesinfo.fr\/app\/uploads\/sites\/3\/2025\/11\/fibre.jpg\",\"datePublished\":\"2025-11-19T12:37:17+00:00\",\"dateModified\":\"2025-11-19T12:37:17+00:00\",\"breadcrumb\":{\"@id\":\"https:\/\/vosgesinfo.fr\/epinalinfo\/?p=137462#breadcrumb\"},\"inLanguage\":\"fr-FR\",\"potentialAction\":[{\"@type\":\"ReadAction\",\"target\":[\"https:\/\/vosgesinfo.fr\/epinalinfo\/?p=137462\"]}]},{\"@type\":\"ImageObject\",\"inLanguage\":\"fr-FR\",\"@id\":\"https:\/\/vosgesinfo.fr\/epinalinfo\/?p=137462#primaryimage\",\"url\":\"https:\/\/vosgesinfo.fr\/app\/uploads\/sites\/3\/2025\/11\/fibre.jpg\",\"contentUrl\":\"https:\/\/vosgesinfo.fr\/app\/uploads\/sites\/3\/2025\/11\/fibre.jpg\",\"width\":960,\"height\":640},{\"@type\":\"BreadcrumbList\",\"@id\":\"https:\/\/vosgesinfo.fr\/epinalinfo\/?p=137462#breadcrumb\",\"itemListElement\":[{\"@type\":\"ListItem\",\"position\":1,\"name\":\"Home\",\"item\":\"https:\/\/vosgesinfo.fr\/epinalinfo\/\"},{\"@type\":\"ListItem\",\"position\":2,\"name\":\"Tr\u00e8s haut d\u00e9bit : la R\u00e9gion Grand Est, Losange et Orange scellent un partenariat pour raccorder les derni\u00e8res zones du territoire\"}]},{\"@type\":\"WebSite\",\"@id\":\"https:\/\/vosgesinfo.fr\/epinalinfo\/#website\",\"url\":\"https:\/\/vosgesinfo.fr\/epinalinfo\/\",\"name\":\"Epinal Info\",\"description\":\"Toute l&#039;actualit\u00e9 d&#039;\u00c9pinal\",\"publisher\":{\"@id\":\"https:\/\/vosgesinfo.fr\/epinalinfo\/#organization\"},\"alternateName\":\"Toute l'actualit\u00e9 d'\u00c9pinal\",\"potentialAction\":[{\"@type\":\"SearchAction\",\"target\":{\"@type\":\"EntryPoint\",\"urlTemplate\":\"https:\/\/vosgesinfo.fr\/epinalinfo\/?s={search_term_string}\"},\"query-input\":\"required name=search_term_string\"}],\"inLanguage\":\"fr-FR\"},{\"@type\":\"Organization\",\"@id\":\"https:\/\/vosgesinfo.fr\/epinalinfo\/#organization\",\"name\":\"Epinal Info\",\"url\":\"https:\/\/vosgesinfo.fr\/epinalinfo\/\",\"logo\":{\"@type\":\"ImageObject\",\"inLanguage\":\"fr-FR\",\"@id\":\"https:\/\/vosgesinfo.fr\/epinalinfo\/#\/schema\/logo\/image\/\",\"url\":\"https:\/\/vosgesinfo.fr\/app\/uploads\/sites\/3\/2023\/08\/logo-epinalinfos.svg\",\"contentUrl\":\"https:\/\/vosgesinfo.fr\/app\/uploads\/sites\/3\/2023\/08\/logo-epinalinfos.svg\",\"width\":1,\"height\":1,\"caption\":\"Epinal Info\"},\"image\":{\"@id\":\"https:\/\/vosgesinfo.fr\/epinalinfo\/#\/schema\/logo\/image\/\"},\"sameAs\":[\"https:\/\/www.facebook.com\/Epinalinfos\",\"https:\/\/x.com\/VosgesInfo88\",\"https:\/\/www.youtube.com\/@vosgesinfo\"]},{\"@type\":\"Person\",\"@id\":\"https:\/\/vosgesinfo.fr\/epinalinfo\/#\/schema\/person\/6f9a650eeea99d969b6c4ab78fccbe81\",\"name\":\"C.K.\",\"image\":{\"@type\":\"ImageObject\",\"inLanguage\":\"fr-FR\",\"@id\":\"https:\/\/vosgesinfo.fr\/epinalinfo\/#\/schema\/person\/image\/\",\"url\":\"https:\/\/secure.gravatar.com\/avatar\/48e3fc7f8421ba8942be6b74a2b7f014ca39bc00dece156b7a8e098ae7dc87bf?s=96&d=mm&r=g\",\"contentUrl\":\"https:\/\/secure.gravatar.com\/avatar\/48e3fc7f8421ba8942be6b74a2b7f014ca39bc00dece156b7a8e098ae7dc87bf?s=96&d=mm&r=g\",\"caption\":\"C.K.\"},\"url\":\"https:\/\/vosgesinfo.fr\/epinalinfo\/author\/celia-k-n\/\"}]}<\/script>\n<!-- \/ Yoast SEO plugin. -->","yoast_head_json":{"title":"Tr\u00e8s haut d\u00e9bit : la R\u00e9gion Grand Est, Losange et Orange scellent un partenariat pour raccorder les derni\u00e8res zones du territoire - Epinal Info","robots":{"index":"index","follow":"follow","max-snippet":"max-snippet:-1","max-image-preview":"max-image-preview:large","max-video-preview":"max-video-preview:-1"},"canonical":"https:\/\/vosgesinfo.fr\/epinalinfo\/?p=137462","twitter_card":"summary_large_image","twitter_title":"Tr\u00e8s haut d\u00e9bit : la R\u00e9gion Grand Est, Losange et Orange scellent un partenariat pour raccorder les derni\u00e8res zones du territoire - Epinal Info","twitter_description":"Le Grand Est poursuit sa marche vers une couverture num\u00e9rique totale. Jeudi 18 novembre, la R\u00e9gion a officialis\u00e9 une d\u00e9claration [&hellip;]","twitter_creator":"@VosgesInfo88","twitter_site":"@VosgesInfo88","twitter_misc":{"\u00c9crit par":"C.K.","Dur\u00e9e de lecture estim\u00e9e":"2 minutes"},"schema":{"@context":"https:\/\/schema.org","@graph":[{"@type":"Article","@id":"https:\/\/vosgesinfo.fr\/epinalinfo\/?p=137462#article","isPartOf":{"@id":"https:\/\/vosgesinfo.fr\/epinalinfo\/?p=137462"},"author":{"name":"C.K.","@id":"https:\/\/vosgesinfo.fr\/epinalinfo\/#\/schema\/person\/6f9a650eeea99d969b6c4ab78fccbe81"},"headline":"Tr\u00e8s haut d\u00e9bit : la R\u00e9gion Grand Est, Losange et Orange scellent un partenariat pour raccorder les derni\u00e8res zones du territoire","datePublished":"2025-11-19T12:37:17+00:00","dateModified":"2025-11-19T12:37:17+00:00","mainEntityOfPage":{"@id":"https:\/\/vosgesinfo.fr\/epinalinfo\/?p=137462"},"wordCount":478,"commentCount":1,"publisher":{"@id":"https:\/\/vosgesinfo.fr\/epinalinfo\/#organization"},"image":{"@id":"https:\/\/vosgesinfo.fr\/epinalinfo\/?p=137462#primaryimage"},"thumbnailUrl":"https:\/\/vosgesinfo.fr\/app\/uploads\/sites\/3\/2025\/11\/fibre.jpg","articleSection":["A la Une","Epinal","Vosges"],"inLanguage":"fr-FR","potentialAction":[{"@type":"CommentAction","name":"Comment","target":["https:\/\/vosgesinfo.fr\/epinalinfo\/?p=137462#respond"]}]},{"@type":"WebPage","@id":"https:\/\/vosgesinfo.fr\/epinalinfo\/?p=137462","url":"https:\/\/vosgesinfo.fr\/epinalinfo\/?p=137462","name":"Tr\u00e8s haut d\u00e9bit : la R\u00e9gion Grand Est, Losange et Orange scellent un partenariat pour raccorder les derni\u00e8res zones du territoire - Epinal Info","isPartOf":{"@id":"https:\/\/vosgesinfo.fr\/epinalinfo\/#website"},"primaryImageOfPage":{"@id":"https:\/\/vosgesinfo.fr\/epinalinfo\/?p=137462#primaryimage"},"image":{"@id":"https:\/\/vosgesinfo.fr\/epinalinfo\/?p=137462#primaryimage"},"thumbnailUrl":"https:\/\/vosgesinfo.fr\/app\/uploads\/sites\/3\/2025\/11\/fibre.jpg","datePublished":"2025-11-19T12:37:17+00:00","dateModified":"2025-11-19T12:37:17+00:00","breadcrumb":{"@id":"https:\/\/vosgesinfo.fr\/epinalinfo\/?p=137462#breadcrumb"},"inLanguage":"fr-FR","potentialAction":[{"@type":"ReadAction","target":["https:\/\/vosgesinfo.fr\/epinalinfo\/?p=137462"]}]},{"@type":"ImageObject","inLanguage":"fr-FR","@id":"https:\/\/vosgesinfo.fr\/epinalinfo\/?p=137462#primaryimage","url":"https:\/\/vosgesinfo.fr\/app\/uploads\/sites\/3\/2025\/11\/fibre.jpg","contentUrl":"https:\/\/vosgesinfo.fr\/app\/uploads\/sites\/3\/2025\/11\/fibre.jpg","width":960,"height":640},{"@type":"BreadcrumbList","@id":"https:\/\/vosgesinfo.fr\/epinalinfo\/?p=137462#breadcrumb","itemListElement":[{"@type":"ListItem","position":1,"name":"Home","item":"https:\/\/vosgesinfo.fr\/epinalinfo\/"},{"@type":"ListItem","position":2,"name":"Tr\u00e8s haut d\u00e9bit : la R\u00e9gion Grand Est, Losange et Orange scellent un partenariat pour raccorder les derni\u00e8res zones du territoire"}]},{"@type":"WebSite","@id":"https:\/\/vosgesinfo.fr\/epinalinfo\/#website","url":"https:\/\/vosgesinfo.fr\/epinalinfo\/","name":"Epinal Info","description":"Toute l&#039;actualit\u00e9 d&#039;\u00c9pinal","publisher":{"@id":"https:\/\/vosgesinfo.fr\/epinalinfo\/#organization"},"alternateName":"Toute l'actualit\u00e9 d'\u00c9pinal","potentialAction":[{"@type":"SearchAction","target":{"@type":"EntryPoint","urlTemplate":"https:\/\/vosgesinfo.fr\/epinalinfo\/?s={search_term_string}"},"query-input":"required name=search_term_string"}],"inLanguage":"fr-FR"},{"@type":"Organization","@id":"https:\/\/vosgesinfo.fr\/epinalinfo\/#organization","name":"Epinal Info","url":"https:\/\/vosgesinfo.fr\/epinalinfo\/","logo":{"@type":"ImageObject","inLanguage":"fr-FR","@id":"https:\/\/vosgesinfo.fr\/epinalinfo\/#\/schema\/logo\/image\/","url":"https:\/\/vosgesinfo.fr\/app\/uploads\/sites\/3\/2023\/08\/logo-epinalinfos.svg","contentUrl":"https:\/\/vosgesinfo.fr\/app\/uploads\/sites\/3\/2023\/08\/logo-epinalinfos.svg","width":1,"height":1,"caption":"Epinal Info"},"image":{"@id":"https:\/\/vosgesinfo.fr\/epinalinfo\/#\/schema\/logo\/image\/"},"sameAs":["https:\/\/www.facebook.com\/Epinalinfos","https:\/\/x.com\/VosgesInfo88","https:\/\/www.youtube.com\/@vosgesinfo"]},{"@type":"Person","@id":"https:\/\/vosgesinfo.fr\/epinalinfo\/#\/schema\/person\/6f9a650eeea99d969b6c4ab78fccbe81","name":"C.K.","image":{"@type":"ImageObject","inLanguage":"fr-FR","@id":"https:\/\/vosgesinfo.fr\/epinalinfo\/#\/schema\/person\/image\/","url":"https:\/\/secure.gravatar.com\/avatar\/48e3fc7f8421ba8942be6b74a2b7f014ca39bc00dece156b7a8e098ae7dc87bf?s=96&d=mm&r=g","contentUrl":"https:\/\/secure.gravatar.com\/avatar\/48e3fc7f8421ba8942be6b74a2b7f014ca39bc00dece156b7a8e098ae7dc87bf?s=96&d=mm&r=g","caption":"C.K."},"url":"https:\/\/vosgesinfo.fr\/epinalinfo\/author\/celia-k-n\/"}]}},"_links":{"self":[{"href":"https:\/\/vosgesinfo.fr\/epinalinfo\/wp-json\/wp\/v2\/posts\/137462","targetHints":{"allow":["GET"]}}],"collection":[{"href":"https:\/\/vosgesinfo.fr\/epinalinfo\/wp-json\/wp\/v2\/posts"}],"about":[{"href":"https:\/\/vosgesinfo.fr\/epinalinfo\/wp-json\/wp\/v2\/types\/post"}],"author":[{"embeddable":true,"href":"https:\/\/vosgesinfo.fr\/epinalinfo\/wp-json\/wp\/v2\/users\/52"}],"replies":[{"embeddable":true,"href":"https:\/\/vosgesinfo.fr\/epinalinfo\/wp-json\/wp\/v2\/comments?post=137462"}],"version-history":[{"count":1,"href":"https:\/\/vosgesinfo.fr\/epinalinfo\/wp-json\/wp\/v2\/posts\/137462\/revisions"}],"predecessor-version":[{"id":137464,"href":"https:\/\/vosgesinfo.fr\/epinalinfo\/wp-json\/wp\/v2\/posts\/137462\/revisions\/137464"}],"wp:featuredmedia":[{"embeddable":true,"href":"https:\/\/vosgesinfo.fr\/epinalinfo\/wp-json\/wp\/v2\/media\/137463"}],"wp:attachment":[{"href":"https:\/\/vosgesinfo.fr\/epinalinfo\/wp-json\/wp\/v2\/media?parent=137462"}],"wp:term":[{"taxonomy":"category","embeddable":true,"href":"https:\/\/vosgesinfo.fr\/epinalinfo\/wp-json\/wp\/v2\/categories?post=137462"},{"taxonomy":"post_tag","embeddable":true,"href":"https:\/\/vosgesinfo.fr\/epinalinfo\/wp-json\/wp\/v2\/tags?post=137462"}],"curies":[{"name":"wp","href":"https:\/\/api.w.org\/{rel}","templated":true}]}}