{"id":137487,"date":"2025-11-20T09:59:53","date_gmt":"2025-11-20T08:59:53","guid":{"rendered":"https:\/\/vosgesinfo.fr\/epinalinfo\/?p=137487"},"modified":"2025-11-20T09:59:53","modified_gmt":"2025-11-20T08:59:53","slug":"le-salon-cousu-de-fil-rouge-revient-avec-une-neuvieme-edition-riche-en-nouveautes","status":"publish","type":"post","link":"https:\/\/vosgesinfo.fr\/epinalinfo\/2025\/11\/le-salon-cousu-de-fil-rouge-revient-avec-une-neuvieme-edition-riche-en-nouveautes\/","title":{"rendered":"Le salon Cousu de fil rouge revient avec une neuvi\u00e8me \u00e9dition riche en nouveaut\u00e9s"},"content":{"rendered":"<h2 data-start=\"178\" data-end=\"645\"><strong><a href=\"https:\/\/vosgesinfo.fr\/app\/uploads\/sites\/3\/2024\/08\/202111cousu-de-fil-rouge-rotonde-2021-6.jpg\"><img decoding=\"async\" class=\"aligncenter size-full wp-image-114308\" src=\"https:\/\/vosgesinfo.fr\/app\/uploads\/sites\/3\/2024\/08\/202111cousu-de-fil-rouge-rotonde-2021-6.jpg\" alt=\"\" width=\"800\" height=\"600\" srcset=\"https:\/\/vosgesinfo.fr\/app\/uploads\/sites\/3\/2024\/08\/202111cousu-de-fil-rouge-rotonde-2021-6.jpg 800w, https:\/\/vosgesinfo.fr\/app\/uploads\/sites\/3\/2024\/08\/202111cousu-de-fil-rouge-rotonde-2021-6-300x225.jpg 300w, https:\/\/vosgesinfo.fr\/app\/uploads\/sites\/3\/2024\/08\/202111cousu-de-fil-rouge-rotonde-2021-6-768x576.jpg 768w\" sizes=\"(max-width: 800px) 100vw, 800px\" \/><\/a>Pour sa neuvi\u00e8me \u00e9dition, le salon <em data-start=\"213\" data-end=\"233\">Cousu de fil rouge<\/em>, organis\u00e9 par la Chambre des m\u00e9tiers et de l\u2019artisanat du Grand Est, s\u2019appr\u00eate \u00e0 accueillir 66 exposants, dont 30 participeront \u00e0 l\u2019\u00e9v\u00e9nement pour la premi\u00e8re fois. Cette nouvelle \u00e9dition mettra une nouvelle fois en lumi\u00e8re l\u2019univers de la mode et du textile, en associant expositions, conf\u00e9rences et ateliers pratiques, sans oublier un volet consacr\u00e9 \u00e0 la formation et \u00e0 la d\u00e9couverte des m\u00e9tiers du secteur.<\/strong><\/h2>\n<p data-start=\"647\" data-end=\"821\">Afin de refl\u00e9ter toute la diversit\u00e9 de la fili\u00e8re, le salon sera structur\u00e9 autour de cinq espaces th\u00e9matiques bien distincts. Les visiteurs pourront ainsi d\u00e9ambuler entre :<\/p>\n<ul data-start=\"822\" data-end=\"1418\">\n<li data-start=\"822\" data-end=\"927\">\n<p data-start=\"824\" data-end=\"927\"><strong data-start=\"824\" data-end=\"848\">l\u2019espace accessoires<\/strong>, o\u00f9 seront pr\u00e9sent\u00e9s chaussures, sacs, foulards, \u00e9toles ou encore chapeaux ;<\/p>\n<\/li>\n<li data-start=\"928\" data-end=\"1021\">\n<p data-start=\"930\" data-end=\"1021\"><strong data-start=\"930\" data-end=\"972\">l\u2019univers de la cr\u00e9ation vestimentaire<\/strong>, d\u00e9di\u00e9 aux collections pour femmes et hommes ;<\/p>\n<\/li>\n<li data-start=\"1022\" data-end=\"1144\">\n<p data-start=\"1024\" data-end=\"1144\"><strong data-start=\"1024\" data-end=\"1046\">le p\u00f4le d\u00e9coration<\/strong>, regroupant coussins, pi\u00e8ces d\u2019ameublement, linge de maison et autres objets pour l\u2019int\u00e9rieur ;<\/p>\n<\/li>\n<li data-start=\"1145\" data-end=\"1278\">\n<p data-start=\"1147\" data-end=\"1278\"><strong data-start=\"1147\" data-end=\"1174\">la salle des merveilles<\/strong>, enti\u00e8rement consacr\u00e9e \u00e0 l\u2019art textile sous toutes ses formes (objets d\u2019art, sculptures, tableaux\u2026) ;<\/p>\n<\/li>\n<li data-start=\"1279\" data-end=\"1418\">\n<p data-start=\"1281\" data-end=\"1418\"><strong data-start=\"1281\" data-end=\"1308\">l\u2019espace petite enfance<\/strong>, introduit l\u2019an dernier et reconduit cette ann\u00e9e, o\u00f9 seront expos\u00e9es des cr\u00e9ations destin\u00e9es aux tout-petits.<\/p>\n<\/li>\n<\/ul>\n<p data-start=\"1420\" data-end=\"1592\">Ce rendez-vous annuel promet ainsi une immersion compl\u00e8te dans la cr\u00e9ativit\u00e9 artisanale, tout en valorisant les savoir-faire et les professionnels qui fa\u00e7onnent le secteur.<\/p>\n","protected":false},"excerpt":{"rendered":"<p>Pour sa neuvi\u00e8me \u00e9dition, le salon Cousu de fil rouge, organis\u00e9 par la Chambre des m\u00e9tiers et de l\u2019artisanat du [&hellip;]<\/p>\n","protected":false},"author":52,"featured_media":114308,"comment_status":"open","ping_status":"open","sticky":false,"template":"","format":"standard","meta":{"footnotes":""},"categories":[22,24,5],"tags":[],"class_list":["post-137487","post","type-post","status-publish","format-standard","has-post-thumbnail","hentry","category-a-la-une","category-epinal","category-vosges"],"acf":[],"yoast_head":"<!-- This site is optimized with the Yoast SEO plugin v22.5 - https:\/\/yoast.com\/wordpress\/plugins\/seo\/ -->\n<title>Le salon Cousu de fil rouge revient avec une neuvi\u00e8me \u00e9dition riche en nouveaut\u00e9s - Epinal Info<\/title>\n<meta name=\"robots\" content=\"index, follow, max-snippet:-1, max-image-preview:large, max-video-preview:-1\" \/>\n<link rel=\"canonical\" href=\"https:\/\/vosgesinfo.fr\/epinalinfo\/?p=137487\" \/>\n<meta name=\"twitter:card\" content=\"summary_large_image\" \/>\n<meta name=\"twitter:title\" content=\"Le salon Cousu de fil rouge revient avec une neuvi\u00e8me \u00e9dition riche en nouveaut\u00e9s - Epinal Info\" \/>\n<meta name=\"twitter:description\" content=\"Pour sa neuvi\u00e8me \u00e9dition, le salon Cousu de fil rouge, organis\u00e9 par la Chambre des m\u00e9tiers et de l\u2019artisanat du [&hellip;]\" \/>\n<meta name=\"twitter:creator\" content=\"@VosgesInfo88\" \/>\n<meta name=\"twitter:site\" content=\"@VosgesInfo88\" \/>\n<meta name=\"twitter:label1\" content=\"\u00c9crit par\" \/>\n\t<meta name=\"twitter:data1\" content=\"C.K.\" \/>\n\t<meta name=\"twitter:label2\" content=\"Dur\u00e9e de lecture estim\u00e9e\" \/>\n\t<meta name=\"twitter:data2\" content=\"1 minute\" \/>\n<script type=\"application\/ld+json\" class=\"yoast-schema-graph\">{\"@context\":\"https:\/\/schema.org\",\"@graph\":[{\"@type\":\"Article\",\"@id\":\"https:\/\/vosgesinfo.fr\/epinalinfo\/?p=137487#article\",\"isPartOf\":{\"@id\":\"https:\/\/vosgesinfo.fr\/epinalinfo\/?p=137487\"},\"author\":{\"name\":\"C.K.\",\"@id\":\"https:\/\/vosgesinfo.fr\/epinalinfo\/#\/schema\/person\/6f9a650eeea99d969b6c4ab78fccbe81\"},\"headline\":\"Le salon Cousu de fil rouge revient avec une neuvi\u00e8me \u00e9dition riche en nouveaut\u00e9s\",\"datePublished\":\"2025-11-20T08:59:53+00:00\",\"dateModified\":\"2025-11-20T08:59:53+00:00\",\"mainEntityOfPage\":{\"@id\":\"https:\/\/vosgesinfo.fr\/epinalinfo\/?p=137487\"},\"wordCount\":250,\"commentCount\":0,\"publisher\":{\"@id\":\"https:\/\/vosgesinfo.fr\/epinalinfo\/#organization\"},\"image\":{\"@id\":\"https:\/\/vosgesinfo.fr\/epinalinfo\/?p=137487#primaryimage\"},\"thumbnailUrl\":\"https:\/\/vosgesinfo.fr\/app\/uploads\/sites\/3\/2024\/08\/202111cousu-de-fil-rouge-rotonde-2021-6.jpg\",\"articleSection\":[\"A la Une\",\"Epinal\",\"Vosges\"],\"inLanguage\":\"fr-FR\",\"potentialAction\":[{\"@type\":\"CommentAction\",\"name\":\"Comment\",\"target\":[\"https:\/\/vosgesinfo.fr\/epinalinfo\/?p=137487#respond\"]}]},{\"@type\":\"WebPage\",\"@id\":\"https:\/\/vosgesinfo.fr\/epinalinfo\/?p=137487\",\"url\":\"https:\/\/vosgesinfo.fr\/epinalinfo\/?p=137487\",\"name\":\"Le salon Cousu de fil rouge revient avec une neuvi\u00e8me \u00e9dition riche en nouveaut\u00e9s - Epinal Info\",\"isPartOf\":{\"@id\":\"https:\/\/vosgesinfo.fr\/epinalinfo\/#website\"},\"primaryImageOfPage\":{\"@id\":\"https:\/\/vosgesinfo.fr\/epinalinfo\/?p=137487#primaryimage\"},\"image\":{\"@id\":\"https:\/\/vosgesinfo.fr\/epinalinfo\/?p=137487#primaryimage\"},\"thumbnailUrl\":\"https:\/\/vosgesinfo.fr\/app\/uploads\/sites\/3\/2024\/08\/202111cousu-de-fil-rouge-rotonde-2021-6.jpg\",\"datePublished\":\"2025-11-20T08:59:53+00:00\",\"dateModified\":\"2025-11-20T08:59:53+00:00\",\"breadcrumb\":{\"@id\":\"https:\/\/vosgesinfo.fr\/epinalinfo\/?p=137487#breadcrumb\"},\"inLanguage\":\"fr-FR\",\"potentialAction\":[{\"@type\":\"ReadAction\",\"target\":[\"https:\/\/vosgesinfo.fr\/epinalinfo\/?p=137487\"]}]},{\"@type\":\"ImageObject\",\"inLanguage\":\"fr-FR\",\"@id\":\"https:\/\/vosgesinfo.fr\/epinalinfo\/?p=137487#primaryimage\",\"url\":\"https:\/\/vosgesinfo.fr\/app\/uploads\/sites\/3\/2024\/08\/202111cousu-de-fil-rouge-rotonde-2021-6.jpg\",\"contentUrl\":\"https:\/\/vosgesinfo.fr\/app\/uploads\/sites\/3\/2024\/08\/202111cousu-de-fil-rouge-rotonde-2021-6.jpg\",\"width\":800,\"height\":600},{\"@type\":\"BreadcrumbList\",\"@id\":\"https:\/\/vosgesinfo.fr\/epinalinfo\/?p=137487#breadcrumb\",\"itemListElement\":[{\"@type\":\"ListItem\",\"position\":1,\"name\":\"Home\",\"item\":\"https:\/\/vosgesinfo.fr\/epinalinfo\/\"},{\"@type\":\"ListItem\",\"position\":2,\"name\":\"Le salon Cousu de fil rouge revient avec une neuvi\u00e8me \u00e9dition riche en nouveaut\u00e9s\"}]},{\"@type\":\"WebSite\",\"@id\":\"https:\/\/vosgesinfo.fr\/epinalinfo\/#website\",\"url\":\"https:\/\/vosgesinfo.fr\/epinalinfo\/\",\"name\":\"Epinal Info\",\"description\":\"Toute l&#039;actualit\u00e9 d&#039;\u00c9pinal\",\"publisher\":{\"@id\":\"https:\/\/vosgesinfo.fr\/epinalinfo\/#organization\"},\"alternateName\":\"Toute l'actualit\u00e9 d'\u00c9pinal\",\"potentialAction\":[{\"@type\":\"SearchAction\",\"target\":{\"@type\":\"EntryPoint\",\"urlTemplate\":\"https:\/\/vosgesinfo.fr\/epinalinfo\/?s={search_term_string}\"},\"query-input\":\"required name=search_term_string\"}],\"inLanguage\":\"fr-FR\"},{\"@type\":\"Organization\",\"@id\":\"https:\/\/vosgesinfo.fr\/epinalinfo\/#organization\",\"name\":\"Epinal Info\",\"url\":\"https:\/\/vosgesinfo.fr\/epinalinfo\/\",\"logo\":{\"@type\":\"ImageObject\",\"inLanguage\":\"fr-FR\",\"@id\":\"https:\/\/vosgesinfo.fr\/epinalinfo\/#\/schema\/logo\/image\/\",\"url\":\"https:\/\/vosgesinfo.fr\/app\/uploads\/sites\/3\/2023\/08\/logo-epinalinfos.svg\",\"contentUrl\":\"https:\/\/vosgesinfo.fr\/app\/uploads\/sites\/3\/2023\/08\/logo-epinalinfos.svg\",\"width\":1,\"height\":1,\"caption\":\"Epinal Info\"},\"image\":{\"@id\":\"https:\/\/vosgesinfo.fr\/epinalinfo\/#\/schema\/logo\/image\/\"},\"sameAs\":[\"https:\/\/www.facebook.com\/Epinalinfos\",\"https:\/\/x.com\/VosgesInfo88\",\"https:\/\/www.youtube.com\/@vosgesinfo\"]},{\"@type\":\"Person\",\"@id\":\"https:\/\/vosgesinfo.fr\/epinalinfo\/#\/schema\/person\/6f9a650eeea99d969b6c4ab78fccbe81\",\"name\":\"C.K.\",\"image\":{\"@type\":\"ImageObject\",\"inLanguage\":\"fr-FR\",\"@id\":\"https:\/\/vosgesinfo.fr\/epinalinfo\/#\/schema\/person\/image\/\",\"url\":\"https:\/\/secure.gravatar.com\/avatar\/48e3fc7f8421ba8942be6b74a2b7f014ca39bc00dece156b7a8e098ae7dc87bf?s=96&d=mm&r=g\",\"contentUrl\":\"https:\/\/secure.gravatar.com\/avatar\/48e3fc7f8421ba8942be6b74a2b7f014ca39bc00dece156b7a8e098ae7dc87bf?s=96&d=mm&r=g\",\"caption\":\"C.K.\"},\"url\":\"https:\/\/vosgesinfo.fr\/epinalinfo\/author\/celia-k-n\/\"}]}<\/script>\n<!-- \/ Yoast SEO plugin. -->","yoast_head_json":{"title":"Le salon Cousu de fil rouge revient avec une neuvi\u00e8me \u00e9dition riche en nouveaut\u00e9s - Epinal Info","robots":{"index":"index","follow":"follow","max-snippet":"max-snippet:-1","max-image-preview":"max-image-preview:large","max-video-preview":"max-video-preview:-1"},"canonical":"https:\/\/vosgesinfo.fr\/epinalinfo\/?p=137487","twitter_card":"summary_large_image","twitter_title":"Le salon Cousu de fil rouge revient avec une neuvi\u00e8me \u00e9dition riche en nouveaut\u00e9s - Epinal Info","twitter_description":"Pour sa neuvi\u00e8me \u00e9dition, le salon Cousu de fil rouge, organis\u00e9 par la Chambre des m\u00e9tiers et de l\u2019artisanat du [&hellip;]","twitter_creator":"@VosgesInfo88","twitter_site":"@VosgesInfo88","twitter_misc":{"\u00c9crit par":"C.K.","Dur\u00e9e de lecture estim\u00e9e":"1 minute"},"schema":{"@context":"https:\/\/schema.org","@graph":[{"@type":"Article","@id":"https:\/\/vosgesinfo.fr\/epinalinfo\/?p=137487#article","isPartOf":{"@id":"https:\/\/vosgesinfo.fr\/epinalinfo\/?p=137487"},"author":{"name":"C.K.","@id":"https:\/\/vosgesinfo.fr\/epinalinfo\/#\/schema\/person\/6f9a650eeea99d969b6c4ab78fccbe81"},"headline":"Le salon Cousu de fil rouge revient avec une neuvi\u00e8me \u00e9dition riche en nouveaut\u00e9s","datePublished":"2025-11-20T08:59:53+00:00","dateModified":"2025-11-20T08:59:53+00:00","mainEntityOfPage":{"@id":"https:\/\/vosgesinfo.fr\/epinalinfo\/?p=137487"},"wordCount":250,"commentCount":0,"publisher":{"@id":"https:\/\/vosgesinfo.fr\/epinalinfo\/#organization"},"image":{"@id":"https:\/\/vosgesinfo.fr\/epinalinfo\/?p=137487#primaryimage"},"thumbnailUrl":"https:\/\/vosgesinfo.fr\/app\/uploads\/sites\/3\/2024\/08\/202111cousu-de-fil-rouge-rotonde-2021-6.jpg","articleSection":["A la Une","Epinal","Vosges"],"inLanguage":"fr-FR","potentialAction":[{"@type":"CommentAction","name":"Comment","target":["https:\/\/vosgesinfo.fr\/epinalinfo\/?p=137487#respond"]}]},{"@type":"WebPage","@id":"https:\/\/vosgesinfo.fr\/epinalinfo\/?p=137487","url":"https:\/\/vosgesinfo.fr\/epinalinfo\/?p=137487","name":"Le salon Cousu de fil rouge revient avec une neuvi\u00e8me \u00e9dition riche en nouveaut\u00e9s - Epinal Info","isPartOf":{"@id":"https:\/\/vosgesinfo.fr\/epinalinfo\/#website"},"primaryImageOfPage":{"@id":"https:\/\/vosgesinfo.fr\/epinalinfo\/?p=137487#primaryimage"},"image":{"@id":"https:\/\/vosgesinfo.fr\/epinalinfo\/?p=137487#primaryimage"},"thumbnailUrl":"https:\/\/vosgesinfo.fr\/app\/uploads\/sites\/3\/2024\/08\/202111cousu-de-fil-rouge-rotonde-2021-6.jpg","datePublished":"2025-11-20T08:59:53+00:00","dateModified":"2025-11-20T08:59:53+00:00","breadcrumb":{"@id":"https:\/\/vosgesinfo.fr\/epinalinfo\/?p=137487#breadcrumb"},"inLanguage":"fr-FR","potentialAction":[{"@type":"ReadAction","target":["https:\/\/vosgesinfo.fr\/epinalinfo\/?p=137487"]}]},{"@type":"ImageObject","inLanguage":"fr-FR","@id":"https:\/\/vosgesinfo.fr\/epinalinfo\/?p=137487#primaryimage","url":"https:\/\/vosgesinfo.fr\/app\/uploads\/sites\/3\/2024\/08\/202111cousu-de-fil-rouge-rotonde-2021-6.jpg","contentUrl":"https:\/\/vosgesinfo.fr\/app\/uploads\/sites\/3\/2024\/08\/202111cousu-de-fil-rouge-rotonde-2021-6.jpg","width":800,"height":600},{"@type":"BreadcrumbList","@id":"https:\/\/vosgesinfo.fr\/epinalinfo\/?p=137487#breadcrumb","itemListElement":[{"@type":"ListItem","position":1,"name":"Home","item":"https:\/\/vosgesinfo.fr\/epinalinfo\/"},{"@type":"ListItem","position":2,"name":"Le salon Cousu de fil rouge revient avec une neuvi\u00e8me \u00e9dition riche en nouveaut\u00e9s"}]},{"@type":"WebSite","@id":"https:\/\/vosgesinfo.fr\/epinalinfo\/#website","url":"https:\/\/vosgesinfo.fr\/epinalinfo\/","name":"Epinal Info","description":"Toute l&#039;actualit\u00e9 d&#039;\u00c9pinal","publisher":{"@id":"https:\/\/vosgesinfo.fr\/epinalinfo\/#organization"},"alternateName":"Toute l'actualit\u00e9 d'\u00c9pinal","potentialAction":[{"@type":"SearchAction","target":{"@type":"EntryPoint","urlTemplate":"https:\/\/vosgesinfo.fr\/epinalinfo\/?s={search_term_string}"},"query-input":"required name=search_term_string"}],"inLanguage":"fr-FR"},{"@type":"Organization","@id":"https:\/\/vosgesinfo.fr\/epinalinfo\/#organization","name":"Epinal Info","url":"https:\/\/vosgesinfo.fr\/epinalinfo\/","logo":{"@type":"ImageObject","inLanguage":"fr-FR","@id":"https:\/\/vosgesinfo.fr\/epinalinfo\/#\/schema\/logo\/image\/","url":"https:\/\/vosgesinfo.fr\/app\/uploads\/sites\/3\/2023\/08\/logo-epinalinfos.svg","contentUrl":"https:\/\/vosgesinfo.fr\/app\/uploads\/sites\/3\/2023\/08\/logo-epinalinfos.svg","width":1,"height":1,"caption":"Epinal Info"},"image":{"@id":"https:\/\/vosgesinfo.fr\/epinalinfo\/#\/schema\/logo\/image\/"},"sameAs":["https:\/\/www.facebook.com\/Epinalinfos","https:\/\/x.com\/VosgesInfo88","https:\/\/www.youtube.com\/@vosgesinfo"]},{"@type":"Person","@id":"https:\/\/vosgesinfo.fr\/epinalinfo\/#\/schema\/person\/6f9a650eeea99d969b6c4ab78fccbe81","name":"C.K.","image":{"@type":"ImageObject","inLanguage":"fr-FR","@id":"https:\/\/vosgesinfo.fr\/epinalinfo\/#\/schema\/person\/image\/","url":"https:\/\/secure.gravatar.com\/avatar\/48e3fc7f8421ba8942be6b74a2b7f014ca39bc00dece156b7a8e098ae7dc87bf?s=96&d=mm&r=g","contentUrl":"https:\/\/secure.gravatar.com\/avatar\/48e3fc7f8421ba8942be6b74a2b7f014ca39bc00dece156b7a8e098ae7dc87bf?s=96&d=mm&r=g","caption":"C.K."},"url":"https:\/\/vosgesinfo.fr\/epinalinfo\/author\/celia-k-n\/"}]}},"_links":{"self":[{"href":"https:\/\/vosgesinfo.fr\/epinalinfo\/wp-json\/wp\/v2\/posts\/137487","targetHints":{"allow":["GET"]}}],"collection":[{"href":"https:\/\/vosgesinfo.fr\/epinalinfo\/wp-json\/wp\/v2\/posts"}],"about":[{"href":"https:\/\/vosgesinfo.fr\/epinalinfo\/wp-json\/wp\/v2\/types\/post"}],"author":[{"embeddable":true,"href":"https:\/\/vosgesinfo.fr\/epinalinfo\/wp-json\/wp\/v2\/users\/52"}],"replies":[{"embeddable":true,"href":"https:\/\/vosgesinfo.fr\/epinalinfo\/wp-json\/wp\/v2\/comments?post=137487"}],"version-history":[{"count":1,"href":"https:\/\/vosgesinfo.fr\/epinalinfo\/wp-json\/wp\/v2\/posts\/137487\/revisions"}],"predecessor-version":[{"id":137488,"href":"https:\/\/vosgesinfo.fr\/epinalinfo\/wp-json\/wp\/v2\/posts\/137487\/revisions\/137488"}],"wp:featuredmedia":[{"embeddable":true,"href":"https:\/\/vosgesinfo.fr\/epinalinfo\/wp-json\/wp\/v2\/media\/114308"}],"wp:attachment":[{"href":"https:\/\/vosgesinfo.fr\/epinalinfo\/wp-json\/wp\/v2\/media?parent=137487"}],"wp:term":[{"taxonomy":"category","embeddable":true,"href":"https:\/\/vosgesinfo.fr\/epinalinfo\/wp-json\/wp\/v2\/categories?post=137487"},{"taxonomy":"post_tag","embeddable":true,"href":"https:\/\/vosgesinfo.fr\/epinalinfo\/wp-json\/wp\/v2\/tags?post=137487"}],"curies":[{"name":"wp","href":"https:\/\/api.w.org\/{rel}","templated":true}]}}