{"id":137839,"date":"2025-12-05T07:28:00","date_gmt":"2025-12-05T06:28:00","guid":{"rendered":"https:\/\/vosgesinfo.fr\/epinalinfo\/?p=137839"},"modified":"2025-12-03T10:30:09","modified_gmt":"2025-12-03T09:30:09","slug":"vosges-le-departement-adopte-une-serie-daides-pour-soutenir-les-projets-du-territoire","status":"publish","type":"post","link":"https:\/\/vosgesinfo.fr\/epinalinfo\/2025\/12\/vosges-le-departement-adopte-une-serie-daides-pour-soutenir-les-projets-du-territoire\/","title":{"rendered":"Vosges : le D\u00e9partement adopte une s\u00e9rie d\u2019aides pour soutenir les projets du territoire"},"content":{"rendered":"<div id=\"attachment_137840\" style=\"width: 1034px\" class=\"wp-caption aligncenter\"><a href=\"https:\/\/vosgesinfo.fr\/app\/uploads\/sites\/3\/2025\/12\/ob-2026-assemblee-1024x576-1.jpg\"><img decoding=\"async\" aria-describedby=\"caption-attachment-137840\" class=\"size-full wp-image-137840\" src=\"https:\/\/vosgesinfo.fr\/app\/uploads\/sites\/3\/2025\/12\/ob-2026-assemblee-1024x576-1.jpg\" alt=\"\" width=\"1024\" height=\"576\" srcset=\"https:\/\/vosgesinfo.fr\/app\/uploads\/sites\/3\/2025\/12\/ob-2026-assemblee-1024x576-1.jpg 1024w, https:\/\/vosgesinfo.fr\/app\/uploads\/sites\/3\/2025\/12\/ob-2026-assemblee-1024x576-1-300x169.jpg 300w, https:\/\/vosgesinfo.fr\/app\/uploads\/sites\/3\/2025\/12\/ob-2026-assemblee-1024x576-1-768x432.jpg 768w\" sizes=\"(max-width: 1024px) 100vw, 1024px\" \/><\/a><p id=\"caption-attachment-137840\" class=\"wp-caption-text\">photo Vosges Mag<\/p><\/div>\n<h2 data-start=\"177\" data-end=\"536\"><strong>Le Conseil d\u00e9partemental des Vosges s\u2019est r\u00e9uni le 24 novembre 2025 en commission permanente, sous la pr\u00e9sidence de Fran\u00e7ois Vannson. Cette s\u00e9ance a permis d\u2019examiner de nombreux dossiers concernant l\u2019am\u00e9nagement du territoire, le soutien au monde agricole, l\u2019\u00e9volution des structures m\u00e9dico-sociales, la gestion de l\u2019eau et l\u2019accompagnement des associations.<\/strong><\/h2>\n<p data-start=\"538\" data-end=\"994\">L\u2019une des d\u00e9cisions majeures concerne le Sch\u00e9ma d\u2019Am\u00e9nagement et de Gestion des Eaux de la nappe des Gr\u00e8s du Trias Inf\u00e9rieur. Jusqu\u2019ici pilot\u00e9 par le D\u00e9partement, ce document strat\u00e9gique passera sous la responsabilit\u00e9 de la R\u00e9gion Grand Est \u00e0 compter du 1er janvier 2026. Ce transfert garantira la poursuite des r\u00e9unions de concertation et le maintien du travail engag\u00e9 avec la Commission Locale de l\u2019Eau afin d\u2019assurer une gestion durable de la ressource.<\/p>\n<p data-start=\"996\" data-end=\"1711\">Le D\u00e9partement a \u00e9galement attribu\u00e9 pr\u00e8s d\u2019un million d\u2019euros de subventions \u00e0 26 projets locaux, pour un montant total de 955 768 euros. Les communes pourront ainsi financer des travaux de voirie, des op\u00e9rations de r\u00e9novation \u00e9nerg\u00e9tique, des projets patrimoniaux, des am\u00e9nagements d\u2019\u00e9clairage public ou des installations li\u00e9es \u00e0 l\u2019eau potable. Parmi ces financements figure une aide de 75 000 euros pour les travaux de restauration du ch\u0153ur de la basilique Saint-Maurice \u00e0 \u00c9pinal. D\u2019autres op\u00e9rations b\u00e9n\u00e9ficient du fonds de solidarit\u00e9, comme la requalification de la rue G\u00e9n\u00e9ral-de-Gaulle \u00e0 Saint-Nabord ou l\u2019am\u00e9nagement complet de la rue de la Gare \u00e0 Liffol-le-Grand, chacune soutenue \u00e0 hauteur de 52 500 euros.<\/p>\n<p data-start=\"1713\" data-end=\"2299\">Le secteur agricole n\u2019a pas \u00e9t\u00e9 oubli\u00e9. Huit projets d\u2019installation ont \u00e9t\u00e9 accompagn\u00e9s pour un total de 74 000 euros. Ces initiatives, r\u00e9parties dans les cantons de La Bresse, Bruy\u00e8res, Darney, Neufch\u00e2teau, Raon-l\u2019\u00c9tape, Le Thillot et Vittel, concernent aussi bien des cr\u00e9ations que des reprises d\u2019exploitations, notamment en zone de montagne. Les activit\u00e9s soutenues couvrent l\u2019\u00e9levage bovin lait ou viande, la polyculture, l\u2019agriculture biologique, l\u2019\u00e9levage ovin ou caprin et les d\u00e9marches en circuits courts. Les montants vers\u00e9s varient selon les dossiers, de 6 000 \u00e0 17 000 euros.<\/p>\n<p data-start=\"2301\" data-end=\"3039\">La commission s\u2019est \u00e9galement prononc\u00e9e sur deux projets structurants dans le secteur m\u00e9dico-social. D\u2019une part, la reconstruction de l\u2019EHPAD \u00ab L\u2019Accueil \u00bb \u00e0 Granges-Aumontzey a fait l\u2019objet d\u2019une r\u00e9\u00e9valuation de la participation d\u00e9partementale. D\u00e9j\u00e0 soutenu \u00e0 hauteur de 3 817 000 euros lors des pr\u00e9c\u00e9dentes d\u00e9lib\u00e9rations, l\u2019\u00e9tablissement b\u00e9n\u00e9ficie d\u2019une aide compl\u00e9mentaire de 210 000 euros en raison de l\u2019augmentation de sa capacit\u00e9, port\u00e9e \u00e0 96 places. Le financement total du D\u00e9partement atteint d\u00e9sormais 4 027 000 euros. D\u2019autre part, la future MARPA de Rupt-sur-Moselle re\u00e7oit une subvention de 1 293 159 euros dans le cadre du programme national IDRA. Ces deux op\u00e9rations s\u2019inscrivent dans une programmation \u00e9tal\u00e9e jusqu\u2019en 2027.<\/p>\n<p data-start=\"3041\" data-end=\"3380\">Pour conclure, les conseillers d\u00e9partementaux ont valid\u00e9 l\u2019octroi de 15 000 euros aux associations caritatives que sont la Banque alimentaire des Vosges et la F\u00e9d\u00e9ration d\u00e9partementale du Secours populaire. Cette aide vise \u00e0 soutenir leurs actions aupr\u00e8s des personnes les plus fragiles et \u00e0 garantir l\u2019acc\u00e8s \u00e0 une alimentation de qualit\u00e9.<\/p>\n","protected":false},"excerpt":{"rendered":"<p>Le Conseil d\u00e9partemental des Vosges s\u2019est r\u00e9uni le 24 novembre 2025 en commission permanente, sous la pr\u00e9sidence de Fran\u00e7ois Vannson. [&hellip;]<\/p>\n","protected":false},"author":52,"featured_media":137840,"comment_status":"open","ping_status":"open","sticky":false,"template":"","format":"standard","meta":{"footnotes":""},"categories":[22,24,5],"tags":[],"class_list":["post-137839","post","type-post","status-publish","format-standard","has-post-thumbnail","hentry","category-a-la-une","category-epinal","category-vosges"],"acf":[],"yoast_head":"<!-- This site is optimized with the Yoast SEO plugin v22.5 - https:\/\/yoast.com\/wordpress\/plugins\/seo\/ -->\n<title>Vosges : le D\u00e9partement adopte une s\u00e9rie d\u2019aides pour soutenir les projets du territoire - Epinal Info<\/title>\n<meta name=\"robots\" content=\"index, follow, max-snippet:-1, max-image-preview:large, max-video-preview:-1\" \/>\n<link rel=\"canonical\" href=\"https:\/\/vosgesinfo.fr\/epinalinfo\/2025\/12\/vosges-le-departement-adopte-une-serie-daides-pour-soutenir-les-projets-du-territoire\/\" \/>\n<meta name=\"twitter:card\" content=\"summary_large_image\" \/>\n<meta name=\"twitter:title\" content=\"Vosges : le D\u00e9partement adopte une s\u00e9rie d\u2019aides pour soutenir les projets du territoire - Epinal Info\" \/>\n<meta name=\"twitter:description\" content=\"Le Conseil d\u00e9partemental des Vosges s\u2019est r\u00e9uni le 24 novembre 2025 en commission permanente, sous la pr\u00e9sidence de Fran\u00e7ois Vannson. [&hellip;]\" \/>\n<meta name=\"twitter:image\" content=\"https:\/\/vosgesinfo.fr\/app\/uploads\/sites\/3\/2025\/12\/ob-2026-assemblee-1024x576-1.jpg\" \/>\n<meta name=\"twitter:creator\" content=\"@VosgesInfo88\" \/>\n<meta name=\"twitter:site\" content=\"@VosgesInfo88\" \/>\n<meta name=\"twitter:label1\" content=\"\u00c9crit par\" \/>\n\t<meta name=\"twitter:data1\" content=\"C.K.\" \/>\n\t<meta name=\"twitter:label2\" content=\"Dur\u00e9e de lecture estim\u00e9e\" \/>\n\t<meta name=\"twitter:data2\" content=\"3 minutes\" \/>\n<script type=\"application\/ld+json\" class=\"yoast-schema-graph\">{\"@context\":\"https:\/\/schema.org\",\"@graph\":[{\"@type\":\"Article\",\"@id\":\"https:\/\/vosgesinfo.fr\/epinalinfo\/2025\/12\/vosges-le-departement-adopte-une-serie-daides-pour-soutenir-les-projets-du-territoire\/#article\",\"isPartOf\":{\"@id\":\"https:\/\/vosgesinfo.fr\/epinalinfo\/2025\/12\/vosges-le-departement-adopte-une-serie-daides-pour-soutenir-les-projets-du-territoire\/\"},\"author\":{\"name\":\"C.K.\",\"@id\":\"https:\/\/vosgesinfo.fr\/epinalinfo\/#\/schema\/person\/6f9a650eeea99d969b6c4ab78fccbe81\"},\"headline\":\"Vosges : le D\u00e9partement adopte une s\u00e9rie d\u2019aides pour soutenir les projets du territoire\",\"datePublished\":\"2025-12-05T06:28:00+00:00\",\"dateModified\":\"2025-12-03T09:30:09+00:00\",\"mainEntityOfPage\":{\"@id\":\"https:\/\/vosgesinfo.fr\/epinalinfo\/2025\/12\/vosges-le-departement-adopte-une-serie-daides-pour-soutenir-les-projets-du-territoire\/\"},\"wordCount\":558,\"commentCount\":0,\"publisher\":{\"@id\":\"https:\/\/vosgesinfo.fr\/epinalinfo\/#organization\"},\"image\":{\"@id\":\"https:\/\/vosgesinfo.fr\/epinalinfo\/2025\/12\/vosges-le-departement-adopte-une-serie-daides-pour-soutenir-les-projets-du-territoire\/#primaryimage\"},\"thumbnailUrl\":\"https:\/\/vosgesinfo.fr\/app\/uploads\/sites\/3\/2025\/12\/ob-2026-assemblee-1024x576-1.jpg\",\"articleSection\":[\"A la Une\",\"Epinal\",\"Vosges\"],\"inLanguage\":\"fr-FR\",\"potentialAction\":[{\"@type\":\"CommentAction\",\"name\":\"Comment\",\"target\":[\"https:\/\/vosgesinfo.fr\/epinalinfo\/2025\/12\/vosges-le-departement-adopte-une-serie-daides-pour-soutenir-les-projets-du-territoire\/#respond\"]}]},{\"@type\":\"WebPage\",\"@id\":\"https:\/\/vosgesinfo.fr\/epinalinfo\/2025\/12\/vosges-le-departement-adopte-une-serie-daides-pour-soutenir-les-projets-du-territoire\/\",\"url\":\"https:\/\/vosgesinfo.fr\/epinalinfo\/2025\/12\/vosges-le-departement-adopte-une-serie-daides-pour-soutenir-les-projets-du-territoire\/\",\"name\":\"Vosges : le D\u00e9partement adopte une s\u00e9rie d\u2019aides pour soutenir les projets du territoire - Epinal Info\",\"isPartOf\":{\"@id\":\"https:\/\/vosgesinfo.fr\/epinalinfo\/#website\"},\"primaryImageOfPage\":{\"@id\":\"https:\/\/vosgesinfo.fr\/epinalinfo\/2025\/12\/vosges-le-departement-adopte-une-serie-daides-pour-soutenir-les-projets-du-territoire\/#primaryimage\"},\"image\":{\"@id\":\"https:\/\/vosgesinfo.fr\/epinalinfo\/2025\/12\/vosges-le-departement-adopte-une-serie-daides-pour-soutenir-les-projets-du-territoire\/#primaryimage\"},\"thumbnailUrl\":\"https:\/\/vosgesinfo.fr\/app\/uploads\/sites\/3\/2025\/12\/ob-2026-assemblee-1024x576-1.jpg\",\"datePublished\":\"2025-12-05T06:28:00+00:00\",\"dateModified\":\"2025-12-03T09:30:09+00:00\",\"breadcrumb\":{\"@id\":\"https:\/\/vosgesinfo.fr\/epinalinfo\/2025\/12\/vosges-le-departement-adopte-une-serie-daides-pour-soutenir-les-projets-du-territoire\/#breadcrumb\"},\"inLanguage\":\"fr-FR\",\"potentialAction\":[{\"@type\":\"ReadAction\",\"target\":[\"https:\/\/vosgesinfo.fr\/epinalinfo\/2025\/12\/vosges-le-departement-adopte-une-serie-daides-pour-soutenir-les-projets-du-territoire\/\"]}]},{\"@type\":\"ImageObject\",\"inLanguage\":\"fr-FR\",\"@id\":\"https:\/\/vosgesinfo.fr\/epinalinfo\/2025\/12\/vosges-le-departement-adopte-une-serie-daides-pour-soutenir-les-projets-du-territoire\/#primaryimage\",\"url\":\"https:\/\/vosgesinfo.fr\/app\/uploads\/sites\/3\/2025\/12\/ob-2026-assemblee-1024x576-1.jpg\",\"contentUrl\":\"https:\/\/vosgesinfo.fr\/app\/uploads\/sites\/3\/2025\/12\/ob-2026-assemblee-1024x576-1.jpg\",\"width\":1024,\"height\":576,\"caption\":\"photo Vosges Mag\"},{\"@type\":\"BreadcrumbList\",\"@id\":\"https:\/\/vosgesinfo.fr\/epinalinfo\/2025\/12\/vosges-le-departement-adopte-une-serie-daides-pour-soutenir-les-projets-du-territoire\/#breadcrumb\",\"itemListElement\":[{\"@type\":\"ListItem\",\"position\":1,\"name\":\"Home\",\"item\":\"https:\/\/vosgesinfo.fr\/epinalinfo\/\"},{\"@type\":\"ListItem\",\"position\":2,\"name\":\"Vosges : le D\u00e9partement adopte une s\u00e9rie d\u2019aides pour soutenir les projets du territoire\"}]},{\"@type\":\"WebSite\",\"@id\":\"https:\/\/vosgesinfo.fr\/epinalinfo\/#website\",\"url\":\"https:\/\/vosgesinfo.fr\/epinalinfo\/\",\"name\":\"Epinal Info\",\"description\":\"Toute l&#039;actualit\u00e9 d&#039;\u00c9pinal\",\"publisher\":{\"@id\":\"https:\/\/vosgesinfo.fr\/epinalinfo\/#organization\"},\"alternateName\":\"Toute l'actualit\u00e9 d'\u00c9pinal\",\"potentialAction\":[{\"@type\":\"SearchAction\",\"target\":{\"@type\":\"EntryPoint\",\"urlTemplate\":\"https:\/\/vosgesinfo.fr\/epinalinfo\/?s={search_term_string}\"},\"query-input\":\"required name=search_term_string\"}],\"inLanguage\":\"fr-FR\"},{\"@type\":\"Organization\",\"@id\":\"https:\/\/vosgesinfo.fr\/epinalinfo\/#organization\",\"name\":\"Epinal Info\",\"url\":\"https:\/\/vosgesinfo.fr\/epinalinfo\/\",\"logo\":{\"@type\":\"ImageObject\",\"inLanguage\":\"fr-FR\",\"@id\":\"https:\/\/vosgesinfo.fr\/epinalinfo\/#\/schema\/logo\/image\/\",\"url\":\"https:\/\/vosgesinfo.fr\/app\/uploads\/sites\/3\/2023\/08\/logo-epinalinfos.svg\",\"contentUrl\":\"https:\/\/vosgesinfo.fr\/app\/uploads\/sites\/3\/2023\/08\/logo-epinalinfos.svg\",\"width\":1,\"height\":1,\"caption\":\"Epinal Info\"},\"image\":{\"@id\":\"https:\/\/vosgesinfo.fr\/epinalinfo\/#\/schema\/logo\/image\/\"},\"sameAs\":[\"https:\/\/www.facebook.com\/Epinalinfos\",\"https:\/\/x.com\/VosgesInfo88\",\"https:\/\/www.youtube.com\/@vosgesinfo\"]},{\"@type\":\"Person\",\"@id\":\"https:\/\/vosgesinfo.fr\/epinalinfo\/#\/schema\/person\/6f9a650eeea99d969b6c4ab78fccbe81\",\"name\":\"C.K.\",\"image\":{\"@type\":\"ImageObject\",\"inLanguage\":\"fr-FR\",\"@id\":\"https:\/\/vosgesinfo.fr\/epinalinfo\/#\/schema\/person\/image\/\",\"url\":\"https:\/\/secure.gravatar.com\/avatar\/48e3fc7f8421ba8942be6b74a2b7f014ca39bc00dece156b7a8e098ae7dc87bf?s=96&d=mm&r=g\",\"contentUrl\":\"https:\/\/secure.gravatar.com\/avatar\/48e3fc7f8421ba8942be6b74a2b7f014ca39bc00dece156b7a8e098ae7dc87bf?s=96&d=mm&r=g\",\"caption\":\"C.K.\"},\"url\":\"https:\/\/vosgesinfo.fr\/epinalinfo\/author\/celia-k-n\/\"}]}<\/script>\n<!-- \/ Yoast SEO plugin. -->","yoast_head_json":{"title":"Vosges : le D\u00e9partement adopte une s\u00e9rie d\u2019aides pour soutenir les projets du territoire - Epinal Info","robots":{"index":"index","follow":"follow","max-snippet":"max-snippet:-1","max-image-preview":"max-image-preview:large","max-video-preview":"max-video-preview:-1"},"canonical":"https:\/\/vosgesinfo.fr\/epinalinfo\/2025\/12\/vosges-le-departement-adopte-une-serie-daides-pour-soutenir-les-projets-du-territoire\/","twitter_card":"summary_large_image","twitter_title":"Vosges : le D\u00e9partement adopte une s\u00e9rie d\u2019aides pour soutenir les projets du territoire - Epinal Info","twitter_description":"Le Conseil d\u00e9partemental des Vosges s\u2019est r\u00e9uni le 24 novembre 2025 en commission permanente, sous la pr\u00e9sidence de Fran\u00e7ois Vannson. [&hellip;]","twitter_image":"https:\/\/vosgesinfo.fr\/app\/uploads\/sites\/3\/2025\/12\/ob-2026-assemblee-1024x576-1.jpg","twitter_creator":"@VosgesInfo88","twitter_site":"@VosgesInfo88","twitter_misc":{"\u00c9crit par":"C.K.","Dur\u00e9e de lecture estim\u00e9e":"3 minutes"},"schema":{"@context":"https:\/\/schema.org","@graph":[{"@type":"Article","@id":"https:\/\/vosgesinfo.fr\/epinalinfo\/2025\/12\/vosges-le-departement-adopte-une-serie-daides-pour-soutenir-les-projets-du-territoire\/#article","isPartOf":{"@id":"https:\/\/vosgesinfo.fr\/epinalinfo\/2025\/12\/vosges-le-departement-adopte-une-serie-daides-pour-soutenir-les-projets-du-territoire\/"},"author":{"name":"C.K.","@id":"https:\/\/vosgesinfo.fr\/epinalinfo\/#\/schema\/person\/6f9a650eeea99d969b6c4ab78fccbe81"},"headline":"Vosges : le D\u00e9partement adopte une s\u00e9rie d\u2019aides pour soutenir les projets du territoire","datePublished":"2025-12-05T06:28:00+00:00","dateModified":"2025-12-03T09:30:09+00:00","mainEntityOfPage":{"@id":"https:\/\/vosgesinfo.fr\/epinalinfo\/2025\/12\/vosges-le-departement-adopte-une-serie-daides-pour-soutenir-les-projets-du-territoire\/"},"wordCount":558,"commentCount":0,"publisher":{"@id":"https:\/\/vosgesinfo.fr\/epinalinfo\/#organization"},"image":{"@id":"https:\/\/vosgesinfo.fr\/epinalinfo\/2025\/12\/vosges-le-departement-adopte-une-serie-daides-pour-soutenir-les-projets-du-territoire\/#primaryimage"},"thumbnailUrl":"https:\/\/vosgesinfo.fr\/app\/uploads\/sites\/3\/2025\/12\/ob-2026-assemblee-1024x576-1.jpg","articleSection":["A la Une","Epinal","Vosges"],"inLanguage":"fr-FR","potentialAction":[{"@type":"CommentAction","name":"Comment","target":["https:\/\/vosgesinfo.fr\/epinalinfo\/2025\/12\/vosges-le-departement-adopte-une-serie-daides-pour-soutenir-les-projets-du-territoire\/#respond"]}]},{"@type":"WebPage","@id":"https:\/\/vosgesinfo.fr\/epinalinfo\/2025\/12\/vosges-le-departement-adopte-une-serie-daides-pour-soutenir-les-projets-du-territoire\/","url":"https:\/\/vosgesinfo.fr\/epinalinfo\/2025\/12\/vosges-le-departement-adopte-une-serie-daides-pour-soutenir-les-projets-du-territoire\/","name":"Vosges : le D\u00e9partement adopte une s\u00e9rie d\u2019aides pour soutenir les projets du territoire - Epinal Info","isPartOf":{"@id":"https:\/\/vosgesinfo.fr\/epinalinfo\/#website"},"primaryImageOfPage":{"@id":"https:\/\/vosgesinfo.fr\/epinalinfo\/2025\/12\/vosges-le-departement-adopte-une-serie-daides-pour-soutenir-les-projets-du-territoire\/#primaryimage"},"image":{"@id":"https:\/\/vosgesinfo.fr\/epinalinfo\/2025\/12\/vosges-le-departement-adopte-une-serie-daides-pour-soutenir-les-projets-du-territoire\/#primaryimage"},"thumbnailUrl":"https:\/\/vosgesinfo.fr\/app\/uploads\/sites\/3\/2025\/12\/ob-2026-assemblee-1024x576-1.jpg","datePublished":"2025-12-05T06:28:00+00:00","dateModified":"2025-12-03T09:30:09+00:00","breadcrumb":{"@id":"https:\/\/vosgesinfo.fr\/epinalinfo\/2025\/12\/vosges-le-departement-adopte-une-serie-daides-pour-soutenir-les-projets-du-territoire\/#breadcrumb"},"inLanguage":"fr-FR","potentialAction":[{"@type":"ReadAction","target":["https:\/\/vosgesinfo.fr\/epinalinfo\/2025\/12\/vosges-le-departement-adopte-une-serie-daides-pour-soutenir-les-projets-du-territoire\/"]}]},{"@type":"ImageObject","inLanguage":"fr-FR","@id":"https:\/\/vosgesinfo.fr\/epinalinfo\/2025\/12\/vosges-le-departement-adopte-une-serie-daides-pour-soutenir-les-projets-du-territoire\/#primaryimage","url":"https:\/\/vosgesinfo.fr\/app\/uploads\/sites\/3\/2025\/12\/ob-2026-assemblee-1024x576-1.jpg","contentUrl":"https:\/\/vosgesinfo.fr\/app\/uploads\/sites\/3\/2025\/12\/ob-2026-assemblee-1024x576-1.jpg","width":1024,"height":576,"caption":"photo Vosges Mag"},{"@type":"BreadcrumbList","@id":"https:\/\/vosgesinfo.fr\/epinalinfo\/2025\/12\/vosges-le-departement-adopte-une-serie-daides-pour-soutenir-les-projets-du-territoire\/#breadcrumb","itemListElement":[{"@type":"ListItem","position":1,"name":"Home","item":"https:\/\/vosgesinfo.fr\/epinalinfo\/"},{"@type":"ListItem","position":2,"name":"Vosges : le D\u00e9partement adopte une s\u00e9rie d\u2019aides pour soutenir les projets du territoire"}]},{"@type":"WebSite","@id":"https:\/\/vosgesinfo.fr\/epinalinfo\/#website","url":"https:\/\/vosgesinfo.fr\/epinalinfo\/","name":"Epinal Info","description":"Toute l&#039;actualit\u00e9 d&#039;\u00c9pinal","publisher":{"@id":"https:\/\/vosgesinfo.fr\/epinalinfo\/#organization"},"alternateName":"Toute l'actualit\u00e9 d'\u00c9pinal","potentialAction":[{"@type":"SearchAction","target":{"@type":"EntryPoint","urlTemplate":"https:\/\/vosgesinfo.fr\/epinalinfo\/?s={search_term_string}"},"query-input":"required name=search_term_string"}],"inLanguage":"fr-FR"},{"@type":"Organization","@id":"https:\/\/vosgesinfo.fr\/epinalinfo\/#organization","name":"Epinal Info","url":"https:\/\/vosgesinfo.fr\/epinalinfo\/","logo":{"@type":"ImageObject","inLanguage":"fr-FR","@id":"https:\/\/vosgesinfo.fr\/epinalinfo\/#\/schema\/logo\/image\/","url":"https:\/\/vosgesinfo.fr\/app\/uploads\/sites\/3\/2023\/08\/logo-epinalinfos.svg","contentUrl":"https:\/\/vosgesinfo.fr\/app\/uploads\/sites\/3\/2023\/08\/logo-epinalinfos.svg","width":1,"height":1,"caption":"Epinal Info"},"image":{"@id":"https:\/\/vosgesinfo.fr\/epinalinfo\/#\/schema\/logo\/image\/"},"sameAs":["https:\/\/www.facebook.com\/Epinalinfos","https:\/\/x.com\/VosgesInfo88","https:\/\/www.youtube.com\/@vosgesinfo"]},{"@type":"Person","@id":"https:\/\/vosgesinfo.fr\/epinalinfo\/#\/schema\/person\/6f9a650eeea99d969b6c4ab78fccbe81","name":"C.K.","image":{"@type":"ImageObject","inLanguage":"fr-FR","@id":"https:\/\/vosgesinfo.fr\/epinalinfo\/#\/schema\/person\/image\/","url":"https:\/\/secure.gravatar.com\/avatar\/48e3fc7f8421ba8942be6b74a2b7f014ca39bc00dece156b7a8e098ae7dc87bf?s=96&d=mm&r=g","contentUrl":"https:\/\/secure.gravatar.com\/avatar\/48e3fc7f8421ba8942be6b74a2b7f014ca39bc00dece156b7a8e098ae7dc87bf?s=96&d=mm&r=g","caption":"C.K."},"url":"https:\/\/vosgesinfo.fr\/epinalinfo\/author\/celia-k-n\/"}]}},"_links":{"self":[{"href":"https:\/\/vosgesinfo.fr\/epinalinfo\/wp-json\/wp\/v2\/posts\/137839","targetHints":{"allow":["GET"]}}],"collection":[{"href":"https:\/\/vosgesinfo.fr\/epinalinfo\/wp-json\/wp\/v2\/posts"}],"about":[{"href":"https:\/\/vosgesinfo.fr\/epinalinfo\/wp-json\/wp\/v2\/types\/post"}],"author":[{"embeddable":true,"href":"https:\/\/vosgesinfo.fr\/epinalinfo\/wp-json\/wp\/v2\/users\/52"}],"replies":[{"embeddable":true,"href":"https:\/\/vosgesinfo.fr\/epinalinfo\/wp-json\/wp\/v2\/comments?post=137839"}],"version-history":[{"count":1,"href":"https:\/\/vosgesinfo.fr\/epinalinfo\/wp-json\/wp\/v2\/posts\/137839\/revisions"}],"predecessor-version":[{"id":137841,"href":"https:\/\/vosgesinfo.fr\/epinalinfo\/wp-json\/wp\/v2\/posts\/137839\/revisions\/137841"}],"wp:featuredmedia":[{"embeddable":true,"href":"https:\/\/vosgesinfo.fr\/epinalinfo\/wp-json\/wp\/v2\/media\/137840"}],"wp:attachment":[{"href":"https:\/\/vosgesinfo.fr\/epinalinfo\/wp-json\/wp\/v2\/media?parent=137839"}],"wp:term":[{"taxonomy":"category","embeddable":true,"href":"https:\/\/vosgesinfo.fr\/epinalinfo\/wp-json\/wp\/v2\/categories?post=137839"},{"taxonomy":"post_tag","embeddable":true,"href":"https:\/\/vosgesinfo.fr\/epinalinfo\/wp-json\/wp\/v2\/tags?post=137839"}],"curies":[{"name":"wp","href":"https:\/\/api.w.org\/{rel}","templated":true}]}}