{"id":137842,"date":"2025-12-05T07:49:29","date_gmt":"2025-12-05T06:49:29","guid":{"rendered":"https:\/\/vosgesinfo.fr\/epinalinfo\/?p=137842"},"modified":"2025-12-03T10:50:55","modified_gmt":"2025-12-03T09:50:55","slug":"thaon-les-vosges-lirts-de-lorraine-inaugure-ses-nouveaux-locaux-et-celebre-ses-premiers-diplomes","status":"publish","type":"post","link":"https:\/\/vosgesinfo.fr\/epinalinfo\/2025\/12\/thaon-les-vosges-lirts-de-lorraine-inaugure-ses-nouveaux-locaux-et-celebre-ses-premiers-diplomes\/","title":{"rendered":"Thaon-les-Vosges : l\u2019IRTS de Lorraine inaugure ses nouveaux locaux et c\u00e9l\u00e8bre ses premiers dipl\u00f4m\u00e9s"},"content":{"rendered":"<div id=\"attachment_137843\" style=\"width: 1034px\" class=\"wp-caption aligncenter\"><a href=\"https:\/\/vosgesinfo.fr\/app\/uploads\/sites\/3\/2025\/12\/whatsapp-image-2025-12-03-at-10.31.58.jpeg\"><img decoding=\"async\" aria-describedby=\"caption-attachment-137843\" class=\"size-large wp-image-137843\" src=\"https:\/\/vosgesinfo.fr\/app\/uploads\/sites\/3\/2025\/12\/whatsapp-image-2025-12-03-at-10.31.58-1024x768.jpeg\" alt=\"\" width=\"1024\" height=\"768\" srcset=\"https:\/\/vosgesinfo.fr\/app\/uploads\/sites\/3\/2025\/12\/whatsapp-image-2025-12-03-at-10.31.58-1024x768.jpeg 1024w, https:\/\/vosgesinfo.fr\/app\/uploads\/sites\/3\/2025\/12\/whatsapp-image-2025-12-03-at-10.31.58-300x225.jpeg 300w, https:\/\/vosgesinfo.fr\/app\/uploads\/sites\/3\/2025\/12\/whatsapp-image-2025-12-03-at-10.31.58-768x576.jpeg 768w, https:\/\/vosgesinfo.fr\/app\/uploads\/sites\/3\/2025\/12\/whatsapp-image-2025-12-03-at-10.31.58.jpeg 1440w\" sizes=\"(max-width: 1024px) 100vw, 1024px\" \/><\/a><p id=\"caption-attachment-137843\" class=\"wp-caption-text\">photos Ville de Thaon-les-Vosges<\/p><\/div>\n<h2 data-start=\"197\" data-end=\"531\"><strong>Thaon-les-Vosges a accueilli, mardi 2 d\u00e9cembre 2025, un moment fort pour la formation aux m\u00e9tiers du social. L\u2019IRTS de Lorraine y a inaugur\u00e9 officiellement son nouveau site de formation, ouvert depuis octobre 2023, tout en mettant \u00e0 l\u2019honneur la premi\u00e8re promotion de moniteurs \u00e9ducateurs dipl\u00f4m\u00e9s par la voie de l\u2019apprentissage.<\/strong><\/h2>\n<p data-start=\"533\" data-end=\"905\">L\u2019\u00e9v\u00e9nement s\u2019est d\u00e9roul\u00e9 en pr\u00e9sence des repr\u00e9sentants institutionnels, des partenaires locaux, des employeurs du secteur social et des apprentis. Cette double c\u00e9l\u00e9bration marque une \u00e9tape importante pour l\u2019\u00e9tablissement, qui renforce ainsi son ancrage territorial et son r\u00f4le central dans la r\u00e9ponse aux besoins de recrutement des structures sociales et m\u00e9dico-sociales.<\/p>\n<p data-start=\"907\" data-end=\"1534\">Depuis plusieurs ann\u00e9es, le Centre de Formation des Apprentis de l\u2019IRTS m\u00e8ne une strat\u00e9gie de proximit\u00e9 avec les territoires. Avec plus de 400 apprentis accompagn\u00e9s chaque ann\u00e9e sur l\u2019ensemble de ses implantations, l\u2019institut d\u00e9veloppe une offre con\u00e7ue pour faciliter l\u2019acc\u00e8s \u00e0 la formation, limiter les d\u00e9placements et s\u2019adapter aux r\u00e9alit\u00e9s locales. L\u2019ouverture du site de Thaon-les-Vosges s\u2019inscrit pleinement dans cette dynamique, port\u00e9e conjointement avec le Conseil d\u00e9partemental des Vosges et les acteurs du secteur social. Aujourd\u2019hui, 44 alternants y suivent les cursus d\u2019\u00c9ducateur sp\u00e9cialis\u00e9 et de Moniteur \u00e9ducateur.<\/p>\n<p data-start=\"1536\" data-end=\"2012\">La c\u00e9r\u00e9monie a \u00e9galement \u00e9t\u00e9 l\u2019occasion de remettre les premiers dipl\u00f4mes aux apprentis form\u00e9s entre octobre 2023 et juin 2025. Cette premi\u00e8re promotion illustre la r\u00e9ussite du mod\u00e8le de l\u2019alternance, qui permet d\u2019allier enseignement th\u00e9orique, immersion professionnelle et mont\u00e9e en comp\u00e9tences progressive. Ces nouveaux professionnels, d\u00e9sormais dipl\u00f4m\u00e9s, exerceront aupr\u00e8s de publics fragiles, confirmant l\u2019importance du r\u00f4le du CFA dans la structuration du secteur social.<\/p>\n<p data-start=\"2014\" data-end=\"2728\">L\u2019IRTS de Lorraine, inscrit dans le Sch\u00e9ma R\u00e9gional des Formations Sanitaires et Sociales du Grand Est, \u00e9largira son offre d\u00e8s la rentr\u00e9e 2025. Les formations d\u2019\u00c9ducateur sp\u00e9cialis\u00e9, de Moniteur \u00e9ducateur et de Technicien de l\u2019intervention sociale et familiale seront propos\u00e9es \u00e0 l\u2019\u00e9cole Jules Ferry. L\u2019Arche Bernadette accueillera quant \u00e0 elle les cursus de Conseiller en \u00e9conomie sociale familiale, en partenariat avec la MFR de Gugn\u00e9court, ainsi que la formation d\u2019Accompagnant \u00e9ducatif et social. Le dispositif \u00ab R\u00e9ussir son entr\u00e9e dans les formations du sanitaire et du social \u00bb compl\u00e8tera cette offre, et plusieurs formations devraient progressivement \u00eatre transf\u00e9r\u00e9es vers les locaux de l\u2019\u00e9cole Jules Ferry.<\/p>\n<p data-start=\"2730\" data-end=\"2928\" data-is-last-node=\"\" data-is-only-node=\"\">Avec cette inauguration et la mise en lumi\u00e8re de ses premiers dipl\u00f4m\u00e9s, le site de Thaon-les-Vosges confirme son r\u00f4le d\u2019acteur majeur dans la formation des futurs travailleurs sociaux du territoire.<\/p>\n\n\t\t<style type=\"text\/css\">\n\t\t\t#gallery-1 {\n\t\t\t\tmargin: auto;\n\t\t\t}\n\t\t\t#gallery-1 .gallery-item {\n\t\t\t\tfloat: left;\n\t\t\t\tmargin-top: 10px;\n\t\t\t\ttext-align: center;\n\t\t\t\twidth: 33%;\n\t\t\t}\n\t\t\t#gallery-1 img {\n\t\t\t\tborder: 2px solid #cfcfcf;\n\t\t\t}\n\t\t\t#gallery-1 .gallery-caption {\n\t\t\t\tmargin-left: 0;\n\t\t\t}\n\t\t\t\/* see gallery_shortcode() in wp-includes\/media.php *\/\n\t\t<\/style>\n\t\t<div id='gallery-1' class='gallery galleryid-137842 gallery-columns-3 gallery-size-large'><dl class='gallery-item'>\n\t\t\t<dt class='gallery-icon landscape'>\n\t\t\t\t<a href='https:\/\/vosgesinfo.fr\/app\/uploads\/sites\/3\/2025\/12\/whatsapp-image-2025-12-03-at-10.32.10.jpeg'><img decoding=\"async\" width=\"1024\" height=\"768\" src=\"https:\/\/vosgesinfo.fr\/app\/uploads\/sites\/3\/2025\/12\/whatsapp-image-2025-12-03-at-10.32.10-1024x768.jpeg\" class=\"attachment-large size-large\" alt=\"\" srcset=\"https:\/\/vosgesinfo.fr\/app\/uploads\/sites\/3\/2025\/12\/whatsapp-image-2025-12-03-at-10.32.10-1024x768.jpeg 1024w, https:\/\/vosgesinfo.fr\/app\/uploads\/sites\/3\/2025\/12\/whatsapp-image-2025-12-03-at-10.32.10-300x225.jpeg 300w, https:\/\/vosgesinfo.fr\/app\/uploads\/sites\/3\/2025\/12\/whatsapp-image-2025-12-03-at-10.32.10-768x576.jpeg 768w, https:\/\/vosgesinfo.fr\/app\/uploads\/sites\/3\/2025\/12\/whatsapp-image-2025-12-03-at-10.32.10.jpeg 1440w\" sizes=\"(max-width: 1024px) 100vw, 1024px\" \/><\/a>\n\t\t\t<\/dt><\/dl><dl class='gallery-item'>\n\t\t\t<dt class='gallery-icon landscape'>\n\t\t\t\t<a href='https:\/\/vosgesinfo.fr\/app\/uploads\/sites\/3\/2025\/12\/whatsapp-image-2025-12-03-at-10.32.24.jpeg'><img decoding=\"async\" width=\"1024\" height=\"768\" src=\"https:\/\/vosgesinfo.fr\/app\/uploads\/sites\/3\/2025\/12\/whatsapp-image-2025-12-03-at-10.32.24-1024x768.jpeg\" class=\"attachment-large size-large\" alt=\"\" srcset=\"https:\/\/vosgesinfo.fr\/app\/uploads\/sites\/3\/2025\/12\/whatsapp-image-2025-12-03-at-10.32.24-1024x768.jpeg 1024w, https:\/\/vosgesinfo.fr\/app\/uploads\/sites\/3\/2025\/12\/whatsapp-image-2025-12-03-at-10.32.24-300x225.jpeg 300w, https:\/\/vosgesinfo.fr\/app\/uploads\/sites\/3\/2025\/12\/whatsapp-image-2025-12-03-at-10.32.24-768x576.jpeg 768w, https:\/\/vosgesinfo.fr\/app\/uploads\/sites\/3\/2025\/12\/whatsapp-image-2025-12-03-at-10.32.24.jpeg 1440w\" sizes=\"(max-width: 1024px) 100vw, 1024px\" \/><\/a>\n\t\t\t<\/dt><\/dl><dl class='gallery-item'>\n\t\t\t<dt class='gallery-icon landscape'>\n\t\t\t\t<a href='https:\/\/vosgesinfo.fr\/app\/uploads\/sites\/3\/2025\/12\/whatsapp-image-2025-12-03-at-10.32.42.jpeg'><img decoding=\"async\" width=\"1024\" height=\"768\" src=\"https:\/\/vosgesinfo.fr\/app\/uploads\/sites\/3\/2025\/12\/whatsapp-image-2025-12-03-at-10.32.42-1024x768.jpeg\" class=\"attachment-large size-large\" alt=\"\" srcset=\"https:\/\/vosgesinfo.fr\/app\/uploads\/sites\/3\/2025\/12\/whatsapp-image-2025-12-03-at-10.32.42-1024x768.jpeg 1024w, https:\/\/vosgesinfo.fr\/app\/uploads\/sites\/3\/2025\/12\/whatsapp-image-2025-12-03-at-10.32.42-300x225.jpeg 300w, https:\/\/vosgesinfo.fr\/app\/uploads\/sites\/3\/2025\/12\/whatsapp-image-2025-12-03-at-10.32.42-768x576.jpeg 768w, https:\/\/vosgesinfo.fr\/app\/uploads\/sites\/3\/2025\/12\/whatsapp-image-2025-12-03-at-10.32.42.jpeg 1440w\" sizes=\"(max-width: 1024px) 100vw, 1024px\" \/><\/a>\n\t\t\t<\/dt><\/dl><br style=\"clear: both\" \/>\n\t\t<\/div>\n\n","protected":false},"excerpt":{"rendered":"<p>Thaon-les-Vosges a accueilli, mardi 2 d\u00e9cembre 2025, un moment fort pour la formation aux m\u00e9tiers du social. L\u2019IRTS de Lorraine [&hellip;]<\/p>\n","protected":false},"author":52,"featured_media":137843,"comment_status":"open","ping_status":"open","sticky":false,"template":"","format":"standard","meta":{"footnotes":""},"categories":[22,24,93],"tags":[],"class_list":["post-137842","post","type-post","status-publish","format-standard","has-post-thumbnail","hentry","category-a-la-une","category-epinal","category-thaon-les-vosges"],"acf":[],"yoast_head":"<!-- This site is optimized with the Yoast SEO plugin v22.5 - https:\/\/yoast.com\/wordpress\/plugins\/seo\/ -->\n<title>Thaon-les-Vosges : l\u2019IRTS de Lorraine inaugure ses nouveaux locaux et c\u00e9l\u00e8bre ses premiers dipl\u00f4m\u00e9s - Epinal Info<\/title>\n<meta name=\"robots\" content=\"index, follow, max-snippet:-1, max-image-preview:large, max-video-preview:-1\" \/>\n<link rel=\"canonical\" href=\"https:\/\/vosgesinfo.fr\/epinalinfo\/2025\/12\/thaon-les-vosges-lirts-de-lorraine-inaugure-ses-nouveaux-locaux-et-celebre-ses-premiers-diplomes\/\" \/>\n<meta name=\"twitter:card\" content=\"summary_large_image\" \/>\n<meta name=\"twitter:title\" content=\"Thaon-les-Vosges : l\u2019IRTS de Lorraine inaugure ses nouveaux locaux et c\u00e9l\u00e8bre ses premiers dipl\u00f4m\u00e9s - Epinal Info\" \/>\n<meta name=\"twitter:description\" content=\"Thaon-les-Vosges a accueilli, mardi 2 d\u00e9cembre 2025, un moment fort pour la formation aux m\u00e9tiers du social. L\u2019IRTS de Lorraine [&hellip;]\" \/>\n<meta name=\"twitter:image\" content=\"https:\/\/vosgesinfo.fr\/app\/uploads\/sites\/3\/2025\/12\/whatsapp-image-2025-12-03-at-10.31.58.jpeg\" \/>\n<meta name=\"twitter:creator\" content=\"@VosgesInfo88\" \/>\n<meta name=\"twitter:site\" content=\"@VosgesInfo88\" \/>\n<meta name=\"twitter:label1\" content=\"\u00c9crit par\" \/>\n\t<meta name=\"twitter:data1\" content=\"C.K.\" \/>\n\t<meta name=\"twitter:label2\" content=\"Dur\u00e9e de lecture estim\u00e9e\" \/>\n\t<meta name=\"twitter:data2\" content=\"2 minutes\" \/>\n<script type=\"application\/ld+json\" class=\"yoast-schema-graph\">{\"@context\":\"https:\/\/schema.org\",\"@graph\":[{\"@type\":\"Article\",\"@id\":\"https:\/\/vosgesinfo.fr\/epinalinfo\/2025\/12\/thaon-les-vosges-lirts-de-lorraine-inaugure-ses-nouveaux-locaux-et-celebre-ses-premiers-diplomes\/#article\",\"isPartOf\":{\"@id\":\"https:\/\/vosgesinfo.fr\/epinalinfo\/2025\/12\/thaon-les-vosges-lirts-de-lorraine-inaugure-ses-nouveaux-locaux-et-celebre-ses-premiers-diplomes\/\"},\"author\":{\"name\":\"C.K.\",\"@id\":\"https:\/\/vosgesinfo.fr\/epinalinfo\/#\/schema\/person\/6f9a650eeea99d969b6c4ab78fccbe81\"},\"headline\":\"Thaon-les-Vosges : l\u2019IRTS de Lorraine inaugure ses nouveaux locaux et c\u00e9l\u00e8bre ses premiers dipl\u00f4m\u00e9s\",\"datePublished\":\"2025-12-05T06:49:29+00:00\",\"dateModified\":\"2025-12-03T09:50:55+00:00\",\"mainEntityOfPage\":{\"@id\":\"https:\/\/vosgesinfo.fr\/epinalinfo\/2025\/12\/thaon-les-vosges-lirts-de-lorraine-inaugure-ses-nouveaux-locaux-et-celebre-ses-premiers-diplomes\/\"},\"wordCount\":494,\"commentCount\":0,\"publisher\":{\"@id\":\"https:\/\/vosgesinfo.fr\/epinalinfo\/#organization\"},\"image\":{\"@id\":\"https:\/\/vosgesinfo.fr\/epinalinfo\/2025\/12\/thaon-les-vosges-lirts-de-lorraine-inaugure-ses-nouveaux-locaux-et-celebre-ses-premiers-diplomes\/#primaryimage\"},\"thumbnailUrl\":\"https:\/\/vosgesinfo.fr\/app\/uploads\/sites\/3\/2025\/12\/whatsapp-image-2025-12-03-at-10.31.58.jpeg\",\"articleSection\":[\"A la Une\",\"Epinal\",\"Thaon-les-Vosges\"],\"inLanguage\":\"fr-FR\",\"potentialAction\":[{\"@type\":\"CommentAction\",\"name\":\"Comment\",\"target\":[\"https:\/\/vosgesinfo.fr\/epinalinfo\/2025\/12\/thaon-les-vosges-lirts-de-lorraine-inaugure-ses-nouveaux-locaux-et-celebre-ses-premiers-diplomes\/#respond\"]}]},{\"@type\":\"WebPage\",\"@id\":\"https:\/\/vosgesinfo.fr\/epinalinfo\/2025\/12\/thaon-les-vosges-lirts-de-lorraine-inaugure-ses-nouveaux-locaux-et-celebre-ses-premiers-diplomes\/\",\"url\":\"https:\/\/vosgesinfo.fr\/epinalinfo\/2025\/12\/thaon-les-vosges-lirts-de-lorraine-inaugure-ses-nouveaux-locaux-et-celebre-ses-premiers-diplomes\/\",\"name\":\"Thaon-les-Vosges : l\u2019IRTS de Lorraine inaugure ses nouveaux locaux et c\u00e9l\u00e8bre ses premiers dipl\u00f4m\u00e9s - Epinal Info\",\"isPartOf\":{\"@id\":\"https:\/\/vosgesinfo.fr\/epinalinfo\/#website\"},\"primaryImageOfPage\":{\"@id\":\"https:\/\/vosgesinfo.fr\/epinalinfo\/2025\/12\/thaon-les-vosges-lirts-de-lorraine-inaugure-ses-nouveaux-locaux-et-celebre-ses-premiers-diplomes\/#primaryimage\"},\"image\":{\"@id\":\"https:\/\/vosgesinfo.fr\/epinalinfo\/2025\/12\/thaon-les-vosges-lirts-de-lorraine-inaugure-ses-nouveaux-locaux-et-celebre-ses-premiers-diplomes\/#primaryimage\"},\"thumbnailUrl\":\"https:\/\/vosgesinfo.fr\/app\/uploads\/sites\/3\/2025\/12\/whatsapp-image-2025-12-03-at-10.31.58.jpeg\",\"datePublished\":\"2025-12-05T06:49:29+00:00\",\"dateModified\":\"2025-12-03T09:50:55+00:00\",\"breadcrumb\":{\"@id\":\"https:\/\/vosgesinfo.fr\/epinalinfo\/2025\/12\/thaon-les-vosges-lirts-de-lorraine-inaugure-ses-nouveaux-locaux-et-celebre-ses-premiers-diplomes\/#breadcrumb\"},\"inLanguage\":\"fr-FR\",\"potentialAction\":[{\"@type\":\"ReadAction\",\"target\":[\"https:\/\/vosgesinfo.fr\/epinalinfo\/2025\/12\/thaon-les-vosges-lirts-de-lorraine-inaugure-ses-nouveaux-locaux-et-celebre-ses-premiers-diplomes\/\"]}]},{\"@type\":\"ImageObject\",\"inLanguage\":\"fr-FR\",\"@id\":\"https:\/\/vosgesinfo.fr\/epinalinfo\/2025\/12\/thaon-les-vosges-lirts-de-lorraine-inaugure-ses-nouveaux-locaux-et-celebre-ses-premiers-diplomes\/#primaryimage\",\"url\":\"https:\/\/vosgesinfo.fr\/app\/uploads\/sites\/3\/2025\/12\/whatsapp-image-2025-12-03-at-10.31.58.jpeg\",\"contentUrl\":\"https:\/\/vosgesinfo.fr\/app\/uploads\/sites\/3\/2025\/12\/whatsapp-image-2025-12-03-at-10.31.58.jpeg\",\"width\":1440,\"height\":1080,\"caption\":\"photos Ville de Thaon-les-Vosges\"},{\"@type\":\"BreadcrumbList\",\"@id\":\"https:\/\/vosgesinfo.fr\/epinalinfo\/2025\/12\/thaon-les-vosges-lirts-de-lorraine-inaugure-ses-nouveaux-locaux-et-celebre-ses-premiers-diplomes\/#breadcrumb\",\"itemListElement\":[{\"@type\":\"ListItem\",\"position\":1,\"name\":\"Home\",\"item\":\"https:\/\/vosgesinfo.fr\/epinalinfo\/\"},{\"@type\":\"ListItem\",\"position\":2,\"name\":\"Thaon-les-Vosges : l\u2019IRTS de Lorraine inaugure ses nouveaux locaux et c\u00e9l\u00e8bre ses premiers dipl\u00f4m\u00e9s\"}]},{\"@type\":\"WebSite\",\"@id\":\"https:\/\/vosgesinfo.fr\/epinalinfo\/#website\",\"url\":\"https:\/\/vosgesinfo.fr\/epinalinfo\/\",\"name\":\"Epinal Info\",\"description\":\"Toute l&#039;actualit\u00e9 d&#039;\u00c9pinal\",\"publisher\":{\"@id\":\"https:\/\/vosgesinfo.fr\/epinalinfo\/#organization\"},\"alternateName\":\"Toute l'actualit\u00e9 d'\u00c9pinal\",\"potentialAction\":[{\"@type\":\"SearchAction\",\"target\":{\"@type\":\"EntryPoint\",\"urlTemplate\":\"https:\/\/vosgesinfo.fr\/epinalinfo\/?s={search_term_string}\"},\"query-input\":\"required name=search_term_string\"}],\"inLanguage\":\"fr-FR\"},{\"@type\":\"Organization\",\"@id\":\"https:\/\/vosgesinfo.fr\/epinalinfo\/#organization\",\"name\":\"Epinal Info\",\"url\":\"https:\/\/vosgesinfo.fr\/epinalinfo\/\",\"logo\":{\"@type\":\"ImageObject\",\"inLanguage\":\"fr-FR\",\"@id\":\"https:\/\/vosgesinfo.fr\/epinalinfo\/#\/schema\/logo\/image\/\",\"url\":\"https:\/\/vosgesinfo.fr\/app\/uploads\/sites\/3\/2023\/08\/logo-epinalinfos.svg\",\"contentUrl\":\"https:\/\/vosgesinfo.fr\/app\/uploads\/sites\/3\/2023\/08\/logo-epinalinfos.svg\",\"width\":1,\"height\":1,\"caption\":\"Epinal Info\"},\"image\":{\"@id\":\"https:\/\/vosgesinfo.fr\/epinalinfo\/#\/schema\/logo\/image\/\"},\"sameAs\":[\"https:\/\/www.facebook.com\/Epinalinfos\",\"https:\/\/x.com\/VosgesInfo88\",\"https:\/\/www.youtube.com\/@vosgesinfo\"]},{\"@type\":\"Person\",\"@id\":\"https:\/\/vosgesinfo.fr\/epinalinfo\/#\/schema\/person\/6f9a650eeea99d969b6c4ab78fccbe81\",\"name\":\"C.K.\",\"image\":{\"@type\":\"ImageObject\",\"inLanguage\":\"fr-FR\",\"@id\":\"https:\/\/vosgesinfo.fr\/epinalinfo\/#\/schema\/person\/image\/\",\"url\":\"https:\/\/secure.gravatar.com\/avatar\/48e3fc7f8421ba8942be6b74a2b7f014ca39bc00dece156b7a8e098ae7dc87bf?s=96&d=mm&r=g\",\"contentUrl\":\"https:\/\/secure.gravatar.com\/avatar\/48e3fc7f8421ba8942be6b74a2b7f014ca39bc00dece156b7a8e098ae7dc87bf?s=96&d=mm&r=g\",\"caption\":\"C.K.\"},\"url\":\"https:\/\/vosgesinfo.fr\/epinalinfo\/author\/celia-k-n\/\"}]}<\/script>\n<!-- \/ Yoast SEO plugin. -->","yoast_head_json":{"title":"Thaon-les-Vosges : l\u2019IRTS de Lorraine inaugure ses nouveaux locaux et c\u00e9l\u00e8bre ses premiers dipl\u00f4m\u00e9s - Epinal Info","robots":{"index":"index","follow":"follow","max-snippet":"max-snippet:-1","max-image-preview":"max-image-preview:large","max-video-preview":"max-video-preview:-1"},"canonical":"https:\/\/vosgesinfo.fr\/epinalinfo\/2025\/12\/thaon-les-vosges-lirts-de-lorraine-inaugure-ses-nouveaux-locaux-et-celebre-ses-premiers-diplomes\/","twitter_card":"summary_large_image","twitter_title":"Thaon-les-Vosges : l\u2019IRTS de Lorraine inaugure ses nouveaux locaux et c\u00e9l\u00e8bre ses premiers dipl\u00f4m\u00e9s - Epinal Info","twitter_description":"Thaon-les-Vosges a accueilli, mardi 2 d\u00e9cembre 2025, un moment fort pour la formation aux m\u00e9tiers du social. L\u2019IRTS de Lorraine [&hellip;]","twitter_image":"https:\/\/vosgesinfo.fr\/app\/uploads\/sites\/3\/2025\/12\/whatsapp-image-2025-12-03-at-10.31.58.jpeg","twitter_creator":"@VosgesInfo88","twitter_site":"@VosgesInfo88","twitter_misc":{"\u00c9crit par":"C.K.","Dur\u00e9e de lecture estim\u00e9e":"2 minutes"},"schema":{"@context":"https:\/\/schema.org","@graph":[{"@type":"Article","@id":"https:\/\/vosgesinfo.fr\/epinalinfo\/2025\/12\/thaon-les-vosges-lirts-de-lorraine-inaugure-ses-nouveaux-locaux-et-celebre-ses-premiers-diplomes\/#article","isPartOf":{"@id":"https:\/\/vosgesinfo.fr\/epinalinfo\/2025\/12\/thaon-les-vosges-lirts-de-lorraine-inaugure-ses-nouveaux-locaux-et-celebre-ses-premiers-diplomes\/"},"author":{"name":"C.K.","@id":"https:\/\/vosgesinfo.fr\/epinalinfo\/#\/schema\/person\/6f9a650eeea99d969b6c4ab78fccbe81"},"headline":"Thaon-les-Vosges : l\u2019IRTS de Lorraine inaugure ses nouveaux locaux et c\u00e9l\u00e8bre ses premiers dipl\u00f4m\u00e9s","datePublished":"2025-12-05T06:49:29+00:00","dateModified":"2025-12-03T09:50:55+00:00","mainEntityOfPage":{"@id":"https:\/\/vosgesinfo.fr\/epinalinfo\/2025\/12\/thaon-les-vosges-lirts-de-lorraine-inaugure-ses-nouveaux-locaux-et-celebre-ses-premiers-diplomes\/"},"wordCount":494,"commentCount":0,"publisher":{"@id":"https:\/\/vosgesinfo.fr\/epinalinfo\/#organization"},"image":{"@id":"https:\/\/vosgesinfo.fr\/epinalinfo\/2025\/12\/thaon-les-vosges-lirts-de-lorraine-inaugure-ses-nouveaux-locaux-et-celebre-ses-premiers-diplomes\/#primaryimage"},"thumbnailUrl":"https:\/\/vosgesinfo.fr\/app\/uploads\/sites\/3\/2025\/12\/whatsapp-image-2025-12-03-at-10.31.58.jpeg","articleSection":["A la Une","Epinal","Thaon-les-Vosges"],"inLanguage":"fr-FR","potentialAction":[{"@type":"CommentAction","name":"Comment","target":["https:\/\/vosgesinfo.fr\/epinalinfo\/2025\/12\/thaon-les-vosges-lirts-de-lorraine-inaugure-ses-nouveaux-locaux-et-celebre-ses-premiers-diplomes\/#respond"]}]},{"@type":"WebPage","@id":"https:\/\/vosgesinfo.fr\/epinalinfo\/2025\/12\/thaon-les-vosges-lirts-de-lorraine-inaugure-ses-nouveaux-locaux-et-celebre-ses-premiers-diplomes\/","url":"https:\/\/vosgesinfo.fr\/epinalinfo\/2025\/12\/thaon-les-vosges-lirts-de-lorraine-inaugure-ses-nouveaux-locaux-et-celebre-ses-premiers-diplomes\/","name":"Thaon-les-Vosges : l\u2019IRTS de Lorraine inaugure ses nouveaux locaux et c\u00e9l\u00e8bre ses premiers dipl\u00f4m\u00e9s - Epinal Info","isPartOf":{"@id":"https:\/\/vosgesinfo.fr\/epinalinfo\/#website"},"primaryImageOfPage":{"@id":"https:\/\/vosgesinfo.fr\/epinalinfo\/2025\/12\/thaon-les-vosges-lirts-de-lorraine-inaugure-ses-nouveaux-locaux-et-celebre-ses-premiers-diplomes\/#primaryimage"},"image":{"@id":"https:\/\/vosgesinfo.fr\/epinalinfo\/2025\/12\/thaon-les-vosges-lirts-de-lorraine-inaugure-ses-nouveaux-locaux-et-celebre-ses-premiers-diplomes\/#primaryimage"},"thumbnailUrl":"https:\/\/vosgesinfo.fr\/app\/uploads\/sites\/3\/2025\/12\/whatsapp-image-2025-12-03-at-10.31.58.jpeg","datePublished":"2025-12-05T06:49:29+00:00","dateModified":"2025-12-03T09:50:55+00:00","breadcrumb":{"@id":"https:\/\/vosgesinfo.fr\/epinalinfo\/2025\/12\/thaon-les-vosges-lirts-de-lorraine-inaugure-ses-nouveaux-locaux-et-celebre-ses-premiers-diplomes\/#breadcrumb"},"inLanguage":"fr-FR","potentialAction":[{"@type":"ReadAction","target":["https:\/\/vosgesinfo.fr\/epinalinfo\/2025\/12\/thaon-les-vosges-lirts-de-lorraine-inaugure-ses-nouveaux-locaux-et-celebre-ses-premiers-diplomes\/"]}]},{"@type":"ImageObject","inLanguage":"fr-FR","@id":"https:\/\/vosgesinfo.fr\/epinalinfo\/2025\/12\/thaon-les-vosges-lirts-de-lorraine-inaugure-ses-nouveaux-locaux-et-celebre-ses-premiers-diplomes\/#primaryimage","url":"https:\/\/vosgesinfo.fr\/app\/uploads\/sites\/3\/2025\/12\/whatsapp-image-2025-12-03-at-10.31.58.jpeg","contentUrl":"https:\/\/vosgesinfo.fr\/app\/uploads\/sites\/3\/2025\/12\/whatsapp-image-2025-12-03-at-10.31.58.jpeg","width":1440,"height":1080,"caption":"photos Ville de Thaon-les-Vosges"},{"@type":"BreadcrumbList","@id":"https:\/\/vosgesinfo.fr\/epinalinfo\/2025\/12\/thaon-les-vosges-lirts-de-lorraine-inaugure-ses-nouveaux-locaux-et-celebre-ses-premiers-diplomes\/#breadcrumb","itemListElement":[{"@type":"ListItem","position":1,"name":"Home","item":"https:\/\/vosgesinfo.fr\/epinalinfo\/"},{"@type":"ListItem","position":2,"name":"Thaon-les-Vosges : l\u2019IRTS de Lorraine inaugure ses nouveaux locaux et c\u00e9l\u00e8bre ses premiers dipl\u00f4m\u00e9s"}]},{"@type":"WebSite","@id":"https:\/\/vosgesinfo.fr\/epinalinfo\/#website","url":"https:\/\/vosgesinfo.fr\/epinalinfo\/","name":"Epinal Info","description":"Toute l&#039;actualit\u00e9 d&#039;\u00c9pinal","publisher":{"@id":"https:\/\/vosgesinfo.fr\/epinalinfo\/#organization"},"alternateName":"Toute l'actualit\u00e9 d'\u00c9pinal","potentialAction":[{"@type":"SearchAction","target":{"@type":"EntryPoint","urlTemplate":"https:\/\/vosgesinfo.fr\/epinalinfo\/?s={search_term_string}"},"query-input":"required name=search_term_string"}],"inLanguage":"fr-FR"},{"@type":"Organization","@id":"https:\/\/vosgesinfo.fr\/epinalinfo\/#organization","name":"Epinal Info","url":"https:\/\/vosgesinfo.fr\/epinalinfo\/","logo":{"@type":"ImageObject","inLanguage":"fr-FR","@id":"https:\/\/vosgesinfo.fr\/epinalinfo\/#\/schema\/logo\/image\/","url":"https:\/\/vosgesinfo.fr\/app\/uploads\/sites\/3\/2023\/08\/logo-epinalinfos.svg","contentUrl":"https:\/\/vosgesinfo.fr\/app\/uploads\/sites\/3\/2023\/08\/logo-epinalinfos.svg","width":1,"height":1,"caption":"Epinal Info"},"image":{"@id":"https:\/\/vosgesinfo.fr\/epinalinfo\/#\/schema\/logo\/image\/"},"sameAs":["https:\/\/www.facebook.com\/Epinalinfos","https:\/\/x.com\/VosgesInfo88","https:\/\/www.youtube.com\/@vosgesinfo"]},{"@type":"Person","@id":"https:\/\/vosgesinfo.fr\/epinalinfo\/#\/schema\/person\/6f9a650eeea99d969b6c4ab78fccbe81","name":"C.K.","image":{"@type":"ImageObject","inLanguage":"fr-FR","@id":"https:\/\/vosgesinfo.fr\/epinalinfo\/#\/schema\/person\/image\/","url":"https:\/\/secure.gravatar.com\/avatar\/48e3fc7f8421ba8942be6b74a2b7f014ca39bc00dece156b7a8e098ae7dc87bf?s=96&d=mm&r=g","contentUrl":"https:\/\/secure.gravatar.com\/avatar\/48e3fc7f8421ba8942be6b74a2b7f014ca39bc00dece156b7a8e098ae7dc87bf?s=96&d=mm&r=g","caption":"C.K."},"url":"https:\/\/vosgesinfo.fr\/epinalinfo\/author\/celia-k-n\/"}]}},"_links":{"self":[{"href":"https:\/\/vosgesinfo.fr\/epinalinfo\/wp-json\/wp\/v2\/posts\/137842","targetHints":{"allow":["GET"]}}],"collection":[{"href":"https:\/\/vosgesinfo.fr\/epinalinfo\/wp-json\/wp\/v2\/posts"}],"about":[{"href":"https:\/\/vosgesinfo.fr\/epinalinfo\/wp-json\/wp\/v2\/types\/post"}],"author":[{"embeddable":true,"href":"https:\/\/vosgesinfo.fr\/epinalinfo\/wp-json\/wp\/v2\/users\/52"}],"replies":[{"embeddable":true,"href":"https:\/\/vosgesinfo.fr\/epinalinfo\/wp-json\/wp\/v2\/comments?post=137842"}],"version-history":[{"count":1,"href":"https:\/\/vosgesinfo.fr\/epinalinfo\/wp-json\/wp\/v2\/posts\/137842\/revisions"}],"predecessor-version":[{"id":137847,"href":"https:\/\/vosgesinfo.fr\/epinalinfo\/wp-json\/wp\/v2\/posts\/137842\/revisions\/137847"}],"wp:featuredmedia":[{"embeddable":true,"href":"https:\/\/vosgesinfo.fr\/epinalinfo\/wp-json\/wp\/v2\/media\/137843"}],"wp:attachment":[{"href":"https:\/\/vosgesinfo.fr\/epinalinfo\/wp-json\/wp\/v2\/media?parent=137842"}],"wp:term":[{"taxonomy":"category","embeddable":true,"href":"https:\/\/vosgesinfo.fr\/epinalinfo\/wp-json\/wp\/v2\/categories?post=137842"},{"taxonomy":"post_tag","embeddable":true,"href":"https:\/\/vosgesinfo.fr\/epinalinfo\/wp-json\/wp\/v2\/tags?post=137842"}],"curies":[{"name":"wp","href":"https:\/\/api.w.org\/{rel}","templated":true}]}}