{"id":137882,"date":"2025-12-05T07:12:45","date_gmt":"2025-12-05T06:12:45","guid":{"rendered":"https:\/\/vosgesinfo.fr\/epinalinfo\/?p=137882"},"modified":"2025-12-04T15:43:11","modified_gmt":"2025-12-04T14:43:11","slug":"accessibilite-et-securite-un-chantier-delicat-au-theatre-depinal","status":"publish","type":"post","link":"https:\/\/vosgesinfo.fr\/epinalinfo\/2025\/12\/accessibilite-et-securite-un-chantier-delicat-au-theatre-depinal\/","title":{"rendered":"Accessibilit\u00e9 et s\u00e9curit\u00e9 : un chantier d\u00e9licat au th\u00e9\u00e2tre d\u2019\u00c9pinal"},"content":{"rendered":"<h2 data-start=\"138\" data-end=\"675\"><strong><a href=\"https:\/\/vosgesinfo.fr\/app\/uploads\/sites\/3\/2025\/12\/theatre-municipal-epinal-7.jpg\"><img decoding=\"async\" class=\"aligncenter size-large wp-image-137883\" src=\"https:\/\/vosgesinfo.fr\/app\/uploads\/sites\/3\/2025\/12\/theatre-municipal-epinal-7-1024x768.jpg\" alt=\"\" width=\"1024\" height=\"768\" srcset=\"https:\/\/vosgesinfo.fr\/app\/uploads\/sites\/3\/2025\/12\/theatre-municipal-epinal-7-1024x768.jpg 1024w, https:\/\/vosgesinfo.fr\/app\/uploads\/sites\/3\/2025\/12\/theatre-municipal-epinal-7-300x225.jpg 300w, https:\/\/vosgesinfo.fr\/app\/uploads\/sites\/3\/2025\/12\/theatre-municipal-epinal-7-768x576.jpg 768w, https:\/\/vosgesinfo.fr\/app\/uploads\/sites\/3\/2025\/12\/theatre-municipal-epinal-7.jpg 1440w\" sizes=\"(max-width: 1024px) 100vw, 1024px\" \/><\/a>Rendre accessible un b\u00e2timent historique n\u2019est jamais une t\u00e2che simple. Au th\u00e9\u00e2tre d\u2019\u00c9pinal, \u00e9difi\u00e9 en 1810 et enti\u00e8rement construit sur une structure et des planchers en bois, les travaux ont n\u00e9cessit\u00e9 une attention toute particuli\u00e8re. Pour un investissement de 350 000 \u20ac, la Communaut\u00e9 d\u2019Agglom\u00e9ration d\u2019\u00c9pinal a men\u00e9 \u00e0 bien la mise en accessibilit\u00e9 de ce th\u00e9\u00e2tre \u00e0 l\u2019italienne embl\u00e9matique de la Cit\u00e9 des images, situ\u00e9 rue Fran\u00e7ois-Blaudez. Ces am\u00e9nagements ont \u00e9galement permis de rafra\u00eechir certains espaces, notamment les couloirs.<\/strong><\/h2>\n<p data-start=\"677\" data-end=\"1081\">L\u2019adaptation du b\u00e2timent aux normes d\u2019accessibilit\u00e9 a entra\u00een\u00e9 la suppression de 22 si\u00e8ges. La capacit\u00e9 totale est de environ 250 places. Le parvis a \u00e9t\u00e9 enti\u00e8rement remis \u00e0 niveau afin de faciliter l\u2019acc\u00e8s des personnes \u00e0 mobilit\u00e9 r\u00e9duite. Du c\u00f4t\u00e9 de l\u2019accueil, le comptoir de billetterie a \u00e9t\u00e9 partiellement d\u00e9coup\u00e9 pour permettre aux personnes en fauteuil roulant de s\u2019y pr\u00e9senter confortablement.<\/p>\n<p data-start=\"1083\" data-end=\"1358\">Un \u00e9l\u00e9vateur a \u00e9t\u00e9 install\u00e9, offrant non seulement un acc\u00e8s simplifi\u00e9 au public PMR, mais \u00e9galement la possibilit\u00e9 pour les artistes en fauteuil d\u2019atteindre la sc\u00e8ne. Le sanitaire a \u00e9t\u00e9 am\u00e9nag\u00e9 au niveau de l&rsquo;entr\u00e9e.<\/p>\n<p data-start=\"1360\" data-end=\"1580\">Enfin, un espace d\u2019attente s\u00e9curis\u00e9 a \u00e9t\u00e9 cr\u00e9\u00e9 dans une cour ext\u00e9rieure. Il permet, en cas d\u2019incendie, d\u2019assurer une \u00e9vacuation adapt\u00e9e du public \u00e0 mobilit\u00e9 r\u00e9duite, tout en respectant les contraintes du b\u00e2timent ancien.<\/p>\n<p data-start=\"1582\" data-end=\"1710\" data-is-last-node=\"\" data-is-only-node=\"\">Ces travaux marquent une \u00e9tape importante pour pr\u00e9server ce lieu patrimonial tout en l\u2019ouvrant davantage \u00e0 tous les spectateurs.<\/p>\n\n\t\t<style type=\"text\/css\">\n\t\t\t#gallery-1 {\n\t\t\t\tmargin: auto;\n\t\t\t}\n\t\t\t#gallery-1 .gallery-item {\n\t\t\t\tfloat: left;\n\t\t\t\tmargin-top: 10px;\n\t\t\t\ttext-align: center;\n\t\t\t\twidth: 33%;\n\t\t\t}\n\t\t\t#gallery-1 img {\n\t\t\t\tborder: 2px solid #cfcfcf;\n\t\t\t}\n\t\t\t#gallery-1 .gallery-caption {\n\t\t\t\tmargin-left: 0;\n\t\t\t}\n\t\t\t\/* see gallery_shortcode() in wp-includes\/media.php *\/\n\t\t<\/style>\n\t\t<div id='gallery-1' class='gallery galleryid-137882 gallery-columns-3 gallery-size-large'><dl class='gallery-item'>\n\t\t\t<dt class='gallery-icon landscape'>\n\t\t\t\t<a href='https:\/\/vosgesinfo.fr\/app\/uploads\/sites\/3\/2025\/12\/theatre-municipal-epinal-16.jpg'><img decoding=\"async\" width=\"1024\" height=\"768\" src=\"https:\/\/vosgesinfo.fr\/app\/uploads\/sites\/3\/2025\/12\/theatre-municipal-epinal-16-1024x768.jpg\" class=\"attachment-large size-large\" alt=\"\" srcset=\"https:\/\/vosgesinfo.fr\/app\/uploads\/sites\/3\/2025\/12\/theatre-municipal-epinal-16-1024x768.jpg 1024w, https:\/\/vosgesinfo.fr\/app\/uploads\/sites\/3\/2025\/12\/theatre-municipal-epinal-16-300x225.jpg 300w, https:\/\/vosgesinfo.fr\/app\/uploads\/sites\/3\/2025\/12\/theatre-municipal-epinal-16-768x576.jpg 768w, https:\/\/vosgesinfo.fr\/app\/uploads\/sites\/3\/2025\/12\/theatre-municipal-epinal-16.jpg 1440w\" sizes=\"(max-width: 1024px) 100vw, 1024px\" \/><\/a>\n\t\t\t<\/dt><\/dl><dl class='gallery-item'>\n\t\t\t<dt class='gallery-icon landscape'>\n\t\t\t\t<a href='https:\/\/vosgesinfo.fr\/app\/uploads\/sites\/3\/2025\/12\/theatre-municipal-epinal-8.jpg'><img decoding=\"async\" width=\"1024\" height=\"768\" src=\"https:\/\/vosgesinfo.fr\/app\/uploads\/sites\/3\/2025\/12\/theatre-municipal-epinal-8-1024x768.jpg\" class=\"attachment-large size-large\" alt=\"\" srcset=\"https:\/\/vosgesinfo.fr\/app\/uploads\/sites\/3\/2025\/12\/theatre-municipal-epinal-8-1024x768.jpg 1024w, https:\/\/vosgesinfo.fr\/app\/uploads\/sites\/3\/2025\/12\/theatre-municipal-epinal-8-300x225.jpg 300w, https:\/\/vosgesinfo.fr\/app\/uploads\/sites\/3\/2025\/12\/theatre-municipal-epinal-8-768x576.jpg 768w, https:\/\/vosgesinfo.fr\/app\/uploads\/sites\/3\/2025\/12\/theatre-municipal-epinal-8.jpg 1440w\" sizes=\"(max-width: 1024px) 100vw, 1024px\" \/><\/a>\n\t\t\t<\/dt><\/dl><dl class='gallery-item'>\n\t\t\t<dt class='gallery-icon landscape'>\n\t\t\t\t<a href='https:\/\/vosgesinfo.fr\/app\/uploads\/sites\/3\/2025\/12\/theatre-municipal-epinal-9.jpg'><img decoding=\"async\" width=\"1024\" height=\"768\" src=\"https:\/\/vosgesinfo.fr\/app\/uploads\/sites\/3\/2025\/12\/theatre-municipal-epinal-9-1024x768.jpg\" class=\"attachment-large size-large\" alt=\"\" srcset=\"https:\/\/vosgesinfo.fr\/app\/uploads\/sites\/3\/2025\/12\/theatre-municipal-epinal-9-1024x768.jpg 1024w, https:\/\/vosgesinfo.fr\/app\/uploads\/sites\/3\/2025\/12\/theatre-municipal-epinal-9-300x225.jpg 300w, https:\/\/vosgesinfo.fr\/app\/uploads\/sites\/3\/2025\/12\/theatre-municipal-epinal-9-768x576.jpg 768w, https:\/\/vosgesinfo.fr\/app\/uploads\/sites\/3\/2025\/12\/theatre-municipal-epinal-9.jpg 1440w\" sizes=\"(max-width: 1024px) 100vw, 1024px\" \/><\/a>\n\t\t\t<\/dt><\/dl><br style=\"clear: both\" \/><dl class='gallery-item'>\n\t\t\t<dt class='gallery-icon landscape'>\n\t\t\t\t<a href='https:\/\/vosgesinfo.fr\/app\/uploads\/sites\/3\/2025\/12\/theatre-municipal-epinal-10.jpg'><img decoding=\"async\" width=\"1024\" height=\"768\" src=\"https:\/\/vosgesinfo.fr\/app\/uploads\/sites\/3\/2025\/12\/theatre-municipal-epinal-10-1024x768.jpg\" class=\"attachment-large size-large\" alt=\"\" srcset=\"https:\/\/vosgesinfo.fr\/app\/uploads\/sites\/3\/2025\/12\/theatre-municipal-epinal-10-1024x768.jpg 1024w, https:\/\/vosgesinfo.fr\/app\/uploads\/sites\/3\/2025\/12\/theatre-municipal-epinal-10-300x225.jpg 300w, https:\/\/vosgesinfo.fr\/app\/uploads\/sites\/3\/2025\/12\/theatre-municipal-epinal-10-768x576.jpg 768w, https:\/\/vosgesinfo.fr\/app\/uploads\/sites\/3\/2025\/12\/theatre-municipal-epinal-10.jpg 1440w\" sizes=\"(max-width: 1024px) 100vw, 1024px\" \/><\/a>\n\t\t\t<\/dt><\/dl><dl class='gallery-item'>\n\t\t\t<dt class='gallery-icon landscape'>\n\t\t\t\t<a href='https:\/\/vosgesinfo.fr\/app\/uploads\/sites\/3\/2025\/12\/theatre-municipal-epinal-11.jpg'><img decoding=\"async\" width=\"1024\" height=\"768\" src=\"https:\/\/vosgesinfo.fr\/app\/uploads\/sites\/3\/2025\/12\/theatre-municipal-epinal-11-1024x768.jpg\" class=\"attachment-large size-large\" alt=\"\" srcset=\"https:\/\/vosgesinfo.fr\/app\/uploads\/sites\/3\/2025\/12\/theatre-municipal-epinal-11-1024x768.jpg 1024w, https:\/\/vosgesinfo.fr\/app\/uploads\/sites\/3\/2025\/12\/theatre-municipal-epinal-11-300x225.jpg 300w, https:\/\/vosgesinfo.fr\/app\/uploads\/sites\/3\/2025\/12\/theatre-municipal-epinal-11-768x576.jpg 768w, https:\/\/vosgesinfo.fr\/app\/uploads\/sites\/3\/2025\/12\/theatre-municipal-epinal-11.jpg 1440w\" sizes=\"(max-width: 1024px) 100vw, 1024px\" \/><\/a>\n\t\t\t<\/dt><\/dl><dl class='gallery-item'>\n\t\t\t<dt class='gallery-icon landscape'>\n\t\t\t\t<a href='https:\/\/vosgesinfo.fr\/app\/uploads\/sites\/3\/2025\/12\/theatre-municipal-epinal-12.jpg'><img decoding=\"async\" width=\"1024\" height=\"768\" src=\"https:\/\/vosgesinfo.fr\/app\/uploads\/sites\/3\/2025\/12\/theatre-municipal-epinal-12-1024x768.jpg\" class=\"attachment-large size-large\" alt=\"\" srcset=\"https:\/\/vosgesinfo.fr\/app\/uploads\/sites\/3\/2025\/12\/theatre-municipal-epinal-12-1024x768.jpg 1024w, https:\/\/vosgesinfo.fr\/app\/uploads\/sites\/3\/2025\/12\/theatre-municipal-epinal-12-300x225.jpg 300w, https:\/\/vosgesinfo.fr\/app\/uploads\/sites\/3\/2025\/12\/theatre-municipal-epinal-12-768x576.jpg 768w, https:\/\/vosgesinfo.fr\/app\/uploads\/sites\/3\/2025\/12\/theatre-municipal-epinal-12.jpg 1440w\" sizes=\"(max-width: 1024px) 100vw, 1024px\" \/><\/a>\n\t\t\t<\/dt><\/dl><br style=\"clear: both\" \/><dl class='gallery-item'>\n\t\t\t<dt class='gallery-icon landscape'>\n\t\t\t\t<a href='https:\/\/vosgesinfo.fr\/app\/uploads\/sites\/3\/2025\/12\/theatre-municipal-epinal-13.jpg'><img decoding=\"async\" width=\"1024\" height=\"768\" src=\"https:\/\/vosgesinfo.fr\/app\/uploads\/sites\/3\/2025\/12\/theatre-municipal-epinal-13-1024x768.jpg\" class=\"attachment-large size-large\" alt=\"\" srcset=\"https:\/\/vosgesinfo.fr\/app\/uploads\/sites\/3\/2025\/12\/theatre-municipal-epinal-13-1024x768.jpg 1024w, https:\/\/vosgesinfo.fr\/app\/uploads\/sites\/3\/2025\/12\/theatre-municipal-epinal-13-300x225.jpg 300w, https:\/\/vosgesinfo.fr\/app\/uploads\/sites\/3\/2025\/12\/theatre-municipal-epinal-13-768x576.jpg 768w, https:\/\/vosgesinfo.fr\/app\/uploads\/sites\/3\/2025\/12\/theatre-municipal-epinal-13.jpg 1440w\" sizes=\"(max-width: 1024px) 100vw, 1024px\" \/><\/a>\n\t\t\t<\/dt><\/dl><dl class='gallery-item'>\n\t\t\t<dt class='gallery-icon landscape'>\n\t\t\t\t<a href='https:\/\/vosgesinfo.fr\/app\/uploads\/sites\/3\/2025\/12\/theatre-municipal-epinal-14.jpg'><img decoding=\"async\" width=\"1024\" height=\"768\" src=\"https:\/\/vosgesinfo.fr\/app\/uploads\/sites\/3\/2025\/12\/theatre-municipal-epinal-14-1024x768.jpg\" class=\"attachment-large size-large\" alt=\"\" srcset=\"https:\/\/vosgesinfo.fr\/app\/uploads\/sites\/3\/2025\/12\/theatre-municipal-epinal-14-1024x768.jpg 1024w, https:\/\/vosgesinfo.fr\/app\/uploads\/sites\/3\/2025\/12\/theatre-municipal-epinal-14-300x225.jpg 300w, https:\/\/vosgesinfo.fr\/app\/uploads\/sites\/3\/2025\/12\/theatre-municipal-epinal-14-768x576.jpg 768w, https:\/\/vosgesinfo.fr\/app\/uploads\/sites\/3\/2025\/12\/theatre-municipal-epinal-14.jpg 1440w\" sizes=\"(max-width: 1024px) 100vw, 1024px\" \/><\/a>\n\t\t\t<\/dt><\/dl><dl class='gallery-item'>\n\t\t\t<dt class='gallery-icon landscape'>\n\t\t\t\t<a href='https:\/\/vosgesinfo.fr\/app\/uploads\/sites\/3\/2025\/12\/theatre-municipal-epinal-15.jpg'><img decoding=\"async\" width=\"1024\" height=\"768\" src=\"https:\/\/vosgesinfo.fr\/app\/uploads\/sites\/3\/2025\/12\/theatre-municipal-epinal-15-1024x768.jpg\" class=\"attachment-large size-large\" alt=\"\" srcset=\"https:\/\/vosgesinfo.fr\/app\/uploads\/sites\/3\/2025\/12\/theatre-municipal-epinal-15-1024x768.jpg 1024w, https:\/\/vosgesinfo.fr\/app\/uploads\/sites\/3\/2025\/12\/theatre-municipal-epinal-15-300x225.jpg 300w, https:\/\/vosgesinfo.fr\/app\/uploads\/sites\/3\/2025\/12\/theatre-municipal-epinal-15-768x576.jpg 768w, https:\/\/vosgesinfo.fr\/app\/uploads\/sites\/3\/2025\/12\/theatre-municipal-epinal-15.jpg 1440w\" sizes=\"(max-width: 1024px) 100vw, 1024px\" \/><\/a>\n\t\t\t<\/dt><\/dl><br style=\"clear: both\" \/>\n\t\t<\/div>\n\n","protected":false},"excerpt":{"rendered":"<p>Rendre accessible un b\u00e2timent historique n\u2019est jamais une t\u00e2che simple. Au th\u00e9\u00e2tre d\u2019\u00c9pinal, \u00e9difi\u00e9 en 1810 et enti\u00e8rement construit sur [&hellip;]<\/p>\n","protected":false},"author":52,"featured_media":137883,"comment_status":"open","ping_status":"open","sticky":false,"template":"","format":"standard","meta":{"footnotes":""},"categories":[22,24],"tags":[],"class_list":["post-137882","post","type-post","status-publish","format-standard","has-post-thumbnail","hentry","category-a-la-une","category-epinal"],"acf":[],"yoast_head":"<!-- This site is optimized with the Yoast SEO plugin v22.5 - https:\/\/yoast.com\/wordpress\/plugins\/seo\/ -->\n<title>Accessibilit\u00e9 et s\u00e9curit\u00e9 : un chantier d\u00e9licat au th\u00e9\u00e2tre d\u2019\u00c9pinal - Epinal Info<\/title>\n<meta name=\"robots\" content=\"index, follow, max-snippet:-1, max-image-preview:large, max-video-preview:-1\" \/>\n<link rel=\"canonical\" href=\"https:\/\/vosgesinfo.fr\/epinalinfo\/2025\/12\/accessibilite-et-securite-un-chantier-delicat-au-theatre-depinal\/\" \/>\n<meta name=\"twitter:card\" content=\"summary_large_image\" \/>\n<meta name=\"twitter:title\" content=\"Accessibilit\u00e9 et s\u00e9curit\u00e9 : un chantier d\u00e9licat au th\u00e9\u00e2tre d\u2019\u00c9pinal - Epinal Info\" \/>\n<meta name=\"twitter:description\" content=\"Rendre accessible un b\u00e2timent historique n\u2019est jamais une t\u00e2che simple. Au th\u00e9\u00e2tre d\u2019\u00c9pinal, \u00e9difi\u00e9 en 1810 et enti\u00e8rement construit sur [&hellip;]\" \/>\n<meta name=\"twitter:image\" content=\"https:\/\/vosgesinfo.fr\/app\/uploads\/sites\/3\/2025\/12\/theatre-municipal-epinal-7.jpg\" \/>\n<meta name=\"twitter:creator\" content=\"@VosgesInfo88\" \/>\n<meta name=\"twitter:site\" content=\"@VosgesInfo88\" \/>\n<meta name=\"twitter:label1\" content=\"\u00c9crit par\" \/>\n\t<meta name=\"twitter:data1\" content=\"C.K.\" \/>\n\t<meta name=\"twitter:label2\" content=\"Dur\u00e9e de lecture estim\u00e9e\" \/>\n\t<meta name=\"twitter:data2\" content=\"2 minutes\" \/>\n<script type=\"application\/ld+json\" class=\"yoast-schema-graph\">{\"@context\":\"https:\/\/schema.org\",\"@graph\":[{\"@type\":\"Article\",\"@id\":\"https:\/\/vosgesinfo.fr\/epinalinfo\/2025\/12\/accessibilite-et-securite-un-chantier-delicat-au-theatre-depinal\/#article\",\"isPartOf\":{\"@id\":\"https:\/\/vosgesinfo.fr\/epinalinfo\/2025\/12\/accessibilite-et-securite-un-chantier-delicat-au-theatre-depinal\/\"},\"author\":{\"name\":\"C.K.\",\"@id\":\"https:\/\/vosgesinfo.fr\/epinalinfo\/#\/schema\/person\/6f9a650eeea99d969b6c4ab78fccbe81\"},\"headline\":\"Accessibilit\u00e9 et s\u00e9curit\u00e9 : un chantier d\u00e9licat au th\u00e9\u00e2tre d\u2019\u00c9pinal\",\"datePublished\":\"2025-12-05T06:12:45+00:00\",\"dateModified\":\"2025-12-04T14:43:11+00:00\",\"mainEntityOfPage\":{\"@id\":\"https:\/\/vosgesinfo.fr\/epinalinfo\/2025\/12\/accessibilite-et-securite-un-chantier-delicat-au-theatre-depinal\/\"},\"wordCount\":284,\"commentCount\":0,\"publisher\":{\"@id\":\"https:\/\/vosgesinfo.fr\/epinalinfo\/#organization\"},\"image\":{\"@id\":\"https:\/\/vosgesinfo.fr\/epinalinfo\/2025\/12\/accessibilite-et-securite-un-chantier-delicat-au-theatre-depinal\/#primaryimage\"},\"thumbnailUrl\":\"https:\/\/vosgesinfo.fr\/app\/uploads\/sites\/3\/2025\/12\/theatre-municipal-epinal-7.jpg\",\"articleSection\":[\"A la Une\",\"Epinal\"],\"inLanguage\":\"fr-FR\",\"potentialAction\":[{\"@type\":\"CommentAction\",\"name\":\"Comment\",\"target\":[\"https:\/\/vosgesinfo.fr\/epinalinfo\/2025\/12\/accessibilite-et-securite-un-chantier-delicat-au-theatre-depinal\/#respond\"]}]},{\"@type\":\"WebPage\",\"@id\":\"https:\/\/vosgesinfo.fr\/epinalinfo\/2025\/12\/accessibilite-et-securite-un-chantier-delicat-au-theatre-depinal\/\",\"url\":\"https:\/\/vosgesinfo.fr\/epinalinfo\/2025\/12\/accessibilite-et-securite-un-chantier-delicat-au-theatre-depinal\/\",\"name\":\"Accessibilit\u00e9 et s\u00e9curit\u00e9 : un chantier d\u00e9licat au th\u00e9\u00e2tre d\u2019\u00c9pinal - Epinal Info\",\"isPartOf\":{\"@id\":\"https:\/\/vosgesinfo.fr\/epinalinfo\/#website\"},\"primaryImageOfPage\":{\"@id\":\"https:\/\/vosgesinfo.fr\/epinalinfo\/2025\/12\/accessibilite-et-securite-un-chantier-delicat-au-theatre-depinal\/#primaryimage\"},\"image\":{\"@id\":\"https:\/\/vosgesinfo.fr\/epinalinfo\/2025\/12\/accessibilite-et-securite-un-chantier-delicat-au-theatre-depinal\/#primaryimage\"},\"thumbnailUrl\":\"https:\/\/vosgesinfo.fr\/app\/uploads\/sites\/3\/2025\/12\/theatre-municipal-epinal-7.jpg\",\"datePublished\":\"2025-12-05T06:12:45+00:00\",\"dateModified\":\"2025-12-04T14:43:11+00:00\",\"breadcrumb\":{\"@id\":\"https:\/\/vosgesinfo.fr\/epinalinfo\/2025\/12\/accessibilite-et-securite-un-chantier-delicat-au-theatre-depinal\/#breadcrumb\"},\"inLanguage\":\"fr-FR\",\"potentialAction\":[{\"@type\":\"ReadAction\",\"target\":[\"https:\/\/vosgesinfo.fr\/epinalinfo\/2025\/12\/accessibilite-et-securite-un-chantier-delicat-au-theatre-depinal\/\"]}]},{\"@type\":\"ImageObject\",\"inLanguage\":\"fr-FR\",\"@id\":\"https:\/\/vosgesinfo.fr\/epinalinfo\/2025\/12\/accessibilite-et-securite-un-chantier-delicat-au-theatre-depinal\/#primaryimage\",\"url\":\"https:\/\/vosgesinfo.fr\/app\/uploads\/sites\/3\/2025\/12\/theatre-municipal-epinal-7.jpg\",\"contentUrl\":\"https:\/\/vosgesinfo.fr\/app\/uploads\/sites\/3\/2025\/12\/theatre-municipal-epinal-7.jpg\",\"width\":1440,\"height\":1080},{\"@type\":\"BreadcrumbList\",\"@id\":\"https:\/\/vosgesinfo.fr\/epinalinfo\/2025\/12\/accessibilite-et-securite-un-chantier-delicat-au-theatre-depinal\/#breadcrumb\",\"itemListElement\":[{\"@type\":\"ListItem\",\"position\":1,\"name\":\"Home\",\"item\":\"https:\/\/vosgesinfo.fr\/epinalinfo\/\"},{\"@type\":\"ListItem\",\"position\":2,\"name\":\"Accessibilit\u00e9 et s\u00e9curit\u00e9 : un chantier d\u00e9licat au th\u00e9\u00e2tre d\u2019\u00c9pinal\"}]},{\"@type\":\"WebSite\",\"@id\":\"https:\/\/vosgesinfo.fr\/epinalinfo\/#website\",\"url\":\"https:\/\/vosgesinfo.fr\/epinalinfo\/\",\"name\":\"Epinal Info\",\"description\":\"Toute l&#039;actualit\u00e9 d&#039;\u00c9pinal\",\"publisher\":{\"@id\":\"https:\/\/vosgesinfo.fr\/epinalinfo\/#organization\"},\"alternateName\":\"Toute l'actualit\u00e9 d'\u00c9pinal\",\"potentialAction\":[{\"@type\":\"SearchAction\",\"target\":{\"@type\":\"EntryPoint\",\"urlTemplate\":\"https:\/\/vosgesinfo.fr\/epinalinfo\/?s={search_term_string}\"},\"query-input\":\"required name=search_term_string\"}],\"inLanguage\":\"fr-FR\"},{\"@type\":\"Organization\",\"@id\":\"https:\/\/vosgesinfo.fr\/epinalinfo\/#organization\",\"name\":\"Epinal Info\",\"url\":\"https:\/\/vosgesinfo.fr\/epinalinfo\/\",\"logo\":{\"@type\":\"ImageObject\",\"inLanguage\":\"fr-FR\",\"@id\":\"https:\/\/vosgesinfo.fr\/epinalinfo\/#\/schema\/logo\/image\/\",\"url\":\"https:\/\/vosgesinfo.fr\/app\/uploads\/sites\/3\/2023\/08\/logo-epinalinfos.svg\",\"contentUrl\":\"https:\/\/vosgesinfo.fr\/app\/uploads\/sites\/3\/2023\/08\/logo-epinalinfos.svg\",\"width\":1,\"height\":1,\"caption\":\"Epinal Info\"},\"image\":{\"@id\":\"https:\/\/vosgesinfo.fr\/epinalinfo\/#\/schema\/logo\/image\/\"},\"sameAs\":[\"https:\/\/www.facebook.com\/Epinalinfos\",\"https:\/\/x.com\/VosgesInfo88\",\"https:\/\/www.youtube.com\/@vosgesinfo\"]},{\"@type\":\"Person\",\"@id\":\"https:\/\/vosgesinfo.fr\/epinalinfo\/#\/schema\/person\/6f9a650eeea99d969b6c4ab78fccbe81\",\"name\":\"C.K.\",\"image\":{\"@type\":\"ImageObject\",\"inLanguage\":\"fr-FR\",\"@id\":\"https:\/\/vosgesinfo.fr\/epinalinfo\/#\/schema\/person\/image\/\",\"url\":\"https:\/\/secure.gravatar.com\/avatar\/48e3fc7f8421ba8942be6b74a2b7f014ca39bc00dece156b7a8e098ae7dc87bf?s=96&d=mm&r=g\",\"contentUrl\":\"https:\/\/secure.gravatar.com\/avatar\/48e3fc7f8421ba8942be6b74a2b7f014ca39bc00dece156b7a8e098ae7dc87bf?s=96&d=mm&r=g\",\"caption\":\"C.K.\"},\"url\":\"https:\/\/vosgesinfo.fr\/epinalinfo\/author\/celia-k-n\/\"}]}<\/script>\n<!-- \/ Yoast SEO plugin. -->","yoast_head_json":{"title":"Accessibilit\u00e9 et s\u00e9curit\u00e9 : un chantier d\u00e9licat au th\u00e9\u00e2tre d\u2019\u00c9pinal - Epinal Info","robots":{"index":"index","follow":"follow","max-snippet":"max-snippet:-1","max-image-preview":"max-image-preview:large","max-video-preview":"max-video-preview:-1"},"canonical":"https:\/\/vosgesinfo.fr\/epinalinfo\/2025\/12\/accessibilite-et-securite-un-chantier-delicat-au-theatre-depinal\/","twitter_card":"summary_large_image","twitter_title":"Accessibilit\u00e9 et s\u00e9curit\u00e9 : un chantier d\u00e9licat au th\u00e9\u00e2tre d\u2019\u00c9pinal - Epinal Info","twitter_description":"Rendre accessible un b\u00e2timent historique n\u2019est jamais une t\u00e2che simple. Au th\u00e9\u00e2tre d\u2019\u00c9pinal, \u00e9difi\u00e9 en 1810 et enti\u00e8rement construit sur [&hellip;]","twitter_image":"https:\/\/vosgesinfo.fr\/app\/uploads\/sites\/3\/2025\/12\/theatre-municipal-epinal-7.jpg","twitter_creator":"@VosgesInfo88","twitter_site":"@VosgesInfo88","twitter_misc":{"\u00c9crit par":"C.K.","Dur\u00e9e de lecture estim\u00e9e":"2 minutes"},"schema":{"@context":"https:\/\/schema.org","@graph":[{"@type":"Article","@id":"https:\/\/vosgesinfo.fr\/epinalinfo\/2025\/12\/accessibilite-et-securite-un-chantier-delicat-au-theatre-depinal\/#article","isPartOf":{"@id":"https:\/\/vosgesinfo.fr\/epinalinfo\/2025\/12\/accessibilite-et-securite-un-chantier-delicat-au-theatre-depinal\/"},"author":{"name":"C.K.","@id":"https:\/\/vosgesinfo.fr\/epinalinfo\/#\/schema\/person\/6f9a650eeea99d969b6c4ab78fccbe81"},"headline":"Accessibilit\u00e9 et s\u00e9curit\u00e9 : un chantier d\u00e9licat au th\u00e9\u00e2tre d\u2019\u00c9pinal","datePublished":"2025-12-05T06:12:45+00:00","dateModified":"2025-12-04T14:43:11+00:00","mainEntityOfPage":{"@id":"https:\/\/vosgesinfo.fr\/epinalinfo\/2025\/12\/accessibilite-et-securite-un-chantier-delicat-au-theatre-depinal\/"},"wordCount":284,"commentCount":0,"publisher":{"@id":"https:\/\/vosgesinfo.fr\/epinalinfo\/#organization"},"image":{"@id":"https:\/\/vosgesinfo.fr\/epinalinfo\/2025\/12\/accessibilite-et-securite-un-chantier-delicat-au-theatre-depinal\/#primaryimage"},"thumbnailUrl":"https:\/\/vosgesinfo.fr\/app\/uploads\/sites\/3\/2025\/12\/theatre-municipal-epinal-7.jpg","articleSection":["A la Une","Epinal"],"inLanguage":"fr-FR","potentialAction":[{"@type":"CommentAction","name":"Comment","target":["https:\/\/vosgesinfo.fr\/epinalinfo\/2025\/12\/accessibilite-et-securite-un-chantier-delicat-au-theatre-depinal\/#respond"]}]},{"@type":"WebPage","@id":"https:\/\/vosgesinfo.fr\/epinalinfo\/2025\/12\/accessibilite-et-securite-un-chantier-delicat-au-theatre-depinal\/","url":"https:\/\/vosgesinfo.fr\/epinalinfo\/2025\/12\/accessibilite-et-securite-un-chantier-delicat-au-theatre-depinal\/","name":"Accessibilit\u00e9 et s\u00e9curit\u00e9 : un chantier d\u00e9licat au th\u00e9\u00e2tre d\u2019\u00c9pinal - Epinal Info","isPartOf":{"@id":"https:\/\/vosgesinfo.fr\/epinalinfo\/#website"},"primaryImageOfPage":{"@id":"https:\/\/vosgesinfo.fr\/epinalinfo\/2025\/12\/accessibilite-et-securite-un-chantier-delicat-au-theatre-depinal\/#primaryimage"},"image":{"@id":"https:\/\/vosgesinfo.fr\/epinalinfo\/2025\/12\/accessibilite-et-securite-un-chantier-delicat-au-theatre-depinal\/#primaryimage"},"thumbnailUrl":"https:\/\/vosgesinfo.fr\/app\/uploads\/sites\/3\/2025\/12\/theatre-municipal-epinal-7.jpg","datePublished":"2025-12-05T06:12:45+00:00","dateModified":"2025-12-04T14:43:11+00:00","breadcrumb":{"@id":"https:\/\/vosgesinfo.fr\/epinalinfo\/2025\/12\/accessibilite-et-securite-un-chantier-delicat-au-theatre-depinal\/#breadcrumb"},"inLanguage":"fr-FR","potentialAction":[{"@type":"ReadAction","target":["https:\/\/vosgesinfo.fr\/epinalinfo\/2025\/12\/accessibilite-et-securite-un-chantier-delicat-au-theatre-depinal\/"]}]},{"@type":"ImageObject","inLanguage":"fr-FR","@id":"https:\/\/vosgesinfo.fr\/epinalinfo\/2025\/12\/accessibilite-et-securite-un-chantier-delicat-au-theatre-depinal\/#primaryimage","url":"https:\/\/vosgesinfo.fr\/app\/uploads\/sites\/3\/2025\/12\/theatre-municipal-epinal-7.jpg","contentUrl":"https:\/\/vosgesinfo.fr\/app\/uploads\/sites\/3\/2025\/12\/theatre-municipal-epinal-7.jpg","width":1440,"height":1080},{"@type":"BreadcrumbList","@id":"https:\/\/vosgesinfo.fr\/epinalinfo\/2025\/12\/accessibilite-et-securite-un-chantier-delicat-au-theatre-depinal\/#breadcrumb","itemListElement":[{"@type":"ListItem","position":1,"name":"Home","item":"https:\/\/vosgesinfo.fr\/epinalinfo\/"},{"@type":"ListItem","position":2,"name":"Accessibilit\u00e9 et s\u00e9curit\u00e9 : un chantier d\u00e9licat au th\u00e9\u00e2tre d\u2019\u00c9pinal"}]},{"@type":"WebSite","@id":"https:\/\/vosgesinfo.fr\/epinalinfo\/#website","url":"https:\/\/vosgesinfo.fr\/epinalinfo\/","name":"Epinal Info","description":"Toute l&#039;actualit\u00e9 d&#039;\u00c9pinal","publisher":{"@id":"https:\/\/vosgesinfo.fr\/epinalinfo\/#organization"},"alternateName":"Toute l'actualit\u00e9 d'\u00c9pinal","potentialAction":[{"@type":"SearchAction","target":{"@type":"EntryPoint","urlTemplate":"https:\/\/vosgesinfo.fr\/epinalinfo\/?s={search_term_string}"},"query-input":"required name=search_term_string"}],"inLanguage":"fr-FR"},{"@type":"Organization","@id":"https:\/\/vosgesinfo.fr\/epinalinfo\/#organization","name":"Epinal Info","url":"https:\/\/vosgesinfo.fr\/epinalinfo\/","logo":{"@type":"ImageObject","inLanguage":"fr-FR","@id":"https:\/\/vosgesinfo.fr\/epinalinfo\/#\/schema\/logo\/image\/","url":"https:\/\/vosgesinfo.fr\/app\/uploads\/sites\/3\/2023\/08\/logo-epinalinfos.svg","contentUrl":"https:\/\/vosgesinfo.fr\/app\/uploads\/sites\/3\/2023\/08\/logo-epinalinfos.svg","width":1,"height":1,"caption":"Epinal Info"},"image":{"@id":"https:\/\/vosgesinfo.fr\/epinalinfo\/#\/schema\/logo\/image\/"},"sameAs":["https:\/\/www.facebook.com\/Epinalinfos","https:\/\/x.com\/VosgesInfo88","https:\/\/www.youtube.com\/@vosgesinfo"]},{"@type":"Person","@id":"https:\/\/vosgesinfo.fr\/epinalinfo\/#\/schema\/person\/6f9a650eeea99d969b6c4ab78fccbe81","name":"C.K.","image":{"@type":"ImageObject","inLanguage":"fr-FR","@id":"https:\/\/vosgesinfo.fr\/epinalinfo\/#\/schema\/person\/image\/","url":"https:\/\/secure.gravatar.com\/avatar\/48e3fc7f8421ba8942be6b74a2b7f014ca39bc00dece156b7a8e098ae7dc87bf?s=96&d=mm&r=g","contentUrl":"https:\/\/secure.gravatar.com\/avatar\/48e3fc7f8421ba8942be6b74a2b7f014ca39bc00dece156b7a8e098ae7dc87bf?s=96&d=mm&r=g","caption":"C.K."},"url":"https:\/\/vosgesinfo.fr\/epinalinfo\/author\/celia-k-n\/"}]}},"_links":{"self":[{"href":"https:\/\/vosgesinfo.fr\/epinalinfo\/wp-json\/wp\/v2\/posts\/137882","targetHints":{"allow":["GET"]}}],"collection":[{"href":"https:\/\/vosgesinfo.fr\/epinalinfo\/wp-json\/wp\/v2\/posts"}],"about":[{"href":"https:\/\/vosgesinfo.fr\/epinalinfo\/wp-json\/wp\/v2\/types\/post"}],"author":[{"embeddable":true,"href":"https:\/\/vosgesinfo.fr\/epinalinfo\/wp-json\/wp\/v2\/users\/52"}],"replies":[{"embeddable":true,"href":"https:\/\/vosgesinfo.fr\/epinalinfo\/wp-json\/wp\/v2\/comments?post=137882"}],"version-history":[{"count":3,"href":"https:\/\/vosgesinfo.fr\/epinalinfo\/wp-json\/wp\/v2\/posts\/137882\/revisions"}],"predecessor-version":[{"id":137895,"href":"https:\/\/vosgesinfo.fr\/epinalinfo\/wp-json\/wp\/v2\/posts\/137882\/revisions\/137895"}],"wp:featuredmedia":[{"embeddable":true,"href":"https:\/\/vosgesinfo.fr\/epinalinfo\/wp-json\/wp\/v2\/media\/137883"}],"wp:attachment":[{"href":"https:\/\/vosgesinfo.fr\/epinalinfo\/wp-json\/wp\/v2\/media?parent=137882"}],"wp:term":[{"taxonomy":"category","embeddable":true,"href":"https:\/\/vosgesinfo.fr\/epinalinfo\/wp-json\/wp\/v2\/categories?post=137882"},{"taxonomy":"post_tag","embeddable":true,"href":"https:\/\/vosgesinfo.fr\/epinalinfo\/wp-json\/wp\/v2\/tags?post=137882"}],"curies":[{"name":"wp","href":"https:\/\/api.w.org\/{rel}","templated":true}]}}