{"id":137925,"date":"2025-12-05T07:50:23","date_gmt":"2025-12-05T06:50:23","guid":{"rendered":"https:\/\/vosgesinfo.fr\/epinalinfo\/?p=137925"},"modified":"2025-12-05T18:50:52","modified_gmt":"2025-12-05T17:50:52","slug":"controle-preventif-des-sacs-au-college-de-thaon-les-vosges-une-action-coordonnee-pour-renforcer-la-securite","status":"publish","type":"post","link":"https:\/\/vosgesinfo.fr\/epinalinfo\/2025\/12\/controle-preventif-des-sacs-au-college-de-thaon-les-vosges-une-action-coordonnee-pour-renforcer-la-securite\/","title":{"rendered":"Contr\u00f4le pr\u00e9ventif des sacs au coll\u00e8ge de Thaon-les-Vosges : une action coordonn\u00e9e pour renforcer la s\u00e9curit\u00e9"},"content":{"rendered":"<h2 data-start=\"180\" data-end=\"405\"><strong><a href=\"https:\/\/vosgesinfo.fr\/app\/uploads\/sites\/3\/2025\/12\/594044155-1282015577297872-2549340304724116654-n.jpg\"><img decoding=\"async\" class=\"aligncenter size-large wp-image-137926\" src=\"https:\/\/vosgesinfo.fr\/app\/uploads\/sites\/3\/2025\/12\/594044155-1282015577297872-2549340304724116654-n-1024x765.jpg\" alt=\"\" width=\"1024\" height=\"765\" srcset=\"https:\/\/vosgesinfo.fr\/app\/uploads\/sites\/3\/2025\/12\/594044155-1282015577297872-2549340304724116654-n-1024x765.jpg 1024w, https:\/\/vosgesinfo.fr\/app\/uploads\/sites\/3\/2025\/12\/594044155-1282015577297872-2549340304724116654-n-300x224.jpg 300w, https:\/\/vosgesinfo.fr\/app\/uploads\/sites\/3\/2025\/12\/594044155-1282015577297872-2549340304724116654-n-768x574.jpg 768w, https:\/\/vosgesinfo.fr\/app\/uploads\/sites\/3\/2025\/12\/594044155-1282015577297872-2549340304724116654-n.jpg 1445w\" sizes=\"(max-width: 1024px) 100vw, 1024px\" \/><\/a>Lundi, les militaires de la Gendarmerie de Thaon-les-Vosges, en partenariat avec la Police municipale, ont men\u00e9 une op\u00e9ration de contr\u00f4le pr\u00e9ventif des sacs au sein du coll\u00e8ge de la Ville de Thaon-les-Vosges.<\/strong><\/h2>\n<p data-start=\"407\" data-end=\"763\">Conduite en toute transparence, cette intervention s\u2019est d\u00e9roul\u00e9e avec le <strong data-start=\"481\" data-end=\"527\">soutien de la direction de l\u2019\u00e9tablissement<\/strong> et la <strong data-start=\"534\" data-end=\"581\">collaboration active de l\u2019\u00e9quipe encadrante<\/strong>, assurant un climat serein tout au long de l\u2019op\u00e9ration. L\u2019objectif : garantir un <strong data-start=\"663\" data-end=\"698\">environnement scolaire s\u00e9curis\u00e9<\/strong>, propice au bien-\u00eatre et \u00e0 la r\u00e9ussite de l\u2019ensemble des \u00e9l\u00e8ves.<\/p>\n<p data-start=\"765\" data-end=\"1009\">Ces contr\u00f4les pr\u00e9ventifs, r\u00e9alis\u00e9s ponctuellement, permettent de <strong data-start=\"830\" data-end=\"866\">pr\u00e9venir les situations \u00e0 risque<\/strong> et de sensibiliser les jeunes au respect des r\u00e8gles de s\u00e9curit\u00e9. Ils s\u2019inscrivent dans une dynamique de <strong data-start=\"971\" data-end=\"985\">pr\u00e9vention<\/strong> plut\u00f4t que de sanction.<\/p>\n<p data-start=\"1011\" data-end=\"1279\">La <strong data-start=\"1014\" data-end=\"1031\">bonne entente<\/strong> entre la brigade locale, la municipalit\u00e9 et l\u2019\u00e9tablissement scolaire joue un r\u00f4le essentiel dans l\u2019organisation de ce type d\u2019actions. Cette coop\u00e9ration \u00e9troite permet une mise en place fluide, efficace et bien comprise par la communaut\u00e9 \u00e9ducative.<\/p>\n<p data-start=\"1281\" data-end=\"1450\"><a href=\"https:\/\/vosgesinfo.fr\/app\/uploads\/sites\/3\/2025\/12\/594072675-1282015507297879-804683857285328544-n.jpg\"><img decoding=\"async\" class=\"aligncenter size-large wp-image-137927\" src=\"https:\/\/vosgesinfo.fr\/app\/uploads\/sites\/3\/2025\/12\/594072675-1282015507297879-804683857285328544-n-1024x759.jpg\" alt=\"\" width=\"1024\" height=\"759\" srcset=\"https:\/\/vosgesinfo.fr\/app\/uploads\/sites\/3\/2025\/12\/594072675-1282015507297879-804683857285328544-n-1024x759.jpg 1024w, https:\/\/vosgesinfo.fr\/app\/uploads\/sites\/3\/2025\/12\/594072675-1282015507297879-804683857285328544-n-300x222.jpg 300w, https:\/\/vosgesinfo.fr\/app\/uploads\/sites\/3\/2025\/12\/594072675-1282015507297879-804683857285328544-n-768x569.jpg 768w, https:\/\/vosgesinfo.fr\/app\/uploads\/sites\/3\/2025\/12\/594072675-1282015507297879-804683857285328544-n.jpg 1457w\" sizes=\"(max-width: 1024px) 100vw, 1024px\" \/><\/a><\/p>\n","protected":false},"excerpt":{"rendered":"<p>Lundi, les militaires de la Gendarmerie de Thaon-les-Vosges, en partenariat avec la Police municipale, ont men\u00e9 une op\u00e9ration de contr\u00f4le [&hellip;]<\/p>\n","protected":false},"author":52,"featured_media":137926,"comment_status":"open","ping_status":"open","sticky":false,"template":"","format":"standard","meta":{"footnotes":""},"categories":[22,24,93],"tags":[],"class_list":["post-137925","post","type-post","status-publish","format-standard","has-post-thumbnail","hentry","category-a-la-une","category-epinal","category-thaon-les-vosges"],"acf":[],"yoast_head":"<!-- This site is optimized with the Yoast SEO plugin v22.5 - https:\/\/yoast.com\/wordpress\/plugins\/seo\/ -->\n<title>Contr\u00f4le pr\u00e9ventif des sacs au coll\u00e8ge de Thaon-les-Vosges : une action coordonn\u00e9e pour renforcer la s\u00e9curit\u00e9 - Epinal Info<\/title>\n<meta name=\"robots\" content=\"index, follow, max-snippet:-1, max-image-preview:large, max-video-preview:-1\" \/>\n<link rel=\"canonical\" href=\"https:\/\/vosgesinfo.fr\/epinalinfo\/2025\/12\/controle-preventif-des-sacs-au-college-de-thaon-les-vosges-une-action-coordonnee-pour-renforcer-la-securite\/\" \/>\n<meta name=\"twitter:card\" content=\"summary_large_image\" \/>\n<meta name=\"twitter:title\" content=\"Contr\u00f4le pr\u00e9ventif des sacs au coll\u00e8ge de Thaon-les-Vosges : une action coordonn\u00e9e pour renforcer la s\u00e9curit\u00e9 - Epinal Info\" \/>\n<meta name=\"twitter:description\" content=\"Lundi, les militaires de la Gendarmerie de Thaon-les-Vosges, en partenariat avec la Police municipale, ont men\u00e9 une op\u00e9ration de contr\u00f4le [&hellip;]\" \/>\n<meta name=\"twitter:image\" content=\"https:\/\/vosgesinfo.fr\/app\/uploads\/sites\/3\/2025\/12\/594044155-1282015577297872-2549340304724116654-n.jpg\" \/>\n<meta name=\"twitter:creator\" content=\"@VosgesInfo88\" \/>\n<meta name=\"twitter:site\" content=\"@VosgesInfo88\" \/>\n<meta name=\"twitter:label1\" content=\"\u00c9crit par\" \/>\n\t<meta name=\"twitter:data1\" content=\"C.K.\" \/>\n\t<meta name=\"twitter:label2\" content=\"Dur\u00e9e de lecture estim\u00e9e\" \/>\n\t<meta name=\"twitter:data2\" content=\"2 minutes\" \/>\n<script type=\"application\/ld+json\" class=\"yoast-schema-graph\">{\"@context\":\"https:\/\/schema.org\",\"@graph\":[{\"@type\":\"Article\",\"@id\":\"https:\/\/vosgesinfo.fr\/epinalinfo\/2025\/12\/controle-preventif-des-sacs-au-college-de-thaon-les-vosges-une-action-coordonnee-pour-renforcer-la-securite\/#article\",\"isPartOf\":{\"@id\":\"https:\/\/vosgesinfo.fr\/epinalinfo\/2025\/12\/controle-preventif-des-sacs-au-college-de-thaon-les-vosges-une-action-coordonnee-pour-renforcer-la-securite\/\"},\"author\":{\"name\":\"C.K.\",\"@id\":\"https:\/\/vosgesinfo.fr\/epinalinfo\/#\/schema\/person\/6f9a650eeea99d969b6c4ab78fccbe81\"},\"headline\":\"Contr\u00f4le pr\u00e9ventif des sacs au coll\u00e8ge de Thaon-les-Vosges : une action coordonn\u00e9e pour renforcer la s\u00e9curit\u00e9\",\"datePublished\":\"2025-12-05T06:50:23+00:00\",\"dateModified\":\"2025-12-05T17:50:52+00:00\",\"mainEntityOfPage\":{\"@id\":\"https:\/\/vosgesinfo.fr\/epinalinfo\/2025\/12\/controle-preventif-des-sacs-au-college-de-thaon-les-vosges-une-action-coordonnee-pour-renforcer-la-securite\/\"},\"wordCount\":204,\"commentCount\":0,\"publisher\":{\"@id\":\"https:\/\/vosgesinfo.fr\/epinalinfo\/#organization\"},\"image\":{\"@id\":\"https:\/\/vosgesinfo.fr\/epinalinfo\/2025\/12\/controle-preventif-des-sacs-au-college-de-thaon-les-vosges-une-action-coordonnee-pour-renforcer-la-securite\/#primaryimage\"},\"thumbnailUrl\":\"https:\/\/vosgesinfo.fr\/app\/uploads\/sites\/3\/2025\/12\/594044155-1282015577297872-2549340304724116654-n.jpg\",\"articleSection\":[\"A la Une\",\"Epinal\",\"Thaon-les-Vosges\"],\"inLanguage\":\"fr-FR\",\"potentialAction\":[{\"@type\":\"CommentAction\",\"name\":\"Comment\",\"target\":[\"https:\/\/vosgesinfo.fr\/epinalinfo\/2025\/12\/controle-preventif-des-sacs-au-college-de-thaon-les-vosges-une-action-coordonnee-pour-renforcer-la-securite\/#respond\"]}]},{\"@type\":\"WebPage\",\"@id\":\"https:\/\/vosgesinfo.fr\/epinalinfo\/2025\/12\/controle-preventif-des-sacs-au-college-de-thaon-les-vosges-une-action-coordonnee-pour-renforcer-la-securite\/\",\"url\":\"https:\/\/vosgesinfo.fr\/epinalinfo\/2025\/12\/controle-preventif-des-sacs-au-college-de-thaon-les-vosges-une-action-coordonnee-pour-renforcer-la-securite\/\",\"name\":\"Contr\u00f4le pr\u00e9ventif des sacs au coll\u00e8ge de Thaon-les-Vosges : une action coordonn\u00e9e pour renforcer la s\u00e9curit\u00e9 - Epinal Info\",\"isPartOf\":{\"@id\":\"https:\/\/vosgesinfo.fr\/epinalinfo\/#website\"},\"primaryImageOfPage\":{\"@id\":\"https:\/\/vosgesinfo.fr\/epinalinfo\/2025\/12\/controle-preventif-des-sacs-au-college-de-thaon-les-vosges-une-action-coordonnee-pour-renforcer-la-securite\/#primaryimage\"},\"image\":{\"@id\":\"https:\/\/vosgesinfo.fr\/epinalinfo\/2025\/12\/controle-preventif-des-sacs-au-college-de-thaon-les-vosges-une-action-coordonnee-pour-renforcer-la-securite\/#primaryimage\"},\"thumbnailUrl\":\"https:\/\/vosgesinfo.fr\/app\/uploads\/sites\/3\/2025\/12\/594044155-1282015577297872-2549340304724116654-n.jpg\",\"datePublished\":\"2025-12-05T06:50:23+00:00\",\"dateModified\":\"2025-12-05T17:50:52+00:00\",\"breadcrumb\":{\"@id\":\"https:\/\/vosgesinfo.fr\/epinalinfo\/2025\/12\/controle-preventif-des-sacs-au-college-de-thaon-les-vosges-une-action-coordonnee-pour-renforcer-la-securite\/#breadcrumb\"},\"inLanguage\":\"fr-FR\",\"potentialAction\":[{\"@type\":\"ReadAction\",\"target\":[\"https:\/\/vosgesinfo.fr\/epinalinfo\/2025\/12\/controle-preventif-des-sacs-au-college-de-thaon-les-vosges-une-action-coordonnee-pour-renforcer-la-securite\/\"]}]},{\"@type\":\"ImageObject\",\"inLanguage\":\"fr-FR\",\"@id\":\"https:\/\/vosgesinfo.fr\/epinalinfo\/2025\/12\/controle-preventif-des-sacs-au-college-de-thaon-les-vosges-une-action-coordonnee-pour-renforcer-la-securite\/#primaryimage\",\"url\":\"https:\/\/vosgesinfo.fr\/app\/uploads\/sites\/3\/2025\/12\/594044155-1282015577297872-2549340304724116654-n.jpg\",\"contentUrl\":\"https:\/\/vosgesinfo.fr\/app\/uploads\/sites\/3\/2025\/12\/594044155-1282015577297872-2549340304724116654-n.jpg\",\"width\":1445,\"height\":1080},{\"@type\":\"BreadcrumbList\",\"@id\":\"https:\/\/vosgesinfo.fr\/epinalinfo\/2025\/12\/controle-preventif-des-sacs-au-college-de-thaon-les-vosges-une-action-coordonnee-pour-renforcer-la-securite\/#breadcrumb\",\"itemListElement\":[{\"@type\":\"ListItem\",\"position\":1,\"name\":\"Home\",\"item\":\"https:\/\/vosgesinfo.fr\/epinalinfo\/\"},{\"@type\":\"ListItem\",\"position\":2,\"name\":\"Contr\u00f4le pr\u00e9ventif des sacs au coll\u00e8ge de Thaon-les-Vosges : une action coordonn\u00e9e pour renforcer la s\u00e9curit\u00e9\"}]},{\"@type\":\"WebSite\",\"@id\":\"https:\/\/vosgesinfo.fr\/epinalinfo\/#website\",\"url\":\"https:\/\/vosgesinfo.fr\/epinalinfo\/\",\"name\":\"Epinal Info\",\"description\":\"Toute l&#039;actualit\u00e9 d&#039;\u00c9pinal\",\"publisher\":{\"@id\":\"https:\/\/vosgesinfo.fr\/epinalinfo\/#organization\"},\"alternateName\":\"Toute l'actualit\u00e9 d'\u00c9pinal\",\"potentialAction\":[{\"@type\":\"SearchAction\",\"target\":{\"@type\":\"EntryPoint\",\"urlTemplate\":\"https:\/\/vosgesinfo.fr\/epinalinfo\/?s={search_term_string}\"},\"query-input\":\"required name=search_term_string\"}],\"inLanguage\":\"fr-FR\"},{\"@type\":\"Organization\",\"@id\":\"https:\/\/vosgesinfo.fr\/epinalinfo\/#organization\",\"name\":\"Epinal Info\",\"url\":\"https:\/\/vosgesinfo.fr\/epinalinfo\/\",\"logo\":{\"@type\":\"ImageObject\",\"inLanguage\":\"fr-FR\",\"@id\":\"https:\/\/vosgesinfo.fr\/epinalinfo\/#\/schema\/logo\/image\/\",\"url\":\"https:\/\/vosgesinfo.fr\/app\/uploads\/sites\/3\/2023\/08\/logo-epinalinfos.svg\",\"contentUrl\":\"https:\/\/vosgesinfo.fr\/app\/uploads\/sites\/3\/2023\/08\/logo-epinalinfos.svg\",\"width\":1,\"height\":1,\"caption\":\"Epinal Info\"},\"image\":{\"@id\":\"https:\/\/vosgesinfo.fr\/epinalinfo\/#\/schema\/logo\/image\/\"},\"sameAs\":[\"https:\/\/www.facebook.com\/Epinalinfos\",\"https:\/\/x.com\/VosgesInfo88\",\"https:\/\/www.youtube.com\/@vosgesinfo\"]},{\"@type\":\"Person\",\"@id\":\"https:\/\/vosgesinfo.fr\/epinalinfo\/#\/schema\/person\/6f9a650eeea99d969b6c4ab78fccbe81\",\"name\":\"C.K.\",\"image\":{\"@type\":\"ImageObject\",\"inLanguage\":\"fr-FR\",\"@id\":\"https:\/\/vosgesinfo.fr\/epinalinfo\/#\/schema\/person\/image\/\",\"url\":\"https:\/\/secure.gravatar.com\/avatar\/48e3fc7f8421ba8942be6b74a2b7f014ca39bc00dece156b7a8e098ae7dc87bf?s=96&d=mm&r=g\",\"contentUrl\":\"https:\/\/secure.gravatar.com\/avatar\/48e3fc7f8421ba8942be6b74a2b7f014ca39bc00dece156b7a8e098ae7dc87bf?s=96&d=mm&r=g\",\"caption\":\"C.K.\"},\"url\":\"https:\/\/vosgesinfo.fr\/epinalinfo\/author\/celia-k-n\/\"}]}<\/script>\n<!-- \/ Yoast SEO plugin. -->","yoast_head_json":{"title":"Contr\u00f4le pr\u00e9ventif des sacs au coll\u00e8ge de Thaon-les-Vosges : une action coordonn\u00e9e pour renforcer la s\u00e9curit\u00e9 - Epinal Info","robots":{"index":"index","follow":"follow","max-snippet":"max-snippet:-1","max-image-preview":"max-image-preview:large","max-video-preview":"max-video-preview:-1"},"canonical":"https:\/\/vosgesinfo.fr\/epinalinfo\/2025\/12\/controle-preventif-des-sacs-au-college-de-thaon-les-vosges-une-action-coordonnee-pour-renforcer-la-securite\/","twitter_card":"summary_large_image","twitter_title":"Contr\u00f4le pr\u00e9ventif des sacs au coll\u00e8ge de Thaon-les-Vosges : une action coordonn\u00e9e pour renforcer la s\u00e9curit\u00e9 - Epinal Info","twitter_description":"Lundi, les militaires de la Gendarmerie de Thaon-les-Vosges, en partenariat avec la Police municipale, ont men\u00e9 une op\u00e9ration de contr\u00f4le [&hellip;]","twitter_image":"https:\/\/vosgesinfo.fr\/app\/uploads\/sites\/3\/2025\/12\/594044155-1282015577297872-2549340304724116654-n.jpg","twitter_creator":"@VosgesInfo88","twitter_site":"@VosgesInfo88","twitter_misc":{"\u00c9crit par":"C.K.","Dur\u00e9e de lecture estim\u00e9e":"2 minutes"},"schema":{"@context":"https:\/\/schema.org","@graph":[{"@type":"Article","@id":"https:\/\/vosgesinfo.fr\/epinalinfo\/2025\/12\/controle-preventif-des-sacs-au-college-de-thaon-les-vosges-une-action-coordonnee-pour-renforcer-la-securite\/#article","isPartOf":{"@id":"https:\/\/vosgesinfo.fr\/epinalinfo\/2025\/12\/controle-preventif-des-sacs-au-college-de-thaon-les-vosges-une-action-coordonnee-pour-renforcer-la-securite\/"},"author":{"name":"C.K.","@id":"https:\/\/vosgesinfo.fr\/epinalinfo\/#\/schema\/person\/6f9a650eeea99d969b6c4ab78fccbe81"},"headline":"Contr\u00f4le pr\u00e9ventif des sacs au coll\u00e8ge de Thaon-les-Vosges : une action coordonn\u00e9e pour renforcer la s\u00e9curit\u00e9","datePublished":"2025-12-05T06:50:23+00:00","dateModified":"2025-12-05T17:50:52+00:00","mainEntityOfPage":{"@id":"https:\/\/vosgesinfo.fr\/epinalinfo\/2025\/12\/controle-preventif-des-sacs-au-college-de-thaon-les-vosges-une-action-coordonnee-pour-renforcer-la-securite\/"},"wordCount":204,"commentCount":0,"publisher":{"@id":"https:\/\/vosgesinfo.fr\/epinalinfo\/#organization"},"image":{"@id":"https:\/\/vosgesinfo.fr\/epinalinfo\/2025\/12\/controle-preventif-des-sacs-au-college-de-thaon-les-vosges-une-action-coordonnee-pour-renforcer-la-securite\/#primaryimage"},"thumbnailUrl":"https:\/\/vosgesinfo.fr\/app\/uploads\/sites\/3\/2025\/12\/594044155-1282015577297872-2549340304724116654-n.jpg","articleSection":["A la Une","Epinal","Thaon-les-Vosges"],"inLanguage":"fr-FR","potentialAction":[{"@type":"CommentAction","name":"Comment","target":["https:\/\/vosgesinfo.fr\/epinalinfo\/2025\/12\/controle-preventif-des-sacs-au-college-de-thaon-les-vosges-une-action-coordonnee-pour-renforcer-la-securite\/#respond"]}]},{"@type":"WebPage","@id":"https:\/\/vosgesinfo.fr\/epinalinfo\/2025\/12\/controle-preventif-des-sacs-au-college-de-thaon-les-vosges-une-action-coordonnee-pour-renforcer-la-securite\/","url":"https:\/\/vosgesinfo.fr\/epinalinfo\/2025\/12\/controle-preventif-des-sacs-au-college-de-thaon-les-vosges-une-action-coordonnee-pour-renforcer-la-securite\/","name":"Contr\u00f4le pr\u00e9ventif des sacs au coll\u00e8ge de Thaon-les-Vosges : une action coordonn\u00e9e pour renforcer la s\u00e9curit\u00e9 - Epinal Info","isPartOf":{"@id":"https:\/\/vosgesinfo.fr\/epinalinfo\/#website"},"primaryImageOfPage":{"@id":"https:\/\/vosgesinfo.fr\/epinalinfo\/2025\/12\/controle-preventif-des-sacs-au-college-de-thaon-les-vosges-une-action-coordonnee-pour-renforcer-la-securite\/#primaryimage"},"image":{"@id":"https:\/\/vosgesinfo.fr\/epinalinfo\/2025\/12\/controle-preventif-des-sacs-au-college-de-thaon-les-vosges-une-action-coordonnee-pour-renforcer-la-securite\/#primaryimage"},"thumbnailUrl":"https:\/\/vosgesinfo.fr\/app\/uploads\/sites\/3\/2025\/12\/594044155-1282015577297872-2549340304724116654-n.jpg","datePublished":"2025-12-05T06:50:23+00:00","dateModified":"2025-12-05T17:50:52+00:00","breadcrumb":{"@id":"https:\/\/vosgesinfo.fr\/epinalinfo\/2025\/12\/controle-preventif-des-sacs-au-college-de-thaon-les-vosges-une-action-coordonnee-pour-renforcer-la-securite\/#breadcrumb"},"inLanguage":"fr-FR","potentialAction":[{"@type":"ReadAction","target":["https:\/\/vosgesinfo.fr\/epinalinfo\/2025\/12\/controle-preventif-des-sacs-au-college-de-thaon-les-vosges-une-action-coordonnee-pour-renforcer-la-securite\/"]}]},{"@type":"ImageObject","inLanguage":"fr-FR","@id":"https:\/\/vosgesinfo.fr\/epinalinfo\/2025\/12\/controle-preventif-des-sacs-au-college-de-thaon-les-vosges-une-action-coordonnee-pour-renforcer-la-securite\/#primaryimage","url":"https:\/\/vosgesinfo.fr\/app\/uploads\/sites\/3\/2025\/12\/594044155-1282015577297872-2549340304724116654-n.jpg","contentUrl":"https:\/\/vosgesinfo.fr\/app\/uploads\/sites\/3\/2025\/12\/594044155-1282015577297872-2549340304724116654-n.jpg","width":1445,"height":1080},{"@type":"BreadcrumbList","@id":"https:\/\/vosgesinfo.fr\/epinalinfo\/2025\/12\/controle-preventif-des-sacs-au-college-de-thaon-les-vosges-une-action-coordonnee-pour-renforcer-la-securite\/#breadcrumb","itemListElement":[{"@type":"ListItem","position":1,"name":"Home","item":"https:\/\/vosgesinfo.fr\/epinalinfo\/"},{"@type":"ListItem","position":2,"name":"Contr\u00f4le pr\u00e9ventif des sacs au coll\u00e8ge de Thaon-les-Vosges : une action coordonn\u00e9e pour renforcer la s\u00e9curit\u00e9"}]},{"@type":"WebSite","@id":"https:\/\/vosgesinfo.fr\/epinalinfo\/#website","url":"https:\/\/vosgesinfo.fr\/epinalinfo\/","name":"Epinal Info","description":"Toute l&#039;actualit\u00e9 d&#039;\u00c9pinal","publisher":{"@id":"https:\/\/vosgesinfo.fr\/epinalinfo\/#organization"},"alternateName":"Toute l'actualit\u00e9 d'\u00c9pinal","potentialAction":[{"@type":"SearchAction","target":{"@type":"EntryPoint","urlTemplate":"https:\/\/vosgesinfo.fr\/epinalinfo\/?s={search_term_string}"},"query-input":"required name=search_term_string"}],"inLanguage":"fr-FR"},{"@type":"Organization","@id":"https:\/\/vosgesinfo.fr\/epinalinfo\/#organization","name":"Epinal Info","url":"https:\/\/vosgesinfo.fr\/epinalinfo\/","logo":{"@type":"ImageObject","inLanguage":"fr-FR","@id":"https:\/\/vosgesinfo.fr\/epinalinfo\/#\/schema\/logo\/image\/","url":"https:\/\/vosgesinfo.fr\/app\/uploads\/sites\/3\/2023\/08\/logo-epinalinfos.svg","contentUrl":"https:\/\/vosgesinfo.fr\/app\/uploads\/sites\/3\/2023\/08\/logo-epinalinfos.svg","width":1,"height":1,"caption":"Epinal Info"},"image":{"@id":"https:\/\/vosgesinfo.fr\/epinalinfo\/#\/schema\/logo\/image\/"},"sameAs":["https:\/\/www.facebook.com\/Epinalinfos","https:\/\/x.com\/VosgesInfo88","https:\/\/www.youtube.com\/@vosgesinfo"]},{"@type":"Person","@id":"https:\/\/vosgesinfo.fr\/epinalinfo\/#\/schema\/person\/6f9a650eeea99d969b6c4ab78fccbe81","name":"C.K.","image":{"@type":"ImageObject","inLanguage":"fr-FR","@id":"https:\/\/vosgesinfo.fr\/epinalinfo\/#\/schema\/person\/image\/","url":"https:\/\/secure.gravatar.com\/avatar\/48e3fc7f8421ba8942be6b74a2b7f014ca39bc00dece156b7a8e098ae7dc87bf?s=96&d=mm&r=g","contentUrl":"https:\/\/secure.gravatar.com\/avatar\/48e3fc7f8421ba8942be6b74a2b7f014ca39bc00dece156b7a8e098ae7dc87bf?s=96&d=mm&r=g","caption":"C.K."},"url":"https:\/\/vosgesinfo.fr\/epinalinfo\/author\/celia-k-n\/"}]}},"_links":{"self":[{"href":"https:\/\/vosgesinfo.fr\/epinalinfo\/wp-json\/wp\/v2\/posts\/137925","targetHints":{"allow":["GET"]}}],"collection":[{"href":"https:\/\/vosgesinfo.fr\/epinalinfo\/wp-json\/wp\/v2\/posts"}],"about":[{"href":"https:\/\/vosgesinfo.fr\/epinalinfo\/wp-json\/wp\/v2\/types\/post"}],"author":[{"embeddable":true,"href":"https:\/\/vosgesinfo.fr\/epinalinfo\/wp-json\/wp\/v2\/users\/52"}],"replies":[{"embeddable":true,"href":"https:\/\/vosgesinfo.fr\/epinalinfo\/wp-json\/wp\/v2\/comments?post=137925"}],"version-history":[{"count":1,"href":"https:\/\/vosgesinfo.fr\/epinalinfo\/wp-json\/wp\/v2\/posts\/137925\/revisions"}],"predecessor-version":[{"id":137928,"href":"https:\/\/vosgesinfo.fr\/epinalinfo\/wp-json\/wp\/v2\/posts\/137925\/revisions\/137928"}],"wp:featuredmedia":[{"embeddable":true,"href":"https:\/\/vosgesinfo.fr\/epinalinfo\/wp-json\/wp\/v2\/media\/137926"}],"wp:attachment":[{"href":"https:\/\/vosgesinfo.fr\/epinalinfo\/wp-json\/wp\/v2\/media?parent=137925"}],"wp:term":[{"taxonomy":"category","embeddable":true,"href":"https:\/\/vosgesinfo.fr\/epinalinfo\/wp-json\/wp\/v2\/categories?post=137925"},{"taxonomy":"post_tag","embeddable":true,"href":"https:\/\/vosgesinfo.fr\/epinalinfo\/wp-json\/wp\/v2\/tags?post=137925"}],"curies":[{"name":"wp","href":"https:\/\/api.w.org\/{rel}","templated":true}]}}