{"id":138017,"date":"2025-12-08T18:25:11","date_gmt":"2025-12-08T17:25:11","guid":{"rendered":"https:\/\/vosgesinfo.fr\/epinalinfo\/?p=138017"},"modified":"2025-12-08T18:25:11","modified_gmt":"2025-12-08T17:25:11","slug":"lorchestre-la-belle-image-fete-la-nouvelle-annee-en-musique","status":"publish","type":"post","link":"https:\/\/vosgesinfo.fr\/epinalinfo\/2025\/12\/lorchestre-la-belle-image-fete-la-nouvelle-annee-en-musique\/","title":{"rendered":"L\u2019Orchestre la belle image f\u00eate la nouvelle ann\u00e9e en musique !\u00a0"},"content":{"rendered":"<p class=\"x_elementToProof\"><b data-olk-copy-source=\"MessageBody\"><a href=\"https:\/\/vosgesinfo.fr\/app\/uploads\/sites\/3\/2023\/06\/ensemble-orchestral-epinal-la-belle-image-\u00a9-arnopaul-1.jpg\"><img decoding=\"async\" class=\"aligncenter size-full wp-image-1367\" src=\"https:\/\/vosgesinfo.fr\/app\/uploads\/sites\/3\/2023\/06\/ensemble-orchestral-epinal-la-belle-image-\u00a9-arnopaul-1.jpg\" alt=\"\" width=\"800\" height=\"533\" srcset=\"https:\/\/vosgesinfo.fr\/app\/uploads\/sites\/3\/2023\/06\/ensemble-orchestral-epinal-la-belle-image-\u00a9-arnopaul-1.jpg 800w, https:\/\/vosgesinfo.fr\/app\/uploads\/sites\/3\/2023\/06\/ensemble-orchestral-epinal-la-belle-image-\u00a9-arnopaul-1-300x200.jpg 300w, https:\/\/vosgesinfo.fr\/app\/uploads\/sites\/3\/2023\/06\/ensemble-orchestral-epinal-la-belle-image-\u00a9-arnopaul-1-768x512.jpg 768w\" sizes=\"(max-width: 800px) 100vw, 800px\" \/><\/a>Concert du Nouvel An<\/b><\/p>\n<p class=\"x_elementToProof\"><b>Airs d&rsquo;op\u00e9rettes<\/b><\/p>\n<p class=\"x_elementToProof\">\n<p class=\"x_elementToProof\"><b><br \/>\n<\/b><b>17 et 18 janvier \u2013 Golbey et La Chapelle-aux-Bois<\/b><\/p>\n<div class=\"x_elementToProof\"><\/div>\n<p>&nbsp;<\/p>\n<p class=\"x_elementToProof\"><b>L\u2019Orchestre la belle image f\u00eate la nouvelle ann\u00e9e en musique !\u00a0<\/b><\/p>\n<div class=\"x_elementToProof\"><b>L\u2019Orchestre la belle image vous invite \u00e0 c\u00e9l\u00e9brer l\u2019arriv\u00e9e de 2026 lors de son traditionnel Concert du Nouvel An, plac\u00e9 sous la direction de William Le Sage. Un moment musical p\u00e9tillant, rempli de bonne humeur, d\u2019humour et de m\u00e9lodies inoubliables, pour commencer l\u2019ann\u00e9e du bon pied !<\/b><\/div>\n<div class=\"x_elementToProof\"><b>Cette \u00e9dition r\u00e9unira deux voix lumineuses :<\/b><\/div>\n<ul data-editing-info=\"{&quot;unorderedStyleType&quot;:2}\">\n<li>\n<div role=\"presentation\"><b>Marianne Croux<\/b>, soprano au timbre radieux, applaudie sur les plus grandes sc\u00e8nes fran\u00e7aises ;<\/div>\n<\/li>\n<li>\n<div role=\"presentation\"><b>Igor Bouin<\/b>, baryton chaleureux, complice id\u00e9al pour les duos flamboyants du programme.<\/div>\n<\/li>\n<\/ul>\n<div class=\"x_elementToProof\">La soir\u00e9e sera pr\u00e9sent\u00e9e avec \u00e9l\u00e9gance et sourire par <b>Nastasia Matignon<\/b>, sp\u00e9cialiste de l\u2019op\u00e9rette.<\/div>\n<div class=\"x_elementToProof\"><b>________________________________________<\/b><\/div>\n<div class=\"x_elementToProof\"><b>\ud83c\udfb6\u00a0Un programme festif, accessible \u00e0 tous<\/b><\/div>\n<div class=\"x_elementToProof\"><b>Au menu : les plus beaux airs d\u2019op\u00e9rette et de la musique fran\u00e7aise, des pages c\u00e9l\u00e8bres\u2026 et d\u2019autres \u00e0 red\u00e9couvrir !<\/b><\/div>\n<div class=\"x_elementToProof\"><b>Le public reconna\u00eetra notamment :<\/b><\/div>\n<ul data-editing-info=\"{&quot;unorderedStyleType&quot;:2}\">\n<li>\n<div role=\"presentation\">la Barcarolle\u00a0d\u2019Offenbach (<i>Les Contes d\u2019Hoffmann<\/i>), entr\u00e9e dans la culture populaire gr\u00e2ce au cin\u00e9ma (<i>La Vie est belle<\/i>) ;<\/div>\n<\/li>\n<li>\n<div role=\"presentation\">l\u2019incontournable Air des bijoux\u00a0de <i>Faust<\/i>\u00a0de Gounod, immortalis\u00e9 par la c\u00e9l\u00e8bre Castafiore dans Tintin ;<\/div>\n<\/li>\n<li>\n<div role=\"presentation\">le French Cancan\u00a0du <i>Galop infernal<\/i>\u00a0extrait d\u2019<i>Orph\u00e9e aux enfers<\/i> d\u2019Offenbach, impossible \u00e0 \u00e9couter sans sourire ;<\/div>\n<\/li>\n<li>\n<div role=\"presentation\">l\u2019\u00e9blouissante valse <i>Espa\u00f1a<\/i>\u00a0d\u2019\u00c9mile Waldteufel, aux couleurs ensoleill\u00e9es ;<\/div>\n<\/li>\n<li>\n<div class=\"x_elementToProof\" role=\"presentation\">sans oublier des p\u00e9pites r\u00e9jouissantes comme le Duo de la mouche ou le Duetto de l\u2019\u00e2ne, parfaits pour savourer l\u2019humour et la fantaisie du r\u00e9pertoire.<\/div>\n<\/li>\n<\/ul>\n<div class=\"x_elementToProof\"><b>Entre \u00e9nergie, lyrisme et clins d\u2019\u0153il joyeux, ce concert est pens\u00e9 pour plaire autant aux m\u00e9lomanes qu\u2019aux curieux.<\/b><\/div>\n<div class=\"x_elementToProof\"><b>________________________________________<\/b><\/div>\n<div class=\"x_elementToProof\"><b>\ud83d\udcc5\u00a0Dates et lieux<\/b><\/div>\n<div class=\"x_elementToProof\"><b>\u2022 Samedi 17 janvier 2026 \u2013 19h<\/b><\/div>\n<div class=\"x_elementToProof\"><b>Centre culturel de Golbey<\/b><\/div>\n<div class=\"x_elementToProof\"><b>\u2022 Dimanche 18 janvier 2026 \u2013 17h<\/b><\/div>\n<div class=\"x_elementToProof\"><b>Salle polyvalente de La Chapelle-aux-Bois<\/b><\/div>\n<div class=\"x_elementToProof\"><b>________________________________________<\/b><\/div>\n<div class=\"x_elementToProof\"><b>\ud83c\udf9f\u00a0Tarifs<\/b><\/div>\n<div class=\"x_elementToProof\"><b>\u2022 Plein : 10 \u20ac<\/b><\/div>\n<div class=\"x_elementToProof\"><b>\u2022 Gratuit pour les moins de 12 ans<\/b><\/div>\n<div class=\"x_elementToProof\"><b>________________________________________<\/b><\/div>\n<div class=\"x_elementToProof\">\ud83c\udf9f\ufe0f <b>Billetterie :<\/b><\/div>\n<ul>\n<li>\n<div class=\"x_elementToProof\" role=\"presentation\">En ligne : <a title=\"https:\/\/boutique.epinal.fr\/evenements\/concerts-festivals\" href=\"https:\/\/boutique.epinal.fr\/evenements\/concerts-festivals\" target=\"_blank\" rel=\"noopener noreferrer\" data-auth=\"NotApplicable\" data-linkindex=\"1\">https:\/\/boutique.epinal.fr\/evenements\/concerts-festivals<\/a><\/div>\n<\/li>\n<li>\n<div class=\"x_elementToProof\" role=\"presentation\">Offices de tourisme d\u2019\u00c9pinal, La V\u00f4ge-les-Bains, Charmes et Xertigny<\/div>\n<\/li>\n<li>\n<div class=\"x_elementToProof\" role=\"presentation\">Sur place le soir du concert (dans la limite\u00a0des places disponibles)<\/div>\n<\/li>\n<\/ul>\n<div class=\"x_elementToProof\"><b>Dans une ambiance chaleureuse et festive, l\u2019Orchestre la belle image vous propose de commencer 2026 sous le signe de la musique, du partage et de la joie.<\/b><\/div>\n","protected":false},"excerpt":{"rendered":"<p>Concert du Nouvel An Airs d&rsquo;op\u00e9rettes 17 et 18 janvier \u2013 Golbey et La Chapelle-aux-Bois &nbsp; L\u2019Orchestre la belle image [&hellip;]<\/p>\n","protected":false},"author":52,"featured_media":1367,"comment_status":"open","ping_status":"open","sticky":false,"template":"","format":"standard","meta":{"footnotes":""},"categories":[1],"tags":[],"class_list":["post-138017","post","type-post","status-publish","format-standard","has-post-thumbnail","hentry","category-non-classe"],"acf":[],"yoast_head":"<!-- This site is optimized with the Yoast SEO plugin v22.5 - https:\/\/yoast.com\/wordpress\/plugins\/seo\/ -->\n<title>L\u2019Orchestre la belle image f\u00eate la nouvelle ann\u00e9e en musique !\u00a0 - Epinal Info<\/title>\n<meta name=\"robots\" content=\"index, follow, max-snippet:-1, max-image-preview:large, max-video-preview:-1\" \/>\n<link rel=\"canonical\" href=\"https:\/\/vosgesinfo.fr\/epinalinfo\/?p=138017\" \/>\n<meta name=\"twitter:card\" content=\"summary_large_image\" \/>\n<meta name=\"twitter:title\" content=\"L\u2019Orchestre la belle image f\u00eate la nouvelle ann\u00e9e en musique !\u00a0 - Epinal Info\" \/>\n<meta name=\"twitter:description\" content=\"Concert du Nouvel An Airs d&rsquo;op\u00e9rettes 17 et 18 janvier \u2013 Golbey et La Chapelle-aux-Bois &nbsp; L\u2019Orchestre la belle image [&hellip;]\" \/>\n<meta name=\"twitter:creator\" content=\"@VosgesInfo88\" \/>\n<meta name=\"twitter:site\" content=\"@VosgesInfo88\" \/>\n<meta name=\"twitter:label1\" content=\"\u00c9crit par\" \/>\n\t<meta name=\"twitter:data1\" content=\"C.K.\" \/>\n\t<meta name=\"twitter:label2\" content=\"Dur\u00e9e de lecture estim\u00e9e\" \/>\n\t<meta name=\"twitter:data2\" content=\"2 minutes\" \/>\n<script type=\"application\/ld+json\" class=\"yoast-schema-graph\">{\"@context\":\"https:\/\/schema.org\",\"@graph\":[{\"@type\":\"Article\",\"@id\":\"https:\/\/vosgesinfo.fr\/epinalinfo\/?p=138017#article\",\"isPartOf\":{\"@id\":\"https:\/\/vosgesinfo.fr\/epinalinfo\/?p=138017\"},\"author\":{\"name\":\"C.K.\",\"@id\":\"https:\/\/vosgesinfo.fr\/epinalinfo\/#\/schema\/person\/6f9a650eeea99d969b6c4ab78fccbe81\"},\"headline\":\"L\u2019Orchestre la belle image f\u00eate la nouvelle ann\u00e9e en musique !\u00a0\",\"datePublished\":\"2025-12-08T17:25:11+00:00\",\"dateModified\":\"2025-12-08T17:25:11+00:00\",\"mainEntityOfPage\":{\"@id\":\"https:\/\/vosgesinfo.fr\/epinalinfo\/?p=138017\"},\"wordCount\":393,\"commentCount\":0,\"publisher\":{\"@id\":\"https:\/\/vosgesinfo.fr\/epinalinfo\/#organization\"},\"image\":{\"@id\":\"https:\/\/vosgesinfo.fr\/epinalinfo\/?p=138017#primaryimage\"},\"thumbnailUrl\":\"https:\/\/vosgesinfo.fr\/app\/uploads\/sites\/3\/2023\/06\/ensemble-orchestral-epinal-la-belle-image-\u00a9-arnopaul-1.jpg\",\"inLanguage\":\"fr-FR\",\"potentialAction\":[{\"@type\":\"CommentAction\",\"name\":\"Comment\",\"target\":[\"https:\/\/vosgesinfo.fr\/epinalinfo\/?p=138017#respond\"]}]},{\"@type\":\"WebPage\",\"@id\":\"https:\/\/vosgesinfo.fr\/epinalinfo\/?p=138017\",\"url\":\"https:\/\/vosgesinfo.fr\/epinalinfo\/?p=138017\",\"name\":\"L\u2019Orchestre la belle image f\u00eate la nouvelle ann\u00e9e en musique !\u00a0 - Epinal Info\",\"isPartOf\":{\"@id\":\"https:\/\/vosgesinfo.fr\/epinalinfo\/#website\"},\"primaryImageOfPage\":{\"@id\":\"https:\/\/vosgesinfo.fr\/epinalinfo\/?p=138017#primaryimage\"},\"image\":{\"@id\":\"https:\/\/vosgesinfo.fr\/epinalinfo\/?p=138017#primaryimage\"},\"thumbnailUrl\":\"https:\/\/vosgesinfo.fr\/app\/uploads\/sites\/3\/2023\/06\/ensemble-orchestral-epinal-la-belle-image-\u00a9-arnopaul-1.jpg\",\"datePublished\":\"2025-12-08T17:25:11+00:00\",\"dateModified\":\"2025-12-08T17:25:11+00:00\",\"breadcrumb\":{\"@id\":\"https:\/\/vosgesinfo.fr\/epinalinfo\/?p=138017#breadcrumb\"},\"inLanguage\":\"fr-FR\",\"potentialAction\":[{\"@type\":\"ReadAction\",\"target\":[\"https:\/\/vosgesinfo.fr\/epinalinfo\/?p=138017\"]}]},{\"@type\":\"ImageObject\",\"inLanguage\":\"fr-FR\",\"@id\":\"https:\/\/vosgesinfo.fr\/epinalinfo\/?p=138017#primaryimage\",\"url\":\"https:\/\/vosgesinfo.fr\/app\/uploads\/sites\/3\/2023\/06\/ensemble-orchestral-epinal-la-belle-image-\u00a9-arnopaul-1.jpg\",\"contentUrl\":\"https:\/\/vosgesinfo.fr\/app\/uploads\/sites\/3\/2023\/06\/ensemble-orchestral-epinal-la-belle-image-\u00a9-arnopaul-1.jpg\",\"width\":800,\"height\":533},{\"@type\":\"BreadcrumbList\",\"@id\":\"https:\/\/vosgesinfo.fr\/epinalinfo\/?p=138017#breadcrumb\",\"itemListElement\":[{\"@type\":\"ListItem\",\"position\":1,\"name\":\"Home\",\"item\":\"https:\/\/vosgesinfo.fr\/epinalinfo\/\"},{\"@type\":\"ListItem\",\"position\":2,\"name\":\"L\u2019Orchestre la belle image f\u00eate la nouvelle ann\u00e9e en musique !\u00a0\"}]},{\"@type\":\"WebSite\",\"@id\":\"https:\/\/vosgesinfo.fr\/epinalinfo\/#website\",\"url\":\"https:\/\/vosgesinfo.fr\/epinalinfo\/\",\"name\":\"Epinal Info\",\"description\":\"Toute l&#039;actualit\u00e9 d&#039;\u00c9pinal\",\"publisher\":{\"@id\":\"https:\/\/vosgesinfo.fr\/epinalinfo\/#organization\"},\"alternateName\":\"Toute l'actualit\u00e9 d'\u00c9pinal\",\"potentialAction\":[{\"@type\":\"SearchAction\",\"target\":{\"@type\":\"EntryPoint\",\"urlTemplate\":\"https:\/\/vosgesinfo.fr\/epinalinfo\/?s={search_term_string}\"},\"query-input\":\"required name=search_term_string\"}],\"inLanguage\":\"fr-FR\"},{\"@type\":\"Organization\",\"@id\":\"https:\/\/vosgesinfo.fr\/epinalinfo\/#organization\",\"name\":\"Epinal Info\",\"url\":\"https:\/\/vosgesinfo.fr\/epinalinfo\/\",\"logo\":{\"@type\":\"ImageObject\",\"inLanguage\":\"fr-FR\",\"@id\":\"https:\/\/vosgesinfo.fr\/epinalinfo\/#\/schema\/logo\/image\/\",\"url\":\"https:\/\/vosgesinfo.fr\/app\/uploads\/sites\/3\/2023\/08\/logo-epinalinfos.svg\",\"contentUrl\":\"https:\/\/vosgesinfo.fr\/app\/uploads\/sites\/3\/2023\/08\/logo-epinalinfos.svg\",\"width\":1,\"height\":1,\"caption\":\"Epinal Info\"},\"image\":{\"@id\":\"https:\/\/vosgesinfo.fr\/epinalinfo\/#\/schema\/logo\/image\/\"},\"sameAs\":[\"https:\/\/www.facebook.com\/Epinalinfos\",\"https:\/\/x.com\/VosgesInfo88\",\"https:\/\/www.youtube.com\/@vosgesinfo\"]},{\"@type\":\"Person\",\"@id\":\"https:\/\/vosgesinfo.fr\/epinalinfo\/#\/schema\/person\/6f9a650eeea99d969b6c4ab78fccbe81\",\"name\":\"C.K.\",\"image\":{\"@type\":\"ImageObject\",\"inLanguage\":\"fr-FR\",\"@id\":\"https:\/\/vosgesinfo.fr\/epinalinfo\/#\/schema\/person\/image\/\",\"url\":\"https:\/\/secure.gravatar.com\/avatar\/48e3fc7f8421ba8942be6b74a2b7f014ca39bc00dece156b7a8e098ae7dc87bf?s=96&d=mm&r=g\",\"contentUrl\":\"https:\/\/secure.gravatar.com\/avatar\/48e3fc7f8421ba8942be6b74a2b7f014ca39bc00dece156b7a8e098ae7dc87bf?s=96&d=mm&r=g\",\"caption\":\"C.K.\"},\"url\":\"https:\/\/vosgesinfo.fr\/epinalinfo\/author\/celia-k-n\/\"}]}<\/script>\n<!-- \/ Yoast SEO plugin. -->","yoast_head_json":{"title":"L\u2019Orchestre la belle image f\u00eate la nouvelle ann\u00e9e en musique !\u00a0 - Epinal Info","robots":{"index":"index","follow":"follow","max-snippet":"max-snippet:-1","max-image-preview":"max-image-preview:large","max-video-preview":"max-video-preview:-1"},"canonical":"https:\/\/vosgesinfo.fr\/epinalinfo\/?p=138017","twitter_card":"summary_large_image","twitter_title":"L\u2019Orchestre la belle image f\u00eate la nouvelle ann\u00e9e en musique !\u00a0 - Epinal Info","twitter_description":"Concert du Nouvel An Airs d&rsquo;op\u00e9rettes 17 et 18 janvier \u2013 Golbey et La Chapelle-aux-Bois &nbsp; L\u2019Orchestre la belle image [&hellip;]","twitter_creator":"@VosgesInfo88","twitter_site":"@VosgesInfo88","twitter_misc":{"\u00c9crit par":"C.K.","Dur\u00e9e de lecture estim\u00e9e":"2 minutes"},"schema":{"@context":"https:\/\/schema.org","@graph":[{"@type":"Article","@id":"https:\/\/vosgesinfo.fr\/epinalinfo\/?p=138017#article","isPartOf":{"@id":"https:\/\/vosgesinfo.fr\/epinalinfo\/?p=138017"},"author":{"name":"C.K.","@id":"https:\/\/vosgesinfo.fr\/epinalinfo\/#\/schema\/person\/6f9a650eeea99d969b6c4ab78fccbe81"},"headline":"L\u2019Orchestre la belle image f\u00eate la nouvelle ann\u00e9e en musique !\u00a0","datePublished":"2025-12-08T17:25:11+00:00","dateModified":"2025-12-08T17:25:11+00:00","mainEntityOfPage":{"@id":"https:\/\/vosgesinfo.fr\/epinalinfo\/?p=138017"},"wordCount":393,"commentCount":0,"publisher":{"@id":"https:\/\/vosgesinfo.fr\/epinalinfo\/#organization"},"image":{"@id":"https:\/\/vosgesinfo.fr\/epinalinfo\/?p=138017#primaryimage"},"thumbnailUrl":"https:\/\/vosgesinfo.fr\/app\/uploads\/sites\/3\/2023\/06\/ensemble-orchestral-epinal-la-belle-image-\u00a9-arnopaul-1.jpg","inLanguage":"fr-FR","potentialAction":[{"@type":"CommentAction","name":"Comment","target":["https:\/\/vosgesinfo.fr\/epinalinfo\/?p=138017#respond"]}]},{"@type":"WebPage","@id":"https:\/\/vosgesinfo.fr\/epinalinfo\/?p=138017","url":"https:\/\/vosgesinfo.fr\/epinalinfo\/?p=138017","name":"L\u2019Orchestre la belle image f\u00eate la nouvelle ann\u00e9e en musique !\u00a0 - Epinal Info","isPartOf":{"@id":"https:\/\/vosgesinfo.fr\/epinalinfo\/#website"},"primaryImageOfPage":{"@id":"https:\/\/vosgesinfo.fr\/epinalinfo\/?p=138017#primaryimage"},"image":{"@id":"https:\/\/vosgesinfo.fr\/epinalinfo\/?p=138017#primaryimage"},"thumbnailUrl":"https:\/\/vosgesinfo.fr\/app\/uploads\/sites\/3\/2023\/06\/ensemble-orchestral-epinal-la-belle-image-\u00a9-arnopaul-1.jpg","datePublished":"2025-12-08T17:25:11+00:00","dateModified":"2025-12-08T17:25:11+00:00","breadcrumb":{"@id":"https:\/\/vosgesinfo.fr\/epinalinfo\/?p=138017#breadcrumb"},"inLanguage":"fr-FR","potentialAction":[{"@type":"ReadAction","target":["https:\/\/vosgesinfo.fr\/epinalinfo\/?p=138017"]}]},{"@type":"ImageObject","inLanguage":"fr-FR","@id":"https:\/\/vosgesinfo.fr\/epinalinfo\/?p=138017#primaryimage","url":"https:\/\/vosgesinfo.fr\/app\/uploads\/sites\/3\/2023\/06\/ensemble-orchestral-epinal-la-belle-image-\u00a9-arnopaul-1.jpg","contentUrl":"https:\/\/vosgesinfo.fr\/app\/uploads\/sites\/3\/2023\/06\/ensemble-orchestral-epinal-la-belle-image-\u00a9-arnopaul-1.jpg","width":800,"height":533},{"@type":"BreadcrumbList","@id":"https:\/\/vosgesinfo.fr\/epinalinfo\/?p=138017#breadcrumb","itemListElement":[{"@type":"ListItem","position":1,"name":"Home","item":"https:\/\/vosgesinfo.fr\/epinalinfo\/"},{"@type":"ListItem","position":2,"name":"L\u2019Orchestre la belle image f\u00eate la nouvelle ann\u00e9e en musique !\u00a0"}]},{"@type":"WebSite","@id":"https:\/\/vosgesinfo.fr\/epinalinfo\/#website","url":"https:\/\/vosgesinfo.fr\/epinalinfo\/","name":"Epinal Info","description":"Toute l&#039;actualit\u00e9 d&#039;\u00c9pinal","publisher":{"@id":"https:\/\/vosgesinfo.fr\/epinalinfo\/#organization"},"alternateName":"Toute l'actualit\u00e9 d'\u00c9pinal","potentialAction":[{"@type":"SearchAction","target":{"@type":"EntryPoint","urlTemplate":"https:\/\/vosgesinfo.fr\/epinalinfo\/?s={search_term_string}"},"query-input":"required name=search_term_string"}],"inLanguage":"fr-FR"},{"@type":"Organization","@id":"https:\/\/vosgesinfo.fr\/epinalinfo\/#organization","name":"Epinal Info","url":"https:\/\/vosgesinfo.fr\/epinalinfo\/","logo":{"@type":"ImageObject","inLanguage":"fr-FR","@id":"https:\/\/vosgesinfo.fr\/epinalinfo\/#\/schema\/logo\/image\/","url":"https:\/\/vosgesinfo.fr\/app\/uploads\/sites\/3\/2023\/08\/logo-epinalinfos.svg","contentUrl":"https:\/\/vosgesinfo.fr\/app\/uploads\/sites\/3\/2023\/08\/logo-epinalinfos.svg","width":1,"height":1,"caption":"Epinal Info"},"image":{"@id":"https:\/\/vosgesinfo.fr\/epinalinfo\/#\/schema\/logo\/image\/"},"sameAs":["https:\/\/www.facebook.com\/Epinalinfos","https:\/\/x.com\/VosgesInfo88","https:\/\/www.youtube.com\/@vosgesinfo"]},{"@type":"Person","@id":"https:\/\/vosgesinfo.fr\/epinalinfo\/#\/schema\/person\/6f9a650eeea99d969b6c4ab78fccbe81","name":"C.K.","image":{"@type":"ImageObject","inLanguage":"fr-FR","@id":"https:\/\/vosgesinfo.fr\/epinalinfo\/#\/schema\/person\/image\/","url":"https:\/\/secure.gravatar.com\/avatar\/48e3fc7f8421ba8942be6b74a2b7f014ca39bc00dece156b7a8e098ae7dc87bf?s=96&d=mm&r=g","contentUrl":"https:\/\/secure.gravatar.com\/avatar\/48e3fc7f8421ba8942be6b74a2b7f014ca39bc00dece156b7a8e098ae7dc87bf?s=96&d=mm&r=g","caption":"C.K."},"url":"https:\/\/vosgesinfo.fr\/epinalinfo\/author\/celia-k-n\/"}]}},"_links":{"self":[{"href":"https:\/\/vosgesinfo.fr\/epinalinfo\/wp-json\/wp\/v2\/posts\/138017","targetHints":{"allow":["GET"]}}],"collection":[{"href":"https:\/\/vosgesinfo.fr\/epinalinfo\/wp-json\/wp\/v2\/posts"}],"about":[{"href":"https:\/\/vosgesinfo.fr\/epinalinfo\/wp-json\/wp\/v2\/types\/post"}],"author":[{"embeddable":true,"href":"https:\/\/vosgesinfo.fr\/epinalinfo\/wp-json\/wp\/v2\/users\/52"}],"replies":[{"embeddable":true,"href":"https:\/\/vosgesinfo.fr\/epinalinfo\/wp-json\/wp\/v2\/comments?post=138017"}],"version-history":[{"count":1,"href":"https:\/\/vosgesinfo.fr\/epinalinfo\/wp-json\/wp\/v2\/posts\/138017\/revisions"}],"predecessor-version":[{"id":138018,"href":"https:\/\/vosgesinfo.fr\/epinalinfo\/wp-json\/wp\/v2\/posts\/138017\/revisions\/138018"}],"wp:featuredmedia":[{"embeddable":true,"href":"https:\/\/vosgesinfo.fr\/epinalinfo\/wp-json\/wp\/v2\/media\/1367"}],"wp:attachment":[{"href":"https:\/\/vosgesinfo.fr\/epinalinfo\/wp-json\/wp\/v2\/media?parent=138017"}],"wp:term":[{"taxonomy":"category","embeddable":true,"href":"https:\/\/vosgesinfo.fr\/epinalinfo\/wp-json\/wp\/v2\/categories?post=138017"},{"taxonomy":"post_tag","embeddable":true,"href":"https:\/\/vosgesinfo.fr\/epinalinfo\/wp-json\/wp\/v2\/tags?post=138017"}],"curies":[{"name":"wp","href":"https:\/\/api.w.org\/{rel}","templated":true}]}}