{"id":138026,"date":"2025-12-09T15:43:11","date_gmt":"2025-12-09T14:43:11","guid":{"rendered":"https:\/\/vosgesinfo.fr\/epinalinfo\/?p=138026"},"modified":"2025-12-09T15:43:11","modified_gmt":"2025-12-09T14:43:11","slug":"reveillons-ensemble-la-magie-de-noel-avec-episonge","status":"publish","type":"post","link":"https:\/\/vosgesinfo.fr\/epinalinfo\/2025\/12\/reveillons-ensemble-la-magie-de-noel-avec-episonge\/","title":{"rendered":"R\u00e9veillons ensemble la magie de No\u00ebl avec Epi\u2019Songe"},"content":{"rendered":"<div id=\"attachment_126128\" style=\"width: 1034px\" class=\"wp-caption aligncenter\"><a href=\"https:\/\/vosgesinfo.fr\/app\/uploads\/sites\/3\/2024\/12\/epi-songe-16jpg-1.jpg\"><img decoding=\"async\" aria-describedby=\"caption-attachment-126128\" class=\"size-large wp-image-126128\" src=\"https:\/\/vosgesinfo.fr\/app\/uploads\/sites\/3\/2024\/12\/epi-songe-16jpg-1-1024x771.jpg\" alt=\"\" width=\"1024\" height=\"771\" srcset=\"https:\/\/vosgesinfo.fr\/app\/uploads\/sites\/3\/2024\/12\/epi-songe-16jpg-1-1024x771.jpg 1024w, https:\/\/vosgesinfo.fr\/app\/uploads\/sites\/3\/2024\/12\/epi-songe-16jpg-1-300x226.jpg 300w, https:\/\/vosgesinfo.fr\/app\/uploads\/sites\/3\/2024\/12\/epi-songe-16jpg-1-768x578.jpg 768w, https:\/\/vosgesinfo.fr\/app\/uploads\/sites\/3\/2024\/12\/epi-songe-16jpg-1-1536x1156.jpg 1536w, https:\/\/vosgesinfo.fr\/app\/uploads\/sites\/3\/2024\/12\/epi-songe-16jpg-1.jpg 1920w\" sizes=\"(max-width: 1024px) 100vw, 1024px\" \/><\/a><p id=\"caption-attachment-126128\" class=\"wp-caption-text\">archive<\/p><\/div>\n<p data-start=\"145\" data-end=\"534\">Cette ann\u00e9e, la magie de No\u00ebl s\u2019invite en plein c\u0153ur de la ville gr\u00e2ce \u00e0 <strong data-start=\"218\" data-end=\"232\">Epi\u2019centre<\/strong>, qui vous donne rendez-vous pour un moment f\u00e9erique plac\u00e9 sous le signe du partage et de la cr\u00e9ativit\u00e9.<br data-start=\"336\" data-end=\"339\" \/><strong data-start=\"339\" data-end=\"366\">Le dimanche 14 d\u00e9cembre<\/strong>, d\u00e8s <strong data-start=\"372\" data-end=\"379\">15h<\/strong>, pr\u00e9parez-vous \u00e0 accueillir comme il se doit deux invit\u00e9s sp\u00e9ciaux : <strong data-start=\"449\" data-end=\"481\">le P\u00e8re No\u00ebl et la M\u00e8re No\u00ebl<\/strong>, qui feront leur entr\u00e9e triomphale au centre-ville !<\/p>\n<p data-start=\"536\" data-end=\"830\">Leur nouvelle maison, enti\u00e8rement d\u00e9cor\u00e9e pour l\u2019occasion, ouvrira ses portes aux petits comme aux grands. Vous serez invit\u00e9s \u00e0 participer \u00e0 un d\u00e9fi aussi joyeux que convivial : <strong data-start=\"714\" data-end=\"765\">le record de la plus grande farandole de France<\/strong> ! Une occasion unique de cr\u00e9er ensemble un souvenir inoubliable.<\/p>\n<p data-start=\"832\" data-end=\"1148\">Jusqu\u2019\u00e0 <strong data-start=\"840\" data-end=\"847\">18h<\/strong>, la ville vivra au rythme d\u2019un programme enchanteur :<br data-start=\"901\" data-end=\"904\" \/>\u2728 <strong data-start=\"906\" data-end=\"927\">Commerces ouverts<\/strong> pour vos cadeaux de derni\u00e8re minute<br data-start=\"963\" data-end=\"966\" \/>\u2728 <strong data-start=\"968\" data-end=\"989\">Spectacles de rue<\/strong>, musiques et animations<br data-start=\"1013\" data-end=\"1016\" \/>\u2728 <strong data-start=\"1018\" data-end=\"1039\">Ateliers cr\u00e9atifs<\/strong> pour les enfants et les familles<br data-start=\"1072\" data-end=\"1075\" \/>\u2728 <strong data-start=\"1077\" data-end=\"1105\">March\u00e9 d\u2019artisans locaux<\/strong>, id\u00e9al pour trouver des tr\u00e9sors faits main<\/p>\n<p data-start=\"1150\" data-end=\"1256\">Une atmosph\u00e8re chaleureuse, des sourires, des lumi\u00e8res\u2026 tout est r\u00e9uni pour vivre une journ\u00e9e inoubliable.<\/p>\n<h3 data-start=\"1263\" data-end=\"1301\"><strong data-start=\"1266\" data-end=\"1301\">Venez rencontrer le P\u00e8re No\u00ebl !<\/strong><\/h3>\n<p data-start=\"1303\" data-end=\"1459\">Pour prolonger la f\u00e9erie, le P\u00e8re No\u00ebl sera pr\u00e9sent \u00e0 plusieurs dates afin d\u2019\u00e9couter les souhaits des enfants et de partager un moment privil\u00e9gi\u00e9 avec eux :<\/p>\n<ul data-start=\"1461\" data-end=\"1619\">\n<li data-start=\"1461\" data-end=\"1517\">\n<p data-start=\"1463\" data-end=\"1517\"><strong data-start=\"1463\" data-end=\"1492\">Les 17, 20 et 22 d\u00e9cembre<\/strong> : de <strong data-start=\"1498\" data-end=\"1515\">14h30 \u00e0 18h30<\/strong><\/p>\n<\/li>\n<li data-start=\"1518\" data-end=\"1559\">\n<p data-start=\"1520\" data-end=\"1559\"><strong data-start=\"1520\" data-end=\"1538\">Le 21 d\u00e9cembre<\/strong> : de <strong data-start=\"1544\" data-end=\"1557\">14h \u00e0 18h<\/strong><\/p>\n<\/li>\n<li data-start=\"1560\" data-end=\"1619\">\n<p data-start=\"1562\" data-end=\"1619\"><strong data-start=\"1562\" data-end=\"1580\">Le 24 d\u00e9cembre<\/strong> : de <strong data-start=\"1586\" data-end=\"1599\">10h \u00e0 12h<\/strong> et de <strong data-start=\"1606\" data-end=\"1619\">14h \u00e0 16h<\/strong><\/p>\n<\/li>\n<\/ul>\n<p data-start=\"1626\" data-end=\"1888\">Que vous veniez pour la farandole, le march\u00e9, les ateliers ou simplement pour savourer l\u2019esprit de No\u00ebl, <strong data-start=\"1731\" data-end=\"1744\">Epi\u2019Songe<\/strong> et <strong data-start=\"1748\" data-end=\"1762\">Epi\u2019centre<\/strong> vous invitent \u00e0 vivre une parenth\u00e8se enchant\u00e9e.<br data-start=\"1810\" data-end=\"1813\" \/><strong data-start=\"1813\" data-end=\"1884\">Pr\u00e9parez vos \u00e9charpes, vos gants, et surtout\u2026 votre c\u0153ur d\u2019enfant !<\/strong><\/p>\n\n\t\t<style type=\"text\/css\">\n\t\t\t#gallery-1 {\n\t\t\t\tmargin: auto;\n\t\t\t}\n\t\t\t#gallery-1 .gallery-item {\n\t\t\t\tfloat: left;\n\t\t\t\tmargin-top: 10px;\n\t\t\t\ttext-align: center;\n\t\t\t\twidth: 33%;\n\t\t\t}\n\t\t\t#gallery-1 img {\n\t\t\t\tborder: 2px solid #cfcfcf;\n\t\t\t}\n\t\t\t#gallery-1 .gallery-caption {\n\t\t\t\tmargin-left: 0;\n\t\t\t}\n\t\t\t\/* see gallery_shortcode() in wp-includes\/media.php *\/\n\t\t<\/style>\n\t\t<div id='gallery-1' class='gallery galleryid-138026 gallery-columns-3 gallery-size-large'><dl class='gallery-item'>\n\t\t\t<dt class='gallery-icon portrait'>\n\t\t\t\t<a href='https:\/\/vosgesinfo.fr\/app\/uploads\/sites\/3\/2025\/12\/594844152-1709328623313944-5011163996242386772-n.jpg'><img decoding=\"async\" width=\"728\" height=\"1024\" src=\"https:\/\/vosgesinfo.fr\/app\/uploads\/sites\/3\/2025\/12\/594844152-1709328623313944-5011163996242386772-n-728x1024.jpg\" class=\"attachment-large size-large\" alt=\"\" srcset=\"https:\/\/vosgesinfo.fr\/app\/uploads\/sites\/3\/2025\/12\/594844152-1709328623313944-5011163996242386772-n-728x1024.jpg 728w, https:\/\/vosgesinfo.fr\/app\/uploads\/sites\/3\/2025\/12\/594844152-1709328623313944-5011163996242386772-n-213x300.jpg 213w, https:\/\/vosgesinfo.fr\/app\/uploads\/sites\/3\/2025\/12\/594844152-1709328623313944-5011163996242386772-n.jpg 768w\" sizes=\"(max-width: 728px) 100vw, 728px\" \/><\/a>\n\t\t\t<\/dt><\/dl><dl class='gallery-item'>\n\t\t\t<dt class='gallery-icon portrait'>\n\t\t\t\t<a href='https:\/\/vosgesinfo.fr\/app\/uploads\/sites\/3\/2025\/12\/596815553-1709328653313941-7297450037821403900-n.jpg'><img decoding=\"async\" width=\"724\" height=\"1024\" src=\"https:\/\/vosgesinfo.fr\/app\/uploads\/sites\/3\/2025\/12\/596815553-1709328653313941-7297450037821403900-n-724x1024.jpg\" class=\"attachment-large size-large\" alt=\"\" srcset=\"https:\/\/vosgesinfo.fr\/app\/uploads\/sites\/3\/2025\/12\/596815553-1709328653313941-7297450037821403900-n-724x1024.jpg 724w, https:\/\/vosgesinfo.fr\/app\/uploads\/sites\/3\/2025\/12\/596815553-1709328653313941-7297450037821403900-n-212x300.jpg 212w, https:\/\/vosgesinfo.fr\/app\/uploads\/sites\/3\/2025\/12\/596815553-1709328653313941-7297450037821403900-n.jpg 764w\" sizes=\"(max-width: 724px) 100vw, 724px\" \/><\/a>\n\t\t\t<\/dt><\/dl>\n\t\t\t<br style='clear: both' \/>\n\t\t<\/div>\n\n","protected":false},"excerpt":{"rendered":"<p>Cette ann\u00e9e, la magie de No\u00ebl s\u2019invite en plein c\u0153ur de la ville gr\u00e2ce \u00e0 Epi\u2019centre, qui vous donne rendez-vous [&hellip;]<\/p>\n","protected":false},"author":52,"featured_media":126128,"comment_status":"open","ping_status":"open","sticky":false,"template":"","format":"standard","meta":{"footnotes":""},"categories":[22,24],"tags":[1156,70,979],"class_list":["post-138026","post","type-post","status-publish","format-standard","has-post-thumbnail","hentry","category-a-la-une","category-epinal","tag-episonge","tag-epinal","tag-noel"],"acf":[],"yoast_head":"<!-- This site is optimized with the Yoast SEO plugin v22.5 - https:\/\/yoast.com\/wordpress\/plugins\/seo\/ -->\n<title>R\u00e9veillons ensemble la magie de No\u00ebl avec Epi\u2019Songe - Epinal Info<\/title>\n<meta name=\"robots\" content=\"index, follow, max-snippet:-1, max-image-preview:large, max-video-preview:-1\" \/>\n<link rel=\"canonical\" href=\"https:\/\/vosgesinfo.fr\/epinalinfo\/?p=138026\" \/>\n<meta name=\"twitter:card\" content=\"summary_large_image\" \/>\n<meta name=\"twitter:title\" content=\"R\u00e9veillons ensemble la magie de No\u00ebl avec Epi\u2019Songe - Epinal Info\" \/>\n<meta name=\"twitter:description\" content=\"Cette ann\u00e9e, la magie de No\u00ebl s\u2019invite en plein c\u0153ur de la ville gr\u00e2ce \u00e0 Epi\u2019centre, qui vous donne rendez-vous [&hellip;]\" \/>\n<meta name=\"twitter:image\" content=\"https:\/\/vosgesinfo.fr\/app\/uploads\/sites\/3\/2025\/12\/594844152-1709328623313944-5011163996242386772-n-728x1024.jpg\" \/>\n<meta name=\"twitter:creator\" content=\"@VosgesInfo88\" \/>\n<meta name=\"twitter:site\" content=\"@VosgesInfo88\" \/>\n<meta name=\"twitter:label1\" content=\"\u00c9crit par\" \/>\n\t<meta name=\"twitter:data1\" content=\"C.K.\" \/>\n\t<meta name=\"twitter:label2\" content=\"Dur\u00e9e de lecture estim\u00e9e\" \/>\n\t<meta name=\"twitter:data2\" content=\"2 minutes\" \/>\n<script type=\"application\/ld+json\" class=\"yoast-schema-graph\">{\"@context\":\"https:\/\/schema.org\",\"@graph\":[{\"@type\":\"Article\",\"@id\":\"https:\/\/vosgesinfo.fr\/epinalinfo\/?p=138026#article\",\"isPartOf\":{\"@id\":\"https:\/\/vosgesinfo.fr\/epinalinfo\/?p=138026\"},\"author\":{\"name\":\"C.K.\",\"@id\":\"https:\/\/vosgesinfo.fr\/epinalinfo\/#\/schema\/person\/6f9a650eeea99d969b6c4ab78fccbe81\"},\"headline\":\"R\u00e9veillons ensemble la magie de No\u00ebl avec Epi\u2019Songe\",\"datePublished\":\"2025-12-09T14:43:11+00:00\",\"dateModified\":\"2025-12-09T14:43:11+00:00\",\"mainEntityOfPage\":{\"@id\":\"https:\/\/vosgesinfo.fr\/epinalinfo\/?p=138026\"},\"wordCount\":327,\"commentCount\":0,\"publisher\":{\"@id\":\"https:\/\/vosgesinfo.fr\/epinalinfo\/#organization\"},\"image\":{\"@id\":\"https:\/\/vosgesinfo.fr\/epinalinfo\/?p=138026#primaryimage\"},\"thumbnailUrl\":\"https:\/\/vosgesinfo.fr\/app\/uploads\/sites\/3\/2024\/12\/epi-songe-16jpg-1.jpg\",\"keywords\":[\"\u00c9pi'Songe\",\"Epinal\",\"No\u00ebl\"],\"articleSection\":[\"A la Une\",\"Epinal\"],\"inLanguage\":\"fr-FR\",\"potentialAction\":[{\"@type\":\"CommentAction\",\"name\":\"Comment\",\"target\":[\"https:\/\/vosgesinfo.fr\/epinalinfo\/?p=138026#respond\"]}]},{\"@type\":\"WebPage\",\"@id\":\"https:\/\/vosgesinfo.fr\/epinalinfo\/?p=138026\",\"url\":\"https:\/\/vosgesinfo.fr\/epinalinfo\/?p=138026\",\"name\":\"R\u00e9veillons ensemble la magie de No\u00ebl avec Epi\u2019Songe - Epinal Info\",\"isPartOf\":{\"@id\":\"https:\/\/vosgesinfo.fr\/epinalinfo\/#website\"},\"primaryImageOfPage\":{\"@id\":\"https:\/\/vosgesinfo.fr\/epinalinfo\/?p=138026#primaryimage\"},\"image\":{\"@id\":\"https:\/\/vosgesinfo.fr\/epinalinfo\/?p=138026#primaryimage\"},\"thumbnailUrl\":\"https:\/\/vosgesinfo.fr\/app\/uploads\/sites\/3\/2024\/12\/epi-songe-16jpg-1.jpg\",\"datePublished\":\"2025-12-09T14:43:11+00:00\",\"dateModified\":\"2025-12-09T14:43:11+00:00\",\"breadcrumb\":{\"@id\":\"https:\/\/vosgesinfo.fr\/epinalinfo\/?p=138026#breadcrumb\"},\"inLanguage\":\"fr-FR\",\"potentialAction\":[{\"@type\":\"ReadAction\",\"target\":[\"https:\/\/vosgesinfo.fr\/epinalinfo\/?p=138026\"]}]},{\"@type\":\"ImageObject\",\"inLanguage\":\"fr-FR\",\"@id\":\"https:\/\/vosgesinfo.fr\/epinalinfo\/?p=138026#primaryimage\",\"url\":\"https:\/\/vosgesinfo.fr\/app\/uploads\/sites\/3\/2024\/12\/epi-songe-16jpg-1.jpg\",\"contentUrl\":\"https:\/\/vosgesinfo.fr\/app\/uploads\/sites\/3\/2024\/12\/epi-songe-16jpg-1.jpg\",\"width\":1920,\"height\":1445,\"caption\":\"archive\"},{\"@type\":\"BreadcrumbList\",\"@id\":\"https:\/\/vosgesinfo.fr\/epinalinfo\/?p=138026#breadcrumb\",\"itemListElement\":[{\"@type\":\"ListItem\",\"position\":1,\"name\":\"Home\",\"item\":\"https:\/\/vosgesinfo.fr\/epinalinfo\/\"},{\"@type\":\"ListItem\",\"position\":2,\"name\":\"R\u00e9veillons ensemble la magie de No\u00ebl avec Epi\u2019Songe\"}]},{\"@type\":\"WebSite\",\"@id\":\"https:\/\/vosgesinfo.fr\/epinalinfo\/#website\",\"url\":\"https:\/\/vosgesinfo.fr\/epinalinfo\/\",\"name\":\"Epinal Info\",\"description\":\"Toute l&#039;actualit\u00e9 d&#039;\u00c9pinal\",\"publisher\":{\"@id\":\"https:\/\/vosgesinfo.fr\/epinalinfo\/#organization\"},\"alternateName\":\"Toute l'actualit\u00e9 d'\u00c9pinal\",\"potentialAction\":[{\"@type\":\"SearchAction\",\"target\":{\"@type\":\"EntryPoint\",\"urlTemplate\":\"https:\/\/vosgesinfo.fr\/epinalinfo\/?s={search_term_string}\"},\"query-input\":\"required name=search_term_string\"}],\"inLanguage\":\"fr-FR\"},{\"@type\":\"Organization\",\"@id\":\"https:\/\/vosgesinfo.fr\/epinalinfo\/#organization\",\"name\":\"Epinal Info\",\"url\":\"https:\/\/vosgesinfo.fr\/epinalinfo\/\",\"logo\":{\"@type\":\"ImageObject\",\"inLanguage\":\"fr-FR\",\"@id\":\"https:\/\/vosgesinfo.fr\/epinalinfo\/#\/schema\/logo\/image\/\",\"url\":\"https:\/\/vosgesinfo.fr\/app\/uploads\/sites\/3\/2023\/08\/logo-epinalinfos.svg\",\"contentUrl\":\"https:\/\/vosgesinfo.fr\/app\/uploads\/sites\/3\/2023\/08\/logo-epinalinfos.svg\",\"width\":1,\"height\":1,\"caption\":\"Epinal Info\"},\"image\":{\"@id\":\"https:\/\/vosgesinfo.fr\/epinalinfo\/#\/schema\/logo\/image\/\"},\"sameAs\":[\"https:\/\/www.facebook.com\/Epinalinfos\",\"https:\/\/x.com\/VosgesInfo88\",\"https:\/\/www.youtube.com\/@vosgesinfo\"]},{\"@type\":\"Person\",\"@id\":\"https:\/\/vosgesinfo.fr\/epinalinfo\/#\/schema\/person\/6f9a650eeea99d969b6c4ab78fccbe81\",\"name\":\"C.K.\",\"image\":{\"@type\":\"ImageObject\",\"inLanguage\":\"fr-FR\",\"@id\":\"https:\/\/vosgesinfo.fr\/epinalinfo\/#\/schema\/person\/image\/\",\"url\":\"https:\/\/secure.gravatar.com\/avatar\/48e3fc7f8421ba8942be6b74a2b7f014ca39bc00dece156b7a8e098ae7dc87bf?s=96&d=mm&r=g\",\"contentUrl\":\"https:\/\/secure.gravatar.com\/avatar\/48e3fc7f8421ba8942be6b74a2b7f014ca39bc00dece156b7a8e098ae7dc87bf?s=96&d=mm&r=g\",\"caption\":\"C.K.\"},\"url\":\"https:\/\/vosgesinfo.fr\/epinalinfo\/author\/celia-k-n\/\"}]}<\/script>\n<!-- \/ Yoast SEO plugin. -->","yoast_head_json":{"title":"R\u00e9veillons ensemble la magie de No\u00ebl avec Epi\u2019Songe - Epinal Info","robots":{"index":"index","follow":"follow","max-snippet":"max-snippet:-1","max-image-preview":"max-image-preview:large","max-video-preview":"max-video-preview:-1"},"canonical":"https:\/\/vosgesinfo.fr\/epinalinfo\/?p=138026","twitter_card":"summary_large_image","twitter_title":"R\u00e9veillons ensemble la magie de No\u00ebl avec Epi\u2019Songe - Epinal Info","twitter_description":"Cette ann\u00e9e, la magie de No\u00ebl s\u2019invite en plein c\u0153ur de la ville gr\u00e2ce \u00e0 Epi\u2019centre, qui vous donne rendez-vous [&hellip;]","twitter_image":"https:\/\/vosgesinfo.fr\/app\/uploads\/sites\/3\/2025\/12\/594844152-1709328623313944-5011163996242386772-n-728x1024.jpg","twitter_creator":"@VosgesInfo88","twitter_site":"@VosgesInfo88","twitter_misc":{"\u00c9crit par":"C.K.","Dur\u00e9e de lecture estim\u00e9e":"2 minutes"},"schema":{"@context":"https:\/\/schema.org","@graph":[{"@type":"Article","@id":"https:\/\/vosgesinfo.fr\/epinalinfo\/?p=138026#article","isPartOf":{"@id":"https:\/\/vosgesinfo.fr\/epinalinfo\/?p=138026"},"author":{"name":"C.K.","@id":"https:\/\/vosgesinfo.fr\/epinalinfo\/#\/schema\/person\/6f9a650eeea99d969b6c4ab78fccbe81"},"headline":"R\u00e9veillons ensemble la magie de No\u00ebl avec Epi\u2019Songe","datePublished":"2025-12-09T14:43:11+00:00","dateModified":"2025-12-09T14:43:11+00:00","mainEntityOfPage":{"@id":"https:\/\/vosgesinfo.fr\/epinalinfo\/?p=138026"},"wordCount":327,"commentCount":0,"publisher":{"@id":"https:\/\/vosgesinfo.fr\/epinalinfo\/#organization"},"image":{"@id":"https:\/\/vosgesinfo.fr\/epinalinfo\/?p=138026#primaryimage"},"thumbnailUrl":"https:\/\/vosgesinfo.fr\/app\/uploads\/sites\/3\/2024\/12\/epi-songe-16jpg-1.jpg","keywords":["\u00c9pi'Songe","Epinal","No\u00ebl"],"articleSection":["A la Une","Epinal"],"inLanguage":"fr-FR","potentialAction":[{"@type":"CommentAction","name":"Comment","target":["https:\/\/vosgesinfo.fr\/epinalinfo\/?p=138026#respond"]}]},{"@type":"WebPage","@id":"https:\/\/vosgesinfo.fr\/epinalinfo\/?p=138026","url":"https:\/\/vosgesinfo.fr\/epinalinfo\/?p=138026","name":"R\u00e9veillons ensemble la magie de No\u00ebl avec Epi\u2019Songe - Epinal Info","isPartOf":{"@id":"https:\/\/vosgesinfo.fr\/epinalinfo\/#website"},"primaryImageOfPage":{"@id":"https:\/\/vosgesinfo.fr\/epinalinfo\/?p=138026#primaryimage"},"image":{"@id":"https:\/\/vosgesinfo.fr\/epinalinfo\/?p=138026#primaryimage"},"thumbnailUrl":"https:\/\/vosgesinfo.fr\/app\/uploads\/sites\/3\/2024\/12\/epi-songe-16jpg-1.jpg","datePublished":"2025-12-09T14:43:11+00:00","dateModified":"2025-12-09T14:43:11+00:00","breadcrumb":{"@id":"https:\/\/vosgesinfo.fr\/epinalinfo\/?p=138026#breadcrumb"},"inLanguage":"fr-FR","potentialAction":[{"@type":"ReadAction","target":["https:\/\/vosgesinfo.fr\/epinalinfo\/?p=138026"]}]},{"@type":"ImageObject","inLanguage":"fr-FR","@id":"https:\/\/vosgesinfo.fr\/epinalinfo\/?p=138026#primaryimage","url":"https:\/\/vosgesinfo.fr\/app\/uploads\/sites\/3\/2024\/12\/epi-songe-16jpg-1.jpg","contentUrl":"https:\/\/vosgesinfo.fr\/app\/uploads\/sites\/3\/2024\/12\/epi-songe-16jpg-1.jpg","width":1920,"height":1445,"caption":"archive"},{"@type":"BreadcrumbList","@id":"https:\/\/vosgesinfo.fr\/epinalinfo\/?p=138026#breadcrumb","itemListElement":[{"@type":"ListItem","position":1,"name":"Home","item":"https:\/\/vosgesinfo.fr\/epinalinfo\/"},{"@type":"ListItem","position":2,"name":"R\u00e9veillons ensemble la magie de No\u00ebl avec Epi\u2019Songe"}]},{"@type":"WebSite","@id":"https:\/\/vosgesinfo.fr\/epinalinfo\/#website","url":"https:\/\/vosgesinfo.fr\/epinalinfo\/","name":"Epinal Info","description":"Toute l&#039;actualit\u00e9 d&#039;\u00c9pinal","publisher":{"@id":"https:\/\/vosgesinfo.fr\/epinalinfo\/#organization"},"alternateName":"Toute l'actualit\u00e9 d'\u00c9pinal","potentialAction":[{"@type":"SearchAction","target":{"@type":"EntryPoint","urlTemplate":"https:\/\/vosgesinfo.fr\/epinalinfo\/?s={search_term_string}"},"query-input":"required name=search_term_string"}],"inLanguage":"fr-FR"},{"@type":"Organization","@id":"https:\/\/vosgesinfo.fr\/epinalinfo\/#organization","name":"Epinal Info","url":"https:\/\/vosgesinfo.fr\/epinalinfo\/","logo":{"@type":"ImageObject","inLanguage":"fr-FR","@id":"https:\/\/vosgesinfo.fr\/epinalinfo\/#\/schema\/logo\/image\/","url":"https:\/\/vosgesinfo.fr\/app\/uploads\/sites\/3\/2023\/08\/logo-epinalinfos.svg","contentUrl":"https:\/\/vosgesinfo.fr\/app\/uploads\/sites\/3\/2023\/08\/logo-epinalinfos.svg","width":1,"height":1,"caption":"Epinal Info"},"image":{"@id":"https:\/\/vosgesinfo.fr\/epinalinfo\/#\/schema\/logo\/image\/"},"sameAs":["https:\/\/www.facebook.com\/Epinalinfos","https:\/\/x.com\/VosgesInfo88","https:\/\/www.youtube.com\/@vosgesinfo"]},{"@type":"Person","@id":"https:\/\/vosgesinfo.fr\/epinalinfo\/#\/schema\/person\/6f9a650eeea99d969b6c4ab78fccbe81","name":"C.K.","image":{"@type":"ImageObject","inLanguage":"fr-FR","@id":"https:\/\/vosgesinfo.fr\/epinalinfo\/#\/schema\/person\/image\/","url":"https:\/\/secure.gravatar.com\/avatar\/48e3fc7f8421ba8942be6b74a2b7f014ca39bc00dece156b7a8e098ae7dc87bf?s=96&d=mm&r=g","contentUrl":"https:\/\/secure.gravatar.com\/avatar\/48e3fc7f8421ba8942be6b74a2b7f014ca39bc00dece156b7a8e098ae7dc87bf?s=96&d=mm&r=g","caption":"C.K."},"url":"https:\/\/vosgesinfo.fr\/epinalinfo\/author\/celia-k-n\/"}]}},"_links":{"self":[{"href":"https:\/\/vosgesinfo.fr\/epinalinfo\/wp-json\/wp\/v2\/posts\/138026","targetHints":{"allow":["GET"]}}],"collection":[{"href":"https:\/\/vosgesinfo.fr\/epinalinfo\/wp-json\/wp\/v2\/posts"}],"about":[{"href":"https:\/\/vosgesinfo.fr\/epinalinfo\/wp-json\/wp\/v2\/types\/post"}],"author":[{"embeddable":true,"href":"https:\/\/vosgesinfo.fr\/epinalinfo\/wp-json\/wp\/v2\/users\/52"}],"replies":[{"embeddable":true,"href":"https:\/\/vosgesinfo.fr\/epinalinfo\/wp-json\/wp\/v2\/comments?post=138026"}],"version-history":[{"count":1,"href":"https:\/\/vosgesinfo.fr\/epinalinfo\/wp-json\/wp\/v2\/posts\/138026\/revisions"}],"predecessor-version":[{"id":138029,"href":"https:\/\/vosgesinfo.fr\/epinalinfo\/wp-json\/wp\/v2\/posts\/138026\/revisions\/138029"}],"wp:featuredmedia":[{"embeddable":true,"href":"https:\/\/vosgesinfo.fr\/epinalinfo\/wp-json\/wp\/v2\/media\/126128"}],"wp:attachment":[{"href":"https:\/\/vosgesinfo.fr\/epinalinfo\/wp-json\/wp\/v2\/media?parent=138026"}],"wp:term":[{"taxonomy":"category","embeddable":true,"href":"https:\/\/vosgesinfo.fr\/epinalinfo\/wp-json\/wp\/v2\/categories?post=138026"},{"taxonomy":"post_tag","embeddable":true,"href":"https:\/\/vosgesinfo.fr\/epinalinfo\/wp-json\/wp\/v2\/tags?post=138026"}],"curies":[{"name":"wp","href":"https:\/\/api.w.org\/{rel}","templated":true}]}}