{"id":138034,"date":"2025-12-10T09:10:48","date_gmt":"2025-12-10T08:10:48","guid":{"rendered":"https:\/\/vosgesinfo.fr\/epinalinfo\/?p=138034"},"modified":"2025-12-10T09:10:48","modified_gmt":"2025-12-10T08:10:48","slug":"concert-du-nouvel-an-2","status":"publish","type":"post","link":"https:\/\/vosgesinfo.fr\/epinalinfo\/2025\/12\/concert-du-nouvel-an-2\/","title":{"rendered":"Concert du Nouvel An"},"content":{"rendered":"<div id=\"attachment_138035\" style=\"width: 694px\" class=\"wp-caption aligncenter\"><a href=\"https:\/\/vosgesinfo.fr\/app\/uploads\/sites\/3\/2025\/12\/thumbnail-2023-09-15-david-reiland-direction-\u00a9-christophe-urbain.jpg\"><img decoding=\"async\" aria-describedby=\"caption-attachment-138035\" class=\"size-large wp-image-138035\" src=\"https:\/\/vosgesinfo.fr\/app\/uploads\/sites\/3\/2025\/12\/thumbnail-2023-09-15-david-reiland-direction-\u00a9-christophe-urbain-684x1024.jpg\" alt=\"\" width=\"684\" height=\"1024\" srcset=\"https:\/\/vosgesinfo.fr\/app\/uploads\/sites\/3\/2025\/12\/thumbnail-2023-09-15-david-reiland-direction-\u00a9-christophe-urbain-684x1024.jpg 684w, https:\/\/vosgesinfo.fr\/app\/uploads\/sites\/3\/2025\/12\/thumbnail-2023-09-15-david-reiland-direction-\u00a9-christophe-urbain-200x300.jpg 200w, https:\/\/vosgesinfo.fr\/app\/uploads\/sites\/3\/2025\/12\/thumbnail-2023-09-15-david-reiland-direction-\u00a9-christophe-urbain.jpg 721w\" sizes=\"(max-width: 684px) 100vw, 684px\" \/><\/a><p id=\"caption-attachment-138035\" class=\"wp-caption-text\">DAVID-REILAND-DIRECTION-\u00a9 Christophe Urbain<\/p><\/div>\n<p class=\"x_MsoNormal\"><span data-olk-copy-source=\"MessageBody\">Dimanche 11 janvier 2026<\/span><\/p>\n<p class=\"x_MsoNormal\">17h00 \u2192 Rotonde \u2013 Thaon-les-Vosges<\/p>\n<p class=\"x_MsoNormal\">Concert du Nouvel An<\/p>\n<p class=\"x_MsoNormal\">Orchestre national Metz Grand Est<\/p>\n<p class=\"x_MsoNormal\">Direction\u00a0: David Reiland<\/p>\n<p class=\"x_MsoNormal\">Il est une tradition pour les Concerts Classiques d\u2019Epinal de convier l\u2019Orchestre national Metz Grand Est \u00e0 f\u00eater la nouvelle ann\u00e9e avec notre public. Pour 2026, David Reiland a imagin\u00e9 une ballade musicale \u00e0 travers les si\u00e8cles et la danse d\u00e9clin\u00e9e sous toutes ses formes\u00a0: de la marche \u00e0 la danse juba sans omettre la valse et le galop viennois.<\/p>\n<p class=\"x_MsoNormal\">Au programme, pr\u00e8s de quatre si\u00e8cles de musique\u00a0: de Lully \u00e0 Florence Price\u00a0!<\/p>\n<p class=\"x_MsoNormal\">Tarifs\u00a0: 36 \u20ac &#8211; 30 \u20ac<\/p>\n<p class=\"x_MsoNormal\">R\u00e9servations\u00a0: Office du tourisme d\u2019Epinal (03 29 82 53 32)<\/p>\n<p class=\"x_MsoNormal\">\u00c0 noter qu\u2019un bus au d\u00e9part, \u00e0 16h, de La Louvi\u00e8re permettra de rejoindre la Rotonde. S\u2019inscrire au Centre Culturel.<\/p>\n<p class=\"x_MsoNormal\"><b>\u00a0<\/b><\/p>\n<p class=\"x_MsoNormal\"><b>JEAN-BAPTISTE LULLY (1632-1687)<\/b><\/p>\n<p class=\"x_MsoNormal\">Marche pour la c\u00e9r\u00e9monie des turcs<\/p>\n<p class=\"x_MsoNormal\">\n<p class=\"x_MsoNormal\"><b>CARL MARIA VON WEBER (1786-1826)\u00a0\/ HECTOR BERLIOZ (1803-1869)<\/b><\/p>\n<p class=\"x_MsoNormal\">Invitation \u00e0 la danse<\/p>\n<p class=\"x_MsoNormal\">\n<p class=\"x_MsoNormal\"><b>JOHANNES BRAHMS (1833-1897)<\/b><\/p>\n<p class=\"x_MsoNormal\">Danse hongroise en fa di\u00e8se mineur n\u00b0 5<\/p>\n<p class=\"x_MsoNormal\">Danse hongroise en r\u00e9 b\u00e9mol majeur n\u00b0 6<\/p>\n<p class=\"x_MsoNormal\">\n<p class=\"x_MsoNormal\"><b>PIOTR\u00a0<strong>ILITCH<\/strong>\u00a0TCHA\u00cfKOVSKI<\/b><b> (1840-1893)<\/b><\/p>\n<p class=\"x_MsoNormal\">Casse-Noisette (extraits)<\/p>\n<p class=\"x_MsoNormal\">Marche, Trepak, Valse des fleurs<\/p>\n<p class=\"x_MsoNormal\">\n<p class=\"x_MsoNormal\"><b>JACQUES OFFENBACH (1819-1880)<\/b><\/p>\n<p class=\"x_MsoNormal\">Orph\u00e9e aux enfers, Ouverture<\/p>\n<p class=\"x_MsoNormal\">\n<p class=\"x_MsoNormal\"><b>ASTOR PIAZZOLLA (1921-1992)<\/b><\/p>\n<p class=\"x_MsoNormal\">Libertango<\/p>\n<p class=\"x_MsoNormal\">\n<p class=\"x_MsoNormal\"><b>FLORENCE PRICE (1887-1953)<\/b><\/p>\n<p class=\"x_MsoNormal\">Symphonie n\u00b03, Juba dance<\/p>\n<p class=\"x_MsoNormal\">\n<p class=\"x_MsoNormal\"><b>FRANZ VON SUPPE (1819-1895)<\/b><\/p>\n<p class=\"x_MsoNormal\">Cavalerie l\u00e9g\u00e8re, ouverture<\/p>\n<p class=\"x_MsoNormal\">\n<p class=\"x_MsoNormal\"><b>JOHANN STRAUSS FILS (1825-1899)<\/b><\/p>\n<p class=\"x_MsoNormal\">Banditen Gallop<\/p>\n<p class=\"x_MsoNormal\">Le beau Danube bleu<\/p>\n<p class=\"x_MsoNormal\">\n","protected":false},"excerpt":{"rendered":"<p>Dimanche 11 janvier 2026 17h00 \u2192 Rotonde \u2013 Thaon-les-Vosges Concert du Nouvel An Orchestre national Metz Grand Est Direction\u00a0: David [&hellip;]<\/p>\n","protected":false},"author":391,"featured_media":138035,"comment_status":"open","ping_status":"open","sticky":false,"template":"","format":"standard","meta":{"footnotes":""},"categories":[22,24],"tags":[1650,209,664],"class_list":["post-138034","post","type-post","status-publish","format-standard","has-post-thumbnail","hentry","category-a-la-une","category-epinal","tag-concert-du-nouvel-an","tag-culture","tag-musique"],"acf":[],"yoast_head":"<!-- This site is optimized with the Yoast SEO plugin v22.5 - https:\/\/yoast.com\/wordpress\/plugins\/seo\/ -->\n<title>Concert du Nouvel An - Epinal Info<\/title>\n<meta name=\"robots\" content=\"index, follow, max-snippet:-1, max-image-preview:large, max-video-preview:-1\" \/>\n<link rel=\"canonical\" href=\"https:\/\/vosgesinfo.fr\/epinalinfo\/?p=138034\" \/>\n<meta name=\"twitter:card\" content=\"summary_large_image\" \/>\n<meta name=\"twitter:title\" content=\"Concert du Nouvel An - Epinal Info\" \/>\n<meta name=\"twitter:description\" content=\"Dimanche 11 janvier 2026 17h00 \u2192 Rotonde \u2013 Thaon-les-Vosges Concert du Nouvel An Orchestre national Metz Grand Est Direction\u00a0: David [&hellip;]\" \/>\n<meta name=\"twitter:creator\" content=\"@VosgesInfo88\" \/>\n<meta name=\"twitter:site\" content=\"@VosgesInfo88\" \/>\n<meta name=\"twitter:label1\" content=\"\u00c9crit par\" \/>\n\t<meta name=\"twitter:data1\" content=\"La redaction\" \/>\n\t<meta name=\"twitter:label2\" content=\"Dur\u00e9e de lecture estim\u00e9e\" \/>\n\t<meta name=\"twitter:data2\" content=\"1 minute\" \/>\n<script type=\"application\/ld+json\" class=\"yoast-schema-graph\">{\"@context\":\"https:\/\/schema.org\",\"@graph\":[{\"@type\":\"Article\",\"@id\":\"https:\/\/vosgesinfo.fr\/epinalinfo\/?p=138034#article\",\"isPartOf\":{\"@id\":\"https:\/\/vosgesinfo.fr\/epinalinfo\/?p=138034\"},\"author\":{\"name\":\"La redaction\",\"@id\":\"https:\/\/vosgesinfo.fr\/epinalinfo\/#\/schema\/person\/27a3695b06db98895b354c0765cdfc31\"},\"headline\":\"Concert du Nouvel An\",\"datePublished\":\"2025-12-10T08:10:48+00:00\",\"dateModified\":\"2025-12-10T08:10:48+00:00\",\"mainEntityOfPage\":{\"@id\":\"https:\/\/vosgesinfo.fr\/epinalinfo\/?p=138034\"},\"wordCount\":230,\"commentCount\":0,\"publisher\":{\"@id\":\"https:\/\/vosgesinfo.fr\/epinalinfo\/#organization\"},\"image\":{\"@id\":\"https:\/\/vosgesinfo.fr\/epinalinfo\/?p=138034#primaryimage\"},\"thumbnailUrl\":\"https:\/\/vosgesinfo.fr\/app\/uploads\/sites\/3\/2025\/12\/thumbnail-2023-09-15-david-reiland-direction-\u00a9-christophe-urbain.jpg\",\"keywords\":[\"Concert du nouvel an\",\"culture\",\"musique\"],\"articleSection\":[\"A la Une\",\"Epinal\"],\"inLanguage\":\"fr-FR\",\"potentialAction\":[{\"@type\":\"CommentAction\",\"name\":\"Comment\",\"target\":[\"https:\/\/vosgesinfo.fr\/epinalinfo\/?p=138034#respond\"]}]},{\"@type\":\"WebPage\",\"@id\":\"https:\/\/vosgesinfo.fr\/epinalinfo\/?p=138034\",\"url\":\"https:\/\/vosgesinfo.fr\/epinalinfo\/?p=138034\",\"name\":\"Concert du Nouvel An - Epinal Info\",\"isPartOf\":{\"@id\":\"https:\/\/vosgesinfo.fr\/epinalinfo\/#website\"},\"primaryImageOfPage\":{\"@id\":\"https:\/\/vosgesinfo.fr\/epinalinfo\/?p=138034#primaryimage\"},\"image\":{\"@id\":\"https:\/\/vosgesinfo.fr\/epinalinfo\/?p=138034#primaryimage\"},\"thumbnailUrl\":\"https:\/\/vosgesinfo.fr\/app\/uploads\/sites\/3\/2025\/12\/thumbnail-2023-09-15-david-reiland-direction-\u00a9-christophe-urbain.jpg\",\"datePublished\":\"2025-12-10T08:10:48+00:00\",\"dateModified\":\"2025-12-10T08:10:48+00:00\",\"breadcrumb\":{\"@id\":\"https:\/\/vosgesinfo.fr\/epinalinfo\/?p=138034#breadcrumb\"},\"inLanguage\":\"fr-FR\",\"potentialAction\":[{\"@type\":\"ReadAction\",\"target\":[\"https:\/\/vosgesinfo.fr\/epinalinfo\/?p=138034\"]}]},{\"@type\":\"ImageObject\",\"inLanguage\":\"fr-FR\",\"@id\":\"https:\/\/vosgesinfo.fr\/epinalinfo\/?p=138034#primaryimage\",\"url\":\"https:\/\/vosgesinfo.fr\/app\/uploads\/sites\/3\/2025\/12\/thumbnail-2023-09-15-david-reiland-direction-\u00a9-christophe-urbain.jpg\",\"contentUrl\":\"https:\/\/vosgesinfo.fr\/app\/uploads\/sites\/3\/2025\/12\/thumbnail-2023-09-15-david-reiland-direction-\u00a9-christophe-urbain.jpg\",\"width\":721,\"height\":1080,\"caption\":\"DAVID-REILAND-DIRECTION-\u00a9 Christophe Urbain\"},{\"@type\":\"BreadcrumbList\",\"@id\":\"https:\/\/vosgesinfo.fr\/epinalinfo\/?p=138034#breadcrumb\",\"itemListElement\":[{\"@type\":\"ListItem\",\"position\":1,\"name\":\"Home\",\"item\":\"https:\/\/vosgesinfo.fr\/epinalinfo\/\"},{\"@type\":\"ListItem\",\"position\":2,\"name\":\"Concert du Nouvel An\"}]},{\"@type\":\"WebSite\",\"@id\":\"https:\/\/vosgesinfo.fr\/epinalinfo\/#website\",\"url\":\"https:\/\/vosgesinfo.fr\/epinalinfo\/\",\"name\":\"Epinal Info\",\"description\":\"Toute l&#039;actualit\u00e9 d&#039;\u00c9pinal\",\"publisher\":{\"@id\":\"https:\/\/vosgesinfo.fr\/epinalinfo\/#organization\"},\"alternateName\":\"Toute l'actualit\u00e9 d'\u00c9pinal\",\"potentialAction\":[{\"@type\":\"SearchAction\",\"target\":{\"@type\":\"EntryPoint\",\"urlTemplate\":\"https:\/\/vosgesinfo.fr\/epinalinfo\/?s={search_term_string}\"},\"query-input\":\"required name=search_term_string\"}],\"inLanguage\":\"fr-FR\"},{\"@type\":\"Organization\",\"@id\":\"https:\/\/vosgesinfo.fr\/epinalinfo\/#organization\",\"name\":\"Epinal Info\",\"url\":\"https:\/\/vosgesinfo.fr\/epinalinfo\/\",\"logo\":{\"@type\":\"ImageObject\",\"inLanguage\":\"fr-FR\",\"@id\":\"https:\/\/vosgesinfo.fr\/epinalinfo\/#\/schema\/logo\/image\/\",\"url\":\"https:\/\/vosgesinfo.fr\/app\/uploads\/sites\/3\/2023\/08\/logo-epinalinfos.svg\",\"contentUrl\":\"https:\/\/vosgesinfo.fr\/app\/uploads\/sites\/3\/2023\/08\/logo-epinalinfos.svg\",\"width\":1,\"height\":1,\"caption\":\"Epinal Info\"},\"image\":{\"@id\":\"https:\/\/vosgesinfo.fr\/epinalinfo\/#\/schema\/logo\/image\/\"},\"sameAs\":[\"https:\/\/www.facebook.com\/Epinalinfos\",\"https:\/\/x.com\/VosgesInfo88\",\"https:\/\/www.youtube.com\/@vosgesinfo\"]},{\"@type\":\"Person\",\"@id\":\"https:\/\/vosgesinfo.fr\/epinalinfo\/#\/schema\/person\/27a3695b06db98895b354c0765cdfc31\",\"name\":\"La redaction\",\"image\":{\"@type\":\"ImageObject\",\"inLanguage\":\"fr-FR\",\"@id\":\"https:\/\/vosgesinfo.fr\/epinalinfo\/#\/schema\/person\/image\/\",\"url\":\"https:\/\/secure.gravatar.com\/avatar\/64c76a78e501cedee55736f43f332df901e1896ae9cd8fad269ae2236dd0e8b6?s=96&d=mm&r=g\",\"contentUrl\":\"https:\/\/secure.gravatar.com\/avatar\/64c76a78e501cedee55736f43f332df901e1896ae9cd8fad269ae2236dd0e8b6?s=96&d=mm&r=g\",\"caption\":\"La redaction\"},\"url\":\"https:\/\/vosgesinfo.fr\/epinalinfo\/author\/la-redaction\/\"}]}<\/script>\n<!-- \/ Yoast SEO plugin. -->","yoast_head_json":{"title":"Concert du Nouvel An - Epinal Info","robots":{"index":"index","follow":"follow","max-snippet":"max-snippet:-1","max-image-preview":"max-image-preview:large","max-video-preview":"max-video-preview:-1"},"canonical":"https:\/\/vosgesinfo.fr\/epinalinfo\/?p=138034","twitter_card":"summary_large_image","twitter_title":"Concert du Nouvel An - Epinal Info","twitter_description":"Dimanche 11 janvier 2026 17h00 \u2192 Rotonde \u2013 Thaon-les-Vosges Concert du Nouvel An Orchestre national Metz Grand Est Direction\u00a0: David [&hellip;]","twitter_creator":"@VosgesInfo88","twitter_site":"@VosgesInfo88","twitter_misc":{"\u00c9crit par":"La redaction","Dur\u00e9e de lecture estim\u00e9e":"1 minute"},"schema":{"@context":"https:\/\/schema.org","@graph":[{"@type":"Article","@id":"https:\/\/vosgesinfo.fr\/epinalinfo\/?p=138034#article","isPartOf":{"@id":"https:\/\/vosgesinfo.fr\/epinalinfo\/?p=138034"},"author":{"name":"La redaction","@id":"https:\/\/vosgesinfo.fr\/epinalinfo\/#\/schema\/person\/27a3695b06db98895b354c0765cdfc31"},"headline":"Concert du Nouvel An","datePublished":"2025-12-10T08:10:48+00:00","dateModified":"2025-12-10T08:10:48+00:00","mainEntityOfPage":{"@id":"https:\/\/vosgesinfo.fr\/epinalinfo\/?p=138034"},"wordCount":230,"commentCount":0,"publisher":{"@id":"https:\/\/vosgesinfo.fr\/epinalinfo\/#organization"},"image":{"@id":"https:\/\/vosgesinfo.fr\/epinalinfo\/?p=138034#primaryimage"},"thumbnailUrl":"https:\/\/vosgesinfo.fr\/app\/uploads\/sites\/3\/2025\/12\/thumbnail-2023-09-15-david-reiland-direction-\u00a9-christophe-urbain.jpg","keywords":["Concert du nouvel an","culture","musique"],"articleSection":["A la Une","Epinal"],"inLanguage":"fr-FR","potentialAction":[{"@type":"CommentAction","name":"Comment","target":["https:\/\/vosgesinfo.fr\/epinalinfo\/?p=138034#respond"]}]},{"@type":"WebPage","@id":"https:\/\/vosgesinfo.fr\/epinalinfo\/?p=138034","url":"https:\/\/vosgesinfo.fr\/epinalinfo\/?p=138034","name":"Concert du Nouvel An - Epinal Info","isPartOf":{"@id":"https:\/\/vosgesinfo.fr\/epinalinfo\/#website"},"primaryImageOfPage":{"@id":"https:\/\/vosgesinfo.fr\/epinalinfo\/?p=138034#primaryimage"},"image":{"@id":"https:\/\/vosgesinfo.fr\/epinalinfo\/?p=138034#primaryimage"},"thumbnailUrl":"https:\/\/vosgesinfo.fr\/app\/uploads\/sites\/3\/2025\/12\/thumbnail-2023-09-15-david-reiland-direction-\u00a9-christophe-urbain.jpg","datePublished":"2025-12-10T08:10:48+00:00","dateModified":"2025-12-10T08:10:48+00:00","breadcrumb":{"@id":"https:\/\/vosgesinfo.fr\/epinalinfo\/?p=138034#breadcrumb"},"inLanguage":"fr-FR","potentialAction":[{"@type":"ReadAction","target":["https:\/\/vosgesinfo.fr\/epinalinfo\/?p=138034"]}]},{"@type":"ImageObject","inLanguage":"fr-FR","@id":"https:\/\/vosgesinfo.fr\/epinalinfo\/?p=138034#primaryimage","url":"https:\/\/vosgesinfo.fr\/app\/uploads\/sites\/3\/2025\/12\/thumbnail-2023-09-15-david-reiland-direction-\u00a9-christophe-urbain.jpg","contentUrl":"https:\/\/vosgesinfo.fr\/app\/uploads\/sites\/3\/2025\/12\/thumbnail-2023-09-15-david-reiland-direction-\u00a9-christophe-urbain.jpg","width":721,"height":1080,"caption":"DAVID-REILAND-DIRECTION-\u00a9 Christophe Urbain"},{"@type":"BreadcrumbList","@id":"https:\/\/vosgesinfo.fr\/epinalinfo\/?p=138034#breadcrumb","itemListElement":[{"@type":"ListItem","position":1,"name":"Home","item":"https:\/\/vosgesinfo.fr\/epinalinfo\/"},{"@type":"ListItem","position":2,"name":"Concert du Nouvel An"}]},{"@type":"WebSite","@id":"https:\/\/vosgesinfo.fr\/epinalinfo\/#website","url":"https:\/\/vosgesinfo.fr\/epinalinfo\/","name":"Epinal Info","description":"Toute l&#039;actualit\u00e9 d&#039;\u00c9pinal","publisher":{"@id":"https:\/\/vosgesinfo.fr\/epinalinfo\/#organization"},"alternateName":"Toute l'actualit\u00e9 d'\u00c9pinal","potentialAction":[{"@type":"SearchAction","target":{"@type":"EntryPoint","urlTemplate":"https:\/\/vosgesinfo.fr\/epinalinfo\/?s={search_term_string}"},"query-input":"required name=search_term_string"}],"inLanguage":"fr-FR"},{"@type":"Organization","@id":"https:\/\/vosgesinfo.fr\/epinalinfo\/#organization","name":"Epinal Info","url":"https:\/\/vosgesinfo.fr\/epinalinfo\/","logo":{"@type":"ImageObject","inLanguage":"fr-FR","@id":"https:\/\/vosgesinfo.fr\/epinalinfo\/#\/schema\/logo\/image\/","url":"https:\/\/vosgesinfo.fr\/app\/uploads\/sites\/3\/2023\/08\/logo-epinalinfos.svg","contentUrl":"https:\/\/vosgesinfo.fr\/app\/uploads\/sites\/3\/2023\/08\/logo-epinalinfos.svg","width":1,"height":1,"caption":"Epinal Info"},"image":{"@id":"https:\/\/vosgesinfo.fr\/epinalinfo\/#\/schema\/logo\/image\/"},"sameAs":["https:\/\/www.facebook.com\/Epinalinfos","https:\/\/x.com\/VosgesInfo88","https:\/\/www.youtube.com\/@vosgesinfo"]},{"@type":"Person","@id":"https:\/\/vosgesinfo.fr\/epinalinfo\/#\/schema\/person\/27a3695b06db98895b354c0765cdfc31","name":"La redaction","image":{"@type":"ImageObject","inLanguage":"fr-FR","@id":"https:\/\/vosgesinfo.fr\/epinalinfo\/#\/schema\/person\/image\/","url":"https:\/\/secure.gravatar.com\/avatar\/64c76a78e501cedee55736f43f332df901e1896ae9cd8fad269ae2236dd0e8b6?s=96&d=mm&r=g","contentUrl":"https:\/\/secure.gravatar.com\/avatar\/64c76a78e501cedee55736f43f332df901e1896ae9cd8fad269ae2236dd0e8b6?s=96&d=mm&r=g","caption":"La redaction"},"url":"https:\/\/vosgesinfo.fr\/epinalinfo\/author\/la-redaction\/"}]}},"_links":{"self":[{"href":"https:\/\/vosgesinfo.fr\/epinalinfo\/wp-json\/wp\/v2\/posts\/138034","targetHints":{"allow":["GET"]}}],"collection":[{"href":"https:\/\/vosgesinfo.fr\/epinalinfo\/wp-json\/wp\/v2\/posts"}],"about":[{"href":"https:\/\/vosgesinfo.fr\/epinalinfo\/wp-json\/wp\/v2\/types\/post"}],"author":[{"embeddable":true,"href":"https:\/\/vosgesinfo.fr\/epinalinfo\/wp-json\/wp\/v2\/users\/391"}],"replies":[{"embeddable":true,"href":"https:\/\/vosgesinfo.fr\/epinalinfo\/wp-json\/wp\/v2\/comments?post=138034"}],"version-history":[{"count":1,"href":"https:\/\/vosgesinfo.fr\/epinalinfo\/wp-json\/wp\/v2\/posts\/138034\/revisions"}],"predecessor-version":[{"id":138036,"href":"https:\/\/vosgesinfo.fr\/epinalinfo\/wp-json\/wp\/v2\/posts\/138034\/revisions\/138036"}],"wp:featuredmedia":[{"embeddable":true,"href":"https:\/\/vosgesinfo.fr\/epinalinfo\/wp-json\/wp\/v2\/media\/138035"}],"wp:attachment":[{"href":"https:\/\/vosgesinfo.fr\/epinalinfo\/wp-json\/wp\/v2\/media?parent=138034"}],"wp:term":[{"taxonomy":"category","embeddable":true,"href":"https:\/\/vosgesinfo.fr\/epinalinfo\/wp-json\/wp\/v2\/categories?post=138034"},{"taxonomy":"post_tag","embeddable":true,"href":"https:\/\/vosgesinfo.fr\/epinalinfo\/wp-json\/wp\/v2\/tags?post=138034"}],"curies":[{"name":"wp","href":"https:\/\/api.w.org\/{rel}","templated":true}]}}