{"id":138040,"date":"2025-12-11T11:22:47","date_gmt":"2025-12-11T10:22:47","guid":{"rendered":"https:\/\/vosgesinfo.fr\/epinalinfo\/?p=138040"},"modified":"2025-12-11T11:22:47","modified_gmt":"2025-12-11T10:22:47","slug":"bruyeres-inaugure-bruyaire-en-vosges-une-nouvelle-aire-de-camping-car-pour-dynamiser-laccueil-touristique","status":"publish","type":"post","link":"https:\/\/vosgesinfo.fr\/epinalinfo\/2025\/12\/bruyeres-inaugure-bruyaire-en-vosges-une-nouvelle-aire-de-camping-car-pour-dynamiser-laccueil-touristique\/","title":{"rendered":"Bruy\u00e8res inaugure \u00ab BRUY\u2019AIRE EN VOSGES \u00bb, une nouvelle aire de camping-car pour dynamiser l\u2019accueil touristique"},"content":{"rendered":"<div id=\"attachment_138081\" style=\"width: 1034px\" class=\"wp-caption aligncenter\"><a href=\"https:\/\/vosgesinfo.fr\/app\/uploads\/sites\/3\/2025\/12\/596810935-1285375963620324-2315337049868401279-n.jpg\"><img decoding=\"async\" aria-describedby=\"caption-attachment-138081\" class=\"size-large wp-image-138081\" src=\"https:\/\/vosgesinfo.fr\/app\/uploads\/sites\/3\/2025\/12\/596810935-1285375963620324-2315337049868401279-n-1024x768.jpg\" alt=\"\" width=\"1024\" height=\"768\" srcset=\"https:\/\/vosgesinfo.fr\/app\/uploads\/sites\/3\/2025\/12\/596810935-1285375963620324-2315337049868401279-n-1024x768.jpg 1024w, https:\/\/vosgesinfo.fr\/app\/uploads\/sites\/3\/2025\/12\/596810935-1285375963620324-2315337049868401279-n-300x225.jpg 300w, https:\/\/vosgesinfo.fr\/app\/uploads\/sites\/3\/2025\/12\/596810935-1285375963620324-2315337049868401279-n-768x576.jpg 768w, https:\/\/vosgesinfo.fr\/app\/uploads\/sites\/3\/2025\/12\/596810935-1285375963620324-2315337049868401279-n.jpg 1440w\" sizes=\"(max-width: 1024px) 100vw, 1024px\" \/><\/a><p id=\"caption-attachment-138081\" class=\"wp-caption-text\">photo Ville de Bruy\u00e8res<\/p><\/div>\n<h2 data-start=\"201\" data-end=\"609\"><strong>La ville de Bruy\u00e8res renforce son attractivit\u00e9 avec l\u2019ouverture de \u00ab BRUY\u2019AIRE EN VOSGES \u00bb, une aire de camping-car moderne de 14 emplacements pens\u00e9e pour am\u00e9liorer l\u2019accueil des visiteurs et soutenir le dynamisme du centre-ville. Ouverte au public depuis le 5 d\u00e9cembre 2025 \u00e0 midi, elle a \u00e9t\u00e9 officiellement inaugur\u00e9e le samedi 6 d\u00e9cembre \u00e0 9 h 45 en pr\u00e9sence de nombreux \u00e9lus, partenaires et habitants.<\/strong><\/h2>\n<h3 data-start=\"611\" data-end=\"669\"><strong data-start=\"615\" data-end=\"669\">Un nouvel \u00e9quipement pour les visiteurs de passage<\/strong><\/h3>\n<p data-start=\"671\" data-end=\"956\">Situ\u00e9e \u00e0 proximit\u00e9 du centre-ville, cette aire offre un espace pratique et fonctionnel aux camping-caristes souhaitant d\u00e9couvrir Bruy\u00e8res et son territoire. Son am\u00e9nagement s\u2019inscrit dans la volont\u00e9 de la commune de faciliter l\u2019accueil touristique tout en valorisant les atouts locaux.<\/p>\n<p data-start=\"958\" data-end=\"1138\">Projet embl\u00e9matique du programme <strong data-start=\"991\" data-end=\"1019\">Petites Villes de Demain<\/strong> pour l\u2019ann\u00e9e 2025, \u00ab BRUY\u2019AIRE EN VOSGES \u00bb marque une \u00e9tape importante dans la strat\u00e9gie d\u2019attractivit\u00e9 de la commune.<\/p>\n<h3 data-start=\"1140\" data-end=\"1202\"><strong data-start=\"1144\" data-end=\"1202\">Une inauguration en pr\u00e9sence des acteurs du territoire<\/strong><\/h3>\n<p data-start=\"1204\" data-end=\"1259\">La c\u00e9r\u00e9monie inaugurale s\u2019est d\u00e9roul\u00e9e en pr\u00e9sence de :<\/p>\n<ul data-start=\"1260\" data-end=\"1809\">\n<li data-start=\"1260\" data-end=\"1342\">\n<p data-start=\"1262\" data-end=\"1342\">Monsieur <strong data-start=\"1271\" data-end=\"1293\">Antoine Planquette<\/strong>, Sous-Pr\u00e9fet de l\u2019arrondissement de Saint-Di\u00e9,<\/p>\n<\/li>\n<li data-start=\"1343\" data-end=\"1387\">\n<p data-start=\"1345\" data-end=\"1387\">Monsieur <strong data-start=\"1354\" data-end=\"1374\">Daniel Gremillet<\/strong>, S\u00e9nateur,<\/p>\n<\/li>\n<li data-start=\"1388\" data-end=\"1485\">\n<p data-start=\"1390\" data-end=\"1485\">Monsieur <strong data-start=\"1399\" data-end=\"1422\">Christian Tarantola<\/strong> et Madame <strong data-start=\"1433\" data-end=\"1454\">Bernadette Poirat<\/strong>, Conseillers d\u00e9partementaux,<\/p>\n<\/li>\n<li data-start=\"1486\" data-end=\"1592\">\n<p data-start=\"1488\" data-end=\"1592\">Madame <strong data-start=\"1495\" data-end=\"1517\">Virginie Gremillet<\/strong>, Pr\u00e9sidente de la Communaut\u00e9 de Communes de Bruy\u00e8res Vallons des Vosges,<\/p>\n<\/li>\n<li data-start=\"1593\" data-end=\"1706\">\n<p data-start=\"1595\" data-end=\"1706\">Monsieur <strong data-start=\"1604\" data-end=\"1624\">Emmanuel Parisse<\/strong> et Monsieur <strong data-start=\"1637\" data-end=\"1655\">Julien Claudel<\/strong>, pr\u00e9sident et directeur de l\u2019office du tourisme,<\/p>\n<\/li>\n<li data-start=\"1707\" data-end=\"1754\">\n<p data-start=\"1709\" data-end=\"1754\">Monsieur <strong data-start=\"1718\" data-end=\"1734\">Alain Blangy<\/strong>, maire honoraire,<\/p>\n<\/li>\n<li data-start=\"1755\" data-end=\"1809\">\n<p data-start=\"1757\" data-end=\"1809\">ainsi que les \u00e9lus du conseil municipal de Bruy\u00e8res.<\/p>\n<\/li>\n<\/ul>\n<p data-start=\"1811\" data-end=\"2255\">Cette inauguration s\u2019inscrivait dans une matin\u00e9e riche en animations. Apr\u00e8s la pr\u00e9sentation de l\u2019aire de camping-car, les participants ont d\u00e9couvert la place Antoine-Joseph Mougeot avant de se rendre au march\u00e9 de la Saint-Nicolas et aux animations du T\u00e9l\u00e9thon sur la place Stanislas. Une d\u00e9ambulation dans l\u2019avenue du Cameroun a ensuite conduit l\u2019ensemble des invit\u00e9s jusqu\u2019\u00e0 la mairie pour le vin d\u2019honneur et les prises de parole officielles.<\/p>\n<h3 data-start=\"2257\" data-end=\"2292\"><strong data-start=\"2261\" data-end=\"2292\">D\u00e9j\u00e0 des premiers visiteurs<\/strong><\/h3>\n<p data-start=\"2294\" data-end=\"2576\">Ouverte depuis la veille, l\u2019aire a accueilli d\u00e8s le week-end ses premiers utilisateurs. Une image de la ville a \u00e9t\u00e9 remise aux trois premiers camping-caristes venus profiter de ce nouveau service, symbole d\u2019un accueil chaleureux et d\u2019une volont\u00e9 affirm\u00e9e de valoriser le territoire.<\/p>\n<p data-start=\"2578\" data-end=\"2734\">Avec \u00ab BRUY\u2019AIRE EN VOSGES \u00bb, Bruy\u00e8res confirme son ambition : devenir une \u00e9tape appr\u00e9ci\u00e9e des voyageurs et un centre-ville encore plus vivant et attractif.<\/p>\n<p data-start=\"2578\" data-end=\"2734\"><a href=\"https:\/\/vosgesinfo.fr\/app\/uploads\/sites\/3\/2025\/12\/596819991-1285380210286566-6947798601694762942-n.jpg\"><img decoding=\"async\" class=\"aligncenter size-large wp-image-138082\" src=\"https:\/\/vosgesinfo.fr\/app\/uploads\/sites\/3\/2025\/12\/596819991-1285380210286566-6947798601694762942-n-768x1024.jpg\" alt=\"\" width=\"768\" height=\"1024\" srcset=\"https:\/\/vosgesinfo.fr\/app\/uploads\/sites\/3\/2025\/12\/596819991-1285380210286566-6947798601694762942-n-768x1024.jpg 768w, https:\/\/vosgesinfo.fr\/app\/uploads\/sites\/3\/2025\/12\/596819991-1285380210286566-6947798601694762942-n-225x300.jpg 225w, https:\/\/vosgesinfo.fr\/app\/uploads\/sites\/3\/2025\/12\/596819991-1285380210286566-6947798601694762942-n.jpg 810w\" sizes=\"(max-width: 768px) 100vw, 768px\" \/><\/a><\/p>\n","protected":false},"excerpt":{"rendered":"<p>La ville de Bruy\u00e8res renforce son attractivit\u00e9 avec l\u2019ouverture de \u00ab BRUY\u2019AIRE EN VOSGES \u00bb, une aire de camping-car moderne [&hellip;]<\/p>\n","protected":false},"author":52,"featured_media":138081,"comment_status":"open","ping_status":"open","sticky":false,"template":"","format":"standard","meta":{"footnotes":""},"categories":[22,60,24,17,5],"tags":[17177,17176,61,417],"class_list":["post-138040","post","type-post","status-publish","format-standard","has-post-thumbnail","hentry","category-a-la-une","category-bruyeres","category-epinal","category-tourisme","category-vosges","tag-aire-de-camping-car","tag-bruyaire-en-vosges","tag-bruyeres","tag-tourisme"],"acf":[],"yoast_head":"<!-- This site is optimized with the Yoast SEO plugin v22.5 - https:\/\/yoast.com\/wordpress\/plugins\/seo\/ -->\n<title>Bruy\u00e8res inaugure \u00ab BRUY\u2019AIRE EN VOSGES \u00bb, une nouvelle aire de camping-car pour dynamiser l\u2019accueil touristique - Epinal Info<\/title>\n<meta name=\"robots\" content=\"index, follow, max-snippet:-1, max-image-preview:large, max-video-preview:-1\" \/>\n<link rel=\"canonical\" href=\"https:\/\/vosgesinfo.fr\/epinalinfo\/?p=138040\" \/>\n<meta name=\"twitter:card\" content=\"summary_large_image\" \/>\n<meta name=\"twitter:title\" content=\"Bruy\u00e8res inaugure \u00ab BRUY\u2019AIRE EN VOSGES \u00bb, une nouvelle aire de camping-car pour dynamiser l\u2019accueil touristique - Epinal Info\" \/>\n<meta name=\"twitter:description\" content=\"La ville de Bruy\u00e8res renforce son attractivit\u00e9 avec l\u2019ouverture de \u00ab BRUY\u2019AIRE EN VOSGES \u00bb, une aire de camping-car moderne [&hellip;]\" \/>\n<meta name=\"twitter:creator\" content=\"@VosgesInfo88\" \/>\n<meta name=\"twitter:site\" content=\"@VosgesInfo88\" \/>\n<meta name=\"twitter:label1\" content=\"\u00c9crit par\" \/>\n\t<meta name=\"twitter:data1\" content=\"C.K.\" \/>\n\t<meta name=\"twitter:label2\" content=\"Dur\u00e9e de lecture estim\u00e9e\" \/>\n\t<meta name=\"twitter:data2\" content=\"2 minutes\" \/>\n<script type=\"application\/ld+json\" class=\"yoast-schema-graph\">{\"@context\":\"https:\/\/schema.org\",\"@graph\":[{\"@type\":\"Article\",\"@id\":\"https:\/\/vosgesinfo.fr\/epinalinfo\/?p=138040#article\",\"isPartOf\":{\"@id\":\"https:\/\/vosgesinfo.fr\/epinalinfo\/?p=138040\"},\"author\":{\"name\":\"C.K.\",\"@id\":\"https:\/\/vosgesinfo.fr\/epinalinfo\/#\/schema\/person\/6f9a650eeea99d969b6c4ab78fccbe81\"},\"headline\":\"Bruy\u00e8res inaugure \u00ab BRUY\u2019AIRE EN VOSGES \u00bb, une nouvelle aire de camping-car pour dynamiser l\u2019accueil touristique\",\"datePublished\":\"2025-12-11T10:22:47+00:00\",\"dateModified\":\"2025-12-11T10:22:47+00:00\",\"mainEntityOfPage\":{\"@id\":\"https:\/\/vosgesinfo.fr\/epinalinfo\/?p=138040\"},\"wordCount\":432,\"commentCount\":0,\"publisher\":{\"@id\":\"https:\/\/vosgesinfo.fr\/epinalinfo\/#organization\"},\"image\":{\"@id\":\"https:\/\/vosgesinfo.fr\/epinalinfo\/?p=138040#primaryimage\"},\"thumbnailUrl\":\"https:\/\/vosgesinfo.fr\/app\/uploads\/sites\/3\/2025\/12\/596810935-1285375963620324-2315337049868401279-n.jpg\",\"keywords\":[\"aire de camping-car\",\"BRUY\u2019AIRE EN VOSGES\",\"Bruy\u00e8res\",\"tourisme\"],\"articleSection\":[\"A la Une\",\"Bruy\u00e8res\",\"Epinal\",\"Tourisme\",\"Vosges\"],\"inLanguage\":\"fr-FR\",\"potentialAction\":[{\"@type\":\"CommentAction\",\"name\":\"Comment\",\"target\":[\"https:\/\/vosgesinfo.fr\/epinalinfo\/?p=138040#respond\"]}]},{\"@type\":\"WebPage\",\"@id\":\"https:\/\/vosgesinfo.fr\/epinalinfo\/?p=138040\",\"url\":\"https:\/\/vosgesinfo.fr\/epinalinfo\/?p=138040\",\"name\":\"Bruy\u00e8res inaugure \u00ab BRUY\u2019AIRE EN VOSGES \u00bb, une nouvelle aire de camping-car pour dynamiser l\u2019accueil touristique - Epinal Info\",\"isPartOf\":{\"@id\":\"https:\/\/vosgesinfo.fr\/epinalinfo\/#website\"},\"primaryImageOfPage\":{\"@id\":\"https:\/\/vosgesinfo.fr\/epinalinfo\/?p=138040#primaryimage\"},\"image\":{\"@id\":\"https:\/\/vosgesinfo.fr\/epinalinfo\/?p=138040#primaryimage\"},\"thumbnailUrl\":\"https:\/\/vosgesinfo.fr\/app\/uploads\/sites\/3\/2025\/12\/596810935-1285375963620324-2315337049868401279-n.jpg\",\"datePublished\":\"2025-12-11T10:22:47+00:00\",\"dateModified\":\"2025-12-11T10:22:47+00:00\",\"breadcrumb\":{\"@id\":\"https:\/\/vosgesinfo.fr\/epinalinfo\/?p=138040#breadcrumb\"},\"inLanguage\":\"fr-FR\",\"potentialAction\":[{\"@type\":\"ReadAction\",\"target\":[\"https:\/\/vosgesinfo.fr\/epinalinfo\/?p=138040\"]}]},{\"@type\":\"ImageObject\",\"inLanguage\":\"fr-FR\",\"@id\":\"https:\/\/vosgesinfo.fr\/epinalinfo\/?p=138040#primaryimage\",\"url\":\"https:\/\/vosgesinfo.fr\/app\/uploads\/sites\/3\/2025\/12\/596810935-1285375963620324-2315337049868401279-n.jpg\",\"contentUrl\":\"https:\/\/vosgesinfo.fr\/app\/uploads\/sites\/3\/2025\/12\/596810935-1285375963620324-2315337049868401279-n.jpg\",\"width\":1440,\"height\":1080,\"caption\":\"photo Ville de Bruy\u00e8res\"},{\"@type\":\"BreadcrumbList\",\"@id\":\"https:\/\/vosgesinfo.fr\/epinalinfo\/?p=138040#breadcrumb\",\"itemListElement\":[{\"@type\":\"ListItem\",\"position\":1,\"name\":\"Home\",\"item\":\"https:\/\/vosgesinfo.fr\/epinalinfo\/\"},{\"@type\":\"ListItem\",\"position\":2,\"name\":\"Bruy\u00e8res inaugure \u00ab BRUY\u2019AIRE EN VOSGES \u00bb, une nouvelle aire de camping-car pour dynamiser l\u2019accueil touristique\"}]},{\"@type\":\"WebSite\",\"@id\":\"https:\/\/vosgesinfo.fr\/epinalinfo\/#website\",\"url\":\"https:\/\/vosgesinfo.fr\/epinalinfo\/\",\"name\":\"Epinal Info\",\"description\":\"Toute l&#039;actualit\u00e9 d&#039;\u00c9pinal\",\"publisher\":{\"@id\":\"https:\/\/vosgesinfo.fr\/epinalinfo\/#organization\"},\"alternateName\":\"Toute l'actualit\u00e9 d'\u00c9pinal\",\"potentialAction\":[{\"@type\":\"SearchAction\",\"target\":{\"@type\":\"EntryPoint\",\"urlTemplate\":\"https:\/\/vosgesinfo.fr\/epinalinfo\/?s={search_term_string}\"},\"query-input\":\"required name=search_term_string\"}],\"inLanguage\":\"fr-FR\"},{\"@type\":\"Organization\",\"@id\":\"https:\/\/vosgesinfo.fr\/epinalinfo\/#organization\",\"name\":\"Epinal Info\",\"url\":\"https:\/\/vosgesinfo.fr\/epinalinfo\/\",\"logo\":{\"@type\":\"ImageObject\",\"inLanguage\":\"fr-FR\",\"@id\":\"https:\/\/vosgesinfo.fr\/epinalinfo\/#\/schema\/logo\/image\/\",\"url\":\"https:\/\/vosgesinfo.fr\/app\/uploads\/sites\/3\/2023\/08\/logo-epinalinfos.svg\",\"contentUrl\":\"https:\/\/vosgesinfo.fr\/app\/uploads\/sites\/3\/2023\/08\/logo-epinalinfos.svg\",\"width\":1,\"height\":1,\"caption\":\"Epinal Info\"},\"image\":{\"@id\":\"https:\/\/vosgesinfo.fr\/epinalinfo\/#\/schema\/logo\/image\/\"},\"sameAs\":[\"https:\/\/www.facebook.com\/Epinalinfos\",\"https:\/\/x.com\/VosgesInfo88\",\"https:\/\/www.youtube.com\/@vosgesinfo\"]},{\"@type\":\"Person\",\"@id\":\"https:\/\/vosgesinfo.fr\/epinalinfo\/#\/schema\/person\/6f9a650eeea99d969b6c4ab78fccbe81\",\"name\":\"C.K.\",\"image\":{\"@type\":\"ImageObject\",\"inLanguage\":\"fr-FR\",\"@id\":\"https:\/\/vosgesinfo.fr\/epinalinfo\/#\/schema\/person\/image\/\",\"url\":\"https:\/\/secure.gravatar.com\/avatar\/48e3fc7f8421ba8942be6b74a2b7f014ca39bc00dece156b7a8e098ae7dc87bf?s=96&d=mm&r=g\",\"contentUrl\":\"https:\/\/secure.gravatar.com\/avatar\/48e3fc7f8421ba8942be6b74a2b7f014ca39bc00dece156b7a8e098ae7dc87bf?s=96&d=mm&r=g\",\"caption\":\"C.K.\"},\"url\":\"https:\/\/vosgesinfo.fr\/epinalinfo\/author\/celia-k-n\/\"}]}<\/script>\n<!-- \/ Yoast SEO plugin. -->","yoast_head_json":{"title":"Bruy\u00e8res inaugure \u00ab BRUY\u2019AIRE EN VOSGES \u00bb, une nouvelle aire de camping-car pour dynamiser l\u2019accueil touristique - Epinal Info","robots":{"index":"index","follow":"follow","max-snippet":"max-snippet:-1","max-image-preview":"max-image-preview:large","max-video-preview":"max-video-preview:-1"},"canonical":"https:\/\/vosgesinfo.fr\/epinalinfo\/?p=138040","twitter_card":"summary_large_image","twitter_title":"Bruy\u00e8res inaugure \u00ab BRUY\u2019AIRE EN VOSGES \u00bb, une nouvelle aire de camping-car pour dynamiser l\u2019accueil touristique - Epinal Info","twitter_description":"La ville de Bruy\u00e8res renforce son attractivit\u00e9 avec l\u2019ouverture de \u00ab BRUY\u2019AIRE EN VOSGES \u00bb, une aire de camping-car moderne [&hellip;]","twitter_creator":"@VosgesInfo88","twitter_site":"@VosgesInfo88","twitter_misc":{"\u00c9crit par":"C.K.","Dur\u00e9e de lecture estim\u00e9e":"2 minutes"},"schema":{"@context":"https:\/\/schema.org","@graph":[{"@type":"Article","@id":"https:\/\/vosgesinfo.fr\/epinalinfo\/?p=138040#article","isPartOf":{"@id":"https:\/\/vosgesinfo.fr\/epinalinfo\/?p=138040"},"author":{"name":"C.K.","@id":"https:\/\/vosgesinfo.fr\/epinalinfo\/#\/schema\/person\/6f9a650eeea99d969b6c4ab78fccbe81"},"headline":"Bruy\u00e8res inaugure \u00ab BRUY\u2019AIRE EN VOSGES \u00bb, une nouvelle aire de camping-car pour dynamiser l\u2019accueil touristique","datePublished":"2025-12-11T10:22:47+00:00","dateModified":"2025-12-11T10:22:47+00:00","mainEntityOfPage":{"@id":"https:\/\/vosgesinfo.fr\/epinalinfo\/?p=138040"},"wordCount":432,"commentCount":0,"publisher":{"@id":"https:\/\/vosgesinfo.fr\/epinalinfo\/#organization"},"image":{"@id":"https:\/\/vosgesinfo.fr\/epinalinfo\/?p=138040#primaryimage"},"thumbnailUrl":"https:\/\/vosgesinfo.fr\/app\/uploads\/sites\/3\/2025\/12\/596810935-1285375963620324-2315337049868401279-n.jpg","keywords":["aire de camping-car","BRUY\u2019AIRE EN VOSGES","Bruy\u00e8res","tourisme"],"articleSection":["A la Une","Bruy\u00e8res","Epinal","Tourisme","Vosges"],"inLanguage":"fr-FR","potentialAction":[{"@type":"CommentAction","name":"Comment","target":["https:\/\/vosgesinfo.fr\/epinalinfo\/?p=138040#respond"]}]},{"@type":"WebPage","@id":"https:\/\/vosgesinfo.fr\/epinalinfo\/?p=138040","url":"https:\/\/vosgesinfo.fr\/epinalinfo\/?p=138040","name":"Bruy\u00e8res inaugure \u00ab BRUY\u2019AIRE EN VOSGES \u00bb, une nouvelle aire de camping-car pour dynamiser l\u2019accueil touristique - Epinal Info","isPartOf":{"@id":"https:\/\/vosgesinfo.fr\/epinalinfo\/#website"},"primaryImageOfPage":{"@id":"https:\/\/vosgesinfo.fr\/epinalinfo\/?p=138040#primaryimage"},"image":{"@id":"https:\/\/vosgesinfo.fr\/epinalinfo\/?p=138040#primaryimage"},"thumbnailUrl":"https:\/\/vosgesinfo.fr\/app\/uploads\/sites\/3\/2025\/12\/596810935-1285375963620324-2315337049868401279-n.jpg","datePublished":"2025-12-11T10:22:47+00:00","dateModified":"2025-12-11T10:22:47+00:00","breadcrumb":{"@id":"https:\/\/vosgesinfo.fr\/epinalinfo\/?p=138040#breadcrumb"},"inLanguage":"fr-FR","potentialAction":[{"@type":"ReadAction","target":["https:\/\/vosgesinfo.fr\/epinalinfo\/?p=138040"]}]},{"@type":"ImageObject","inLanguage":"fr-FR","@id":"https:\/\/vosgesinfo.fr\/epinalinfo\/?p=138040#primaryimage","url":"https:\/\/vosgesinfo.fr\/app\/uploads\/sites\/3\/2025\/12\/596810935-1285375963620324-2315337049868401279-n.jpg","contentUrl":"https:\/\/vosgesinfo.fr\/app\/uploads\/sites\/3\/2025\/12\/596810935-1285375963620324-2315337049868401279-n.jpg","width":1440,"height":1080,"caption":"photo Ville de Bruy\u00e8res"},{"@type":"BreadcrumbList","@id":"https:\/\/vosgesinfo.fr\/epinalinfo\/?p=138040#breadcrumb","itemListElement":[{"@type":"ListItem","position":1,"name":"Home","item":"https:\/\/vosgesinfo.fr\/epinalinfo\/"},{"@type":"ListItem","position":2,"name":"Bruy\u00e8res inaugure \u00ab BRUY\u2019AIRE EN VOSGES \u00bb, une nouvelle aire de camping-car pour dynamiser l\u2019accueil touristique"}]},{"@type":"WebSite","@id":"https:\/\/vosgesinfo.fr\/epinalinfo\/#website","url":"https:\/\/vosgesinfo.fr\/epinalinfo\/","name":"Epinal Info","description":"Toute l&#039;actualit\u00e9 d&#039;\u00c9pinal","publisher":{"@id":"https:\/\/vosgesinfo.fr\/epinalinfo\/#organization"},"alternateName":"Toute l'actualit\u00e9 d'\u00c9pinal","potentialAction":[{"@type":"SearchAction","target":{"@type":"EntryPoint","urlTemplate":"https:\/\/vosgesinfo.fr\/epinalinfo\/?s={search_term_string}"},"query-input":"required name=search_term_string"}],"inLanguage":"fr-FR"},{"@type":"Organization","@id":"https:\/\/vosgesinfo.fr\/epinalinfo\/#organization","name":"Epinal Info","url":"https:\/\/vosgesinfo.fr\/epinalinfo\/","logo":{"@type":"ImageObject","inLanguage":"fr-FR","@id":"https:\/\/vosgesinfo.fr\/epinalinfo\/#\/schema\/logo\/image\/","url":"https:\/\/vosgesinfo.fr\/app\/uploads\/sites\/3\/2023\/08\/logo-epinalinfos.svg","contentUrl":"https:\/\/vosgesinfo.fr\/app\/uploads\/sites\/3\/2023\/08\/logo-epinalinfos.svg","width":1,"height":1,"caption":"Epinal Info"},"image":{"@id":"https:\/\/vosgesinfo.fr\/epinalinfo\/#\/schema\/logo\/image\/"},"sameAs":["https:\/\/www.facebook.com\/Epinalinfos","https:\/\/x.com\/VosgesInfo88","https:\/\/www.youtube.com\/@vosgesinfo"]},{"@type":"Person","@id":"https:\/\/vosgesinfo.fr\/epinalinfo\/#\/schema\/person\/6f9a650eeea99d969b6c4ab78fccbe81","name":"C.K.","image":{"@type":"ImageObject","inLanguage":"fr-FR","@id":"https:\/\/vosgesinfo.fr\/epinalinfo\/#\/schema\/person\/image\/","url":"https:\/\/secure.gravatar.com\/avatar\/48e3fc7f8421ba8942be6b74a2b7f014ca39bc00dece156b7a8e098ae7dc87bf?s=96&d=mm&r=g","contentUrl":"https:\/\/secure.gravatar.com\/avatar\/48e3fc7f8421ba8942be6b74a2b7f014ca39bc00dece156b7a8e098ae7dc87bf?s=96&d=mm&r=g","caption":"C.K."},"url":"https:\/\/vosgesinfo.fr\/epinalinfo\/author\/celia-k-n\/"}]}},"_links":{"self":[{"href":"https:\/\/vosgesinfo.fr\/epinalinfo\/wp-json\/wp\/v2\/posts\/138040","targetHints":{"allow":["GET"]}}],"collection":[{"href":"https:\/\/vosgesinfo.fr\/epinalinfo\/wp-json\/wp\/v2\/posts"}],"about":[{"href":"https:\/\/vosgesinfo.fr\/epinalinfo\/wp-json\/wp\/v2\/types\/post"}],"author":[{"embeddable":true,"href":"https:\/\/vosgesinfo.fr\/epinalinfo\/wp-json\/wp\/v2\/users\/52"}],"replies":[{"embeddable":true,"href":"https:\/\/vosgesinfo.fr\/epinalinfo\/wp-json\/wp\/v2\/comments?post=138040"}],"version-history":[{"count":2,"href":"https:\/\/vosgesinfo.fr\/epinalinfo\/wp-json\/wp\/v2\/posts\/138040\/revisions"}],"predecessor-version":[{"id":138083,"href":"https:\/\/vosgesinfo.fr\/epinalinfo\/wp-json\/wp\/v2\/posts\/138040\/revisions\/138083"}],"wp:featuredmedia":[{"embeddable":true,"href":"https:\/\/vosgesinfo.fr\/epinalinfo\/wp-json\/wp\/v2\/media\/138081"}],"wp:attachment":[{"href":"https:\/\/vosgesinfo.fr\/epinalinfo\/wp-json\/wp\/v2\/media?parent=138040"}],"wp:term":[{"taxonomy":"category","embeddable":true,"href":"https:\/\/vosgesinfo.fr\/epinalinfo\/wp-json\/wp\/v2\/categories?post=138040"},{"taxonomy":"post_tag","embeddable":true,"href":"https:\/\/vosgesinfo.fr\/epinalinfo\/wp-json\/wp\/v2\/tags?post=138040"}],"curies":[{"name":"wp","href":"https:\/\/api.w.org\/{rel}","templated":true}]}}