{"id":138042,"date":"2025-12-10T16:36:30","date_gmt":"2025-12-10T15:36:30","guid":{"rendered":"https:\/\/vosgesinfo.fr\/epinalinfo\/?p=138042"},"modified":"2025-12-10T16:36:30","modified_gmt":"2025-12-10T15:36:30","slug":"epinal-la-fdsea-tire-la-sonnette-dalarme","status":"publish","type":"post","link":"https:\/\/vosgesinfo.fr\/epinalinfo\/2025\/12\/epinal-la-fdsea-tire-la-sonnette-dalarme\/","title":{"rendered":"Epinal : La FDSEA tire la sonnette d\u2019alarme"},"content":{"rendered":"<h2 data-start=\"212\" data-end=\"625\"><strong><a href=\"https:\/\/vosgesinfo.fr\/app\/uploads\/sites\/3\/2016\/08\/vaches.jpg\"><img decoding=\"async\" class=\"aligncenter size-full wp-image-32440\" src=\"https:\/\/vosgesinfo.fr\/app\/uploads\/sites\/3\/2016\/08\/vaches.jpg\" alt=\"\" width=\"800\" height=\"533\" srcset=\"https:\/\/vosgesinfo.fr\/app\/uploads\/sites\/3\/2016\/08\/vaches.jpg 800w, https:\/\/vosgesinfo.fr\/app\/uploads\/sites\/3\/2016\/08\/vaches-300x200.jpg 300w, https:\/\/vosgesinfo.fr\/app\/uploads\/sites\/3\/2016\/08\/vaches-768x512.jpg 768w\" sizes=\"(max-width: 800px) 100vw, 800px\" \/><\/a>R\u00e9unis mardi au centre des congr\u00e8s d\u2019\u00c9pinal, les membres de la F\u00e9d\u00e9ration d\u00e9partementale des syndicats d\u2019exploitants agricoles (FDSEA) ont dress\u00e9 un \u00e9tat des lieux pr\u00e9occupant de la situation agricole. Entre la pression accrue du gibier, les incertitudes li\u00e9es \u00e0 l\u2019accord commercial du Mercosur ou encore la menace de la dermatose nodulaire contagieuse, les sujets d\u2019inqui\u00e9tude ne manquent pas pour la profession.<\/strong><\/h2>\n<h3 data-start=\"627\" data-end=\"688\"><strong data-start=\"631\" data-end=\"688\">Une ann\u00e9e 2025 marqu\u00e9e par de multiples mobilisations<\/strong><\/h3>\n<p data-start=\"690\" data-end=\"1250\">Les responsables syndicaux ont rappel\u00e9 que l\u2019ann\u00e9e \u00e9coul\u00e9e a \u00e9t\u00e9 rythm\u00e9e par une succession d\u2019actions destin\u00e9es \u00e0 d\u00e9fendre les agriculteurs vosgiens.<\/p>\n<p data-start=\"1457\" data-end=\"1938\">Parmi les pr\u00e9occupations majeures figure la dermatose nodulaire contagieuse (DMC). Si aucun cas n\u2019a \u00e9t\u00e9 confirm\u00e9 dans les Vosges, le pr\u00e9sident de la F\u00e9d\u00e9ration nationale des producteurs de lait (FNPL), Yohann Barbe, a insist\u00e9 sur la n\u00e9cessit\u00e9 d\u2019une vigilance accrue. Il a rappel\u00e9 que la saison froide augmente les risques de propagation, les animaux \u00e9tant davantage regroup\u00e9s en b\u00e2timents. Le syndicat appelle donc les \u00e9leveurs \u00e0 une grande rigueur dans les mesures de bios\u00e9curit\u00e9.<\/p>\n<h3 data-start=\"1940\" data-end=\"2000\"><strong data-start=\"1944\" data-end=\"2000\">Un appel \u00e0 la mobilisation europ\u00e9enne le 18 d\u00e9cembre<\/strong><\/h3>\n<p data-start=\"2002\" data-end=\"2548\">La r\u00e9union s\u2019est conclue par une invitation claire adress\u00e9e \u00e0 tous les adh\u00e9rents : rejoindre la mobilisation pr\u00e9vue le 18 d\u00e9cembre \u00e0 Bruxelles. Une grande manifestation se tiendra devant les institutions de l\u2019Union europ\u00e9enne afin de d\u00e9noncer les effets redout\u00e9s de l\u2019accord Mercosur, d\u2019exprimer les inqui\u00e9tudes li\u00e9es \u00e0 une \u00e9ventuelle diminution des soutiens de la PAC et de contester l\u2019instauration du M\u00e9canisme d\u2019ajustement carbone aux fronti\u00e8res (MACF), per\u00e7u comme une menace suppl\u00e9mentaire pour la comp\u00e9titivit\u00e9 des exploitations fran\u00e7aises.<\/p>\n<p data-start=\"2550\" data-end=\"2738\">\u00c0 travers cette assembl\u00e9e g\u00e9n\u00e9rale, la FDSEA a rappel\u00e9 que l\u2019ann\u00e9e 2025 reste marqu\u00e9e par des d\u00e9fis majeurs, mais aussi par une d\u00e9termination intacte \u00e0 d\u00e9fendre l\u2019avenir du monde agricole.<\/p>\n","protected":false},"excerpt":{"rendered":"<p>R\u00e9unis mardi au centre des congr\u00e8s d\u2019\u00c9pinal, les membres de la F\u00e9d\u00e9ration d\u00e9partementale des syndicats d\u2019exploitants agricoles (FDSEA) ont dress\u00e9 [&hellip;]<\/p>\n","protected":false},"author":52,"featured_media":32440,"comment_status":"open","ping_status":"open","sticky":false,"template":"","format":"standard","meta":{"footnotes":""},"categories":[22,316,24,10],"tags":[],"class_list":["post-138042","post","type-post","status-publish","format-standard","has-post-thumbnail","hentry","category-a-la-une","category-agriculture","category-epinal","category-societe"],"acf":[],"yoast_head":"<!-- This site is optimized with the Yoast SEO plugin v22.5 - https:\/\/yoast.com\/wordpress\/plugins\/seo\/ -->\n<title>Epinal : La FDSEA tire la sonnette d\u2019alarme - Epinal Info<\/title>\n<meta name=\"robots\" content=\"index, follow, max-snippet:-1, max-image-preview:large, max-video-preview:-1\" \/>\n<link rel=\"canonical\" href=\"https:\/\/vosgesinfo.fr\/epinalinfo\/?p=138042\" \/>\n<meta name=\"twitter:card\" content=\"summary_large_image\" \/>\n<meta name=\"twitter:title\" content=\"Epinal : La FDSEA tire la sonnette d\u2019alarme - Epinal Info\" \/>\n<meta name=\"twitter:description\" content=\"R\u00e9unis mardi au centre des congr\u00e8s d\u2019\u00c9pinal, les membres de la F\u00e9d\u00e9ration d\u00e9partementale des syndicats d\u2019exploitants agricoles (FDSEA) ont dress\u00e9 [&hellip;]\" \/>\n<meta name=\"twitter:image\" content=\"https:\/\/vosgesinfo.fr\/app\/uploads\/sites\/3\/2025\/12\/595304417-1297858099050998-4964537267360149363-n.jpg\" \/>\n<meta name=\"twitter:creator\" content=\"@VosgesInfo88\" \/>\n<meta name=\"twitter:site\" content=\"@VosgesInfo88\" \/>\n<meta name=\"twitter:label1\" content=\"\u00c9crit par\" \/>\n\t<meta name=\"twitter:data1\" content=\"C.K.\" \/>\n\t<meta name=\"twitter:label2\" content=\"Dur\u00e9e de lecture estim\u00e9e\" \/>\n\t<meta name=\"twitter:data2\" content=\"2 minutes\" \/>\n<script type=\"application\/ld+json\" class=\"yoast-schema-graph\">{\"@context\":\"https:\/\/schema.org\",\"@graph\":[{\"@type\":\"Article\",\"@id\":\"https:\/\/vosgesinfo.fr\/epinalinfo\/?p=138042#article\",\"isPartOf\":{\"@id\":\"https:\/\/vosgesinfo.fr\/epinalinfo\/?p=138042\"},\"author\":{\"name\":\"C.K.\",\"@id\":\"https:\/\/vosgesinfo.fr\/epinalinfo\/#\/schema\/person\/6f9a650eeea99d969b6c4ab78fccbe81\"},\"headline\":\"Epinal : La FDSEA tire la sonnette d\u2019alarme\",\"datePublished\":\"2025-12-10T15:36:30+00:00\",\"dateModified\":\"2025-12-10T15:36:30+00:00\",\"mainEntityOfPage\":{\"@id\":\"https:\/\/vosgesinfo.fr\/epinalinfo\/?p=138042\"},\"wordCount\":340,\"commentCount\":0,\"publisher\":{\"@id\":\"https:\/\/vosgesinfo.fr\/epinalinfo\/#organization\"},\"image\":{\"@id\":\"https:\/\/vosgesinfo.fr\/epinalinfo\/?p=138042#primaryimage\"},\"thumbnailUrl\":\"https:\/\/vosgesinfo.fr\/app\/uploads\/sites\/3\/2016\/08\/vaches.jpg\",\"articleSection\":[\"A la Une\",\"Agriculture\",\"Epinal\",\"Soci\u00e9t\u00e9\"],\"inLanguage\":\"fr-FR\",\"potentialAction\":[{\"@type\":\"CommentAction\",\"name\":\"Comment\",\"target\":[\"https:\/\/vosgesinfo.fr\/epinalinfo\/?p=138042#respond\"]}]},{\"@type\":\"WebPage\",\"@id\":\"https:\/\/vosgesinfo.fr\/epinalinfo\/?p=138042\",\"url\":\"https:\/\/vosgesinfo.fr\/epinalinfo\/?p=138042\",\"name\":\"Epinal : La FDSEA tire la sonnette d\u2019alarme - Epinal Info\",\"isPartOf\":{\"@id\":\"https:\/\/vosgesinfo.fr\/epinalinfo\/#website\"},\"primaryImageOfPage\":{\"@id\":\"https:\/\/vosgesinfo.fr\/epinalinfo\/?p=138042#primaryimage\"},\"image\":{\"@id\":\"https:\/\/vosgesinfo.fr\/epinalinfo\/?p=138042#primaryimage\"},\"thumbnailUrl\":\"https:\/\/vosgesinfo.fr\/app\/uploads\/sites\/3\/2016\/08\/vaches.jpg\",\"datePublished\":\"2025-12-10T15:36:30+00:00\",\"dateModified\":\"2025-12-10T15:36:30+00:00\",\"breadcrumb\":{\"@id\":\"https:\/\/vosgesinfo.fr\/epinalinfo\/?p=138042#breadcrumb\"},\"inLanguage\":\"fr-FR\",\"potentialAction\":[{\"@type\":\"ReadAction\",\"target\":[\"https:\/\/vosgesinfo.fr\/epinalinfo\/?p=138042\"]}]},{\"@type\":\"ImageObject\",\"inLanguage\":\"fr-FR\",\"@id\":\"https:\/\/vosgesinfo.fr\/epinalinfo\/?p=138042#primaryimage\",\"url\":\"https:\/\/vosgesinfo.fr\/app\/uploads\/sites\/3\/2016\/08\/vaches.jpg\",\"contentUrl\":\"https:\/\/vosgesinfo.fr\/app\/uploads\/sites\/3\/2016\/08\/vaches.jpg\",\"width\":800,\"height\":533},{\"@type\":\"BreadcrumbList\",\"@id\":\"https:\/\/vosgesinfo.fr\/epinalinfo\/?p=138042#breadcrumb\",\"itemListElement\":[{\"@type\":\"ListItem\",\"position\":1,\"name\":\"Home\",\"item\":\"https:\/\/vosgesinfo.fr\/epinalinfo\/\"},{\"@type\":\"ListItem\",\"position\":2,\"name\":\"Epinal : La FDSEA tire la sonnette d\u2019alarme\"}]},{\"@type\":\"WebSite\",\"@id\":\"https:\/\/vosgesinfo.fr\/epinalinfo\/#website\",\"url\":\"https:\/\/vosgesinfo.fr\/epinalinfo\/\",\"name\":\"Epinal Info\",\"description\":\"Toute l&#039;actualit\u00e9 d&#039;\u00c9pinal\",\"publisher\":{\"@id\":\"https:\/\/vosgesinfo.fr\/epinalinfo\/#organization\"},\"alternateName\":\"Toute l'actualit\u00e9 d'\u00c9pinal\",\"potentialAction\":[{\"@type\":\"SearchAction\",\"target\":{\"@type\":\"EntryPoint\",\"urlTemplate\":\"https:\/\/vosgesinfo.fr\/epinalinfo\/?s={search_term_string}\"},\"query-input\":\"required name=search_term_string\"}],\"inLanguage\":\"fr-FR\"},{\"@type\":\"Organization\",\"@id\":\"https:\/\/vosgesinfo.fr\/epinalinfo\/#organization\",\"name\":\"Epinal Info\",\"url\":\"https:\/\/vosgesinfo.fr\/epinalinfo\/\",\"logo\":{\"@type\":\"ImageObject\",\"inLanguage\":\"fr-FR\",\"@id\":\"https:\/\/vosgesinfo.fr\/epinalinfo\/#\/schema\/logo\/image\/\",\"url\":\"https:\/\/vosgesinfo.fr\/app\/uploads\/sites\/3\/2023\/08\/logo-epinalinfos.svg\",\"contentUrl\":\"https:\/\/vosgesinfo.fr\/app\/uploads\/sites\/3\/2023\/08\/logo-epinalinfos.svg\",\"width\":1,\"height\":1,\"caption\":\"Epinal Info\"},\"image\":{\"@id\":\"https:\/\/vosgesinfo.fr\/epinalinfo\/#\/schema\/logo\/image\/\"},\"sameAs\":[\"https:\/\/www.facebook.com\/Epinalinfos\",\"https:\/\/x.com\/VosgesInfo88\",\"https:\/\/www.youtube.com\/@vosgesinfo\"]},{\"@type\":\"Person\",\"@id\":\"https:\/\/vosgesinfo.fr\/epinalinfo\/#\/schema\/person\/6f9a650eeea99d969b6c4ab78fccbe81\",\"name\":\"C.K.\",\"image\":{\"@type\":\"ImageObject\",\"inLanguage\":\"fr-FR\",\"@id\":\"https:\/\/vosgesinfo.fr\/epinalinfo\/#\/schema\/person\/image\/\",\"url\":\"https:\/\/secure.gravatar.com\/avatar\/48e3fc7f8421ba8942be6b74a2b7f014ca39bc00dece156b7a8e098ae7dc87bf?s=96&d=mm&r=g\",\"contentUrl\":\"https:\/\/secure.gravatar.com\/avatar\/48e3fc7f8421ba8942be6b74a2b7f014ca39bc00dece156b7a8e098ae7dc87bf?s=96&d=mm&r=g\",\"caption\":\"C.K.\"},\"url\":\"https:\/\/vosgesinfo.fr\/epinalinfo\/author\/celia-k-n\/\"}]}<\/script>\n<!-- \/ Yoast SEO plugin. -->","yoast_head_json":{"title":"Epinal : La FDSEA tire la sonnette d\u2019alarme - Epinal Info","robots":{"index":"index","follow":"follow","max-snippet":"max-snippet:-1","max-image-preview":"max-image-preview:large","max-video-preview":"max-video-preview:-1"},"canonical":"https:\/\/vosgesinfo.fr\/epinalinfo\/?p=138042","twitter_card":"summary_large_image","twitter_title":"Epinal : La FDSEA tire la sonnette d\u2019alarme - Epinal Info","twitter_description":"R\u00e9unis mardi au centre des congr\u00e8s d\u2019\u00c9pinal, les membres de la F\u00e9d\u00e9ration d\u00e9partementale des syndicats d\u2019exploitants agricoles (FDSEA) ont dress\u00e9 [&hellip;]","twitter_image":"https:\/\/vosgesinfo.fr\/app\/uploads\/sites\/3\/2025\/12\/595304417-1297858099050998-4964537267360149363-n.jpg","twitter_creator":"@VosgesInfo88","twitter_site":"@VosgesInfo88","twitter_misc":{"\u00c9crit par":"C.K.","Dur\u00e9e de lecture estim\u00e9e":"2 minutes"},"schema":{"@context":"https:\/\/schema.org","@graph":[{"@type":"Article","@id":"https:\/\/vosgesinfo.fr\/epinalinfo\/?p=138042#article","isPartOf":{"@id":"https:\/\/vosgesinfo.fr\/epinalinfo\/?p=138042"},"author":{"name":"C.K.","@id":"https:\/\/vosgesinfo.fr\/epinalinfo\/#\/schema\/person\/6f9a650eeea99d969b6c4ab78fccbe81"},"headline":"Epinal : La FDSEA tire la sonnette d\u2019alarme","datePublished":"2025-12-10T15:36:30+00:00","dateModified":"2025-12-10T15:36:30+00:00","mainEntityOfPage":{"@id":"https:\/\/vosgesinfo.fr\/epinalinfo\/?p=138042"},"wordCount":340,"commentCount":0,"publisher":{"@id":"https:\/\/vosgesinfo.fr\/epinalinfo\/#organization"},"image":{"@id":"https:\/\/vosgesinfo.fr\/epinalinfo\/?p=138042#primaryimage"},"thumbnailUrl":"https:\/\/vosgesinfo.fr\/app\/uploads\/sites\/3\/2016\/08\/vaches.jpg","articleSection":["A la Une","Agriculture","Epinal","Soci\u00e9t\u00e9"],"inLanguage":"fr-FR","potentialAction":[{"@type":"CommentAction","name":"Comment","target":["https:\/\/vosgesinfo.fr\/epinalinfo\/?p=138042#respond"]}]},{"@type":"WebPage","@id":"https:\/\/vosgesinfo.fr\/epinalinfo\/?p=138042","url":"https:\/\/vosgesinfo.fr\/epinalinfo\/?p=138042","name":"Epinal : La FDSEA tire la sonnette d\u2019alarme - Epinal Info","isPartOf":{"@id":"https:\/\/vosgesinfo.fr\/epinalinfo\/#website"},"primaryImageOfPage":{"@id":"https:\/\/vosgesinfo.fr\/epinalinfo\/?p=138042#primaryimage"},"image":{"@id":"https:\/\/vosgesinfo.fr\/epinalinfo\/?p=138042#primaryimage"},"thumbnailUrl":"https:\/\/vosgesinfo.fr\/app\/uploads\/sites\/3\/2016\/08\/vaches.jpg","datePublished":"2025-12-10T15:36:30+00:00","dateModified":"2025-12-10T15:36:30+00:00","breadcrumb":{"@id":"https:\/\/vosgesinfo.fr\/epinalinfo\/?p=138042#breadcrumb"},"inLanguage":"fr-FR","potentialAction":[{"@type":"ReadAction","target":["https:\/\/vosgesinfo.fr\/epinalinfo\/?p=138042"]}]},{"@type":"ImageObject","inLanguage":"fr-FR","@id":"https:\/\/vosgesinfo.fr\/epinalinfo\/?p=138042#primaryimage","url":"https:\/\/vosgesinfo.fr\/app\/uploads\/sites\/3\/2016\/08\/vaches.jpg","contentUrl":"https:\/\/vosgesinfo.fr\/app\/uploads\/sites\/3\/2016\/08\/vaches.jpg","width":800,"height":533},{"@type":"BreadcrumbList","@id":"https:\/\/vosgesinfo.fr\/epinalinfo\/?p=138042#breadcrumb","itemListElement":[{"@type":"ListItem","position":1,"name":"Home","item":"https:\/\/vosgesinfo.fr\/epinalinfo\/"},{"@type":"ListItem","position":2,"name":"Epinal : La FDSEA tire la sonnette d\u2019alarme"}]},{"@type":"WebSite","@id":"https:\/\/vosgesinfo.fr\/epinalinfo\/#website","url":"https:\/\/vosgesinfo.fr\/epinalinfo\/","name":"Epinal Info","description":"Toute l&#039;actualit\u00e9 d&#039;\u00c9pinal","publisher":{"@id":"https:\/\/vosgesinfo.fr\/epinalinfo\/#organization"},"alternateName":"Toute l'actualit\u00e9 d'\u00c9pinal","potentialAction":[{"@type":"SearchAction","target":{"@type":"EntryPoint","urlTemplate":"https:\/\/vosgesinfo.fr\/epinalinfo\/?s={search_term_string}"},"query-input":"required name=search_term_string"}],"inLanguage":"fr-FR"},{"@type":"Organization","@id":"https:\/\/vosgesinfo.fr\/epinalinfo\/#organization","name":"Epinal Info","url":"https:\/\/vosgesinfo.fr\/epinalinfo\/","logo":{"@type":"ImageObject","inLanguage":"fr-FR","@id":"https:\/\/vosgesinfo.fr\/epinalinfo\/#\/schema\/logo\/image\/","url":"https:\/\/vosgesinfo.fr\/app\/uploads\/sites\/3\/2023\/08\/logo-epinalinfos.svg","contentUrl":"https:\/\/vosgesinfo.fr\/app\/uploads\/sites\/3\/2023\/08\/logo-epinalinfos.svg","width":1,"height":1,"caption":"Epinal Info"},"image":{"@id":"https:\/\/vosgesinfo.fr\/epinalinfo\/#\/schema\/logo\/image\/"},"sameAs":["https:\/\/www.facebook.com\/Epinalinfos","https:\/\/x.com\/VosgesInfo88","https:\/\/www.youtube.com\/@vosgesinfo"]},{"@type":"Person","@id":"https:\/\/vosgesinfo.fr\/epinalinfo\/#\/schema\/person\/6f9a650eeea99d969b6c4ab78fccbe81","name":"C.K.","image":{"@type":"ImageObject","inLanguage":"fr-FR","@id":"https:\/\/vosgesinfo.fr\/epinalinfo\/#\/schema\/person\/image\/","url":"https:\/\/secure.gravatar.com\/avatar\/48e3fc7f8421ba8942be6b74a2b7f014ca39bc00dece156b7a8e098ae7dc87bf?s=96&d=mm&r=g","contentUrl":"https:\/\/secure.gravatar.com\/avatar\/48e3fc7f8421ba8942be6b74a2b7f014ca39bc00dece156b7a8e098ae7dc87bf?s=96&d=mm&r=g","caption":"C.K."},"url":"https:\/\/vosgesinfo.fr\/epinalinfo\/author\/celia-k-n\/"}]}},"_links":{"self":[{"href":"https:\/\/vosgesinfo.fr\/epinalinfo\/wp-json\/wp\/v2\/posts\/138042","targetHints":{"allow":["GET"]}}],"collection":[{"href":"https:\/\/vosgesinfo.fr\/epinalinfo\/wp-json\/wp\/v2\/posts"}],"about":[{"href":"https:\/\/vosgesinfo.fr\/epinalinfo\/wp-json\/wp\/v2\/types\/post"}],"author":[{"embeddable":true,"href":"https:\/\/vosgesinfo.fr\/epinalinfo\/wp-json\/wp\/v2\/users\/52"}],"replies":[{"embeddable":true,"href":"https:\/\/vosgesinfo.fr\/epinalinfo\/wp-json\/wp\/v2\/comments?post=138042"}],"version-history":[{"count":2,"href":"https:\/\/vosgesinfo.fr\/epinalinfo\/wp-json\/wp\/v2\/posts\/138042\/revisions"}],"predecessor-version":[{"id":138057,"href":"https:\/\/vosgesinfo.fr\/epinalinfo\/wp-json\/wp\/v2\/posts\/138042\/revisions\/138057"}],"wp:featuredmedia":[{"embeddable":true,"href":"https:\/\/vosgesinfo.fr\/epinalinfo\/wp-json\/wp\/v2\/media\/32440"}],"wp:attachment":[{"href":"https:\/\/vosgesinfo.fr\/epinalinfo\/wp-json\/wp\/v2\/media?parent=138042"}],"wp:term":[{"taxonomy":"category","embeddable":true,"href":"https:\/\/vosgesinfo.fr\/epinalinfo\/wp-json\/wp\/v2\/categories?post=138042"},{"taxonomy":"post_tag","embeddable":true,"href":"https:\/\/vosgesinfo.fr\/epinalinfo\/wp-json\/wp\/v2\/tags?post=138042"}],"curies":[{"name":"wp","href":"https:\/\/api.w.org\/{rel}","templated":true}]}}