{"id":138045,"date":"2025-12-10T09:43:30","date_gmt":"2025-12-10T08:43:30","guid":{"rendered":"https:\/\/vosgesinfo.fr\/epinalinfo\/?p=138045"},"modified":"2025-12-10T09:43:30","modified_gmt":"2025-12-10T08:43:30","slug":"le-departement-des-vosges-lance-ses-assises-de-linsertion-et-devoile-sa-nouvelle-strategie","status":"publish","type":"post","link":"https:\/\/vosgesinfo.fr\/epinalinfo\/2025\/12\/le-departement-des-vosges-lance-ses-assises-de-linsertion-et-devoile-sa-nouvelle-strategie\/","title":{"rendered":"Le D\u00e9partement des Vosges lance ses Assises de l\u2019insertion et d\u00e9voile sa nouvelle strat\u00e9gie"},"content":{"rendered":"<div id=\"attachment_138046\" style=\"width: 1034px\" class=\"wp-caption aligncenter\"><a href=\"https:\/\/vosgesinfo.fr\/app\/uploads\/sites\/3\/2025\/12\/insertion9-1536x864-1.jpg\"><img decoding=\"async\" aria-describedby=\"caption-attachment-138046\" class=\"size-large wp-image-138046\" src=\"https:\/\/vosgesinfo.fr\/app\/uploads\/sites\/3\/2025\/12\/insertion9-1536x864-1-1024x576.jpg\" alt=\"\" width=\"1024\" height=\"576\" srcset=\"https:\/\/vosgesinfo.fr\/app\/uploads\/sites\/3\/2025\/12\/insertion9-1536x864-1-1024x576.jpg 1024w, https:\/\/vosgesinfo.fr\/app\/uploads\/sites\/3\/2025\/12\/insertion9-1536x864-1-300x169.jpg 300w, https:\/\/vosgesinfo.fr\/app\/uploads\/sites\/3\/2025\/12\/insertion9-1536x864-1-768x432.jpg 768w, https:\/\/vosgesinfo.fr\/app\/uploads\/sites\/3\/2025\/12\/insertion9-1536x864-1.jpg 1536w\" sizes=\"(max-width: 1024px) 100vw, 1024px\" \/><\/a><p id=\"caption-attachment-138046\" class=\"wp-caption-text\">photo Vosges Mag<\/p><\/div>\n<h2 data-start=\"204\" data-end=\"540\"><strong>Ce mardi 9 d\u00e9cembre 2025, le Conseil d\u00e9partemental des Vosges a rassembl\u00e9 l\u2019ensemble de ses partenaires au si\u00e8ge de la collectivit\u00e9 pour une journ\u00e9e consacr\u00e9e \u00e0 l\u2019avenir de l\u2019insertion. L\u2019objectif : pr\u00e9senter les fondements de sa nouvelle politique d\u00e9partementale et engager une dynamique commune autour de la mesure de l\u2019impact social.<\/strong><\/h2>\n<h3 data-start=\"542\" data-end=\"609\"><strong data-start=\"546\" data-end=\"609\">Un rendez-vous inscrit dans une \u00e9volution nationale majeure<\/strong><\/h3>\n<p data-start=\"611\" data-end=\"1085\">Organis\u00e9es dans le contexte de la loi \u00ab Plein emploi \u00bb, entr\u00e9e en vigueur apr\u00e8s son adoption du 18 d\u00e9cembre 2023, et de la g\u00e9n\u00e9ralisation de France Travail, ces Assises marquent une \u00e9tape importante dans l\u2019adaptation locale des politiques d\u2019accompagnement vers l\u2019emploi. Elles ont permis de d\u00e9voiler les trois piliers de la refonte d\u00e9partementale : une orientation plus rapide et individualis\u00e9e, un accompagnement renforc\u00e9 et une offre d\u2019insertion plus lisible et coh\u00e9rente.<\/p>\n<p data-start=\"1087\" data-end=\"1312\">Plus de 200 acteurs \u00e9taient pr\u00e9sents : services de l\u2019\u00c9tat, France Travail, organismes de protection sociale, associations, structures d\u2019insertion, centres communaux d\u2019action sociale, missions locales et agents d\u00e9partementaux.<\/p>\n<h3 data-start=\"1314\" data-end=\"1371\"><strong data-start=\"1318\" data-end=\"1371\">Une journ\u00e9e de r\u00e9flexion collective et d\u2019\u00e9changes<\/strong><\/h3>\n<p data-start=\"1373\" data-end=\"1654\">La rencontre a d\u00e9but\u00e9 par les interventions de Fran\u00e7ois Vannson, pr\u00e9sident du D\u00e9partement, et de Carole Thi\u00e9baut, vice-pr\u00e9sidente en charge de l\u2019insertion. Ils ont rappel\u00e9 l\u2019importance d\u2019une politique d\u2019insertion modernis\u00e9e, capable de r\u00e9pondre aux r\u00e9alit\u00e9s sociales du territoire.<\/p>\n<p data-start=\"1656\" data-end=\"1859\">Une pr\u00e9sentation de la Plateforme de l\u2019inclusion a ensuite illustr\u00e9 les outils nationaux mis \u00e0 disposition des professionnels pour fluidifier les parcours et renforcer la coordination entre intervenants.<\/p>\n<p data-start=\"1861\" data-end=\"2213\">La suite de la journ\u00e9e a \u00e9t\u00e9 rythm\u00e9e par une conf\u00e9rence d\u00e9di\u00e9e \u00e0 la mesure de l\u2019impact social, puis par plusieurs ateliers collaboratifs destin\u00e9s \u00e0 nourrir une r\u00e9flexion commune. Ces Assises constituent le point de d\u00e9part d\u2019un travail de long terme destin\u00e9 \u00e0 consolider les pratiques et \u00e0 faire \u00e9voluer durablement les dispositifs d\u2019insertion vosgiens.<\/p>\n<h3 data-start=\"2220\" data-end=\"2285\"><strong data-start=\"2223\" data-end=\"2285\">L\u2019insertion dans les Vosges : un portrait social contrast\u00e9<\/strong><\/h3>\n<p data-start=\"2287\" data-end=\"2582\">Le d\u00e9partement compte environ <strong data-start=\"2317\" data-end=\"2347\">10 500 allocataires du RSA<\/strong>, parmi lesquels les femmes repr\u00e9sentent 53,8 %. Les 31\u201355 ans constituent pr\u00e8s des deux tiers du public concern\u00e9. Les foyers monoparentaux et les personnes seules sont surrepr\u00e9sent\u00e9s, t\u00e9moignant de situations de pr\u00e9carit\u00e9 importantes.<\/p>\n<p data-start=\"2584\" data-end=\"2633\">Le Conseil d\u00e9partemental s\u2019appuie pour cela sur :<\/p>\n<ul data-start=\"2634\" data-end=\"2910\">\n<li data-start=\"2634\" data-end=\"2759\">\n<p data-start=\"2636\" data-end=\"2759\">un r\u00e9seau de <strong data-start=\"2649\" data-end=\"2708\">10 Maisons de la Solidarit\u00e9 et de la Vie Sociale (MSVS)<\/strong>, relais de proximit\u00e9 pour l\u2019accompagnement social,<\/p>\n<\/li>\n<li data-start=\"2760\" data-end=\"2834\">\n<p data-start=\"2762\" data-end=\"2834\">un ensemble de partenaires qui assurent la fonction de <strong data-start=\"2817\" data-end=\"2833\">r\u00e9f\u00e9rent RSA<\/strong>,<\/p>\n<\/li>\n<li data-start=\"2835\" data-end=\"2910\">\n<p data-start=\"2837\" data-end=\"2910\">des coachs en insertion socioprofessionnelle mobilis\u00e9s dans les parcours.<\/p>\n<\/li>\n<\/ul>\n<h3 data-start=\"2917\" data-end=\"2986\"><strong data-start=\"2920\" data-end=\"2986\">Une politique d\u2019insertion r\u00e9invent\u00e9e autour de trois priorit\u00e9s<\/strong><\/h3>\n<h3 data-start=\"2988\" data-end=\"3038\"><strong data-start=\"2992\" data-end=\"3038\">1. Une orientation imm\u00e9diate et sur mesure<\/strong><\/h3>\n<p data-start=\"3040\" data-end=\"3316\">D\u00e8s l\u2019ouverture des droits, une \u00e9quipe sp\u00e9cialis\u00e9e r\u00e9alise un diagnostic approfondi visant \u00e0 d\u00e9terminer rapidement le parcours le plus adapt\u00e9 au b\u00e9n\u00e9ficiaire. L\u2019objectif est de r\u00e9duire les d\u00e9lais, d\u2019\u00e9viter les ruptures et de proposer un accompagnement r\u00e9ellement personnalis\u00e9.<\/p>\n<h3 data-start=\"3318\" data-end=\"3358\"><strong data-start=\"3322\" data-end=\"3358\">2. Un suivi intensif de six mois<\/strong><\/h3>\n<p data-start=\"3360\" data-end=\"3665\">Les nouveaux allocataires b\u00e9n\u00e9ficient d\u2019un accompagnement renforc\u00e9 assur\u00e9 \u00e0 la fois par les r\u00e9f\u00e9rents ext\u00e9rieurs et les coachs d\u00e9partementaux \u00ab Pr\u00eat \u00e0 bosser \u00bb. Ce dispositif, pens\u00e9 pour mobiliser rapidement les comp\u00e9tences des personnes, doit favoriser un retour \u00e0 l\u2019emploi ou vers une autonomie durable.<\/p>\n<h3 data-start=\"3667\" data-end=\"3728\"><strong data-start=\"3671\" data-end=\"3728\">3. Une offre d\u2019insertion simplifi\u00e9e et plus coh\u00e9rente<\/strong><\/h3>\n<p data-start=\"3730\" data-end=\"4006\">Le D\u00e9partement souhaite d\u00e9cloisonner les actions d\u2019insertion en int\u00e9grant l\u2019ensemble des dimensions qui peuvent freiner l\u2019acc\u00e8s \u00e0 l\u2019emploi : logement, sant\u00e9, mobilit\u00e9, garde d\u2019enfants\u2026 Cette approche globale vise \u00e0 \u00e9viter les redondances et \u00e0 rendre les parcours plus fluides.<\/p>\n<p data-start=\"4008\" data-end=\"4190\">Les <strong data-start=\"4012\" data-end=\"4037\">appels \u00e0 projets 2026<\/strong> seront structurants : ils devront r\u00e9pondre aux nouveaux objectifs fix\u00e9s par la collectivit\u00e9 et pr\u00e9ciser les crit\u00e8res d\u2019\u00e9valuation des actions propos\u00e9es.<\/p>\n<p data-start=\"4192\" data-end=\"4451\">La d\u00e9marche int\u00e8gre d\u00e9sormais pleinement la <strong data-start=\"4236\" data-end=\"4265\">mesure de l\u2019impact social<\/strong>, con\u00e7ue comme un outil d\u2019aide \u00e0 la d\u00e9cision mais aussi comme un moyen de mieux appr\u00e9cier les effets r\u00e9els des politiques publiques sur les personnes accompagn\u00e9es et sur les territoires.<\/p>\n","protected":false},"excerpt":{"rendered":"<p>Ce mardi 9 d\u00e9cembre 2025, le Conseil d\u00e9partemental des Vosges a rassembl\u00e9 l\u2019ensemble de ses partenaires au si\u00e8ge de la [&hellip;]<\/p>\n","protected":false},"author":52,"featured_media":138046,"comment_status":"open","ping_status":"open","sticky":false,"template":"","format":"standard","meta":{"footnotes":""},"categories":[22,24,5],"tags":[17178,448],"class_list":["post-138045","post","type-post","status-publish","format-standard","has-post-thumbnail","hentry","category-a-la-une","category-epinal","category-vosges","tag-assises-de-linsertion","tag-departement-des-vosges"],"acf":[],"yoast_head":"<!-- This site is optimized with the Yoast SEO plugin v22.5 - https:\/\/yoast.com\/wordpress\/plugins\/seo\/ -->\n<title>Le D\u00e9partement des Vosges lance ses Assises de l\u2019insertion et d\u00e9voile sa nouvelle strat\u00e9gie - Epinal Info<\/title>\n<meta name=\"robots\" content=\"index, follow, max-snippet:-1, max-image-preview:large, max-video-preview:-1\" \/>\n<link rel=\"canonical\" href=\"https:\/\/vosgesinfo.fr\/epinalinfo\/?p=138045\" \/>\n<meta name=\"twitter:card\" content=\"summary_large_image\" \/>\n<meta name=\"twitter:title\" content=\"Le D\u00e9partement des Vosges lance ses Assises de l\u2019insertion et d\u00e9voile sa nouvelle strat\u00e9gie - Epinal Info\" \/>\n<meta name=\"twitter:description\" content=\"Ce mardi 9 d\u00e9cembre 2025, le Conseil d\u00e9partemental des Vosges a rassembl\u00e9 l\u2019ensemble de ses partenaires au si\u00e8ge de la [&hellip;]\" \/>\n<meta name=\"twitter:creator\" content=\"@VosgesInfo88\" \/>\n<meta name=\"twitter:site\" content=\"@VosgesInfo88\" \/>\n<meta name=\"twitter:label1\" content=\"\u00c9crit par\" \/>\n\t<meta name=\"twitter:data1\" content=\"C.K.\" \/>\n\t<meta name=\"twitter:label2\" content=\"Dur\u00e9e de lecture estim\u00e9e\" \/>\n\t<meta name=\"twitter:data2\" content=\"4 minutes\" \/>\n<script type=\"application\/ld+json\" class=\"yoast-schema-graph\">{\"@context\":\"https:\/\/schema.org\",\"@graph\":[{\"@type\":\"Article\",\"@id\":\"https:\/\/vosgesinfo.fr\/epinalinfo\/?p=138045#article\",\"isPartOf\":{\"@id\":\"https:\/\/vosgesinfo.fr\/epinalinfo\/?p=138045\"},\"author\":{\"name\":\"C.K.\",\"@id\":\"https:\/\/vosgesinfo.fr\/epinalinfo\/#\/schema\/person\/6f9a650eeea99d969b6c4ab78fccbe81\"},\"headline\":\"Le D\u00e9partement des Vosges lance ses Assises de l\u2019insertion et d\u00e9voile sa nouvelle strat\u00e9gie\",\"datePublished\":\"2025-12-10T08:43:30+00:00\",\"dateModified\":\"2025-12-10T08:43:30+00:00\",\"mainEntityOfPage\":{\"@id\":\"https:\/\/vosgesinfo.fr\/epinalinfo\/?p=138045\"},\"wordCount\":723,\"commentCount\":0,\"publisher\":{\"@id\":\"https:\/\/vosgesinfo.fr\/epinalinfo\/#organization\"},\"image\":{\"@id\":\"https:\/\/vosgesinfo.fr\/epinalinfo\/?p=138045#primaryimage\"},\"thumbnailUrl\":\"https:\/\/vosgesinfo.fr\/app\/uploads\/sites\/3\/2025\/12\/insertion9-1536x864-1.jpg\",\"keywords\":[\"Assises de l\u2019insertion\",\"d\u00e9partement des Vosges\"],\"articleSection\":[\"A la Une\",\"Epinal\",\"Vosges\"],\"inLanguage\":\"fr-FR\",\"potentialAction\":[{\"@type\":\"CommentAction\",\"name\":\"Comment\",\"target\":[\"https:\/\/vosgesinfo.fr\/epinalinfo\/?p=138045#respond\"]}]},{\"@type\":\"WebPage\",\"@id\":\"https:\/\/vosgesinfo.fr\/epinalinfo\/?p=138045\",\"url\":\"https:\/\/vosgesinfo.fr\/epinalinfo\/?p=138045\",\"name\":\"Le D\u00e9partement des Vosges lance ses Assises de l\u2019insertion et d\u00e9voile sa nouvelle strat\u00e9gie - Epinal Info\",\"isPartOf\":{\"@id\":\"https:\/\/vosgesinfo.fr\/epinalinfo\/#website\"},\"primaryImageOfPage\":{\"@id\":\"https:\/\/vosgesinfo.fr\/epinalinfo\/?p=138045#primaryimage\"},\"image\":{\"@id\":\"https:\/\/vosgesinfo.fr\/epinalinfo\/?p=138045#primaryimage\"},\"thumbnailUrl\":\"https:\/\/vosgesinfo.fr\/app\/uploads\/sites\/3\/2025\/12\/insertion9-1536x864-1.jpg\",\"datePublished\":\"2025-12-10T08:43:30+00:00\",\"dateModified\":\"2025-12-10T08:43:30+00:00\",\"breadcrumb\":{\"@id\":\"https:\/\/vosgesinfo.fr\/epinalinfo\/?p=138045#breadcrumb\"},\"inLanguage\":\"fr-FR\",\"potentialAction\":[{\"@type\":\"ReadAction\",\"target\":[\"https:\/\/vosgesinfo.fr\/epinalinfo\/?p=138045\"]}]},{\"@type\":\"ImageObject\",\"inLanguage\":\"fr-FR\",\"@id\":\"https:\/\/vosgesinfo.fr\/epinalinfo\/?p=138045#primaryimage\",\"url\":\"https:\/\/vosgesinfo.fr\/app\/uploads\/sites\/3\/2025\/12\/insertion9-1536x864-1.jpg\",\"contentUrl\":\"https:\/\/vosgesinfo.fr\/app\/uploads\/sites\/3\/2025\/12\/insertion9-1536x864-1.jpg\",\"width\":1536,\"height\":864,\"caption\":\"photo Vosges Mag\"},{\"@type\":\"BreadcrumbList\",\"@id\":\"https:\/\/vosgesinfo.fr\/epinalinfo\/?p=138045#breadcrumb\",\"itemListElement\":[{\"@type\":\"ListItem\",\"position\":1,\"name\":\"Home\",\"item\":\"https:\/\/vosgesinfo.fr\/epinalinfo\/\"},{\"@type\":\"ListItem\",\"position\":2,\"name\":\"Le D\u00e9partement des Vosges lance ses Assises de l\u2019insertion et d\u00e9voile sa nouvelle strat\u00e9gie\"}]},{\"@type\":\"WebSite\",\"@id\":\"https:\/\/vosgesinfo.fr\/epinalinfo\/#website\",\"url\":\"https:\/\/vosgesinfo.fr\/epinalinfo\/\",\"name\":\"Epinal Info\",\"description\":\"Toute l&#039;actualit\u00e9 d&#039;\u00c9pinal\",\"publisher\":{\"@id\":\"https:\/\/vosgesinfo.fr\/epinalinfo\/#organization\"},\"alternateName\":\"Toute l'actualit\u00e9 d'\u00c9pinal\",\"potentialAction\":[{\"@type\":\"SearchAction\",\"target\":{\"@type\":\"EntryPoint\",\"urlTemplate\":\"https:\/\/vosgesinfo.fr\/epinalinfo\/?s={search_term_string}\"},\"query-input\":\"required name=search_term_string\"}],\"inLanguage\":\"fr-FR\"},{\"@type\":\"Organization\",\"@id\":\"https:\/\/vosgesinfo.fr\/epinalinfo\/#organization\",\"name\":\"Epinal Info\",\"url\":\"https:\/\/vosgesinfo.fr\/epinalinfo\/\",\"logo\":{\"@type\":\"ImageObject\",\"inLanguage\":\"fr-FR\",\"@id\":\"https:\/\/vosgesinfo.fr\/epinalinfo\/#\/schema\/logo\/image\/\",\"url\":\"https:\/\/vosgesinfo.fr\/app\/uploads\/sites\/3\/2023\/08\/logo-epinalinfos.svg\",\"contentUrl\":\"https:\/\/vosgesinfo.fr\/app\/uploads\/sites\/3\/2023\/08\/logo-epinalinfos.svg\",\"width\":1,\"height\":1,\"caption\":\"Epinal Info\"},\"image\":{\"@id\":\"https:\/\/vosgesinfo.fr\/epinalinfo\/#\/schema\/logo\/image\/\"},\"sameAs\":[\"https:\/\/www.facebook.com\/Epinalinfos\",\"https:\/\/x.com\/VosgesInfo88\",\"https:\/\/www.youtube.com\/@vosgesinfo\"]},{\"@type\":\"Person\",\"@id\":\"https:\/\/vosgesinfo.fr\/epinalinfo\/#\/schema\/person\/6f9a650eeea99d969b6c4ab78fccbe81\",\"name\":\"C.K.\",\"image\":{\"@type\":\"ImageObject\",\"inLanguage\":\"fr-FR\",\"@id\":\"https:\/\/vosgesinfo.fr\/epinalinfo\/#\/schema\/person\/image\/\",\"url\":\"https:\/\/secure.gravatar.com\/avatar\/48e3fc7f8421ba8942be6b74a2b7f014ca39bc00dece156b7a8e098ae7dc87bf?s=96&d=mm&r=g\",\"contentUrl\":\"https:\/\/secure.gravatar.com\/avatar\/48e3fc7f8421ba8942be6b74a2b7f014ca39bc00dece156b7a8e098ae7dc87bf?s=96&d=mm&r=g\",\"caption\":\"C.K.\"},\"url\":\"https:\/\/vosgesinfo.fr\/epinalinfo\/author\/celia-k-n\/\"}]}<\/script>\n<!-- \/ Yoast SEO plugin. -->","yoast_head_json":{"title":"Le D\u00e9partement des Vosges lance ses Assises de l\u2019insertion et d\u00e9voile sa nouvelle strat\u00e9gie - Epinal Info","robots":{"index":"index","follow":"follow","max-snippet":"max-snippet:-1","max-image-preview":"max-image-preview:large","max-video-preview":"max-video-preview:-1"},"canonical":"https:\/\/vosgesinfo.fr\/epinalinfo\/?p=138045","twitter_card":"summary_large_image","twitter_title":"Le D\u00e9partement des Vosges lance ses Assises de l\u2019insertion et d\u00e9voile sa nouvelle strat\u00e9gie - Epinal Info","twitter_description":"Ce mardi 9 d\u00e9cembre 2025, le Conseil d\u00e9partemental des Vosges a rassembl\u00e9 l\u2019ensemble de ses partenaires au si\u00e8ge de la [&hellip;]","twitter_creator":"@VosgesInfo88","twitter_site":"@VosgesInfo88","twitter_misc":{"\u00c9crit par":"C.K.","Dur\u00e9e de lecture estim\u00e9e":"4 minutes"},"schema":{"@context":"https:\/\/schema.org","@graph":[{"@type":"Article","@id":"https:\/\/vosgesinfo.fr\/epinalinfo\/?p=138045#article","isPartOf":{"@id":"https:\/\/vosgesinfo.fr\/epinalinfo\/?p=138045"},"author":{"name":"C.K.","@id":"https:\/\/vosgesinfo.fr\/epinalinfo\/#\/schema\/person\/6f9a650eeea99d969b6c4ab78fccbe81"},"headline":"Le D\u00e9partement des Vosges lance ses Assises de l\u2019insertion et d\u00e9voile sa nouvelle strat\u00e9gie","datePublished":"2025-12-10T08:43:30+00:00","dateModified":"2025-12-10T08:43:30+00:00","mainEntityOfPage":{"@id":"https:\/\/vosgesinfo.fr\/epinalinfo\/?p=138045"},"wordCount":723,"commentCount":0,"publisher":{"@id":"https:\/\/vosgesinfo.fr\/epinalinfo\/#organization"},"image":{"@id":"https:\/\/vosgesinfo.fr\/epinalinfo\/?p=138045#primaryimage"},"thumbnailUrl":"https:\/\/vosgesinfo.fr\/app\/uploads\/sites\/3\/2025\/12\/insertion9-1536x864-1.jpg","keywords":["Assises de l\u2019insertion","d\u00e9partement des Vosges"],"articleSection":["A la Une","Epinal","Vosges"],"inLanguage":"fr-FR","potentialAction":[{"@type":"CommentAction","name":"Comment","target":["https:\/\/vosgesinfo.fr\/epinalinfo\/?p=138045#respond"]}]},{"@type":"WebPage","@id":"https:\/\/vosgesinfo.fr\/epinalinfo\/?p=138045","url":"https:\/\/vosgesinfo.fr\/epinalinfo\/?p=138045","name":"Le D\u00e9partement des Vosges lance ses Assises de l\u2019insertion et d\u00e9voile sa nouvelle strat\u00e9gie - Epinal Info","isPartOf":{"@id":"https:\/\/vosgesinfo.fr\/epinalinfo\/#website"},"primaryImageOfPage":{"@id":"https:\/\/vosgesinfo.fr\/epinalinfo\/?p=138045#primaryimage"},"image":{"@id":"https:\/\/vosgesinfo.fr\/epinalinfo\/?p=138045#primaryimage"},"thumbnailUrl":"https:\/\/vosgesinfo.fr\/app\/uploads\/sites\/3\/2025\/12\/insertion9-1536x864-1.jpg","datePublished":"2025-12-10T08:43:30+00:00","dateModified":"2025-12-10T08:43:30+00:00","breadcrumb":{"@id":"https:\/\/vosgesinfo.fr\/epinalinfo\/?p=138045#breadcrumb"},"inLanguage":"fr-FR","potentialAction":[{"@type":"ReadAction","target":["https:\/\/vosgesinfo.fr\/epinalinfo\/?p=138045"]}]},{"@type":"ImageObject","inLanguage":"fr-FR","@id":"https:\/\/vosgesinfo.fr\/epinalinfo\/?p=138045#primaryimage","url":"https:\/\/vosgesinfo.fr\/app\/uploads\/sites\/3\/2025\/12\/insertion9-1536x864-1.jpg","contentUrl":"https:\/\/vosgesinfo.fr\/app\/uploads\/sites\/3\/2025\/12\/insertion9-1536x864-1.jpg","width":1536,"height":864,"caption":"photo Vosges Mag"},{"@type":"BreadcrumbList","@id":"https:\/\/vosgesinfo.fr\/epinalinfo\/?p=138045#breadcrumb","itemListElement":[{"@type":"ListItem","position":1,"name":"Home","item":"https:\/\/vosgesinfo.fr\/epinalinfo\/"},{"@type":"ListItem","position":2,"name":"Le D\u00e9partement des Vosges lance ses Assises de l\u2019insertion et d\u00e9voile sa nouvelle strat\u00e9gie"}]},{"@type":"WebSite","@id":"https:\/\/vosgesinfo.fr\/epinalinfo\/#website","url":"https:\/\/vosgesinfo.fr\/epinalinfo\/","name":"Epinal Info","description":"Toute l&#039;actualit\u00e9 d&#039;\u00c9pinal","publisher":{"@id":"https:\/\/vosgesinfo.fr\/epinalinfo\/#organization"},"alternateName":"Toute l'actualit\u00e9 d'\u00c9pinal","potentialAction":[{"@type":"SearchAction","target":{"@type":"EntryPoint","urlTemplate":"https:\/\/vosgesinfo.fr\/epinalinfo\/?s={search_term_string}"},"query-input":"required name=search_term_string"}],"inLanguage":"fr-FR"},{"@type":"Organization","@id":"https:\/\/vosgesinfo.fr\/epinalinfo\/#organization","name":"Epinal Info","url":"https:\/\/vosgesinfo.fr\/epinalinfo\/","logo":{"@type":"ImageObject","inLanguage":"fr-FR","@id":"https:\/\/vosgesinfo.fr\/epinalinfo\/#\/schema\/logo\/image\/","url":"https:\/\/vosgesinfo.fr\/app\/uploads\/sites\/3\/2023\/08\/logo-epinalinfos.svg","contentUrl":"https:\/\/vosgesinfo.fr\/app\/uploads\/sites\/3\/2023\/08\/logo-epinalinfos.svg","width":1,"height":1,"caption":"Epinal Info"},"image":{"@id":"https:\/\/vosgesinfo.fr\/epinalinfo\/#\/schema\/logo\/image\/"},"sameAs":["https:\/\/www.facebook.com\/Epinalinfos","https:\/\/x.com\/VosgesInfo88","https:\/\/www.youtube.com\/@vosgesinfo"]},{"@type":"Person","@id":"https:\/\/vosgesinfo.fr\/epinalinfo\/#\/schema\/person\/6f9a650eeea99d969b6c4ab78fccbe81","name":"C.K.","image":{"@type":"ImageObject","inLanguage":"fr-FR","@id":"https:\/\/vosgesinfo.fr\/epinalinfo\/#\/schema\/person\/image\/","url":"https:\/\/secure.gravatar.com\/avatar\/48e3fc7f8421ba8942be6b74a2b7f014ca39bc00dece156b7a8e098ae7dc87bf?s=96&d=mm&r=g","contentUrl":"https:\/\/secure.gravatar.com\/avatar\/48e3fc7f8421ba8942be6b74a2b7f014ca39bc00dece156b7a8e098ae7dc87bf?s=96&d=mm&r=g","caption":"C.K."},"url":"https:\/\/vosgesinfo.fr\/epinalinfo\/author\/celia-k-n\/"}]}},"_links":{"self":[{"href":"https:\/\/vosgesinfo.fr\/epinalinfo\/wp-json\/wp\/v2\/posts\/138045","targetHints":{"allow":["GET"]}}],"collection":[{"href":"https:\/\/vosgesinfo.fr\/epinalinfo\/wp-json\/wp\/v2\/posts"}],"about":[{"href":"https:\/\/vosgesinfo.fr\/epinalinfo\/wp-json\/wp\/v2\/types\/post"}],"author":[{"embeddable":true,"href":"https:\/\/vosgesinfo.fr\/epinalinfo\/wp-json\/wp\/v2\/users\/52"}],"replies":[{"embeddable":true,"href":"https:\/\/vosgesinfo.fr\/epinalinfo\/wp-json\/wp\/v2\/comments?post=138045"}],"version-history":[{"count":1,"href":"https:\/\/vosgesinfo.fr\/epinalinfo\/wp-json\/wp\/v2\/posts\/138045\/revisions"}],"predecessor-version":[{"id":138047,"href":"https:\/\/vosgesinfo.fr\/epinalinfo\/wp-json\/wp\/v2\/posts\/138045\/revisions\/138047"}],"wp:featuredmedia":[{"embeddable":true,"href":"https:\/\/vosgesinfo.fr\/epinalinfo\/wp-json\/wp\/v2\/media\/138046"}],"wp:attachment":[{"href":"https:\/\/vosgesinfo.fr\/epinalinfo\/wp-json\/wp\/v2\/media?parent=138045"}],"wp:term":[{"taxonomy":"category","embeddable":true,"href":"https:\/\/vosgesinfo.fr\/epinalinfo\/wp-json\/wp\/v2\/categories?post=138045"},{"taxonomy":"post_tag","embeddable":true,"href":"https:\/\/vosgesinfo.fr\/epinalinfo\/wp-json\/wp\/v2\/tags?post=138045"}],"curies":[{"name":"wp","href":"https:\/\/api.w.org\/{rel}","templated":true}]}}