{"id":138088,"date":"2025-12-11T11:27:21","date_gmt":"2025-12-11T10:27:21","guid":{"rendered":"https:\/\/vosgesinfo.fr\/epinalinfo\/?p=138088"},"modified":"2025-12-11T11:27:21","modified_gmt":"2025-12-11T10:27:21","slug":"retour-en-images-sur-la-saint-nicolas-a-bruyeres","status":"publish","type":"post","link":"https:\/\/vosgesinfo.fr\/epinalinfo\/2025\/12\/retour-en-images-sur-la-saint-nicolas-a-bruyeres\/","title":{"rendered":"Retour en images sur la Saint Nicolas \u00e0 Bruy\u00e8res"},"content":{"rendered":"<div id=\"attachment_138089\" style=\"width: 1034px\" class=\"wp-caption aligncenter\"><a href=\"https:\/\/vosgesinfo.fr\/app\/uploads\/sites\/3\/2025\/12\/595071074-1283523113805609-6397194730968835077-n.jpg\"><img decoding=\"async\" aria-describedby=\"caption-attachment-138089\" class=\"size-large wp-image-138089\" src=\"https:\/\/vosgesinfo.fr\/app\/uploads\/sites\/3\/2025\/12\/595071074-1283523113805609-6397194730968835077-n-1024x891.jpg\" alt=\"\" width=\"1024\" height=\"891\" srcset=\"https:\/\/vosgesinfo.fr\/app\/uploads\/sites\/3\/2025\/12\/595071074-1283523113805609-6397194730968835077-n-1024x891.jpg 1024w, https:\/\/vosgesinfo.fr\/app\/uploads\/sites\/3\/2025\/12\/595071074-1283523113805609-6397194730968835077-n-300x261.jpg 300w, https:\/\/vosgesinfo.fr\/app\/uploads\/sites\/3\/2025\/12\/595071074-1283523113805609-6397194730968835077-n-768x668.jpg 768w, https:\/\/vosgesinfo.fr\/app\/uploads\/sites\/3\/2025\/12\/595071074-1283523113805609-6397194730968835077-n.jpg 1241w\" sizes=\"(max-width: 1024px) 100vw, 1024px\" \/><\/a><p id=\"caption-attachment-138089\" class=\"wp-caption-text\">photo Ville de Bruy\u00e8res<\/p><\/div>\n<h2 data-start=\"165\" data-end=\"963\"><strong>Ce vendredi, Bruy\u00e8res a c\u00e9l\u00e9br\u00e9 la traditionnelle Saint Nicolas dans une ambiance festive et pleine de magie.<\/strong><\/h2>\n<p data-start=\"165\" data-end=\"963\">Au d\u00e9part du lyc\u00e9e, un cort\u00e8ge haut en couleur s\u2019est \u00e9lanc\u00e9 dans les rues de la ville. La <strong data-start=\"371\" data-end=\"405\">Musique Municipale de Bruy\u00e8res<\/strong> a ouvert la marche, suivie des <strong data-start=\"437\" data-end=\"453\">quatre chars<\/strong> soigneusement confectionn\u00e9s par les communes de <strong data-start=\"502\" data-end=\"519\">Brouvelieures<\/strong>, <strong data-start=\"521\" data-end=\"533\" data-is-only-node=\"\">Mortagne<\/strong> et <strong data-start=\"537\" data-end=\"549\">Bruy\u00e8res<\/strong>, avec la collaboration pr\u00e9cieuse des associations <strong data-start=\"600\" data-end=\"618\">Bruy\u00e8res\u2019Anime<\/strong> et du <strong data-start=\"625\" data-end=\"655\">jumelage Bruy\u00e8res\u2013Vielsalm<\/strong>. Ces chars \u00e9taient anim\u00e9s par la troupe de th\u00e9\u00e2tre <strong data-start=\"707\" data-end=\"729\">Les Joyeux Drilles<\/strong>, les <strong data-start=\"735\" data-end=\"762\">Jeunes Sapeurs-Pompiers<\/strong>, ainsi que le <strong data-start=\"777\" data-end=\"797\">club de football<\/strong> local.<br data-start=\"804\" data-end=\"807\" \/>La s\u00e9curit\u00e9 du d\u00e9fil\u00e9 a \u00e9t\u00e9 assur\u00e9e avec rigueur par les \u00e9l\u00e8ves de l\u2019<strong data-start=\"876\" data-end=\"904\">Institution Jeanne d\u2019Arc<\/strong>, permettant au public de profiter pleinement du spectacle.<\/p>\n<p data-start=\"965\" data-end=\"1477\">Une fois arriv\u00e9s <strong data-start=\"982\" data-end=\"1001\">Place Stanislas<\/strong>, les participants ont assist\u00e9 \u00e0 la <strong data-start=\"1037\" data-end=\"1068\">remise des cl\u00e9s de la ville<\/strong> \u00e0 Saint Nicolas par le maire, <strong data-start=\"1099\" data-end=\"1117\">Ludovic Durain<\/strong>.<br data-start=\"1118\" data-end=\"1121\" \/>La soir\u00e9e s\u2019est ensuite poursuivie avec un <strong data-start=\"1164\" data-end=\"1195\">feu d\u2019artifice exceptionnel<\/strong>, tir\u00e9 depuis le sommet de la tour de l\u2019Avison \u2014 une grande premi\u00e8re rendue possible gr\u00e2ce \u00e0 des conditions m\u00e9t\u00e9orologiques favorables. Ce spectacle lumineux a offert au public un moment unique, m\u00ealant effets pyrotechniques et <strong data-start=\"1422\" data-end=\"1437\" data-is-only-node=\"\">pleine lune<\/strong> \u00e9clatante dans le ciel de Bruy\u00e8res.<\/p>\n<p data-start=\"1479\" data-end=\"1819\">Rien n\u2019illustre mieux la r\u00e9ussite de cette f\u00eate que les <strong data-start=\"1535\" data-end=\"1571\">sourires \u00e9merveill\u00e9s des enfants<\/strong>, repartant les poches remplies de friandises offertes par la ville.<br data-start=\"1639\" data-end=\"1642\" \/>De l\u2019avis de tous, petits et grands, il s\u2019agit d\u2019une <strong data-start=\"1695\" data-end=\"1715\">soir\u00e9e m\u00e9morable<\/strong>, rassemblant plusieurs centaines de personnes autour de la tradition, de la convivialit\u00e9 et du partage.<\/p>\n<p data-start=\"1479\" data-end=\"1819\"><a href=\"https:\/\/vosgesinfo.fr\/app\/uploads\/sites\/3\/2025\/12\/595086280-1283523600472227-4273482432711921347-n.jpg\"><img decoding=\"async\" class=\"aligncenter size-large wp-image-138090\" src=\"https:\/\/vosgesinfo.fr\/app\/uploads\/sites\/3\/2025\/12\/595086280-1283523600472227-4273482432711921347-n-1024x768.jpg\" alt=\"\" width=\"1024\" height=\"768\" srcset=\"https:\/\/vosgesinfo.fr\/app\/uploads\/sites\/3\/2025\/12\/595086280-1283523600472227-4273482432711921347-n-1024x768.jpg 1024w, https:\/\/vosgesinfo.fr\/app\/uploads\/sites\/3\/2025\/12\/595086280-1283523600472227-4273482432711921347-n-300x225.jpg 300w, https:\/\/vosgesinfo.fr\/app\/uploads\/sites\/3\/2025\/12\/595086280-1283523600472227-4273482432711921347-n-768x576.jpg 768w, https:\/\/vosgesinfo.fr\/app\/uploads\/sites\/3\/2025\/12\/595086280-1283523600472227-4273482432711921347-n.jpg 1440w\" sizes=\"(max-width: 1024px) 100vw, 1024px\" \/><\/a><\/p>\n","protected":false},"excerpt":{"rendered":"<p>Ce vendredi, Bruy\u00e8res a c\u00e9l\u00e9br\u00e9 la traditionnelle Saint Nicolas dans une ambiance festive et pleine de magie. Au d\u00e9part du [&hellip;]<\/p>\n","protected":false},"author":52,"featured_media":138089,"comment_status":"open","ping_status":"open","sticky":false,"template":"","format":"standard","meta":{"footnotes":""},"categories":[22,60,24],"tags":[],"class_list":["post-138088","post","type-post","status-publish","format-standard","has-post-thumbnail","hentry","category-a-la-une","category-bruyeres","category-epinal"],"acf":[],"yoast_head":"<!-- This site is optimized with the Yoast SEO plugin v22.5 - https:\/\/yoast.com\/wordpress\/plugins\/seo\/ -->\n<title>Retour en images sur la Saint Nicolas \u00e0 Bruy\u00e8res - Epinal Info<\/title>\n<meta name=\"robots\" content=\"index, follow, max-snippet:-1, max-image-preview:large, max-video-preview:-1\" \/>\n<link rel=\"canonical\" href=\"https:\/\/vosgesinfo.fr\/epinalinfo\/?p=138088\" \/>\n<meta name=\"twitter:card\" content=\"summary_large_image\" \/>\n<meta name=\"twitter:title\" content=\"Retour en images sur la Saint Nicolas \u00e0 Bruy\u00e8res - Epinal Info\" \/>\n<meta name=\"twitter:description\" content=\"Ce vendredi, Bruy\u00e8res a c\u00e9l\u00e9br\u00e9 la traditionnelle Saint Nicolas dans une ambiance festive et pleine de magie. Au d\u00e9part du [&hellip;]\" \/>\n<meta name=\"twitter:image\" content=\"https:\/\/vosgesinfo.fr\/app\/uploads\/sites\/3\/2025\/12\/595071074-1283523113805609-6397194730968835077-n-1024x891.jpg\" \/>\n<meta name=\"twitter:creator\" content=\"@VosgesInfo88\" \/>\n<meta name=\"twitter:site\" content=\"@VosgesInfo88\" \/>\n<meta name=\"twitter:label1\" content=\"\u00c9crit par\" \/>\n\t<meta name=\"twitter:data1\" content=\"C.K.\" \/>\n\t<meta name=\"twitter:label2\" content=\"Dur\u00e9e de lecture estim\u00e9e\" \/>\n\t<meta name=\"twitter:data2\" content=\"1 minute\" \/>\n<script type=\"application\/ld+json\" class=\"yoast-schema-graph\">{\"@context\":\"https:\/\/schema.org\",\"@graph\":[{\"@type\":\"Article\",\"@id\":\"https:\/\/vosgesinfo.fr\/epinalinfo\/?p=138088#article\",\"isPartOf\":{\"@id\":\"https:\/\/vosgesinfo.fr\/epinalinfo\/?p=138088\"},\"author\":{\"name\":\"C.K.\",\"@id\":\"https:\/\/vosgesinfo.fr\/epinalinfo\/#\/schema\/person\/6f9a650eeea99d969b6c4ab78fccbe81\"},\"headline\":\"Retour en images sur la Saint Nicolas \u00e0 Bruy\u00e8res\",\"datePublished\":\"2025-12-11T10:27:21+00:00\",\"dateModified\":\"2025-12-11T10:27:21+00:00\",\"mainEntityOfPage\":{\"@id\":\"https:\/\/vosgesinfo.fr\/epinalinfo\/?p=138088\"},\"wordCount\":304,\"commentCount\":0,\"publisher\":{\"@id\":\"https:\/\/vosgesinfo.fr\/epinalinfo\/#organization\"},\"image\":{\"@id\":\"https:\/\/vosgesinfo.fr\/epinalinfo\/?p=138088#primaryimage\"},\"thumbnailUrl\":\"https:\/\/vosgesinfo.fr\/app\/uploads\/sites\/3\/2025\/12\/595071074-1283523113805609-6397194730968835077-n.jpg\",\"articleSection\":[\"A la Une\",\"Bruy\u00e8res\",\"Epinal\"],\"inLanguage\":\"fr-FR\",\"potentialAction\":[{\"@type\":\"CommentAction\",\"name\":\"Comment\",\"target\":[\"https:\/\/vosgesinfo.fr\/epinalinfo\/?p=138088#respond\"]}]},{\"@type\":\"WebPage\",\"@id\":\"https:\/\/vosgesinfo.fr\/epinalinfo\/?p=138088\",\"url\":\"https:\/\/vosgesinfo.fr\/epinalinfo\/?p=138088\",\"name\":\"Retour en images sur la Saint Nicolas \u00e0 Bruy\u00e8res - Epinal Info\",\"isPartOf\":{\"@id\":\"https:\/\/vosgesinfo.fr\/epinalinfo\/#website\"},\"primaryImageOfPage\":{\"@id\":\"https:\/\/vosgesinfo.fr\/epinalinfo\/?p=138088#primaryimage\"},\"image\":{\"@id\":\"https:\/\/vosgesinfo.fr\/epinalinfo\/?p=138088#primaryimage\"},\"thumbnailUrl\":\"https:\/\/vosgesinfo.fr\/app\/uploads\/sites\/3\/2025\/12\/595071074-1283523113805609-6397194730968835077-n.jpg\",\"datePublished\":\"2025-12-11T10:27:21+00:00\",\"dateModified\":\"2025-12-11T10:27:21+00:00\",\"breadcrumb\":{\"@id\":\"https:\/\/vosgesinfo.fr\/epinalinfo\/?p=138088#breadcrumb\"},\"inLanguage\":\"fr-FR\",\"potentialAction\":[{\"@type\":\"ReadAction\",\"target\":[\"https:\/\/vosgesinfo.fr\/epinalinfo\/?p=138088\"]}]},{\"@type\":\"ImageObject\",\"inLanguage\":\"fr-FR\",\"@id\":\"https:\/\/vosgesinfo.fr\/epinalinfo\/?p=138088#primaryimage\",\"url\":\"https:\/\/vosgesinfo.fr\/app\/uploads\/sites\/3\/2025\/12\/595071074-1283523113805609-6397194730968835077-n.jpg\",\"contentUrl\":\"https:\/\/vosgesinfo.fr\/app\/uploads\/sites\/3\/2025\/12\/595071074-1283523113805609-6397194730968835077-n.jpg\",\"width\":1241,\"height\":1080,\"caption\":\"photo Ville de Bruy\u00e8res\"},{\"@type\":\"BreadcrumbList\",\"@id\":\"https:\/\/vosgesinfo.fr\/epinalinfo\/?p=138088#breadcrumb\",\"itemListElement\":[{\"@type\":\"ListItem\",\"position\":1,\"name\":\"Home\",\"item\":\"https:\/\/vosgesinfo.fr\/epinalinfo\/\"},{\"@type\":\"ListItem\",\"position\":2,\"name\":\"Retour en images sur la Saint Nicolas \u00e0 Bruy\u00e8res\"}]},{\"@type\":\"WebSite\",\"@id\":\"https:\/\/vosgesinfo.fr\/epinalinfo\/#website\",\"url\":\"https:\/\/vosgesinfo.fr\/epinalinfo\/\",\"name\":\"Epinal Info\",\"description\":\"Toute l&#039;actualit\u00e9 d&#039;\u00c9pinal\",\"publisher\":{\"@id\":\"https:\/\/vosgesinfo.fr\/epinalinfo\/#organization\"},\"alternateName\":\"Toute l'actualit\u00e9 d'\u00c9pinal\",\"potentialAction\":[{\"@type\":\"SearchAction\",\"target\":{\"@type\":\"EntryPoint\",\"urlTemplate\":\"https:\/\/vosgesinfo.fr\/epinalinfo\/?s={search_term_string}\"},\"query-input\":\"required name=search_term_string\"}],\"inLanguage\":\"fr-FR\"},{\"@type\":\"Organization\",\"@id\":\"https:\/\/vosgesinfo.fr\/epinalinfo\/#organization\",\"name\":\"Epinal Info\",\"url\":\"https:\/\/vosgesinfo.fr\/epinalinfo\/\",\"logo\":{\"@type\":\"ImageObject\",\"inLanguage\":\"fr-FR\",\"@id\":\"https:\/\/vosgesinfo.fr\/epinalinfo\/#\/schema\/logo\/image\/\",\"url\":\"https:\/\/vosgesinfo.fr\/app\/uploads\/sites\/3\/2023\/08\/logo-epinalinfos.svg\",\"contentUrl\":\"https:\/\/vosgesinfo.fr\/app\/uploads\/sites\/3\/2023\/08\/logo-epinalinfos.svg\",\"width\":1,\"height\":1,\"caption\":\"Epinal Info\"},\"image\":{\"@id\":\"https:\/\/vosgesinfo.fr\/epinalinfo\/#\/schema\/logo\/image\/\"},\"sameAs\":[\"https:\/\/www.facebook.com\/Epinalinfos\",\"https:\/\/x.com\/VosgesInfo88\",\"https:\/\/www.youtube.com\/@vosgesinfo\"]},{\"@type\":\"Person\",\"@id\":\"https:\/\/vosgesinfo.fr\/epinalinfo\/#\/schema\/person\/6f9a650eeea99d969b6c4ab78fccbe81\",\"name\":\"C.K.\",\"image\":{\"@type\":\"ImageObject\",\"inLanguage\":\"fr-FR\",\"@id\":\"https:\/\/vosgesinfo.fr\/epinalinfo\/#\/schema\/person\/image\/\",\"url\":\"https:\/\/secure.gravatar.com\/avatar\/48e3fc7f8421ba8942be6b74a2b7f014ca39bc00dece156b7a8e098ae7dc87bf?s=96&d=mm&r=g\",\"contentUrl\":\"https:\/\/secure.gravatar.com\/avatar\/48e3fc7f8421ba8942be6b74a2b7f014ca39bc00dece156b7a8e098ae7dc87bf?s=96&d=mm&r=g\",\"caption\":\"C.K.\"},\"url\":\"https:\/\/vosgesinfo.fr\/epinalinfo\/author\/celia-k-n\/\"}]}<\/script>\n<!-- \/ Yoast SEO plugin. -->","yoast_head_json":{"title":"Retour en images sur la Saint Nicolas \u00e0 Bruy\u00e8res - Epinal Info","robots":{"index":"index","follow":"follow","max-snippet":"max-snippet:-1","max-image-preview":"max-image-preview:large","max-video-preview":"max-video-preview:-1"},"canonical":"https:\/\/vosgesinfo.fr\/epinalinfo\/?p=138088","twitter_card":"summary_large_image","twitter_title":"Retour en images sur la Saint Nicolas \u00e0 Bruy\u00e8res - Epinal Info","twitter_description":"Ce vendredi, Bruy\u00e8res a c\u00e9l\u00e9br\u00e9 la traditionnelle Saint Nicolas dans une ambiance festive et pleine de magie. Au d\u00e9part du [&hellip;]","twitter_image":"https:\/\/vosgesinfo.fr\/app\/uploads\/sites\/3\/2025\/12\/595071074-1283523113805609-6397194730968835077-n-1024x891.jpg","twitter_creator":"@VosgesInfo88","twitter_site":"@VosgesInfo88","twitter_misc":{"\u00c9crit par":"C.K.","Dur\u00e9e de lecture estim\u00e9e":"1 minute"},"schema":{"@context":"https:\/\/schema.org","@graph":[{"@type":"Article","@id":"https:\/\/vosgesinfo.fr\/epinalinfo\/?p=138088#article","isPartOf":{"@id":"https:\/\/vosgesinfo.fr\/epinalinfo\/?p=138088"},"author":{"name":"C.K.","@id":"https:\/\/vosgesinfo.fr\/epinalinfo\/#\/schema\/person\/6f9a650eeea99d969b6c4ab78fccbe81"},"headline":"Retour en images sur la Saint Nicolas \u00e0 Bruy\u00e8res","datePublished":"2025-12-11T10:27:21+00:00","dateModified":"2025-12-11T10:27:21+00:00","mainEntityOfPage":{"@id":"https:\/\/vosgesinfo.fr\/epinalinfo\/?p=138088"},"wordCount":304,"commentCount":0,"publisher":{"@id":"https:\/\/vosgesinfo.fr\/epinalinfo\/#organization"},"image":{"@id":"https:\/\/vosgesinfo.fr\/epinalinfo\/?p=138088#primaryimage"},"thumbnailUrl":"https:\/\/vosgesinfo.fr\/app\/uploads\/sites\/3\/2025\/12\/595071074-1283523113805609-6397194730968835077-n.jpg","articleSection":["A la Une","Bruy\u00e8res","Epinal"],"inLanguage":"fr-FR","potentialAction":[{"@type":"CommentAction","name":"Comment","target":["https:\/\/vosgesinfo.fr\/epinalinfo\/?p=138088#respond"]}]},{"@type":"WebPage","@id":"https:\/\/vosgesinfo.fr\/epinalinfo\/?p=138088","url":"https:\/\/vosgesinfo.fr\/epinalinfo\/?p=138088","name":"Retour en images sur la Saint Nicolas \u00e0 Bruy\u00e8res - Epinal Info","isPartOf":{"@id":"https:\/\/vosgesinfo.fr\/epinalinfo\/#website"},"primaryImageOfPage":{"@id":"https:\/\/vosgesinfo.fr\/epinalinfo\/?p=138088#primaryimage"},"image":{"@id":"https:\/\/vosgesinfo.fr\/epinalinfo\/?p=138088#primaryimage"},"thumbnailUrl":"https:\/\/vosgesinfo.fr\/app\/uploads\/sites\/3\/2025\/12\/595071074-1283523113805609-6397194730968835077-n.jpg","datePublished":"2025-12-11T10:27:21+00:00","dateModified":"2025-12-11T10:27:21+00:00","breadcrumb":{"@id":"https:\/\/vosgesinfo.fr\/epinalinfo\/?p=138088#breadcrumb"},"inLanguage":"fr-FR","potentialAction":[{"@type":"ReadAction","target":["https:\/\/vosgesinfo.fr\/epinalinfo\/?p=138088"]}]},{"@type":"ImageObject","inLanguage":"fr-FR","@id":"https:\/\/vosgesinfo.fr\/epinalinfo\/?p=138088#primaryimage","url":"https:\/\/vosgesinfo.fr\/app\/uploads\/sites\/3\/2025\/12\/595071074-1283523113805609-6397194730968835077-n.jpg","contentUrl":"https:\/\/vosgesinfo.fr\/app\/uploads\/sites\/3\/2025\/12\/595071074-1283523113805609-6397194730968835077-n.jpg","width":1241,"height":1080,"caption":"photo Ville de Bruy\u00e8res"},{"@type":"BreadcrumbList","@id":"https:\/\/vosgesinfo.fr\/epinalinfo\/?p=138088#breadcrumb","itemListElement":[{"@type":"ListItem","position":1,"name":"Home","item":"https:\/\/vosgesinfo.fr\/epinalinfo\/"},{"@type":"ListItem","position":2,"name":"Retour en images sur la Saint Nicolas \u00e0 Bruy\u00e8res"}]},{"@type":"WebSite","@id":"https:\/\/vosgesinfo.fr\/epinalinfo\/#website","url":"https:\/\/vosgesinfo.fr\/epinalinfo\/","name":"Epinal Info","description":"Toute l&#039;actualit\u00e9 d&#039;\u00c9pinal","publisher":{"@id":"https:\/\/vosgesinfo.fr\/epinalinfo\/#organization"},"alternateName":"Toute l'actualit\u00e9 d'\u00c9pinal","potentialAction":[{"@type":"SearchAction","target":{"@type":"EntryPoint","urlTemplate":"https:\/\/vosgesinfo.fr\/epinalinfo\/?s={search_term_string}"},"query-input":"required name=search_term_string"}],"inLanguage":"fr-FR"},{"@type":"Organization","@id":"https:\/\/vosgesinfo.fr\/epinalinfo\/#organization","name":"Epinal Info","url":"https:\/\/vosgesinfo.fr\/epinalinfo\/","logo":{"@type":"ImageObject","inLanguage":"fr-FR","@id":"https:\/\/vosgesinfo.fr\/epinalinfo\/#\/schema\/logo\/image\/","url":"https:\/\/vosgesinfo.fr\/app\/uploads\/sites\/3\/2023\/08\/logo-epinalinfos.svg","contentUrl":"https:\/\/vosgesinfo.fr\/app\/uploads\/sites\/3\/2023\/08\/logo-epinalinfos.svg","width":1,"height":1,"caption":"Epinal Info"},"image":{"@id":"https:\/\/vosgesinfo.fr\/epinalinfo\/#\/schema\/logo\/image\/"},"sameAs":["https:\/\/www.facebook.com\/Epinalinfos","https:\/\/x.com\/VosgesInfo88","https:\/\/www.youtube.com\/@vosgesinfo"]},{"@type":"Person","@id":"https:\/\/vosgesinfo.fr\/epinalinfo\/#\/schema\/person\/6f9a650eeea99d969b6c4ab78fccbe81","name":"C.K.","image":{"@type":"ImageObject","inLanguage":"fr-FR","@id":"https:\/\/vosgesinfo.fr\/epinalinfo\/#\/schema\/person\/image\/","url":"https:\/\/secure.gravatar.com\/avatar\/48e3fc7f8421ba8942be6b74a2b7f014ca39bc00dece156b7a8e098ae7dc87bf?s=96&d=mm&r=g","contentUrl":"https:\/\/secure.gravatar.com\/avatar\/48e3fc7f8421ba8942be6b74a2b7f014ca39bc00dece156b7a8e098ae7dc87bf?s=96&d=mm&r=g","caption":"C.K."},"url":"https:\/\/vosgesinfo.fr\/epinalinfo\/author\/celia-k-n\/"}]}},"_links":{"self":[{"href":"https:\/\/vosgesinfo.fr\/epinalinfo\/wp-json\/wp\/v2\/posts\/138088","targetHints":{"allow":["GET"]}}],"collection":[{"href":"https:\/\/vosgesinfo.fr\/epinalinfo\/wp-json\/wp\/v2\/posts"}],"about":[{"href":"https:\/\/vosgesinfo.fr\/epinalinfo\/wp-json\/wp\/v2\/types\/post"}],"author":[{"embeddable":true,"href":"https:\/\/vosgesinfo.fr\/epinalinfo\/wp-json\/wp\/v2\/users\/52"}],"replies":[{"embeddable":true,"href":"https:\/\/vosgesinfo.fr\/epinalinfo\/wp-json\/wp\/v2\/comments?post=138088"}],"version-history":[{"count":1,"href":"https:\/\/vosgesinfo.fr\/epinalinfo\/wp-json\/wp\/v2\/posts\/138088\/revisions"}],"predecessor-version":[{"id":138091,"href":"https:\/\/vosgesinfo.fr\/epinalinfo\/wp-json\/wp\/v2\/posts\/138088\/revisions\/138091"}],"wp:featuredmedia":[{"embeddable":true,"href":"https:\/\/vosgesinfo.fr\/epinalinfo\/wp-json\/wp\/v2\/media\/138089"}],"wp:attachment":[{"href":"https:\/\/vosgesinfo.fr\/epinalinfo\/wp-json\/wp\/v2\/media?parent=138088"}],"wp:term":[{"taxonomy":"category","embeddable":true,"href":"https:\/\/vosgesinfo.fr\/epinalinfo\/wp-json\/wp\/v2\/categories?post=138088"},{"taxonomy":"post_tag","embeddable":true,"href":"https:\/\/vosgesinfo.fr\/epinalinfo\/wp-json\/wp\/v2\/tags?post=138088"}],"curies":[{"name":"wp","href":"https:\/\/api.w.org\/{rel}","templated":true}]}}