{"id":138099,"date":"2025-12-12T07:00:34","date_gmt":"2025-12-12T06:00:34","guid":{"rendered":"https:\/\/vosgesinfo.fr\/epinalinfo\/?p=138099"},"modified":"2025-12-11T20:27:10","modified_gmt":"2025-12-11T19:27:10","slug":"a-epinal-les-eleveurs-denoncent-une-politique-sanitaire-incoherente-contre-la-dermatose-nodulaire","status":"publish","type":"post","link":"https:\/\/vosgesinfo.fr\/epinalinfo\/2025\/12\/a-epinal-les-eleveurs-denoncent-une-politique-sanitaire-incoherente-contre-la-dermatose-nodulaire\/","title":{"rendered":"\u00c0 \u00c9pinal, les \u00e9leveurs d\u00e9noncent une politique sanitaire \u00ab incoh\u00e9rente \u00bb contre la Dermatose nodulaire"},"content":{"rendered":"<div id=\"attachment_138100\" style=\"width: 1034px\" class=\"wp-caption aligncenter\"><a href=\"https:\/\/vosgesinfo.fr\/app\/uploads\/sites\/3\/2025\/12\/confederation-paysanne-epinal-manif-agriculteurs-5.jpg\"><img decoding=\"async\" aria-describedby=\"caption-attachment-138100\" class=\"size-large wp-image-138100\" src=\"https:\/\/vosgesinfo.fr\/app\/uploads\/sites\/3\/2025\/12\/confederation-paysanne-epinal-manif-agriculteurs-5-1024x682.jpg\" alt=\"\" width=\"1024\" height=\"682\" srcset=\"https:\/\/vosgesinfo.fr\/app\/uploads\/sites\/3\/2025\/12\/confederation-paysanne-epinal-manif-agriculteurs-5-1024x682.jpg 1024w, https:\/\/vosgesinfo.fr\/app\/uploads\/sites\/3\/2025\/12\/confederation-paysanne-epinal-manif-agriculteurs-5-300x200.jpg 300w, https:\/\/vosgesinfo.fr\/app\/uploads\/sites\/3\/2025\/12\/confederation-paysanne-epinal-manif-agriculteurs-5-768x512.jpg 768w, https:\/\/vosgesinfo.fr\/app\/uploads\/sites\/3\/2025\/12\/confederation-paysanne-epinal-manif-agriculteurs-5-1536x1023.jpg 1536w, https:\/\/vosgesinfo.fr\/app\/uploads\/sites\/3\/2025\/12\/confederation-paysanne-epinal-manif-agriculteurs-5.jpg 1600w\" sizes=\"(max-width: 1024px) 100vw, 1024px\" \/><\/a><p id=\"caption-attachment-138100\" class=\"wp-caption-text\">photo R\u00e9gis Henriot<\/p><\/div>\n<p data-start=\"113\" data-end=\"457\">Environ 80 agriculteurs ont manifest\u00e9 ce jeudi devant la pr\u00e9fecture d\u2019\u00c9pinal pour alerter sur les cons\u00e9quences de la strat\u00e9gie sanitaire mise en place par l\u2019\u00c9tat contre la dermatose nodulaire contagieuse (DNC). Leur objectif : soutenir les \u00e9leveurs contraints de faire abattre l\u2019int\u00e9gralit\u00e9 de leurs b\u00eates d\u00e8s qu\u2019un cas est confirm\u00e9.<\/p>\n<p data-start=\"459\" data-end=\"745\">\u00c0 l\u2019initiative de la Coordination rurale et de la Conf\u00e9d\u00e9ration paysanne des Vosges, une petite centaine d\u2019\u00e9leveurs s\u2019est r\u00e9unie place Foch dans l\u2019apr\u00e8s-midi. Les deux organisations syndicales ont appel\u00e9 \u00e0 d\u00e9passer les sensibilit\u00e9s politiques afin de d\u00e9fendre collectivement la fili\u00e8re.<\/p>\n<p data-start=\"747\" data-end=\"1092\">Les participants ont d\u00e9nonc\u00e9 une mesure jug\u00e9e disproportionn\u00e9e : l\u2019\u00e9limination syst\u00e9matique de tout le cheptel lorsqu\u2019un animal est touch\u00e9 par la DNC. Ils soulignent par ailleurs une incoh\u00e9rence r\u00e9glementaire : aucun foyer n\u2019ayant \u00e9t\u00e9 d\u00e9tect\u00e9 dans le d\u00e9partement, les exploitants n\u2019ont pas la possibilit\u00e9 de vacciner pr\u00e9ventivement leurs bovins.<\/p>\n\n\t\t<style type=\"text\/css\">\n\t\t\t#gallery-1 {\n\t\t\t\tmargin: auto;\n\t\t\t}\n\t\t\t#gallery-1 .gallery-item {\n\t\t\t\tfloat: left;\n\t\t\t\tmargin-top: 10px;\n\t\t\t\ttext-align: center;\n\t\t\t\twidth: 33%;\n\t\t\t}\n\t\t\t#gallery-1 img {\n\t\t\t\tborder: 2px solid #cfcfcf;\n\t\t\t}\n\t\t\t#gallery-1 .gallery-caption {\n\t\t\t\tmargin-left: 0;\n\t\t\t}\n\t\t\t\/* see gallery_shortcode() in wp-includes\/media.php *\/\n\t\t<\/style>\n\t\t<div id='gallery-1' class='gallery galleryid-138099 gallery-columns-3 gallery-size-large'><dl class='gallery-item'>\n\t\t\t<dt class='gallery-icon portrait'>\n\t\t\t\t<a href='https:\/\/vosgesinfo.fr\/app\/uploads\/sites\/3\/2025\/12\/thumbnail-img-20251211-wa0019.jpg'><img decoding=\"async\" width=\"683\" height=\"1024\" src=\"https:\/\/vosgesinfo.fr\/app\/uploads\/sites\/3\/2025\/12\/thumbnail-img-20251211-wa0019-683x1024.jpg\" class=\"attachment-large size-large\" alt=\"\" srcset=\"https:\/\/vosgesinfo.fr\/app\/uploads\/sites\/3\/2025\/12\/thumbnail-img-20251211-wa0019-683x1024.jpg 683w, https:\/\/vosgesinfo.fr\/app\/uploads\/sites\/3\/2025\/12\/thumbnail-img-20251211-wa0019-200x300.jpg 200w, https:\/\/vosgesinfo.fr\/app\/uploads\/sites\/3\/2025\/12\/thumbnail-img-20251211-wa0019.jpg 720w\" sizes=\"(max-width: 683px) 100vw, 683px\" \/><\/a>\n\t\t\t<\/dt><\/dl><dl class='gallery-item'>\n\t\t\t<dt class='gallery-icon landscape'>\n\t\t\t\t<a href='https:\/\/vosgesinfo.fr\/app\/uploads\/sites\/3\/2025\/12\/confederation-paysanne-epinal-manif-agriculteurs-1.jpg'><img decoding=\"async\" width=\"1024\" height=\"682\" src=\"https:\/\/vosgesinfo.fr\/app\/uploads\/sites\/3\/2025\/12\/confederation-paysanne-epinal-manif-agriculteurs-1-1024x682.jpg\" class=\"attachment-large size-large\" alt=\"\" srcset=\"https:\/\/vosgesinfo.fr\/app\/uploads\/sites\/3\/2025\/12\/confederation-paysanne-epinal-manif-agriculteurs-1-1024x682.jpg 1024w, https:\/\/vosgesinfo.fr\/app\/uploads\/sites\/3\/2025\/12\/confederation-paysanne-epinal-manif-agriculteurs-1-300x200.jpg 300w, https:\/\/vosgesinfo.fr\/app\/uploads\/sites\/3\/2025\/12\/confederation-paysanne-epinal-manif-agriculteurs-1-768x512.jpg 768w, https:\/\/vosgesinfo.fr\/app\/uploads\/sites\/3\/2025\/12\/confederation-paysanne-epinal-manif-agriculteurs-1-1536x1023.jpg 1536w, https:\/\/vosgesinfo.fr\/app\/uploads\/sites\/3\/2025\/12\/confederation-paysanne-epinal-manif-agriculteurs-1.jpg 1600w\" sizes=\"(max-width: 1024px) 100vw, 1024px\" \/><\/a>\n\t\t\t<\/dt><\/dl><dl class='gallery-item'>\n\t\t\t<dt class='gallery-icon landscape'>\n\t\t\t\t<a href='https:\/\/vosgesinfo.fr\/app\/uploads\/sites\/3\/2025\/12\/confederation-paysanne-epinal-manif-agriculteurs-2.jpg'><img decoding=\"async\" width=\"1024\" height=\"682\" src=\"https:\/\/vosgesinfo.fr\/app\/uploads\/sites\/3\/2025\/12\/confederation-paysanne-epinal-manif-agriculteurs-2-1024x682.jpg\" class=\"attachment-large size-large\" alt=\"\" aria-describedby=\"gallery-1-138103\" srcset=\"https:\/\/vosgesinfo.fr\/app\/uploads\/sites\/3\/2025\/12\/confederation-paysanne-epinal-manif-agriculteurs-2-1024x682.jpg 1024w, https:\/\/vosgesinfo.fr\/app\/uploads\/sites\/3\/2025\/12\/confederation-paysanne-epinal-manif-agriculteurs-2-300x200.jpg 300w, https:\/\/vosgesinfo.fr\/app\/uploads\/sites\/3\/2025\/12\/confederation-paysanne-epinal-manif-agriculteurs-2-768x512.jpg 768w, https:\/\/vosgesinfo.fr\/app\/uploads\/sites\/3\/2025\/12\/confederation-paysanne-epinal-manif-agriculteurs-2-1536x1023.jpg 1536w, https:\/\/vosgesinfo.fr\/app\/uploads\/sites\/3\/2025\/12\/confederation-paysanne-epinal-manif-agriculteurs-2.jpg 1600w\" sizes=\"(max-width: 1024px) 100vw, 1024px\" \/><\/a>\n\t\t\t<\/dt>\n\t\t\t\t<dd class='wp-caption-text gallery-caption' id='gallery-1-138103'>\n\t\t\t\tarchive\n\t\t\t\t<\/dd><\/dl><br style=\"clear: both\" \/><dl class='gallery-item'>\n\t\t\t<dt class='gallery-icon landscape'>\n\t\t\t\t<a href='https:\/\/vosgesinfo.fr\/app\/uploads\/sites\/3\/2025\/12\/confederation-paysanne-epinal-manif-agriculteurs-3.jpg'><img decoding=\"async\" width=\"1024\" height=\"682\" src=\"https:\/\/vosgesinfo.fr\/app\/uploads\/sites\/3\/2025\/12\/confederation-paysanne-epinal-manif-agriculteurs-3-1024x682.jpg\" class=\"attachment-large size-large\" alt=\"\" srcset=\"https:\/\/vosgesinfo.fr\/app\/uploads\/sites\/3\/2025\/12\/confederation-paysanne-epinal-manif-agriculteurs-3-1024x682.jpg 1024w, https:\/\/vosgesinfo.fr\/app\/uploads\/sites\/3\/2025\/12\/confederation-paysanne-epinal-manif-agriculteurs-3-300x200.jpg 300w, https:\/\/vosgesinfo.fr\/app\/uploads\/sites\/3\/2025\/12\/confederation-paysanne-epinal-manif-agriculteurs-3-768x512.jpg 768w, https:\/\/vosgesinfo.fr\/app\/uploads\/sites\/3\/2025\/12\/confederation-paysanne-epinal-manif-agriculteurs-3-1536x1023.jpg 1536w, https:\/\/vosgesinfo.fr\/app\/uploads\/sites\/3\/2025\/12\/confederation-paysanne-epinal-manif-agriculteurs-3.jpg 1600w\" sizes=\"(max-width: 1024px) 100vw, 1024px\" \/><\/a>\n\t\t\t<\/dt><\/dl><dl class='gallery-item'>\n\t\t\t<dt class='gallery-icon landscape'>\n\t\t\t\t<a href='https:\/\/vosgesinfo.fr\/app\/uploads\/sites\/3\/2025\/12\/confederation-paysanne-epinal-manif-agriculteurs-4.jpg'><img decoding=\"async\" width=\"1024\" height=\"682\" src=\"https:\/\/vosgesinfo.fr\/app\/uploads\/sites\/3\/2025\/12\/confederation-paysanne-epinal-manif-agriculteurs-4-1024x682.jpg\" class=\"attachment-large size-large\" alt=\"\" srcset=\"https:\/\/vosgesinfo.fr\/app\/uploads\/sites\/3\/2025\/12\/confederation-paysanne-epinal-manif-agriculteurs-4-1024x682.jpg 1024w, https:\/\/vosgesinfo.fr\/app\/uploads\/sites\/3\/2025\/12\/confederation-paysanne-epinal-manif-agriculteurs-4-300x200.jpg 300w, https:\/\/vosgesinfo.fr\/app\/uploads\/sites\/3\/2025\/12\/confederation-paysanne-epinal-manif-agriculteurs-4-768x512.jpg 768w, https:\/\/vosgesinfo.fr\/app\/uploads\/sites\/3\/2025\/12\/confederation-paysanne-epinal-manif-agriculteurs-4-1536x1023.jpg 1536w, https:\/\/vosgesinfo.fr\/app\/uploads\/sites\/3\/2025\/12\/confederation-paysanne-epinal-manif-agriculteurs-4.jpg 1600w\" sizes=\"(max-width: 1024px) 100vw, 1024px\" \/><\/a>\n\t\t\t<\/dt><\/dl><dl class='gallery-item'>\n\t\t\t<dt class='gallery-icon portrait'>\n\t\t\t\t<a href='https:\/\/vosgesinfo.fr\/app\/uploads\/sites\/3\/2025\/12\/thumbnail-img-20251211-wa0018.jpg'><img decoding=\"async\" width=\"683\" height=\"1024\" src=\"https:\/\/vosgesinfo.fr\/app\/uploads\/sites\/3\/2025\/12\/thumbnail-img-20251211-wa0018-683x1024.jpg\" class=\"attachment-large size-large\" alt=\"\" srcset=\"https:\/\/vosgesinfo.fr\/app\/uploads\/sites\/3\/2025\/12\/thumbnail-img-20251211-wa0018-683x1024.jpg 683w, https:\/\/vosgesinfo.fr\/app\/uploads\/sites\/3\/2025\/12\/thumbnail-img-20251211-wa0018-200x300.jpg 200w, https:\/\/vosgesinfo.fr\/app\/uploads\/sites\/3\/2025\/12\/thumbnail-img-20251211-wa0018.jpg 720w\" sizes=\"(max-width: 683px) 100vw, 683px\" \/><\/a>\n\t\t\t<\/dt><\/dl><br style=\"clear: both\" \/>\n\t\t<\/div>\n\n","protected":false},"excerpt":{"rendered":"<p>Environ 80 agriculteurs ont manifest\u00e9 ce jeudi devant la pr\u00e9fecture d\u2019\u00c9pinal pour alerter sur les cons\u00e9quences de la strat\u00e9gie sanitaire [&hellip;]<\/p>\n","protected":false},"author":52,"featured_media":138103,"comment_status":"open","ping_status":"open","sticky":false,"template":"","format":"standard","meta":{"footnotes":""},"categories":[22,316,24,5],"tags":[],"class_list":["post-138099","post","type-post","status-publish","format-standard","has-post-thumbnail","hentry","category-a-la-une","category-agriculture","category-epinal","category-vosges"],"acf":[],"yoast_head":"<!-- This site is optimized with the Yoast SEO plugin v22.5 - https:\/\/yoast.com\/wordpress\/plugins\/seo\/ -->\n<title>\u00c0 \u00c9pinal, les \u00e9leveurs d\u00e9noncent une politique sanitaire \u00ab incoh\u00e9rente \u00bb contre la Dermatose nodulaire - Epinal Info<\/title>\n<meta name=\"robots\" content=\"index, follow, max-snippet:-1, max-image-preview:large, max-video-preview:-1\" \/>\n<link rel=\"canonical\" href=\"https:\/\/vosgesinfo.fr\/epinalinfo\/2025\/12\/a-epinal-les-eleveurs-denoncent-une-politique-sanitaire-incoherente-contre-la-dermatose-nodulaire\/\" \/>\n<meta name=\"twitter:card\" content=\"summary_large_image\" \/>\n<meta name=\"twitter:title\" content=\"\u00c0 \u00c9pinal, les \u00e9leveurs d\u00e9noncent une politique sanitaire \u00ab incoh\u00e9rente \u00bb contre la Dermatose nodulaire - Epinal Info\" \/>\n<meta name=\"twitter:description\" content=\"Environ 80 agriculteurs ont manifest\u00e9 ce jeudi devant la pr\u00e9fecture d\u2019\u00c9pinal pour alerter sur les cons\u00e9quences de la strat\u00e9gie sanitaire [&hellip;]\" \/>\n<meta name=\"twitter:image\" content=\"https:\/\/vosgesinfo.fr\/app\/uploads\/sites\/3\/2025\/12\/confederation-paysanne-epinal-manif-agriculteurs-2.jpg\" \/>\n<meta name=\"twitter:creator\" content=\"@VosgesInfo88\" \/>\n<meta name=\"twitter:site\" content=\"@VosgesInfo88\" \/>\n<meta name=\"twitter:label1\" content=\"\u00c9crit par\" \/>\n\t<meta name=\"twitter:data1\" content=\"C.K.\" \/>\n\t<meta name=\"twitter:label2\" content=\"Dur\u00e9e de lecture estim\u00e9e\" \/>\n\t<meta name=\"twitter:data2\" content=\"1 minute\" \/>\n<script type=\"application\/ld+json\" class=\"yoast-schema-graph\">{\"@context\":\"https:\/\/schema.org\",\"@graph\":[{\"@type\":\"Article\",\"@id\":\"https:\/\/vosgesinfo.fr\/epinalinfo\/2025\/12\/a-epinal-les-eleveurs-denoncent-une-politique-sanitaire-incoherente-contre-la-dermatose-nodulaire\/#article\",\"isPartOf\":{\"@id\":\"https:\/\/vosgesinfo.fr\/epinalinfo\/2025\/12\/a-epinal-les-eleveurs-denoncent-une-politique-sanitaire-incoherente-contre-la-dermatose-nodulaire\/\"},\"author\":{\"name\":\"C.K.\",\"@id\":\"https:\/\/vosgesinfo.fr\/epinalinfo\/#\/schema\/person\/6f9a650eeea99d969b6c4ab78fccbe81\"},\"headline\":\"\u00c0 \u00c9pinal, les \u00e9leveurs d\u00e9noncent une politique sanitaire \u00ab incoh\u00e9rente \u00bb contre la Dermatose nodulaire\",\"datePublished\":\"2025-12-12T06:00:34+00:00\",\"dateModified\":\"2025-12-11T19:27:10+00:00\",\"mainEntityOfPage\":{\"@id\":\"https:\/\/vosgesinfo.fr\/epinalinfo\/2025\/12\/a-epinal-les-eleveurs-denoncent-une-politique-sanitaire-incoherente-contre-la-dermatose-nodulaire\/\"},\"wordCount\":199,\"commentCount\":0,\"publisher\":{\"@id\":\"https:\/\/vosgesinfo.fr\/epinalinfo\/#organization\"},\"image\":{\"@id\":\"https:\/\/vosgesinfo.fr\/epinalinfo\/2025\/12\/a-epinal-les-eleveurs-denoncent-une-politique-sanitaire-incoherente-contre-la-dermatose-nodulaire\/#primaryimage\"},\"thumbnailUrl\":\"https:\/\/vosgesinfo.fr\/app\/uploads\/sites\/3\/2025\/12\/confederation-paysanne-epinal-manif-agriculteurs-2.jpg\",\"articleSection\":[\"A la Une\",\"Agriculture\",\"Epinal\",\"Vosges\"],\"inLanguage\":\"fr-FR\",\"potentialAction\":[{\"@type\":\"CommentAction\",\"name\":\"Comment\",\"target\":[\"https:\/\/vosgesinfo.fr\/epinalinfo\/2025\/12\/a-epinal-les-eleveurs-denoncent-une-politique-sanitaire-incoherente-contre-la-dermatose-nodulaire\/#respond\"]}]},{\"@type\":\"WebPage\",\"@id\":\"https:\/\/vosgesinfo.fr\/epinalinfo\/2025\/12\/a-epinal-les-eleveurs-denoncent-une-politique-sanitaire-incoherente-contre-la-dermatose-nodulaire\/\",\"url\":\"https:\/\/vosgesinfo.fr\/epinalinfo\/2025\/12\/a-epinal-les-eleveurs-denoncent-une-politique-sanitaire-incoherente-contre-la-dermatose-nodulaire\/\",\"name\":\"\u00c0 \u00c9pinal, les \u00e9leveurs d\u00e9noncent une politique sanitaire \u00ab incoh\u00e9rente \u00bb contre la Dermatose nodulaire - Epinal Info\",\"isPartOf\":{\"@id\":\"https:\/\/vosgesinfo.fr\/epinalinfo\/#website\"},\"primaryImageOfPage\":{\"@id\":\"https:\/\/vosgesinfo.fr\/epinalinfo\/2025\/12\/a-epinal-les-eleveurs-denoncent-une-politique-sanitaire-incoherente-contre-la-dermatose-nodulaire\/#primaryimage\"},\"image\":{\"@id\":\"https:\/\/vosgesinfo.fr\/epinalinfo\/2025\/12\/a-epinal-les-eleveurs-denoncent-une-politique-sanitaire-incoherente-contre-la-dermatose-nodulaire\/#primaryimage\"},\"thumbnailUrl\":\"https:\/\/vosgesinfo.fr\/app\/uploads\/sites\/3\/2025\/12\/confederation-paysanne-epinal-manif-agriculteurs-2.jpg\",\"datePublished\":\"2025-12-12T06:00:34+00:00\",\"dateModified\":\"2025-12-11T19:27:10+00:00\",\"breadcrumb\":{\"@id\":\"https:\/\/vosgesinfo.fr\/epinalinfo\/2025\/12\/a-epinal-les-eleveurs-denoncent-une-politique-sanitaire-incoherente-contre-la-dermatose-nodulaire\/#breadcrumb\"},\"inLanguage\":\"fr-FR\",\"potentialAction\":[{\"@type\":\"ReadAction\",\"target\":[\"https:\/\/vosgesinfo.fr\/epinalinfo\/2025\/12\/a-epinal-les-eleveurs-denoncent-une-politique-sanitaire-incoherente-contre-la-dermatose-nodulaire\/\"]}]},{\"@type\":\"ImageObject\",\"inLanguage\":\"fr-FR\",\"@id\":\"https:\/\/vosgesinfo.fr\/epinalinfo\/2025\/12\/a-epinal-les-eleveurs-denoncent-une-politique-sanitaire-incoherente-contre-la-dermatose-nodulaire\/#primaryimage\",\"url\":\"https:\/\/vosgesinfo.fr\/app\/uploads\/sites\/3\/2025\/12\/confederation-paysanne-epinal-manif-agriculteurs-2.jpg\",\"contentUrl\":\"https:\/\/vosgesinfo.fr\/app\/uploads\/sites\/3\/2025\/12\/confederation-paysanne-epinal-manif-agriculteurs-2.jpg\",\"width\":1600,\"height\":1066,\"caption\":\"archive\"},{\"@type\":\"BreadcrumbList\",\"@id\":\"https:\/\/vosgesinfo.fr\/epinalinfo\/2025\/12\/a-epinal-les-eleveurs-denoncent-une-politique-sanitaire-incoherente-contre-la-dermatose-nodulaire\/#breadcrumb\",\"itemListElement\":[{\"@type\":\"ListItem\",\"position\":1,\"name\":\"Home\",\"item\":\"https:\/\/vosgesinfo.fr\/epinalinfo\/\"},{\"@type\":\"ListItem\",\"position\":2,\"name\":\"\u00c0 \u00c9pinal, les \u00e9leveurs d\u00e9noncent une politique sanitaire \u00ab incoh\u00e9rente \u00bb contre la Dermatose nodulaire\"}]},{\"@type\":\"WebSite\",\"@id\":\"https:\/\/vosgesinfo.fr\/epinalinfo\/#website\",\"url\":\"https:\/\/vosgesinfo.fr\/epinalinfo\/\",\"name\":\"Epinal Info\",\"description\":\"Toute l&#039;actualit\u00e9 d&#039;\u00c9pinal\",\"publisher\":{\"@id\":\"https:\/\/vosgesinfo.fr\/epinalinfo\/#organization\"},\"alternateName\":\"Toute l'actualit\u00e9 d'\u00c9pinal\",\"potentialAction\":[{\"@type\":\"SearchAction\",\"target\":{\"@type\":\"EntryPoint\",\"urlTemplate\":\"https:\/\/vosgesinfo.fr\/epinalinfo\/?s={search_term_string}\"},\"query-input\":\"required name=search_term_string\"}],\"inLanguage\":\"fr-FR\"},{\"@type\":\"Organization\",\"@id\":\"https:\/\/vosgesinfo.fr\/epinalinfo\/#organization\",\"name\":\"Epinal Info\",\"url\":\"https:\/\/vosgesinfo.fr\/epinalinfo\/\",\"logo\":{\"@type\":\"ImageObject\",\"inLanguage\":\"fr-FR\",\"@id\":\"https:\/\/vosgesinfo.fr\/epinalinfo\/#\/schema\/logo\/image\/\",\"url\":\"https:\/\/vosgesinfo.fr\/app\/uploads\/sites\/3\/2023\/08\/logo-epinalinfos.svg\",\"contentUrl\":\"https:\/\/vosgesinfo.fr\/app\/uploads\/sites\/3\/2023\/08\/logo-epinalinfos.svg\",\"width\":1,\"height\":1,\"caption\":\"Epinal Info\"},\"image\":{\"@id\":\"https:\/\/vosgesinfo.fr\/epinalinfo\/#\/schema\/logo\/image\/\"},\"sameAs\":[\"https:\/\/www.facebook.com\/Epinalinfos\",\"https:\/\/x.com\/VosgesInfo88\",\"https:\/\/www.youtube.com\/@vosgesinfo\"]},{\"@type\":\"Person\",\"@id\":\"https:\/\/vosgesinfo.fr\/epinalinfo\/#\/schema\/person\/6f9a650eeea99d969b6c4ab78fccbe81\",\"name\":\"C.K.\",\"image\":{\"@type\":\"ImageObject\",\"inLanguage\":\"fr-FR\",\"@id\":\"https:\/\/vosgesinfo.fr\/epinalinfo\/#\/schema\/person\/image\/\",\"url\":\"https:\/\/secure.gravatar.com\/avatar\/48e3fc7f8421ba8942be6b74a2b7f014ca39bc00dece156b7a8e098ae7dc87bf?s=96&d=mm&r=g\",\"contentUrl\":\"https:\/\/secure.gravatar.com\/avatar\/48e3fc7f8421ba8942be6b74a2b7f014ca39bc00dece156b7a8e098ae7dc87bf?s=96&d=mm&r=g\",\"caption\":\"C.K.\"},\"url\":\"https:\/\/vosgesinfo.fr\/epinalinfo\/author\/celia-k-n\/\"}]}<\/script>\n<!-- \/ Yoast SEO plugin. -->","yoast_head_json":{"title":"\u00c0 \u00c9pinal, les \u00e9leveurs d\u00e9noncent une politique sanitaire \u00ab incoh\u00e9rente \u00bb contre la Dermatose nodulaire - Epinal Info","robots":{"index":"index","follow":"follow","max-snippet":"max-snippet:-1","max-image-preview":"max-image-preview:large","max-video-preview":"max-video-preview:-1"},"canonical":"https:\/\/vosgesinfo.fr\/epinalinfo\/2025\/12\/a-epinal-les-eleveurs-denoncent-une-politique-sanitaire-incoherente-contre-la-dermatose-nodulaire\/","twitter_card":"summary_large_image","twitter_title":"\u00c0 \u00c9pinal, les \u00e9leveurs d\u00e9noncent une politique sanitaire \u00ab incoh\u00e9rente \u00bb contre la Dermatose nodulaire - Epinal Info","twitter_description":"Environ 80 agriculteurs ont manifest\u00e9 ce jeudi devant la pr\u00e9fecture d\u2019\u00c9pinal pour alerter sur les cons\u00e9quences de la strat\u00e9gie sanitaire [&hellip;]","twitter_image":"https:\/\/vosgesinfo.fr\/app\/uploads\/sites\/3\/2025\/12\/confederation-paysanne-epinal-manif-agriculteurs-2.jpg","twitter_creator":"@VosgesInfo88","twitter_site":"@VosgesInfo88","twitter_misc":{"\u00c9crit par":"C.K.","Dur\u00e9e de lecture estim\u00e9e":"1 minute"},"schema":{"@context":"https:\/\/schema.org","@graph":[{"@type":"Article","@id":"https:\/\/vosgesinfo.fr\/epinalinfo\/2025\/12\/a-epinal-les-eleveurs-denoncent-une-politique-sanitaire-incoherente-contre-la-dermatose-nodulaire\/#article","isPartOf":{"@id":"https:\/\/vosgesinfo.fr\/epinalinfo\/2025\/12\/a-epinal-les-eleveurs-denoncent-une-politique-sanitaire-incoherente-contre-la-dermatose-nodulaire\/"},"author":{"name":"C.K.","@id":"https:\/\/vosgesinfo.fr\/epinalinfo\/#\/schema\/person\/6f9a650eeea99d969b6c4ab78fccbe81"},"headline":"\u00c0 \u00c9pinal, les \u00e9leveurs d\u00e9noncent une politique sanitaire \u00ab incoh\u00e9rente \u00bb contre la Dermatose nodulaire","datePublished":"2025-12-12T06:00:34+00:00","dateModified":"2025-12-11T19:27:10+00:00","mainEntityOfPage":{"@id":"https:\/\/vosgesinfo.fr\/epinalinfo\/2025\/12\/a-epinal-les-eleveurs-denoncent-une-politique-sanitaire-incoherente-contre-la-dermatose-nodulaire\/"},"wordCount":199,"commentCount":0,"publisher":{"@id":"https:\/\/vosgesinfo.fr\/epinalinfo\/#organization"},"image":{"@id":"https:\/\/vosgesinfo.fr\/epinalinfo\/2025\/12\/a-epinal-les-eleveurs-denoncent-une-politique-sanitaire-incoherente-contre-la-dermatose-nodulaire\/#primaryimage"},"thumbnailUrl":"https:\/\/vosgesinfo.fr\/app\/uploads\/sites\/3\/2025\/12\/confederation-paysanne-epinal-manif-agriculteurs-2.jpg","articleSection":["A la Une","Agriculture","Epinal","Vosges"],"inLanguage":"fr-FR","potentialAction":[{"@type":"CommentAction","name":"Comment","target":["https:\/\/vosgesinfo.fr\/epinalinfo\/2025\/12\/a-epinal-les-eleveurs-denoncent-une-politique-sanitaire-incoherente-contre-la-dermatose-nodulaire\/#respond"]}]},{"@type":"WebPage","@id":"https:\/\/vosgesinfo.fr\/epinalinfo\/2025\/12\/a-epinal-les-eleveurs-denoncent-une-politique-sanitaire-incoherente-contre-la-dermatose-nodulaire\/","url":"https:\/\/vosgesinfo.fr\/epinalinfo\/2025\/12\/a-epinal-les-eleveurs-denoncent-une-politique-sanitaire-incoherente-contre-la-dermatose-nodulaire\/","name":"\u00c0 \u00c9pinal, les \u00e9leveurs d\u00e9noncent une politique sanitaire \u00ab incoh\u00e9rente \u00bb contre la Dermatose nodulaire - Epinal Info","isPartOf":{"@id":"https:\/\/vosgesinfo.fr\/epinalinfo\/#website"},"primaryImageOfPage":{"@id":"https:\/\/vosgesinfo.fr\/epinalinfo\/2025\/12\/a-epinal-les-eleveurs-denoncent-une-politique-sanitaire-incoherente-contre-la-dermatose-nodulaire\/#primaryimage"},"image":{"@id":"https:\/\/vosgesinfo.fr\/epinalinfo\/2025\/12\/a-epinal-les-eleveurs-denoncent-une-politique-sanitaire-incoherente-contre-la-dermatose-nodulaire\/#primaryimage"},"thumbnailUrl":"https:\/\/vosgesinfo.fr\/app\/uploads\/sites\/3\/2025\/12\/confederation-paysanne-epinal-manif-agriculteurs-2.jpg","datePublished":"2025-12-12T06:00:34+00:00","dateModified":"2025-12-11T19:27:10+00:00","breadcrumb":{"@id":"https:\/\/vosgesinfo.fr\/epinalinfo\/2025\/12\/a-epinal-les-eleveurs-denoncent-une-politique-sanitaire-incoherente-contre-la-dermatose-nodulaire\/#breadcrumb"},"inLanguage":"fr-FR","potentialAction":[{"@type":"ReadAction","target":["https:\/\/vosgesinfo.fr\/epinalinfo\/2025\/12\/a-epinal-les-eleveurs-denoncent-une-politique-sanitaire-incoherente-contre-la-dermatose-nodulaire\/"]}]},{"@type":"ImageObject","inLanguage":"fr-FR","@id":"https:\/\/vosgesinfo.fr\/epinalinfo\/2025\/12\/a-epinal-les-eleveurs-denoncent-une-politique-sanitaire-incoherente-contre-la-dermatose-nodulaire\/#primaryimage","url":"https:\/\/vosgesinfo.fr\/app\/uploads\/sites\/3\/2025\/12\/confederation-paysanne-epinal-manif-agriculteurs-2.jpg","contentUrl":"https:\/\/vosgesinfo.fr\/app\/uploads\/sites\/3\/2025\/12\/confederation-paysanne-epinal-manif-agriculteurs-2.jpg","width":1600,"height":1066,"caption":"archive"},{"@type":"BreadcrumbList","@id":"https:\/\/vosgesinfo.fr\/epinalinfo\/2025\/12\/a-epinal-les-eleveurs-denoncent-une-politique-sanitaire-incoherente-contre-la-dermatose-nodulaire\/#breadcrumb","itemListElement":[{"@type":"ListItem","position":1,"name":"Home","item":"https:\/\/vosgesinfo.fr\/epinalinfo\/"},{"@type":"ListItem","position":2,"name":"\u00c0 \u00c9pinal, les \u00e9leveurs d\u00e9noncent une politique sanitaire \u00ab incoh\u00e9rente \u00bb contre la Dermatose nodulaire"}]},{"@type":"WebSite","@id":"https:\/\/vosgesinfo.fr\/epinalinfo\/#website","url":"https:\/\/vosgesinfo.fr\/epinalinfo\/","name":"Epinal Info","description":"Toute l&#039;actualit\u00e9 d&#039;\u00c9pinal","publisher":{"@id":"https:\/\/vosgesinfo.fr\/epinalinfo\/#organization"},"alternateName":"Toute l'actualit\u00e9 d'\u00c9pinal","potentialAction":[{"@type":"SearchAction","target":{"@type":"EntryPoint","urlTemplate":"https:\/\/vosgesinfo.fr\/epinalinfo\/?s={search_term_string}"},"query-input":"required name=search_term_string"}],"inLanguage":"fr-FR"},{"@type":"Organization","@id":"https:\/\/vosgesinfo.fr\/epinalinfo\/#organization","name":"Epinal Info","url":"https:\/\/vosgesinfo.fr\/epinalinfo\/","logo":{"@type":"ImageObject","inLanguage":"fr-FR","@id":"https:\/\/vosgesinfo.fr\/epinalinfo\/#\/schema\/logo\/image\/","url":"https:\/\/vosgesinfo.fr\/app\/uploads\/sites\/3\/2023\/08\/logo-epinalinfos.svg","contentUrl":"https:\/\/vosgesinfo.fr\/app\/uploads\/sites\/3\/2023\/08\/logo-epinalinfos.svg","width":1,"height":1,"caption":"Epinal Info"},"image":{"@id":"https:\/\/vosgesinfo.fr\/epinalinfo\/#\/schema\/logo\/image\/"},"sameAs":["https:\/\/www.facebook.com\/Epinalinfos","https:\/\/x.com\/VosgesInfo88","https:\/\/www.youtube.com\/@vosgesinfo"]},{"@type":"Person","@id":"https:\/\/vosgesinfo.fr\/epinalinfo\/#\/schema\/person\/6f9a650eeea99d969b6c4ab78fccbe81","name":"C.K.","image":{"@type":"ImageObject","inLanguage":"fr-FR","@id":"https:\/\/vosgesinfo.fr\/epinalinfo\/#\/schema\/person\/image\/","url":"https:\/\/secure.gravatar.com\/avatar\/48e3fc7f8421ba8942be6b74a2b7f014ca39bc00dece156b7a8e098ae7dc87bf?s=96&d=mm&r=g","contentUrl":"https:\/\/secure.gravatar.com\/avatar\/48e3fc7f8421ba8942be6b74a2b7f014ca39bc00dece156b7a8e098ae7dc87bf?s=96&d=mm&r=g","caption":"C.K."},"url":"https:\/\/vosgesinfo.fr\/epinalinfo\/author\/celia-k-n\/"}]}},"_links":{"self":[{"href":"https:\/\/vosgesinfo.fr\/epinalinfo\/wp-json\/wp\/v2\/posts\/138099","targetHints":{"allow":["GET"]}}],"collection":[{"href":"https:\/\/vosgesinfo.fr\/epinalinfo\/wp-json\/wp\/v2\/posts"}],"about":[{"href":"https:\/\/vosgesinfo.fr\/epinalinfo\/wp-json\/wp\/v2\/types\/post"}],"author":[{"embeddable":true,"href":"https:\/\/vosgesinfo.fr\/epinalinfo\/wp-json\/wp\/v2\/users\/52"}],"replies":[{"embeddable":true,"href":"https:\/\/vosgesinfo.fr\/epinalinfo\/wp-json\/wp\/v2\/comments?post=138099"}],"version-history":[{"count":1,"href":"https:\/\/vosgesinfo.fr\/epinalinfo\/wp-json\/wp\/v2\/posts\/138099\/revisions"}],"predecessor-version":[{"id":138107,"href":"https:\/\/vosgesinfo.fr\/epinalinfo\/wp-json\/wp\/v2\/posts\/138099\/revisions\/138107"}],"wp:featuredmedia":[{"embeddable":true,"href":"https:\/\/vosgesinfo.fr\/epinalinfo\/wp-json\/wp\/v2\/media\/138103"}],"wp:attachment":[{"href":"https:\/\/vosgesinfo.fr\/epinalinfo\/wp-json\/wp\/v2\/media?parent=138099"}],"wp:term":[{"taxonomy":"category","embeddable":true,"href":"https:\/\/vosgesinfo.fr\/epinalinfo\/wp-json\/wp\/v2\/categories?post=138099"},{"taxonomy":"post_tag","embeddable":true,"href":"https:\/\/vosgesinfo.fr\/epinalinfo\/wp-json\/wp\/v2\/tags?post=138099"}],"curies":[{"name":"wp","href":"https:\/\/api.w.org\/{rel}","templated":true}]}}