{"id":138108,"date":"2025-12-12T07:10:33","date_gmt":"2025-12-12T06:10:33","guid":{"rendered":"https:\/\/vosgesinfo.fr\/epinalinfo\/?p=138108"},"modified":"2025-12-11T20:29:11","modified_gmt":"2025-12-11T19:29:11","slug":"philippe-gayet-elu-president-de-la-federation-francaise-du-batiment-grand-est","status":"publish","type":"post","link":"https:\/\/vosgesinfo.fr\/epinalinfo\/2025\/12\/philippe-gayet-elu-president-de-la-federation-francaise-du-batiment-grand-est\/","title":{"rendered":"Philippe GAYET \u00e9lu Pr\u00e9sident de la F\u00e9d\u00e9ration Fran\u00e7aise du B\u00e2timent Grand Est"},"content":{"rendered":"<p><a href=\"https:\/\/vosgesinfo.fr\/app\/uploads\/sites\/3\/2025\/12\/philippe-gayet-ffb-ge.jpg\"><img decoding=\"async\" class=\"aligncenter size-full wp-image-138109\" src=\"https:\/\/vosgesinfo.fr\/app\/uploads\/sites\/3\/2025\/12\/philippe-gayet-ffb-ge.jpg\" alt=\"\" width=\"579\" height=\"618\" srcset=\"https:\/\/vosgesinfo.fr\/app\/uploads\/sites\/3\/2025\/12\/philippe-gayet-ffb-ge.jpg 579w, https:\/\/vosgesinfo.fr\/app\/uploads\/sites\/3\/2025\/12\/philippe-gayet-ffb-ge-281x300.jpg 281w\" sizes=\"(max-width: 579px) 100vw, 579px\" \/><\/a>Ce jeudi 11 d\u00e9cembre 2025, les administrateurs de la F\u00e9d\u00e9ration Fran\u00e7aise du B\u00e2timent Grand Est, r\u00e9unis en Conseil d\u2019Administration ont \u00e9lu leur nouveau Pr\u00e9sident R\u00e9gional, Philippe Gayet. Il succ\u00e8de \u00e0 Daniel Cerutti qui pr\u00e9sidait la F\u00e9d\u00e9ration R\u00e9gionale depuis 2019. Le FFB Grand Est le remercie d\u2019ailleurs chaleureusement et sinc\u00e8rement pour son engagement syndical de quarante ans au service de la FFB.<\/p>\n<p>Philippe GAYET dirige depuis plus de quarante ans une entreprise familiale fond\u00e9e en 1911. Aux c\u00f4t\u00e9s de son fr\u00e8re et de sa s\u0153ur, l\u2019entreprise s\u2019est progressivement d\u00e9velopp\u00e9e pour devenir, au fil des d\u00e9cennies, un groupe de plus d\u2019une dizaine de TPE et PME. Fort de cinq cents collaborateurs implant\u00e9s \u00e0 Reims, Troyes et Soissons, le groupe GAYET est un acteur important du territoire.<br \/>\nSp\u00e9cialis\u00e9 dans les corps d\u2019\u00e9tat techniques et l\u2019enveloppe du b\u00e2timent, mais aussi dans la m\u00e9tallerie, le carrelage, l\u2019ing\u00e9nierie et la fabrication de fen\u00eatres, le groupe GAYET est pr\u00e9sent sur Adh\u00e9rent depuis toujours \u00e0 la FFB, Philippe GAYET s\u2019est d\u2019abord engag\u00e9 au sein de la FFB de Reims et de son Union de m\u00e9tier, avant d\u2019assumer des responsabilit\u00e9s d\u00e9partementales puis r\u00e9gionales.<\/p>\n<p>Militant syndical reconnu par ses pairs, il repr\u00e9sente la profession au sein de la Commission Sociale, \u00e0 l\u2019\u00e9chelon national et r\u00e9gional. Il pr\u00e9side \u00e9galement la F\u00e9d\u00e9ration Fran\u00e7aise du B\u00e2timent de la Marne, l\u2019organisme de formation r\u00e9gional AProba-Batys, et a exerc\u00e9 les fonctions de Pr\u00e9sident d\u00e9l\u00e9gu\u00e9 de la FFB Grand Est. Philippe GAYET souhaite inscrire son mandat dans la continuit\u00e9 de celui de son pr\u00e9d\u00e9cesseur. Fid\u00e8le \u00e0 ses convictions, il entend porter, avec d\u00e9termination, la parole de la profession aupr\u00e8s des d\u00e9cideurs locaux, r\u00e9gionaux et nationaux en renfor\u00e7ant l\u2019ancrage territorial et l\u2019efficacit\u00e9 des actions locales.<\/p>\n","protected":false},"excerpt":{"rendered":"<p>Ce jeudi 11 d\u00e9cembre 2025, les administrateurs de la F\u00e9d\u00e9ration Fran\u00e7aise du B\u00e2timent Grand Est, r\u00e9unis en Conseil d\u2019Administration ont [&hellip;]<\/p>\n","protected":false},"author":41,"featured_media":138109,"comment_status":"open","ping_status":"open","sticky":false,"template":"","format":"standard","meta":{"footnotes":""},"categories":[22,24,5],"tags":[],"class_list":["post-138108","post","type-post","status-publish","format-standard","has-post-thumbnail","hentry","category-a-la-une","category-epinal","category-vosges"],"acf":[],"yoast_head":"<!-- This site is optimized with the Yoast SEO plugin v22.5 - https:\/\/yoast.com\/wordpress\/plugins\/seo\/ -->\n<title>Philippe GAYET \u00e9lu Pr\u00e9sident de la F\u00e9d\u00e9ration Fran\u00e7aise du B\u00e2timent Grand Est - Epinal Info<\/title>\n<meta name=\"robots\" content=\"index, follow, max-snippet:-1, max-image-preview:large, max-video-preview:-1\" \/>\n<link rel=\"canonical\" href=\"https:\/\/vosgesinfo.fr\/epinalinfo\/2025\/12\/philippe-gayet-elu-president-de-la-federation-francaise-du-batiment-grand-est\/\" \/>\n<meta name=\"twitter:card\" content=\"summary_large_image\" \/>\n<meta name=\"twitter:title\" content=\"Philippe GAYET \u00e9lu Pr\u00e9sident de la F\u00e9d\u00e9ration Fran\u00e7aise du B\u00e2timent Grand Est - Epinal Info\" \/>\n<meta name=\"twitter:description\" content=\"Ce jeudi 11 d\u00e9cembre 2025, les administrateurs de la F\u00e9d\u00e9ration Fran\u00e7aise du B\u00e2timent Grand Est, r\u00e9unis en Conseil d\u2019Administration ont [&hellip;]\" \/>\n<meta name=\"twitter:image\" content=\"https:\/\/vosgesinfo.fr\/app\/uploads\/sites\/3\/2025\/12\/philippe-gayet-ffb-ge.jpg\" \/>\n<meta name=\"twitter:creator\" content=\"@VosgesInfo88\" \/>\n<meta name=\"twitter:site\" content=\"@VosgesInfo88\" \/>\n<meta name=\"twitter:label1\" content=\"\u00c9crit par\" \/>\n\t<meta name=\"twitter:data1\" content=\"La r\u00e9daction\" \/>\n\t<meta name=\"twitter:label2\" content=\"Dur\u00e9e de lecture estim\u00e9e\" \/>\n\t<meta name=\"twitter:data2\" content=\"2 minutes\" \/>\n<script type=\"application\/ld+json\" class=\"yoast-schema-graph\">{\"@context\":\"https:\/\/schema.org\",\"@graph\":[{\"@type\":\"Article\",\"@id\":\"https:\/\/vosgesinfo.fr\/epinalinfo\/2025\/12\/philippe-gayet-elu-president-de-la-federation-francaise-du-batiment-grand-est\/#article\",\"isPartOf\":{\"@id\":\"https:\/\/vosgesinfo.fr\/epinalinfo\/2025\/12\/philippe-gayet-elu-president-de-la-federation-francaise-du-batiment-grand-est\/\"},\"author\":{\"name\":\"La r\u00e9daction\",\"@id\":\"https:\/\/vosgesinfo.fr\/epinalinfo\/#\/schema\/person\/44f5fff67d0ae31d2770e1f7555c711d\"},\"headline\":\"Philippe GAYET \u00e9lu Pr\u00e9sident de la F\u00e9d\u00e9ration Fran\u00e7aise du B\u00e2timent Grand Est\",\"datePublished\":\"2025-12-12T06:10:33+00:00\",\"dateModified\":\"2025-12-11T19:29:11+00:00\",\"mainEntityOfPage\":{\"@id\":\"https:\/\/vosgesinfo.fr\/epinalinfo\/2025\/12\/philippe-gayet-elu-president-de-la-federation-francaise-du-batiment-grand-est\/\"},\"wordCount\":354,\"commentCount\":0,\"publisher\":{\"@id\":\"https:\/\/vosgesinfo.fr\/epinalinfo\/#organization\"},\"image\":{\"@id\":\"https:\/\/vosgesinfo.fr\/epinalinfo\/2025\/12\/philippe-gayet-elu-president-de-la-federation-francaise-du-batiment-grand-est\/#primaryimage\"},\"thumbnailUrl\":\"https:\/\/vosgesinfo.fr\/app\/uploads\/sites\/3\/2025\/12\/philippe-gayet-ffb-ge.jpg\",\"articleSection\":[\"A la Une\",\"Epinal\",\"Vosges\"],\"inLanguage\":\"fr-FR\",\"potentialAction\":[{\"@type\":\"CommentAction\",\"name\":\"Comment\",\"target\":[\"https:\/\/vosgesinfo.fr\/epinalinfo\/2025\/12\/philippe-gayet-elu-president-de-la-federation-francaise-du-batiment-grand-est\/#respond\"]}]},{\"@type\":\"WebPage\",\"@id\":\"https:\/\/vosgesinfo.fr\/epinalinfo\/2025\/12\/philippe-gayet-elu-president-de-la-federation-francaise-du-batiment-grand-est\/\",\"url\":\"https:\/\/vosgesinfo.fr\/epinalinfo\/2025\/12\/philippe-gayet-elu-president-de-la-federation-francaise-du-batiment-grand-est\/\",\"name\":\"Philippe GAYET \u00e9lu Pr\u00e9sident de la F\u00e9d\u00e9ration Fran\u00e7aise du B\u00e2timent Grand Est - Epinal Info\",\"isPartOf\":{\"@id\":\"https:\/\/vosgesinfo.fr\/epinalinfo\/#website\"},\"primaryImageOfPage\":{\"@id\":\"https:\/\/vosgesinfo.fr\/epinalinfo\/2025\/12\/philippe-gayet-elu-president-de-la-federation-francaise-du-batiment-grand-est\/#primaryimage\"},\"image\":{\"@id\":\"https:\/\/vosgesinfo.fr\/epinalinfo\/2025\/12\/philippe-gayet-elu-president-de-la-federation-francaise-du-batiment-grand-est\/#primaryimage\"},\"thumbnailUrl\":\"https:\/\/vosgesinfo.fr\/app\/uploads\/sites\/3\/2025\/12\/philippe-gayet-ffb-ge.jpg\",\"datePublished\":\"2025-12-12T06:10:33+00:00\",\"dateModified\":\"2025-12-11T19:29:11+00:00\",\"breadcrumb\":{\"@id\":\"https:\/\/vosgesinfo.fr\/epinalinfo\/2025\/12\/philippe-gayet-elu-president-de-la-federation-francaise-du-batiment-grand-est\/#breadcrumb\"},\"inLanguage\":\"fr-FR\",\"potentialAction\":[{\"@type\":\"ReadAction\",\"target\":[\"https:\/\/vosgesinfo.fr\/epinalinfo\/2025\/12\/philippe-gayet-elu-president-de-la-federation-francaise-du-batiment-grand-est\/\"]}]},{\"@type\":\"ImageObject\",\"inLanguage\":\"fr-FR\",\"@id\":\"https:\/\/vosgesinfo.fr\/epinalinfo\/2025\/12\/philippe-gayet-elu-president-de-la-federation-francaise-du-batiment-grand-est\/#primaryimage\",\"url\":\"https:\/\/vosgesinfo.fr\/app\/uploads\/sites\/3\/2025\/12\/philippe-gayet-ffb-ge.jpg\",\"contentUrl\":\"https:\/\/vosgesinfo.fr\/app\/uploads\/sites\/3\/2025\/12\/philippe-gayet-ffb-ge.jpg\",\"width\":579,\"height\":618},{\"@type\":\"BreadcrumbList\",\"@id\":\"https:\/\/vosgesinfo.fr\/epinalinfo\/2025\/12\/philippe-gayet-elu-president-de-la-federation-francaise-du-batiment-grand-est\/#breadcrumb\",\"itemListElement\":[{\"@type\":\"ListItem\",\"position\":1,\"name\":\"Home\",\"item\":\"https:\/\/vosgesinfo.fr\/epinalinfo\/\"},{\"@type\":\"ListItem\",\"position\":2,\"name\":\"Philippe GAYET \u00e9lu Pr\u00e9sident de la F\u00e9d\u00e9ration Fran\u00e7aise du B\u00e2timent Grand Est\"}]},{\"@type\":\"WebSite\",\"@id\":\"https:\/\/vosgesinfo.fr\/epinalinfo\/#website\",\"url\":\"https:\/\/vosgesinfo.fr\/epinalinfo\/\",\"name\":\"Epinal Info\",\"description\":\"Toute l&#039;actualit\u00e9 d&#039;\u00c9pinal\",\"publisher\":{\"@id\":\"https:\/\/vosgesinfo.fr\/epinalinfo\/#organization\"},\"alternateName\":\"Toute l'actualit\u00e9 d'\u00c9pinal\",\"potentialAction\":[{\"@type\":\"SearchAction\",\"target\":{\"@type\":\"EntryPoint\",\"urlTemplate\":\"https:\/\/vosgesinfo.fr\/epinalinfo\/?s={search_term_string}\"},\"query-input\":\"required name=search_term_string\"}],\"inLanguage\":\"fr-FR\"},{\"@type\":\"Organization\",\"@id\":\"https:\/\/vosgesinfo.fr\/epinalinfo\/#organization\",\"name\":\"Epinal Info\",\"url\":\"https:\/\/vosgesinfo.fr\/epinalinfo\/\",\"logo\":{\"@type\":\"ImageObject\",\"inLanguage\":\"fr-FR\",\"@id\":\"https:\/\/vosgesinfo.fr\/epinalinfo\/#\/schema\/logo\/image\/\",\"url\":\"https:\/\/vosgesinfo.fr\/app\/uploads\/sites\/3\/2023\/08\/logo-epinalinfos.svg\",\"contentUrl\":\"https:\/\/vosgesinfo.fr\/app\/uploads\/sites\/3\/2023\/08\/logo-epinalinfos.svg\",\"width\":1,\"height\":1,\"caption\":\"Epinal Info\"},\"image\":{\"@id\":\"https:\/\/vosgesinfo.fr\/epinalinfo\/#\/schema\/logo\/image\/\"},\"sameAs\":[\"https:\/\/www.facebook.com\/Epinalinfos\",\"https:\/\/x.com\/VosgesInfo88\",\"https:\/\/www.youtube.com\/@vosgesinfo\"]},{\"@type\":\"Person\",\"@id\":\"https:\/\/vosgesinfo.fr\/epinalinfo\/#\/schema\/person\/44f5fff67d0ae31d2770e1f7555c711d\",\"name\":\"La r\u00e9daction\",\"image\":{\"@type\":\"ImageObject\",\"inLanguage\":\"fr-FR\",\"@id\":\"https:\/\/vosgesinfo.fr\/epinalinfo\/#\/schema\/person\/image\/\",\"url\":\"https:\/\/secure.gravatar.com\/avatar\/16dedd2578b2ae59b9a3a38f046defecb4cf834aaec7bb1d03d9ba6b5e55a8d5?s=96&d=mm&r=g\",\"contentUrl\":\"https:\/\/secure.gravatar.com\/avatar\/16dedd2578b2ae59b9a3a38f046defecb4cf834aaec7bb1d03d9ba6b5e55a8d5?s=96&d=mm&r=g\",\"caption\":\"La r\u00e9daction\"},\"url\":\"https:\/\/vosgesinfo.fr\/epinalinfo\/author\/poupy\/\"}]}<\/script>\n<!-- \/ Yoast SEO plugin. -->","yoast_head_json":{"title":"Philippe GAYET \u00e9lu Pr\u00e9sident de la F\u00e9d\u00e9ration Fran\u00e7aise du B\u00e2timent Grand Est - Epinal Info","robots":{"index":"index","follow":"follow","max-snippet":"max-snippet:-1","max-image-preview":"max-image-preview:large","max-video-preview":"max-video-preview:-1"},"canonical":"https:\/\/vosgesinfo.fr\/epinalinfo\/2025\/12\/philippe-gayet-elu-president-de-la-federation-francaise-du-batiment-grand-est\/","twitter_card":"summary_large_image","twitter_title":"Philippe GAYET \u00e9lu Pr\u00e9sident de la F\u00e9d\u00e9ration Fran\u00e7aise du B\u00e2timent Grand Est - Epinal Info","twitter_description":"Ce jeudi 11 d\u00e9cembre 2025, les administrateurs de la F\u00e9d\u00e9ration Fran\u00e7aise du B\u00e2timent Grand Est, r\u00e9unis en Conseil d\u2019Administration ont [&hellip;]","twitter_image":"https:\/\/vosgesinfo.fr\/app\/uploads\/sites\/3\/2025\/12\/philippe-gayet-ffb-ge.jpg","twitter_creator":"@VosgesInfo88","twitter_site":"@VosgesInfo88","twitter_misc":{"\u00c9crit par":"La r\u00e9daction","Dur\u00e9e de lecture estim\u00e9e":"2 minutes"},"schema":{"@context":"https:\/\/schema.org","@graph":[{"@type":"Article","@id":"https:\/\/vosgesinfo.fr\/epinalinfo\/2025\/12\/philippe-gayet-elu-president-de-la-federation-francaise-du-batiment-grand-est\/#article","isPartOf":{"@id":"https:\/\/vosgesinfo.fr\/epinalinfo\/2025\/12\/philippe-gayet-elu-president-de-la-federation-francaise-du-batiment-grand-est\/"},"author":{"name":"La r\u00e9daction","@id":"https:\/\/vosgesinfo.fr\/epinalinfo\/#\/schema\/person\/44f5fff67d0ae31d2770e1f7555c711d"},"headline":"Philippe GAYET \u00e9lu Pr\u00e9sident de la F\u00e9d\u00e9ration Fran\u00e7aise du B\u00e2timent Grand Est","datePublished":"2025-12-12T06:10:33+00:00","dateModified":"2025-12-11T19:29:11+00:00","mainEntityOfPage":{"@id":"https:\/\/vosgesinfo.fr\/epinalinfo\/2025\/12\/philippe-gayet-elu-president-de-la-federation-francaise-du-batiment-grand-est\/"},"wordCount":354,"commentCount":0,"publisher":{"@id":"https:\/\/vosgesinfo.fr\/epinalinfo\/#organization"},"image":{"@id":"https:\/\/vosgesinfo.fr\/epinalinfo\/2025\/12\/philippe-gayet-elu-president-de-la-federation-francaise-du-batiment-grand-est\/#primaryimage"},"thumbnailUrl":"https:\/\/vosgesinfo.fr\/app\/uploads\/sites\/3\/2025\/12\/philippe-gayet-ffb-ge.jpg","articleSection":["A la Une","Epinal","Vosges"],"inLanguage":"fr-FR","potentialAction":[{"@type":"CommentAction","name":"Comment","target":["https:\/\/vosgesinfo.fr\/epinalinfo\/2025\/12\/philippe-gayet-elu-president-de-la-federation-francaise-du-batiment-grand-est\/#respond"]}]},{"@type":"WebPage","@id":"https:\/\/vosgesinfo.fr\/epinalinfo\/2025\/12\/philippe-gayet-elu-president-de-la-federation-francaise-du-batiment-grand-est\/","url":"https:\/\/vosgesinfo.fr\/epinalinfo\/2025\/12\/philippe-gayet-elu-president-de-la-federation-francaise-du-batiment-grand-est\/","name":"Philippe GAYET \u00e9lu Pr\u00e9sident de la F\u00e9d\u00e9ration Fran\u00e7aise du B\u00e2timent Grand Est - Epinal Info","isPartOf":{"@id":"https:\/\/vosgesinfo.fr\/epinalinfo\/#website"},"primaryImageOfPage":{"@id":"https:\/\/vosgesinfo.fr\/epinalinfo\/2025\/12\/philippe-gayet-elu-president-de-la-federation-francaise-du-batiment-grand-est\/#primaryimage"},"image":{"@id":"https:\/\/vosgesinfo.fr\/epinalinfo\/2025\/12\/philippe-gayet-elu-president-de-la-federation-francaise-du-batiment-grand-est\/#primaryimage"},"thumbnailUrl":"https:\/\/vosgesinfo.fr\/app\/uploads\/sites\/3\/2025\/12\/philippe-gayet-ffb-ge.jpg","datePublished":"2025-12-12T06:10:33+00:00","dateModified":"2025-12-11T19:29:11+00:00","breadcrumb":{"@id":"https:\/\/vosgesinfo.fr\/epinalinfo\/2025\/12\/philippe-gayet-elu-president-de-la-federation-francaise-du-batiment-grand-est\/#breadcrumb"},"inLanguage":"fr-FR","potentialAction":[{"@type":"ReadAction","target":["https:\/\/vosgesinfo.fr\/epinalinfo\/2025\/12\/philippe-gayet-elu-president-de-la-federation-francaise-du-batiment-grand-est\/"]}]},{"@type":"ImageObject","inLanguage":"fr-FR","@id":"https:\/\/vosgesinfo.fr\/epinalinfo\/2025\/12\/philippe-gayet-elu-president-de-la-federation-francaise-du-batiment-grand-est\/#primaryimage","url":"https:\/\/vosgesinfo.fr\/app\/uploads\/sites\/3\/2025\/12\/philippe-gayet-ffb-ge.jpg","contentUrl":"https:\/\/vosgesinfo.fr\/app\/uploads\/sites\/3\/2025\/12\/philippe-gayet-ffb-ge.jpg","width":579,"height":618},{"@type":"BreadcrumbList","@id":"https:\/\/vosgesinfo.fr\/epinalinfo\/2025\/12\/philippe-gayet-elu-president-de-la-federation-francaise-du-batiment-grand-est\/#breadcrumb","itemListElement":[{"@type":"ListItem","position":1,"name":"Home","item":"https:\/\/vosgesinfo.fr\/epinalinfo\/"},{"@type":"ListItem","position":2,"name":"Philippe GAYET \u00e9lu Pr\u00e9sident de la F\u00e9d\u00e9ration Fran\u00e7aise du B\u00e2timent Grand Est"}]},{"@type":"WebSite","@id":"https:\/\/vosgesinfo.fr\/epinalinfo\/#website","url":"https:\/\/vosgesinfo.fr\/epinalinfo\/","name":"Epinal Info","description":"Toute l&#039;actualit\u00e9 d&#039;\u00c9pinal","publisher":{"@id":"https:\/\/vosgesinfo.fr\/epinalinfo\/#organization"},"alternateName":"Toute l'actualit\u00e9 d'\u00c9pinal","potentialAction":[{"@type":"SearchAction","target":{"@type":"EntryPoint","urlTemplate":"https:\/\/vosgesinfo.fr\/epinalinfo\/?s={search_term_string}"},"query-input":"required name=search_term_string"}],"inLanguage":"fr-FR"},{"@type":"Organization","@id":"https:\/\/vosgesinfo.fr\/epinalinfo\/#organization","name":"Epinal Info","url":"https:\/\/vosgesinfo.fr\/epinalinfo\/","logo":{"@type":"ImageObject","inLanguage":"fr-FR","@id":"https:\/\/vosgesinfo.fr\/epinalinfo\/#\/schema\/logo\/image\/","url":"https:\/\/vosgesinfo.fr\/app\/uploads\/sites\/3\/2023\/08\/logo-epinalinfos.svg","contentUrl":"https:\/\/vosgesinfo.fr\/app\/uploads\/sites\/3\/2023\/08\/logo-epinalinfos.svg","width":1,"height":1,"caption":"Epinal Info"},"image":{"@id":"https:\/\/vosgesinfo.fr\/epinalinfo\/#\/schema\/logo\/image\/"},"sameAs":["https:\/\/www.facebook.com\/Epinalinfos","https:\/\/x.com\/VosgesInfo88","https:\/\/www.youtube.com\/@vosgesinfo"]},{"@type":"Person","@id":"https:\/\/vosgesinfo.fr\/epinalinfo\/#\/schema\/person\/44f5fff67d0ae31d2770e1f7555c711d","name":"La r\u00e9daction","image":{"@type":"ImageObject","inLanguage":"fr-FR","@id":"https:\/\/vosgesinfo.fr\/epinalinfo\/#\/schema\/person\/image\/","url":"https:\/\/secure.gravatar.com\/avatar\/16dedd2578b2ae59b9a3a38f046defecb4cf834aaec7bb1d03d9ba6b5e55a8d5?s=96&d=mm&r=g","contentUrl":"https:\/\/secure.gravatar.com\/avatar\/16dedd2578b2ae59b9a3a38f046defecb4cf834aaec7bb1d03d9ba6b5e55a8d5?s=96&d=mm&r=g","caption":"La r\u00e9daction"},"url":"https:\/\/vosgesinfo.fr\/epinalinfo\/author\/poupy\/"}]}},"_links":{"self":[{"href":"https:\/\/vosgesinfo.fr\/epinalinfo\/wp-json\/wp\/v2\/posts\/138108","targetHints":{"allow":["GET"]}}],"collection":[{"href":"https:\/\/vosgesinfo.fr\/epinalinfo\/wp-json\/wp\/v2\/posts"}],"about":[{"href":"https:\/\/vosgesinfo.fr\/epinalinfo\/wp-json\/wp\/v2\/types\/post"}],"author":[{"embeddable":true,"href":"https:\/\/vosgesinfo.fr\/epinalinfo\/wp-json\/wp\/v2\/users\/41"}],"replies":[{"embeddable":true,"href":"https:\/\/vosgesinfo.fr\/epinalinfo\/wp-json\/wp\/v2\/comments?post=138108"}],"version-history":[{"count":1,"href":"https:\/\/vosgesinfo.fr\/epinalinfo\/wp-json\/wp\/v2\/posts\/138108\/revisions"}],"predecessor-version":[{"id":138110,"href":"https:\/\/vosgesinfo.fr\/epinalinfo\/wp-json\/wp\/v2\/posts\/138108\/revisions\/138110"}],"wp:featuredmedia":[{"embeddable":true,"href":"https:\/\/vosgesinfo.fr\/epinalinfo\/wp-json\/wp\/v2\/media\/138109"}],"wp:attachment":[{"href":"https:\/\/vosgesinfo.fr\/epinalinfo\/wp-json\/wp\/v2\/media?parent=138108"}],"wp:term":[{"taxonomy":"category","embeddable":true,"href":"https:\/\/vosgesinfo.fr\/epinalinfo\/wp-json\/wp\/v2\/categories?post=138108"},{"taxonomy":"post_tag","embeddable":true,"href":"https:\/\/vosgesinfo.fr\/epinalinfo\/wp-json\/wp\/v2\/tags?post=138108"}],"curies":[{"name":"wp","href":"https:\/\/api.w.org\/{rel}","templated":true}]}}