{"id":138111,"date":"2025-12-12T07:29:31","date_gmt":"2025-12-12T06:29:31","guid":{"rendered":"https:\/\/vosgesinfo.fr\/epinalinfo\/?p=138111"},"modified":"2025-12-11T20:33:41","modified_gmt":"2025-12-11T19:33:41","slug":"thaon-les-vosges-luimm-lorraine-appelle-a-des-decisions-rapides-pour-sauver-lindustrie","status":"publish","type":"post","link":"https:\/\/vosgesinfo.fr\/epinalinfo\/2025\/12\/thaon-les-vosges-luimm-lorraine-appelle-a-des-decisions-rapides-pour-sauver-lindustrie\/","title":{"rendered":"Thaon-les-Vosges : l\u2019UIMM Lorraine appelle \u00e0 des d\u00e9cisions rapides pour sauver l\u2019industrie"},"content":{"rendered":"<h2 data-start=\"214\" data-end=\"765\"><strong><a href=\"https:\/\/vosgesinfo.fr\/app\/uploads\/sites\/3\/2025\/12\/iumm-3.jpg\"><img decoding=\"async\" class=\"aligncenter size-large wp-image-138112\" src=\"https:\/\/vosgesinfo.fr\/app\/uploads\/sites\/3\/2025\/12\/iumm-3-831x1024.jpg\" alt=\"\" width=\"831\" height=\"1024\" srcset=\"https:\/\/vosgesinfo.fr\/app\/uploads\/sites\/3\/2025\/12\/iumm-3-831x1024.jpg 831w, https:\/\/vosgesinfo.fr\/app\/uploads\/sites\/3\/2025\/12\/iumm-3-243x300.jpg 243w, https:\/\/vosgesinfo.fr\/app\/uploads\/sites\/3\/2025\/12\/iumm-3-768x947.jpg 768w, https:\/\/vosgesinfo.fr\/app\/uploads\/sites\/3\/2025\/12\/iumm-3.jpg 876w\" sizes=\"(max-width: 831px) 100vw, 831px\" \/><\/a>Jeudi 11 d\u00e9cembre, l\u2019UIMM Lorraine tenait une conf\u00e9rence de presse \u00e0 Thaon-les-Vosges pour alerter sur l\u2019\u00e9cart croissant entre les discours politiques en faveur de la r\u00e9industrialisation et la r\u00e9alit\u00e9 v\u00e9cue par les entreprises. Alors que la r\u00e9industrialisation est omnipr\u00e9sente dans les campagnes \u00e9lectorales et les d\u00e9clarations publiques, les industriels lorrians d\u00e9crivent un quotidien marqu\u00e9 par les fermetures de sites, la hausse des co\u00fbts, la multiplication des normes et une incertitude persistante affectant les recrutements et l\u2019apprentissage.<\/strong><\/h2>\n<p data-start=\"767\" data-end=\"1208\">La Lorraine, o\u00f9 pr\u00e8s d\u2019un emploi sur cinq rel\u00e8ve de l\u2019industrie \u2014 un poids largement sup\u00e9rieur \u00e0 la moyenne nationale (13 %) \u2014 demeure l\u2019un des territoires les plus industriels du pays. Pour l\u2019UIMM, cette force productive essentielle est aujourd\u2019hui fragilis\u00e9e. \u00ab Ici, l\u2019industrie n\u2019est pas un slogan : elle est v\u00e9cue, incarn\u00e9e, et elle doit rester un pilier de notre \u00e9conomie \u00bb, rappelle la pr\u00e9sidente de l\u2019organisation, Nathalie Vaxelaire.<\/p>\n<h3 data-start=\"1210\" data-end=\"1250\"><strong data-start=\"1214\" data-end=\"1250\">Des contradictions insoutenables<\/strong><\/h3>\n<p data-start=\"1252\" data-end=\"1646\">L\u2019actualit\u00e9 r\u00e9cente, marqu\u00e9e notamment par la disparition de plusieurs unit\u00e9s de production comme le site Novasco \u00e0 Hagondange, illustre selon l\u2019UIMM le d\u00e9calage entre les discours volontaristes et les d\u00e9cisions politiques. \u00c0 cela s\u2019ajoutent des annonces de taxes suppl\u00e9mentaires, un empilement r\u00e9glementaire et des proc\u00e9dures souvent interminables pour ouvrir ou d\u00e9velopper un site industriel.<\/p>\n<p data-start=\"1648\" data-end=\"1841\">Cette situation \u00ab n\u2019est plus tenable \u00bb, r\u00e9sume Nathalie Vaxelaire, citant \u00e9galement les mots d\u2019\u00c9ric Trappier : <em data-start=\"1759\" data-end=\"1841\">\u00ab On ne peut pas saluer l\u2019industrie d\u2019une main et creuser sa tombe de l\u2019autre. \u00bb<\/em><\/p>\n<h3 data-start=\"1843\" data-end=\"1887\"><strong data-start=\"1847\" data-end=\"1887\">Quatre d\u00e9cisions jug\u00e9es prioritaires<\/strong><\/h3>\n<p data-start=\"1889\" data-end=\"2070\">Pour redonner \u00e0 l\u2019industrie lorraine l\u2019\u00e9lan qu\u2019elle m\u00e9rite, l\u2019UIMM a pr\u00e9sent\u00e9 quatre orientations urgentes, qu\u2019elle souhaite voir int\u00e9gr\u00e9es dans les politiques publiques sans d\u00e9lai.<\/p>\n<h4 data-start=\"2072\" data-end=\"2110\"><strong data-start=\"2077\" data-end=\"2110\">1. Restaurer la comp\u00e9titivit\u00e9<\/strong><\/h4>\n<p data-start=\"2111\" data-end=\"2249\">L\u2019organisation r\u00e9clame une fiscalit\u00e9 all\u00e9g\u00e9e et stable, consid\u00e9rant que produire en France \u00ab co\u00fbte d\u00e9j\u00e0 cher \u00bb. Elle appelle notamment \u00e0 :<\/p>\n<ul data-start=\"2250\" data-end=\"2408\">\n<li data-start=\"2250\" data-end=\"2287\">\n<p data-start=\"2252\" data-end=\"2287\">r\u00e9duire les imp\u00f4ts de production,<\/p>\n<\/li>\n<li data-start=\"2288\" data-end=\"2338\">\n<p data-start=\"2290\" data-end=\"2338\">all\u00e9ger durablement les charges industrielles,<\/p>\n<\/li>\n<li data-start=\"2339\" data-end=\"2408\">\n<p data-start=\"2341\" data-end=\"2408\">garantir un cadre fiscal stable sur la dur\u00e9e des investissements.<\/p>\n<\/li>\n<\/ul>\n<p data-start=\"2410\" data-end=\"2502\">Sans un regain de comp\u00e9titivit\u00e9, estime-t-elle, la r\u00e9industrialisation restera un v\u0153u pieux.<\/p>\n<h4 data-start=\"2504\" data-end=\"2554\"><strong data-start=\"2509\" data-end=\"2554\">2. Renforcer la souverainet\u00e9 industrielle<\/strong><\/h4>\n<p data-start=\"2555\" data-end=\"2855\">Selon l\u2019UIMM, la France doit imp\u00e9rativement cr\u00e9er de la valeur sur son territoire, en soutenant la R&amp;D, la modernisation des \u00e9quipements et le d\u00e9veloppement de nouvelles lignes de production. Les fonds publics doivent, selon elle, cibler prioritairement la capacit\u00e9 \u00e0 produire et \u00e0 innover en France.<\/p>\n<h4 data-start=\"2857\" data-end=\"2904\"><strong data-start=\"2862\" data-end=\"2904\">3. Simplifier le lancement des projets<\/strong><\/h4>\n<p data-start=\"2905\" data-end=\"3038\">Les d\u00e9lais administratifs et l\u2019inflation normative contraignent lourdement l\u2019implantation ou l\u2019extension des usines. L\u2019UIMM demande :<\/p>\n<ul data-start=\"3039\" data-end=\"3185\">\n<li data-start=\"3039\" data-end=\"3081\">\n<p data-start=\"3041\" data-end=\"3081\">un moratoire sur les nouvelles normes,<\/p>\n<\/li>\n<li data-start=\"3082\" data-end=\"3133\">\n<p data-start=\"3084\" data-end=\"3133\">des proc\u00e9dures unifi\u00e9es et des d\u00e9lais garantis,<\/p>\n<\/li>\n<li data-start=\"3134\" data-end=\"3185\">\n<p data-start=\"3136\" data-end=\"3185\">davantage de pouvoir d\u00e9cisionnel aux territoires.<\/p>\n<\/li>\n<\/ul>\n<p data-start=\"3187\" data-end=\"3266\">Chaque mois perdu, rel\u00e8ve-t-elle, est un avantage donn\u00e9 \u00e0 des pays concurrents.<\/p>\n<h4 data-start=\"3268\" data-end=\"3317\"><strong data-start=\"3273\" data-end=\"3317\">4. Miser massivement sur les comp\u00e9tences<\/strong><\/h4>\n<p data-start=\"3318\" data-end=\"3672\">L\u2019industrie lorraine continue de recruter, mais manque de main-d\u2019\u0153uvre qualifi\u00e9e. L\u2019UIMM plaide pour un soutien renforc\u00e9 \u00e0 l\u2019apprentissage, des financements p\u00e9rennes pour la formation et une meilleure orientation des jeunes vers les m\u00e9tiers industriels. Former et faire \u00e9voluer les comp\u00e9tences est, selon elle, un pr\u00e9alable \u00e0 toute ambition industrielle.<\/p>\n<h3 data-start=\"3674\" data-end=\"3724\"><strong data-start=\"3678\" data-end=\"3724\">Une alerte, mais aussi un appel au sursaut<\/strong><\/h3>\n<p data-start=\"3726\" data-end=\"3992\">Pour les dirigeants de l\u2019UIMM Lorraine, maintenir une industrie forte est une question de souverainet\u00e9, mais aussi de justice territoriale. Quand l\u2019industrie recule, rappellent-ils, ce sont les territoires qui s\u2019appauvrissent et l\u2019\u00e9conomie nationale qui s\u2019affaiblit.<\/p>\n<p data-start=\"3994\" data-end=\"4332\">\u00ab Produire en France n\u2019est pas un slogan, c\u2019est un choix politique et un engagement collectif \u00bb, affirment-ils en conclusion. L\u2019enjeu, selon eux, n\u2019est plus de multiplier les d\u00e9clarations mais de prendre, enfin, les d\u00e9cisions qui permettront \u00e0 l\u2019industrie lorraine \u2014 et fran\u00e7aise \u2014 de rester un moteur \u00e9conomique, social et technologique.<\/p>\n\n\t\t<style type=\"text\/css\">\n\t\t\t#gallery-1 {\n\t\t\t\tmargin: auto;\n\t\t\t}\n\t\t\t#gallery-1 .gallery-item {\n\t\t\t\tfloat: left;\n\t\t\t\tmargin-top: 10px;\n\t\t\t\ttext-align: center;\n\t\t\t\twidth: 33%;\n\t\t\t}\n\t\t\t#gallery-1 img {\n\t\t\t\tborder: 2px solid #cfcfcf;\n\t\t\t}\n\t\t\t#gallery-1 .gallery-caption {\n\t\t\t\tmargin-left: 0;\n\t\t\t}\n\t\t\t\/* see gallery_shortcode() in wp-includes\/media.php *\/\n\t\t<\/style>\n\t\t<div id='gallery-1' class='gallery galleryid-138111 gallery-columns-3 gallery-size-large'><dl class='gallery-item'>\n\t\t\t<dt class='gallery-icon portrait'>\n\t\t\t\t<a href='https:\/\/vosgesinfo.fr\/app\/uploads\/sites\/3\/2025\/12\/iumm-1.jpg'><img decoding=\"async\" width=\"835\" height=\"1024\" src=\"https:\/\/vosgesinfo.fr\/app\/uploads\/sites\/3\/2025\/12\/iumm-1-835x1024.jpg\" class=\"attachment-large size-large\" alt=\"\" srcset=\"https:\/\/vosgesinfo.fr\/app\/uploads\/sites\/3\/2025\/12\/iumm-1-835x1024.jpg 835w, https:\/\/vosgesinfo.fr\/app\/uploads\/sites\/3\/2025\/12\/iumm-1-245x300.jpg 245w, https:\/\/vosgesinfo.fr\/app\/uploads\/sites\/3\/2025\/12\/iumm-1-768x941.jpg 768w, https:\/\/vosgesinfo.fr\/app\/uploads\/sites\/3\/2025\/12\/iumm-1.jpg 881w\" sizes=\"(max-width: 835px) 100vw, 835px\" \/><\/a>\n\t\t\t<\/dt><\/dl><dl class='gallery-item'>\n\t\t\t<dt class='gallery-icon portrait'>\n\t\t\t\t<a href='https:\/\/vosgesinfo.fr\/app\/uploads\/sites\/3\/2025\/12\/iumm-2.jpg'><img decoding=\"async\" width=\"768\" height=\"1024\" src=\"https:\/\/vosgesinfo.fr\/app\/uploads\/sites\/3\/2025\/12\/iumm-2-768x1024.jpg\" class=\"attachment-large size-large\" alt=\"\" srcset=\"https:\/\/vosgesinfo.fr\/app\/uploads\/sites\/3\/2025\/12\/iumm-2-768x1024.jpg 768w, https:\/\/vosgesinfo.fr\/app\/uploads\/sites\/3\/2025\/12\/iumm-2-225x300.jpg 225w, https:\/\/vosgesinfo.fr\/app\/uploads\/sites\/3\/2025\/12\/iumm-2.jpg 810w\" sizes=\"(max-width: 768px) 100vw, 768px\" \/><\/a>\n\t\t\t<\/dt><\/dl>\n\t\t\t<br style='clear: both' \/>\n\t\t<\/div>\n\n","protected":false},"excerpt":{"rendered":"<p>Jeudi 11 d\u00e9cembre, l\u2019UIMM Lorraine tenait une conf\u00e9rence de presse \u00e0 Thaon-les-Vosges pour alerter sur l\u2019\u00e9cart croissant entre les discours [&hellip;]<\/p>\n","protected":false},"author":52,"featured_media":138112,"comment_status":"open","ping_status":"open","sticky":false,"template":"","format":"standard","meta":{"footnotes":""},"categories":[22,24,5],"tags":[],"class_list":["post-138111","post","type-post","status-publish","format-standard","has-post-thumbnail","hentry","category-a-la-une","category-epinal","category-vosges"],"acf":[],"yoast_head":"<!-- This site is optimized with the Yoast SEO plugin v22.5 - https:\/\/yoast.com\/wordpress\/plugins\/seo\/ -->\n<title>Thaon-les-Vosges : l\u2019UIMM Lorraine appelle \u00e0 des d\u00e9cisions rapides pour sauver l\u2019industrie - Epinal Info<\/title>\n<meta name=\"robots\" content=\"index, follow, max-snippet:-1, max-image-preview:large, max-video-preview:-1\" \/>\n<link rel=\"canonical\" href=\"https:\/\/vosgesinfo.fr\/epinalinfo\/2025\/12\/thaon-les-vosges-luimm-lorraine-appelle-a-des-decisions-rapides-pour-sauver-lindustrie\/\" \/>\n<meta name=\"twitter:card\" content=\"summary_large_image\" \/>\n<meta name=\"twitter:title\" content=\"Thaon-les-Vosges : l\u2019UIMM Lorraine appelle \u00e0 des d\u00e9cisions rapides pour sauver l\u2019industrie - Epinal Info\" \/>\n<meta name=\"twitter:description\" content=\"Jeudi 11 d\u00e9cembre, l\u2019UIMM Lorraine tenait une conf\u00e9rence de presse \u00e0 Thaon-les-Vosges pour alerter sur l\u2019\u00e9cart croissant entre les discours [&hellip;]\" \/>\n<meta name=\"twitter:image\" content=\"https:\/\/vosgesinfo.fr\/app\/uploads\/sites\/3\/2025\/12\/iumm-3.jpg\" \/>\n<meta name=\"twitter:creator\" content=\"@VosgesInfo88\" \/>\n<meta name=\"twitter:site\" content=\"@VosgesInfo88\" \/>\n<meta name=\"twitter:label1\" content=\"\u00c9crit par\" \/>\n\t<meta name=\"twitter:data1\" content=\"C.K.\" \/>\n\t<meta name=\"twitter:label2\" content=\"Dur\u00e9e de lecture estim\u00e9e\" \/>\n\t<meta name=\"twitter:data2\" content=\"3 minutes\" \/>\n<script type=\"application\/ld+json\" class=\"yoast-schema-graph\">{\"@context\":\"https:\/\/schema.org\",\"@graph\":[{\"@type\":\"Article\",\"@id\":\"https:\/\/vosgesinfo.fr\/epinalinfo\/2025\/12\/thaon-les-vosges-luimm-lorraine-appelle-a-des-decisions-rapides-pour-sauver-lindustrie\/#article\",\"isPartOf\":{\"@id\":\"https:\/\/vosgesinfo.fr\/epinalinfo\/2025\/12\/thaon-les-vosges-luimm-lorraine-appelle-a-des-decisions-rapides-pour-sauver-lindustrie\/\"},\"author\":{\"name\":\"C.K.\",\"@id\":\"https:\/\/vosgesinfo.fr\/epinalinfo\/#\/schema\/person\/6f9a650eeea99d969b6c4ab78fccbe81\"},\"headline\":\"Thaon-les-Vosges : l\u2019UIMM Lorraine appelle \u00e0 des d\u00e9cisions rapides pour sauver l\u2019industrie\",\"datePublished\":\"2025-12-12T06:29:31+00:00\",\"dateModified\":\"2025-12-11T19:33:41+00:00\",\"mainEntityOfPage\":{\"@id\":\"https:\/\/vosgesinfo.fr\/epinalinfo\/2025\/12\/thaon-les-vosges-luimm-lorraine-appelle-a-des-decisions-rapides-pour-sauver-lindustrie\/\"},\"wordCount\":670,\"commentCount\":1,\"publisher\":{\"@id\":\"https:\/\/vosgesinfo.fr\/epinalinfo\/#organization\"},\"image\":{\"@id\":\"https:\/\/vosgesinfo.fr\/epinalinfo\/2025\/12\/thaon-les-vosges-luimm-lorraine-appelle-a-des-decisions-rapides-pour-sauver-lindustrie\/#primaryimage\"},\"thumbnailUrl\":\"https:\/\/vosgesinfo.fr\/app\/uploads\/sites\/3\/2025\/12\/iumm-3.jpg\",\"articleSection\":[\"A la Une\",\"Epinal\",\"Vosges\"],\"inLanguage\":\"fr-FR\",\"potentialAction\":[{\"@type\":\"CommentAction\",\"name\":\"Comment\",\"target\":[\"https:\/\/vosgesinfo.fr\/epinalinfo\/2025\/12\/thaon-les-vosges-luimm-lorraine-appelle-a-des-decisions-rapides-pour-sauver-lindustrie\/#respond\"]}]},{\"@type\":\"WebPage\",\"@id\":\"https:\/\/vosgesinfo.fr\/epinalinfo\/2025\/12\/thaon-les-vosges-luimm-lorraine-appelle-a-des-decisions-rapides-pour-sauver-lindustrie\/\",\"url\":\"https:\/\/vosgesinfo.fr\/epinalinfo\/2025\/12\/thaon-les-vosges-luimm-lorraine-appelle-a-des-decisions-rapides-pour-sauver-lindustrie\/\",\"name\":\"Thaon-les-Vosges : l\u2019UIMM Lorraine appelle \u00e0 des d\u00e9cisions rapides pour sauver l\u2019industrie - Epinal Info\",\"isPartOf\":{\"@id\":\"https:\/\/vosgesinfo.fr\/epinalinfo\/#website\"},\"primaryImageOfPage\":{\"@id\":\"https:\/\/vosgesinfo.fr\/epinalinfo\/2025\/12\/thaon-les-vosges-luimm-lorraine-appelle-a-des-decisions-rapides-pour-sauver-lindustrie\/#primaryimage\"},\"image\":{\"@id\":\"https:\/\/vosgesinfo.fr\/epinalinfo\/2025\/12\/thaon-les-vosges-luimm-lorraine-appelle-a-des-decisions-rapides-pour-sauver-lindustrie\/#primaryimage\"},\"thumbnailUrl\":\"https:\/\/vosgesinfo.fr\/app\/uploads\/sites\/3\/2025\/12\/iumm-3.jpg\",\"datePublished\":\"2025-12-12T06:29:31+00:00\",\"dateModified\":\"2025-12-11T19:33:41+00:00\",\"breadcrumb\":{\"@id\":\"https:\/\/vosgesinfo.fr\/epinalinfo\/2025\/12\/thaon-les-vosges-luimm-lorraine-appelle-a-des-decisions-rapides-pour-sauver-lindustrie\/#breadcrumb\"},\"inLanguage\":\"fr-FR\",\"potentialAction\":[{\"@type\":\"ReadAction\",\"target\":[\"https:\/\/vosgesinfo.fr\/epinalinfo\/2025\/12\/thaon-les-vosges-luimm-lorraine-appelle-a-des-decisions-rapides-pour-sauver-lindustrie\/\"]}]},{\"@type\":\"ImageObject\",\"inLanguage\":\"fr-FR\",\"@id\":\"https:\/\/vosgesinfo.fr\/epinalinfo\/2025\/12\/thaon-les-vosges-luimm-lorraine-appelle-a-des-decisions-rapides-pour-sauver-lindustrie\/#primaryimage\",\"url\":\"https:\/\/vosgesinfo.fr\/app\/uploads\/sites\/3\/2025\/12\/iumm-3.jpg\",\"contentUrl\":\"https:\/\/vosgesinfo.fr\/app\/uploads\/sites\/3\/2025\/12\/iumm-3.jpg\",\"width\":876,\"height\":1080},{\"@type\":\"BreadcrumbList\",\"@id\":\"https:\/\/vosgesinfo.fr\/epinalinfo\/2025\/12\/thaon-les-vosges-luimm-lorraine-appelle-a-des-decisions-rapides-pour-sauver-lindustrie\/#breadcrumb\",\"itemListElement\":[{\"@type\":\"ListItem\",\"position\":1,\"name\":\"Home\",\"item\":\"https:\/\/vosgesinfo.fr\/epinalinfo\/\"},{\"@type\":\"ListItem\",\"position\":2,\"name\":\"Thaon-les-Vosges : l\u2019UIMM Lorraine appelle \u00e0 des d\u00e9cisions rapides pour sauver l\u2019industrie\"}]},{\"@type\":\"WebSite\",\"@id\":\"https:\/\/vosgesinfo.fr\/epinalinfo\/#website\",\"url\":\"https:\/\/vosgesinfo.fr\/epinalinfo\/\",\"name\":\"Epinal Info\",\"description\":\"Toute l&#039;actualit\u00e9 d&#039;\u00c9pinal\",\"publisher\":{\"@id\":\"https:\/\/vosgesinfo.fr\/epinalinfo\/#organization\"},\"alternateName\":\"Toute l'actualit\u00e9 d'\u00c9pinal\",\"potentialAction\":[{\"@type\":\"SearchAction\",\"target\":{\"@type\":\"EntryPoint\",\"urlTemplate\":\"https:\/\/vosgesinfo.fr\/epinalinfo\/?s={search_term_string}\"},\"query-input\":\"required name=search_term_string\"}],\"inLanguage\":\"fr-FR\"},{\"@type\":\"Organization\",\"@id\":\"https:\/\/vosgesinfo.fr\/epinalinfo\/#organization\",\"name\":\"Epinal Info\",\"url\":\"https:\/\/vosgesinfo.fr\/epinalinfo\/\",\"logo\":{\"@type\":\"ImageObject\",\"inLanguage\":\"fr-FR\",\"@id\":\"https:\/\/vosgesinfo.fr\/epinalinfo\/#\/schema\/logo\/image\/\",\"url\":\"https:\/\/vosgesinfo.fr\/app\/uploads\/sites\/3\/2023\/08\/logo-epinalinfos.svg\",\"contentUrl\":\"https:\/\/vosgesinfo.fr\/app\/uploads\/sites\/3\/2023\/08\/logo-epinalinfos.svg\",\"width\":1,\"height\":1,\"caption\":\"Epinal Info\"},\"image\":{\"@id\":\"https:\/\/vosgesinfo.fr\/epinalinfo\/#\/schema\/logo\/image\/\"},\"sameAs\":[\"https:\/\/www.facebook.com\/Epinalinfos\",\"https:\/\/x.com\/VosgesInfo88\",\"https:\/\/www.youtube.com\/@vosgesinfo\"]},{\"@type\":\"Person\",\"@id\":\"https:\/\/vosgesinfo.fr\/epinalinfo\/#\/schema\/person\/6f9a650eeea99d969b6c4ab78fccbe81\",\"name\":\"C.K.\",\"image\":{\"@type\":\"ImageObject\",\"inLanguage\":\"fr-FR\",\"@id\":\"https:\/\/vosgesinfo.fr\/epinalinfo\/#\/schema\/person\/image\/\",\"url\":\"https:\/\/secure.gravatar.com\/avatar\/48e3fc7f8421ba8942be6b74a2b7f014ca39bc00dece156b7a8e098ae7dc87bf?s=96&d=mm&r=g\",\"contentUrl\":\"https:\/\/secure.gravatar.com\/avatar\/48e3fc7f8421ba8942be6b74a2b7f014ca39bc00dece156b7a8e098ae7dc87bf?s=96&d=mm&r=g\",\"caption\":\"C.K.\"},\"url\":\"https:\/\/vosgesinfo.fr\/epinalinfo\/author\/celia-k-n\/\"}]}<\/script>\n<!-- \/ Yoast SEO plugin. -->","yoast_head_json":{"title":"Thaon-les-Vosges : l\u2019UIMM Lorraine appelle \u00e0 des d\u00e9cisions rapides pour sauver l\u2019industrie - Epinal Info","robots":{"index":"index","follow":"follow","max-snippet":"max-snippet:-1","max-image-preview":"max-image-preview:large","max-video-preview":"max-video-preview:-1"},"canonical":"https:\/\/vosgesinfo.fr\/epinalinfo\/2025\/12\/thaon-les-vosges-luimm-lorraine-appelle-a-des-decisions-rapides-pour-sauver-lindustrie\/","twitter_card":"summary_large_image","twitter_title":"Thaon-les-Vosges : l\u2019UIMM Lorraine appelle \u00e0 des d\u00e9cisions rapides pour sauver l\u2019industrie - Epinal Info","twitter_description":"Jeudi 11 d\u00e9cembre, l\u2019UIMM Lorraine tenait une conf\u00e9rence de presse \u00e0 Thaon-les-Vosges pour alerter sur l\u2019\u00e9cart croissant entre les discours [&hellip;]","twitter_image":"https:\/\/vosgesinfo.fr\/app\/uploads\/sites\/3\/2025\/12\/iumm-3.jpg","twitter_creator":"@VosgesInfo88","twitter_site":"@VosgesInfo88","twitter_misc":{"\u00c9crit par":"C.K.","Dur\u00e9e de lecture estim\u00e9e":"3 minutes"},"schema":{"@context":"https:\/\/schema.org","@graph":[{"@type":"Article","@id":"https:\/\/vosgesinfo.fr\/epinalinfo\/2025\/12\/thaon-les-vosges-luimm-lorraine-appelle-a-des-decisions-rapides-pour-sauver-lindustrie\/#article","isPartOf":{"@id":"https:\/\/vosgesinfo.fr\/epinalinfo\/2025\/12\/thaon-les-vosges-luimm-lorraine-appelle-a-des-decisions-rapides-pour-sauver-lindustrie\/"},"author":{"name":"C.K.","@id":"https:\/\/vosgesinfo.fr\/epinalinfo\/#\/schema\/person\/6f9a650eeea99d969b6c4ab78fccbe81"},"headline":"Thaon-les-Vosges : l\u2019UIMM Lorraine appelle \u00e0 des d\u00e9cisions rapides pour sauver l\u2019industrie","datePublished":"2025-12-12T06:29:31+00:00","dateModified":"2025-12-11T19:33:41+00:00","mainEntityOfPage":{"@id":"https:\/\/vosgesinfo.fr\/epinalinfo\/2025\/12\/thaon-les-vosges-luimm-lorraine-appelle-a-des-decisions-rapides-pour-sauver-lindustrie\/"},"wordCount":670,"commentCount":1,"publisher":{"@id":"https:\/\/vosgesinfo.fr\/epinalinfo\/#organization"},"image":{"@id":"https:\/\/vosgesinfo.fr\/epinalinfo\/2025\/12\/thaon-les-vosges-luimm-lorraine-appelle-a-des-decisions-rapides-pour-sauver-lindustrie\/#primaryimage"},"thumbnailUrl":"https:\/\/vosgesinfo.fr\/app\/uploads\/sites\/3\/2025\/12\/iumm-3.jpg","articleSection":["A la Une","Epinal","Vosges"],"inLanguage":"fr-FR","potentialAction":[{"@type":"CommentAction","name":"Comment","target":["https:\/\/vosgesinfo.fr\/epinalinfo\/2025\/12\/thaon-les-vosges-luimm-lorraine-appelle-a-des-decisions-rapides-pour-sauver-lindustrie\/#respond"]}]},{"@type":"WebPage","@id":"https:\/\/vosgesinfo.fr\/epinalinfo\/2025\/12\/thaon-les-vosges-luimm-lorraine-appelle-a-des-decisions-rapides-pour-sauver-lindustrie\/","url":"https:\/\/vosgesinfo.fr\/epinalinfo\/2025\/12\/thaon-les-vosges-luimm-lorraine-appelle-a-des-decisions-rapides-pour-sauver-lindustrie\/","name":"Thaon-les-Vosges : l\u2019UIMM Lorraine appelle \u00e0 des d\u00e9cisions rapides pour sauver l\u2019industrie - Epinal Info","isPartOf":{"@id":"https:\/\/vosgesinfo.fr\/epinalinfo\/#website"},"primaryImageOfPage":{"@id":"https:\/\/vosgesinfo.fr\/epinalinfo\/2025\/12\/thaon-les-vosges-luimm-lorraine-appelle-a-des-decisions-rapides-pour-sauver-lindustrie\/#primaryimage"},"image":{"@id":"https:\/\/vosgesinfo.fr\/epinalinfo\/2025\/12\/thaon-les-vosges-luimm-lorraine-appelle-a-des-decisions-rapides-pour-sauver-lindustrie\/#primaryimage"},"thumbnailUrl":"https:\/\/vosgesinfo.fr\/app\/uploads\/sites\/3\/2025\/12\/iumm-3.jpg","datePublished":"2025-12-12T06:29:31+00:00","dateModified":"2025-12-11T19:33:41+00:00","breadcrumb":{"@id":"https:\/\/vosgesinfo.fr\/epinalinfo\/2025\/12\/thaon-les-vosges-luimm-lorraine-appelle-a-des-decisions-rapides-pour-sauver-lindustrie\/#breadcrumb"},"inLanguage":"fr-FR","potentialAction":[{"@type":"ReadAction","target":["https:\/\/vosgesinfo.fr\/epinalinfo\/2025\/12\/thaon-les-vosges-luimm-lorraine-appelle-a-des-decisions-rapides-pour-sauver-lindustrie\/"]}]},{"@type":"ImageObject","inLanguage":"fr-FR","@id":"https:\/\/vosgesinfo.fr\/epinalinfo\/2025\/12\/thaon-les-vosges-luimm-lorraine-appelle-a-des-decisions-rapides-pour-sauver-lindustrie\/#primaryimage","url":"https:\/\/vosgesinfo.fr\/app\/uploads\/sites\/3\/2025\/12\/iumm-3.jpg","contentUrl":"https:\/\/vosgesinfo.fr\/app\/uploads\/sites\/3\/2025\/12\/iumm-3.jpg","width":876,"height":1080},{"@type":"BreadcrumbList","@id":"https:\/\/vosgesinfo.fr\/epinalinfo\/2025\/12\/thaon-les-vosges-luimm-lorraine-appelle-a-des-decisions-rapides-pour-sauver-lindustrie\/#breadcrumb","itemListElement":[{"@type":"ListItem","position":1,"name":"Home","item":"https:\/\/vosgesinfo.fr\/epinalinfo\/"},{"@type":"ListItem","position":2,"name":"Thaon-les-Vosges : l\u2019UIMM Lorraine appelle \u00e0 des d\u00e9cisions rapides pour sauver l\u2019industrie"}]},{"@type":"WebSite","@id":"https:\/\/vosgesinfo.fr\/epinalinfo\/#website","url":"https:\/\/vosgesinfo.fr\/epinalinfo\/","name":"Epinal Info","description":"Toute l&#039;actualit\u00e9 d&#039;\u00c9pinal","publisher":{"@id":"https:\/\/vosgesinfo.fr\/epinalinfo\/#organization"},"alternateName":"Toute l'actualit\u00e9 d'\u00c9pinal","potentialAction":[{"@type":"SearchAction","target":{"@type":"EntryPoint","urlTemplate":"https:\/\/vosgesinfo.fr\/epinalinfo\/?s={search_term_string}"},"query-input":"required name=search_term_string"}],"inLanguage":"fr-FR"},{"@type":"Organization","@id":"https:\/\/vosgesinfo.fr\/epinalinfo\/#organization","name":"Epinal Info","url":"https:\/\/vosgesinfo.fr\/epinalinfo\/","logo":{"@type":"ImageObject","inLanguage":"fr-FR","@id":"https:\/\/vosgesinfo.fr\/epinalinfo\/#\/schema\/logo\/image\/","url":"https:\/\/vosgesinfo.fr\/app\/uploads\/sites\/3\/2023\/08\/logo-epinalinfos.svg","contentUrl":"https:\/\/vosgesinfo.fr\/app\/uploads\/sites\/3\/2023\/08\/logo-epinalinfos.svg","width":1,"height":1,"caption":"Epinal Info"},"image":{"@id":"https:\/\/vosgesinfo.fr\/epinalinfo\/#\/schema\/logo\/image\/"},"sameAs":["https:\/\/www.facebook.com\/Epinalinfos","https:\/\/x.com\/VosgesInfo88","https:\/\/www.youtube.com\/@vosgesinfo"]},{"@type":"Person","@id":"https:\/\/vosgesinfo.fr\/epinalinfo\/#\/schema\/person\/6f9a650eeea99d969b6c4ab78fccbe81","name":"C.K.","image":{"@type":"ImageObject","inLanguage":"fr-FR","@id":"https:\/\/vosgesinfo.fr\/epinalinfo\/#\/schema\/person\/image\/","url":"https:\/\/secure.gravatar.com\/avatar\/48e3fc7f8421ba8942be6b74a2b7f014ca39bc00dece156b7a8e098ae7dc87bf?s=96&d=mm&r=g","contentUrl":"https:\/\/secure.gravatar.com\/avatar\/48e3fc7f8421ba8942be6b74a2b7f014ca39bc00dece156b7a8e098ae7dc87bf?s=96&d=mm&r=g","caption":"C.K."},"url":"https:\/\/vosgesinfo.fr\/epinalinfo\/author\/celia-k-n\/"}]}},"_links":{"self":[{"href":"https:\/\/vosgesinfo.fr\/epinalinfo\/wp-json\/wp\/v2\/posts\/138111","targetHints":{"allow":["GET"]}}],"collection":[{"href":"https:\/\/vosgesinfo.fr\/epinalinfo\/wp-json\/wp\/v2\/posts"}],"about":[{"href":"https:\/\/vosgesinfo.fr\/epinalinfo\/wp-json\/wp\/v2\/types\/post"}],"author":[{"embeddable":true,"href":"https:\/\/vosgesinfo.fr\/epinalinfo\/wp-json\/wp\/v2\/users\/52"}],"replies":[{"embeddable":true,"href":"https:\/\/vosgesinfo.fr\/epinalinfo\/wp-json\/wp\/v2\/comments?post=138111"}],"version-history":[{"count":1,"href":"https:\/\/vosgesinfo.fr\/epinalinfo\/wp-json\/wp\/v2\/posts\/138111\/revisions"}],"predecessor-version":[{"id":138115,"href":"https:\/\/vosgesinfo.fr\/epinalinfo\/wp-json\/wp\/v2\/posts\/138111\/revisions\/138115"}],"wp:featuredmedia":[{"embeddable":true,"href":"https:\/\/vosgesinfo.fr\/epinalinfo\/wp-json\/wp\/v2\/media\/138112"}],"wp:attachment":[{"href":"https:\/\/vosgesinfo.fr\/epinalinfo\/wp-json\/wp\/v2\/media?parent=138111"}],"wp:term":[{"taxonomy":"category","embeddable":true,"href":"https:\/\/vosgesinfo.fr\/epinalinfo\/wp-json\/wp\/v2\/categories?post=138111"},{"taxonomy":"post_tag","embeddable":true,"href":"https:\/\/vosgesinfo.fr\/epinalinfo\/wp-json\/wp\/v2\/tags?post=138111"}],"curies":[{"name":"wp","href":"https:\/\/api.w.org\/{rel}","templated":true}]}}