{"id":139132,"date":"2026-01-22T07:00:58","date_gmt":"2026-01-22T06:00:58","guid":{"rendered":"https:\/\/vosgesinfo.fr\/epinalinfo\/?p=139132"},"modified":"2026-01-21T18:26:49","modified_gmt":"2026-01-21T17:26:49","slug":"bruyeres-concretise-sa-demarche-ville-amie-des-aines","status":"publish","type":"post","link":"https:\/\/vosgesinfo.fr\/epinalinfo\/2026\/01\/bruyeres-concretise-sa-demarche-ville-amie-des-aines\/","title":{"rendered":"Bruy\u00e8res concr\u00e9tise sa d\u00e9marche \u00ab Ville amie des a\u00een\u00e9s \u00bb"},"content":{"rendered":"<div class=\"x_elementToProof\" data-olk-copy-source=\"MessageBody\"><a href=\"https:\/\/vosgesinfo.fr\/app\/uploads\/sites\/3\/2025\/06\/personne-agee.jpg\"><img decoding=\"async\" class=\"aligncenter size-full wp-image-132922\" src=\"https:\/\/vosgesinfo.fr\/app\/uploads\/sites\/3\/2025\/06\/personne-agee.jpg\" alt=\"\" width=\"960\" height=\"640\" srcset=\"https:\/\/vosgesinfo.fr\/app\/uploads\/sites\/3\/2025\/06\/personne-agee.jpg 960w, https:\/\/vosgesinfo.fr\/app\/uploads\/sites\/3\/2025\/06\/personne-agee-300x200.jpg 300w, https:\/\/vosgesinfo.fr\/app\/uploads\/sites\/3\/2025\/06\/personne-agee-768x512.jpg 768w\" sizes=\"(max-width: 960px) 100vw, 960px\" \/><\/a>Apr\u00e8s plusieurs mois de travail men\u00e9s aux c\u00f4t\u00e9s du Conseil des Sages, des habitants et de la charg\u00e9e de projet, la d\u00e9marche \u00ab Ville amie des a\u00een\u00e9s \u00bb se concr\u00e9tise \u00e0 Bruy\u00e8res.<\/div>\n<div class=\"x_elementToProof\">Une nouvelle \u00e9tape s\u2019ouvre d\u00e9sormais avec l\u2019\u00e9laboration de la feuille de route, indispensable \u00e0 la mise en \u0153uvre d\u2019actions concr\u00e8tes visant \u00e0 adapter la commune au vieillissement de la population. Cette d\u00e9marche s\u2019inscrit dans une volont\u00e9 collective de rendre la ville plus accessible et plus inclusive.<\/div>\n<div class=\"x_elementToProof\">Les projets \u00e0 venir b\u00e9n\u00e9ficieront \u00e0 l\u2019ensemble des habitants : seniors, personnes \u00e0 mobilit\u00e9 r\u00e9duite, femmes enceintes, familles avec enfants, et plus largement \u00e0 tous les usagers de l\u2019espace public.<\/div>\n<div class=\"x_elementToProof\">Dans ce cadre, les personnes de plus de 60 ans sont invit\u00e9es \u00e0 participer \u00e0 une r\u00e9union de concertation le <b>12 f\u00e9vrier 2026 \u00e0 17h, \u00e0 la mairie de Bruy\u00e8res<\/b>.<\/div>\n<div class=\"x_elementToProof\">Cette rencontre sera l\u2019occasion de pr\u00e9senter :<\/div>\n<ul data-end=\"1245\" data-start=\"1070\">\n<li>\n<div class=\"x_elementToProof\" role=\"presentation\">la restitution du diagnostic du territoire ;<\/div>\n<\/li>\n<li>\n<div class=\"x_elementToProof\" role=\"presentation\">les r\u00e9sultats de la concertation men\u00e9e aupr\u00e8s des habitants ;<\/div>\n<\/li>\n<li>\n<div class=\"x_elementToProof\" role=\"presentation\">un temps d\u2019\u00e9changes autour des actions prioritaires \u00e0 engager.<\/div>\n<\/li>\n<\/ul>\n<div class=\"x_elementToProof\">La r\u00e9ussite de ce projet repose sur la participation active des habitants. Leur implication est essentielle pour construire une ville adapt\u00e9e aux besoins de chacun.<\/div>\n","protected":false},"excerpt":{"rendered":"<p>Apr\u00e8s plusieurs mois de travail men\u00e9s aux c\u00f4t\u00e9s du Conseil des Sages, des habitants et de la charg\u00e9e de projet, [&hellip;]<\/p>\n","protected":false},"author":52,"featured_media":132922,"comment_status":"open","ping_status":"open","sticky":false,"template":"","format":"standard","meta":{"footnotes":""},"categories":[22,60,24],"tags":[],"class_list":["post-139132","post","type-post","status-publish","format-standard","has-post-thumbnail","hentry","category-a-la-une","category-bruyeres","category-epinal"],"acf":[],"yoast_head":"<!-- This site is optimized with the Yoast SEO plugin v22.5 - https:\/\/yoast.com\/wordpress\/plugins\/seo\/ -->\n<title>Bruy\u00e8res concr\u00e9tise sa d\u00e9marche \u00ab Ville amie des a\u00een\u00e9s \u00bb - Epinal Info<\/title>\n<meta name=\"robots\" content=\"index, follow, max-snippet:-1, max-image-preview:large, max-video-preview:-1\" \/>\n<link rel=\"canonical\" href=\"https:\/\/vosgesinfo.fr\/epinalinfo\/2026\/01\/bruyeres-concretise-sa-demarche-ville-amie-des-aines\/\" \/>\n<meta name=\"twitter:card\" content=\"summary_large_image\" \/>\n<meta name=\"twitter:title\" content=\"Bruy\u00e8res concr\u00e9tise sa d\u00e9marche \u00ab Ville amie des a\u00een\u00e9s \u00bb - Epinal Info\" \/>\n<meta name=\"twitter:description\" content=\"Apr\u00e8s plusieurs mois de travail men\u00e9s aux c\u00f4t\u00e9s du Conseil des Sages, des habitants et de la charg\u00e9e de projet, [&hellip;]\" \/>\n<meta name=\"twitter:image\" content=\"https:\/\/vosgesinfo.fr\/app\/uploads\/sites\/3\/2025\/06\/personne-agee.jpg\" \/>\n<meta name=\"twitter:creator\" content=\"@VosgesInfo88\" \/>\n<meta name=\"twitter:site\" content=\"@VosgesInfo88\" \/>\n<meta name=\"twitter:label1\" content=\"\u00c9crit par\" \/>\n\t<meta name=\"twitter:data1\" content=\"C.K.\" \/>\n\t<meta name=\"twitter:label2\" content=\"Dur\u00e9e de lecture estim\u00e9e\" \/>\n\t<meta name=\"twitter:data2\" content=\"1 minute\" \/>\n<script type=\"application\/ld+json\" class=\"yoast-schema-graph\">{\"@context\":\"https:\/\/schema.org\",\"@graph\":[{\"@type\":\"Article\",\"@id\":\"https:\/\/vosgesinfo.fr\/epinalinfo\/2026\/01\/bruyeres-concretise-sa-demarche-ville-amie-des-aines\/#article\",\"isPartOf\":{\"@id\":\"https:\/\/vosgesinfo.fr\/epinalinfo\/2026\/01\/bruyeres-concretise-sa-demarche-ville-amie-des-aines\/\"},\"author\":{\"name\":\"C.K.\",\"@id\":\"https:\/\/vosgesinfo.fr\/epinalinfo\/#\/schema\/person\/6f9a650eeea99d969b6c4ab78fccbe81\"},\"headline\":\"Bruy\u00e8res concr\u00e9tise sa d\u00e9marche \u00ab Ville amie des a\u00een\u00e9s \u00bb\",\"datePublished\":\"2026-01-22T06:00:58+00:00\",\"dateModified\":\"2026-01-21T17:26:49+00:00\",\"mainEntityOfPage\":{\"@id\":\"https:\/\/vosgesinfo.fr\/epinalinfo\/2026\/01\/bruyeres-concretise-sa-demarche-ville-amie-des-aines\/\"},\"wordCount\":222,\"commentCount\":0,\"publisher\":{\"@id\":\"https:\/\/vosgesinfo.fr\/epinalinfo\/#organization\"},\"image\":{\"@id\":\"https:\/\/vosgesinfo.fr\/epinalinfo\/2026\/01\/bruyeres-concretise-sa-demarche-ville-amie-des-aines\/#primaryimage\"},\"thumbnailUrl\":\"https:\/\/vosgesinfo.fr\/app\/uploads\/sites\/3\/2025\/06\/personne-agee.jpg\",\"articleSection\":[\"A la Une\",\"Bruy\u00e8res\",\"Epinal\"],\"inLanguage\":\"fr-FR\",\"potentialAction\":[{\"@type\":\"CommentAction\",\"name\":\"Comment\",\"target\":[\"https:\/\/vosgesinfo.fr\/epinalinfo\/2026\/01\/bruyeres-concretise-sa-demarche-ville-amie-des-aines\/#respond\"]}]},{\"@type\":\"WebPage\",\"@id\":\"https:\/\/vosgesinfo.fr\/epinalinfo\/2026\/01\/bruyeres-concretise-sa-demarche-ville-amie-des-aines\/\",\"url\":\"https:\/\/vosgesinfo.fr\/epinalinfo\/2026\/01\/bruyeres-concretise-sa-demarche-ville-amie-des-aines\/\",\"name\":\"Bruy\u00e8res concr\u00e9tise sa d\u00e9marche \u00ab Ville amie des a\u00een\u00e9s \u00bb - Epinal Info\",\"isPartOf\":{\"@id\":\"https:\/\/vosgesinfo.fr\/epinalinfo\/#website\"},\"primaryImageOfPage\":{\"@id\":\"https:\/\/vosgesinfo.fr\/epinalinfo\/2026\/01\/bruyeres-concretise-sa-demarche-ville-amie-des-aines\/#primaryimage\"},\"image\":{\"@id\":\"https:\/\/vosgesinfo.fr\/epinalinfo\/2026\/01\/bruyeres-concretise-sa-demarche-ville-amie-des-aines\/#primaryimage\"},\"thumbnailUrl\":\"https:\/\/vosgesinfo.fr\/app\/uploads\/sites\/3\/2025\/06\/personne-agee.jpg\",\"datePublished\":\"2026-01-22T06:00:58+00:00\",\"dateModified\":\"2026-01-21T17:26:49+00:00\",\"breadcrumb\":{\"@id\":\"https:\/\/vosgesinfo.fr\/epinalinfo\/2026\/01\/bruyeres-concretise-sa-demarche-ville-amie-des-aines\/#breadcrumb\"},\"inLanguage\":\"fr-FR\",\"potentialAction\":[{\"@type\":\"ReadAction\",\"target\":[\"https:\/\/vosgesinfo.fr\/epinalinfo\/2026\/01\/bruyeres-concretise-sa-demarche-ville-amie-des-aines\/\"]}]},{\"@type\":\"ImageObject\",\"inLanguage\":\"fr-FR\",\"@id\":\"https:\/\/vosgesinfo.fr\/epinalinfo\/2026\/01\/bruyeres-concretise-sa-demarche-ville-amie-des-aines\/#primaryimage\",\"url\":\"https:\/\/vosgesinfo.fr\/app\/uploads\/sites\/3\/2025\/06\/personne-agee.jpg\",\"contentUrl\":\"https:\/\/vosgesinfo.fr\/app\/uploads\/sites\/3\/2025\/06\/personne-agee.jpg\",\"width\":960,\"height\":640},{\"@type\":\"BreadcrumbList\",\"@id\":\"https:\/\/vosgesinfo.fr\/epinalinfo\/2026\/01\/bruyeres-concretise-sa-demarche-ville-amie-des-aines\/#breadcrumb\",\"itemListElement\":[{\"@type\":\"ListItem\",\"position\":1,\"name\":\"Home\",\"item\":\"https:\/\/vosgesinfo.fr\/epinalinfo\/\"},{\"@type\":\"ListItem\",\"position\":2,\"name\":\"Bruy\u00e8res concr\u00e9tise sa d\u00e9marche \u00ab Ville amie des a\u00een\u00e9s \u00bb\"}]},{\"@type\":\"WebSite\",\"@id\":\"https:\/\/vosgesinfo.fr\/epinalinfo\/#website\",\"url\":\"https:\/\/vosgesinfo.fr\/epinalinfo\/\",\"name\":\"Epinal Info\",\"description\":\"Toute l&#039;actualit\u00e9 d&#039;\u00c9pinal\",\"publisher\":{\"@id\":\"https:\/\/vosgesinfo.fr\/epinalinfo\/#organization\"},\"alternateName\":\"Toute l'actualit\u00e9 d'\u00c9pinal\",\"potentialAction\":[{\"@type\":\"SearchAction\",\"target\":{\"@type\":\"EntryPoint\",\"urlTemplate\":\"https:\/\/vosgesinfo.fr\/epinalinfo\/?s={search_term_string}\"},\"query-input\":\"required name=search_term_string\"}],\"inLanguage\":\"fr-FR\"},{\"@type\":\"Organization\",\"@id\":\"https:\/\/vosgesinfo.fr\/epinalinfo\/#organization\",\"name\":\"Epinal Info\",\"url\":\"https:\/\/vosgesinfo.fr\/epinalinfo\/\",\"logo\":{\"@type\":\"ImageObject\",\"inLanguage\":\"fr-FR\",\"@id\":\"https:\/\/vosgesinfo.fr\/epinalinfo\/#\/schema\/logo\/image\/\",\"url\":\"https:\/\/vosgesinfo.fr\/app\/uploads\/sites\/3\/2023\/08\/logo-epinalinfos.svg\",\"contentUrl\":\"https:\/\/vosgesinfo.fr\/app\/uploads\/sites\/3\/2023\/08\/logo-epinalinfos.svg\",\"width\":1,\"height\":1,\"caption\":\"Epinal Info\"},\"image\":{\"@id\":\"https:\/\/vosgesinfo.fr\/epinalinfo\/#\/schema\/logo\/image\/\"},\"sameAs\":[\"https:\/\/www.facebook.com\/Epinalinfos\",\"https:\/\/x.com\/VosgesInfo88\",\"https:\/\/www.youtube.com\/@vosgesinfo\"]},{\"@type\":\"Person\",\"@id\":\"https:\/\/vosgesinfo.fr\/epinalinfo\/#\/schema\/person\/6f9a650eeea99d969b6c4ab78fccbe81\",\"name\":\"C.K.\",\"image\":{\"@type\":\"ImageObject\",\"inLanguage\":\"fr-FR\",\"@id\":\"https:\/\/vosgesinfo.fr\/epinalinfo\/#\/schema\/person\/image\/\",\"url\":\"https:\/\/secure.gravatar.com\/avatar\/48e3fc7f8421ba8942be6b74a2b7f014ca39bc00dece156b7a8e098ae7dc87bf?s=96&d=mm&r=g\",\"contentUrl\":\"https:\/\/secure.gravatar.com\/avatar\/48e3fc7f8421ba8942be6b74a2b7f014ca39bc00dece156b7a8e098ae7dc87bf?s=96&d=mm&r=g\",\"caption\":\"C.K.\"},\"url\":\"https:\/\/vosgesinfo.fr\/epinalinfo\/author\/celia-k-n\/\"}]}<\/script>\n<!-- \/ Yoast SEO plugin. -->","yoast_head_json":{"title":"Bruy\u00e8res concr\u00e9tise sa d\u00e9marche \u00ab Ville amie des a\u00een\u00e9s \u00bb - Epinal Info","robots":{"index":"index","follow":"follow","max-snippet":"max-snippet:-1","max-image-preview":"max-image-preview:large","max-video-preview":"max-video-preview:-1"},"canonical":"https:\/\/vosgesinfo.fr\/epinalinfo\/2026\/01\/bruyeres-concretise-sa-demarche-ville-amie-des-aines\/","twitter_card":"summary_large_image","twitter_title":"Bruy\u00e8res concr\u00e9tise sa d\u00e9marche \u00ab Ville amie des a\u00een\u00e9s \u00bb - Epinal Info","twitter_description":"Apr\u00e8s plusieurs mois de travail men\u00e9s aux c\u00f4t\u00e9s du Conseil des Sages, des habitants et de la charg\u00e9e de projet, [&hellip;]","twitter_image":"https:\/\/vosgesinfo.fr\/app\/uploads\/sites\/3\/2025\/06\/personne-agee.jpg","twitter_creator":"@VosgesInfo88","twitter_site":"@VosgesInfo88","twitter_misc":{"\u00c9crit par":"C.K.","Dur\u00e9e de lecture estim\u00e9e":"1 minute"},"schema":{"@context":"https:\/\/schema.org","@graph":[{"@type":"Article","@id":"https:\/\/vosgesinfo.fr\/epinalinfo\/2026\/01\/bruyeres-concretise-sa-demarche-ville-amie-des-aines\/#article","isPartOf":{"@id":"https:\/\/vosgesinfo.fr\/epinalinfo\/2026\/01\/bruyeres-concretise-sa-demarche-ville-amie-des-aines\/"},"author":{"name":"C.K.","@id":"https:\/\/vosgesinfo.fr\/epinalinfo\/#\/schema\/person\/6f9a650eeea99d969b6c4ab78fccbe81"},"headline":"Bruy\u00e8res concr\u00e9tise sa d\u00e9marche \u00ab Ville amie des a\u00een\u00e9s \u00bb","datePublished":"2026-01-22T06:00:58+00:00","dateModified":"2026-01-21T17:26:49+00:00","mainEntityOfPage":{"@id":"https:\/\/vosgesinfo.fr\/epinalinfo\/2026\/01\/bruyeres-concretise-sa-demarche-ville-amie-des-aines\/"},"wordCount":222,"commentCount":0,"publisher":{"@id":"https:\/\/vosgesinfo.fr\/epinalinfo\/#organization"},"image":{"@id":"https:\/\/vosgesinfo.fr\/epinalinfo\/2026\/01\/bruyeres-concretise-sa-demarche-ville-amie-des-aines\/#primaryimage"},"thumbnailUrl":"https:\/\/vosgesinfo.fr\/app\/uploads\/sites\/3\/2025\/06\/personne-agee.jpg","articleSection":["A la Une","Bruy\u00e8res","Epinal"],"inLanguage":"fr-FR","potentialAction":[{"@type":"CommentAction","name":"Comment","target":["https:\/\/vosgesinfo.fr\/epinalinfo\/2026\/01\/bruyeres-concretise-sa-demarche-ville-amie-des-aines\/#respond"]}]},{"@type":"WebPage","@id":"https:\/\/vosgesinfo.fr\/epinalinfo\/2026\/01\/bruyeres-concretise-sa-demarche-ville-amie-des-aines\/","url":"https:\/\/vosgesinfo.fr\/epinalinfo\/2026\/01\/bruyeres-concretise-sa-demarche-ville-amie-des-aines\/","name":"Bruy\u00e8res concr\u00e9tise sa d\u00e9marche \u00ab Ville amie des a\u00een\u00e9s \u00bb - Epinal Info","isPartOf":{"@id":"https:\/\/vosgesinfo.fr\/epinalinfo\/#website"},"primaryImageOfPage":{"@id":"https:\/\/vosgesinfo.fr\/epinalinfo\/2026\/01\/bruyeres-concretise-sa-demarche-ville-amie-des-aines\/#primaryimage"},"image":{"@id":"https:\/\/vosgesinfo.fr\/epinalinfo\/2026\/01\/bruyeres-concretise-sa-demarche-ville-amie-des-aines\/#primaryimage"},"thumbnailUrl":"https:\/\/vosgesinfo.fr\/app\/uploads\/sites\/3\/2025\/06\/personne-agee.jpg","datePublished":"2026-01-22T06:00:58+00:00","dateModified":"2026-01-21T17:26:49+00:00","breadcrumb":{"@id":"https:\/\/vosgesinfo.fr\/epinalinfo\/2026\/01\/bruyeres-concretise-sa-demarche-ville-amie-des-aines\/#breadcrumb"},"inLanguage":"fr-FR","potentialAction":[{"@type":"ReadAction","target":["https:\/\/vosgesinfo.fr\/epinalinfo\/2026\/01\/bruyeres-concretise-sa-demarche-ville-amie-des-aines\/"]}]},{"@type":"ImageObject","inLanguage":"fr-FR","@id":"https:\/\/vosgesinfo.fr\/epinalinfo\/2026\/01\/bruyeres-concretise-sa-demarche-ville-amie-des-aines\/#primaryimage","url":"https:\/\/vosgesinfo.fr\/app\/uploads\/sites\/3\/2025\/06\/personne-agee.jpg","contentUrl":"https:\/\/vosgesinfo.fr\/app\/uploads\/sites\/3\/2025\/06\/personne-agee.jpg","width":960,"height":640},{"@type":"BreadcrumbList","@id":"https:\/\/vosgesinfo.fr\/epinalinfo\/2026\/01\/bruyeres-concretise-sa-demarche-ville-amie-des-aines\/#breadcrumb","itemListElement":[{"@type":"ListItem","position":1,"name":"Home","item":"https:\/\/vosgesinfo.fr\/epinalinfo\/"},{"@type":"ListItem","position":2,"name":"Bruy\u00e8res concr\u00e9tise sa d\u00e9marche \u00ab Ville amie des a\u00een\u00e9s \u00bb"}]},{"@type":"WebSite","@id":"https:\/\/vosgesinfo.fr\/epinalinfo\/#website","url":"https:\/\/vosgesinfo.fr\/epinalinfo\/","name":"Epinal Info","description":"Toute l&#039;actualit\u00e9 d&#039;\u00c9pinal","publisher":{"@id":"https:\/\/vosgesinfo.fr\/epinalinfo\/#organization"},"alternateName":"Toute l'actualit\u00e9 d'\u00c9pinal","potentialAction":[{"@type":"SearchAction","target":{"@type":"EntryPoint","urlTemplate":"https:\/\/vosgesinfo.fr\/epinalinfo\/?s={search_term_string}"},"query-input":"required name=search_term_string"}],"inLanguage":"fr-FR"},{"@type":"Organization","@id":"https:\/\/vosgesinfo.fr\/epinalinfo\/#organization","name":"Epinal Info","url":"https:\/\/vosgesinfo.fr\/epinalinfo\/","logo":{"@type":"ImageObject","inLanguage":"fr-FR","@id":"https:\/\/vosgesinfo.fr\/epinalinfo\/#\/schema\/logo\/image\/","url":"https:\/\/vosgesinfo.fr\/app\/uploads\/sites\/3\/2023\/08\/logo-epinalinfos.svg","contentUrl":"https:\/\/vosgesinfo.fr\/app\/uploads\/sites\/3\/2023\/08\/logo-epinalinfos.svg","width":1,"height":1,"caption":"Epinal Info"},"image":{"@id":"https:\/\/vosgesinfo.fr\/epinalinfo\/#\/schema\/logo\/image\/"},"sameAs":["https:\/\/www.facebook.com\/Epinalinfos","https:\/\/x.com\/VosgesInfo88","https:\/\/www.youtube.com\/@vosgesinfo"]},{"@type":"Person","@id":"https:\/\/vosgesinfo.fr\/epinalinfo\/#\/schema\/person\/6f9a650eeea99d969b6c4ab78fccbe81","name":"C.K.","image":{"@type":"ImageObject","inLanguage":"fr-FR","@id":"https:\/\/vosgesinfo.fr\/epinalinfo\/#\/schema\/person\/image\/","url":"https:\/\/secure.gravatar.com\/avatar\/48e3fc7f8421ba8942be6b74a2b7f014ca39bc00dece156b7a8e098ae7dc87bf?s=96&d=mm&r=g","contentUrl":"https:\/\/secure.gravatar.com\/avatar\/48e3fc7f8421ba8942be6b74a2b7f014ca39bc00dece156b7a8e098ae7dc87bf?s=96&d=mm&r=g","caption":"C.K."},"url":"https:\/\/vosgesinfo.fr\/epinalinfo\/author\/celia-k-n\/"}]}},"_links":{"self":[{"href":"https:\/\/vosgesinfo.fr\/epinalinfo\/wp-json\/wp\/v2\/posts\/139132","targetHints":{"allow":["GET"]}}],"collection":[{"href":"https:\/\/vosgesinfo.fr\/epinalinfo\/wp-json\/wp\/v2\/posts"}],"about":[{"href":"https:\/\/vosgesinfo.fr\/epinalinfo\/wp-json\/wp\/v2\/types\/post"}],"author":[{"embeddable":true,"href":"https:\/\/vosgesinfo.fr\/epinalinfo\/wp-json\/wp\/v2\/users\/52"}],"replies":[{"embeddable":true,"href":"https:\/\/vosgesinfo.fr\/epinalinfo\/wp-json\/wp\/v2\/comments?post=139132"}],"version-history":[{"count":1,"href":"https:\/\/vosgesinfo.fr\/epinalinfo\/wp-json\/wp\/v2\/posts\/139132\/revisions"}],"predecessor-version":[{"id":139133,"href":"https:\/\/vosgesinfo.fr\/epinalinfo\/wp-json\/wp\/v2\/posts\/139132\/revisions\/139133"}],"wp:featuredmedia":[{"embeddable":true,"href":"https:\/\/vosgesinfo.fr\/epinalinfo\/wp-json\/wp\/v2\/media\/132922"}],"wp:attachment":[{"href":"https:\/\/vosgesinfo.fr\/epinalinfo\/wp-json\/wp\/v2\/media?parent=139132"}],"wp:term":[{"taxonomy":"category","embeddable":true,"href":"https:\/\/vosgesinfo.fr\/epinalinfo\/wp-json\/wp\/v2\/categories?post=139132"},{"taxonomy":"post_tag","embeddable":true,"href":"https:\/\/vosgesinfo.fr\/epinalinfo\/wp-json\/wp\/v2\/tags?post=139132"}],"curies":[{"name":"wp","href":"https:\/\/api.w.org\/{rel}","templated":true}]}}