{"id":139134,"date":"2026-01-22T07:28:09","date_gmt":"2026-01-22T06:28:09","guid":{"rendered":"https:\/\/vosgesinfo.fr\/epinalinfo\/?p=139134"},"modified":"2026-01-21T18:30:11","modified_gmt":"2026-01-21T17:30:11","slug":"une-histoire-des-tarifs-douaniers-jules-meline-ancetre-de-donald-trump","status":"publish","type":"post","link":"https:\/\/vosgesinfo.fr\/epinalinfo\/2026\/01\/une-histoire-des-tarifs-douaniers-jules-meline-ancetre-de-donald-trump\/","title":{"rendered":"Une histoire des tarifs douaniers : Jules M\u00e9line, anc\u00eatre de Donald Trump ?"},"content":{"rendered":"<h2><strong><a href=\"https:\/\/vosgesinfo.fr\/app\/uploads\/sites\/3\/2026\/01\/capture-decran-2026-01-21-182937.jpg\"><img decoding=\"async\" class=\"aligncenter size-full wp-image-139135\" src=\"https:\/\/vosgesinfo.fr\/app\/uploads\/sites\/3\/2026\/01\/capture-decran-2026-01-21-182937.jpg\" alt=\"\" width=\"628\" height=\"885\" srcset=\"https:\/\/vosgesinfo.fr\/app\/uploads\/sites\/3\/2026\/01\/capture-decran-2026-01-21-182937.jpg 628w, https:\/\/vosgesinfo.fr\/app\/uploads\/sites\/3\/2026\/01\/capture-decran-2026-01-21-182937-213x300.jpg 213w\" sizes=\"(max-width: 628px) 100vw, 628px\" \/><\/a>L\u2019Association du Vieux-Ch\u00e2tel propose une conf\u00e9rence d\u00e9localis\u00e9e \u00e0 Moriville consacr\u00e9e \u00e0 l\u2019histoire du protectionnisme et \u00e0 ses r\u00e9sonances contemporaines. Intitul\u00e9e \u00ab Une histoire des tarifs douaniers : Jules M\u00e9line, anc\u00eatre de Donald Trump ? \u00bb, cette rencontre se tiendra le samedi 7 f\u00e9vrier 2026, de 17h00 \u00e0 18h00, au Mori\u2019Vie, 6 grande rue \u00e0 Moriville.<\/strong><\/h2>\n<p>Anim\u00e9e par <strong>Jean-Fran\u00e7ois Culot<\/strong>, administrateur de l\u2019Association du Vieux-Ch\u00e2tel, passionn\u00e9 d\u2019histoire locale et chevalier du M\u00e9rite agricole, la conf\u00e9rence propose un regard crois\u00e9 entre la politique protectionniste men\u00e9e par <strong>Jules M\u00e9line<\/strong> \u00e0 la fin du XIX\u1d49 si\u00e8cle et certaines orientations commerciales adopt\u00e9es r\u00e9cemment par les <strong>\u00c9tats-Unis<\/strong>.<\/p>\n<p>En instaurant des barri\u00e8res douani\u00e8res pour prot\u00e9ger l\u2019agriculture et l\u2019industrie fran\u00e7aises, Jules M\u00e9line fondait son action sur l\u2019analyse des \u00e9carts de co\u00fbts entre nations. Lucide sur les risques d\u2019une concurrence artificiellement r\u00e9duite et sur le rel\u00e2chement possible des efforts en mati\u00e8re de productivit\u00e9, il soulignait d\u00e9j\u00e0 la n\u00e9cessit\u00e9 d\u2019un <strong>\u00c9tat moteur<\/strong> pour accompagner ces politiques.<\/p>\n<p>Malgr\u00e9 une \u00e9conomie mondiale profond\u00e9ment transform\u00e9e, la conf\u00e9rence met en lumi\u00e8re des <strong>cons\u00e9quences comparables<\/strong> observ\u00e9es aujourd\u2019hui, invitant le public \u00e0 r\u00e9fl\u00e9chir \u00e0 la <strong>permanence, aux effets et aux limites du protectionnisme<\/strong>.<\/p>\n<h2>Informations pratiques<\/h2>\n<ul>\n<li><strong>Date<\/strong> : Samedi 7 f\u00e9vrier 2026<\/li>\n<li><strong>Horaire<\/strong> : 17h00 \u2013 18h00<\/li>\n<li><strong>Lieu<\/strong> : Mori\u2019Vie, 6 grande rue, Moriville<\/li>\n<li><strong>Organisation<\/strong> : Association du Vieux-Ch\u00e2tel<\/li>\n<li><strong>Contacts<\/strong> : 06 31 15 00 36 | <a>reservation@vieux-chatel.fr<\/a><\/li>\n<\/ul>\n","protected":false},"excerpt":{"rendered":"<p>L\u2019Association du Vieux-Ch\u00e2tel propose une conf\u00e9rence d\u00e9localis\u00e9e \u00e0 Moriville consacr\u00e9e \u00e0 l\u2019histoire du protectionnisme et \u00e0 ses r\u00e9sonances contemporaines. Intitul\u00e9e [&hellip;]<\/p>\n","protected":false},"author":52,"featured_media":139135,"comment_status":"open","ping_status":"open","sticky":false,"template":"","format":"standard","meta":{"footnotes":""},"categories":[22,24],"tags":[],"class_list":["post-139134","post","type-post","status-publish","format-standard","has-post-thumbnail","hentry","category-a-la-une","category-epinal"],"acf":[],"yoast_head":"<!-- This site is optimized with the Yoast SEO plugin v22.5 - https:\/\/yoast.com\/wordpress\/plugins\/seo\/ -->\n<title>Une histoire des tarifs douaniers : Jules M\u00e9line, anc\u00eatre de Donald Trump ? - Epinal Info<\/title>\n<meta name=\"robots\" content=\"index, follow, max-snippet:-1, max-image-preview:large, max-video-preview:-1\" \/>\n<link rel=\"canonical\" href=\"https:\/\/vosgesinfo.fr\/epinalinfo\/2026\/01\/une-histoire-des-tarifs-douaniers-jules-meline-ancetre-de-donald-trump\/\" \/>\n<meta name=\"twitter:card\" content=\"summary_large_image\" \/>\n<meta name=\"twitter:title\" content=\"Une histoire des tarifs douaniers : Jules M\u00e9line, anc\u00eatre de Donald Trump ? - Epinal Info\" \/>\n<meta name=\"twitter:description\" content=\"L\u2019Association du Vieux-Ch\u00e2tel propose une conf\u00e9rence d\u00e9localis\u00e9e \u00e0 Moriville consacr\u00e9e \u00e0 l\u2019histoire du protectionnisme et \u00e0 ses r\u00e9sonances contemporaines. Intitul\u00e9e [&hellip;]\" \/>\n<meta name=\"twitter:image\" content=\"https:\/\/vosgesinfo.fr\/app\/uploads\/sites\/3\/2026\/01\/capture-decran-2026-01-21-182937.jpg\" \/>\n<meta name=\"twitter:creator\" content=\"@VosgesInfo88\" \/>\n<meta name=\"twitter:site\" content=\"@VosgesInfo88\" \/>\n<meta name=\"twitter:label1\" content=\"\u00c9crit par\" \/>\n\t<meta name=\"twitter:data1\" content=\"C.K.\" \/>\n\t<meta name=\"twitter:label2\" content=\"Dur\u00e9e de lecture estim\u00e9e\" \/>\n\t<meta name=\"twitter:data2\" content=\"1 minute\" \/>\n<script type=\"application\/ld+json\" class=\"yoast-schema-graph\">{\"@context\":\"https:\/\/schema.org\",\"@graph\":[{\"@type\":\"Article\",\"@id\":\"https:\/\/vosgesinfo.fr\/epinalinfo\/2026\/01\/une-histoire-des-tarifs-douaniers-jules-meline-ancetre-de-donald-trump\/#article\",\"isPartOf\":{\"@id\":\"https:\/\/vosgesinfo.fr\/epinalinfo\/2026\/01\/une-histoire-des-tarifs-douaniers-jules-meline-ancetre-de-donald-trump\/\"},\"author\":{\"name\":\"C.K.\",\"@id\":\"https:\/\/vosgesinfo.fr\/epinalinfo\/#\/schema\/person\/6f9a650eeea99d969b6c4ab78fccbe81\"},\"headline\":\"Une histoire des tarifs douaniers : Jules M\u00e9line, anc\u00eatre de Donald Trump ?\",\"datePublished\":\"2026-01-22T06:28:09+00:00\",\"dateModified\":\"2026-01-21T17:30:11+00:00\",\"mainEntityOfPage\":{\"@id\":\"https:\/\/vosgesinfo.fr\/epinalinfo\/2026\/01\/une-histoire-des-tarifs-douaniers-jules-meline-ancetre-de-donald-trump\/\"},\"wordCount\":259,\"commentCount\":1,\"publisher\":{\"@id\":\"https:\/\/vosgesinfo.fr\/epinalinfo\/#organization\"},\"image\":{\"@id\":\"https:\/\/vosgesinfo.fr\/epinalinfo\/2026\/01\/une-histoire-des-tarifs-douaniers-jules-meline-ancetre-de-donald-trump\/#primaryimage\"},\"thumbnailUrl\":\"https:\/\/vosgesinfo.fr\/app\/uploads\/sites\/3\/2026\/01\/capture-decran-2026-01-21-182937.jpg\",\"articleSection\":[\"A la Une\",\"Epinal\"],\"inLanguage\":\"fr-FR\",\"potentialAction\":[{\"@type\":\"CommentAction\",\"name\":\"Comment\",\"target\":[\"https:\/\/vosgesinfo.fr\/epinalinfo\/2026\/01\/une-histoire-des-tarifs-douaniers-jules-meline-ancetre-de-donald-trump\/#respond\"]}]},{\"@type\":\"WebPage\",\"@id\":\"https:\/\/vosgesinfo.fr\/epinalinfo\/2026\/01\/une-histoire-des-tarifs-douaniers-jules-meline-ancetre-de-donald-trump\/\",\"url\":\"https:\/\/vosgesinfo.fr\/epinalinfo\/2026\/01\/une-histoire-des-tarifs-douaniers-jules-meline-ancetre-de-donald-trump\/\",\"name\":\"Une histoire des tarifs douaniers : Jules M\u00e9line, anc\u00eatre de Donald Trump ? - Epinal Info\",\"isPartOf\":{\"@id\":\"https:\/\/vosgesinfo.fr\/epinalinfo\/#website\"},\"primaryImageOfPage\":{\"@id\":\"https:\/\/vosgesinfo.fr\/epinalinfo\/2026\/01\/une-histoire-des-tarifs-douaniers-jules-meline-ancetre-de-donald-trump\/#primaryimage\"},\"image\":{\"@id\":\"https:\/\/vosgesinfo.fr\/epinalinfo\/2026\/01\/une-histoire-des-tarifs-douaniers-jules-meline-ancetre-de-donald-trump\/#primaryimage\"},\"thumbnailUrl\":\"https:\/\/vosgesinfo.fr\/app\/uploads\/sites\/3\/2026\/01\/capture-decran-2026-01-21-182937.jpg\",\"datePublished\":\"2026-01-22T06:28:09+00:00\",\"dateModified\":\"2026-01-21T17:30:11+00:00\",\"breadcrumb\":{\"@id\":\"https:\/\/vosgesinfo.fr\/epinalinfo\/2026\/01\/une-histoire-des-tarifs-douaniers-jules-meline-ancetre-de-donald-trump\/#breadcrumb\"},\"inLanguage\":\"fr-FR\",\"potentialAction\":[{\"@type\":\"ReadAction\",\"target\":[\"https:\/\/vosgesinfo.fr\/epinalinfo\/2026\/01\/une-histoire-des-tarifs-douaniers-jules-meline-ancetre-de-donald-trump\/\"]}]},{\"@type\":\"ImageObject\",\"inLanguage\":\"fr-FR\",\"@id\":\"https:\/\/vosgesinfo.fr\/epinalinfo\/2026\/01\/une-histoire-des-tarifs-douaniers-jules-meline-ancetre-de-donald-trump\/#primaryimage\",\"url\":\"https:\/\/vosgesinfo.fr\/app\/uploads\/sites\/3\/2026\/01\/capture-decran-2026-01-21-182937.jpg\",\"contentUrl\":\"https:\/\/vosgesinfo.fr\/app\/uploads\/sites\/3\/2026\/01\/capture-decran-2026-01-21-182937.jpg\",\"width\":628,\"height\":885},{\"@type\":\"BreadcrumbList\",\"@id\":\"https:\/\/vosgesinfo.fr\/epinalinfo\/2026\/01\/une-histoire-des-tarifs-douaniers-jules-meline-ancetre-de-donald-trump\/#breadcrumb\",\"itemListElement\":[{\"@type\":\"ListItem\",\"position\":1,\"name\":\"Home\",\"item\":\"https:\/\/vosgesinfo.fr\/epinalinfo\/\"},{\"@type\":\"ListItem\",\"position\":2,\"name\":\"Une histoire des tarifs douaniers : Jules M\u00e9line, anc\u00eatre de Donald Trump ?\"}]},{\"@type\":\"WebSite\",\"@id\":\"https:\/\/vosgesinfo.fr\/epinalinfo\/#website\",\"url\":\"https:\/\/vosgesinfo.fr\/epinalinfo\/\",\"name\":\"Epinal Info\",\"description\":\"Toute l&#039;actualit\u00e9 d&#039;\u00c9pinal\",\"publisher\":{\"@id\":\"https:\/\/vosgesinfo.fr\/epinalinfo\/#organization\"},\"alternateName\":\"Toute l'actualit\u00e9 d'\u00c9pinal\",\"potentialAction\":[{\"@type\":\"SearchAction\",\"target\":{\"@type\":\"EntryPoint\",\"urlTemplate\":\"https:\/\/vosgesinfo.fr\/epinalinfo\/?s={search_term_string}\"},\"query-input\":\"required name=search_term_string\"}],\"inLanguage\":\"fr-FR\"},{\"@type\":\"Organization\",\"@id\":\"https:\/\/vosgesinfo.fr\/epinalinfo\/#organization\",\"name\":\"Epinal Info\",\"url\":\"https:\/\/vosgesinfo.fr\/epinalinfo\/\",\"logo\":{\"@type\":\"ImageObject\",\"inLanguage\":\"fr-FR\",\"@id\":\"https:\/\/vosgesinfo.fr\/epinalinfo\/#\/schema\/logo\/image\/\",\"url\":\"https:\/\/vosgesinfo.fr\/app\/uploads\/sites\/3\/2023\/08\/logo-epinalinfos.svg\",\"contentUrl\":\"https:\/\/vosgesinfo.fr\/app\/uploads\/sites\/3\/2023\/08\/logo-epinalinfos.svg\",\"width\":1,\"height\":1,\"caption\":\"Epinal Info\"},\"image\":{\"@id\":\"https:\/\/vosgesinfo.fr\/epinalinfo\/#\/schema\/logo\/image\/\"},\"sameAs\":[\"https:\/\/www.facebook.com\/Epinalinfos\",\"https:\/\/x.com\/VosgesInfo88\",\"https:\/\/www.youtube.com\/@vosgesinfo\"]},{\"@type\":\"Person\",\"@id\":\"https:\/\/vosgesinfo.fr\/epinalinfo\/#\/schema\/person\/6f9a650eeea99d969b6c4ab78fccbe81\",\"name\":\"C.K.\",\"image\":{\"@type\":\"ImageObject\",\"inLanguage\":\"fr-FR\",\"@id\":\"https:\/\/vosgesinfo.fr\/epinalinfo\/#\/schema\/person\/image\/\",\"url\":\"https:\/\/secure.gravatar.com\/avatar\/48e3fc7f8421ba8942be6b74a2b7f014ca39bc00dece156b7a8e098ae7dc87bf?s=96&d=mm&r=g\",\"contentUrl\":\"https:\/\/secure.gravatar.com\/avatar\/48e3fc7f8421ba8942be6b74a2b7f014ca39bc00dece156b7a8e098ae7dc87bf?s=96&d=mm&r=g\",\"caption\":\"C.K.\"},\"url\":\"https:\/\/vosgesinfo.fr\/epinalinfo\/author\/celia-k-n\/\"}]}<\/script>\n<!-- \/ Yoast SEO plugin. -->","yoast_head_json":{"title":"Une histoire des tarifs douaniers : Jules M\u00e9line, anc\u00eatre de Donald Trump ? - Epinal Info","robots":{"index":"index","follow":"follow","max-snippet":"max-snippet:-1","max-image-preview":"max-image-preview:large","max-video-preview":"max-video-preview:-1"},"canonical":"https:\/\/vosgesinfo.fr\/epinalinfo\/2026\/01\/une-histoire-des-tarifs-douaniers-jules-meline-ancetre-de-donald-trump\/","twitter_card":"summary_large_image","twitter_title":"Une histoire des tarifs douaniers : Jules M\u00e9line, anc\u00eatre de Donald Trump ? - Epinal Info","twitter_description":"L\u2019Association du Vieux-Ch\u00e2tel propose une conf\u00e9rence d\u00e9localis\u00e9e \u00e0 Moriville consacr\u00e9e \u00e0 l\u2019histoire du protectionnisme et \u00e0 ses r\u00e9sonances contemporaines. Intitul\u00e9e [&hellip;]","twitter_image":"https:\/\/vosgesinfo.fr\/app\/uploads\/sites\/3\/2026\/01\/capture-decran-2026-01-21-182937.jpg","twitter_creator":"@VosgesInfo88","twitter_site":"@VosgesInfo88","twitter_misc":{"\u00c9crit par":"C.K.","Dur\u00e9e de lecture estim\u00e9e":"1 minute"},"schema":{"@context":"https:\/\/schema.org","@graph":[{"@type":"Article","@id":"https:\/\/vosgesinfo.fr\/epinalinfo\/2026\/01\/une-histoire-des-tarifs-douaniers-jules-meline-ancetre-de-donald-trump\/#article","isPartOf":{"@id":"https:\/\/vosgesinfo.fr\/epinalinfo\/2026\/01\/une-histoire-des-tarifs-douaniers-jules-meline-ancetre-de-donald-trump\/"},"author":{"name":"C.K.","@id":"https:\/\/vosgesinfo.fr\/epinalinfo\/#\/schema\/person\/6f9a650eeea99d969b6c4ab78fccbe81"},"headline":"Une histoire des tarifs douaniers : Jules M\u00e9line, anc\u00eatre de Donald Trump ?","datePublished":"2026-01-22T06:28:09+00:00","dateModified":"2026-01-21T17:30:11+00:00","mainEntityOfPage":{"@id":"https:\/\/vosgesinfo.fr\/epinalinfo\/2026\/01\/une-histoire-des-tarifs-douaniers-jules-meline-ancetre-de-donald-trump\/"},"wordCount":259,"commentCount":1,"publisher":{"@id":"https:\/\/vosgesinfo.fr\/epinalinfo\/#organization"},"image":{"@id":"https:\/\/vosgesinfo.fr\/epinalinfo\/2026\/01\/une-histoire-des-tarifs-douaniers-jules-meline-ancetre-de-donald-trump\/#primaryimage"},"thumbnailUrl":"https:\/\/vosgesinfo.fr\/app\/uploads\/sites\/3\/2026\/01\/capture-decran-2026-01-21-182937.jpg","articleSection":["A la Une","Epinal"],"inLanguage":"fr-FR","potentialAction":[{"@type":"CommentAction","name":"Comment","target":["https:\/\/vosgesinfo.fr\/epinalinfo\/2026\/01\/une-histoire-des-tarifs-douaniers-jules-meline-ancetre-de-donald-trump\/#respond"]}]},{"@type":"WebPage","@id":"https:\/\/vosgesinfo.fr\/epinalinfo\/2026\/01\/une-histoire-des-tarifs-douaniers-jules-meline-ancetre-de-donald-trump\/","url":"https:\/\/vosgesinfo.fr\/epinalinfo\/2026\/01\/une-histoire-des-tarifs-douaniers-jules-meline-ancetre-de-donald-trump\/","name":"Une histoire des tarifs douaniers : Jules M\u00e9line, anc\u00eatre de Donald Trump ? - Epinal Info","isPartOf":{"@id":"https:\/\/vosgesinfo.fr\/epinalinfo\/#website"},"primaryImageOfPage":{"@id":"https:\/\/vosgesinfo.fr\/epinalinfo\/2026\/01\/une-histoire-des-tarifs-douaniers-jules-meline-ancetre-de-donald-trump\/#primaryimage"},"image":{"@id":"https:\/\/vosgesinfo.fr\/epinalinfo\/2026\/01\/une-histoire-des-tarifs-douaniers-jules-meline-ancetre-de-donald-trump\/#primaryimage"},"thumbnailUrl":"https:\/\/vosgesinfo.fr\/app\/uploads\/sites\/3\/2026\/01\/capture-decran-2026-01-21-182937.jpg","datePublished":"2026-01-22T06:28:09+00:00","dateModified":"2026-01-21T17:30:11+00:00","breadcrumb":{"@id":"https:\/\/vosgesinfo.fr\/epinalinfo\/2026\/01\/une-histoire-des-tarifs-douaniers-jules-meline-ancetre-de-donald-trump\/#breadcrumb"},"inLanguage":"fr-FR","potentialAction":[{"@type":"ReadAction","target":["https:\/\/vosgesinfo.fr\/epinalinfo\/2026\/01\/une-histoire-des-tarifs-douaniers-jules-meline-ancetre-de-donald-trump\/"]}]},{"@type":"ImageObject","inLanguage":"fr-FR","@id":"https:\/\/vosgesinfo.fr\/epinalinfo\/2026\/01\/une-histoire-des-tarifs-douaniers-jules-meline-ancetre-de-donald-trump\/#primaryimage","url":"https:\/\/vosgesinfo.fr\/app\/uploads\/sites\/3\/2026\/01\/capture-decran-2026-01-21-182937.jpg","contentUrl":"https:\/\/vosgesinfo.fr\/app\/uploads\/sites\/3\/2026\/01\/capture-decran-2026-01-21-182937.jpg","width":628,"height":885},{"@type":"BreadcrumbList","@id":"https:\/\/vosgesinfo.fr\/epinalinfo\/2026\/01\/une-histoire-des-tarifs-douaniers-jules-meline-ancetre-de-donald-trump\/#breadcrumb","itemListElement":[{"@type":"ListItem","position":1,"name":"Home","item":"https:\/\/vosgesinfo.fr\/epinalinfo\/"},{"@type":"ListItem","position":2,"name":"Une histoire des tarifs douaniers : Jules M\u00e9line, anc\u00eatre de Donald Trump ?"}]},{"@type":"WebSite","@id":"https:\/\/vosgesinfo.fr\/epinalinfo\/#website","url":"https:\/\/vosgesinfo.fr\/epinalinfo\/","name":"Epinal Info","description":"Toute l&#039;actualit\u00e9 d&#039;\u00c9pinal","publisher":{"@id":"https:\/\/vosgesinfo.fr\/epinalinfo\/#organization"},"alternateName":"Toute l'actualit\u00e9 d'\u00c9pinal","potentialAction":[{"@type":"SearchAction","target":{"@type":"EntryPoint","urlTemplate":"https:\/\/vosgesinfo.fr\/epinalinfo\/?s={search_term_string}"},"query-input":"required name=search_term_string"}],"inLanguage":"fr-FR"},{"@type":"Organization","@id":"https:\/\/vosgesinfo.fr\/epinalinfo\/#organization","name":"Epinal Info","url":"https:\/\/vosgesinfo.fr\/epinalinfo\/","logo":{"@type":"ImageObject","inLanguage":"fr-FR","@id":"https:\/\/vosgesinfo.fr\/epinalinfo\/#\/schema\/logo\/image\/","url":"https:\/\/vosgesinfo.fr\/app\/uploads\/sites\/3\/2023\/08\/logo-epinalinfos.svg","contentUrl":"https:\/\/vosgesinfo.fr\/app\/uploads\/sites\/3\/2023\/08\/logo-epinalinfos.svg","width":1,"height":1,"caption":"Epinal Info"},"image":{"@id":"https:\/\/vosgesinfo.fr\/epinalinfo\/#\/schema\/logo\/image\/"},"sameAs":["https:\/\/www.facebook.com\/Epinalinfos","https:\/\/x.com\/VosgesInfo88","https:\/\/www.youtube.com\/@vosgesinfo"]},{"@type":"Person","@id":"https:\/\/vosgesinfo.fr\/epinalinfo\/#\/schema\/person\/6f9a650eeea99d969b6c4ab78fccbe81","name":"C.K.","image":{"@type":"ImageObject","inLanguage":"fr-FR","@id":"https:\/\/vosgesinfo.fr\/epinalinfo\/#\/schema\/person\/image\/","url":"https:\/\/secure.gravatar.com\/avatar\/48e3fc7f8421ba8942be6b74a2b7f014ca39bc00dece156b7a8e098ae7dc87bf?s=96&d=mm&r=g","contentUrl":"https:\/\/secure.gravatar.com\/avatar\/48e3fc7f8421ba8942be6b74a2b7f014ca39bc00dece156b7a8e098ae7dc87bf?s=96&d=mm&r=g","caption":"C.K."},"url":"https:\/\/vosgesinfo.fr\/epinalinfo\/author\/celia-k-n\/"}]}},"_links":{"self":[{"href":"https:\/\/vosgesinfo.fr\/epinalinfo\/wp-json\/wp\/v2\/posts\/139134","targetHints":{"allow":["GET"]}}],"collection":[{"href":"https:\/\/vosgesinfo.fr\/epinalinfo\/wp-json\/wp\/v2\/posts"}],"about":[{"href":"https:\/\/vosgesinfo.fr\/epinalinfo\/wp-json\/wp\/v2\/types\/post"}],"author":[{"embeddable":true,"href":"https:\/\/vosgesinfo.fr\/epinalinfo\/wp-json\/wp\/v2\/users\/52"}],"replies":[{"embeddable":true,"href":"https:\/\/vosgesinfo.fr\/epinalinfo\/wp-json\/wp\/v2\/comments?post=139134"}],"version-history":[{"count":1,"href":"https:\/\/vosgesinfo.fr\/epinalinfo\/wp-json\/wp\/v2\/posts\/139134\/revisions"}],"predecessor-version":[{"id":139136,"href":"https:\/\/vosgesinfo.fr\/epinalinfo\/wp-json\/wp\/v2\/posts\/139134\/revisions\/139136"}],"wp:featuredmedia":[{"embeddable":true,"href":"https:\/\/vosgesinfo.fr\/epinalinfo\/wp-json\/wp\/v2\/media\/139135"}],"wp:attachment":[{"href":"https:\/\/vosgesinfo.fr\/epinalinfo\/wp-json\/wp\/v2\/media?parent=139134"}],"wp:term":[{"taxonomy":"category","embeddable":true,"href":"https:\/\/vosgesinfo.fr\/epinalinfo\/wp-json\/wp\/v2\/categories?post=139134"},{"taxonomy":"post_tag","embeddable":true,"href":"https:\/\/vosgesinfo.fr\/epinalinfo\/wp-json\/wp\/v2\/tags?post=139134"}],"curies":[{"name":"wp","href":"https:\/\/api.w.org\/{rel}","templated":true}]}}