{"id":139149,"date":"2026-01-22T14:23:10","date_gmt":"2026-01-22T13:23:10","guid":{"rendered":"https:\/\/vosgesinfo.fr\/epinalinfo\/?p=139149"},"modified":"2026-01-22T20:21:39","modified_gmt":"2026-01-22T19:21:39","slug":"hadol-les-gendarmes-mobilises-pour-prevenir-le-harcelement-et-les-dangers-du-numerique","status":"publish","type":"post","link":"https:\/\/vosgesinfo.fr\/epinalinfo\/2026\/01\/hadol-les-gendarmes-mobilises-pour-prevenir-le-harcelement-et-les-dangers-du-numerique\/","title":{"rendered":"Hadol : les gendarmes mobilis\u00e9s pour pr\u00e9venir le harc\u00e8lement et les dangers du num\u00e9rique"},"content":{"rendered":"<div id=\"attachment_139150\" style=\"width: 829px\" class=\"wp-caption aligncenter\"><a href=\"https:\/\/vosgesinfo.fr\/app\/uploads\/sites\/3\/2026\/01\/618229685-1319855023513927-1871965017077710342-n.jpg\"><img decoding=\"async\" aria-describedby=\"caption-attachment-139150\" class=\"size-large wp-image-139150\" src=\"https:\/\/vosgesinfo.fr\/app\/uploads\/sites\/3\/2026\/01\/618229685-1319855023513927-1871965017077710342-n-819x1024.jpg\" alt=\"\" width=\"819\" height=\"1024\" srcset=\"https:\/\/vosgesinfo.fr\/app\/uploads\/sites\/3\/2026\/01\/618229685-1319855023513927-1871965017077710342-n-819x1024.jpg 819w, https:\/\/vosgesinfo.fr\/app\/uploads\/sites\/3\/2026\/01\/618229685-1319855023513927-1871965017077710342-n-240x300.jpg 240w, https:\/\/vosgesinfo.fr\/app\/uploads\/sites\/3\/2026\/01\/618229685-1319855023513927-1871965017077710342-n-768x960.jpg 768w, https:\/\/vosgesinfo.fr\/app\/uploads\/sites\/3\/2026\/01\/618229685-1319855023513927-1871965017077710342-n.jpg 919w\" sizes=\"(max-width: 819px) 100vw, 819px\" \/><\/a><p id=\"caption-attachment-139150\" class=\"wp-caption-text\">photo gendarmerie des Vosges<\/p><\/div>\n<h2 data-start=\"181\" data-end=\"561\"><strong>Ce mardi 20 janvier, les gendarmes de la communaut\u00e9 de brigades de Xertigny se sont rendus au groupe scolaire de Hadol afin de mener une action de sensibilisation aupr\u00e8s des \u00e9l\u00e8ves. Cette intervention avait pour objectif de pr\u00e9venir les violences en milieu scolaire, le harc\u00e8lement, ainsi que les risques li\u00e9s \u00e0 l\u2019usage du num\u00e9rique et des r\u00e9seaux sociaux.<\/strong><\/h2>\n<p data-start=\"563\" data-end=\"883\">Au fil des \u00e9changes, les gendarmes ont abord\u00e9 des situations concr\u00e8tes, adapt\u00e9es \u00e0 l\u2019\u00e2ge des enfants, afin de leur permettre de mieux comprendre les comportements \u00e0 risque et les moyens de s\u2019en prot\u00e9ger. L\u2019accent a \u00e9t\u00e9 mis sur l\u2019importance de la parole, du respect des autres et du r\u00e9flexe d\u2019alerte en cas de difficult\u00e9.<\/p>\n<p data-start=\"885\" data-end=\"1142\">Men\u00e9es dans un climat \u00e0 la fois bienveillant et attentif, ces discussions ont permis aux \u00e9l\u00e8ves de poser leurs questions librement et de s\u2019exprimer sans crainte. Une d\u00e9marche \u00e9ducative essentielle pour favoriser un environnement scolaire serein et s\u00e9curis\u00e9.<\/p>\n<p data-start=\"1144\" data-end=\"1365\">Cette rencontre a \u00e9t\u00e9 largement appr\u00e9ci\u00e9e, tant par les enfants, attentifs et impliqu\u00e9s, que par les gendarmes, satisfaits de pouvoir \u00e9changer directement avec les plus jeunes et contribuer \u00e0 leur protection au quotidien.<\/p>\n","protected":false},"excerpt":{"rendered":"<p>Ce mardi 20 janvier, les gendarmes de la communaut\u00e9 de brigades de Xertigny se sont rendus au groupe scolaire de [&hellip;]<\/p>\n","protected":false},"author":52,"featured_media":139150,"comment_status":"closed","ping_status":"open","sticky":false,"template":"","format":"standard","meta":{"footnotes":""},"categories":[22,24],"tags":[],"class_list":["post-139149","post","type-post","status-publish","format-standard","has-post-thumbnail","hentry","category-a-la-une","category-epinal"],"acf":[],"yoast_head":"<!-- This site is optimized with the Yoast SEO plugin v22.5 - https:\/\/yoast.com\/wordpress\/plugins\/seo\/ -->\n<title>Hadol : les gendarmes mobilis\u00e9s pour pr\u00e9venir le harc\u00e8lement et les dangers du num\u00e9rique - Epinal Info<\/title>\n<meta name=\"robots\" content=\"index, follow, max-snippet:-1, max-image-preview:large, max-video-preview:-1\" \/>\n<link rel=\"canonical\" href=\"https:\/\/vosgesinfo.fr\/epinalinfo\/2026\/01\/hadol-les-gendarmes-mobilises-pour-prevenir-le-harcelement-et-les-dangers-du-numerique\/\" \/>\n<meta name=\"twitter:card\" content=\"summary_large_image\" \/>\n<meta name=\"twitter:title\" content=\"Hadol : les gendarmes mobilis\u00e9s pour pr\u00e9venir le harc\u00e8lement et les dangers du num\u00e9rique - Epinal Info\" \/>\n<meta name=\"twitter:description\" content=\"Ce mardi 20 janvier, les gendarmes de la communaut\u00e9 de brigades de Xertigny se sont rendus au groupe scolaire de [&hellip;]\" \/>\n<meta name=\"twitter:image\" content=\"https:\/\/vosgesinfo.fr\/app\/uploads\/sites\/3\/2026\/01\/618229685-1319855023513927-1871965017077710342-n.jpg\" \/>\n<meta name=\"twitter:creator\" content=\"@VosgesInfo88\" \/>\n<meta name=\"twitter:site\" content=\"@VosgesInfo88\" \/>\n<meta name=\"twitter:label1\" content=\"\u00c9crit par\" \/>\n\t<meta name=\"twitter:data1\" content=\"C.K.\" \/>\n\t<meta name=\"twitter:label2\" content=\"Dur\u00e9e de lecture estim\u00e9e\" \/>\n\t<meta name=\"twitter:data2\" content=\"2 minutes\" \/>\n<script type=\"application\/ld+json\" class=\"yoast-schema-graph\">{\"@context\":\"https:\/\/schema.org\",\"@graph\":[{\"@type\":\"Article\",\"@id\":\"https:\/\/vosgesinfo.fr\/epinalinfo\/2026\/01\/hadol-les-gendarmes-mobilises-pour-prevenir-le-harcelement-et-les-dangers-du-numerique\/#article\",\"isPartOf\":{\"@id\":\"https:\/\/vosgesinfo.fr\/epinalinfo\/2026\/01\/hadol-les-gendarmes-mobilises-pour-prevenir-le-harcelement-et-les-dangers-du-numerique\/\"},\"author\":{\"name\":\"C.K.\",\"@id\":\"https:\/\/vosgesinfo.fr\/epinalinfo\/#\/schema\/person\/6f9a650eeea99d969b6c4ab78fccbe81\"},\"headline\":\"Hadol : les gendarmes mobilis\u00e9s pour pr\u00e9venir le harc\u00e8lement et les dangers du num\u00e9rique\",\"datePublished\":\"2026-01-22T13:23:10+00:00\",\"dateModified\":\"2026-01-22T19:21:39+00:00\",\"mainEntityOfPage\":{\"@id\":\"https:\/\/vosgesinfo.fr\/epinalinfo\/2026\/01\/hadol-les-gendarmes-mobilises-pour-prevenir-le-harcelement-et-les-dangers-du-numerique\/\"},\"wordCount\":230,\"publisher\":{\"@id\":\"https:\/\/vosgesinfo.fr\/epinalinfo\/#organization\"},\"image\":{\"@id\":\"https:\/\/vosgesinfo.fr\/epinalinfo\/2026\/01\/hadol-les-gendarmes-mobilises-pour-prevenir-le-harcelement-et-les-dangers-du-numerique\/#primaryimage\"},\"thumbnailUrl\":\"https:\/\/vosgesinfo.fr\/app\/uploads\/sites\/3\/2026\/01\/618229685-1319855023513927-1871965017077710342-n.jpg\",\"articleSection\":[\"A la Une\",\"Epinal\"],\"inLanguage\":\"fr-FR\"},{\"@type\":\"WebPage\",\"@id\":\"https:\/\/vosgesinfo.fr\/epinalinfo\/2026\/01\/hadol-les-gendarmes-mobilises-pour-prevenir-le-harcelement-et-les-dangers-du-numerique\/\",\"url\":\"https:\/\/vosgesinfo.fr\/epinalinfo\/2026\/01\/hadol-les-gendarmes-mobilises-pour-prevenir-le-harcelement-et-les-dangers-du-numerique\/\",\"name\":\"Hadol : les gendarmes mobilis\u00e9s pour pr\u00e9venir le harc\u00e8lement et les dangers du num\u00e9rique - Epinal Info\",\"isPartOf\":{\"@id\":\"https:\/\/vosgesinfo.fr\/epinalinfo\/#website\"},\"primaryImageOfPage\":{\"@id\":\"https:\/\/vosgesinfo.fr\/epinalinfo\/2026\/01\/hadol-les-gendarmes-mobilises-pour-prevenir-le-harcelement-et-les-dangers-du-numerique\/#primaryimage\"},\"image\":{\"@id\":\"https:\/\/vosgesinfo.fr\/epinalinfo\/2026\/01\/hadol-les-gendarmes-mobilises-pour-prevenir-le-harcelement-et-les-dangers-du-numerique\/#primaryimage\"},\"thumbnailUrl\":\"https:\/\/vosgesinfo.fr\/app\/uploads\/sites\/3\/2026\/01\/618229685-1319855023513927-1871965017077710342-n.jpg\",\"datePublished\":\"2026-01-22T13:23:10+00:00\",\"dateModified\":\"2026-01-22T19:21:39+00:00\",\"breadcrumb\":{\"@id\":\"https:\/\/vosgesinfo.fr\/epinalinfo\/2026\/01\/hadol-les-gendarmes-mobilises-pour-prevenir-le-harcelement-et-les-dangers-du-numerique\/#breadcrumb\"},\"inLanguage\":\"fr-FR\",\"potentialAction\":[{\"@type\":\"ReadAction\",\"target\":[\"https:\/\/vosgesinfo.fr\/epinalinfo\/2026\/01\/hadol-les-gendarmes-mobilises-pour-prevenir-le-harcelement-et-les-dangers-du-numerique\/\"]}]},{\"@type\":\"ImageObject\",\"inLanguage\":\"fr-FR\",\"@id\":\"https:\/\/vosgesinfo.fr\/epinalinfo\/2026\/01\/hadol-les-gendarmes-mobilises-pour-prevenir-le-harcelement-et-les-dangers-du-numerique\/#primaryimage\",\"url\":\"https:\/\/vosgesinfo.fr\/app\/uploads\/sites\/3\/2026\/01\/618229685-1319855023513927-1871965017077710342-n.jpg\",\"contentUrl\":\"https:\/\/vosgesinfo.fr\/app\/uploads\/sites\/3\/2026\/01\/618229685-1319855023513927-1871965017077710342-n.jpg\",\"width\":919,\"height\":1149,\"caption\":\"photo gendarmerie des Vosges\"},{\"@type\":\"BreadcrumbList\",\"@id\":\"https:\/\/vosgesinfo.fr\/epinalinfo\/2026\/01\/hadol-les-gendarmes-mobilises-pour-prevenir-le-harcelement-et-les-dangers-du-numerique\/#breadcrumb\",\"itemListElement\":[{\"@type\":\"ListItem\",\"position\":1,\"name\":\"Home\",\"item\":\"https:\/\/vosgesinfo.fr\/epinalinfo\/\"},{\"@type\":\"ListItem\",\"position\":2,\"name\":\"Hadol : les gendarmes mobilis\u00e9s pour pr\u00e9venir le harc\u00e8lement et les dangers du num\u00e9rique\"}]},{\"@type\":\"WebSite\",\"@id\":\"https:\/\/vosgesinfo.fr\/epinalinfo\/#website\",\"url\":\"https:\/\/vosgesinfo.fr\/epinalinfo\/\",\"name\":\"Epinal Info\",\"description\":\"Toute l&#039;actualit\u00e9 d&#039;\u00c9pinal\",\"publisher\":{\"@id\":\"https:\/\/vosgesinfo.fr\/epinalinfo\/#organization\"},\"alternateName\":\"Toute l'actualit\u00e9 d'\u00c9pinal\",\"potentialAction\":[{\"@type\":\"SearchAction\",\"target\":{\"@type\":\"EntryPoint\",\"urlTemplate\":\"https:\/\/vosgesinfo.fr\/epinalinfo\/?s={search_term_string}\"},\"query-input\":\"required name=search_term_string\"}],\"inLanguage\":\"fr-FR\"},{\"@type\":\"Organization\",\"@id\":\"https:\/\/vosgesinfo.fr\/epinalinfo\/#organization\",\"name\":\"Epinal Info\",\"url\":\"https:\/\/vosgesinfo.fr\/epinalinfo\/\",\"logo\":{\"@type\":\"ImageObject\",\"inLanguage\":\"fr-FR\",\"@id\":\"https:\/\/vosgesinfo.fr\/epinalinfo\/#\/schema\/logo\/image\/\",\"url\":\"https:\/\/vosgesinfo.fr\/app\/uploads\/sites\/3\/2023\/08\/logo-epinalinfos.svg\",\"contentUrl\":\"https:\/\/vosgesinfo.fr\/app\/uploads\/sites\/3\/2023\/08\/logo-epinalinfos.svg\",\"width\":1,\"height\":1,\"caption\":\"Epinal Info\"},\"image\":{\"@id\":\"https:\/\/vosgesinfo.fr\/epinalinfo\/#\/schema\/logo\/image\/\"},\"sameAs\":[\"https:\/\/www.facebook.com\/Epinalinfos\",\"https:\/\/x.com\/VosgesInfo88\",\"https:\/\/www.youtube.com\/@vosgesinfo\"]},{\"@type\":\"Person\",\"@id\":\"https:\/\/vosgesinfo.fr\/epinalinfo\/#\/schema\/person\/6f9a650eeea99d969b6c4ab78fccbe81\",\"name\":\"C.K.\",\"image\":{\"@type\":\"ImageObject\",\"inLanguage\":\"fr-FR\",\"@id\":\"https:\/\/vosgesinfo.fr\/epinalinfo\/#\/schema\/person\/image\/\",\"url\":\"https:\/\/secure.gravatar.com\/avatar\/48e3fc7f8421ba8942be6b74a2b7f014ca39bc00dece156b7a8e098ae7dc87bf?s=96&d=mm&r=g\",\"contentUrl\":\"https:\/\/secure.gravatar.com\/avatar\/48e3fc7f8421ba8942be6b74a2b7f014ca39bc00dece156b7a8e098ae7dc87bf?s=96&d=mm&r=g\",\"caption\":\"C.K.\"},\"url\":\"https:\/\/vosgesinfo.fr\/epinalinfo\/author\/celia-k-n\/\"}]}<\/script>\n<!-- \/ Yoast SEO plugin. -->","yoast_head_json":{"title":"Hadol : les gendarmes mobilis\u00e9s pour pr\u00e9venir le harc\u00e8lement et les dangers du num\u00e9rique - Epinal Info","robots":{"index":"index","follow":"follow","max-snippet":"max-snippet:-1","max-image-preview":"max-image-preview:large","max-video-preview":"max-video-preview:-1"},"canonical":"https:\/\/vosgesinfo.fr\/epinalinfo\/2026\/01\/hadol-les-gendarmes-mobilises-pour-prevenir-le-harcelement-et-les-dangers-du-numerique\/","twitter_card":"summary_large_image","twitter_title":"Hadol : les gendarmes mobilis\u00e9s pour pr\u00e9venir le harc\u00e8lement et les dangers du num\u00e9rique - Epinal Info","twitter_description":"Ce mardi 20 janvier, les gendarmes de la communaut\u00e9 de brigades de Xertigny se sont rendus au groupe scolaire de [&hellip;]","twitter_image":"https:\/\/vosgesinfo.fr\/app\/uploads\/sites\/3\/2026\/01\/618229685-1319855023513927-1871965017077710342-n.jpg","twitter_creator":"@VosgesInfo88","twitter_site":"@VosgesInfo88","twitter_misc":{"\u00c9crit par":"C.K.","Dur\u00e9e de lecture estim\u00e9e":"2 minutes"},"schema":{"@context":"https:\/\/schema.org","@graph":[{"@type":"Article","@id":"https:\/\/vosgesinfo.fr\/epinalinfo\/2026\/01\/hadol-les-gendarmes-mobilises-pour-prevenir-le-harcelement-et-les-dangers-du-numerique\/#article","isPartOf":{"@id":"https:\/\/vosgesinfo.fr\/epinalinfo\/2026\/01\/hadol-les-gendarmes-mobilises-pour-prevenir-le-harcelement-et-les-dangers-du-numerique\/"},"author":{"name":"C.K.","@id":"https:\/\/vosgesinfo.fr\/epinalinfo\/#\/schema\/person\/6f9a650eeea99d969b6c4ab78fccbe81"},"headline":"Hadol : les gendarmes mobilis\u00e9s pour pr\u00e9venir le harc\u00e8lement et les dangers du num\u00e9rique","datePublished":"2026-01-22T13:23:10+00:00","dateModified":"2026-01-22T19:21:39+00:00","mainEntityOfPage":{"@id":"https:\/\/vosgesinfo.fr\/epinalinfo\/2026\/01\/hadol-les-gendarmes-mobilises-pour-prevenir-le-harcelement-et-les-dangers-du-numerique\/"},"wordCount":230,"publisher":{"@id":"https:\/\/vosgesinfo.fr\/epinalinfo\/#organization"},"image":{"@id":"https:\/\/vosgesinfo.fr\/epinalinfo\/2026\/01\/hadol-les-gendarmes-mobilises-pour-prevenir-le-harcelement-et-les-dangers-du-numerique\/#primaryimage"},"thumbnailUrl":"https:\/\/vosgesinfo.fr\/app\/uploads\/sites\/3\/2026\/01\/618229685-1319855023513927-1871965017077710342-n.jpg","articleSection":["A la Une","Epinal"],"inLanguage":"fr-FR"},{"@type":"WebPage","@id":"https:\/\/vosgesinfo.fr\/epinalinfo\/2026\/01\/hadol-les-gendarmes-mobilises-pour-prevenir-le-harcelement-et-les-dangers-du-numerique\/","url":"https:\/\/vosgesinfo.fr\/epinalinfo\/2026\/01\/hadol-les-gendarmes-mobilises-pour-prevenir-le-harcelement-et-les-dangers-du-numerique\/","name":"Hadol : les gendarmes mobilis\u00e9s pour pr\u00e9venir le harc\u00e8lement et les dangers du num\u00e9rique - Epinal Info","isPartOf":{"@id":"https:\/\/vosgesinfo.fr\/epinalinfo\/#website"},"primaryImageOfPage":{"@id":"https:\/\/vosgesinfo.fr\/epinalinfo\/2026\/01\/hadol-les-gendarmes-mobilises-pour-prevenir-le-harcelement-et-les-dangers-du-numerique\/#primaryimage"},"image":{"@id":"https:\/\/vosgesinfo.fr\/epinalinfo\/2026\/01\/hadol-les-gendarmes-mobilises-pour-prevenir-le-harcelement-et-les-dangers-du-numerique\/#primaryimage"},"thumbnailUrl":"https:\/\/vosgesinfo.fr\/app\/uploads\/sites\/3\/2026\/01\/618229685-1319855023513927-1871965017077710342-n.jpg","datePublished":"2026-01-22T13:23:10+00:00","dateModified":"2026-01-22T19:21:39+00:00","breadcrumb":{"@id":"https:\/\/vosgesinfo.fr\/epinalinfo\/2026\/01\/hadol-les-gendarmes-mobilises-pour-prevenir-le-harcelement-et-les-dangers-du-numerique\/#breadcrumb"},"inLanguage":"fr-FR","potentialAction":[{"@type":"ReadAction","target":["https:\/\/vosgesinfo.fr\/epinalinfo\/2026\/01\/hadol-les-gendarmes-mobilises-pour-prevenir-le-harcelement-et-les-dangers-du-numerique\/"]}]},{"@type":"ImageObject","inLanguage":"fr-FR","@id":"https:\/\/vosgesinfo.fr\/epinalinfo\/2026\/01\/hadol-les-gendarmes-mobilises-pour-prevenir-le-harcelement-et-les-dangers-du-numerique\/#primaryimage","url":"https:\/\/vosgesinfo.fr\/app\/uploads\/sites\/3\/2026\/01\/618229685-1319855023513927-1871965017077710342-n.jpg","contentUrl":"https:\/\/vosgesinfo.fr\/app\/uploads\/sites\/3\/2026\/01\/618229685-1319855023513927-1871965017077710342-n.jpg","width":919,"height":1149,"caption":"photo gendarmerie des Vosges"},{"@type":"BreadcrumbList","@id":"https:\/\/vosgesinfo.fr\/epinalinfo\/2026\/01\/hadol-les-gendarmes-mobilises-pour-prevenir-le-harcelement-et-les-dangers-du-numerique\/#breadcrumb","itemListElement":[{"@type":"ListItem","position":1,"name":"Home","item":"https:\/\/vosgesinfo.fr\/epinalinfo\/"},{"@type":"ListItem","position":2,"name":"Hadol : les gendarmes mobilis\u00e9s pour pr\u00e9venir le harc\u00e8lement et les dangers du num\u00e9rique"}]},{"@type":"WebSite","@id":"https:\/\/vosgesinfo.fr\/epinalinfo\/#website","url":"https:\/\/vosgesinfo.fr\/epinalinfo\/","name":"Epinal Info","description":"Toute l&#039;actualit\u00e9 d&#039;\u00c9pinal","publisher":{"@id":"https:\/\/vosgesinfo.fr\/epinalinfo\/#organization"},"alternateName":"Toute l'actualit\u00e9 d'\u00c9pinal","potentialAction":[{"@type":"SearchAction","target":{"@type":"EntryPoint","urlTemplate":"https:\/\/vosgesinfo.fr\/epinalinfo\/?s={search_term_string}"},"query-input":"required name=search_term_string"}],"inLanguage":"fr-FR"},{"@type":"Organization","@id":"https:\/\/vosgesinfo.fr\/epinalinfo\/#organization","name":"Epinal Info","url":"https:\/\/vosgesinfo.fr\/epinalinfo\/","logo":{"@type":"ImageObject","inLanguage":"fr-FR","@id":"https:\/\/vosgesinfo.fr\/epinalinfo\/#\/schema\/logo\/image\/","url":"https:\/\/vosgesinfo.fr\/app\/uploads\/sites\/3\/2023\/08\/logo-epinalinfos.svg","contentUrl":"https:\/\/vosgesinfo.fr\/app\/uploads\/sites\/3\/2023\/08\/logo-epinalinfos.svg","width":1,"height":1,"caption":"Epinal Info"},"image":{"@id":"https:\/\/vosgesinfo.fr\/epinalinfo\/#\/schema\/logo\/image\/"},"sameAs":["https:\/\/www.facebook.com\/Epinalinfos","https:\/\/x.com\/VosgesInfo88","https:\/\/www.youtube.com\/@vosgesinfo"]},{"@type":"Person","@id":"https:\/\/vosgesinfo.fr\/epinalinfo\/#\/schema\/person\/6f9a650eeea99d969b6c4ab78fccbe81","name":"C.K.","image":{"@type":"ImageObject","inLanguage":"fr-FR","@id":"https:\/\/vosgesinfo.fr\/epinalinfo\/#\/schema\/person\/image\/","url":"https:\/\/secure.gravatar.com\/avatar\/48e3fc7f8421ba8942be6b74a2b7f014ca39bc00dece156b7a8e098ae7dc87bf?s=96&d=mm&r=g","contentUrl":"https:\/\/secure.gravatar.com\/avatar\/48e3fc7f8421ba8942be6b74a2b7f014ca39bc00dece156b7a8e098ae7dc87bf?s=96&d=mm&r=g","caption":"C.K."},"url":"https:\/\/vosgesinfo.fr\/epinalinfo\/author\/celia-k-n\/"}]}},"_links":{"self":[{"href":"https:\/\/vosgesinfo.fr\/epinalinfo\/wp-json\/wp\/v2\/posts\/139149","targetHints":{"allow":["GET"]}}],"collection":[{"href":"https:\/\/vosgesinfo.fr\/epinalinfo\/wp-json\/wp\/v2\/posts"}],"about":[{"href":"https:\/\/vosgesinfo.fr\/epinalinfo\/wp-json\/wp\/v2\/types\/post"}],"author":[{"embeddable":true,"href":"https:\/\/vosgesinfo.fr\/epinalinfo\/wp-json\/wp\/v2\/users\/52"}],"replies":[{"embeddable":true,"href":"https:\/\/vosgesinfo.fr\/epinalinfo\/wp-json\/wp\/v2\/comments?post=139149"}],"version-history":[{"count":1,"href":"https:\/\/vosgesinfo.fr\/epinalinfo\/wp-json\/wp\/v2\/posts\/139149\/revisions"}],"predecessor-version":[{"id":139151,"href":"https:\/\/vosgesinfo.fr\/epinalinfo\/wp-json\/wp\/v2\/posts\/139149\/revisions\/139151"}],"wp:featuredmedia":[{"embeddable":true,"href":"https:\/\/vosgesinfo.fr\/epinalinfo\/wp-json\/wp\/v2\/media\/139150"}],"wp:attachment":[{"href":"https:\/\/vosgesinfo.fr\/epinalinfo\/wp-json\/wp\/v2\/media?parent=139149"}],"wp:term":[{"taxonomy":"category","embeddable":true,"href":"https:\/\/vosgesinfo.fr\/epinalinfo\/wp-json\/wp\/v2\/categories?post=139149"},{"taxonomy":"post_tag","embeddable":true,"href":"https:\/\/vosgesinfo.fr\/epinalinfo\/wp-json\/wp\/v2\/tags?post=139149"}],"curies":[{"name":"wp","href":"https:\/\/api.w.org\/{rel}","templated":true}]}}