{"id":139307,"date":"2026-01-28T09:13:34","date_gmt":"2026-01-28T08:13:34","guid":{"rendered":"https:\/\/vosgesinfo.fr\/epinalinfo\/?p=139307"},"modified":"2026-01-28T09:13:34","modified_gmt":"2026-01-28T08:13:34","slug":"dictee-des-nations-a-epinal-un-rendez-vous-incontournable-de-la-langue-francaise","status":"publish","type":"post","link":"https:\/\/vosgesinfo.fr\/epinalinfo\/2026\/01\/dictee-des-nations-a-epinal-un-rendez-vous-incontournable-de-la-langue-francaise\/","title":{"rendered":"Dict\u00e9e des Nations \u00e0 \u00c9pinal : un rendez-vous incontournable de la langue fran\u00e7aise"},"content":{"rendered":"<div id=\"attachment_127659\" style=\"width: 1034px\" class=\"wp-caption aligncenter\"><a href=\"https:\/\/vosgesinfo.fr\/app\/uploads\/sites\/3\/2025\/01\/dictee-des-nations-07-scaled.jpg\"><img decoding=\"async\" aria-describedby=\"caption-attachment-127659\" class=\"size-large wp-image-127659\" src=\"https:\/\/vosgesinfo.fr\/app\/uploads\/sites\/3\/2025\/01\/dictee-des-nations-07-1024x683.jpg\" alt=\"\" width=\"1024\" height=\"683\" srcset=\"https:\/\/vosgesinfo.fr\/app\/uploads\/sites\/3\/2025\/01\/dictee-des-nations-07-1024x683.jpg 1024w, https:\/\/vosgesinfo.fr\/app\/uploads\/sites\/3\/2025\/01\/dictee-des-nations-07-300x200.jpg 300w, https:\/\/vosgesinfo.fr\/app\/uploads\/sites\/3\/2025\/01\/dictee-des-nations-07-768x512.jpg 768w, https:\/\/vosgesinfo.fr\/app\/uploads\/sites\/3\/2025\/01\/dictee-des-nations-07-1536x1024.jpg 1536w, https:\/\/vosgesinfo.fr\/app\/uploads\/sites\/3\/2025\/01\/dictee-des-nations-07-2048x1366.jpg 2048w\" sizes=\"(max-width: 1024px) 100vw, 1024px\" \/><\/a><p id=\"caption-attachment-127659\" class=\"wp-caption-text\">photo d&rsquo;archive<\/p><\/div>\n<h2 data-start=\"271\" data-end=\"631\"><strong>La Dict\u00e9e des Nations, grande animation grand public d\u00e9di\u00e9e \u00e0 la langue fran\u00e7aise, vivra sa 18\u1d49 \u00e9dition le samedi 31 janvier 2026. Chapeaut\u00e9 par le club d\u2019orthographe Belf\u2019Ortho, l\u2019\u00e9v\u00e9nement se d\u00e9roulera simultan\u00e9ment dans dix villes et villages, en France et en Suisse, confirmant son rayonnement transfrontalier et son succ\u00e8s grandissant.<\/strong><\/h2>\n<p data-start=\"633\" data-end=\"1128\">Les participants auront rendez-vous \u00e0 <strong data-start=\"671\" data-end=\"698\">Bourg-Blanc (Finist\u00e8re)<\/strong>, <strong data-start=\"700\" data-end=\"734\">Chaux-la-Loti\u00e8re (Haute-Sa\u00f4ne)<\/strong>, <strong data-start=\"736\" data-end=\"773\">Danjoutin (Territoire de Belfort)<\/strong>, <strong data-start=\"775\" data-end=\"794\">\u00c9pinal (Vosges)<\/strong>, <strong data-start=\"796\" data-end=\"826\">Hermaville (Pas-de-Calais)<\/strong>, <strong data-start=\"828\" data-end=\"854\">La Neuveville (Suisse)<\/strong>, <strong data-start=\"856\" data-end=\"891\">Luxeuil-les-Bains (Haute-Sa\u00f4ne)<\/strong>, <strong data-start=\"893\" data-end=\"912\">Orsay (Essonne)<\/strong>, <strong data-start=\"914\" data-end=\"953\">Rougegoutte (Territoire de Belfort)<\/strong> et <strong data-start=\"957\" data-end=\"984\">Saint-Louis (Haut-Rhin)<\/strong>. Cette \u00e9dition marque l\u2019arriv\u00e9e de <strong data-start=\"1020\" data-end=\"1043\">deux nouveaux sites<\/strong>, Chaux-la-Loti\u00e8re et Hermaville, qui participent pour la premi\u00e8re fois \u00e0 l\u2019aventure.<\/p>\n<h3 data-start=\"1130\" data-end=\"1166\">Un concours devenu une r\u00e9f\u00e9rence<\/h3>\n<p data-start=\"1168\" data-end=\"1574\">Cr\u00e9\u00e9e en <strong data-start=\"1177\" data-end=\"1185\">2008<\/strong> par Belf\u2019Ortho, club d\u2019orthographe fond\u00e9 la m\u00eame ann\u00e9e dans le Territoire de Belfort et implant\u00e9 depuis <strong data-start=\"1290\" data-end=\"1313\">2022 en Haute-Sa\u00f4ne<\/strong>, la Dict\u00e9e des Nations s\u2019est impos\u00e9e au fil des ans comme un <strong data-start=\"1375\" data-end=\"1408\">concours d\u2019orthographe majeur<\/strong>. Gratuit et ouvert \u00e0 tous, il attire chaque ann\u00e9e des passionn\u00e9s de langue fran\u00e7aise, amateurs comme confirm\u00e9s, dans une ambiance \u00e0 la fois conviviale et stimulante.<\/p>\n<p data-start=\"1576\" data-end=\"1890\">Le texte de la dict\u00e9e, toujours attendu avec curiosit\u00e9, a \u00e9t\u00e9 r\u00e9dig\u00e9 par <strong data-start=\"1649\" data-end=\"1673\">Philippe Dessouliers<\/strong>, champion d\u2019orthographe, fondateur de Belf\u2019Ortho et auteur de plusieurs recueils de dict\u00e9es. Fid\u00e8le \u00e0 la tradition, il promet un texte exigeant, agr\u00e9ment\u00e9 d\u2019une <strong data-start=\"1835\" data-end=\"1854\">touche d\u2019humour<\/strong>, marque de fabrique de l\u2019\u00e9v\u00e9nement.<\/p>\n<h3 data-start=\"1892\" data-end=\"1948\">Une action continue en faveur de la langue fran\u00e7aise<\/h3>\n<p data-start=\"1950\" data-end=\"2413\">La Dict\u00e9e des Nations s\u2019inscrit dans un ensemble plus large d\u2019actions men\u00e9es tout au long de l\u2019ann\u00e9e par Belf\u2019Ortho et ses membres, pr\u00e9sents en <strong data-start=\"2094\" data-end=\"2132\">France, Belgique, Suisse et Canada<\/strong>. Le club organise notamment des <strong data-start=\"2165\" data-end=\"2205\">s\u00e9ances d\u2019entra\u00eenement hebdomadaires<\/strong> (tous les mardis hors vacances scolaires), la <strong data-start=\"2252\" data-end=\"2277\">dict\u00e9e Mamie-Michelle<\/strong> (prochaine \u00e9dition au printemps) ou encore le <strong data-start=\"2324\" data-end=\"2380\">championnat d\u2019orthographe de Bourgogne\u2013Franche-Comt\u00e9<\/strong> (prochaine \u00e9dition \u00e0 l\u2019automne).<\/p>\n<p data-start=\"2415\" data-end=\"2503\">Les <strong data-start=\"2419\" data-end=\"2456\">inscriptions sont encore ouvertes<\/strong> aupr\u00e8s de la plupart des organisateurs locaux.<\/p>\n","protected":false},"excerpt":{"rendered":"<p>La Dict\u00e9e des Nations, grande animation grand public d\u00e9di\u00e9e \u00e0 la langue fran\u00e7aise, vivra sa 18\u1d49 \u00e9dition le samedi 31 [&hellip;]<\/p>\n","protected":false},"author":52,"featured_media":127659,"comment_status":"open","ping_status":"open","sticky":false,"template":"","format":"standard","meta":{"footnotes":""},"categories":[22,24],"tags":[],"class_list":["post-139307","post","type-post","status-publish","format-standard","has-post-thumbnail","hentry","category-a-la-une","category-epinal"],"acf":[],"yoast_head":"<!-- This site is optimized with the Yoast SEO plugin v22.5 - https:\/\/yoast.com\/wordpress\/plugins\/seo\/ -->\n<title>Dict\u00e9e des Nations \u00e0 \u00c9pinal : un rendez-vous incontournable de la langue fran\u00e7aise - Epinal Info<\/title>\n<meta name=\"robots\" content=\"index, follow, max-snippet:-1, max-image-preview:large, max-video-preview:-1\" \/>\n<link rel=\"canonical\" href=\"https:\/\/vosgesinfo.fr\/epinalinfo\/?p=139307\" \/>\n<meta name=\"twitter:card\" content=\"summary_large_image\" \/>\n<meta name=\"twitter:title\" content=\"Dict\u00e9e des Nations \u00e0 \u00c9pinal : un rendez-vous incontournable de la langue fran\u00e7aise - Epinal Info\" \/>\n<meta name=\"twitter:description\" content=\"La Dict\u00e9e des Nations, grande animation grand public d\u00e9di\u00e9e \u00e0 la langue fran\u00e7aise, vivra sa 18\u1d49 \u00e9dition le samedi 31 [&hellip;]\" \/>\n<meta name=\"twitter:creator\" content=\"@VosgesInfo88\" \/>\n<meta name=\"twitter:site\" content=\"@VosgesInfo88\" \/>\n<meta name=\"twitter:label1\" content=\"\u00c9crit par\" \/>\n\t<meta name=\"twitter:data1\" content=\"C.K.\" \/>\n\t<meta name=\"twitter:label2\" content=\"Dur\u00e9e de lecture estim\u00e9e\" \/>\n\t<meta name=\"twitter:data2\" content=\"2 minutes\" \/>\n<script type=\"application\/ld+json\" class=\"yoast-schema-graph\">{\"@context\":\"https:\/\/schema.org\",\"@graph\":[{\"@type\":\"Article\",\"@id\":\"https:\/\/vosgesinfo.fr\/epinalinfo\/?p=139307#article\",\"isPartOf\":{\"@id\":\"https:\/\/vosgesinfo.fr\/epinalinfo\/?p=139307\"},\"author\":{\"name\":\"C.K.\",\"@id\":\"https:\/\/vosgesinfo.fr\/epinalinfo\/#\/schema\/person\/6f9a650eeea99d969b6c4ab78fccbe81\"},\"headline\":\"Dict\u00e9e des Nations \u00e0 \u00c9pinal : un rendez-vous incontournable de la langue fran\u00e7aise\",\"datePublished\":\"2026-01-28T08:13:34+00:00\",\"dateModified\":\"2026-01-28T08:13:34+00:00\",\"mainEntityOfPage\":{\"@id\":\"https:\/\/vosgesinfo.fr\/epinalinfo\/?p=139307\"},\"wordCount\":370,\"commentCount\":0,\"publisher\":{\"@id\":\"https:\/\/vosgesinfo.fr\/epinalinfo\/#organization\"},\"image\":{\"@id\":\"https:\/\/vosgesinfo.fr\/epinalinfo\/?p=139307#primaryimage\"},\"thumbnailUrl\":\"https:\/\/vosgesinfo.fr\/app\/uploads\/sites\/3\/2025\/01\/dictee-des-nations-07-scaled.jpg\",\"articleSection\":[\"A la Une\",\"Epinal\"],\"inLanguage\":\"fr-FR\",\"potentialAction\":[{\"@type\":\"CommentAction\",\"name\":\"Comment\",\"target\":[\"https:\/\/vosgesinfo.fr\/epinalinfo\/?p=139307#respond\"]}]},{\"@type\":\"WebPage\",\"@id\":\"https:\/\/vosgesinfo.fr\/epinalinfo\/?p=139307\",\"url\":\"https:\/\/vosgesinfo.fr\/epinalinfo\/?p=139307\",\"name\":\"Dict\u00e9e des Nations \u00e0 \u00c9pinal : un rendez-vous incontournable de la langue fran\u00e7aise - Epinal Info\",\"isPartOf\":{\"@id\":\"https:\/\/vosgesinfo.fr\/epinalinfo\/#website\"},\"primaryImageOfPage\":{\"@id\":\"https:\/\/vosgesinfo.fr\/epinalinfo\/?p=139307#primaryimage\"},\"image\":{\"@id\":\"https:\/\/vosgesinfo.fr\/epinalinfo\/?p=139307#primaryimage\"},\"thumbnailUrl\":\"https:\/\/vosgesinfo.fr\/app\/uploads\/sites\/3\/2025\/01\/dictee-des-nations-07-scaled.jpg\",\"datePublished\":\"2026-01-28T08:13:34+00:00\",\"dateModified\":\"2026-01-28T08:13:34+00:00\",\"breadcrumb\":{\"@id\":\"https:\/\/vosgesinfo.fr\/epinalinfo\/?p=139307#breadcrumb\"},\"inLanguage\":\"fr-FR\",\"potentialAction\":[{\"@type\":\"ReadAction\",\"target\":[\"https:\/\/vosgesinfo.fr\/epinalinfo\/?p=139307\"]}]},{\"@type\":\"ImageObject\",\"inLanguage\":\"fr-FR\",\"@id\":\"https:\/\/vosgesinfo.fr\/epinalinfo\/?p=139307#primaryimage\",\"url\":\"https:\/\/vosgesinfo.fr\/app\/uploads\/sites\/3\/2025\/01\/dictee-des-nations-07-scaled.jpg\",\"contentUrl\":\"https:\/\/vosgesinfo.fr\/app\/uploads\/sites\/3\/2025\/01\/dictee-des-nations-07-scaled.jpg\",\"width\":2560,\"height\":1707,\"caption\":\"photo d'archive\"},{\"@type\":\"BreadcrumbList\",\"@id\":\"https:\/\/vosgesinfo.fr\/epinalinfo\/?p=139307#breadcrumb\",\"itemListElement\":[{\"@type\":\"ListItem\",\"position\":1,\"name\":\"Home\",\"item\":\"https:\/\/vosgesinfo.fr\/epinalinfo\/\"},{\"@type\":\"ListItem\",\"position\":2,\"name\":\"Dict\u00e9e des Nations \u00e0 \u00c9pinal : un rendez-vous incontournable de la langue fran\u00e7aise\"}]},{\"@type\":\"WebSite\",\"@id\":\"https:\/\/vosgesinfo.fr\/epinalinfo\/#website\",\"url\":\"https:\/\/vosgesinfo.fr\/epinalinfo\/\",\"name\":\"Epinal Info\",\"description\":\"Toute l&#039;actualit\u00e9 d&#039;\u00c9pinal\",\"publisher\":{\"@id\":\"https:\/\/vosgesinfo.fr\/epinalinfo\/#organization\"},\"alternateName\":\"Toute l'actualit\u00e9 d'\u00c9pinal\",\"potentialAction\":[{\"@type\":\"SearchAction\",\"target\":{\"@type\":\"EntryPoint\",\"urlTemplate\":\"https:\/\/vosgesinfo.fr\/epinalinfo\/?s={search_term_string}\"},\"query-input\":\"required name=search_term_string\"}],\"inLanguage\":\"fr-FR\"},{\"@type\":\"Organization\",\"@id\":\"https:\/\/vosgesinfo.fr\/epinalinfo\/#organization\",\"name\":\"Epinal Info\",\"url\":\"https:\/\/vosgesinfo.fr\/epinalinfo\/\",\"logo\":{\"@type\":\"ImageObject\",\"inLanguage\":\"fr-FR\",\"@id\":\"https:\/\/vosgesinfo.fr\/epinalinfo\/#\/schema\/logo\/image\/\",\"url\":\"https:\/\/vosgesinfo.fr\/app\/uploads\/sites\/3\/2023\/08\/logo-epinalinfos.svg\",\"contentUrl\":\"https:\/\/vosgesinfo.fr\/app\/uploads\/sites\/3\/2023\/08\/logo-epinalinfos.svg\",\"width\":1,\"height\":1,\"caption\":\"Epinal Info\"},\"image\":{\"@id\":\"https:\/\/vosgesinfo.fr\/epinalinfo\/#\/schema\/logo\/image\/\"},\"sameAs\":[\"https:\/\/www.facebook.com\/Epinalinfos\",\"https:\/\/x.com\/VosgesInfo88\",\"https:\/\/www.youtube.com\/@vosgesinfo\"]},{\"@type\":\"Person\",\"@id\":\"https:\/\/vosgesinfo.fr\/epinalinfo\/#\/schema\/person\/6f9a650eeea99d969b6c4ab78fccbe81\",\"name\":\"C.K.\",\"image\":{\"@type\":\"ImageObject\",\"inLanguage\":\"fr-FR\",\"@id\":\"https:\/\/vosgesinfo.fr\/epinalinfo\/#\/schema\/person\/image\/\",\"url\":\"https:\/\/secure.gravatar.com\/avatar\/48e3fc7f8421ba8942be6b74a2b7f014ca39bc00dece156b7a8e098ae7dc87bf?s=96&d=mm&r=g\",\"contentUrl\":\"https:\/\/secure.gravatar.com\/avatar\/48e3fc7f8421ba8942be6b74a2b7f014ca39bc00dece156b7a8e098ae7dc87bf?s=96&d=mm&r=g\",\"caption\":\"C.K.\"},\"url\":\"https:\/\/vosgesinfo.fr\/epinalinfo\/author\/celia-k-n\/\"}]}<\/script>\n<!-- \/ Yoast SEO plugin. -->","yoast_head_json":{"title":"Dict\u00e9e des Nations \u00e0 \u00c9pinal : un rendez-vous incontournable de la langue fran\u00e7aise - Epinal Info","robots":{"index":"index","follow":"follow","max-snippet":"max-snippet:-1","max-image-preview":"max-image-preview:large","max-video-preview":"max-video-preview:-1"},"canonical":"https:\/\/vosgesinfo.fr\/epinalinfo\/?p=139307","twitter_card":"summary_large_image","twitter_title":"Dict\u00e9e des Nations \u00e0 \u00c9pinal : un rendez-vous incontournable de la langue fran\u00e7aise - Epinal Info","twitter_description":"La Dict\u00e9e des Nations, grande animation grand public d\u00e9di\u00e9e \u00e0 la langue fran\u00e7aise, vivra sa 18\u1d49 \u00e9dition le samedi 31 [&hellip;]","twitter_creator":"@VosgesInfo88","twitter_site":"@VosgesInfo88","twitter_misc":{"\u00c9crit par":"C.K.","Dur\u00e9e de lecture estim\u00e9e":"2 minutes"},"schema":{"@context":"https:\/\/schema.org","@graph":[{"@type":"Article","@id":"https:\/\/vosgesinfo.fr\/epinalinfo\/?p=139307#article","isPartOf":{"@id":"https:\/\/vosgesinfo.fr\/epinalinfo\/?p=139307"},"author":{"name":"C.K.","@id":"https:\/\/vosgesinfo.fr\/epinalinfo\/#\/schema\/person\/6f9a650eeea99d969b6c4ab78fccbe81"},"headline":"Dict\u00e9e des Nations \u00e0 \u00c9pinal : un rendez-vous incontournable de la langue fran\u00e7aise","datePublished":"2026-01-28T08:13:34+00:00","dateModified":"2026-01-28T08:13:34+00:00","mainEntityOfPage":{"@id":"https:\/\/vosgesinfo.fr\/epinalinfo\/?p=139307"},"wordCount":370,"commentCount":0,"publisher":{"@id":"https:\/\/vosgesinfo.fr\/epinalinfo\/#organization"},"image":{"@id":"https:\/\/vosgesinfo.fr\/epinalinfo\/?p=139307#primaryimage"},"thumbnailUrl":"https:\/\/vosgesinfo.fr\/app\/uploads\/sites\/3\/2025\/01\/dictee-des-nations-07-scaled.jpg","articleSection":["A la Une","Epinal"],"inLanguage":"fr-FR","potentialAction":[{"@type":"CommentAction","name":"Comment","target":["https:\/\/vosgesinfo.fr\/epinalinfo\/?p=139307#respond"]}]},{"@type":"WebPage","@id":"https:\/\/vosgesinfo.fr\/epinalinfo\/?p=139307","url":"https:\/\/vosgesinfo.fr\/epinalinfo\/?p=139307","name":"Dict\u00e9e des Nations \u00e0 \u00c9pinal : un rendez-vous incontournable de la langue fran\u00e7aise - Epinal Info","isPartOf":{"@id":"https:\/\/vosgesinfo.fr\/epinalinfo\/#website"},"primaryImageOfPage":{"@id":"https:\/\/vosgesinfo.fr\/epinalinfo\/?p=139307#primaryimage"},"image":{"@id":"https:\/\/vosgesinfo.fr\/epinalinfo\/?p=139307#primaryimage"},"thumbnailUrl":"https:\/\/vosgesinfo.fr\/app\/uploads\/sites\/3\/2025\/01\/dictee-des-nations-07-scaled.jpg","datePublished":"2026-01-28T08:13:34+00:00","dateModified":"2026-01-28T08:13:34+00:00","breadcrumb":{"@id":"https:\/\/vosgesinfo.fr\/epinalinfo\/?p=139307#breadcrumb"},"inLanguage":"fr-FR","potentialAction":[{"@type":"ReadAction","target":["https:\/\/vosgesinfo.fr\/epinalinfo\/?p=139307"]}]},{"@type":"ImageObject","inLanguage":"fr-FR","@id":"https:\/\/vosgesinfo.fr\/epinalinfo\/?p=139307#primaryimage","url":"https:\/\/vosgesinfo.fr\/app\/uploads\/sites\/3\/2025\/01\/dictee-des-nations-07-scaled.jpg","contentUrl":"https:\/\/vosgesinfo.fr\/app\/uploads\/sites\/3\/2025\/01\/dictee-des-nations-07-scaled.jpg","width":2560,"height":1707,"caption":"photo d'archive"},{"@type":"BreadcrumbList","@id":"https:\/\/vosgesinfo.fr\/epinalinfo\/?p=139307#breadcrumb","itemListElement":[{"@type":"ListItem","position":1,"name":"Home","item":"https:\/\/vosgesinfo.fr\/epinalinfo\/"},{"@type":"ListItem","position":2,"name":"Dict\u00e9e des Nations \u00e0 \u00c9pinal : un rendez-vous incontournable de la langue fran\u00e7aise"}]},{"@type":"WebSite","@id":"https:\/\/vosgesinfo.fr\/epinalinfo\/#website","url":"https:\/\/vosgesinfo.fr\/epinalinfo\/","name":"Epinal Info","description":"Toute l&#039;actualit\u00e9 d&#039;\u00c9pinal","publisher":{"@id":"https:\/\/vosgesinfo.fr\/epinalinfo\/#organization"},"alternateName":"Toute l'actualit\u00e9 d'\u00c9pinal","potentialAction":[{"@type":"SearchAction","target":{"@type":"EntryPoint","urlTemplate":"https:\/\/vosgesinfo.fr\/epinalinfo\/?s={search_term_string}"},"query-input":"required name=search_term_string"}],"inLanguage":"fr-FR"},{"@type":"Organization","@id":"https:\/\/vosgesinfo.fr\/epinalinfo\/#organization","name":"Epinal Info","url":"https:\/\/vosgesinfo.fr\/epinalinfo\/","logo":{"@type":"ImageObject","inLanguage":"fr-FR","@id":"https:\/\/vosgesinfo.fr\/epinalinfo\/#\/schema\/logo\/image\/","url":"https:\/\/vosgesinfo.fr\/app\/uploads\/sites\/3\/2023\/08\/logo-epinalinfos.svg","contentUrl":"https:\/\/vosgesinfo.fr\/app\/uploads\/sites\/3\/2023\/08\/logo-epinalinfos.svg","width":1,"height":1,"caption":"Epinal Info"},"image":{"@id":"https:\/\/vosgesinfo.fr\/epinalinfo\/#\/schema\/logo\/image\/"},"sameAs":["https:\/\/www.facebook.com\/Epinalinfos","https:\/\/x.com\/VosgesInfo88","https:\/\/www.youtube.com\/@vosgesinfo"]},{"@type":"Person","@id":"https:\/\/vosgesinfo.fr\/epinalinfo\/#\/schema\/person\/6f9a650eeea99d969b6c4ab78fccbe81","name":"C.K.","image":{"@type":"ImageObject","inLanguage":"fr-FR","@id":"https:\/\/vosgesinfo.fr\/epinalinfo\/#\/schema\/person\/image\/","url":"https:\/\/secure.gravatar.com\/avatar\/48e3fc7f8421ba8942be6b74a2b7f014ca39bc00dece156b7a8e098ae7dc87bf?s=96&d=mm&r=g","contentUrl":"https:\/\/secure.gravatar.com\/avatar\/48e3fc7f8421ba8942be6b74a2b7f014ca39bc00dece156b7a8e098ae7dc87bf?s=96&d=mm&r=g","caption":"C.K."},"url":"https:\/\/vosgesinfo.fr\/epinalinfo\/author\/celia-k-n\/"}]}},"_links":{"self":[{"href":"https:\/\/vosgesinfo.fr\/epinalinfo\/wp-json\/wp\/v2\/posts\/139307","targetHints":{"allow":["GET"]}}],"collection":[{"href":"https:\/\/vosgesinfo.fr\/epinalinfo\/wp-json\/wp\/v2\/posts"}],"about":[{"href":"https:\/\/vosgesinfo.fr\/epinalinfo\/wp-json\/wp\/v2\/types\/post"}],"author":[{"embeddable":true,"href":"https:\/\/vosgesinfo.fr\/epinalinfo\/wp-json\/wp\/v2\/users\/52"}],"replies":[{"embeddable":true,"href":"https:\/\/vosgesinfo.fr\/epinalinfo\/wp-json\/wp\/v2\/comments?post=139307"}],"version-history":[{"count":1,"href":"https:\/\/vosgesinfo.fr\/epinalinfo\/wp-json\/wp\/v2\/posts\/139307\/revisions"}],"predecessor-version":[{"id":139308,"href":"https:\/\/vosgesinfo.fr\/epinalinfo\/wp-json\/wp\/v2\/posts\/139307\/revisions\/139308"}],"wp:featuredmedia":[{"embeddable":true,"href":"https:\/\/vosgesinfo.fr\/epinalinfo\/wp-json\/wp\/v2\/media\/127659"}],"wp:attachment":[{"href":"https:\/\/vosgesinfo.fr\/epinalinfo\/wp-json\/wp\/v2\/media?parent=139307"}],"wp:term":[{"taxonomy":"category","embeddable":true,"href":"https:\/\/vosgesinfo.fr\/epinalinfo\/wp-json\/wp\/v2\/categories?post=139307"},{"taxonomy":"post_tag","embeddable":true,"href":"https:\/\/vosgesinfo.fr\/epinalinfo\/wp-json\/wp\/v2\/tags?post=139307"}],"curies":[{"name":"wp","href":"https:\/\/api.w.org\/{rel}","templated":true}]}}