{"id":13937,"date":"2022-03-14T05:03:08","date_gmt":"2022-03-14T04:03:08","guid":{"rendered":"https:\/\/vosgesinfo.fr\/epinalinfo\/2022\/03\/projection-rencontre-rosy-presence-de-realisatrice\/"},"modified":"2024-02-27T17:26:47","modified_gmt":"2024-02-27T16:26:47","slug":"projection-rencontre-rosy-presence-de-realisatrice","status":"publish","type":"post","link":"https:\/\/vosgesinfo.fr\/epinalinfo\/2022\/03\/projection-rencontre-rosy-presence-de-realisatrice\/","title":{"rendered":"Projection rencontre \u00ab\u00a0ROSY\u00a0\u00bb en pr\u00e9sence de la r\u00e9alisatrice"},"content":{"rendered":"<p class=\"x_m-8055445209940222357msonormalooeditoreditor0sandboxooeditoreditor0sandbox\"><a href=\"https:\/\/epinalinfos.fr\/wp-content\/uploads\/2022\/03\/thumbnail_ca_rosy_1803.jpg\"><img decoding=\"async\" class=\"aligncenter size-large wp-image-197253\" src=\"https:\/\/vosgesinfo.fr\/app\/uploads\/sites\/3\/2022\/03\/thumbnail-ca-rosy-1803.jpg\" alt=\"thumbnail_ca_rosy_1803\" width=\"800\" height=\"599\" \/><\/a>Les Cin\u00e9s PALACE, en partenariat avec les associations SEPossible, SEP\u2019Avenir et les restaurants Les Coulisses et Nonno proposent une projection rencontre du film\u00a0<b><i>ROSY<\/i><\/b>\u00a0le\u00a0<b><u>vendredi 18 mars \u00e0 20h aux Cin\u00e9s PALACE Epinal\u00a0<\/u><\/b>en pr\u00e9sence de son interpr\u00e8te principale et r\u00e9alisatrice\u00a0:\u00a0<b>Marine BARNERIAS\u00a0<\/b>qui interviendra pour \u00e9changer avec les spectateurs \u00e0 l\u2019issue de la projection.<\/p>\n<p>Marine, jeune \u00e9tudiante de 21 ans, apprend qu\u2019elle est atteinte d\u2019une scl\u00e9rose en plaques, une maladie auto-immune incurable. Le choc de l\u2019annonce, l\u2019urgence de la situation et le besoin de prendre une d\u00e9cision quant au traitement \u00e0 suivre, la poussent \u00e0 trouver une solution en elle&#8230; Elle d\u00e9cide de partir pour un long voyage initiatique dans 3 pays : la Nouvelle-Z\u00e9lande pour red\u00e9couvrir son corps, la Birmanie pour apaiser son esprit et la Mongolie pour renouer avec son \u00e2me. \u00c0 travers des exp\u00e9riences inoubliables, Marine part \u00e0 la rencontre d\u2019elle-m\u00eame et d\u2019un nouvel \u00e9quilibre avec cette scl\u00e9rose qu\u2019elle surnomme Rosy.<\/p>\n","protected":false},"excerpt":{"rendered":"<p>Les Cin\u00e9s PALACE, en partenariat avec les associations SEPossible, SEP\u2019Avenir et les restaurants Les Coulisses et Nonno proposent une projection [&hellip;]<\/p>\n","protected":false},"author":52,"featured_media":13938,"comment_status":"open","ping_status":"open","sticky":false,"template":"","format":"standard","meta":{"footnotes":""},"categories":[22,2,12,24],"tags":[],"class_list":["post-13937","post","type-post","status-publish","format-standard","has-post-thumbnail","hentry","category-a-la-une","category-breves","category-culture","category-epinal"],"acf":[],"yoast_head":"<!-- This site is optimized with the Yoast SEO plugin v22.5 - https:\/\/yoast.com\/wordpress\/plugins\/seo\/ -->\n<title>Projection rencontre &quot;ROSY&quot; en pr\u00e9sence de la r\u00e9alisatrice - Epinal Info<\/title>\n<meta name=\"robots\" content=\"index, follow, max-snippet:-1, max-image-preview:large, max-video-preview:-1\" \/>\n<link rel=\"canonical\" href=\"https:\/\/vosgesinfo.fr\/epinalinfo\/2022\/03\/projection-rencontre-rosy-presence-de-realisatrice\/\" \/>\n<meta name=\"twitter:card\" content=\"summary_large_image\" \/>\n<meta name=\"twitter:title\" content=\"Projection rencontre &quot;ROSY&quot; en pr\u00e9sence de la r\u00e9alisatrice - Epinal Info\" \/>\n<meta name=\"twitter:description\" content=\"Les Cin\u00e9s PALACE, en partenariat avec les associations SEPossible, SEP\u2019Avenir et les restaurants Les Coulisses et Nonno proposent une projection [&hellip;]\" \/>\n<meta name=\"twitter:image\" content=\"https:\/\/vosgesinfo.fr\/app\/uploads\/sites\/3\/2022\/03\/thumbnail-ca-rosy-1803.jpg\" \/>\n<meta name=\"twitter:creator\" content=\"@VosgesInfo88\" \/>\n<meta name=\"twitter:site\" content=\"@VosgesInfo88\" \/>\n<meta name=\"twitter:label1\" content=\"\u00c9crit par\" \/>\n\t<meta name=\"twitter:data1\" content=\"C.K.\" \/>\n\t<meta name=\"twitter:label2\" content=\"Dur\u00e9e de lecture estim\u00e9e\" \/>\n\t<meta name=\"twitter:data2\" content=\"1 minute\" \/>\n<script type=\"application\/ld+json\" class=\"yoast-schema-graph\">{\"@context\":\"https:\/\/schema.org\",\"@graph\":[{\"@type\":\"Article\",\"@id\":\"https:\/\/vosgesinfo.fr\/epinalinfo\/2022\/03\/projection-rencontre-rosy-presence-de-realisatrice\/#article\",\"isPartOf\":{\"@id\":\"https:\/\/vosgesinfo.fr\/epinalinfo\/2022\/03\/projection-rencontre-rosy-presence-de-realisatrice\/\"},\"author\":{\"name\":\"C.K.\",\"@id\":\"https:\/\/vosgesinfo.fr\/epinalinfo\/#\/schema\/person\/6f9a650eeea99d969b6c4ab78fccbe81\"},\"headline\":\"Projection rencontre \u00ab\u00a0ROSY\u00a0\u00bb en pr\u00e9sence de la r\u00e9alisatrice\",\"datePublished\":\"2022-03-14T04:03:08+00:00\",\"dateModified\":\"2024-02-27T16:26:47+00:00\",\"mainEntityOfPage\":{\"@id\":\"https:\/\/vosgesinfo.fr\/epinalinfo\/2022\/03\/projection-rencontre-rosy-presence-de-realisatrice\/\"},\"wordCount\":178,\"commentCount\":0,\"publisher\":{\"@id\":\"https:\/\/vosgesinfo.fr\/epinalinfo\/#organization\"},\"image\":{\"@id\":\"https:\/\/vosgesinfo.fr\/epinalinfo\/2022\/03\/projection-rencontre-rosy-presence-de-realisatrice\/#primaryimage\"},\"thumbnailUrl\":\"https:\/\/vosgesinfo.fr\/app\/uploads\/sites\/3\/2022\/03\/thumbnail-ca-rosy-1803.jpg\",\"articleSection\":[\"A la Une\",\"Br\u00e8ves\",\"Culture\",\"Epinal\"],\"inLanguage\":\"fr-FR\",\"potentialAction\":[{\"@type\":\"CommentAction\",\"name\":\"Comment\",\"target\":[\"https:\/\/vosgesinfo.fr\/epinalinfo\/2022\/03\/projection-rencontre-rosy-presence-de-realisatrice\/#respond\"]}]},{\"@type\":\"WebPage\",\"@id\":\"https:\/\/vosgesinfo.fr\/epinalinfo\/2022\/03\/projection-rencontre-rosy-presence-de-realisatrice\/\",\"url\":\"https:\/\/vosgesinfo.fr\/epinalinfo\/2022\/03\/projection-rencontre-rosy-presence-de-realisatrice\/\",\"name\":\"Projection rencontre \\\"ROSY\\\" en pr\u00e9sence de la r\u00e9alisatrice - Epinal Info\",\"isPartOf\":{\"@id\":\"https:\/\/vosgesinfo.fr\/epinalinfo\/#website\"},\"primaryImageOfPage\":{\"@id\":\"https:\/\/vosgesinfo.fr\/epinalinfo\/2022\/03\/projection-rencontre-rosy-presence-de-realisatrice\/#primaryimage\"},\"image\":{\"@id\":\"https:\/\/vosgesinfo.fr\/epinalinfo\/2022\/03\/projection-rencontre-rosy-presence-de-realisatrice\/#primaryimage\"},\"thumbnailUrl\":\"https:\/\/vosgesinfo.fr\/app\/uploads\/sites\/3\/2022\/03\/thumbnail-ca-rosy-1803.jpg\",\"datePublished\":\"2022-03-14T04:03:08+00:00\",\"dateModified\":\"2024-02-27T16:26:47+00:00\",\"breadcrumb\":{\"@id\":\"https:\/\/vosgesinfo.fr\/epinalinfo\/2022\/03\/projection-rencontre-rosy-presence-de-realisatrice\/#breadcrumb\"},\"inLanguage\":\"fr-FR\",\"potentialAction\":[{\"@type\":\"ReadAction\",\"target\":[\"https:\/\/vosgesinfo.fr\/epinalinfo\/2022\/03\/projection-rencontre-rosy-presence-de-realisatrice\/\"]}]},{\"@type\":\"ImageObject\",\"inLanguage\":\"fr-FR\",\"@id\":\"https:\/\/vosgesinfo.fr\/epinalinfo\/2022\/03\/projection-rencontre-rosy-presence-de-realisatrice\/#primaryimage\",\"url\":\"https:\/\/vosgesinfo.fr\/app\/uploads\/sites\/3\/2022\/03\/thumbnail-ca-rosy-1803.jpg\",\"contentUrl\":\"https:\/\/vosgesinfo.fr\/app\/uploads\/sites\/3\/2022\/03\/thumbnail-ca-rosy-1803.jpg\"},{\"@type\":\"BreadcrumbList\",\"@id\":\"https:\/\/vosgesinfo.fr\/epinalinfo\/2022\/03\/projection-rencontre-rosy-presence-de-realisatrice\/#breadcrumb\",\"itemListElement\":[{\"@type\":\"ListItem\",\"position\":1,\"name\":\"Home\",\"item\":\"https:\/\/vosgesinfo.fr\/epinalinfo\/\"},{\"@type\":\"ListItem\",\"position\":2,\"name\":\"Projection rencontre \u00ab\u00a0ROSY\u00a0\u00bb en pr\u00e9sence de la r\u00e9alisatrice\"}]},{\"@type\":\"WebSite\",\"@id\":\"https:\/\/vosgesinfo.fr\/epinalinfo\/#website\",\"url\":\"https:\/\/vosgesinfo.fr\/epinalinfo\/\",\"name\":\"Epinal Info\",\"description\":\"Toute l&#039;actualit\u00e9 d&#039;\u00c9pinal\",\"publisher\":{\"@id\":\"https:\/\/vosgesinfo.fr\/epinalinfo\/#organization\"},\"alternateName\":\"Toute l'actualit\u00e9 d'\u00c9pinal\",\"potentialAction\":[{\"@type\":\"SearchAction\",\"target\":{\"@type\":\"EntryPoint\",\"urlTemplate\":\"https:\/\/vosgesinfo.fr\/epinalinfo\/?s={search_term_string}\"},\"query-input\":\"required name=search_term_string\"}],\"inLanguage\":\"fr-FR\"},{\"@type\":\"Organization\",\"@id\":\"https:\/\/vosgesinfo.fr\/epinalinfo\/#organization\",\"name\":\"Epinal Info\",\"url\":\"https:\/\/vosgesinfo.fr\/epinalinfo\/\",\"logo\":{\"@type\":\"ImageObject\",\"inLanguage\":\"fr-FR\",\"@id\":\"https:\/\/vosgesinfo.fr\/epinalinfo\/#\/schema\/logo\/image\/\",\"url\":\"https:\/\/vosgesinfo.fr\/app\/uploads\/sites\/3\/2023\/08\/logo-epinalinfos.svg\",\"contentUrl\":\"https:\/\/vosgesinfo.fr\/app\/uploads\/sites\/3\/2023\/08\/logo-epinalinfos.svg\",\"width\":1,\"height\":1,\"caption\":\"Epinal Info\"},\"image\":{\"@id\":\"https:\/\/vosgesinfo.fr\/epinalinfo\/#\/schema\/logo\/image\/\"},\"sameAs\":[\"https:\/\/www.facebook.com\/Epinalinfos\",\"https:\/\/x.com\/VosgesInfo88\",\"https:\/\/www.youtube.com\/@vosgesinfo\"]},{\"@type\":\"Person\",\"@id\":\"https:\/\/vosgesinfo.fr\/epinalinfo\/#\/schema\/person\/6f9a650eeea99d969b6c4ab78fccbe81\",\"name\":\"C.K.\",\"image\":{\"@type\":\"ImageObject\",\"inLanguage\":\"fr-FR\",\"@id\":\"https:\/\/vosgesinfo.fr\/epinalinfo\/#\/schema\/person\/image\/\",\"url\":\"https:\/\/secure.gravatar.com\/avatar\/48e3fc7f8421ba8942be6b74a2b7f014ca39bc00dece156b7a8e098ae7dc87bf?s=96&d=mm&r=g\",\"contentUrl\":\"https:\/\/secure.gravatar.com\/avatar\/48e3fc7f8421ba8942be6b74a2b7f014ca39bc00dece156b7a8e098ae7dc87bf?s=96&d=mm&r=g\",\"caption\":\"C.K.\"},\"url\":\"https:\/\/vosgesinfo.fr\/epinalinfo\/author\/celia-k-n\/\"}]}<\/script>\n<!-- \/ Yoast SEO plugin. -->","yoast_head_json":{"title":"Projection rencontre \"ROSY\" en pr\u00e9sence de la r\u00e9alisatrice - Epinal Info","robots":{"index":"index","follow":"follow","max-snippet":"max-snippet:-1","max-image-preview":"max-image-preview:large","max-video-preview":"max-video-preview:-1"},"canonical":"https:\/\/vosgesinfo.fr\/epinalinfo\/2022\/03\/projection-rencontre-rosy-presence-de-realisatrice\/","twitter_card":"summary_large_image","twitter_title":"Projection rencontre \"ROSY\" en pr\u00e9sence de la r\u00e9alisatrice - Epinal Info","twitter_description":"Les Cin\u00e9s PALACE, en partenariat avec les associations SEPossible, SEP\u2019Avenir et les restaurants Les Coulisses et Nonno proposent une projection [&hellip;]","twitter_image":"https:\/\/vosgesinfo.fr\/app\/uploads\/sites\/3\/2022\/03\/thumbnail-ca-rosy-1803.jpg","twitter_creator":"@VosgesInfo88","twitter_site":"@VosgesInfo88","twitter_misc":{"\u00c9crit par":"C.K.","Dur\u00e9e de lecture estim\u00e9e":"1 minute"},"schema":{"@context":"https:\/\/schema.org","@graph":[{"@type":"Article","@id":"https:\/\/vosgesinfo.fr\/epinalinfo\/2022\/03\/projection-rencontre-rosy-presence-de-realisatrice\/#article","isPartOf":{"@id":"https:\/\/vosgesinfo.fr\/epinalinfo\/2022\/03\/projection-rencontre-rosy-presence-de-realisatrice\/"},"author":{"name":"C.K.","@id":"https:\/\/vosgesinfo.fr\/epinalinfo\/#\/schema\/person\/6f9a650eeea99d969b6c4ab78fccbe81"},"headline":"Projection rencontre \u00ab\u00a0ROSY\u00a0\u00bb en pr\u00e9sence de la r\u00e9alisatrice","datePublished":"2022-03-14T04:03:08+00:00","dateModified":"2024-02-27T16:26:47+00:00","mainEntityOfPage":{"@id":"https:\/\/vosgesinfo.fr\/epinalinfo\/2022\/03\/projection-rencontre-rosy-presence-de-realisatrice\/"},"wordCount":178,"commentCount":0,"publisher":{"@id":"https:\/\/vosgesinfo.fr\/epinalinfo\/#organization"},"image":{"@id":"https:\/\/vosgesinfo.fr\/epinalinfo\/2022\/03\/projection-rencontre-rosy-presence-de-realisatrice\/#primaryimage"},"thumbnailUrl":"https:\/\/vosgesinfo.fr\/app\/uploads\/sites\/3\/2022\/03\/thumbnail-ca-rosy-1803.jpg","articleSection":["A la Une","Br\u00e8ves","Culture","Epinal"],"inLanguage":"fr-FR","potentialAction":[{"@type":"CommentAction","name":"Comment","target":["https:\/\/vosgesinfo.fr\/epinalinfo\/2022\/03\/projection-rencontre-rosy-presence-de-realisatrice\/#respond"]}]},{"@type":"WebPage","@id":"https:\/\/vosgesinfo.fr\/epinalinfo\/2022\/03\/projection-rencontre-rosy-presence-de-realisatrice\/","url":"https:\/\/vosgesinfo.fr\/epinalinfo\/2022\/03\/projection-rencontre-rosy-presence-de-realisatrice\/","name":"Projection rencontre \"ROSY\" en pr\u00e9sence de la r\u00e9alisatrice - Epinal Info","isPartOf":{"@id":"https:\/\/vosgesinfo.fr\/epinalinfo\/#website"},"primaryImageOfPage":{"@id":"https:\/\/vosgesinfo.fr\/epinalinfo\/2022\/03\/projection-rencontre-rosy-presence-de-realisatrice\/#primaryimage"},"image":{"@id":"https:\/\/vosgesinfo.fr\/epinalinfo\/2022\/03\/projection-rencontre-rosy-presence-de-realisatrice\/#primaryimage"},"thumbnailUrl":"https:\/\/vosgesinfo.fr\/app\/uploads\/sites\/3\/2022\/03\/thumbnail-ca-rosy-1803.jpg","datePublished":"2022-03-14T04:03:08+00:00","dateModified":"2024-02-27T16:26:47+00:00","breadcrumb":{"@id":"https:\/\/vosgesinfo.fr\/epinalinfo\/2022\/03\/projection-rencontre-rosy-presence-de-realisatrice\/#breadcrumb"},"inLanguage":"fr-FR","potentialAction":[{"@type":"ReadAction","target":["https:\/\/vosgesinfo.fr\/epinalinfo\/2022\/03\/projection-rencontre-rosy-presence-de-realisatrice\/"]}]},{"@type":"ImageObject","inLanguage":"fr-FR","@id":"https:\/\/vosgesinfo.fr\/epinalinfo\/2022\/03\/projection-rencontre-rosy-presence-de-realisatrice\/#primaryimage","url":"https:\/\/vosgesinfo.fr\/app\/uploads\/sites\/3\/2022\/03\/thumbnail-ca-rosy-1803.jpg","contentUrl":"https:\/\/vosgesinfo.fr\/app\/uploads\/sites\/3\/2022\/03\/thumbnail-ca-rosy-1803.jpg"},{"@type":"BreadcrumbList","@id":"https:\/\/vosgesinfo.fr\/epinalinfo\/2022\/03\/projection-rencontre-rosy-presence-de-realisatrice\/#breadcrumb","itemListElement":[{"@type":"ListItem","position":1,"name":"Home","item":"https:\/\/vosgesinfo.fr\/epinalinfo\/"},{"@type":"ListItem","position":2,"name":"Projection rencontre \u00ab\u00a0ROSY\u00a0\u00bb en pr\u00e9sence de la r\u00e9alisatrice"}]},{"@type":"WebSite","@id":"https:\/\/vosgesinfo.fr\/epinalinfo\/#website","url":"https:\/\/vosgesinfo.fr\/epinalinfo\/","name":"Epinal Info","description":"Toute l&#039;actualit\u00e9 d&#039;\u00c9pinal","publisher":{"@id":"https:\/\/vosgesinfo.fr\/epinalinfo\/#organization"},"alternateName":"Toute l'actualit\u00e9 d'\u00c9pinal","potentialAction":[{"@type":"SearchAction","target":{"@type":"EntryPoint","urlTemplate":"https:\/\/vosgesinfo.fr\/epinalinfo\/?s={search_term_string}"},"query-input":"required name=search_term_string"}],"inLanguage":"fr-FR"},{"@type":"Organization","@id":"https:\/\/vosgesinfo.fr\/epinalinfo\/#organization","name":"Epinal Info","url":"https:\/\/vosgesinfo.fr\/epinalinfo\/","logo":{"@type":"ImageObject","inLanguage":"fr-FR","@id":"https:\/\/vosgesinfo.fr\/epinalinfo\/#\/schema\/logo\/image\/","url":"https:\/\/vosgesinfo.fr\/app\/uploads\/sites\/3\/2023\/08\/logo-epinalinfos.svg","contentUrl":"https:\/\/vosgesinfo.fr\/app\/uploads\/sites\/3\/2023\/08\/logo-epinalinfos.svg","width":1,"height":1,"caption":"Epinal Info"},"image":{"@id":"https:\/\/vosgesinfo.fr\/epinalinfo\/#\/schema\/logo\/image\/"},"sameAs":["https:\/\/www.facebook.com\/Epinalinfos","https:\/\/x.com\/VosgesInfo88","https:\/\/www.youtube.com\/@vosgesinfo"]},{"@type":"Person","@id":"https:\/\/vosgesinfo.fr\/epinalinfo\/#\/schema\/person\/6f9a650eeea99d969b6c4ab78fccbe81","name":"C.K.","image":{"@type":"ImageObject","inLanguage":"fr-FR","@id":"https:\/\/vosgesinfo.fr\/epinalinfo\/#\/schema\/person\/image\/","url":"https:\/\/secure.gravatar.com\/avatar\/48e3fc7f8421ba8942be6b74a2b7f014ca39bc00dece156b7a8e098ae7dc87bf?s=96&d=mm&r=g","contentUrl":"https:\/\/secure.gravatar.com\/avatar\/48e3fc7f8421ba8942be6b74a2b7f014ca39bc00dece156b7a8e098ae7dc87bf?s=96&d=mm&r=g","caption":"C.K."},"url":"https:\/\/vosgesinfo.fr\/epinalinfo\/author\/celia-k-n\/"}]}},"_links":{"self":[{"href":"https:\/\/vosgesinfo.fr\/epinalinfo\/wp-json\/wp\/v2\/posts\/13937","targetHints":{"allow":["GET"]}}],"collection":[{"href":"https:\/\/vosgesinfo.fr\/epinalinfo\/wp-json\/wp\/v2\/posts"}],"about":[{"href":"https:\/\/vosgesinfo.fr\/epinalinfo\/wp-json\/wp\/v2\/types\/post"}],"author":[{"embeddable":true,"href":"https:\/\/vosgesinfo.fr\/epinalinfo\/wp-json\/wp\/v2\/users\/52"}],"replies":[{"embeddable":true,"href":"https:\/\/vosgesinfo.fr\/epinalinfo\/wp-json\/wp\/v2\/comments?post=13937"}],"version-history":[{"count":1,"href":"https:\/\/vosgesinfo.fr\/epinalinfo\/wp-json\/wp\/v2\/posts\/13937\/revisions"}],"predecessor-version":[{"id":32622,"href":"https:\/\/vosgesinfo.fr\/epinalinfo\/wp-json\/wp\/v2\/posts\/13937\/revisions\/32622"}],"wp:featuredmedia":[{"embeddable":true,"href":"https:\/\/vosgesinfo.fr\/epinalinfo\/wp-json\/wp\/v2\/media\/13938"}],"wp:attachment":[{"href":"https:\/\/vosgesinfo.fr\/epinalinfo\/wp-json\/wp\/v2\/media?parent=13937"}],"wp:term":[{"taxonomy":"category","embeddable":true,"href":"https:\/\/vosgesinfo.fr\/epinalinfo\/wp-json\/wp\/v2\/categories?post=13937"},{"taxonomy":"post_tag","embeddable":true,"href":"https:\/\/vosgesinfo.fr\/epinalinfo\/wp-json\/wp\/v2\/tags?post=13937"}],"curies":[{"name":"wp","href":"https:\/\/api.w.org\/{rel}","templated":true}]}}