{"id":140322,"date":"2026-03-06T09:26:16","date_gmt":"2026-03-06T08:26:16","guid":{"rendered":"https:\/\/vosgesinfo.fr\/epinalinfo\/?p=140322"},"modified":"2026-03-06T09:26:16","modified_gmt":"2026-03-06T08:26:16","slug":"docelles-les-ecoliers-au-coeur-dun-moment-de-memoire-en-hommage-a-un-soldat-americain","status":"publish","type":"post","link":"https:\/\/vosgesinfo.fr\/epinalinfo\/2026\/03\/docelles-les-ecoliers-au-coeur-dun-moment-de-memoire-en-hommage-a-un-soldat-americain\/","title":{"rendered":"Docelles : les \u00e9coliers au c\u0153ur d\u2019un moment de m\u00e9moire en hommage \u00e0 un soldat am\u00e9ricain"},"content":{"rendered":"<h2 data-start=\"93\" data-end=\"405\"><a href=\"https:\/\/vosgesinfo.fr\/app\/uploads\/sites\/3\/2024\/06\/cimetiere-americain-quequement-dinoze-d-day-21-scaled.jpg\"><img decoding=\"async\" class=\"aligncenter size-large wp-image-42171\" src=\"https:\/\/vosgesinfo.fr\/app\/uploads\/sites\/3\/2024\/06\/cimetiere-americain-quequement-dinoze-d-day-21-1024x768.jpg\" alt=\"\" width=\"1024\" height=\"768\" srcset=\"https:\/\/vosgesinfo.fr\/app\/uploads\/sites\/3\/2024\/06\/cimetiere-americain-quequement-dinoze-d-day-21-1024x768.jpg 1024w, https:\/\/vosgesinfo.fr\/app\/uploads\/sites\/3\/2024\/06\/cimetiere-americain-quequement-dinoze-d-day-21-300x225.jpg 300w, https:\/\/vosgesinfo.fr\/app\/uploads\/sites\/3\/2024\/06\/cimetiere-americain-quequement-dinoze-d-day-21-768x576.jpg 768w, https:\/\/vosgesinfo.fr\/app\/uploads\/sites\/3\/2024\/06\/cimetiere-americain-quequement-dinoze-d-day-21-1536x1152.jpg 1536w, https:\/\/vosgesinfo.fr\/app\/uploads\/sites\/3\/2024\/06\/cimetiere-americain-quequement-dinoze-d-day-21-2048x1536.jpg 2048w\" sizes=\"(max-width: 1024px) 100vw, 1024px\" \/><\/a>Jeudi 5 mars restera une date particuli\u00e8re pour les \u00e9l\u00e8ves de CE2, CM1 et CM2 de l\u2019\u00e9cole de Docelles. Les enfants ont pris part \u00e0 une journ\u00e9e exceptionnelle consacr\u00e9e au souvenir d\u2019un soldat am\u00e9ricain tomb\u00e9 lors de la Lib\u00e9ration des Vosges, en pr\u00e9sence de membres de sa famille venus sp\u00e9cialement des \u00c9tats-Unis.<\/h2>\n<p data-start=\"407\" data-end=\"843\">Todd et son \u00e9pouse \u00c9lisabeth avaient fait le d\u00e9placement depuis Boston afin de se recueillir sur la tombe de leur grand-oncle, le sergent Edward Grzelecki. Ce jeune n\u2019avait que 22 ans lorsqu\u2019il a perdu la vie en novembre 1944 durant les combats men\u00e9s pour lib\u00e9rer la r\u00e9gion. Plus de quatre-vingts ans plus tard, ses proches ont souhait\u00e9 honorer sa m\u00e9moire sur le lieu o\u00f9 il repose, au cimeti\u00e8re militaire am\u00e9ricain d\u2019\u00c9pinal \u00e0 Dinoz\u00e9.<\/p>\n<p data-start=\"845\" data-end=\"1109\">La c\u00e9r\u00e9monie a \u00e9galement marqu\u00e9 le parrainage de sa s\u00e9pulture par la commune de Docelles, en partenariat avec l\u2019association \u00ab Vivre \u00e0 Docelles \u00bb. Cette initiative vise \u00e0 entretenir le souvenir des soldats venus combattre loin de leur pays pour d\u00e9fendre la libert\u00e9.<\/p>\n<p data-start=\"1111\" data-end=\"1583\">Pour donner tout son sens \u00e0 ce devoir de m\u00e9moire, les \u00e9l\u00e8ves de l\u2019\u00e9cole ont \u00e9t\u00e9 associ\u00e9s \u00e0 cette rencontre. Ils ont pu \u00e9changer avec Todd et \u00c9lisabeth dans une atmosph\u00e8re chaleureuse, d\u00e9couvrant \u00e0 travers leurs r\u00e9cits l\u2019histoire de ces jeunes Am\u00e9ricains qui ont particip\u00e9 \u00e0 la Lib\u00e9ration de la France. Une occasion rare pour les enfants d\u2019aborder l\u2019histoire autrement, en mettant un visage et une histoire personnelle derri\u00e8re les \u00e9v\u00e9nements de la Seconde Guerre mondiale.<\/p>\n<p data-start=\"1585\" data-end=\"1750\" data-is-last-node=\"\" data-is-only-node=\"\">Cette journ\u00e9e riche en \u00e9motions a permis de transmettre aux plus jeunes l\u2019importance du souvenir et de l\u2019hommage rendu \u00e0 ceux qui ont donn\u00e9 leur vie pour la libert\u00e9.<\/p>\n","protected":false},"excerpt":{"rendered":"<p>Jeudi 5 mars restera une date particuli\u00e8re pour les \u00e9l\u00e8ves de CE2, CM1 et CM2 de l\u2019\u00e9cole de Docelles. Les [&hellip;]<\/p>\n","protected":false},"author":52,"featured_media":42171,"comment_status":"open","ping_status":"open","sticky":false,"template":"","format":"standard","meta":{"footnotes":""},"categories":[22,3397,24],"tags":[],"class_list":["post-140322","post","type-post","status-publish","format-standard","has-post-thumbnail","hentry","category-a-la-une","category-dinoze","category-epinal"],"acf":[],"yoast_head":"<!-- This site is optimized with the Yoast SEO plugin v22.5 - https:\/\/yoast.com\/wordpress\/plugins\/seo\/ -->\n<title>Docelles : les \u00e9coliers au c\u0153ur d\u2019un moment de m\u00e9moire en hommage \u00e0 un soldat am\u00e9ricain - Epinal Info<\/title>\n<meta name=\"robots\" content=\"index, follow, max-snippet:-1, max-image-preview:large, max-video-preview:-1\" \/>\n<link rel=\"canonical\" href=\"https:\/\/vosgesinfo.fr\/epinalinfo\/?p=140322\" \/>\n<meta name=\"twitter:card\" content=\"summary_large_image\" \/>\n<meta name=\"twitter:title\" content=\"Docelles : les \u00e9coliers au c\u0153ur d\u2019un moment de m\u00e9moire en hommage \u00e0 un soldat am\u00e9ricain - Epinal Info\" \/>\n<meta name=\"twitter:description\" content=\"Jeudi 5 mars restera une date particuli\u00e8re pour les \u00e9l\u00e8ves de CE2, CM1 et CM2 de l\u2019\u00e9cole de Docelles. Les [&hellip;]\" \/>\n<meta name=\"twitter:image\" content=\"https:\/\/vosgesinfo.fr\/app\/uploads\/sites\/3\/2024\/06\/cimetiere-americain-quequement-dinoze-d-day-21-1024x768.jpg\" \/>\n<meta name=\"twitter:creator\" content=\"@VosgesInfo88\" \/>\n<meta name=\"twitter:site\" content=\"@VosgesInfo88\" \/>\n<meta name=\"twitter:label1\" content=\"\u00c9crit par\" \/>\n\t<meta name=\"twitter:data1\" content=\"C.K.\" \/>\n\t<meta name=\"twitter:label2\" content=\"Dur\u00e9e de lecture estim\u00e9e\" \/>\n\t<meta name=\"twitter:data2\" content=\"2 minutes\" \/>\n<script type=\"application\/ld+json\" class=\"yoast-schema-graph\">{\"@context\":\"https:\/\/schema.org\",\"@graph\":[{\"@type\":\"Article\",\"@id\":\"https:\/\/vosgesinfo.fr\/epinalinfo\/?p=140322#article\",\"isPartOf\":{\"@id\":\"https:\/\/vosgesinfo.fr\/epinalinfo\/?p=140322\"},\"author\":{\"name\":\"C.K.\",\"@id\":\"https:\/\/vosgesinfo.fr\/epinalinfo\/#\/schema\/person\/6f9a650eeea99d969b6c4ab78fccbe81\"},\"headline\":\"Docelles : les \u00e9coliers au c\u0153ur d\u2019un moment de m\u00e9moire en hommage \u00e0 un soldat am\u00e9ricain\",\"datePublished\":\"2026-03-06T08:26:16+00:00\",\"dateModified\":\"2026-03-06T08:26:16+00:00\",\"mainEntityOfPage\":{\"@id\":\"https:\/\/vosgesinfo.fr\/epinalinfo\/?p=140322\"},\"wordCount\":319,\"commentCount\":0,\"publisher\":{\"@id\":\"https:\/\/vosgesinfo.fr\/epinalinfo\/#organization\"},\"image\":{\"@id\":\"https:\/\/vosgesinfo.fr\/epinalinfo\/?p=140322#primaryimage\"},\"thumbnailUrl\":\"https:\/\/vosgesinfo.fr\/app\/uploads\/sites\/3\/2024\/06\/cimetiere-americain-quequement-dinoze-d-day-21-scaled.jpg\",\"articleSection\":[\"A la Une\",\"Dinoz\u00e9\",\"Epinal\"],\"inLanguage\":\"fr-FR\",\"potentialAction\":[{\"@type\":\"CommentAction\",\"name\":\"Comment\",\"target\":[\"https:\/\/vosgesinfo.fr\/epinalinfo\/?p=140322#respond\"]}]},{\"@type\":\"WebPage\",\"@id\":\"https:\/\/vosgesinfo.fr\/epinalinfo\/?p=140322\",\"url\":\"https:\/\/vosgesinfo.fr\/epinalinfo\/?p=140322\",\"name\":\"Docelles : les \u00e9coliers au c\u0153ur d\u2019un moment de m\u00e9moire en hommage \u00e0 un soldat am\u00e9ricain - Epinal Info\",\"isPartOf\":{\"@id\":\"https:\/\/vosgesinfo.fr\/epinalinfo\/#website\"},\"primaryImageOfPage\":{\"@id\":\"https:\/\/vosgesinfo.fr\/epinalinfo\/?p=140322#primaryimage\"},\"image\":{\"@id\":\"https:\/\/vosgesinfo.fr\/epinalinfo\/?p=140322#primaryimage\"},\"thumbnailUrl\":\"https:\/\/vosgesinfo.fr\/app\/uploads\/sites\/3\/2024\/06\/cimetiere-americain-quequement-dinoze-d-day-21-scaled.jpg\",\"datePublished\":\"2026-03-06T08:26:16+00:00\",\"dateModified\":\"2026-03-06T08:26:16+00:00\",\"breadcrumb\":{\"@id\":\"https:\/\/vosgesinfo.fr\/epinalinfo\/?p=140322#breadcrumb\"},\"inLanguage\":\"fr-FR\",\"potentialAction\":[{\"@type\":\"ReadAction\",\"target\":[\"https:\/\/vosgesinfo.fr\/epinalinfo\/?p=140322\"]}]},{\"@type\":\"ImageObject\",\"inLanguage\":\"fr-FR\",\"@id\":\"https:\/\/vosgesinfo.fr\/epinalinfo\/?p=140322#primaryimage\",\"url\":\"https:\/\/vosgesinfo.fr\/app\/uploads\/sites\/3\/2024\/06\/cimetiere-americain-quequement-dinoze-d-day-21-scaled.jpg\",\"contentUrl\":\"https:\/\/vosgesinfo.fr\/app\/uploads\/sites\/3\/2024\/06\/cimetiere-americain-quequement-dinoze-d-day-21-scaled.jpg\",\"width\":2560,\"height\":1920},{\"@type\":\"BreadcrumbList\",\"@id\":\"https:\/\/vosgesinfo.fr\/epinalinfo\/?p=140322#breadcrumb\",\"itemListElement\":[{\"@type\":\"ListItem\",\"position\":1,\"name\":\"Home\",\"item\":\"https:\/\/vosgesinfo.fr\/epinalinfo\/\"},{\"@type\":\"ListItem\",\"position\":2,\"name\":\"Docelles : les \u00e9coliers au c\u0153ur d\u2019un moment de m\u00e9moire en hommage \u00e0 un soldat am\u00e9ricain\"}]},{\"@type\":\"WebSite\",\"@id\":\"https:\/\/vosgesinfo.fr\/epinalinfo\/#website\",\"url\":\"https:\/\/vosgesinfo.fr\/epinalinfo\/\",\"name\":\"Epinal Info\",\"description\":\"Toute l&#039;actualit\u00e9 d&#039;\u00c9pinal\",\"publisher\":{\"@id\":\"https:\/\/vosgesinfo.fr\/epinalinfo\/#organization\"},\"alternateName\":\"Toute l'actualit\u00e9 d'\u00c9pinal\",\"potentialAction\":[{\"@type\":\"SearchAction\",\"target\":{\"@type\":\"EntryPoint\",\"urlTemplate\":\"https:\/\/vosgesinfo.fr\/epinalinfo\/?s={search_term_string}\"},\"query-input\":\"required name=search_term_string\"}],\"inLanguage\":\"fr-FR\"},{\"@type\":\"Organization\",\"@id\":\"https:\/\/vosgesinfo.fr\/epinalinfo\/#organization\",\"name\":\"Epinal Info\",\"url\":\"https:\/\/vosgesinfo.fr\/epinalinfo\/\",\"logo\":{\"@type\":\"ImageObject\",\"inLanguage\":\"fr-FR\",\"@id\":\"https:\/\/vosgesinfo.fr\/epinalinfo\/#\/schema\/logo\/image\/\",\"url\":\"https:\/\/vosgesinfo.fr\/app\/uploads\/sites\/3\/2023\/08\/logo-epinalinfos.svg\",\"contentUrl\":\"https:\/\/vosgesinfo.fr\/app\/uploads\/sites\/3\/2023\/08\/logo-epinalinfos.svg\",\"width\":1,\"height\":1,\"caption\":\"Epinal Info\"},\"image\":{\"@id\":\"https:\/\/vosgesinfo.fr\/epinalinfo\/#\/schema\/logo\/image\/\"},\"sameAs\":[\"https:\/\/www.facebook.com\/Epinalinfos\",\"https:\/\/x.com\/VosgesInfo88\",\"https:\/\/www.youtube.com\/@vosgesinfo\"]},{\"@type\":\"Person\",\"@id\":\"https:\/\/vosgesinfo.fr\/epinalinfo\/#\/schema\/person\/6f9a650eeea99d969b6c4ab78fccbe81\",\"name\":\"C.K.\",\"image\":{\"@type\":\"ImageObject\",\"inLanguage\":\"fr-FR\",\"@id\":\"https:\/\/vosgesinfo.fr\/epinalinfo\/#\/schema\/person\/image\/\",\"url\":\"https:\/\/secure.gravatar.com\/avatar\/48e3fc7f8421ba8942be6b74a2b7f014ca39bc00dece156b7a8e098ae7dc87bf?s=96&d=mm&r=g\",\"contentUrl\":\"https:\/\/secure.gravatar.com\/avatar\/48e3fc7f8421ba8942be6b74a2b7f014ca39bc00dece156b7a8e098ae7dc87bf?s=96&d=mm&r=g\",\"caption\":\"C.K.\"},\"url\":\"https:\/\/vosgesinfo.fr\/epinalinfo\/author\/celia-k-n\/\"}]}<\/script>\n<!-- \/ Yoast SEO plugin. -->","yoast_head_json":{"title":"Docelles : les \u00e9coliers au c\u0153ur d\u2019un moment de m\u00e9moire en hommage \u00e0 un soldat am\u00e9ricain - Epinal Info","robots":{"index":"index","follow":"follow","max-snippet":"max-snippet:-1","max-image-preview":"max-image-preview:large","max-video-preview":"max-video-preview:-1"},"canonical":"https:\/\/vosgesinfo.fr\/epinalinfo\/?p=140322","twitter_card":"summary_large_image","twitter_title":"Docelles : les \u00e9coliers au c\u0153ur d\u2019un moment de m\u00e9moire en hommage \u00e0 un soldat am\u00e9ricain - Epinal Info","twitter_description":"Jeudi 5 mars restera une date particuli\u00e8re pour les \u00e9l\u00e8ves de CE2, CM1 et CM2 de l\u2019\u00e9cole de Docelles. Les [&hellip;]","twitter_image":"https:\/\/vosgesinfo.fr\/app\/uploads\/sites\/3\/2024\/06\/cimetiere-americain-quequement-dinoze-d-day-21-1024x768.jpg","twitter_creator":"@VosgesInfo88","twitter_site":"@VosgesInfo88","twitter_misc":{"\u00c9crit par":"C.K.","Dur\u00e9e de lecture estim\u00e9e":"2 minutes"},"schema":{"@context":"https:\/\/schema.org","@graph":[{"@type":"Article","@id":"https:\/\/vosgesinfo.fr\/epinalinfo\/?p=140322#article","isPartOf":{"@id":"https:\/\/vosgesinfo.fr\/epinalinfo\/?p=140322"},"author":{"name":"C.K.","@id":"https:\/\/vosgesinfo.fr\/epinalinfo\/#\/schema\/person\/6f9a650eeea99d969b6c4ab78fccbe81"},"headline":"Docelles : les \u00e9coliers au c\u0153ur d\u2019un moment de m\u00e9moire en hommage \u00e0 un soldat am\u00e9ricain","datePublished":"2026-03-06T08:26:16+00:00","dateModified":"2026-03-06T08:26:16+00:00","mainEntityOfPage":{"@id":"https:\/\/vosgesinfo.fr\/epinalinfo\/?p=140322"},"wordCount":319,"commentCount":0,"publisher":{"@id":"https:\/\/vosgesinfo.fr\/epinalinfo\/#organization"},"image":{"@id":"https:\/\/vosgesinfo.fr\/epinalinfo\/?p=140322#primaryimage"},"thumbnailUrl":"https:\/\/vosgesinfo.fr\/app\/uploads\/sites\/3\/2024\/06\/cimetiere-americain-quequement-dinoze-d-day-21-scaled.jpg","articleSection":["A la Une","Dinoz\u00e9","Epinal"],"inLanguage":"fr-FR","potentialAction":[{"@type":"CommentAction","name":"Comment","target":["https:\/\/vosgesinfo.fr\/epinalinfo\/?p=140322#respond"]}]},{"@type":"WebPage","@id":"https:\/\/vosgesinfo.fr\/epinalinfo\/?p=140322","url":"https:\/\/vosgesinfo.fr\/epinalinfo\/?p=140322","name":"Docelles : les \u00e9coliers au c\u0153ur d\u2019un moment de m\u00e9moire en hommage \u00e0 un soldat am\u00e9ricain - Epinal Info","isPartOf":{"@id":"https:\/\/vosgesinfo.fr\/epinalinfo\/#website"},"primaryImageOfPage":{"@id":"https:\/\/vosgesinfo.fr\/epinalinfo\/?p=140322#primaryimage"},"image":{"@id":"https:\/\/vosgesinfo.fr\/epinalinfo\/?p=140322#primaryimage"},"thumbnailUrl":"https:\/\/vosgesinfo.fr\/app\/uploads\/sites\/3\/2024\/06\/cimetiere-americain-quequement-dinoze-d-day-21-scaled.jpg","datePublished":"2026-03-06T08:26:16+00:00","dateModified":"2026-03-06T08:26:16+00:00","breadcrumb":{"@id":"https:\/\/vosgesinfo.fr\/epinalinfo\/?p=140322#breadcrumb"},"inLanguage":"fr-FR","potentialAction":[{"@type":"ReadAction","target":["https:\/\/vosgesinfo.fr\/epinalinfo\/?p=140322"]}]},{"@type":"ImageObject","inLanguage":"fr-FR","@id":"https:\/\/vosgesinfo.fr\/epinalinfo\/?p=140322#primaryimage","url":"https:\/\/vosgesinfo.fr\/app\/uploads\/sites\/3\/2024\/06\/cimetiere-americain-quequement-dinoze-d-day-21-scaled.jpg","contentUrl":"https:\/\/vosgesinfo.fr\/app\/uploads\/sites\/3\/2024\/06\/cimetiere-americain-quequement-dinoze-d-day-21-scaled.jpg","width":2560,"height":1920},{"@type":"BreadcrumbList","@id":"https:\/\/vosgesinfo.fr\/epinalinfo\/?p=140322#breadcrumb","itemListElement":[{"@type":"ListItem","position":1,"name":"Home","item":"https:\/\/vosgesinfo.fr\/epinalinfo\/"},{"@type":"ListItem","position":2,"name":"Docelles : les \u00e9coliers au c\u0153ur d\u2019un moment de m\u00e9moire en hommage \u00e0 un soldat am\u00e9ricain"}]},{"@type":"WebSite","@id":"https:\/\/vosgesinfo.fr\/epinalinfo\/#website","url":"https:\/\/vosgesinfo.fr\/epinalinfo\/","name":"Epinal Info","description":"Toute l&#039;actualit\u00e9 d&#039;\u00c9pinal","publisher":{"@id":"https:\/\/vosgesinfo.fr\/epinalinfo\/#organization"},"alternateName":"Toute l'actualit\u00e9 d'\u00c9pinal","potentialAction":[{"@type":"SearchAction","target":{"@type":"EntryPoint","urlTemplate":"https:\/\/vosgesinfo.fr\/epinalinfo\/?s={search_term_string}"},"query-input":"required name=search_term_string"}],"inLanguage":"fr-FR"},{"@type":"Organization","@id":"https:\/\/vosgesinfo.fr\/epinalinfo\/#organization","name":"Epinal Info","url":"https:\/\/vosgesinfo.fr\/epinalinfo\/","logo":{"@type":"ImageObject","inLanguage":"fr-FR","@id":"https:\/\/vosgesinfo.fr\/epinalinfo\/#\/schema\/logo\/image\/","url":"https:\/\/vosgesinfo.fr\/app\/uploads\/sites\/3\/2023\/08\/logo-epinalinfos.svg","contentUrl":"https:\/\/vosgesinfo.fr\/app\/uploads\/sites\/3\/2023\/08\/logo-epinalinfos.svg","width":1,"height":1,"caption":"Epinal Info"},"image":{"@id":"https:\/\/vosgesinfo.fr\/epinalinfo\/#\/schema\/logo\/image\/"},"sameAs":["https:\/\/www.facebook.com\/Epinalinfos","https:\/\/x.com\/VosgesInfo88","https:\/\/www.youtube.com\/@vosgesinfo"]},{"@type":"Person","@id":"https:\/\/vosgesinfo.fr\/epinalinfo\/#\/schema\/person\/6f9a650eeea99d969b6c4ab78fccbe81","name":"C.K.","image":{"@type":"ImageObject","inLanguage":"fr-FR","@id":"https:\/\/vosgesinfo.fr\/epinalinfo\/#\/schema\/person\/image\/","url":"https:\/\/secure.gravatar.com\/avatar\/48e3fc7f8421ba8942be6b74a2b7f014ca39bc00dece156b7a8e098ae7dc87bf?s=96&d=mm&r=g","contentUrl":"https:\/\/secure.gravatar.com\/avatar\/48e3fc7f8421ba8942be6b74a2b7f014ca39bc00dece156b7a8e098ae7dc87bf?s=96&d=mm&r=g","caption":"C.K."},"url":"https:\/\/vosgesinfo.fr\/epinalinfo\/author\/celia-k-n\/"}]}},"_links":{"self":[{"href":"https:\/\/vosgesinfo.fr\/epinalinfo\/wp-json\/wp\/v2\/posts\/140322","targetHints":{"allow":["GET"]}}],"collection":[{"href":"https:\/\/vosgesinfo.fr\/epinalinfo\/wp-json\/wp\/v2\/posts"}],"about":[{"href":"https:\/\/vosgesinfo.fr\/epinalinfo\/wp-json\/wp\/v2\/types\/post"}],"author":[{"embeddable":true,"href":"https:\/\/vosgesinfo.fr\/epinalinfo\/wp-json\/wp\/v2\/users\/52"}],"replies":[{"embeddable":true,"href":"https:\/\/vosgesinfo.fr\/epinalinfo\/wp-json\/wp\/v2\/comments?post=140322"}],"version-history":[{"count":1,"href":"https:\/\/vosgesinfo.fr\/epinalinfo\/wp-json\/wp\/v2\/posts\/140322\/revisions"}],"predecessor-version":[{"id":140323,"href":"https:\/\/vosgesinfo.fr\/epinalinfo\/wp-json\/wp\/v2\/posts\/140322\/revisions\/140323"}],"wp:featuredmedia":[{"embeddable":true,"href":"https:\/\/vosgesinfo.fr\/epinalinfo\/wp-json\/wp\/v2\/media\/42171"}],"wp:attachment":[{"href":"https:\/\/vosgesinfo.fr\/epinalinfo\/wp-json\/wp\/v2\/media?parent=140322"}],"wp:term":[{"taxonomy":"category","embeddable":true,"href":"https:\/\/vosgesinfo.fr\/epinalinfo\/wp-json\/wp\/v2\/categories?post=140322"},{"taxonomy":"post_tag","embeddable":true,"href":"https:\/\/vosgesinfo.fr\/epinalinfo\/wp-json\/wp\/v2\/tags?post=140322"}],"curies":[{"name":"wp","href":"https:\/\/api.w.org\/{rel}","templated":true}]}}