{"id":140324,"date":"2026-03-06T09:36:09","date_gmt":"2026-03-06T08:36:09","guid":{"rendered":"https:\/\/vosgesinfo.fr\/epinalinfo\/?p=140324"},"modified":"2026-03-06T09:36:09","modified_gmt":"2026-03-06T08:36:09","slug":"epinal-la-bmi-invite-le-public-a-faire-une-pause-lecture-le-10-mars","status":"publish","type":"post","link":"https:\/\/vosgesinfo.fr\/epinalinfo\/2026\/03\/epinal-la-bmi-invite-le-public-a-faire-une-pause-lecture-le-10-mars\/","title":{"rendered":"\u00c9pinal : la bmi invite le public \u00e0 faire une pause lecture le 10 mars"},"content":{"rendered":"<h2 data-start=\"75\" data-end=\"297\"><strong><a href=\"https:\/\/vosgesinfo.fr\/app\/uploads\/sites\/3\/2022\/05\/bmi-epinal3.jpg\"><img decoding=\"async\" class=\"aligncenter size-full wp-image-1041\" src=\"https:\/\/vosgesinfo.fr\/app\/uploads\/sites\/3\/2022\/05\/bmi-epinal3.jpg\" alt=\"\" width=\"800\" height=\"600\" srcset=\"https:\/\/vosgesinfo.fr\/app\/uploads\/sites\/3\/2022\/05\/bmi-epinal3.jpg 800w, https:\/\/vosgesinfo.fr\/app\/uploads\/sites\/3\/2022\/05\/bmi-epinal3-300x225.jpg 300w, https:\/\/vosgesinfo.fr\/app\/uploads\/sites\/3\/2022\/05\/bmi-epinal3-768x576.jpg 768w\" sizes=\"(max-width: 800px) 100vw, 800px\" \/><\/a>Le mardi 10 mars, la Biblioth\u00e8que multim\u00e9dia intercommunale (bmi) d\u2019\u00c9pinal participera \u00e0 l\u2019op\u00e9ration nationale #10marsjelis, une initiative destin\u00e9e \u00e0 encourager chacun \u00e0 consacrer un moment de sa journ\u00e9e \u00e0 la lecture.<\/strong><\/h2>\n<p data-start=\"299\" data-end=\"716\">Pour marquer l\u2019\u00e9v\u00e9nement, l\u2019\u00e9tablissement spinalien proposera aux visiteurs une parenth\u00e8se litt\u00e9raire conviviale. Pendant trente minutes, le temps sera mis entre parenth\u00e8ses afin de laisser place \u00e0 des lectures \u00e0 voix haute s\u00e9lectionn\u00e9es par l\u2019\u00e9quipe de biblioth\u00e9caires. Romans, nouvelles, extraits inattendus ou textes courts : plusieurs styles seront au programme pour \u00e9veiller la curiosit\u00e9 et donner envie de lire.<\/p>\n<p data-start=\"718\" data-end=\"986\">Cette animation s\u2019inscrit dans un mouvement national lanc\u00e9 il y a cinq ans par le Centre national du livre (CNL). L\u2019objectif est simple : rappeler que la lecture peut trouver sa place partout, que ce soit \u00e0 la maison, au travail, \u00e0 l\u2019\u00e9cole ou dans les lieux culturels.<\/p>\n<p data-start=\"988\" data-end=\"1187\">Au-del\u00e0 du simple plaisir, l\u2019initiative met aussi en avant les bienfaits de la lecture au quotidien. Quelques minutes suffisent pour s\u2019\u00e9vader, se d\u00e9tendre ou d\u00e9couvrir de nouveaux horizons culturels.<\/p>\n<p data-start=\"1189\" data-end=\"1318\">Les amateurs de livres comme les curieux sont donc invit\u00e9s \u00e0 rejoindre la bmi d\u2019\u00c9pinal pour ce moment de partage autour des mots.<\/p>\n<p data-start=\"1320\" data-end=\"1343\"><strong data-start=\"1320\" data-end=\"1341\">Infos pratiques :<\/strong><\/p>\n<ul data-start=\"1344\" data-end=\"1477\" data-is-last-node=\"\" data-is-only-node=\"\">\n<li data-section-id=\"1y7hfaf\" data-start=\"1344\" data-end=\"1392\">\n<p data-start=\"1346\" data-end=\"1392\"><strong data-start=\"1346\" data-end=\"1356\">Lieu :<\/strong> bmi d\u2019\u00c9pinal, 48 rue Saint-Michel<\/p>\n<\/li>\n<li data-section-id=\"1flbk0p\" data-start=\"1393\" data-end=\"1421\">\n<p data-start=\"1395\" data-end=\"1421\"><strong data-start=\"1395\" data-end=\"1405\">Date :<\/strong> mardi 10 mars<\/p>\n<\/li>\n<li data-section-id=\"cmfchg\" data-start=\"1422\" data-end=\"1444\">\n<p data-start=\"1424\" data-end=\"1444\"><strong data-start=\"1424\" data-end=\"1437\">Horaire :<\/strong> 15 h<\/p>\n<\/li>\n<li data-section-id=\"sw65qc\" data-start=\"1445\" data-end=\"1477\" data-is-last-node=\"\">\n<p data-start=\"1447\" data-end=\"1477\" data-is-last-node=\"\"><strong data-start=\"1447\" data-end=\"1458\">Dur\u00e9e :<\/strong> environ 30 minutes<\/p>\n<\/li>\n<\/ul>\n","protected":false},"excerpt":{"rendered":"<p>Le mardi 10 mars, la Biblioth\u00e8que multim\u00e9dia intercommunale (bmi) d\u2019\u00c9pinal participera \u00e0 l\u2019op\u00e9ration nationale #10marsjelis, une initiative destin\u00e9e \u00e0 encourager [&hellip;]<\/p>\n","protected":false},"author":52,"featured_media":1041,"comment_status":"open","ping_status":"open","sticky":false,"template":"","format":"standard","meta":{"footnotes":""},"categories":[22,24],"tags":[],"class_list":["post-140324","post","type-post","status-publish","format-standard","has-post-thumbnail","hentry","category-a-la-une","category-epinal"],"acf":[],"yoast_head":"<!-- This site is optimized with the Yoast SEO plugin v22.5 - https:\/\/yoast.com\/wordpress\/plugins\/seo\/ -->\n<title>\u00c9pinal : la bmi invite le public \u00e0 faire une pause lecture le 10 mars - Epinal Info<\/title>\n<meta name=\"robots\" content=\"index, follow, max-snippet:-1, max-image-preview:large, max-video-preview:-1\" \/>\n<link rel=\"canonical\" href=\"https:\/\/vosgesinfo.fr\/epinalinfo\/?p=140324\" \/>\n<meta name=\"twitter:card\" content=\"summary_large_image\" \/>\n<meta name=\"twitter:title\" content=\"\u00c9pinal : la bmi invite le public \u00e0 faire une pause lecture le 10 mars - Epinal Info\" \/>\n<meta name=\"twitter:description\" content=\"Le mardi 10 mars, la Biblioth\u00e8que multim\u00e9dia intercommunale (bmi) d\u2019\u00c9pinal participera \u00e0 l\u2019op\u00e9ration nationale #10marsjelis, une initiative destin\u00e9e \u00e0 encourager [&hellip;]\" \/>\n<meta name=\"twitter:creator\" content=\"@VosgesInfo88\" \/>\n<meta name=\"twitter:site\" content=\"@VosgesInfo88\" \/>\n<meta name=\"twitter:label1\" content=\"\u00c9crit par\" \/>\n\t<meta name=\"twitter:data1\" content=\"C.K.\" \/>\n\t<meta name=\"twitter:label2\" content=\"Dur\u00e9e de lecture estim\u00e9e\" \/>\n\t<meta name=\"twitter:data2\" content=\"1 minute\" \/>\n<script type=\"application\/ld+json\" class=\"yoast-schema-graph\">{\"@context\":\"https:\/\/schema.org\",\"@graph\":[{\"@type\":\"Article\",\"@id\":\"https:\/\/vosgesinfo.fr\/epinalinfo\/?p=140324#article\",\"isPartOf\":{\"@id\":\"https:\/\/vosgesinfo.fr\/epinalinfo\/?p=140324\"},\"author\":{\"name\":\"C.K.\",\"@id\":\"https:\/\/vosgesinfo.fr\/epinalinfo\/#\/schema\/person\/6f9a650eeea99d969b6c4ab78fccbe81\"},\"headline\":\"\u00c9pinal : la bmi invite le public \u00e0 faire une pause lecture le 10 mars\",\"datePublished\":\"2026-03-06T08:36:09+00:00\",\"dateModified\":\"2026-03-06T08:36:09+00:00\",\"mainEntityOfPage\":{\"@id\":\"https:\/\/vosgesinfo.fr\/epinalinfo\/?p=140324\"},\"wordCount\":232,\"commentCount\":0,\"publisher\":{\"@id\":\"https:\/\/vosgesinfo.fr\/epinalinfo\/#organization\"},\"image\":{\"@id\":\"https:\/\/vosgesinfo.fr\/epinalinfo\/?p=140324#primaryimage\"},\"thumbnailUrl\":\"https:\/\/vosgesinfo.fr\/app\/uploads\/sites\/3\/2022\/05\/bmi-epinal3.jpg\",\"articleSection\":[\"A la Une\",\"Epinal\"],\"inLanguage\":\"fr-FR\",\"potentialAction\":[{\"@type\":\"CommentAction\",\"name\":\"Comment\",\"target\":[\"https:\/\/vosgesinfo.fr\/epinalinfo\/?p=140324#respond\"]}]},{\"@type\":\"WebPage\",\"@id\":\"https:\/\/vosgesinfo.fr\/epinalinfo\/?p=140324\",\"url\":\"https:\/\/vosgesinfo.fr\/epinalinfo\/?p=140324\",\"name\":\"\u00c9pinal : la bmi invite le public \u00e0 faire une pause lecture le 10 mars - Epinal Info\",\"isPartOf\":{\"@id\":\"https:\/\/vosgesinfo.fr\/epinalinfo\/#website\"},\"primaryImageOfPage\":{\"@id\":\"https:\/\/vosgesinfo.fr\/epinalinfo\/?p=140324#primaryimage\"},\"image\":{\"@id\":\"https:\/\/vosgesinfo.fr\/epinalinfo\/?p=140324#primaryimage\"},\"thumbnailUrl\":\"https:\/\/vosgesinfo.fr\/app\/uploads\/sites\/3\/2022\/05\/bmi-epinal3.jpg\",\"datePublished\":\"2026-03-06T08:36:09+00:00\",\"dateModified\":\"2026-03-06T08:36:09+00:00\",\"breadcrumb\":{\"@id\":\"https:\/\/vosgesinfo.fr\/epinalinfo\/?p=140324#breadcrumb\"},\"inLanguage\":\"fr-FR\",\"potentialAction\":[{\"@type\":\"ReadAction\",\"target\":[\"https:\/\/vosgesinfo.fr\/epinalinfo\/?p=140324\"]}]},{\"@type\":\"ImageObject\",\"inLanguage\":\"fr-FR\",\"@id\":\"https:\/\/vosgesinfo.fr\/epinalinfo\/?p=140324#primaryimage\",\"url\":\"https:\/\/vosgesinfo.fr\/app\/uploads\/sites\/3\/2022\/05\/bmi-epinal3.jpg\",\"contentUrl\":\"https:\/\/vosgesinfo.fr\/app\/uploads\/sites\/3\/2022\/05\/bmi-epinal3.jpg\",\"width\":800,\"height\":600},{\"@type\":\"BreadcrumbList\",\"@id\":\"https:\/\/vosgesinfo.fr\/epinalinfo\/?p=140324#breadcrumb\",\"itemListElement\":[{\"@type\":\"ListItem\",\"position\":1,\"name\":\"Home\",\"item\":\"https:\/\/vosgesinfo.fr\/epinalinfo\/\"},{\"@type\":\"ListItem\",\"position\":2,\"name\":\"\u00c9pinal : la bmi invite le public \u00e0 faire une pause lecture le 10 mars\"}]},{\"@type\":\"WebSite\",\"@id\":\"https:\/\/vosgesinfo.fr\/epinalinfo\/#website\",\"url\":\"https:\/\/vosgesinfo.fr\/epinalinfo\/\",\"name\":\"Epinal Info\",\"description\":\"Toute l&#039;actualit\u00e9 d&#039;\u00c9pinal\",\"publisher\":{\"@id\":\"https:\/\/vosgesinfo.fr\/epinalinfo\/#organization\"},\"alternateName\":\"Toute l'actualit\u00e9 d'\u00c9pinal\",\"potentialAction\":[{\"@type\":\"SearchAction\",\"target\":{\"@type\":\"EntryPoint\",\"urlTemplate\":\"https:\/\/vosgesinfo.fr\/epinalinfo\/?s={search_term_string}\"},\"query-input\":\"required name=search_term_string\"}],\"inLanguage\":\"fr-FR\"},{\"@type\":\"Organization\",\"@id\":\"https:\/\/vosgesinfo.fr\/epinalinfo\/#organization\",\"name\":\"Epinal Info\",\"url\":\"https:\/\/vosgesinfo.fr\/epinalinfo\/\",\"logo\":{\"@type\":\"ImageObject\",\"inLanguage\":\"fr-FR\",\"@id\":\"https:\/\/vosgesinfo.fr\/epinalinfo\/#\/schema\/logo\/image\/\",\"url\":\"https:\/\/vosgesinfo.fr\/app\/uploads\/sites\/3\/2023\/08\/logo-epinalinfos.svg\",\"contentUrl\":\"https:\/\/vosgesinfo.fr\/app\/uploads\/sites\/3\/2023\/08\/logo-epinalinfos.svg\",\"width\":1,\"height\":1,\"caption\":\"Epinal Info\"},\"image\":{\"@id\":\"https:\/\/vosgesinfo.fr\/epinalinfo\/#\/schema\/logo\/image\/\"},\"sameAs\":[\"https:\/\/www.facebook.com\/Epinalinfos\",\"https:\/\/x.com\/VosgesInfo88\",\"https:\/\/www.youtube.com\/@vosgesinfo\"]},{\"@type\":\"Person\",\"@id\":\"https:\/\/vosgesinfo.fr\/epinalinfo\/#\/schema\/person\/6f9a650eeea99d969b6c4ab78fccbe81\",\"name\":\"C.K.\",\"image\":{\"@type\":\"ImageObject\",\"inLanguage\":\"fr-FR\",\"@id\":\"https:\/\/vosgesinfo.fr\/epinalinfo\/#\/schema\/person\/image\/\",\"url\":\"https:\/\/secure.gravatar.com\/avatar\/48e3fc7f8421ba8942be6b74a2b7f014ca39bc00dece156b7a8e098ae7dc87bf?s=96&d=mm&r=g\",\"contentUrl\":\"https:\/\/secure.gravatar.com\/avatar\/48e3fc7f8421ba8942be6b74a2b7f014ca39bc00dece156b7a8e098ae7dc87bf?s=96&d=mm&r=g\",\"caption\":\"C.K.\"},\"url\":\"https:\/\/vosgesinfo.fr\/epinalinfo\/author\/celia-k-n\/\"}]}<\/script>\n<!-- \/ Yoast SEO plugin. -->","yoast_head_json":{"title":"\u00c9pinal : la bmi invite le public \u00e0 faire une pause lecture le 10 mars - Epinal Info","robots":{"index":"index","follow":"follow","max-snippet":"max-snippet:-1","max-image-preview":"max-image-preview:large","max-video-preview":"max-video-preview:-1"},"canonical":"https:\/\/vosgesinfo.fr\/epinalinfo\/?p=140324","twitter_card":"summary_large_image","twitter_title":"\u00c9pinal : la bmi invite le public \u00e0 faire une pause lecture le 10 mars - Epinal Info","twitter_description":"Le mardi 10 mars, la Biblioth\u00e8que multim\u00e9dia intercommunale (bmi) d\u2019\u00c9pinal participera \u00e0 l\u2019op\u00e9ration nationale #10marsjelis, une initiative destin\u00e9e \u00e0 encourager [&hellip;]","twitter_creator":"@VosgesInfo88","twitter_site":"@VosgesInfo88","twitter_misc":{"\u00c9crit par":"C.K.","Dur\u00e9e de lecture estim\u00e9e":"1 minute"},"schema":{"@context":"https:\/\/schema.org","@graph":[{"@type":"Article","@id":"https:\/\/vosgesinfo.fr\/epinalinfo\/?p=140324#article","isPartOf":{"@id":"https:\/\/vosgesinfo.fr\/epinalinfo\/?p=140324"},"author":{"name":"C.K.","@id":"https:\/\/vosgesinfo.fr\/epinalinfo\/#\/schema\/person\/6f9a650eeea99d969b6c4ab78fccbe81"},"headline":"\u00c9pinal : la bmi invite le public \u00e0 faire une pause lecture le 10 mars","datePublished":"2026-03-06T08:36:09+00:00","dateModified":"2026-03-06T08:36:09+00:00","mainEntityOfPage":{"@id":"https:\/\/vosgesinfo.fr\/epinalinfo\/?p=140324"},"wordCount":232,"commentCount":0,"publisher":{"@id":"https:\/\/vosgesinfo.fr\/epinalinfo\/#organization"},"image":{"@id":"https:\/\/vosgesinfo.fr\/epinalinfo\/?p=140324#primaryimage"},"thumbnailUrl":"https:\/\/vosgesinfo.fr\/app\/uploads\/sites\/3\/2022\/05\/bmi-epinal3.jpg","articleSection":["A la Une","Epinal"],"inLanguage":"fr-FR","potentialAction":[{"@type":"CommentAction","name":"Comment","target":["https:\/\/vosgesinfo.fr\/epinalinfo\/?p=140324#respond"]}]},{"@type":"WebPage","@id":"https:\/\/vosgesinfo.fr\/epinalinfo\/?p=140324","url":"https:\/\/vosgesinfo.fr\/epinalinfo\/?p=140324","name":"\u00c9pinal : la bmi invite le public \u00e0 faire une pause lecture le 10 mars - Epinal Info","isPartOf":{"@id":"https:\/\/vosgesinfo.fr\/epinalinfo\/#website"},"primaryImageOfPage":{"@id":"https:\/\/vosgesinfo.fr\/epinalinfo\/?p=140324#primaryimage"},"image":{"@id":"https:\/\/vosgesinfo.fr\/epinalinfo\/?p=140324#primaryimage"},"thumbnailUrl":"https:\/\/vosgesinfo.fr\/app\/uploads\/sites\/3\/2022\/05\/bmi-epinal3.jpg","datePublished":"2026-03-06T08:36:09+00:00","dateModified":"2026-03-06T08:36:09+00:00","breadcrumb":{"@id":"https:\/\/vosgesinfo.fr\/epinalinfo\/?p=140324#breadcrumb"},"inLanguage":"fr-FR","potentialAction":[{"@type":"ReadAction","target":["https:\/\/vosgesinfo.fr\/epinalinfo\/?p=140324"]}]},{"@type":"ImageObject","inLanguage":"fr-FR","@id":"https:\/\/vosgesinfo.fr\/epinalinfo\/?p=140324#primaryimage","url":"https:\/\/vosgesinfo.fr\/app\/uploads\/sites\/3\/2022\/05\/bmi-epinal3.jpg","contentUrl":"https:\/\/vosgesinfo.fr\/app\/uploads\/sites\/3\/2022\/05\/bmi-epinal3.jpg","width":800,"height":600},{"@type":"BreadcrumbList","@id":"https:\/\/vosgesinfo.fr\/epinalinfo\/?p=140324#breadcrumb","itemListElement":[{"@type":"ListItem","position":1,"name":"Home","item":"https:\/\/vosgesinfo.fr\/epinalinfo\/"},{"@type":"ListItem","position":2,"name":"\u00c9pinal : la bmi invite le public \u00e0 faire une pause lecture le 10 mars"}]},{"@type":"WebSite","@id":"https:\/\/vosgesinfo.fr\/epinalinfo\/#website","url":"https:\/\/vosgesinfo.fr\/epinalinfo\/","name":"Epinal Info","description":"Toute l&#039;actualit\u00e9 d&#039;\u00c9pinal","publisher":{"@id":"https:\/\/vosgesinfo.fr\/epinalinfo\/#organization"},"alternateName":"Toute l'actualit\u00e9 d'\u00c9pinal","potentialAction":[{"@type":"SearchAction","target":{"@type":"EntryPoint","urlTemplate":"https:\/\/vosgesinfo.fr\/epinalinfo\/?s={search_term_string}"},"query-input":"required name=search_term_string"}],"inLanguage":"fr-FR"},{"@type":"Organization","@id":"https:\/\/vosgesinfo.fr\/epinalinfo\/#organization","name":"Epinal Info","url":"https:\/\/vosgesinfo.fr\/epinalinfo\/","logo":{"@type":"ImageObject","inLanguage":"fr-FR","@id":"https:\/\/vosgesinfo.fr\/epinalinfo\/#\/schema\/logo\/image\/","url":"https:\/\/vosgesinfo.fr\/app\/uploads\/sites\/3\/2023\/08\/logo-epinalinfos.svg","contentUrl":"https:\/\/vosgesinfo.fr\/app\/uploads\/sites\/3\/2023\/08\/logo-epinalinfos.svg","width":1,"height":1,"caption":"Epinal Info"},"image":{"@id":"https:\/\/vosgesinfo.fr\/epinalinfo\/#\/schema\/logo\/image\/"},"sameAs":["https:\/\/www.facebook.com\/Epinalinfos","https:\/\/x.com\/VosgesInfo88","https:\/\/www.youtube.com\/@vosgesinfo"]},{"@type":"Person","@id":"https:\/\/vosgesinfo.fr\/epinalinfo\/#\/schema\/person\/6f9a650eeea99d969b6c4ab78fccbe81","name":"C.K.","image":{"@type":"ImageObject","inLanguage":"fr-FR","@id":"https:\/\/vosgesinfo.fr\/epinalinfo\/#\/schema\/person\/image\/","url":"https:\/\/secure.gravatar.com\/avatar\/48e3fc7f8421ba8942be6b74a2b7f014ca39bc00dece156b7a8e098ae7dc87bf?s=96&d=mm&r=g","contentUrl":"https:\/\/secure.gravatar.com\/avatar\/48e3fc7f8421ba8942be6b74a2b7f014ca39bc00dece156b7a8e098ae7dc87bf?s=96&d=mm&r=g","caption":"C.K."},"url":"https:\/\/vosgesinfo.fr\/epinalinfo\/author\/celia-k-n\/"}]}},"_links":{"self":[{"href":"https:\/\/vosgesinfo.fr\/epinalinfo\/wp-json\/wp\/v2\/posts\/140324","targetHints":{"allow":["GET"]}}],"collection":[{"href":"https:\/\/vosgesinfo.fr\/epinalinfo\/wp-json\/wp\/v2\/posts"}],"about":[{"href":"https:\/\/vosgesinfo.fr\/epinalinfo\/wp-json\/wp\/v2\/types\/post"}],"author":[{"embeddable":true,"href":"https:\/\/vosgesinfo.fr\/epinalinfo\/wp-json\/wp\/v2\/users\/52"}],"replies":[{"embeddable":true,"href":"https:\/\/vosgesinfo.fr\/epinalinfo\/wp-json\/wp\/v2\/comments?post=140324"}],"version-history":[{"count":1,"href":"https:\/\/vosgesinfo.fr\/epinalinfo\/wp-json\/wp\/v2\/posts\/140324\/revisions"}],"predecessor-version":[{"id":140325,"href":"https:\/\/vosgesinfo.fr\/epinalinfo\/wp-json\/wp\/v2\/posts\/140324\/revisions\/140325"}],"wp:featuredmedia":[{"embeddable":true,"href":"https:\/\/vosgesinfo.fr\/epinalinfo\/wp-json\/wp\/v2\/media\/1041"}],"wp:attachment":[{"href":"https:\/\/vosgesinfo.fr\/epinalinfo\/wp-json\/wp\/v2\/media?parent=140324"}],"wp:term":[{"taxonomy":"category","embeddable":true,"href":"https:\/\/vosgesinfo.fr\/epinalinfo\/wp-json\/wp\/v2\/categories?post=140324"},{"taxonomy":"post_tag","embeddable":true,"href":"https:\/\/vosgesinfo.fr\/epinalinfo\/wp-json\/wp\/v2\/tags?post=140324"}],"curies":[{"name":"wp","href":"https:\/\/api.w.org\/{rel}","templated":true}]}}