{"id":140328,"date":"2026-03-06T09:46:08","date_gmt":"2026-03-06T08:46:08","guid":{"rendered":"https:\/\/vosgesinfo.fr\/epinalinfo\/?p=140328"},"modified":"2026-03-06T09:46:08","modified_gmt":"2026-03-06T08:46:08","slug":"un-collegien-depinal-decroche-le-premier-prix-national-du-concours-dessine-le-chinois","status":"publish","type":"post","link":"https:\/\/vosgesinfo.fr\/epinalinfo\/2026\/03\/un-collegien-depinal-decroche-le-premier-prix-national-du-concours-dessine-le-chinois\/","title":{"rendered":"Un coll\u00e9gien d\u2019\u00c9pinal d\u00e9croche le premier prix national du concours \u00ab Dessine le chinois \u00bb"},"content":{"rendered":"<div id=\"attachment_140329\" style=\"width: 768px\" class=\"wp-caption aligncenter\"><a href=\"https:\/\/vosgesinfo.fr\/app\/uploads\/sites\/3\/2026\/03\/weber-lucas-chien-chunyan-di-lucchio-758x1024-1.webp\"><img decoding=\"async\" aria-describedby=\"caption-attachment-140329\" class=\"size-full wp-image-140329\" src=\"https:\/\/vosgesinfo.fr\/app\/uploads\/sites\/3\/2026\/03\/weber-lucas-chien-chunyan-di-lucchio-758x1024-1.webp\" alt=\"\" width=\"758\" height=\"1024\" srcset=\"https:\/\/vosgesinfo.fr\/app\/uploads\/sites\/3\/2026\/03\/weber-lucas-chien-chunyan-di-lucchio-758x1024-1.webp 758w, https:\/\/vosgesinfo.fr\/app\/uploads\/sites\/3\/2026\/03\/weber-lucas-chien-chunyan-di-lucchio-758x1024-1-222x300.webp 222w\" sizes=\"(max-width: 758px) 100vw, 758px\" \/><\/a><p id=\"caption-attachment-140329\" class=\"wp-caption-text\">1er Prix: \u72d7 chien \u2013 Lucas WEBER \u2013 Ensemble Scolaire Notre Dame-Saint Joseph, Epinal<\/p><\/div>\n<h2 data-start=\"96\" data-end=\"514\"><strong>Lucas Weber, \u00e9l\u00e8ve de 5e \u00e0 l\u2019Ensemble scolaire Notre-Dame \u2013 Saint-Joseph d\u2019\u00c9pinal, s\u2019est illustr\u00e9 \u00e0 l\u2019\u00e9chelle nationale en remportant le premier prix du concours \u00ab Dessine le chinois \u00bb. Cette comp\u00e9tition, organis\u00e9e par l\u2019Association de la F\u00eate des Caract\u00e8res Chinois (AFCC), invite chaque ann\u00e9e des \u00e9l\u00e8ves de toute la France \u00e0 explorer la langue et la culture chinoises \u00e0 travers le dessin et la cr\u00e9ativit\u00e9 artistique.<\/strong><\/h2>\n<p data-start=\"516\" data-end=\"761\">La c\u00e9r\u00e9monie de remise des prix s\u2019est d\u00e9roul\u00e9e le 25 f\u00e9vrier 2026 \u00e0 Paris. Les laur\u00e9ats y ont \u00e9t\u00e9 honor\u00e9s en pr\u00e9sence de repr\u00e9sentants de l\u2019ambassade de Chine, venus saluer l\u2019engagement des jeunes participants et l\u2019essor de ce concours culturel.<\/p>\n<p data-start=\"763\" data-end=\"1084\">Pour l\u2019\u00e9dition 2025, l\u2019\u00e9v\u00e9nement a connu un succ\u00e8s particuli\u00e8rement marqu\u00e9 : 381 cr\u00e9ations ont \u00e9t\u00e9 envoy\u00e9es par des \u00e9l\u00e8ves venus de tout le pays, soit presque deux fois plus que l\u2019ann\u00e9e pr\u00e9c\u00e9dente. Une progression qui t\u00e9moigne de l\u2019int\u00e9r\u00eat croissant des jeunes pour la d\u00e9couverte de l\u2019\u00e9criture et de la culture chinoises.<\/p>\n<p data-start=\"1086\" data-end=\"1478\">Le niveau des \u0153uvres pr\u00e9sent\u00e9es a \u00e9galement impressionn\u00e9 le jury. M. Chang Yaohua, professeur \u00e0 l\u2019Universit\u00e9 des \u00e9tudes internationales de P\u00e9kin, vice-pr\u00e9sident de l\u2019AFCC et membre du jury, a salu\u00e9 la qualit\u00e9 remarquable des productions re\u00e7ues cette ann\u00e9e. Apr\u00e8s quatre tours de d\u00e9lib\u00e9ration, les jur\u00e9s ont finalement retenu dix laur\u00e9ats dans chacune des deux cat\u00e9gories : coll\u00e8ges et lyc\u00e9es.<\/p>\n<p data-start=\"1480\" data-end=\"1777\" data-is-last-node=\"\" data-is-only-node=\"\">La victoire de Lucas Weber constitue ainsi une belle reconnaissance pour ce jeune coll\u00e9gien spinalien et pour son \u00e9tablissement, l\u2019Ensemble scolaire Notre-Dame \u2013 Saint-Joseph, qui voit l\u2019un de ses \u00e9l\u00e8ves se distinguer au niveau national dans un concours m\u00ealant art, langue et ouverture culturelle.<\/p>\n","protected":false},"excerpt":{"rendered":"<p>Lucas Weber, \u00e9l\u00e8ve de 5e \u00e0 l\u2019Ensemble scolaire Notre-Dame \u2013 Saint-Joseph d\u2019\u00c9pinal, s\u2019est illustr\u00e9 \u00e0 l\u2019\u00e9chelle nationale en remportant le [&hellip;]<\/p>\n","protected":false},"author":52,"featured_media":140329,"comment_status":"open","ping_status":"open","sticky":false,"template":"","format":"standard","meta":{"footnotes":""},"categories":[22,12,15,24],"tags":[],"class_list":["post-140328","post","type-post","status-publish","format-standard","has-post-thumbnail","hentry","category-a-la-une","category-culture","category-education","category-epinal"],"acf":[],"yoast_head":"<!-- This site is optimized with the Yoast SEO plugin v22.5 - https:\/\/yoast.com\/wordpress\/plugins\/seo\/ -->\n<title>Un coll\u00e9gien d\u2019\u00c9pinal d\u00e9croche le premier prix national du concours \u00ab Dessine le chinois \u00bb - Epinal Info<\/title>\n<meta name=\"robots\" content=\"index, follow, max-snippet:-1, max-image-preview:large, max-video-preview:-1\" \/>\n<link rel=\"canonical\" href=\"https:\/\/vosgesinfo.fr\/epinalinfo\/?p=140328\" \/>\n<meta name=\"twitter:card\" content=\"summary_large_image\" \/>\n<meta name=\"twitter:title\" content=\"Un coll\u00e9gien d\u2019\u00c9pinal d\u00e9croche le premier prix national du concours \u00ab Dessine le chinois \u00bb - Epinal Info\" \/>\n<meta name=\"twitter:description\" content=\"Lucas Weber, \u00e9l\u00e8ve de 5e \u00e0 l\u2019Ensemble scolaire Notre-Dame \u2013 Saint-Joseph d\u2019\u00c9pinal, s\u2019est illustr\u00e9 \u00e0 l\u2019\u00e9chelle nationale en remportant le [&hellip;]\" \/>\n<meta name=\"twitter:creator\" content=\"@VosgesInfo88\" \/>\n<meta name=\"twitter:site\" content=\"@VosgesInfo88\" \/>\n<meta name=\"twitter:label1\" content=\"\u00c9crit par\" \/>\n\t<meta name=\"twitter:data1\" content=\"C.K.\" \/>\n\t<meta name=\"twitter:label2\" content=\"Dur\u00e9e de lecture estim\u00e9e\" \/>\n\t<meta name=\"twitter:data2\" content=\"2 minutes\" \/>\n<script type=\"application\/ld+json\" class=\"yoast-schema-graph\">{\"@context\":\"https:\/\/schema.org\",\"@graph\":[{\"@type\":\"Article\",\"@id\":\"https:\/\/vosgesinfo.fr\/epinalinfo\/?p=140328#article\",\"isPartOf\":{\"@id\":\"https:\/\/vosgesinfo.fr\/epinalinfo\/?p=140328\"},\"author\":{\"name\":\"C.K.\",\"@id\":\"https:\/\/vosgesinfo.fr\/epinalinfo\/#\/schema\/person\/6f9a650eeea99d969b6c4ab78fccbe81\"},\"headline\":\"Un coll\u00e9gien d\u2019\u00c9pinal d\u00e9croche le premier prix national du concours \u00ab Dessine le chinois \u00bb\",\"datePublished\":\"2026-03-06T08:46:08+00:00\",\"dateModified\":\"2026-03-06T08:46:08+00:00\",\"mainEntityOfPage\":{\"@id\":\"https:\/\/vosgesinfo.fr\/epinalinfo\/?p=140328\"},\"wordCount\":343,\"commentCount\":0,\"publisher\":{\"@id\":\"https:\/\/vosgesinfo.fr\/epinalinfo\/#organization\"},\"image\":{\"@id\":\"https:\/\/vosgesinfo.fr\/epinalinfo\/?p=140328#primaryimage\"},\"thumbnailUrl\":\"https:\/\/vosgesinfo.fr\/app\/uploads\/sites\/3\/2026\/03\/weber-lucas-chien-chunyan-di-lucchio-758x1024-1.webp\",\"articleSection\":[\"A la Une\",\"Culture\",\"\u00c9ducation\",\"Epinal\"],\"inLanguage\":\"fr-FR\",\"potentialAction\":[{\"@type\":\"CommentAction\",\"name\":\"Comment\",\"target\":[\"https:\/\/vosgesinfo.fr\/epinalinfo\/?p=140328#respond\"]}]},{\"@type\":\"WebPage\",\"@id\":\"https:\/\/vosgesinfo.fr\/epinalinfo\/?p=140328\",\"url\":\"https:\/\/vosgesinfo.fr\/epinalinfo\/?p=140328\",\"name\":\"Un coll\u00e9gien d\u2019\u00c9pinal d\u00e9croche le premier prix national du concours \u00ab Dessine le chinois \u00bb - Epinal Info\",\"isPartOf\":{\"@id\":\"https:\/\/vosgesinfo.fr\/epinalinfo\/#website\"},\"primaryImageOfPage\":{\"@id\":\"https:\/\/vosgesinfo.fr\/epinalinfo\/?p=140328#primaryimage\"},\"image\":{\"@id\":\"https:\/\/vosgesinfo.fr\/epinalinfo\/?p=140328#primaryimage\"},\"thumbnailUrl\":\"https:\/\/vosgesinfo.fr\/app\/uploads\/sites\/3\/2026\/03\/weber-lucas-chien-chunyan-di-lucchio-758x1024-1.webp\",\"datePublished\":\"2026-03-06T08:46:08+00:00\",\"dateModified\":\"2026-03-06T08:46:08+00:00\",\"breadcrumb\":{\"@id\":\"https:\/\/vosgesinfo.fr\/epinalinfo\/?p=140328#breadcrumb\"},\"inLanguage\":\"fr-FR\",\"potentialAction\":[{\"@type\":\"ReadAction\",\"target\":[\"https:\/\/vosgesinfo.fr\/epinalinfo\/?p=140328\"]}]},{\"@type\":\"ImageObject\",\"inLanguage\":\"fr-FR\",\"@id\":\"https:\/\/vosgesinfo.fr\/epinalinfo\/?p=140328#primaryimage\",\"url\":\"https:\/\/vosgesinfo.fr\/app\/uploads\/sites\/3\/2026\/03\/weber-lucas-chien-chunyan-di-lucchio-758x1024-1.webp\",\"contentUrl\":\"https:\/\/vosgesinfo.fr\/app\/uploads\/sites\/3\/2026\/03\/weber-lucas-chien-chunyan-di-lucchio-758x1024-1.webp\",\"width\":758,\"height\":1024,\"caption\":\"1er Prix: \u72d7 chien \u2013 Lucas WEBER \u2013 Ensemble Scolaire Notre Dame-Saint Joseph, Epinal\"},{\"@type\":\"BreadcrumbList\",\"@id\":\"https:\/\/vosgesinfo.fr\/epinalinfo\/?p=140328#breadcrumb\",\"itemListElement\":[{\"@type\":\"ListItem\",\"position\":1,\"name\":\"Home\",\"item\":\"https:\/\/vosgesinfo.fr\/epinalinfo\/\"},{\"@type\":\"ListItem\",\"position\":2,\"name\":\"Un coll\u00e9gien d\u2019\u00c9pinal d\u00e9croche le premier prix national du concours \u00ab Dessine le chinois \u00bb\"}]},{\"@type\":\"WebSite\",\"@id\":\"https:\/\/vosgesinfo.fr\/epinalinfo\/#website\",\"url\":\"https:\/\/vosgesinfo.fr\/epinalinfo\/\",\"name\":\"Epinal Info\",\"description\":\"Toute l&#039;actualit\u00e9 d&#039;\u00c9pinal\",\"publisher\":{\"@id\":\"https:\/\/vosgesinfo.fr\/epinalinfo\/#organization\"},\"alternateName\":\"Toute l'actualit\u00e9 d'\u00c9pinal\",\"potentialAction\":[{\"@type\":\"SearchAction\",\"target\":{\"@type\":\"EntryPoint\",\"urlTemplate\":\"https:\/\/vosgesinfo.fr\/epinalinfo\/?s={search_term_string}\"},\"query-input\":\"required name=search_term_string\"}],\"inLanguage\":\"fr-FR\"},{\"@type\":\"Organization\",\"@id\":\"https:\/\/vosgesinfo.fr\/epinalinfo\/#organization\",\"name\":\"Epinal Info\",\"url\":\"https:\/\/vosgesinfo.fr\/epinalinfo\/\",\"logo\":{\"@type\":\"ImageObject\",\"inLanguage\":\"fr-FR\",\"@id\":\"https:\/\/vosgesinfo.fr\/epinalinfo\/#\/schema\/logo\/image\/\",\"url\":\"https:\/\/vosgesinfo.fr\/app\/uploads\/sites\/3\/2023\/08\/logo-epinalinfos.svg\",\"contentUrl\":\"https:\/\/vosgesinfo.fr\/app\/uploads\/sites\/3\/2023\/08\/logo-epinalinfos.svg\",\"width\":1,\"height\":1,\"caption\":\"Epinal Info\"},\"image\":{\"@id\":\"https:\/\/vosgesinfo.fr\/epinalinfo\/#\/schema\/logo\/image\/\"},\"sameAs\":[\"https:\/\/www.facebook.com\/Epinalinfos\",\"https:\/\/x.com\/VosgesInfo88\",\"https:\/\/www.youtube.com\/@vosgesinfo\"]},{\"@type\":\"Person\",\"@id\":\"https:\/\/vosgesinfo.fr\/epinalinfo\/#\/schema\/person\/6f9a650eeea99d969b6c4ab78fccbe81\",\"name\":\"C.K.\",\"image\":{\"@type\":\"ImageObject\",\"inLanguage\":\"fr-FR\",\"@id\":\"https:\/\/vosgesinfo.fr\/epinalinfo\/#\/schema\/person\/image\/\",\"url\":\"https:\/\/secure.gravatar.com\/avatar\/48e3fc7f8421ba8942be6b74a2b7f014ca39bc00dece156b7a8e098ae7dc87bf?s=96&d=mm&r=g\",\"contentUrl\":\"https:\/\/secure.gravatar.com\/avatar\/48e3fc7f8421ba8942be6b74a2b7f014ca39bc00dece156b7a8e098ae7dc87bf?s=96&d=mm&r=g\",\"caption\":\"C.K.\"},\"url\":\"https:\/\/vosgesinfo.fr\/epinalinfo\/author\/celia-k-n\/\"}]}<\/script>\n<!-- \/ Yoast SEO plugin. -->","yoast_head_json":{"title":"Un coll\u00e9gien d\u2019\u00c9pinal d\u00e9croche le premier prix national du concours \u00ab Dessine le chinois \u00bb - Epinal Info","robots":{"index":"index","follow":"follow","max-snippet":"max-snippet:-1","max-image-preview":"max-image-preview:large","max-video-preview":"max-video-preview:-1"},"canonical":"https:\/\/vosgesinfo.fr\/epinalinfo\/?p=140328","twitter_card":"summary_large_image","twitter_title":"Un coll\u00e9gien d\u2019\u00c9pinal d\u00e9croche le premier prix national du concours \u00ab Dessine le chinois \u00bb - Epinal Info","twitter_description":"Lucas Weber, \u00e9l\u00e8ve de 5e \u00e0 l\u2019Ensemble scolaire Notre-Dame \u2013 Saint-Joseph d\u2019\u00c9pinal, s\u2019est illustr\u00e9 \u00e0 l\u2019\u00e9chelle nationale en remportant le [&hellip;]","twitter_creator":"@VosgesInfo88","twitter_site":"@VosgesInfo88","twitter_misc":{"\u00c9crit par":"C.K.","Dur\u00e9e de lecture estim\u00e9e":"2 minutes"},"schema":{"@context":"https:\/\/schema.org","@graph":[{"@type":"Article","@id":"https:\/\/vosgesinfo.fr\/epinalinfo\/?p=140328#article","isPartOf":{"@id":"https:\/\/vosgesinfo.fr\/epinalinfo\/?p=140328"},"author":{"name":"C.K.","@id":"https:\/\/vosgesinfo.fr\/epinalinfo\/#\/schema\/person\/6f9a650eeea99d969b6c4ab78fccbe81"},"headline":"Un coll\u00e9gien d\u2019\u00c9pinal d\u00e9croche le premier prix national du concours \u00ab Dessine le chinois \u00bb","datePublished":"2026-03-06T08:46:08+00:00","dateModified":"2026-03-06T08:46:08+00:00","mainEntityOfPage":{"@id":"https:\/\/vosgesinfo.fr\/epinalinfo\/?p=140328"},"wordCount":343,"commentCount":0,"publisher":{"@id":"https:\/\/vosgesinfo.fr\/epinalinfo\/#organization"},"image":{"@id":"https:\/\/vosgesinfo.fr\/epinalinfo\/?p=140328#primaryimage"},"thumbnailUrl":"https:\/\/vosgesinfo.fr\/app\/uploads\/sites\/3\/2026\/03\/weber-lucas-chien-chunyan-di-lucchio-758x1024-1.webp","articleSection":["A la Une","Culture","\u00c9ducation","Epinal"],"inLanguage":"fr-FR","potentialAction":[{"@type":"CommentAction","name":"Comment","target":["https:\/\/vosgesinfo.fr\/epinalinfo\/?p=140328#respond"]}]},{"@type":"WebPage","@id":"https:\/\/vosgesinfo.fr\/epinalinfo\/?p=140328","url":"https:\/\/vosgesinfo.fr\/epinalinfo\/?p=140328","name":"Un coll\u00e9gien d\u2019\u00c9pinal d\u00e9croche le premier prix national du concours \u00ab Dessine le chinois \u00bb - Epinal Info","isPartOf":{"@id":"https:\/\/vosgesinfo.fr\/epinalinfo\/#website"},"primaryImageOfPage":{"@id":"https:\/\/vosgesinfo.fr\/epinalinfo\/?p=140328#primaryimage"},"image":{"@id":"https:\/\/vosgesinfo.fr\/epinalinfo\/?p=140328#primaryimage"},"thumbnailUrl":"https:\/\/vosgesinfo.fr\/app\/uploads\/sites\/3\/2026\/03\/weber-lucas-chien-chunyan-di-lucchio-758x1024-1.webp","datePublished":"2026-03-06T08:46:08+00:00","dateModified":"2026-03-06T08:46:08+00:00","breadcrumb":{"@id":"https:\/\/vosgesinfo.fr\/epinalinfo\/?p=140328#breadcrumb"},"inLanguage":"fr-FR","potentialAction":[{"@type":"ReadAction","target":["https:\/\/vosgesinfo.fr\/epinalinfo\/?p=140328"]}]},{"@type":"ImageObject","inLanguage":"fr-FR","@id":"https:\/\/vosgesinfo.fr\/epinalinfo\/?p=140328#primaryimage","url":"https:\/\/vosgesinfo.fr\/app\/uploads\/sites\/3\/2026\/03\/weber-lucas-chien-chunyan-di-lucchio-758x1024-1.webp","contentUrl":"https:\/\/vosgesinfo.fr\/app\/uploads\/sites\/3\/2026\/03\/weber-lucas-chien-chunyan-di-lucchio-758x1024-1.webp","width":758,"height":1024,"caption":"1er Prix: \u72d7 chien \u2013 Lucas WEBER \u2013 Ensemble Scolaire Notre Dame-Saint Joseph, Epinal"},{"@type":"BreadcrumbList","@id":"https:\/\/vosgesinfo.fr\/epinalinfo\/?p=140328#breadcrumb","itemListElement":[{"@type":"ListItem","position":1,"name":"Home","item":"https:\/\/vosgesinfo.fr\/epinalinfo\/"},{"@type":"ListItem","position":2,"name":"Un coll\u00e9gien d\u2019\u00c9pinal d\u00e9croche le premier prix national du concours \u00ab Dessine le chinois \u00bb"}]},{"@type":"WebSite","@id":"https:\/\/vosgesinfo.fr\/epinalinfo\/#website","url":"https:\/\/vosgesinfo.fr\/epinalinfo\/","name":"Epinal Info","description":"Toute l&#039;actualit\u00e9 d&#039;\u00c9pinal","publisher":{"@id":"https:\/\/vosgesinfo.fr\/epinalinfo\/#organization"},"alternateName":"Toute l'actualit\u00e9 d'\u00c9pinal","potentialAction":[{"@type":"SearchAction","target":{"@type":"EntryPoint","urlTemplate":"https:\/\/vosgesinfo.fr\/epinalinfo\/?s={search_term_string}"},"query-input":"required name=search_term_string"}],"inLanguage":"fr-FR"},{"@type":"Organization","@id":"https:\/\/vosgesinfo.fr\/epinalinfo\/#organization","name":"Epinal Info","url":"https:\/\/vosgesinfo.fr\/epinalinfo\/","logo":{"@type":"ImageObject","inLanguage":"fr-FR","@id":"https:\/\/vosgesinfo.fr\/epinalinfo\/#\/schema\/logo\/image\/","url":"https:\/\/vosgesinfo.fr\/app\/uploads\/sites\/3\/2023\/08\/logo-epinalinfos.svg","contentUrl":"https:\/\/vosgesinfo.fr\/app\/uploads\/sites\/3\/2023\/08\/logo-epinalinfos.svg","width":1,"height":1,"caption":"Epinal Info"},"image":{"@id":"https:\/\/vosgesinfo.fr\/epinalinfo\/#\/schema\/logo\/image\/"},"sameAs":["https:\/\/www.facebook.com\/Epinalinfos","https:\/\/x.com\/VosgesInfo88","https:\/\/www.youtube.com\/@vosgesinfo"]},{"@type":"Person","@id":"https:\/\/vosgesinfo.fr\/epinalinfo\/#\/schema\/person\/6f9a650eeea99d969b6c4ab78fccbe81","name":"C.K.","image":{"@type":"ImageObject","inLanguage":"fr-FR","@id":"https:\/\/vosgesinfo.fr\/epinalinfo\/#\/schema\/person\/image\/","url":"https:\/\/secure.gravatar.com\/avatar\/48e3fc7f8421ba8942be6b74a2b7f014ca39bc00dece156b7a8e098ae7dc87bf?s=96&d=mm&r=g","contentUrl":"https:\/\/secure.gravatar.com\/avatar\/48e3fc7f8421ba8942be6b74a2b7f014ca39bc00dece156b7a8e098ae7dc87bf?s=96&d=mm&r=g","caption":"C.K."},"url":"https:\/\/vosgesinfo.fr\/epinalinfo\/author\/celia-k-n\/"}]}},"_links":{"self":[{"href":"https:\/\/vosgesinfo.fr\/epinalinfo\/wp-json\/wp\/v2\/posts\/140328","targetHints":{"allow":["GET"]}}],"collection":[{"href":"https:\/\/vosgesinfo.fr\/epinalinfo\/wp-json\/wp\/v2\/posts"}],"about":[{"href":"https:\/\/vosgesinfo.fr\/epinalinfo\/wp-json\/wp\/v2\/types\/post"}],"author":[{"embeddable":true,"href":"https:\/\/vosgesinfo.fr\/epinalinfo\/wp-json\/wp\/v2\/users\/52"}],"replies":[{"embeddable":true,"href":"https:\/\/vosgesinfo.fr\/epinalinfo\/wp-json\/wp\/v2\/comments?post=140328"}],"version-history":[{"count":1,"href":"https:\/\/vosgesinfo.fr\/epinalinfo\/wp-json\/wp\/v2\/posts\/140328\/revisions"}],"predecessor-version":[{"id":140330,"href":"https:\/\/vosgesinfo.fr\/epinalinfo\/wp-json\/wp\/v2\/posts\/140328\/revisions\/140330"}],"wp:featuredmedia":[{"embeddable":true,"href":"https:\/\/vosgesinfo.fr\/epinalinfo\/wp-json\/wp\/v2\/media\/140329"}],"wp:attachment":[{"href":"https:\/\/vosgesinfo.fr\/epinalinfo\/wp-json\/wp\/v2\/media?parent=140328"}],"wp:term":[{"taxonomy":"category","embeddable":true,"href":"https:\/\/vosgesinfo.fr\/epinalinfo\/wp-json\/wp\/v2\/categories?post=140328"},{"taxonomy":"post_tag","embeddable":true,"href":"https:\/\/vosgesinfo.fr\/epinalinfo\/wp-json\/wp\/v2\/tags?post=140328"}],"curies":[{"name":"wp","href":"https:\/\/api.w.org\/{rel}","templated":true}]}}