{"id":140370,"date":"2026-03-07T16:54:56","date_gmt":"2026-03-07T15:54:56","guid":{"rendered":"https:\/\/vosgesinfo.fr\/epinalinfo\/?p=140370"},"modified":"2026-03-09T09:21:48","modified_gmt":"2026-03-09T08:21:48","slug":"le-club-de-sport-adapte-spinalien-26-ans-dengagement-pour-le-sport-adapte-a-epinal","status":"publish","type":"post","link":"https:\/\/vosgesinfo.fr\/epinalinfo\/2026\/03\/le-club-de-sport-adapte-spinalien-26-ans-dengagement-pour-le-sport-adapte-a-epinal\/","title":{"rendered":"Le Club de Sport Adapt\u00e9 Spinalien : 26 ans d\u2019engagement pour le sport adapt\u00e9 \u00e0 \u00c9pinal"},"content":{"rendered":"<div id=\"attachment_140371\" style=\"width: 388px\" class=\"wp-caption aligncenter\"><a href=\"https:\/\/vosgesinfo.fr\/app\/uploads\/sites\/3\/2026\/03\/pasted-image-wed-jan-28-2026-10-53-41-gmt-0100-heure-normale-d-europe-centrale-high.webp\"><img decoding=\"async\" aria-describedby=\"caption-attachment-140371\" class=\"size-full wp-image-140371\" src=\"https:\/\/vosgesinfo.fr\/app\/uploads\/sites\/3\/2026\/03\/pasted-image-wed-jan-28-2026-10-53-41-gmt-0100-heure-normale-d-europe-centrale-high.webp\" alt=\"\" width=\"378\" height=\"284\" srcset=\"https:\/\/vosgesinfo.fr\/app\/uploads\/sites\/3\/2026\/03\/pasted-image-wed-jan-28-2026-10-53-41-gmt-0100-heure-normale-d-europe-centrale-high.webp 378w, https:\/\/vosgesinfo.fr\/app\/uploads\/sites\/3\/2026\/03\/pasted-image-wed-jan-28-2026-10-53-41-gmt-0100-heure-normale-d-europe-centrale-high-300x225.webp 300w\" sizes=\"(max-width: 378px) 100vw, 378px\" \/><\/a><p id=\"caption-attachment-140371\" class=\"wp-caption-text\">photo Club de Sport Adapt\u00e9 Spinalien<\/p><\/div>\n<h2 data-start=\"65\" data-end=\"520\"><strong>Depuis 26 ans, le Club de Sport Adapt\u00e9 Spinalien (CSAE) permet \u00e0 des personnes en situation de handicap intellectuel, psychique ou pr\u00e9sentant des troubles du spectre de l\u2019autisme de pratiquer r\u00e9guli\u00e8rement une activit\u00e9 sportive dans un cadre encadr\u00e9 et bienveillant. \u00c0 l\u2019occasion de la saison 2025-2026, l\u2019association poursuit plus que jamais sa mission : rendre le sport accessible \u00e0 tous, dans un esprit de partage, de progression et de plaisir.<\/strong><\/h2>\n<p data-start=\"522\" data-end=\"955\">Tout au long de l\u2019ann\u00e9e, les licenci\u00e9s peuvent participer \u00e0 diff\u00e9rentes disciplines anim\u00e9es par des b\u00e9n\u00e9voles engag\u00e9s : <strong data-start=\"642\" data-end=\"739\">badminton, natation, tir \u00e0 l\u2019arc, football \u00e0 7, activit\u00e9s motrices, basket ou encore p\u00e9tanque<\/strong>. Certains pratiquent pour le loisir, tandis que d\u2019autres s\u2019orientent vers la comp\u00e9tition en participant aux \u00e9preuves organis\u00e9es par la <strong data-start=\"875\" data-end=\"922\">F\u00e9d\u00e9ration Fran\u00e7aise de Sport Adapt\u00e9 (FFSA)<\/strong>, \u00e0 laquelle le club est affili\u00e9.<\/p>\n<p data-start=\"957\" data-end=\"1617\">Cette saison, plusieurs sportifs du CSAE ont d\u00e9j\u00e0 obtenu leur qualification pour des comp\u00e9titions nationales. Deux archers repr\u00e9senteront le club lors du <strong data-start=\"1111\" data-end=\"1163\">championnat de France de para tir \u00e0 l\u2019arc adapt\u00e9<\/strong>, qui se d\u00e9roulera \u00e0 Bourges du <strong data-start=\"1195\" data-end=\"1216\">3 au 5 avril 2026<\/strong>. Quatre nageurs participeront quant \u00e0 eux au <strong data-start=\"1262\" data-end=\"1311\">championnat de France de para natation adapt\u00e9<\/strong>, organis\u00e9 \u00e0 Pau du <strong data-start=\"1331\" data-end=\"1353\">18 au 21 juin 2026<\/strong>. Du c\u00f4t\u00e9 de la p\u00e9tanque, cinq joueurs sont engag\u00e9s pour le <strong data-start=\"1413\" data-end=\"1450\">championnat r\u00e9gional de Lun\u00e9ville<\/strong>, le <strong data-start=\"1455\" data-end=\"1466\">28 mars<\/strong>. En cas de qualification, ils pourraient ensuite disputer le <strong data-start=\"1528\" data-end=\"1577\">championnat de France de para p\u00e9tanque adapt\u00e9<\/strong>, pr\u00e9vu \u00e0 Nice du <strong data-start=\"1595\" data-end=\"1616\">22 au 24 mai 2026<\/strong>.<\/p>\n<p data-start=\"1619\" data-end=\"1790\">Le club attend \u00e9galement la confirmation de la s\u00e9lection du nageur <strong data-start=\"1686\" data-end=\"1702\">Simon Blaise<\/strong> pour les <strong data-start=\"1712\" data-end=\"1742\">Virtus Global Games Europe<\/strong>, qui auront lieu en <strong data-start=\"1763\" data-end=\"1789\">Pologne au mois d\u2019ao\u00fbt<\/strong>.<\/p>\n<p data-start=\"1792\" data-end=\"2048\">Au-del\u00e0 des performances sportives, le CSAE d\u00e9fend avant tout les valeurs d\u2019inclusion, de bien-\u00eatre et d\u2019\u00e9panouissement personnel. Chaque sportif peut pratiquer selon ses envies, que ce soit pour se d\u00e9tendre, progresser ou relever des d\u00e9fis en comp\u00e9tition.<\/p>\n<p data-start=\"2050\" data-end=\"2273\">L\u2019association recherche \u00e9galement des <strong data-start=\"2088\" data-end=\"2101\">b\u00e9n\u00e9voles<\/strong> souhaitant s\u2019engager dans une aventure humaine enrichissante : accompagner les sportifs, participer \u00e0 l\u2019encadrement des activit\u00e9s et contribuer \u00e0 leur int\u00e9gration sociale.<\/p>\n<p data-start=\"2275\" data-end=\"2361\"><strong data-start=\"2275\" data-end=\"2361\">Loisir ou comp\u00e9tition : l\u2019essentiel reste de bouger, partager et se faire plaisir.<\/strong><\/p>\n<p data-start=\"2363\" data-end=\"2422\" data-is-last-node=\"\" data-is-only-node=\"\">Pour en savoir plus : <a href=\"https:\/\/www.sportadaptespinalien.fr\/\">https:\/\/www.sportadaptespinalien.fr\/<\/a><\/p>\n\n\t\t<style type=\"text\/css\">\n\t\t\t#gallery-1 {\n\t\t\t\tmargin: auto;\n\t\t\t}\n\t\t\t#gallery-1 .gallery-item {\n\t\t\t\tfloat: left;\n\t\t\t\tmargin-top: 10px;\n\t\t\t\ttext-align: center;\n\t\t\t\twidth: 33%;\n\t\t\t}\n\t\t\t#gallery-1 img {\n\t\t\t\tborder: 2px solid #cfcfcf;\n\t\t\t}\n\t\t\t#gallery-1 .gallery-caption {\n\t\t\t\tmargin-left: 0;\n\t\t\t}\n\t\t\t\/* see gallery_shortcode() in wp-includes\/media.php *\/\n\t\t<\/style>\n\t\t<div id='gallery-1' class='gallery galleryid-140370 gallery-columns-3 gallery-size-large'><dl class='gallery-item'>\n\t\t\t<dt class='gallery-icon landscape'>\n\t\t\t\t<a href='https:\/\/vosgesinfo.fr\/app\/uploads\/sites\/3\/2026\/03\/projet-f-d-ral-high-2a5nnk.webp'><img decoding=\"async\" width=\"1024\" height=\"469\" src=\"https:\/\/vosgesinfo.fr\/app\/uploads\/sites\/3\/2026\/03\/projet-f-d-ral-high-2a5nnk-1024x469.webp\" class=\"attachment-large size-large\" alt=\"\" srcset=\"https:\/\/vosgesinfo.fr\/app\/uploads\/sites\/3\/2026\/03\/projet-f-d-ral-high-2a5nnk-1024x469.webp 1024w, https:\/\/vosgesinfo.fr\/app\/uploads\/sites\/3\/2026\/03\/projet-f-d-ral-high-2a5nnk-300x137.webp 300w, https:\/\/vosgesinfo.fr\/app\/uploads\/sites\/3\/2026\/03\/projet-f-d-ral-high-2a5nnk-768x352.webp 768w, https:\/\/vosgesinfo.fr\/app\/uploads\/sites\/3\/2026\/03\/projet-f-d-ral-high-2a5nnk.webp 1122w\" sizes=\"(max-width: 1024px) 100vw, 1024px\" \/><\/a>\n\t\t\t<\/dt><\/dl><dl class='gallery-item'>\n\t\t\t<dt class='gallery-icon landscape'>\n\t\t\t\t<a href='https:\/\/vosgesinfo.fr\/app\/uploads\/sites\/3\/2026\/03\/sans-titre-2.jpg'><img decoding=\"async\" width=\"1024\" height=\"768\" src=\"https:\/\/vosgesinfo.fr\/app\/uploads\/sites\/3\/2026\/03\/sans-titre-2-1024x768.jpg\" class=\"attachment-large size-large\" alt=\"\" srcset=\"https:\/\/vosgesinfo.fr\/app\/uploads\/sites\/3\/2026\/03\/sans-titre-2-1024x768.jpg 1024w, https:\/\/vosgesinfo.fr\/app\/uploads\/sites\/3\/2026\/03\/sans-titre-2-300x225.jpg 300w, https:\/\/vosgesinfo.fr\/app\/uploads\/sites\/3\/2026\/03\/sans-titre-2-768x576.jpg 768w, https:\/\/vosgesinfo.fr\/app\/uploads\/sites\/3\/2026\/03\/sans-titre-2.jpg 1440w\" sizes=\"(max-width: 1024px) 100vw, 1024px\" \/><\/a>\n\t\t\t<\/dt><\/dl><dl class='gallery-item'>\n\t\t\t<dt class='gallery-icon landscape'>\n\t\t\t\t<a href='https:\/\/vosgesinfo.fr\/app\/uploads\/sites\/3\/2026\/03\/sport-adapte.jpg'><img decoding=\"async\" width=\"477\" height=\"431\" src=\"https:\/\/vosgesinfo.fr\/app\/uploads\/sites\/3\/2026\/03\/sport-adapte.jpg\" class=\"attachment-large size-large\" alt=\"\" srcset=\"https:\/\/vosgesinfo.fr\/app\/uploads\/sites\/3\/2026\/03\/sport-adapte.jpg 477w, https:\/\/vosgesinfo.fr\/app\/uploads\/sites\/3\/2026\/03\/sport-adapte-300x271.jpg 300w\" sizes=\"(max-width: 477px) 100vw, 477px\" \/><\/a>\n\t\t\t<\/dt><\/dl><br style=\"clear: both\" \/><dl class='gallery-item'>\n\t\t\t<dt class='gallery-icon portrait'>\n\t\t\t\t<a href='https:\/\/vosgesinfo.fr\/app\/uploads\/sites\/3\/2026\/03\/sport-adapte2.jpg'><img decoding=\"async\" width=\"250\" height=\"333\" src=\"https:\/\/vosgesinfo.fr\/app\/uploads\/sites\/3\/2026\/03\/sport-adapte2.jpg\" class=\"attachment-large size-large\" alt=\"\" srcset=\"https:\/\/vosgesinfo.fr\/app\/uploads\/sites\/3\/2026\/03\/sport-adapte2.jpg 250w, https:\/\/vosgesinfo.fr\/app\/uploads\/sites\/3\/2026\/03\/sport-adapte2-225x300.jpg 225w\" sizes=\"(max-width: 250px) 100vw, 250px\" \/><\/a>\n\t\t\t<\/dt><\/dl>\n\t\t\t<br style='clear: both' \/>\n\t\t<\/div>\n\n","protected":false},"excerpt":{"rendered":"<p>Depuis 26 ans, le Club de Sport Adapt\u00e9 Spinalien (CSAE) permet \u00e0 des personnes en situation de handicap intellectuel, psychique [&hellip;]<\/p>\n","protected":false},"author":52,"featured_media":140371,"comment_status":"open","ping_status":"open","sticky":false,"template":"","format":"standard","meta":{"footnotes":""},"categories":[22,24,7],"tags":[],"class_list":["post-140370","post","type-post","status-publish","format-standard","has-post-thumbnail","hentry","category-a-la-une","category-epinal","category-sport"],"acf":[],"yoast_head":"<!-- This site is optimized with the Yoast SEO plugin v22.5 - https:\/\/yoast.com\/wordpress\/plugins\/seo\/ -->\n<title>Le Club de Sport Adapt\u00e9 Spinalien : 26 ans d\u2019engagement pour le sport adapt\u00e9 \u00e0 \u00c9pinal - Epinal Info<\/title>\n<meta name=\"robots\" content=\"index, follow, max-snippet:-1, max-image-preview:large, max-video-preview:-1\" \/>\n<link rel=\"canonical\" href=\"https:\/\/vosgesinfo.fr\/epinalinfo\/2026\/03\/le-club-de-sport-adapte-spinalien-26-ans-dengagement-pour-le-sport-adapte-a-epinal\/\" \/>\n<meta name=\"twitter:card\" content=\"summary_large_image\" \/>\n<meta name=\"twitter:title\" content=\"Le Club de Sport Adapt\u00e9 Spinalien : 26 ans d\u2019engagement pour le sport adapt\u00e9 \u00e0 \u00c9pinal - Epinal Info\" \/>\n<meta name=\"twitter:description\" content=\"Depuis 26 ans, le Club de Sport Adapt\u00e9 Spinalien (CSAE) permet \u00e0 des personnes en situation de handicap intellectuel, psychique [&hellip;]\" \/>\n<meta name=\"twitter:image\" content=\"https:\/\/vosgesinfo.fr\/app\/uploads\/sites\/3\/2026\/03\/pasted-image-wed-jan-28-2026-10-53-41-gmt-0100-heure-normale-d-europe-centrale-high.webp\" \/>\n<meta name=\"twitter:creator\" content=\"@VosgesInfo88\" \/>\n<meta name=\"twitter:site\" content=\"@VosgesInfo88\" \/>\n<meta name=\"twitter:label1\" content=\"\u00c9crit par\" \/>\n\t<meta name=\"twitter:data1\" content=\"C.K.\" \/>\n\t<meta name=\"twitter:label2\" content=\"Dur\u00e9e de lecture estim\u00e9e\" \/>\n\t<meta name=\"twitter:data2\" content=\"3 minutes\" \/>\n<script type=\"application\/ld+json\" class=\"yoast-schema-graph\">{\"@context\":\"https:\/\/schema.org\",\"@graph\":[{\"@type\":\"Article\",\"@id\":\"https:\/\/vosgesinfo.fr\/epinalinfo\/2026\/03\/le-club-de-sport-adapte-spinalien-26-ans-dengagement-pour-le-sport-adapte-a-epinal\/#article\",\"isPartOf\":{\"@id\":\"https:\/\/vosgesinfo.fr\/epinalinfo\/2026\/03\/le-club-de-sport-adapte-spinalien-26-ans-dengagement-pour-le-sport-adapte-a-epinal\/\"},\"author\":{\"name\":\"C.K.\",\"@id\":\"https:\/\/vosgesinfo.fr\/epinalinfo\/#\/schema\/person\/6f9a650eeea99d969b6c4ab78fccbe81\"},\"headline\":\"Le Club de Sport Adapt\u00e9 Spinalien : 26 ans d\u2019engagement pour le sport adapt\u00e9 \u00e0 \u00c9pinal\",\"datePublished\":\"2026-03-07T15:54:56+00:00\",\"dateModified\":\"2026-03-09T08:21:48+00:00\",\"mainEntityOfPage\":{\"@id\":\"https:\/\/vosgesinfo.fr\/epinalinfo\/2026\/03\/le-club-de-sport-adapte-spinalien-26-ans-dengagement-pour-le-sport-adapte-a-epinal\/\"},\"wordCount\":411,\"commentCount\":0,\"publisher\":{\"@id\":\"https:\/\/vosgesinfo.fr\/epinalinfo\/#organization\"},\"image\":{\"@id\":\"https:\/\/vosgesinfo.fr\/epinalinfo\/2026\/03\/le-club-de-sport-adapte-spinalien-26-ans-dengagement-pour-le-sport-adapte-a-epinal\/#primaryimage\"},\"thumbnailUrl\":\"https:\/\/vosgesinfo.fr\/app\/uploads\/sites\/3\/2026\/03\/pasted-image-wed-jan-28-2026-10-53-41-gmt-0100-heure-normale-d-europe-centrale-high.webp\",\"articleSection\":[\"A la Une\",\"Epinal\",\"Sport\"],\"inLanguage\":\"fr-FR\",\"potentialAction\":[{\"@type\":\"CommentAction\",\"name\":\"Comment\",\"target\":[\"https:\/\/vosgesinfo.fr\/epinalinfo\/2026\/03\/le-club-de-sport-adapte-spinalien-26-ans-dengagement-pour-le-sport-adapte-a-epinal\/#respond\"]}]},{\"@type\":\"WebPage\",\"@id\":\"https:\/\/vosgesinfo.fr\/epinalinfo\/2026\/03\/le-club-de-sport-adapte-spinalien-26-ans-dengagement-pour-le-sport-adapte-a-epinal\/\",\"url\":\"https:\/\/vosgesinfo.fr\/epinalinfo\/2026\/03\/le-club-de-sport-adapte-spinalien-26-ans-dengagement-pour-le-sport-adapte-a-epinal\/\",\"name\":\"Le Club de Sport Adapt\u00e9 Spinalien : 26 ans d\u2019engagement pour le sport adapt\u00e9 \u00e0 \u00c9pinal - Epinal Info\",\"isPartOf\":{\"@id\":\"https:\/\/vosgesinfo.fr\/epinalinfo\/#website\"},\"primaryImageOfPage\":{\"@id\":\"https:\/\/vosgesinfo.fr\/epinalinfo\/2026\/03\/le-club-de-sport-adapte-spinalien-26-ans-dengagement-pour-le-sport-adapte-a-epinal\/#primaryimage\"},\"image\":{\"@id\":\"https:\/\/vosgesinfo.fr\/epinalinfo\/2026\/03\/le-club-de-sport-adapte-spinalien-26-ans-dengagement-pour-le-sport-adapte-a-epinal\/#primaryimage\"},\"thumbnailUrl\":\"https:\/\/vosgesinfo.fr\/app\/uploads\/sites\/3\/2026\/03\/pasted-image-wed-jan-28-2026-10-53-41-gmt-0100-heure-normale-d-europe-centrale-high.webp\",\"datePublished\":\"2026-03-07T15:54:56+00:00\",\"dateModified\":\"2026-03-09T08:21:48+00:00\",\"breadcrumb\":{\"@id\":\"https:\/\/vosgesinfo.fr\/epinalinfo\/2026\/03\/le-club-de-sport-adapte-spinalien-26-ans-dengagement-pour-le-sport-adapte-a-epinal\/#breadcrumb\"},\"inLanguage\":\"fr-FR\",\"potentialAction\":[{\"@type\":\"ReadAction\",\"target\":[\"https:\/\/vosgesinfo.fr\/epinalinfo\/2026\/03\/le-club-de-sport-adapte-spinalien-26-ans-dengagement-pour-le-sport-adapte-a-epinal\/\"]}]},{\"@type\":\"ImageObject\",\"inLanguage\":\"fr-FR\",\"@id\":\"https:\/\/vosgesinfo.fr\/epinalinfo\/2026\/03\/le-club-de-sport-adapte-spinalien-26-ans-dengagement-pour-le-sport-adapte-a-epinal\/#primaryimage\",\"url\":\"https:\/\/vosgesinfo.fr\/app\/uploads\/sites\/3\/2026\/03\/pasted-image-wed-jan-28-2026-10-53-41-gmt-0100-heure-normale-d-europe-centrale-high.webp\",\"contentUrl\":\"https:\/\/vosgesinfo.fr\/app\/uploads\/sites\/3\/2026\/03\/pasted-image-wed-jan-28-2026-10-53-41-gmt-0100-heure-normale-d-europe-centrale-high.webp\",\"width\":378,\"height\":284,\"caption\":\"photo Club de Sport Adapt\u00e9 Spinalien\"},{\"@type\":\"BreadcrumbList\",\"@id\":\"https:\/\/vosgesinfo.fr\/epinalinfo\/2026\/03\/le-club-de-sport-adapte-spinalien-26-ans-dengagement-pour-le-sport-adapte-a-epinal\/#breadcrumb\",\"itemListElement\":[{\"@type\":\"ListItem\",\"position\":1,\"name\":\"Home\",\"item\":\"https:\/\/vosgesinfo.fr\/epinalinfo\/\"},{\"@type\":\"ListItem\",\"position\":2,\"name\":\"Le Club de Sport Adapt\u00e9 Spinalien : 26 ans d\u2019engagement pour le sport adapt\u00e9 \u00e0 \u00c9pinal\"}]},{\"@type\":\"WebSite\",\"@id\":\"https:\/\/vosgesinfo.fr\/epinalinfo\/#website\",\"url\":\"https:\/\/vosgesinfo.fr\/epinalinfo\/\",\"name\":\"Epinal Info\",\"description\":\"Toute l&#039;actualit\u00e9 d&#039;\u00c9pinal\",\"publisher\":{\"@id\":\"https:\/\/vosgesinfo.fr\/epinalinfo\/#organization\"},\"alternateName\":\"Toute l'actualit\u00e9 d'\u00c9pinal\",\"potentialAction\":[{\"@type\":\"SearchAction\",\"target\":{\"@type\":\"EntryPoint\",\"urlTemplate\":\"https:\/\/vosgesinfo.fr\/epinalinfo\/?s={search_term_string}\"},\"query-input\":\"required name=search_term_string\"}],\"inLanguage\":\"fr-FR\"},{\"@type\":\"Organization\",\"@id\":\"https:\/\/vosgesinfo.fr\/epinalinfo\/#organization\",\"name\":\"Epinal Info\",\"url\":\"https:\/\/vosgesinfo.fr\/epinalinfo\/\",\"logo\":{\"@type\":\"ImageObject\",\"inLanguage\":\"fr-FR\",\"@id\":\"https:\/\/vosgesinfo.fr\/epinalinfo\/#\/schema\/logo\/image\/\",\"url\":\"https:\/\/vosgesinfo.fr\/app\/uploads\/sites\/3\/2023\/08\/logo-epinalinfos.svg\",\"contentUrl\":\"https:\/\/vosgesinfo.fr\/app\/uploads\/sites\/3\/2023\/08\/logo-epinalinfos.svg\",\"width\":1,\"height\":1,\"caption\":\"Epinal Info\"},\"image\":{\"@id\":\"https:\/\/vosgesinfo.fr\/epinalinfo\/#\/schema\/logo\/image\/\"},\"sameAs\":[\"https:\/\/www.facebook.com\/Epinalinfos\",\"https:\/\/x.com\/VosgesInfo88\",\"https:\/\/www.youtube.com\/@vosgesinfo\"]},{\"@type\":\"Person\",\"@id\":\"https:\/\/vosgesinfo.fr\/epinalinfo\/#\/schema\/person\/6f9a650eeea99d969b6c4ab78fccbe81\",\"name\":\"C.K.\",\"image\":{\"@type\":\"ImageObject\",\"inLanguage\":\"fr-FR\",\"@id\":\"https:\/\/vosgesinfo.fr\/epinalinfo\/#\/schema\/person\/image\/\",\"url\":\"https:\/\/secure.gravatar.com\/avatar\/48e3fc7f8421ba8942be6b74a2b7f014ca39bc00dece156b7a8e098ae7dc87bf?s=96&d=mm&r=g\",\"contentUrl\":\"https:\/\/secure.gravatar.com\/avatar\/48e3fc7f8421ba8942be6b74a2b7f014ca39bc00dece156b7a8e098ae7dc87bf?s=96&d=mm&r=g\",\"caption\":\"C.K.\"},\"url\":\"https:\/\/vosgesinfo.fr\/epinalinfo\/author\/celia-k-n\/\"}]}<\/script>\n<!-- \/ Yoast SEO plugin. -->","yoast_head_json":{"title":"Le Club de Sport Adapt\u00e9 Spinalien : 26 ans d\u2019engagement pour le sport adapt\u00e9 \u00e0 \u00c9pinal - Epinal Info","robots":{"index":"index","follow":"follow","max-snippet":"max-snippet:-1","max-image-preview":"max-image-preview:large","max-video-preview":"max-video-preview:-1"},"canonical":"https:\/\/vosgesinfo.fr\/epinalinfo\/2026\/03\/le-club-de-sport-adapte-spinalien-26-ans-dengagement-pour-le-sport-adapte-a-epinal\/","twitter_card":"summary_large_image","twitter_title":"Le Club de Sport Adapt\u00e9 Spinalien : 26 ans d\u2019engagement pour le sport adapt\u00e9 \u00e0 \u00c9pinal - Epinal Info","twitter_description":"Depuis 26 ans, le Club de Sport Adapt\u00e9 Spinalien (CSAE) permet \u00e0 des personnes en situation de handicap intellectuel, psychique [&hellip;]","twitter_image":"https:\/\/vosgesinfo.fr\/app\/uploads\/sites\/3\/2026\/03\/pasted-image-wed-jan-28-2026-10-53-41-gmt-0100-heure-normale-d-europe-centrale-high.webp","twitter_creator":"@VosgesInfo88","twitter_site":"@VosgesInfo88","twitter_misc":{"\u00c9crit par":"C.K.","Dur\u00e9e de lecture estim\u00e9e":"3 minutes"},"schema":{"@context":"https:\/\/schema.org","@graph":[{"@type":"Article","@id":"https:\/\/vosgesinfo.fr\/epinalinfo\/2026\/03\/le-club-de-sport-adapte-spinalien-26-ans-dengagement-pour-le-sport-adapte-a-epinal\/#article","isPartOf":{"@id":"https:\/\/vosgesinfo.fr\/epinalinfo\/2026\/03\/le-club-de-sport-adapte-spinalien-26-ans-dengagement-pour-le-sport-adapte-a-epinal\/"},"author":{"name":"C.K.","@id":"https:\/\/vosgesinfo.fr\/epinalinfo\/#\/schema\/person\/6f9a650eeea99d969b6c4ab78fccbe81"},"headline":"Le Club de Sport Adapt\u00e9 Spinalien : 26 ans d\u2019engagement pour le sport adapt\u00e9 \u00e0 \u00c9pinal","datePublished":"2026-03-07T15:54:56+00:00","dateModified":"2026-03-09T08:21:48+00:00","mainEntityOfPage":{"@id":"https:\/\/vosgesinfo.fr\/epinalinfo\/2026\/03\/le-club-de-sport-adapte-spinalien-26-ans-dengagement-pour-le-sport-adapte-a-epinal\/"},"wordCount":411,"commentCount":0,"publisher":{"@id":"https:\/\/vosgesinfo.fr\/epinalinfo\/#organization"},"image":{"@id":"https:\/\/vosgesinfo.fr\/epinalinfo\/2026\/03\/le-club-de-sport-adapte-spinalien-26-ans-dengagement-pour-le-sport-adapte-a-epinal\/#primaryimage"},"thumbnailUrl":"https:\/\/vosgesinfo.fr\/app\/uploads\/sites\/3\/2026\/03\/pasted-image-wed-jan-28-2026-10-53-41-gmt-0100-heure-normale-d-europe-centrale-high.webp","articleSection":["A la Une","Epinal","Sport"],"inLanguage":"fr-FR","potentialAction":[{"@type":"CommentAction","name":"Comment","target":["https:\/\/vosgesinfo.fr\/epinalinfo\/2026\/03\/le-club-de-sport-adapte-spinalien-26-ans-dengagement-pour-le-sport-adapte-a-epinal\/#respond"]}]},{"@type":"WebPage","@id":"https:\/\/vosgesinfo.fr\/epinalinfo\/2026\/03\/le-club-de-sport-adapte-spinalien-26-ans-dengagement-pour-le-sport-adapte-a-epinal\/","url":"https:\/\/vosgesinfo.fr\/epinalinfo\/2026\/03\/le-club-de-sport-adapte-spinalien-26-ans-dengagement-pour-le-sport-adapte-a-epinal\/","name":"Le Club de Sport Adapt\u00e9 Spinalien : 26 ans d\u2019engagement pour le sport adapt\u00e9 \u00e0 \u00c9pinal - Epinal Info","isPartOf":{"@id":"https:\/\/vosgesinfo.fr\/epinalinfo\/#website"},"primaryImageOfPage":{"@id":"https:\/\/vosgesinfo.fr\/epinalinfo\/2026\/03\/le-club-de-sport-adapte-spinalien-26-ans-dengagement-pour-le-sport-adapte-a-epinal\/#primaryimage"},"image":{"@id":"https:\/\/vosgesinfo.fr\/epinalinfo\/2026\/03\/le-club-de-sport-adapte-spinalien-26-ans-dengagement-pour-le-sport-adapte-a-epinal\/#primaryimage"},"thumbnailUrl":"https:\/\/vosgesinfo.fr\/app\/uploads\/sites\/3\/2026\/03\/pasted-image-wed-jan-28-2026-10-53-41-gmt-0100-heure-normale-d-europe-centrale-high.webp","datePublished":"2026-03-07T15:54:56+00:00","dateModified":"2026-03-09T08:21:48+00:00","breadcrumb":{"@id":"https:\/\/vosgesinfo.fr\/epinalinfo\/2026\/03\/le-club-de-sport-adapte-spinalien-26-ans-dengagement-pour-le-sport-adapte-a-epinal\/#breadcrumb"},"inLanguage":"fr-FR","potentialAction":[{"@type":"ReadAction","target":["https:\/\/vosgesinfo.fr\/epinalinfo\/2026\/03\/le-club-de-sport-adapte-spinalien-26-ans-dengagement-pour-le-sport-adapte-a-epinal\/"]}]},{"@type":"ImageObject","inLanguage":"fr-FR","@id":"https:\/\/vosgesinfo.fr\/epinalinfo\/2026\/03\/le-club-de-sport-adapte-spinalien-26-ans-dengagement-pour-le-sport-adapte-a-epinal\/#primaryimage","url":"https:\/\/vosgesinfo.fr\/app\/uploads\/sites\/3\/2026\/03\/pasted-image-wed-jan-28-2026-10-53-41-gmt-0100-heure-normale-d-europe-centrale-high.webp","contentUrl":"https:\/\/vosgesinfo.fr\/app\/uploads\/sites\/3\/2026\/03\/pasted-image-wed-jan-28-2026-10-53-41-gmt-0100-heure-normale-d-europe-centrale-high.webp","width":378,"height":284,"caption":"photo Club de Sport Adapt\u00e9 Spinalien"},{"@type":"BreadcrumbList","@id":"https:\/\/vosgesinfo.fr\/epinalinfo\/2026\/03\/le-club-de-sport-adapte-spinalien-26-ans-dengagement-pour-le-sport-adapte-a-epinal\/#breadcrumb","itemListElement":[{"@type":"ListItem","position":1,"name":"Home","item":"https:\/\/vosgesinfo.fr\/epinalinfo\/"},{"@type":"ListItem","position":2,"name":"Le Club de Sport Adapt\u00e9 Spinalien : 26 ans d\u2019engagement pour le sport adapt\u00e9 \u00e0 \u00c9pinal"}]},{"@type":"WebSite","@id":"https:\/\/vosgesinfo.fr\/epinalinfo\/#website","url":"https:\/\/vosgesinfo.fr\/epinalinfo\/","name":"Epinal Info","description":"Toute l&#039;actualit\u00e9 d&#039;\u00c9pinal","publisher":{"@id":"https:\/\/vosgesinfo.fr\/epinalinfo\/#organization"},"alternateName":"Toute l'actualit\u00e9 d'\u00c9pinal","potentialAction":[{"@type":"SearchAction","target":{"@type":"EntryPoint","urlTemplate":"https:\/\/vosgesinfo.fr\/epinalinfo\/?s={search_term_string}"},"query-input":"required name=search_term_string"}],"inLanguage":"fr-FR"},{"@type":"Organization","@id":"https:\/\/vosgesinfo.fr\/epinalinfo\/#organization","name":"Epinal Info","url":"https:\/\/vosgesinfo.fr\/epinalinfo\/","logo":{"@type":"ImageObject","inLanguage":"fr-FR","@id":"https:\/\/vosgesinfo.fr\/epinalinfo\/#\/schema\/logo\/image\/","url":"https:\/\/vosgesinfo.fr\/app\/uploads\/sites\/3\/2023\/08\/logo-epinalinfos.svg","contentUrl":"https:\/\/vosgesinfo.fr\/app\/uploads\/sites\/3\/2023\/08\/logo-epinalinfos.svg","width":1,"height":1,"caption":"Epinal Info"},"image":{"@id":"https:\/\/vosgesinfo.fr\/epinalinfo\/#\/schema\/logo\/image\/"},"sameAs":["https:\/\/www.facebook.com\/Epinalinfos","https:\/\/x.com\/VosgesInfo88","https:\/\/www.youtube.com\/@vosgesinfo"]},{"@type":"Person","@id":"https:\/\/vosgesinfo.fr\/epinalinfo\/#\/schema\/person\/6f9a650eeea99d969b6c4ab78fccbe81","name":"C.K.","image":{"@type":"ImageObject","inLanguage":"fr-FR","@id":"https:\/\/vosgesinfo.fr\/epinalinfo\/#\/schema\/person\/image\/","url":"https:\/\/secure.gravatar.com\/avatar\/48e3fc7f8421ba8942be6b74a2b7f014ca39bc00dece156b7a8e098ae7dc87bf?s=96&d=mm&r=g","contentUrl":"https:\/\/secure.gravatar.com\/avatar\/48e3fc7f8421ba8942be6b74a2b7f014ca39bc00dece156b7a8e098ae7dc87bf?s=96&d=mm&r=g","caption":"C.K."},"url":"https:\/\/vosgesinfo.fr\/epinalinfo\/author\/celia-k-n\/"}]}},"_links":{"self":[{"href":"https:\/\/vosgesinfo.fr\/epinalinfo\/wp-json\/wp\/v2\/posts\/140370","targetHints":{"allow":["GET"]}}],"collection":[{"href":"https:\/\/vosgesinfo.fr\/epinalinfo\/wp-json\/wp\/v2\/posts"}],"about":[{"href":"https:\/\/vosgesinfo.fr\/epinalinfo\/wp-json\/wp\/v2\/types\/post"}],"author":[{"embeddable":true,"href":"https:\/\/vosgesinfo.fr\/epinalinfo\/wp-json\/wp\/v2\/users\/52"}],"replies":[{"embeddable":true,"href":"https:\/\/vosgesinfo.fr\/epinalinfo\/wp-json\/wp\/v2\/comments?post=140370"}],"version-history":[{"count":2,"href":"https:\/\/vosgesinfo.fr\/epinalinfo\/wp-json\/wp\/v2\/posts\/140370\/revisions"}],"predecessor-version":[{"id":140420,"href":"https:\/\/vosgesinfo.fr\/epinalinfo\/wp-json\/wp\/v2\/posts\/140370\/revisions\/140420"}],"wp:featuredmedia":[{"embeddable":true,"href":"https:\/\/vosgesinfo.fr\/epinalinfo\/wp-json\/wp\/v2\/media\/140371"}],"wp:attachment":[{"href":"https:\/\/vosgesinfo.fr\/epinalinfo\/wp-json\/wp\/v2\/media?parent=140370"}],"wp:term":[{"taxonomy":"category","embeddable":true,"href":"https:\/\/vosgesinfo.fr\/epinalinfo\/wp-json\/wp\/v2\/categories?post=140370"},{"taxonomy":"post_tag","embeddable":true,"href":"https:\/\/vosgesinfo.fr\/epinalinfo\/wp-json\/wp\/v2\/tags?post=140370"}],"curies":[{"name":"wp","href":"https:\/\/api.w.org\/{rel}","templated":true}]}}