{"id":140380,"date":"2026-03-07T18:02:21","date_gmt":"2026-03-07T17:02:21","guid":{"rendered":"https:\/\/vosgesinfo.fr\/epinalinfo\/?p=140380"},"modified":"2026-03-07T18:02:21","modified_gmt":"2026-03-07T17:02:21","slug":"le-reseau-bmi-fete-le-printemps-des-poetes","status":"publish","type":"post","link":"https:\/\/vosgesinfo.fr\/epinalinfo\/2026\/03\/le-reseau-bmi-fete-le-printemps-des-poetes\/","title":{"rendered":"Le r\u00e9seau BMI f\u00eate le Printemps des Po\u00e8tes"},"content":{"rendered":"<h2 data-start=\"46\" data-end=\"408\"><strong><a href=\"https:\/\/vosgesinfo.fr\/app\/uploads\/sites\/3\/2024\/08\/201901salle-boiserie-epinal-bmi.jpg\"><img decoding=\"async\" class=\"aligncenter size-large wp-image-80063\" src=\"https:\/\/vosgesinfo.fr\/app\/uploads\/sites\/3\/2024\/08\/201901salle-boiserie-epinal-bmi-1024x576.jpg\" alt=\"\" width=\"1024\" height=\"576\" srcset=\"https:\/\/vosgesinfo.fr\/app\/uploads\/sites\/3\/2024\/08\/201901salle-boiserie-epinal-bmi-1024x576.jpg 1024w, https:\/\/vosgesinfo.fr\/app\/uploads\/sites\/3\/2024\/08\/201901salle-boiserie-epinal-bmi-300x169.jpg 300w, https:\/\/vosgesinfo.fr\/app\/uploads\/sites\/3\/2024\/08\/201901salle-boiserie-epinal-bmi-768x432.jpg 768w, https:\/\/vosgesinfo.fr\/app\/uploads\/sites\/3\/2024\/08\/201901salle-boiserie-epinal-bmi-1536x864.jpg 1536w, https:\/\/vosgesinfo.fr\/app\/uploads\/sites\/3\/2024\/08\/201901salle-boiserie-epinal-bmi.jpg 1600w\" sizes=\"(max-width: 1024px) 100vw, 1024px\" \/><\/a>Chaque ann\u00e9e, le r\u00e9seau bmi s\u2019associe au Printemps des Po\u00e8tes afin de c\u00e9l\u00e9brer la puissance des mots et la beaut\u00e9 du langage sous toutes ses formes. L\u2019\u00e9dition 2026, plac\u00e9e sous le th\u00e8me \u00ab Libert\u00e9. Force vive, d\u00e9ploy\u00e9e \u00bb, invite petits et grands \u00e0 red\u00e9couvrir la po\u00e9sie l\u00e0 o\u00f9 on ne l\u2019attend pas, \u00e0 travers une programmation riche et accessible \u00e0 tous.<\/strong><\/h2>\n<h3 data-section-id=\"mgpt1d\" data-start=\"410\" data-end=\"451\">Un mois pour vivre la po\u00e9sie autrement<\/h3>\n<p data-start=\"453\" data-end=\"812\">Tout au long du mois de mars, les \u00e9quipes du r\u00e9seau bmi proposeront une s\u00e9rie d\u2019animations destin\u00e9es \u00e0 faire vivre la po\u00e9sie de mani\u00e8re vivante et conviviale. Lectures \u00e0 voix haute, rencontre d\u2019auteur, ateliers d\u2019\u00e9criture, exposition ou encore performance musicale : autant d\u2019occasions de s\u2019immerger dans l\u2019univers po\u00e9tique et de partager le plaisir des mots.<\/p>\n<p data-start=\"814\" data-end=\"1041\">Ces rendez-vous s\u2019adressent \u00e0 tous les publics, des plus jeunes aux lecteurs confirm\u00e9s. L\u2019objectif est simple : donner envie d\u2019\u00e9couter, d\u2019\u00e9crire, de dire et de ressentir la po\u00e9sie, dans un esprit de d\u00e9couverte et de cr\u00e9ativit\u00e9.<\/p>\n<h3 data-section-id=\"1b71d2k\" data-start=\"1043\" data-end=\"1071\">Une invitation \u00e0 partager<\/h3>\n<p data-start=\"1073\" data-end=\"1295\">Le <strong data-start=\"1076\" data-end=\"1100\">Printemps des Po\u00e8tes<\/strong> est aussi l\u2019occasion, pour le r\u00e9seau bmi, de rappeler que la po\u00e9sie est une langue de partage et d\u2019\u00e9motion. Accessible \u00e0 toutes et tous, elle invite \u00e0 la rencontre, \u00e0 la surprise et \u00e0 l\u2019\u00e9change.<\/p>\n<p data-start=\"1297\" data-end=\"1488\">Le public est ainsi invit\u00e9 \u00e0 venir profiter de moments sensibles et conviviaux au sein des biblioth\u00e8ques et m\u00e9diath\u00e8ques du r\u00e9seau, pour c\u00e9l\u00e9brer ensemble la richesse de la cr\u00e9ation po\u00e9tique.<\/p>\n<h3 data-section-id=\"7gdpsz\" data-start=\"1490\" data-end=\"1529\">Une conf\u00e9rence-concert hors les murs<\/h3>\n<p data-start=\"1531\" data-end=\"1691\">\u00c0 l\u2019occasion de ce <strong data-start=\"1550\" data-end=\"1578\">28\u1d49 Printemps des Po\u00e8tes<\/strong>, la bmi d\u2019\u00c9pinal propose un \u00e9v\u00e9nement exceptionnel hors les murs afin de profiter d\u2019une acoustique particuli\u00e8re.<\/p>\n<p data-start=\"1693\" data-end=\"2013\">La po\u00e8te <strong data-start=\"1702\" data-end=\"1722\">B\u00e9atrice Marchal<\/strong>, accompagn\u00e9e par les improvisations au piano de <strong data-start=\"1771\" data-end=\"1790\">Jean-Luc Guyard<\/strong>, pr\u00e9sentera <em data-start=\"1803\" data-end=\"1826\">Salom\u00e9, ma salamandre<\/em>. Cette conf\u00e9rence-concert raconte l\u2019histoire-po\u00e8me de la jeune fille qui a pr\u00eat\u00e9 ses traits \u00e0 l\u2019un des personnages de <strong data-start=\"1945\" data-end=\"1979\">La Mise au tombeau de Chaource<\/strong>, m\u00ealant r\u00e9cit, po\u00e9sie et musique.<\/p>\n<p data-start=\"2015\" data-end=\"2109\"><strong data-start=\"2015\" data-end=\"2045\">Vendredi 20 mars \u2013 18 h 30<\/strong><br data-start=\"2045\" data-end=\"2048\" \/>Conservatoire Gautier d\u2019\u00c9pinal<br data-start=\"2078\" data-end=\"2081\" \/>22 rue Thiers \u2013 88000 \u00c9pinal<\/p>\n<h3 data-section-id=\"1diri5b\" data-start=\"2111\" data-end=\"2142\">Parmi les autres temps forts<\/h3>\n<p data-start=\"2144\" data-end=\"2224\">Plusieurs rendez-vous viendront \u00e9galement rythmer ce mois consacr\u00e9 \u00e0 la po\u00e9sie :<\/p>\n<ul data-start=\"2226\" data-end=\"2543\">\n<li data-section-id=\"fet1qb\" data-start=\"2226\" data-end=\"2308\">\n<p data-start=\"2228\" data-end=\"2308\"><strong data-start=\"2228\" data-end=\"2256\">Samedi 14 mars \u2013 10 h 30<\/strong> : <em data-start=\"2259\" data-end=\"2291\">Heure du conte sp\u00e9ciale po\u00e9sie<\/em> \u2013 bmi d\u2019\u00c9pinal<\/p>\n<\/li>\n<li data-section-id=\"13uuau3\" data-start=\"2309\" data-end=\"2427\">\n<p data-start=\"2311\" data-end=\"2427\"><strong data-start=\"2311\" data-end=\"2341\">Mercredi 18 mars \u2013 15 h 00<\/strong> : <em data-start=\"2344\" data-end=\"2392\">Atelier d\u2019\u00e9criture cr\u00e9atif \u00ab Po\u00e8mes en folie \u00bb<\/em> \u2013 m\u00e9diath\u00e8que de Bains-les-Bains<\/p>\n<\/li>\n<li data-section-id=\"1ewjlr5\" data-start=\"2428\" data-end=\"2543\">\n<p data-start=\"2430\" data-end=\"2543\"><strong data-start=\"2430\" data-end=\"2458\">Samedi 28 mars \u2013 10 h 30<\/strong> : <em data-start=\"2461\" data-end=\"2526\">Lectures po\u00e9tiques, \u00e9changes et d\u00e9couverte du monde des oiseaux<\/em> \u2013 bmi d\u2019\u00c9pinal<\/p>\n<\/li>\n<\/ul>\n<p data-start=\"2545\" data-end=\"2731\">Avec cette programmation vari\u00e9e, le r\u00e9seau bmi invite chacun \u00e0 d\u00e9couvrir la po\u00e9sie sous un nouveau jour et \u00e0 partager, le temps d\u2019un mois, l\u2019\u00e9motion et la libert\u00e9 que portent les mots.<\/p>\n","protected":false},"excerpt":{"rendered":"<p>Chaque ann\u00e9e, le r\u00e9seau bmi s\u2019associe au Printemps des Po\u00e8tes afin de c\u00e9l\u00e9brer la puissance des mots et la beaut\u00e9 [&hellip;]<\/p>\n","protected":false},"author":52,"featured_media":80063,"comment_status":"open","ping_status":"open","sticky":false,"template":"","format":"standard","meta":{"footnotes":""},"categories":[22,24],"tags":[],"class_list":["post-140380","post","type-post","status-publish","format-standard","has-post-thumbnail","hentry","category-a-la-une","category-epinal"],"acf":[],"yoast_head":"<!-- This site is optimized with the Yoast SEO plugin v22.5 - https:\/\/yoast.com\/wordpress\/plugins\/seo\/ -->\n<title>Le r\u00e9seau BMI f\u00eate le Printemps des Po\u00e8tes - Epinal Info<\/title>\n<meta name=\"robots\" content=\"index, follow, max-snippet:-1, max-image-preview:large, max-video-preview:-1\" \/>\n<link rel=\"canonical\" href=\"https:\/\/vosgesinfo.fr\/epinalinfo\/?p=140380\" \/>\n<meta name=\"twitter:card\" content=\"summary_large_image\" \/>\n<meta name=\"twitter:title\" content=\"Le r\u00e9seau BMI f\u00eate le Printemps des Po\u00e8tes - Epinal Info\" \/>\n<meta name=\"twitter:description\" content=\"Chaque ann\u00e9e, le r\u00e9seau bmi s\u2019associe au Printemps des Po\u00e8tes afin de c\u00e9l\u00e9brer la puissance des mots et la beaut\u00e9 [&hellip;]\" \/>\n<meta name=\"twitter:creator\" content=\"@VosgesInfo88\" \/>\n<meta name=\"twitter:site\" content=\"@VosgesInfo88\" \/>\n<meta name=\"twitter:label1\" content=\"\u00c9crit par\" \/>\n\t<meta name=\"twitter:data1\" content=\"C.K.\" \/>\n\t<meta name=\"twitter:label2\" content=\"Dur\u00e9e de lecture estim\u00e9e\" \/>\n\t<meta name=\"twitter:data2\" content=\"2 minutes\" \/>\n<script type=\"application\/ld+json\" class=\"yoast-schema-graph\">{\"@context\":\"https:\/\/schema.org\",\"@graph\":[{\"@type\":\"Article\",\"@id\":\"https:\/\/vosgesinfo.fr\/epinalinfo\/?p=140380#article\",\"isPartOf\":{\"@id\":\"https:\/\/vosgesinfo.fr\/epinalinfo\/?p=140380\"},\"author\":{\"name\":\"C.K.\",\"@id\":\"https:\/\/vosgesinfo.fr\/epinalinfo\/#\/schema\/person\/6f9a650eeea99d969b6c4ab78fccbe81\"},\"headline\":\"Le r\u00e9seau BMI f\u00eate le Printemps des Po\u00e8tes\",\"datePublished\":\"2026-03-07T17:02:21+00:00\",\"dateModified\":\"2026-03-07T17:02:21+00:00\",\"mainEntityOfPage\":{\"@id\":\"https:\/\/vosgesinfo.fr\/epinalinfo\/?p=140380\"},\"wordCount\":475,\"commentCount\":0,\"publisher\":{\"@id\":\"https:\/\/vosgesinfo.fr\/epinalinfo\/#organization\"},\"image\":{\"@id\":\"https:\/\/vosgesinfo.fr\/epinalinfo\/?p=140380#primaryimage\"},\"thumbnailUrl\":\"https:\/\/vosgesinfo.fr\/app\/uploads\/sites\/3\/2024\/08\/201901salle-boiserie-epinal-bmi.jpg\",\"articleSection\":[\"A la Une\",\"Epinal\"],\"inLanguage\":\"fr-FR\",\"potentialAction\":[{\"@type\":\"CommentAction\",\"name\":\"Comment\",\"target\":[\"https:\/\/vosgesinfo.fr\/epinalinfo\/?p=140380#respond\"]}]},{\"@type\":\"WebPage\",\"@id\":\"https:\/\/vosgesinfo.fr\/epinalinfo\/?p=140380\",\"url\":\"https:\/\/vosgesinfo.fr\/epinalinfo\/?p=140380\",\"name\":\"Le r\u00e9seau BMI f\u00eate le Printemps des Po\u00e8tes - Epinal Info\",\"isPartOf\":{\"@id\":\"https:\/\/vosgesinfo.fr\/epinalinfo\/#website\"},\"primaryImageOfPage\":{\"@id\":\"https:\/\/vosgesinfo.fr\/epinalinfo\/?p=140380#primaryimage\"},\"image\":{\"@id\":\"https:\/\/vosgesinfo.fr\/epinalinfo\/?p=140380#primaryimage\"},\"thumbnailUrl\":\"https:\/\/vosgesinfo.fr\/app\/uploads\/sites\/3\/2024\/08\/201901salle-boiserie-epinal-bmi.jpg\",\"datePublished\":\"2026-03-07T17:02:21+00:00\",\"dateModified\":\"2026-03-07T17:02:21+00:00\",\"breadcrumb\":{\"@id\":\"https:\/\/vosgesinfo.fr\/epinalinfo\/?p=140380#breadcrumb\"},\"inLanguage\":\"fr-FR\",\"potentialAction\":[{\"@type\":\"ReadAction\",\"target\":[\"https:\/\/vosgesinfo.fr\/epinalinfo\/?p=140380\"]}]},{\"@type\":\"ImageObject\",\"inLanguage\":\"fr-FR\",\"@id\":\"https:\/\/vosgesinfo.fr\/epinalinfo\/?p=140380#primaryimage\",\"url\":\"https:\/\/vosgesinfo.fr\/app\/uploads\/sites\/3\/2024\/08\/201901salle-boiserie-epinal-bmi.jpg\",\"contentUrl\":\"https:\/\/vosgesinfo.fr\/app\/uploads\/sites\/3\/2024\/08\/201901salle-boiserie-epinal-bmi.jpg\",\"width\":1600,\"height\":900},{\"@type\":\"BreadcrumbList\",\"@id\":\"https:\/\/vosgesinfo.fr\/epinalinfo\/?p=140380#breadcrumb\",\"itemListElement\":[{\"@type\":\"ListItem\",\"position\":1,\"name\":\"Home\",\"item\":\"https:\/\/vosgesinfo.fr\/epinalinfo\/\"},{\"@type\":\"ListItem\",\"position\":2,\"name\":\"Le r\u00e9seau BMI f\u00eate le Printemps des Po\u00e8tes\"}]},{\"@type\":\"WebSite\",\"@id\":\"https:\/\/vosgesinfo.fr\/epinalinfo\/#website\",\"url\":\"https:\/\/vosgesinfo.fr\/epinalinfo\/\",\"name\":\"Epinal Info\",\"description\":\"Toute l&#039;actualit\u00e9 d&#039;\u00c9pinal\",\"publisher\":{\"@id\":\"https:\/\/vosgesinfo.fr\/epinalinfo\/#organization\"},\"alternateName\":\"Toute l'actualit\u00e9 d'\u00c9pinal\",\"potentialAction\":[{\"@type\":\"SearchAction\",\"target\":{\"@type\":\"EntryPoint\",\"urlTemplate\":\"https:\/\/vosgesinfo.fr\/epinalinfo\/?s={search_term_string}\"},\"query-input\":\"required name=search_term_string\"}],\"inLanguage\":\"fr-FR\"},{\"@type\":\"Organization\",\"@id\":\"https:\/\/vosgesinfo.fr\/epinalinfo\/#organization\",\"name\":\"Epinal Info\",\"url\":\"https:\/\/vosgesinfo.fr\/epinalinfo\/\",\"logo\":{\"@type\":\"ImageObject\",\"inLanguage\":\"fr-FR\",\"@id\":\"https:\/\/vosgesinfo.fr\/epinalinfo\/#\/schema\/logo\/image\/\",\"url\":\"https:\/\/vosgesinfo.fr\/app\/uploads\/sites\/3\/2023\/08\/logo-epinalinfos.svg\",\"contentUrl\":\"https:\/\/vosgesinfo.fr\/app\/uploads\/sites\/3\/2023\/08\/logo-epinalinfos.svg\",\"width\":1,\"height\":1,\"caption\":\"Epinal Info\"},\"image\":{\"@id\":\"https:\/\/vosgesinfo.fr\/epinalinfo\/#\/schema\/logo\/image\/\"},\"sameAs\":[\"https:\/\/www.facebook.com\/Epinalinfos\",\"https:\/\/x.com\/VosgesInfo88\",\"https:\/\/www.youtube.com\/@vosgesinfo\"]},{\"@type\":\"Person\",\"@id\":\"https:\/\/vosgesinfo.fr\/epinalinfo\/#\/schema\/person\/6f9a650eeea99d969b6c4ab78fccbe81\",\"name\":\"C.K.\",\"image\":{\"@type\":\"ImageObject\",\"inLanguage\":\"fr-FR\",\"@id\":\"https:\/\/vosgesinfo.fr\/epinalinfo\/#\/schema\/person\/image\/\",\"url\":\"https:\/\/secure.gravatar.com\/avatar\/48e3fc7f8421ba8942be6b74a2b7f014ca39bc00dece156b7a8e098ae7dc87bf?s=96&d=mm&r=g\",\"contentUrl\":\"https:\/\/secure.gravatar.com\/avatar\/48e3fc7f8421ba8942be6b74a2b7f014ca39bc00dece156b7a8e098ae7dc87bf?s=96&d=mm&r=g\",\"caption\":\"C.K.\"},\"url\":\"https:\/\/vosgesinfo.fr\/epinalinfo\/author\/celia-k-n\/\"}]}<\/script>\n<!-- \/ Yoast SEO plugin. -->","yoast_head_json":{"title":"Le r\u00e9seau BMI f\u00eate le Printemps des Po\u00e8tes - Epinal Info","robots":{"index":"index","follow":"follow","max-snippet":"max-snippet:-1","max-image-preview":"max-image-preview:large","max-video-preview":"max-video-preview:-1"},"canonical":"https:\/\/vosgesinfo.fr\/epinalinfo\/?p=140380","twitter_card":"summary_large_image","twitter_title":"Le r\u00e9seau BMI f\u00eate le Printemps des Po\u00e8tes - Epinal Info","twitter_description":"Chaque ann\u00e9e, le r\u00e9seau bmi s\u2019associe au Printemps des Po\u00e8tes afin de c\u00e9l\u00e9brer la puissance des mots et la beaut\u00e9 [&hellip;]","twitter_creator":"@VosgesInfo88","twitter_site":"@VosgesInfo88","twitter_misc":{"\u00c9crit par":"C.K.","Dur\u00e9e de lecture estim\u00e9e":"2 minutes"},"schema":{"@context":"https:\/\/schema.org","@graph":[{"@type":"Article","@id":"https:\/\/vosgesinfo.fr\/epinalinfo\/?p=140380#article","isPartOf":{"@id":"https:\/\/vosgesinfo.fr\/epinalinfo\/?p=140380"},"author":{"name":"C.K.","@id":"https:\/\/vosgesinfo.fr\/epinalinfo\/#\/schema\/person\/6f9a650eeea99d969b6c4ab78fccbe81"},"headline":"Le r\u00e9seau BMI f\u00eate le Printemps des Po\u00e8tes","datePublished":"2026-03-07T17:02:21+00:00","dateModified":"2026-03-07T17:02:21+00:00","mainEntityOfPage":{"@id":"https:\/\/vosgesinfo.fr\/epinalinfo\/?p=140380"},"wordCount":475,"commentCount":0,"publisher":{"@id":"https:\/\/vosgesinfo.fr\/epinalinfo\/#organization"},"image":{"@id":"https:\/\/vosgesinfo.fr\/epinalinfo\/?p=140380#primaryimage"},"thumbnailUrl":"https:\/\/vosgesinfo.fr\/app\/uploads\/sites\/3\/2024\/08\/201901salle-boiserie-epinal-bmi.jpg","articleSection":["A la Une","Epinal"],"inLanguage":"fr-FR","potentialAction":[{"@type":"CommentAction","name":"Comment","target":["https:\/\/vosgesinfo.fr\/epinalinfo\/?p=140380#respond"]}]},{"@type":"WebPage","@id":"https:\/\/vosgesinfo.fr\/epinalinfo\/?p=140380","url":"https:\/\/vosgesinfo.fr\/epinalinfo\/?p=140380","name":"Le r\u00e9seau BMI f\u00eate le Printemps des Po\u00e8tes - Epinal Info","isPartOf":{"@id":"https:\/\/vosgesinfo.fr\/epinalinfo\/#website"},"primaryImageOfPage":{"@id":"https:\/\/vosgesinfo.fr\/epinalinfo\/?p=140380#primaryimage"},"image":{"@id":"https:\/\/vosgesinfo.fr\/epinalinfo\/?p=140380#primaryimage"},"thumbnailUrl":"https:\/\/vosgesinfo.fr\/app\/uploads\/sites\/3\/2024\/08\/201901salle-boiserie-epinal-bmi.jpg","datePublished":"2026-03-07T17:02:21+00:00","dateModified":"2026-03-07T17:02:21+00:00","breadcrumb":{"@id":"https:\/\/vosgesinfo.fr\/epinalinfo\/?p=140380#breadcrumb"},"inLanguage":"fr-FR","potentialAction":[{"@type":"ReadAction","target":["https:\/\/vosgesinfo.fr\/epinalinfo\/?p=140380"]}]},{"@type":"ImageObject","inLanguage":"fr-FR","@id":"https:\/\/vosgesinfo.fr\/epinalinfo\/?p=140380#primaryimage","url":"https:\/\/vosgesinfo.fr\/app\/uploads\/sites\/3\/2024\/08\/201901salle-boiserie-epinal-bmi.jpg","contentUrl":"https:\/\/vosgesinfo.fr\/app\/uploads\/sites\/3\/2024\/08\/201901salle-boiserie-epinal-bmi.jpg","width":1600,"height":900},{"@type":"BreadcrumbList","@id":"https:\/\/vosgesinfo.fr\/epinalinfo\/?p=140380#breadcrumb","itemListElement":[{"@type":"ListItem","position":1,"name":"Home","item":"https:\/\/vosgesinfo.fr\/epinalinfo\/"},{"@type":"ListItem","position":2,"name":"Le r\u00e9seau BMI f\u00eate le Printemps des Po\u00e8tes"}]},{"@type":"WebSite","@id":"https:\/\/vosgesinfo.fr\/epinalinfo\/#website","url":"https:\/\/vosgesinfo.fr\/epinalinfo\/","name":"Epinal Info","description":"Toute l&#039;actualit\u00e9 d&#039;\u00c9pinal","publisher":{"@id":"https:\/\/vosgesinfo.fr\/epinalinfo\/#organization"},"alternateName":"Toute l'actualit\u00e9 d'\u00c9pinal","potentialAction":[{"@type":"SearchAction","target":{"@type":"EntryPoint","urlTemplate":"https:\/\/vosgesinfo.fr\/epinalinfo\/?s={search_term_string}"},"query-input":"required name=search_term_string"}],"inLanguage":"fr-FR"},{"@type":"Organization","@id":"https:\/\/vosgesinfo.fr\/epinalinfo\/#organization","name":"Epinal Info","url":"https:\/\/vosgesinfo.fr\/epinalinfo\/","logo":{"@type":"ImageObject","inLanguage":"fr-FR","@id":"https:\/\/vosgesinfo.fr\/epinalinfo\/#\/schema\/logo\/image\/","url":"https:\/\/vosgesinfo.fr\/app\/uploads\/sites\/3\/2023\/08\/logo-epinalinfos.svg","contentUrl":"https:\/\/vosgesinfo.fr\/app\/uploads\/sites\/3\/2023\/08\/logo-epinalinfos.svg","width":1,"height":1,"caption":"Epinal Info"},"image":{"@id":"https:\/\/vosgesinfo.fr\/epinalinfo\/#\/schema\/logo\/image\/"},"sameAs":["https:\/\/www.facebook.com\/Epinalinfos","https:\/\/x.com\/VosgesInfo88","https:\/\/www.youtube.com\/@vosgesinfo"]},{"@type":"Person","@id":"https:\/\/vosgesinfo.fr\/epinalinfo\/#\/schema\/person\/6f9a650eeea99d969b6c4ab78fccbe81","name":"C.K.","image":{"@type":"ImageObject","inLanguage":"fr-FR","@id":"https:\/\/vosgesinfo.fr\/epinalinfo\/#\/schema\/person\/image\/","url":"https:\/\/secure.gravatar.com\/avatar\/48e3fc7f8421ba8942be6b74a2b7f014ca39bc00dece156b7a8e098ae7dc87bf?s=96&d=mm&r=g","contentUrl":"https:\/\/secure.gravatar.com\/avatar\/48e3fc7f8421ba8942be6b74a2b7f014ca39bc00dece156b7a8e098ae7dc87bf?s=96&d=mm&r=g","caption":"C.K."},"url":"https:\/\/vosgesinfo.fr\/epinalinfo\/author\/celia-k-n\/"}]}},"_links":{"self":[{"href":"https:\/\/vosgesinfo.fr\/epinalinfo\/wp-json\/wp\/v2\/posts\/140380","targetHints":{"allow":["GET"]}}],"collection":[{"href":"https:\/\/vosgesinfo.fr\/epinalinfo\/wp-json\/wp\/v2\/posts"}],"about":[{"href":"https:\/\/vosgesinfo.fr\/epinalinfo\/wp-json\/wp\/v2\/types\/post"}],"author":[{"embeddable":true,"href":"https:\/\/vosgesinfo.fr\/epinalinfo\/wp-json\/wp\/v2\/users\/52"}],"replies":[{"embeddable":true,"href":"https:\/\/vosgesinfo.fr\/epinalinfo\/wp-json\/wp\/v2\/comments?post=140380"}],"version-history":[{"count":1,"href":"https:\/\/vosgesinfo.fr\/epinalinfo\/wp-json\/wp\/v2\/posts\/140380\/revisions"}],"predecessor-version":[{"id":140381,"href":"https:\/\/vosgesinfo.fr\/epinalinfo\/wp-json\/wp\/v2\/posts\/140380\/revisions\/140381"}],"wp:featuredmedia":[{"embeddable":true,"href":"https:\/\/vosgesinfo.fr\/epinalinfo\/wp-json\/wp\/v2\/media\/80063"}],"wp:attachment":[{"href":"https:\/\/vosgesinfo.fr\/epinalinfo\/wp-json\/wp\/v2\/media?parent=140380"}],"wp:term":[{"taxonomy":"category","embeddable":true,"href":"https:\/\/vosgesinfo.fr\/epinalinfo\/wp-json\/wp\/v2\/categories?post=140380"},{"taxonomy":"post_tag","embeddable":true,"href":"https:\/\/vosgesinfo.fr\/epinalinfo\/wp-json\/wp\/v2\/tags?post=140380"}],"curies":[{"name":"wp","href":"https:\/\/api.w.org\/{rel}","templated":true}]}}