{"id":140404,"date":"2026-03-09T09:02:16","date_gmt":"2026-03-09T08:02:16","guid":{"rendered":"https:\/\/vosgesinfo.fr\/epinalinfo\/?p=140404"},"modified":"2026-03-09T09:02:16","modified_gmt":"2026-03-09T08:02:16","slug":"thaon-les-vosges-le-carnaval-a-attire-la-foule-dans-les-rues-de-la-ville","status":"publish","type":"post","link":"https:\/\/vosgesinfo.fr\/epinalinfo\/2026\/03\/thaon-les-vosges-le-carnaval-a-attire-la-foule-dans-les-rues-de-la-ville\/","title":{"rendered":"Thaon-les-Vosges : le carnaval a attir\u00e9 la foule dans les rues de la ville"},"content":{"rendered":"<div id=\"attachment_140405\" style=\"width: 1034px\" class=\"wp-caption aligncenter\"><a href=\"https:\/\/vosgesinfo.fr\/app\/uploads\/sites\/3\/2026\/03\/carnavalthaon123.jpg\"><img decoding=\"async\" aria-describedby=\"caption-attachment-140405\" class=\"size-large wp-image-140405\" src=\"https:\/\/vosgesinfo.fr\/app\/uploads\/sites\/3\/2026\/03\/carnavalthaon123-1024x682.jpg\" alt=\"\" width=\"1024\" height=\"682\" srcset=\"https:\/\/vosgesinfo.fr\/app\/uploads\/sites\/3\/2026\/03\/carnavalthaon123-1024x682.jpg 1024w, https:\/\/vosgesinfo.fr\/app\/uploads\/sites\/3\/2026\/03\/carnavalthaon123-300x200.jpg 300w, https:\/\/vosgesinfo.fr\/app\/uploads\/sites\/3\/2026\/03\/carnavalthaon123-768x512.jpg 768w, https:\/\/vosgesinfo.fr\/app\/uploads\/sites\/3\/2026\/03\/carnavalthaon123-1536x1023.jpg 1536w, https:\/\/vosgesinfo.fr\/app\/uploads\/sites\/3\/2026\/03\/carnavalthaon123.jpg 1600w\" sizes=\"(max-width: 1024px) 100vw, 1024px\" \/><\/a><p id=\"caption-attachment-140405\" class=\"wp-caption-text\">photos R\u00e9gis Henriot<\/p><\/div>\n<h2 data-start=\"80\" data-end=\"339\"><strong>Ce dimanche 8 mars, les rues de Thaon-les-Vosges ont pris des airs de f\u00eate \u00e0 l\u2019occasion du d\u00e9fil\u00e9 de carnaval. Sous un soleil presque printanier, habitants et visiteurs sont venus nombreux assister \u00e0 cette animation populaire qui a rassembl\u00e9 petits et grands.<\/strong><\/h2>\n<p data-start=\"341\" data-end=\"671\">En d\u00e9but d\u2019apr\u00e8s-midi, participants et groupes costum\u00e9s se sont retrouv\u00e9s dans la cour de l\u2019\u00e9cole de Bouxi\u00e8res pour le d\u00e9part du cort\u00e8ge. Avant de s\u2019\u00e9lancer, enfants et familles ont pu profiter d\u2019un atelier de maquillage propos\u00e9 par le centre social, ajoutant une touche de fantaisie suppl\u00e9mentaire aux costumes d\u00e9j\u00e0 tr\u00e8s color\u00e9s.<\/p>\n<p data-start=\"673\" data-end=\"1060\">Une fois lanc\u00e9, le d\u00e9fil\u00e9 a parcouru l\u2019art\u00e8re principale de la commune dans une ambiance festive. Musiques, confettis et bulles accompagnaient les chars et les groupes, parmi lesquels figuraient notamment les danseuses du Carnaval de Rio A Companhia de Cycy. La formation musicale Harmonie et Concorde de Ch\u00e2tel-sur-Moselle a \u00e9galement assur\u00e9 l\u2019animation sonore tout au long du parcours.<\/p>\n<p data-start=\"1062\" data-end=\"1471\">Les associations locales \u00e9taient largement repr\u00e9sent\u00e9es, comme \u00c0 100 Danses, l\u2019ES Thaon Athl\u00e9tisme, la Gigoise ou encore l\u2019Amicale du Saint-Adrian. Leurs membres ont redoubl\u00e9 d\u2019imagination pour leurs d\u00e9guisements : prisonniers, super-h\u00e9ros, princesses, personnages de jeux vid\u00e9o ou de dessins anim\u00e9s ont ainsi d\u00e9fil\u00e9 au milieu des groupes musicaux venus aussi de Ch\u00e2tel-sur-Moselle et de Monthureux-sur-Sa\u00f4ne.<\/p>\n<p data-start=\"1473\" data-end=\"1812\">Au fil du parcours, la foule s\u2019est progressivement agrandie pour atteindre plusieurs milliers de personnes \u00e0 l\u2019arriv\u00e9e devant La Rotonde. Sur place, le public a pu profiter d\u2019animations suppl\u00e9mentaires, notamment un spectacle de clowns propos\u00e9 par Magixsilli, ainsi que la pr\u00e9sence de nombreuses mascottes qui ont fait la joie des enfants.<\/p>\n<p data-start=\"1814\" data-end=\"2149\">La journ\u00e9e s\u2019est conclue par l\u2019enfumage de Monsieur Carnaval, moment symbolique qui marque traditionnellement la fin des festivit\u00e9s. Beaucoup de visiteurs ont ensuite prolong\u00e9 la sortie en se promenant dans le parc de la Rotonde ou en faisant un tour \u00e0 la f\u00eate foraine install\u00e9e \u00e0 proximit\u00e9, associ\u00e9e \u00e0 l\u2019\u00e9v\u00e9nement depuis l\u2019an dernier.<\/p>\n<p data-start=\"2151\" data-end=\"2289\" data-is-last-node=\"\" data-is-only-node=\"\">La forte affluence et l\u2019ambiance conviviale ont confirm\u00e9 le succ\u00e8s de cette \u00e9dition, au grand bonheur des organisateurs.<\/p>\n\n\t\t<style type=\"text\/css\">\n\t\t\t#gallery-1 {\n\t\t\t\tmargin: auto;\n\t\t\t}\n\t\t\t#gallery-1 .gallery-item {\n\t\t\t\tfloat: left;\n\t\t\t\tmargin-top: 10px;\n\t\t\t\ttext-align: center;\n\t\t\t\twidth: 33%;\n\t\t\t}\n\t\t\t#gallery-1 img {\n\t\t\t\tborder: 2px solid #cfcfcf;\n\t\t\t}\n\t\t\t#gallery-1 .gallery-caption {\n\t\t\t\tmargin-left: 0;\n\t\t\t}\n\t\t\t\/* see gallery_shortcode() in wp-includes\/media.php *\/\n\t\t<\/style>\n\t\t<div id='gallery-1' class='gallery galleryid-140404 gallery-columns-3 gallery-size-large'><dl class='gallery-item'>\n\t\t\t<dt class='gallery-icon landscape'>\n\t\t\t\t<a href='https:\/\/vosgesinfo.fr\/app\/uploads\/sites\/3\/2026\/03\/carnavalthaon8.jpg'><img decoding=\"async\" width=\"1024\" height=\"682\" src=\"https:\/\/vosgesinfo.fr\/app\/uploads\/sites\/3\/2026\/03\/carnavalthaon8-1024x682.jpg\" class=\"attachment-large size-large\" alt=\"\" srcset=\"https:\/\/vosgesinfo.fr\/app\/uploads\/sites\/3\/2026\/03\/carnavalthaon8-1024x682.jpg 1024w, https:\/\/vosgesinfo.fr\/app\/uploads\/sites\/3\/2026\/03\/carnavalthaon8-300x200.jpg 300w, https:\/\/vosgesinfo.fr\/app\/uploads\/sites\/3\/2026\/03\/carnavalthaon8-768x512.jpg 768w, https:\/\/vosgesinfo.fr\/app\/uploads\/sites\/3\/2026\/03\/carnavalthaon8-1536x1023.jpg 1536w, https:\/\/vosgesinfo.fr\/app\/uploads\/sites\/3\/2026\/03\/carnavalthaon8.jpg 1600w\" sizes=\"(max-width: 1024px) 100vw, 1024px\" \/><\/a>\n\t\t\t<\/dt><\/dl><dl class='gallery-item'>\n\t\t\t<dt class='gallery-icon landscape'>\n\t\t\t\t<a href='https:\/\/vosgesinfo.fr\/app\/uploads\/sites\/3\/2026\/03\/carnavalthaon13.jpg'><img decoding=\"async\" width=\"1024\" height=\"682\" src=\"https:\/\/vosgesinfo.fr\/app\/uploads\/sites\/3\/2026\/03\/carnavalthaon13-1024x682.jpg\" class=\"attachment-large size-large\" alt=\"\" srcset=\"https:\/\/vosgesinfo.fr\/app\/uploads\/sites\/3\/2026\/03\/carnavalthaon13-1024x682.jpg 1024w, https:\/\/vosgesinfo.fr\/app\/uploads\/sites\/3\/2026\/03\/carnavalthaon13-300x200.jpg 300w, https:\/\/vosgesinfo.fr\/app\/uploads\/sites\/3\/2026\/03\/carnavalthaon13-768x512.jpg 768w, https:\/\/vosgesinfo.fr\/app\/uploads\/sites\/3\/2026\/03\/carnavalthaon13-1536x1023.jpg 1536w, https:\/\/vosgesinfo.fr\/app\/uploads\/sites\/3\/2026\/03\/carnavalthaon13.jpg 1600w\" sizes=\"(max-width: 1024px) 100vw, 1024px\" \/><\/a>\n\t\t\t<\/dt><\/dl><dl class='gallery-item'>\n\t\t\t<dt class='gallery-icon landscape'>\n\t\t\t\t<a href='https:\/\/vosgesinfo.fr\/app\/uploads\/sites\/3\/2026\/03\/carnavalthaon14.jpg'><img decoding=\"async\" width=\"1024\" height=\"682\" src=\"https:\/\/vosgesinfo.fr\/app\/uploads\/sites\/3\/2026\/03\/carnavalthaon14-1024x682.jpg\" class=\"attachment-large size-large\" alt=\"\" srcset=\"https:\/\/vosgesinfo.fr\/app\/uploads\/sites\/3\/2026\/03\/carnavalthaon14-1024x682.jpg 1024w, https:\/\/vosgesinfo.fr\/app\/uploads\/sites\/3\/2026\/03\/carnavalthaon14-300x200.jpg 300w, https:\/\/vosgesinfo.fr\/app\/uploads\/sites\/3\/2026\/03\/carnavalthaon14-768x512.jpg 768w, https:\/\/vosgesinfo.fr\/app\/uploads\/sites\/3\/2026\/03\/carnavalthaon14-1536x1023.jpg 1536w, https:\/\/vosgesinfo.fr\/app\/uploads\/sites\/3\/2026\/03\/carnavalthaon14.jpg 1600w\" sizes=\"(max-width: 1024px) 100vw, 1024px\" \/><\/a>\n\t\t\t<\/dt><\/dl><br style=\"clear: both\" \/><dl class='gallery-item'>\n\t\t\t<dt class='gallery-icon portrait'>\n\t\t\t\t<a href='https:\/\/vosgesinfo.fr\/app\/uploads\/sites\/3\/2026\/03\/carnavalthaon19.jpg'><img decoding=\"async\" width=\"683\" height=\"1024\" src=\"https:\/\/vosgesinfo.fr\/app\/uploads\/sites\/3\/2026\/03\/carnavalthaon19-683x1024.jpg\" class=\"attachment-large size-large\" alt=\"\" srcset=\"https:\/\/vosgesinfo.fr\/app\/uploads\/sites\/3\/2026\/03\/carnavalthaon19-683x1024.jpg 683w, https:\/\/vosgesinfo.fr\/app\/uploads\/sites\/3\/2026\/03\/carnavalthaon19-200x300.jpg 200w, https:\/\/vosgesinfo.fr\/app\/uploads\/sites\/3\/2026\/03\/carnavalthaon19.jpg 720w\" sizes=\"(max-width: 683px) 100vw, 683px\" \/><\/a>\n\t\t\t<\/dt><\/dl><dl class='gallery-item'>\n\t\t\t<dt class='gallery-icon landscape'>\n\t\t\t\t<a href='https:\/\/vosgesinfo.fr\/app\/uploads\/sites\/3\/2026\/03\/carnavalthaon45.jpg'><img decoding=\"async\" width=\"1024\" height=\"682\" src=\"https:\/\/vosgesinfo.fr\/app\/uploads\/sites\/3\/2026\/03\/carnavalthaon45-1024x682.jpg\" class=\"attachment-large size-large\" alt=\"\" srcset=\"https:\/\/vosgesinfo.fr\/app\/uploads\/sites\/3\/2026\/03\/carnavalthaon45-1024x682.jpg 1024w, https:\/\/vosgesinfo.fr\/app\/uploads\/sites\/3\/2026\/03\/carnavalthaon45-300x200.jpg 300w, https:\/\/vosgesinfo.fr\/app\/uploads\/sites\/3\/2026\/03\/carnavalthaon45-768x512.jpg 768w, https:\/\/vosgesinfo.fr\/app\/uploads\/sites\/3\/2026\/03\/carnavalthaon45-1536x1023.jpg 1536w, https:\/\/vosgesinfo.fr\/app\/uploads\/sites\/3\/2026\/03\/carnavalthaon45.jpg 1600w\" sizes=\"(max-width: 1024px) 100vw, 1024px\" \/><\/a>\n\t\t\t<\/dt><\/dl><dl class='gallery-item'>\n\t\t\t<dt class='gallery-icon portrait'>\n\t\t\t\t<a href='https:\/\/vosgesinfo.fr\/app\/uploads\/sites\/3\/2026\/03\/carnavalthaon321.jpg'><img decoding=\"async\" width=\"683\" height=\"1024\" src=\"https:\/\/vosgesinfo.fr\/app\/uploads\/sites\/3\/2026\/03\/carnavalthaon321-683x1024.jpg\" class=\"attachment-large size-large\" alt=\"\" srcset=\"https:\/\/vosgesinfo.fr\/app\/uploads\/sites\/3\/2026\/03\/carnavalthaon321-683x1024.jpg 683w, https:\/\/vosgesinfo.fr\/app\/uploads\/sites\/3\/2026\/03\/carnavalthaon321-200x300.jpg 200w, https:\/\/vosgesinfo.fr\/app\/uploads\/sites\/3\/2026\/03\/carnavalthaon321.jpg 720w\" sizes=\"(max-width: 683px) 100vw, 683px\" \/><\/a>\n\t\t\t<\/dt><\/dl><br style=\"clear: both\" \/><dl class='gallery-item'>\n\t\t\t<dt class='gallery-icon landscape'>\n\t\t\t\t<a href='https:\/\/vosgesinfo.fr\/app\/uploads\/sites\/3\/2026\/03\/carnavalthaon325.jpg'><img decoding=\"async\" width=\"1024\" height=\"682\" src=\"https:\/\/vosgesinfo.fr\/app\/uploads\/sites\/3\/2026\/03\/carnavalthaon325-1024x682.jpg\" class=\"attachment-large size-large\" alt=\"\" srcset=\"https:\/\/vosgesinfo.fr\/app\/uploads\/sites\/3\/2026\/03\/carnavalthaon325-1024x682.jpg 1024w, https:\/\/vosgesinfo.fr\/app\/uploads\/sites\/3\/2026\/03\/carnavalthaon325-300x200.jpg 300w, https:\/\/vosgesinfo.fr\/app\/uploads\/sites\/3\/2026\/03\/carnavalthaon325-768x512.jpg 768w, https:\/\/vosgesinfo.fr\/app\/uploads\/sites\/3\/2026\/03\/carnavalthaon325-1536x1023.jpg 1536w, https:\/\/vosgesinfo.fr\/app\/uploads\/sites\/3\/2026\/03\/carnavalthaon325.jpg 1600w\" sizes=\"(max-width: 1024px) 100vw, 1024px\" \/><\/a>\n\t\t\t<\/dt><\/dl><dl class='gallery-item'>\n\t\t\t<dt class='gallery-icon landscape'>\n\t\t\t\t<a href='https:\/\/vosgesinfo.fr\/app\/uploads\/sites\/3\/2026\/03\/carnavalthaon4.jpg'><img decoding=\"async\" width=\"1024\" height=\"682\" src=\"https:\/\/vosgesinfo.fr\/app\/uploads\/sites\/3\/2026\/03\/carnavalthaon4-1024x682.jpg\" class=\"attachment-large size-large\" alt=\"\" srcset=\"https:\/\/vosgesinfo.fr\/app\/uploads\/sites\/3\/2026\/03\/carnavalthaon4-1024x682.jpg 1024w, https:\/\/vosgesinfo.fr\/app\/uploads\/sites\/3\/2026\/03\/carnavalthaon4-300x200.jpg 300w, https:\/\/vosgesinfo.fr\/app\/uploads\/sites\/3\/2026\/03\/carnavalthaon4-768x512.jpg 768w, https:\/\/vosgesinfo.fr\/app\/uploads\/sites\/3\/2026\/03\/carnavalthaon4-1536x1023.jpg 1536w, https:\/\/vosgesinfo.fr\/app\/uploads\/sites\/3\/2026\/03\/carnavalthaon4.jpg 1600w\" sizes=\"(max-width: 1024px) 100vw, 1024px\" \/><\/a>\n\t\t\t<\/dt><\/dl><dl class='gallery-item'>\n\t\t\t<dt class='gallery-icon landscape'>\n\t\t\t\t<a href='https:\/\/vosgesinfo.fr\/app\/uploads\/sites\/3\/2026\/03\/carnavalthaon6.jpg'><img decoding=\"async\" width=\"1024\" height=\"682\" src=\"https:\/\/vosgesinfo.fr\/app\/uploads\/sites\/3\/2026\/03\/carnavalthaon6-1024x682.jpg\" class=\"attachment-large size-large\" alt=\"\" srcset=\"https:\/\/vosgesinfo.fr\/app\/uploads\/sites\/3\/2026\/03\/carnavalthaon6-1024x682.jpg 1024w, https:\/\/vosgesinfo.fr\/app\/uploads\/sites\/3\/2026\/03\/carnavalthaon6-300x200.jpg 300w, https:\/\/vosgesinfo.fr\/app\/uploads\/sites\/3\/2026\/03\/carnavalthaon6-768x512.jpg 768w, https:\/\/vosgesinfo.fr\/app\/uploads\/sites\/3\/2026\/03\/carnavalthaon6-1536x1023.jpg 1536w, https:\/\/vosgesinfo.fr\/app\/uploads\/sites\/3\/2026\/03\/carnavalthaon6.jpg 1600w\" sizes=\"(max-width: 1024px) 100vw, 1024px\" \/><\/a>\n\t\t\t<\/dt><\/dl><br style=\"clear: both\" \/>\n\t\t<\/div>\n\n","protected":false},"excerpt":{"rendered":"<p>Ce dimanche 8 mars, les rues de Thaon-les-Vosges ont pris des airs de f\u00eate \u00e0 l\u2019occasion du d\u00e9fil\u00e9 de carnaval. [&hellip;]<\/p>\n","protected":false},"author":52,"featured_media":140414,"comment_status":"open","ping_status":"open","sticky":false,"template":"","format":"standard","meta":{"footnotes":""},"categories":[22,24,10,93],"tags":[],"class_list":["post-140404","post","type-post","status-publish","format-standard","has-post-thumbnail","hentry","category-a-la-une","category-epinal","category-societe","category-thaon-les-vosges"],"acf":[],"yoast_head":"<!-- This site is optimized with the Yoast SEO plugin v22.5 - https:\/\/yoast.com\/wordpress\/plugins\/seo\/ -->\n<title>Thaon-les-Vosges : le carnaval a attir\u00e9 la foule dans les rues de la ville - Epinal Info<\/title>\n<meta name=\"robots\" content=\"index, follow, max-snippet:-1, max-image-preview:large, max-video-preview:-1\" \/>\n<link rel=\"canonical\" href=\"https:\/\/vosgesinfo.fr\/epinalinfo\/?p=140404\" \/>\n<meta name=\"twitter:card\" content=\"summary_large_image\" \/>\n<meta name=\"twitter:title\" content=\"Thaon-les-Vosges : le carnaval a attir\u00e9 la foule dans les rues de la ville - Epinal Info\" \/>\n<meta name=\"twitter:description\" content=\"Ce dimanche 8 mars, les rues de Thaon-les-Vosges ont pris des airs de f\u00eate \u00e0 l\u2019occasion du d\u00e9fil\u00e9 de carnaval. [&hellip;]\" \/>\n<meta name=\"twitter:image\" content=\"https:\/\/vosgesinfo.fr\/app\/uploads\/sites\/3\/2026\/03\/carnavalthaon8-1024x682.jpg\" \/>\n<meta name=\"twitter:creator\" content=\"@VosgesInfo88\" \/>\n<meta name=\"twitter:site\" content=\"@VosgesInfo88\" \/>\n<meta name=\"twitter:label1\" content=\"\u00c9crit par\" \/>\n\t<meta name=\"twitter:data1\" content=\"C.K.\" \/>\n\t<meta name=\"twitter:label2\" content=\"Dur\u00e9e de lecture estim\u00e9e\" \/>\n\t<meta name=\"twitter:data2\" content=\"2 minutes\" \/>\n<script type=\"application\/ld+json\" class=\"yoast-schema-graph\">{\"@context\":\"https:\/\/schema.org\",\"@graph\":[{\"@type\":\"Article\",\"@id\":\"https:\/\/vosgesinfo.fr\/epinalinfo\/?p=140404#article\",\"isPartOf\":{\"@id\":\"https:\/\/vosgesinfo.fr\/epinalinfo\/?p=140404\"},\"author\":{\"name\":\"C.K.\",\"@id\":\"https:\/\/vosgesinfo.fr\/epinalinfo\/#\/schema\/person\/6f9a650eeea99d969b6c4ab78fccbe81\"},\"headline\":\"Thaon-les-Vosges : le carnaval a attir\u00e9 la foule dans les rues de la ville\",\"datePublished\":\"2026-03-09T08:02:16+00:00\",\"dateModified\":\"2026-03-09T08:02:16+00:00\",\"mainEntityOfPage\":{\"@id\":\"https:\/\/vosgesinfo.fr\/epinalinfo\/?p=140404\"},\"wordCount\":402,\"commentCount\":0,\"publisher\":{\"@id\":\"https:\/\/vosgesinfo.fr\/epinalinfo\/#organization\"},\"image\":{\"@id\":\"https:\/\/vosgesinfo.fr\/epinalinfo\/?p=140404#primaryimage\"},\"thumbnailUrl\":\"https:\/\/vosgesinfo.fr\/app\/uploads\/sites\/3\/2026\/03\/carnavalthaon4.jpg\",\"articleSection\":[\"A la Une\",\"Epinal\",\"Soci\u00e9t\u00e9\",\"Thaon-les-Vosges\"],\"inLanguage\":\"fr-FR\",\"potentialAction\":[{\"@type\":\"CommentAction\",\"name\":\"Comment\",\"target\":[\"https:\/\/vosgesinfo.fr\/epinalinfo\/?p=140404#respond\"]}]},{\"@type\":\"WebPage\",\"@id\":\"https:\/\/vosgesinfo.fr\/epinalinfo\/?p=140404\",\"url\":\"https:\/\/vosgesinfo.fr\/epinalinfo\/?p=140404\",\"name\":\"Thaon-les-Vosges : le carnaval a attir\u00e9 la foule dans les rues de la ville - Epinal Info\",\"isPartOf\":{\"@id\":\"https:\/\/vosgesinfo.fr\/epinalinfo\/#website\"},\"primaryImageOfPage\":{\"@id\":\"https:\/\/vosgesinfo.fr\/epinalinfo\/?p=140404#primaryimage\"},\"image\":{\"@id\":\"https:\/\/vosgesinfo.fr\/epinalinfo\/?p=140404#primaryimage\"},\"thumbnailUrl\":\"https:\/\/vosgesinfo.fr\/app\/uploads\/sites\/3\/2026\/03\/carnavalthaon4.jpg\",\"datePublished\":\"2026-03-09T08:02:16+00:00\",\"dateModified\":\"2026-03-09T08:02:16+00:00\",\"breadcrumb\":{\"@id\":\"https:\/\/vosgesinfo.fr\/epinalinfo\/?p=140404#breadcrumb\"},\"inLanguage\":\"fr-FR\",\"potentialAction\":[{\"@type\":\"ReadAction\",\"target\":[\"https:\/\/vosgesinfo.fr\/epinalinfo\/?p=140404\"]}]},{\"@type\":\"ImageObject\",\"inLanguage\":\"fr-FR\",\"@id\":\"https:\/\/vosgesinfo.fr\/epinalinfo\/?p=140404#primaryimage\",\"url\":\"https:\/\/vosgesinfo.fr\/app\/uploads\/sites\/3\/2026\/03\/carnavalthaon4.jpg\",\"contentUrl\":\"https:\/\/vosgesinfo.fr\/app\/uploads\/sites\/3\/2026\/03\/carnavalthaon4.jpg\",\"width\":1600,\"height\":1066},{\"@type\":\"BreadcrumbList\",\"@id\":\"https:\/\/vosgesinfo.fr\/epinalinfo\/?p=140404#breadcrumb\",\"itemListElement\":[{\"@type\":\"ListItem\",\"position\":1,\"name\":\"Home\",\"item\":\"https:\/\/vosgesinfo.fr\/epinalinfo\/\"},{\"@type\":\"ListItem\",\"position\":2,\"name\":\"Thaon-les-Vosges : le carnaval a attir\u00e9 la foule dans les rues de la ville\"}]},{\"@type\":\"WebSite\",\"@id\":\"https:\/\/vosgesinfo.fr\/epinalinfo\/#website\",\"url\":\"https:\/\/vosgesinfo.fr\/epinalinfo\/\",\"name\":\"Epinal Info\",\"description\":\"Toute l&#039;actualit\u00e9 d&#039;\u00c9pinal\",\"publisher\":{\"@id\":\"https:\/\/vosgesinfo.fr\/epinalinfo\/#organization\"},\"alternateName\":\"Toute l'actualit\u00e9 d'\u00c9pinal\",\"potentialAction\":[{\"@type\":\"SearchAction\",\"target\":{\"@type\":\"EntryPoint\",\"urlTemplate\":\"https:\/\/vosgesinfo.fr\/epinalinfo\/?s={search_term_string}\"},\"query-input\":\"required name=search_term_string\"}],\"inLanguage\":\"fr-FR\"},{\"@type\":\"Organization\",\"@id\":\"https:\/\/vosgesinfo.fr\/epinalinfo\/#organization\",\"name\":\"Epinal Info\",\"url\":\"https:\/\/vosgesinfo.fr\/epinalinfo\/\",\"logo\":{\"@type\":\"ImageObject\",\"inLanguage\":\"fr-FR\",\"@id\":\"https:\/\/vosgesinfo.fr\/epinalinfo\/#\/schema\/logo\/image\/\",\"url\":\"https:\/\/vosgesinfo.fr\/app\/uploads\/sites\/3\/2023\/08\/logo-epinalinfos.svg\",\"contentUrl\":\"https:\/\/vosgesinfo.fr\/app\/uploads\/sites\/3\/2023\/08\/logo-epinalinfos.svg\",\"width\":1,\"height\":1,\"caption\":\"Epinal Info\"},\"image\":{\"@id\":\"https:\/\/vosgesinfo.fr\/epinalinfo\/#\/schema\/logo\/image\/\"},\"sameAs\":[\"https:\/\/www.facebook.com\/Epinalinfos\",\"https:\/\/x.com\/VosgesInfo88\",\"https:\/\/www.youtube.com\/@vosgesinfo\"]},{\"@type\":\"Person\",\"@id\":\"https:\/\/vosgesinfo.fr\/epinalinfo\/#\/schema\/person\/6f9a650eeea99d969b6c4ab78fccbe81\",\"name\":\"C.K.\",\"image\":{\"@type\":\"ImageObject\",\"inLanguage\":\"fr-FR\",\"@id\":\"https:\/\/vosgesinfo.fr\/epinalinfo\/#\/schema\/person\/image\/\",\"url\":\"https:\/\/secure.gravatar.com\/avatar\/48e3fc7f8421ba8942be6b74a2b7f014ca39bc00dece156b7a8e098ae7dc87bf?s=96&d=mm&r=g\",\"contentUrl\":\"https:\/\/secure.gravatar.com\/avatar\/48e3fc7f8421ba8942be6b74a2b7f014ca39bc00dece156b7a8e098ae7dc87bf?s=96&d=mm&r=g\",\"caption\":\"C.K.\"},\"url\":\"https:\/\/vosgesinfo.fr\/epinalinfo\/author\/celia-k-n\/\"}]}<\/script>\n<!-- \/ Yoast SEO plugin. -->","yoast_head_json":{"title":"Thaon-les-Vosges : le carnaval a attir\u00e9 la foule dans les rues de la ville - Epinal Info","robots":{"index":"index","follow":"follow","max-snippet":"max-snippet:-1","max-image-preview":"max-image-preview:large","max-video-preview":"max-video-preview:-1"},"canonical":"https:\/\/vosgesinfo.fr\/epinalinfo\/?p=140404","twitter_card":"summary_large_image","twitter_title":"Thaon-les-Vosges : le carnaval a attir\u00e9 la foule dans les rues de la ville - Epinal Info","twitter_description":"Ce dimanche 8 mars, les rues de Thaon-les-Vosges ont pris des airs de f\u00eate \u00e0 l\u2019occasion du d\u00e9fil\u00e9 de carnaval. [&hellip;]","twitter_image":"https:\/\/vosgesinfo.fr\/app\/uploads\/sites\/3\/2026\/03\/carnavalthaon8-1024x682.jpg","twitter_creator":"@VosgesInfo88","twitter_site":"@VosgesInfo88","twitter_misc":{"\u00c9crit par":"C.K.","Dur\u00e9e de lecture estim\u00e9e":"2 minutes"},"schema":{"@context":"https:\/\/schema.org","@graph":[{"@type":"Article","@id":"https:\/\/vosgesinfo.fr\/epinalinfo\/?p=140404#article","isPartOf":{"@id":"https:\/\/vosgesinfo.fr\/epinalinfo\/?p=140404"},"author":{"name":"C.K.","@id":"https:\/\/vosgesinfo.fr\/epinalinfo\/#\/schema\/person\/6f9a650eeea99d969b6c4ab78fccbe81"},"headline":"Thaon-les-Vosges : le carnaval a attir\u00e9 la foule dans les rues de la ville","datePublished":"2026-03-09T08:02:16+00:00","dateModified":"2026-03-09T08:02:16+00:00","mainEntityOfPage":{"@id":"https:\/\/vosgesinfo.fr\/epinalinfo\/?p=140404"},"wordCount":402,"commentCount":0,"publisher":{"@id":"https:\/\/vosgesinfo.fr\/epinalinfo\/#organization"},"image":{"@id":"https:\/\/vosgesinfo.fr\/epinalinfo\/?p=140404#primaryimage"},"thumbnailUrl":"https:\/\/vosgesinfo.fr\/app\/uploads\/sites\/3\/2026\/03\/carnavalthaon4.jpg","articleSection":["A la Une","Epinal","Soci\u00e9t\u00e9","Thaon-les-Vosges"],"inLanguage":"fr-FR","potentialAction":[{"@type":"CommentAction","name":"Comment","target":["https:\/\/vosgesinfo.fr\/epinalinfo\/?p=140404#respond"]}]},{"@type":"WebPage","@id":"https:\/\/vosgesinfo.fr\/epinalinfo\/?p=140404","url":"https:\/\/vosgesinfo.fr\/epinalinfo\/?p=140404","name":"Thaon-les-Vosges : le carnaval a attir\u00e9 la foule dans les rues de la ville - Epinal Info","isPartOf":{"@id":"https:\/\/vosgesinfo.fr\/epinalinfo\/#website"},"primaryImageOfPage":{"@id":"https:\/\/vosgesinfo.fr\/epinalinfo\/?p=140404#primaryimage"},"image":{"@id":"https:\/\/vosgesinfo.fr\/epinalinfo\/?p=140404#primaryimage"},"thumbnailUrl":"https:\/\/vosgesinfo.fr\/app\/uploads\/sites\/3\/2026\/03\/carnavalthaon4.jpg","datePublished":"2026-03-09T08:02:16+00:00","dateModified":"2026-03-09T08:02:16+00:00","breadcrumb":{"@id":"https:\/\/vosgesinfo.fr\/epinalinfo\/?p=140404#breadcrumb"},"inLanguage":"fr-FR","potentialAction":[{"@type":"ReadAction","target":["https:\/\/vosgesinfo.fr\/epinalinfo\/?p=140404"]}]},{"@type":"ImageObject","inLanguage":"fr-FR","@id":"https:\/\/vosgesinfo.fr\/epinalinfo\/?p=140404#primaryimage","url":"https:\/\/vosgesinfo.fr\/app\/uploads\/sites\/3\/2026\/03\/carnavalthaon4.jpg","contentUrl":"https:\/\/vosgesinfo.fr\/app\/uploads\/sites\/3\/2026\/03\/carnavalthaon4.jpg","width":1600,"height":1066},{"@type":"BreadcrumbList","@id":"https:\/\/vosgesinfo.fr\/epinalinfo\/?p=140404#breadcrumb","itemListElement":[{"@type":"ListItem","position":1,"name":"Home","item":"https:\/\/vosgesinfo.fr\/epinalinfo\/"},{"@type":"ListItem","position":2,"name":"Thaon-les-Vosges : le carnaval a attir\u00e9 la foule dans les rues de la ville"}]},{"@type":"WebSite","@id":"https:\/\/vosgesinfo.fr\/epinalinfo\/#website","url":"https:\/\/vosgesinfo.fr\/epinalinfo\/","name":"Epinal Info","description":"Toute l&#039;actualit\u00e9 d&#039;\u00c9pinal","publisher":{"@id":"https:\/\/vosgesinfo.fr\/epinalinfo\/#organization"},"alternateName":"Toute l'actualit\u00e9 d'\u00c9pinal","potentialAction":[{"@type":"SearchAction","target":{"@type":"EntryPoint","urlTemplate":"https:\/\/vosgesinfo.fr\/epinalinfo\/?s={search_term_string}"},"query-input":"required name=search_term_string"}],"inLanguage":"fr-FR"},{"@type":"Organization","@id":"https:\/\/vosgesinfo.fr\/epinalinfo\/#organization","name":"Epinal Info","url":"https:\/\/vosgesinfo.fr\/epinalinfo\/","logo":{"@type":"ImageObject","inLanguage":"fr-FR","@id":"https:\/\/vosgesinfo.fr\/epinalinfo\/#\/schema\/logo\/image\/","url":"https:\/\/vosgesinfo.fr\/app\/uploads\/sites\/3\/2023\/08\/logo-epinalinfos.svg","contentUrl":"https:\/\/vosgesinfo.fr\/app\/uploads\/sites\/3\/2023\/08\/logo-epinalinfos.svg","width":1,"height":1,"caption":"Epinal Info"},"image":{"@id":"https:\/\/vosgesinfo.fr\/epinalinfo\/#\/schema\/logo\/image\/"},"sameAs":["https:\/\/www.facebook.com\/Epinalinfos","https:\/\/x.com\/VosgesInfo88","https:\/\/www.youtube.com\/@vosgesinfo"]},{"@type":"Person","@id":"https:\/\/vosgesinfo.fr\/epinalinfo\/#\/schema\/person\/6f9a650eeea99d969b6c4ab78fccbe81","name":"C.K.","image":{"@type":"ImageObject","inLanguage":"fr-FR","@id":"https:\/\/vosgesinfo.fr\/epinalinfo\/#\/schema\/person\/image\/","url":"https:\/\/secure.gravatar.com\/avatar\/48e3fc7f8421ba8942be6b74a2b7f014ca39bc00dece156b7a8e098ae7dc87bf?s=96&d=mm&r=g","contentUrl":"https:\/\/secure.gravatar.com\/avatar\/48e3fc7f8421ba8942be6b74a2b7f014ca39bc00dece156b7a8e098ae7dc87bf?s=96&d=mm&r=g","caption":"C.K."},"url":"https:\/\/vosgesinfo.fr\/epinalinfo\/author\/celia-k-n\/"}]}},"_links":{"self":[{"href":"https:\/\/vosgesinfo.fr\/epinalinfo\/wp-json\/wp\/v2\/posts\/140404","targetHints":{"allow":["GET"]}}],"collection":[{"href":"https:\/\/vosgesinfo.fr\/epinalinfo\/wp-json\/wp\/v2\/posts"}],"about":[{"href":"https:\/\/vosgesinfo.fr\/epinalinfo\/wp-json\/wp\/v2\/types\/post"}],"author":[{"embeddable":true,"href":"https:\/\/vosgesinfo.fr\/epinalinfo\/wp-json\/wp\/v2\/users\/52"}],"replies":[{"embeddable":true,"href":"https:\/\/vosgesinfo.fr\/epinalinfo\/wp-json\/wp\/v2\/comments?post=140404"}],"version-history":[{"count":1,"href":"https:\/\/vosgesinfo.fr\/epinalinfo\/wp-json\/wp\/v2\/posts\/140404\/revisions"}],"predecessor-version":[{"id":140416,"href":"https:\/\/vosgesinfo.fr\/epinalinfo\/wp-json\/wp\/v2\/posts\/140404\/revisions\/140416"}],"wp:featuredmedia":[{"embeddable":true,"href":"https:\/\/vosgesinfo.fr\/epinalinfo\/wp-json\/wp\/v2\/media\/140414"}],"wp:attachment":[{"href":"https:\/\/vosgesinfo.fr\/epinalinfo\/wp-json\/wp\/v2\/media?parent=140404"}],"wp:term":[{"taxonomy":"category","embeddable":true,"href":"https:\/\/vosgesinfo.fr\/epinalinfo\/wp-json\/wp\/v2\/categories?post=140404"},{"taxonomy":"post_tag","embeddable":true,"href":"https:\/\/vosgesinfo.fr\/epinalinfo\/wp-json\/wp\/v2\/tags?post=140404"}],"curies":[{"name":"wp","href":"https:\/\/api.w.org\/{rel}","templated":true}]}}