{"id":140431,"date":"2026-03-09T11:57:06","date_gmt":"2026-03-09T10:57:06","guid":{"rendered":"https:\/\/vosgesinfo.fr\/epinalinfo\/?p=140431"},"modified":"2026-03-09T11:57:06","modified_gmt":"2026-03-09T10:57:06","slug":"all-dances-un-debut-de-saison-prometteur-pour-les-danseurs-du-club","status":"publish","type":"post","link":"https:\/\/vosgesinfo.fr\/epinalinfo\/2026\/03\/all-dances-un-debut-de-saison-prometteur-pour-les-danseurs-du-club\/","title":{"rendered":"All Dances &#8211; Un d\u00e9but de saison prometteur pour les danseurs du club"},"content":{"rendered":"<div id=\"attachment_140432\" style=\"width: 1538px\" class=\"wp-caption aligncenter\"><a href=\"https:\/\/vosgesinfo.fr\/app\/uploads\/sites\/3\/2026\/03\/649280918-1443392384464772-7225728047016964034-n.jpg\"><img decoding=\"async\" aria-describedby=\"caption-attachment-140432\" class=\"size-full wp-image-140432\" src=\"https:\/\/vosgesinfo.fr\/app\/uploads\/sites\/3\/2026\/03\/649280918-1443392384464772-7225728047016964034-n.jpg\" alt=\"\" width=\"1528\" height=\"1080\" srcset=\"https:\/\/vosgesinfo.fr\/app\/uploads\/sites\/3\/2026\/03\/649280918-1443392384464772-7225728047016964034-n.jpg 1528w, https:\/\/vosgesinfo.fr\/app\/uploads\/sites\/3\/2026\/03\/649280918-1443392384464772-7225728047016964034-n-300x212.jpg 300w, https:\/\/vosgesinfo.fr\/app\/uploads\/sites\/3\/2026\/03\/649280918-1443392384464772-7225728047016964034-n-1024x724.jpg 1024w, https:\/\/vosgesinfo.fr\/app\/uploads\/sites\/3\/2026\/03\/649280918-1443392384464772-7225728047016964034-n-768x543.jpg 768w\" sizes=\"(max-width: 1528px) 100vw, 1528px\" \/><\/a><p id=\"caption-attachment-140432\" class=\"wp-caption-text\">photos All Dances<\/p><\/div>\n<h2 data-start=\"61\" data-end=\"429\"><strong>La saison des comp\u00e9titions est lanc\u00e9e pour les danseurs du club. Samedi 7 mars, 17 danseurs \u201call dances\u201d, accompagn\u00e9s de leur coach Cl\u00e9mence Adam, ont particip\u00e9 \u00e0 la premi\u00e8re comp\u00e9tition FDO de l\u2019ann\u00e9e \u00e0 Saint-Fons. Engag\u00e9s dans plusieurs disciplines \u2013 hip-hop, danse show, improvisation, rock\u2019n\u2019roll, disco et cara\u00efbe \u2013 ils ont obtenu de tr\u00e8s beaux r\u00e9sultats.<\/strong><\/h2>\n<p data-start=\"431\" data-end=\"890\">Les plus jeunes danseuses, In\u00e8s et Marilou, se sont particuli\u00e8rement illustr\u00e9es en montant trois fois sur la premi\u00e8re marche du podium en rock saut\u00e9, disco et rock pi\u00e9tin\u00e9.<br data-start=\"611\" data-end=\"614\" \/>De son c\u00f4t\u00e9, Th\u00e9odore a \u00e9galement r\u00e9alis\u00e9 une belle performance avec trois deuxi\u00e8mes places, en improvisation, en rock\u2019n\u2019roll saut\u00e9 et en duo danse show avec sa partenaire Ma\u00eblys. Zo\u00e9 et Louise ont elles aussi d\u00e9croch\u00e9 une deuxi\u00e8me place en duo danse show.<\/p>\n<p data-start=\"892\" data-end=\"1282\">Parmi les autres r\u00e9sultats marquants, Cl\u00e9o s\u2019est impos\u00e9e en cara\u00efbe, tandis que Lili et Giulia ont pris la troisi\u00e8me place en duo hip-hop, suivies de Manon et Camille, quatri\u00e8mes dans la m\u00eame cat\u00e9gorie. Am\u00e9lie et \u00c9lodie ont termin\u00e9 deuxi\u00e8mes en rock saut\u00e9, tout comme Louise et Charlotte en rock pi\u00e9tin\u00e9. Ang\u00e8le s\u2019est class\u00e9e 25e en solo hip-hop.<\/p>\n<p data-start=\"1284\" data-end=\"1412\">Ces performances confirment les progr\u00e8s r\u00e9alis\u00e9s par les danseurs depuis la saison pr\u00e9c\u00e9dente, une satisfaction pour leur coach.<\/p>\n<p data-start=\"1414\" data-end=\"1651\" data-is-last-node=\"\" data-is-only-node=\"\">Le prochain rendez-vous est d\u00e9j\u00e0 fix\u00e9 : la comp\u00e9tition de Hadol, le 4 avril 2026, organis\u00e9e par le club, o\u00f9 pr\u00e8s de 60 comp\u00e9titeurs seront engag\u00e9s. Un nouveau moment fort en perspective pour les danseurs et leurs supporters.<\/p>\n","protected":false},"excerpt":{"rendered":"<p>La saison des comp\u00e9titions est lanc\u00e9e pour les danseurs du club. Samedi 7 mars, 17 danseurs \u201call dances\u201d, accompagn\u00e9s de [&hellip;]<\/p>\n","protected":false},"author":52,"featured_media":140432,"comment_status":"open","ping_status":"open","sticky":false,"template":"","format":"standard","meta":{"footnotes":""},"categories":[22,24],"tags":[],"class_list":["post-140431","post","type-post","status-publish","format-standard","has-post-thumbnail","hentry","category-a-la-une","category-epinal"],"acf":[],"yoast_head":"<!-- This site is optimized with the Yoast SEO plugin v22.5 - https:\/\/yoast.com\/wordpress\/plugins\/seo\/ -->\n<title>All Dances - Un d\u00e9but de saison prometteur pour les danseurs du club - Epinal Info<\/title>\n<meta name=\"robots\" content=\"index, follow, max-snippet:-1, max-image-preview:large, max-video-preview:-1\" \/>\n<link rel=\"canonical\" href=\"https:\/\/vosgesinfo.fr\/epinalinfo\/?p=140431\" \/>\n<meta name=\"twitter:card\" content=\"summary_large_image\" \/>\n<meta name=\"twitter:title\" content=\"All Dances - Un d\u00e9but de saison prometteur pour les danseurs du club - Epinal Info\" \/>\n<meta name=\"twitter:description\" content=\"La saison des comp\u00e9titions est lanc\u00e9e pour les danseurs du club. Samedi 7 mars, 17 danseurs \u201call dances\u201d, accompagn\u00e9s de [&hellip;]\" \/>\n<meta name=\"twitter:image\" content=\"https:\/\/vosgesinfo.fr\/app\/uploads\/sites\/3\/2026\/03\/649280918-1443392384464772-7225728047016964034-n.jpg\" \/>\n<meta name=\"twitter:creator\" content=\"@VosgesInfo88\" \/>\n<meta name=\"twitter:site\" content=\"@VosgesInfo88\" \/>\n<meta name=\"twitter:label1\" content=\"\u00c9crit par\" \/>\n\t<meta name=\"twitter:data1\" content=\"C.K.\" \/>\n\t<meta name=\"twitter:label2\" content=\"Dur\u00e9e de lecture estim\u00e9e\" \/>\n\t<meta name=\"twitter:data2\" content=\"1 minute\" \/>\n<script type=\"application\/ld+json\" class=\"yoast-schema-graph\">{\"@context\":\"https:\/\/schema.org\",\"@graph\":[{\"@type\":\"Article\",\"@id\":\"https:\/\/vosgesinfo.fr\/epinalinfo\/?p=140431#article\",\"isPartOf\":{\"@id\":\"https:\/\/vosgesinfo.fr\/epinalinfo\/?p=140431\"},\"author\":{\"name\":\"C.K.\",\"@id\":\"https:\/\/vosgesinfo.fr\/epinalinfo\/#\/schema\/person\/6f9a650eeea99d969b6c4ab78fccbe81\"},\"headline\":\"All Dances &#8211; Un d\u00e9but de saison prometteur pour les danseurs du club\",\"datePublished\":\"2026-03-09T10:57:06+00:00\",\"dateModified\":\"2026-03-09T10:57:06+00:00\",\"mainEntityOfPage\":{\"@id\":\"https:\/\/vosgesinfo.fr\/epinalinfo\/?p=140431\"},\"wordCount\":307,\"commentCount\":0,\"publisher\":{\"@id\":\"https:\/\/vosgesinfo.fr\/epinalinfo\/#organization\"},\"image\":{\"@id\":\"https:\/\/vosgesinfo.fr\/epinalinfo\/?p=140431#primaryimage\"},\"thumbnailUrl\":\"https:\/\/vosgesinfo.fr\/app\/uploads\/sites\/3\/2026\/03\/649280918-1443392384464772-7225728047016964034-n.jpg\",\"articleSection\":[\"A la Une\",\"Epinal\"],\"inLanguage\":\"fr-FR\",\"potentialAction\":[{\"@type\":\"CommentAction\",\"name\":\"Comment\",\"target\":[\"https:\/\/vosgesinfo.fr\/epinalinfo\/?p=140431#respond\"]}]},{\"@type\":\"WebPage\",\"@id\":\"https:\/\/vosgesinfo.fr\/epinalinfo\/?p=140431\",\"url\":\"https:\/\/vosgesinfo.fr\/epinalinfo\/?p=140431\",\"name\":\"All Dances - Un d\u00e9but de saison prometteur pour les danseurs du club - Epinal Info\",\"isPartOf\":{\"@id\":\"https:\/\/vosgesinfo.fr\/epinalinfo\/#website\"},\"primaryImageOfPage\":{\"@id\":\"https:\/\/vosgesinfo.fr\/epinalinfo\/?p=140431#primaryimage\"},\"image\":{\"@id\":\"https:\/\/vosgesinfo.fr\/epinalinfo\/?p=140431#primaryimage\"},\"thumbnailUrl\":\"https:\/\/vosgesinfo.fr\/app\/uploads\/sites\/3\/2026\/03\/649280918-1443392384464772-7225728047016964034-n.jpg\",\"datePublished\":\"2026-03-09T10:57:06+00:00\",\"dateModified\":\"2026-03-09T10:57:06+00:00\",\"breadcrumb\":{\"@id\":\"https:\/\/vosgesinfo.fr\/epinalinfo\/?p=140431#breadcrumb\"},\"inLanguage\":\"fr-FR\",\"potentialAction\":[{\"@type\":\"ReadAction\",\"target\":[\"https:\/\/vosgesinfo.fr\/epinalinfo\/?p=140431\"]}]},{\"@type\":\"ImageObject\",\"inLanguage\":\"fr-FR\",\"@id\":\"https:\/\/vosgesinfo.fr\/epinalinfo\/?p=140431#primaryimage\",\"url\":\"https:\/\/vosgesinfo.fr\/app\/uploads\/sites\/3\/2026\/03\/649280918-1443392384464772-7225728047016964034-n.jpg\",\"contentUrl\":\"https:\/\/vosgesinfo.fr\/app\/uploads\/sites\/3\/2026\/03\/649280918-1443392384464772-7225728047016964034-n.jpg\",\"width\":1528,\"height\":1080,\"caption\":\"photos All Dances\"},{\"@type\":\"BreadcrumbList\",\"@id\":\"https:\/\/vosgesinfo.fr\/epinalinfo\/?p=140431#breadcrumb\",\"itemListElement\":[{\"@type\":\"ListItem\",\"position\":1,\"name\":\"Home\",\"item\":\"https:\/\/vosgesinfo.fr\/epinalinfo\/\"},{\"@type\":\"ListItem\",\"position\":2,\"name\":\"All Dances &#8211; Un d\u00e9but de saison prometteur pour les danseurs du club\"}]},{\"@type\":\"WebSite\",\"@id\":\"https:\/\/vosgesinfo.fr\/epinalinfo\/#website\",\"url\":\"https:\/\/vosgesinfo.fr\/epinalinfo\/\",\"name\":\"Epinal Info\",\"description\":\"Toute l&#039;actualit\u00e9 d&#039;\u00c9pinal\",\"publisher\":{\"@id\":\"https:\/\/vosgesinfo.fr\/epinalinfo\/#organization\"},\"alternateName\":\"Toute l'actualit\u00e9 d'\u00c9pinal\",\"potentialAction\":[{\"@type\":\"SearchAction\",\"target\":{\"@type\":\"EntryPoint\",\"urlTemplate\":\"https:\/\/vosgesinfo.fr\/epinalinfo\/?s={search_term_string}\"},\"query-input\":\"required name=search_term_string\"}],\"inLanguage\":\"fr-FR\"},{\"@type\":\"Organization\",\"@id\":\"https:\/\/vosgesinfo.fr\/epinalinfo\/#organization\",\"name\":\"Epinal Info\",\"url\":\"https:\/\/vosgesinfo.fr\/epinalinfo\/\",\"logo\":{\"@type\":\"ImageObject\",\"inLanguage\":\"fr-FR\",\"@id\":\"https:\/\/vosgesinfo.fr\/epinalinfo\/#\/schema\/logo\/image\/\",\"url\":\"https:\/\/vosgesinfo.fr\/app\/uploads\/sites\/3\/2023\/08\/logo-epinalinfos.svg\",\"contentUrl\":\"https:\/\/vosgesinfo.fr\/app\/uploads\/sites\/3\/2023\/08\/logo-epinalinfos.svg\",\"width\":1,\"height\":1,\"caption\":\"Epinal Info\"},\"image\":{\"@id\":\"https:\/\/vosgesinfo.fr\/epinalinfo\/#\/schema\/logo\/image\/\"},\"sameAs\":[\"https:\/\/www.facebook.com\/Epinalinfos\",\"https:\/\/x.com\/VosgesInfo88\",\"https:\/\/www.youtube.com\/@vosgesinfo\"]},{\"@type\":\"Person\",\"@id\":\"https:\/\/vosgesinfo.fr\/epinalinfo\/#\/schema\/person\/6f9a650eeea99d969b6c4ab78fccbe81\",\"name\":\"C.K.\",\"image\":{\"@type\":\"ImageObject\",\"inLanguage\":\"fr-FR\",\"@id\":\"https:\/\/vosgesinfo.fr\/epinalinfo\/#\/schema\/person\/image\/\",\"url\":\"https:\/\/secure.gravatar.com\/avatar\/48e3fc7f8421ba8942be6b74a2b7f014ca39bc00dece156b7a8e098ae7dc87bf?s=96&d=mm&r=g\",\"contentUrl\":\"https:\/\/secure.gravatar.com\/avatar\/48e3fc7f8421ba8942be6b74a2b7f014ca39bc00dece156b7a8e098ae7dc87bf?s=96&d=mm&r=g\",\"caption\":\"C.K.\"},\"url\":\"https:\/\/vosgesinfo.fr\/epinalinfo\/author\/celia-k-n\/\"}]}<\/script>\n<!-- \/ Yoast SEO plugin. -->","yoast_head_json":{"title":"All Dances - Un d\u00e9but de saison prometteur pour les danseurs du club - Epinal Info","robots":{"index":"index","follow":"follow","max-snippet":"max-snippet:-1","max-image-preview":"max-image-preview:large","max-video-preview":"max-video-preview:-1"},"canonical":"https:\/\/vosgesinfo.fr\/epinalinfo\/?p=140431","twitter_card":"summary_large_image","twitter_title":"All Dances - Un d\u00e9but de saison prometteur pour les danseurs du club - Epinal Info","twitter_description":"La saison des comp\u00e9titions est lanc\u00e9e pour les danseurs du club. Samedi 7 mars, 17 danseurs \u201call dances\u201d, accompagn\u00e9s de [&hellip;]","twitter_image":"https:\/\/vosgesinfo.fr\/app\/uploads\/sites\/3\/2026\/03\/649280918-1443392384464772-7225728047016964034-n.jpg","twitter_creator":"@VosgesInfo88","twitter_site":"@VosgesInfo88","twitter_misc":{"\u00c9crit par":"C.K.","Dur\u00e9e de lecture estim\u00e9e":"1 minute"},"schema":{"@context":"https:\/\/schema.org","@graph":[{"@type":"Article","@id":"https:\/\/vosgesinfo.fr\/epinalinfo\/?p=140431#article","isPartOf":{"@id":"https:\/\/vosgesinfo.fr\/epinalinfo\/?p=140431"},"author":{"name":"C.K.","@id":"https:\/\/vosgesinfo.fr\/epinalinfo\/#\/schema\/person\/6f9a650eeea99d969b6c4ab78fccbe81"},"headline":"All Dances &#8211; Un d\u00e9but de saison prometteur pour les danseurs du club","datePublished":"2026-03-09T10:57:06+00:00","dateModified":"2026-03-09T10:57:06+00:00","mainEntityOfPage":{"@id":"https:\/\/vosgesinfo.fr\/epinalinfo\/?p=140431"},"wordCount":307,"commentCount":0,"publisher":{"@id":"https:\/\/vosgesinfo.fr\/epinalinfo\/#organization"},"image":{"@id":"https:\/\/vosgesinfo.fr\/epinalinfo\/?p=140431#primaryimage"},"thumbnailUrl":"https:\/\/vosgesinfo.fr\/app\/uploads\/sites\/3\/2026\/03\/649280918-1443392384464772-7225728047016964034-n.jpg","articleSection":["A la Une","Epinal"],"inLanguage":"fr-FR","potentialAction":[{"@type":"CommentAction","name":"Comment","target":["https:\/\/vosgesinfo.fr\/epinalinfo\/?p=140431#respond"]}]},{"@type":"WebPage","@id":"https:\/\/vosgesinfo.fr\/epinalinfo\/?p=140431","url":"https:\/\/vosgesinfo.fr\/epinalinfo\/?p=140431","name":"All Dances - Un d\u00e9but de saison prometteur pour les danseurs du club - Epinal Info","isPartOf":{"@id":"https:\/\/vosgesinfo.fr\/epinalinfo\/#website"},"primaryImageOfPage":{"@id":"https:\/\/vosgesinfo.fr\/epinalinfo\/?p=140431#primaryimage"},"image":{"@id":"https:\/\/vosgesinfo.fr\/epinalinfo\/?p=140431#primaryimage"},"thumbnailUrl":"https:\/\/vosgesinfo.fr\/app\/uploads\/sites\/3\/2026\/03\/649280918-1443392384464772-7225728047016964034-n.jpg","datePublished":"2026-03-09T10:57:06+00:00","dateModified":"2026-03-09T10:57:06+00:00","breadcrumb":{"@id":"https:\/\/vosgesinfo.fr\/epinalinfo\/?p=140431#breadcrumb"},"inLanguage":"fr-FR","potentialAction":[{"@type":"ReadAction","target":["https:\/\/vosgesinfo.fr\/epinalinfo\/?p=140431"]}]},{"@type":"ImageObject","inLanguage":"fr-FR","@id":"https:\/\/vosgesinfo.fr\/epinalinfo\/?p=140431#primaryimage","url":"https:\/\/vosgesinfo.fr\/app\/uploads\/sites\/3\/2026\/03\/649280918-1443392384464772-7225728047016964034-n.jpg","contentUrl":"https:\/\/vosgesinfo.fr\/app\/uploads\/sites\/3\/2026\/03\/649280918-1443392384464772-7225728047016964034-n.jpg","width":1528,"height":1080,"caption":"photos All Dances"},{"@type":"BreadcrumbList","@id":"https:\/\/vosgesinfo.fr\/epinalinfo\/?p=140431#breadcrumb","itemListElement":[{"@type":"ListItem","position":1,"name":"Home","item":"https:\/\/vosgesinfo.fr\/epinalinfo\/"},{"@type":"ListItem","position":2,"name":"All Dances &#8211; Un d\u00e9but de saison prometteur pour les danseurs du club"}]},{"@type":"WebSite","@id":"https:\/\/vosgesinfo.fr\/epinalinfo\/#website","url":"https:\/\/vosgesinfo.fr\/epinalinfo\/","name":"Epinal Info","description":"Toute l&#039;actualit\u00e9 d&#039;\u00c9pinal","publisher":{"@id":"https:\/\/vosgesinfo.fr\/epinalinfo\/#organization"},"alternateName":"Toute l'actualit\u00e9 d'\u00c9pinal","potentialAction":[{"@type":"SearchAction","target":{"@type":"EntryPoint","urlTemplate":"https:\/\/vosgesinfo.fr\/epinalinfo\/?s={search_term_string}"},"query-input":"required name=search_term_string"}],"inLanguage":"fr-FR"},{"@type":"Organization","@id":"https:\/\/vosgesinfo.fr\/epinalinfo\/#organization","name":"Epinal Info","url":"https:\/\/vosgesinfo.fr\/epinalinfo\/","logo":{"@type":"ImageObject","inLanguage":"fr-FR","@id":"https:\/\/vosgesinfo.fr\/epinalinfo\/#\/schema\/logo\/image\/","url":"https:\/\/vosgesinfo.fr\/app\/uploads\/sites\/3\/2023\/08\/logo-epinalinfos.svg","contentUrl":"https:\/\/vosgesinfo.fr\/app\/uploads\/sites\/3\/2023\/08\/logo-epinalinfos.svg","width":1,"height":1,"caption":"Epinal Info"},"image":{"@id":"https:\/\/vosgesinfo.fr\/epinalinfo\/#\/schema\/logo\/image\/"},"sameAs":["https:\/\/www.facebook.com\/Epinalinfos","https:\/\/x.com\/VosgesInfo88","https:\/\/www.youtube.com\/@vosgesinfo"]},{"@type":"Person","@id":"https:\/\/vosgesinfo.fr\/epinalinfo\/#\/schema\/person\/6f9a650eeea99d969b6c4ab78fccbe81","name":"C.K.","image":{"@type":"ImageObject","inLanguage":"fr-FR","@id":"https:\/\/vosgesinfo.fr\/epinalinfo\/#\/schema\/person\/image\/","url":"https:\/\/secure.gravatar.com\/avatar\/48e3fc7f8421ba8942be6b74a2b7f014ca39bc00dece156b7a8e098ae7dc87bf?s=96&d=mm&r=g","contentUrl":"https:\/\/secure.gravatar.com\/avatar\/48e3fc7f8421ba8942be6b74a2b7f014ca39bc00dece156b7a8e098ae7dc87bf?s=96&d=mm&r=g","caption":"C.K."},"url":"https:\/\/vosgesinfo.fr\/epinalinfo\/author\/celia-k-n\/"}]}},"_links":{"self":[{"href":"https:\/\/vosgesinfo.fr\/epinalinfo\/wp-json\/wp\/v2\/posts\/140431","targetHints":{"allow":["GET"]}}],"collection":[{"href":"https:\/\/vosgesinfo.fr\/epinalinfo\/wp-json\/wp\/v2\/posts"}],"about":[{"href":"https:\/\/vosgesinfo.fr\/epinalinfo\/wp-json\/wp\/v2\/types\/post"}],"author":[{"embeddable":true,"href":"https:\/\/vosgesinfo.fr\/epinalinfo\/wp-json\/wp\/v2\/users\/52"}],"replies":[{"embeddable":true,"href":"https:\/\/vosgesinfo.fr\/epinalinfo\/wp-json\/wp\/v2\/comments?post=140431"}],"version-history":[{"count":1,"href":"https:\/\/vosgesinfo.fr\/epinalinfo\/wp-json\/wp\/v2\/posts\/140431\/revisions"}],"predecessor-version":[{"id":140433,"href":"https:\/\/vosgesinfo.fr\/epinalinfo\/wp-json\/wp\/v2\/posts\/140431\/revisions\/140433"}],"wp:featuredmedia":[{"embeddable":true,"href":"https:\/\/vosgesinfo.fr\/epinalinfo\/wp-json\/wp\/v2\/media\/140432"}],"wp:attachment":[{"href":"https:\/\/vosgesinfo.fr\/epinalinfo\/wp-json\/wp\/v2\/media?parent=140431"}],"wp:term":[{"taxonomy":"category","embeddable":true,"href":"https:\/\/vosgesinfo.fr\/epinalinfo\/wp-json\/wp\/v2\/categories?post=140431"},{"taxonomy":"post_tag","embeddable":true,"href":"https:\/\/vosgesinfo.fr\/epinalinfo\/wp-json\/wp\/v2\/tags?post=140431"}],"curies":[{"name":"wp","href":"https:\/\/api.w.org\/{rel}","templated":true}]}}