{"id":140447,"date":"2026-03-10T09:06:04","date_gmt":"2026-03-10T08:06:04","guid":{"rendered":"https:\/\/vosgesinfo.fr\/epinalinfo\/?p=140447"},"modified":"2026-03-10T09:06:04","modified_gmt":"2026-03-10T08:06:04","slug":"municipales-a-thaon-les-vosges-stephane-keller-presente-sa-candidature-sous-la-banniere-du-rassemblement-national-video","status":"publish","type":"post","link":"https:\/\/vosgesinfo.fr\/epinalinfo\/2026\/03\/municipales-a-thaon-les-vosges-stephane-keller-presente-sa-candidature-sous-la-banniere-du-rassemblement-national-video\/","title":{"rendered":"Municipales \u00e0 Thaon-les-Vosges : St\u00e9phane Keller pr\u00e9sente sa candidature sous la banni\u00e8re du Rassemblement national [video]"},"content":{"rendered":"<h2 data-start=\"124\" data-end=\"499\"><strong><a href=\"https:\/\/vosgesinfo.fr\/app\/uploads\/sites\/3\/2026\/03\/stephane-keller.jpg\"><img decoding=\"async\" class=\"aligncenter size-full wp-image-140448\" src=\"https:\/\/vosgesinfo.fr\/app\/uploads\/sites\/3\/2026\/03\/stephane-keller.jpg\" alt=\"\" width=\"1241\" height=\"611\" srcset=\"https:\/\/vosgesinfo.fr\/app\/uploads\/sites\/3\/2026\/03\/stephane-keller.jpg 1241w, https:\/\/vosgesinfo.fr\/app\/uploads\/sites\/3\/2026\/03\/stephane-keller-300x148.jpg 300w, https:\/\/vosgesinfo.fr\/app\/uploads\/sites\/3\/2026\/03\/stephane-keller-1024x504.jpg 1024w, https:\/\/vosgesinfo.fr\/app\/uploads\/sites\/3\/2026\/03\/stephane-keller-768x378.jpg 768w\" sizes=\"(max-width: 1241px) 100vw, 1241px\" \/><\/a>\u00c0 l\u2019approche des prochaines \u00e9lections municipales, St\u00e9phane Keller a annonc\u00e9 son intention de briguer la mairie de Thaon-les-Vosges sous l\u2019\u00e9tiquette du Rassemblement national. \u00c2g\u00e9 de 45 ans, mari\u00e9 et p\u00e8re d\u2019un enfant, il a d\u2019abord exerc\u00e9 comme directeur de magasin avant de se reconvertir dans le transport touristique, o\u00f9 il travaille aujourd\u2019hui comme conducteur d\u2019autocar.<\/strong><\/h2>\n<p data-start=\"501\" data-end=\"776\">Figure d\u00e9j\u00e0 connue dans la commune, il met en avant un parcours marqu\u00e9 par l\u2019engagement associatif. Tr\u00e8s impliqu\u00e9 dans le secteur du handicap et de l\u2019autisme, il pr\u00e9side une association d\u00e9di\u00e9e \u00e0 cette cause et participe \u00e9galement b\u00e9n\u00e9volement \u00e0 plusieurs initiatives locales. Son exp\u00e9rience politique n\u2019est pas nouvelle : entre 2014 et 2020, il a si\u00e9g\u00e9 au conseil municipal de Thaon-les-Vosges en tant que conseiller d\u00e9l\u00e9gu\u00e9, charg\u00e9 du commerce et de l\u2019animation.<\/p>\n<h3 data-section-id=\"xqucik\" data-start=\"967\" data-end=\"1016\">Un diagnostic critique de la situation locale<\/h3>\n<p data-start=\"1018\" data-end=\"1375\">Lors de la pr\u00e9sentation de sa candidature \u00e0 la presse, St\u00e9phane Keller a expos\u00e9 les motivations qui l\u2019am\u00e8nent \u00e0 se lancer dans la campagne. S\u2019il reconna\u00eet l\u2019existence de projets structurants men\u00e9s ces derni\u00e8res ann\u00e9es par l\u2019\u00e9quipe municipale en place, il estime n\u00e9anmoins que l\u2019action publique locale a progressivement perdu en proximit\u00e9 avec les habitants.<\/p>\n<p data-start=\"1377\" data-end=\"1576\">Selon lui, la commune doit retrouver un fonctionnement davantage tourn\u00e9 vers l\u2019\u00e9coute des citoyens et le soutien aux agents municipaux, qu\u2019il consid\u00e8re comme des acteurs essentiels du service public.<\/p>\n<h3 data-section-id=\"1p4345l\" data-start=\"1578\" data-end=\"1647\">Des pr\u00e9occupations li\u00e9es au contexte d\u00e9mographique et s\u00e9curitaire<\/h3>\n<p data-start=\"1649\" data-end=\"1976\">Le candidat a \u00e9galement \u00e9voqu\u00e9 plusieurs d\u00e9fis auxquels la commune est confront\u00e9e. Parmi eux figurent le vieillissement de la population, la diminution des effectifs dans les \u00e9coles ou encore les difficult\u00e9s \u00e9conomiques rencontr\u00e9es par certaines entreprises locales, avec des cons\u00e9quences directes sur le commerce de proximit\u00e9.<\/p>\n<p data-start=\"1978\" data-end=\"2204\">La question de la s\u00e9curit\u00e9 a \u00e9galement \u00e9t\u00e9 mise en avant. St\u00e9phane Keller estime n\u00e9cessaire de renforcer les moyens de la police municipale et de consolider la coop\u00e9ration avec les services de l\u2019\u00c9tat et les forces de s\u00e9curit\u00e9.<\/p>\n<h3 data-section-id=\"bh8o7w\" data-start=\"2206\" data-end=\"2247\">Les grandes orientations du programme<\/h3>\n<p data-start=\"2249\" data-end=\"2369\">Dans les grandes lignes, le projet port\u00e9 par le candidat du Rassemblement national s\u2019articule autour de plusieurs axes : le maintien de la fiscalit\u00e9 communale au niveau actuel, sans augmentation des taux durant le mandat ; le renforcement des politiques de s\u00e9curit\u00e9 ; la d\u00e9fense du principe de la\u00efcit\u00e9 ; la pr\u00e9servation des services publics de proximit\u00e9 ;une gestion financi\u00e8re qu\u2019il veut prudente et ma\u00eetris\u00e9e ; la promotion du \u00ab localisme \u00bb, notamment dans les cantines scolaires et les march\u00e9s publics ; la mise en valeur et la protection du patrimoine communal.<\/p>\n<p data-start=\"2844\" data-end=\"3163\">St\u00e9phane Keller s\u2019est par ailleurs prononc\u00e9 contre de nouveaux transferts de comp\u00e9tences vers l\u2019agglom\u00e9ration lorsque la commune est en mesure, selon lui, de les assumer directement. Il a \u00e9galement indiqu\u00e9 s\u2019opposer au financement de projets qu\u2019il consid\u00e8re comme communautaristes ou li\u00e9s \u00e0 l\u2019accueil migratoire impos\u00e9.<\/p>\n<h3 data-section-id=\"1ah9ztj\" data-start=\"3165\" data-end=\"3221\">Une campagne qu\u2019il souhaite tourn\u00e9e vers le dialogue<\/h3>\n<p data-start=\"3223\" data-end=\"3405\">Pr\u00e9sentant sa d\u00e9marche comme une alternative plut\u00f4t qu\u2019un affrontement politique, le candidat affirme vouloir mener une campagne ax\u00e9e sur le terrain et le contact avec les habitants.<\/p>\n<p data-start=\"3407\" data-end=\"3733\" data-is-last-node=\"\" data-is-only-node=\"\">Originaire de Thaon-les-Vosges, il souligne \u00e9galement son attachement \u00e0 l\u2019ensemble de la commune et \u00e0 ses territoires d\u00e9l\u00e9gu\u00e9s, notamment Girmont et Oncourt. Son objectif, explique-t-il, est d\u2019insuffler une nouvelle dynamique locale tout en privil\u00e9giant le dialogue et la coop\u00e9ration entre \u00e9lus, citoyens et agents municipaux.<\/p>\n<p><iframe loading=\"lazy\" title=\"Ste\u0301phane Keller - Pour un Nouvel Avenir \u00e0 THAON\" width=\"500\" height=\"281\" src=\"https:\/\/www.youtube.com\/embed\/pIZzjEVqNvg?feature=oembed\" frameborder=\"0\" allow=\"accelerometer; autoplay; clipboard-write; encrypted-media; gyroscope; picture-in-picture; web-share\" referrerpolicy=\"strict-origin-when-cross-origin\" allowfullscreen><\/iframe><\/p>\n","protected":false},"excerpt":{"rendered":"<p>\u00c0 l\u2019approche des prochaines \u00e9lections municipales, St\u00e9phane Keller a annonc\u00e9 son intention de briguer la mairie de Thaon-les-Vosges sous l\u2019\u00e9tiquette [&hellip;]<\/p>\n","protected":false},"author":52,"featured_media":140448,"comment_status":"open","ping_status":"open","sticky":false,"template":"","format":"standard","meta":{"footnotes":""},"categories":[22,24,9,93],"tags":[],"class_list":["post-140447","post","type-post","status-publish","format-standard","has-post-thumbnail","hentry","category-a-la-une","category-epinal","category-politique","category-thaon-les-vosges"],"acf":[],"yoast_head":"<!-- This site is optimized with the Yoast SEO plugin v22.5 - https:\/\/yoast.com\/wordpress\/plugins\/seo\/ -->\n<title>Municipales \u00e0 Thaon-les-Vosges : St\u00e9phane Keller pr\u00e9sente sa candidature sous la banni\u00e8re du Rassemblement national [video] - Epinal Info<\/title>\n<meta name=\"robots\" content=\"index, follow, max-snippet:-1, max-image-preview:large, max-video-preview:-1\" \/>\n<link rel=\"canonical\" href=\"https:\/\/vosgesinfo.fr\/epinalinfo\/?p=140447\" \/>\n<meta name=\"twitter:card\" content=\"summary_large_image\" \/>\n<meta name=\"twitter:title\" content=\"Municipales \u00e0 Thaon-les-Vosges : St\u00e9phane Keller pr\u00e9sente sa candidature sous la banni\u00e8re du Rassemblement national [video] - Epinal Info\" \/>\n<meta name=\"twitter:description\" content=\"\u00c0 l\u2019approche des prochaines \u00e9lections municipales, St\u00e9phane Keller a annonc\u00e9 son intention de briguer la mairie de Thaon-les-Vosges sous l\u2019\u00e9tiquette [&hellip;]\" \/>\n<meta name=\"twitter:image\" content=\"https:\/\/vosgesinfo.fr\/app\/uploads\/sites\/3\/2026\/03\/stephane-keller.jpg\" \/>\n<meta name=\"twitter:creator\" content=\"@VosgesInfo88\" \/>\n<meta name=\"twitter:site\" content=\"@VosgesInfo88\" \/>\n<meta name=\"twitter:label1\" content=\"\u00c9crit par\" \/>\n\t<meta name=\"twitter:data1\" content=\"C.K.\" \/>\n\t<meta name=\"twitter:label2\" content=\"Dur\u00e9e de lecture estim\u00e9e\" \/>\n\t<meta name=\"twitter:data2\" content=\"3 minutes\" \/>\n<script type=\"application\/ld+json\" class=\"yoast-schema-graph\">{\"@context\":\"https:\/\/schema.org\",\"@graph\":[{\"@type\":\"Article\",\"@id\":\"https:\/\/vosgesinfo.fr\/epinalinfo\/?p=140447#article\",\"isPartOf\":{\"@id\":\"https:\/\/vosgesinfo.fr\/epinalinfo\/?p=140447\"},\"author\":{\"name\":\"C.K.\",\"@id\":\"https:\/\/vosgesinfo.fr\/epinalinfo\/#\/schema\/person\/6f9a650eeea99d969b6c4ab78fccbe81\"},\"headline\":\"Municipales \u00e0 Thaon-les-Vosges : St\u00e9phane Keller pr\u00e9sente sa candidature sous la banni\u00e8re du Rassemblement national [video]\",\"datePublished\":\"2026-03-10T08:06:04+00:00\",\"dateModified\":\"2026-03-10T08:06:04+00:00\",\"mainEntityOfPage\":{\"@id\":\"https:\/\/vosgesinfo.fr\/epinalinfo\/?p=140447\"},\"wordCount\":623,\"commentCount\":2,\"publisher\":{\"@id\":\"https:\/\/vosgesinfo.fr\/epinalinfo\/#organization\"},\"image\":{\"@id\":\"https:\/\/vosgesinfo.fr\/epinalinfo\/?p=140447#primaryimage\"},\"thumbnailUrl\":\"https:\/\/vosgesinfo.fr\/app\/uploads\/sites\/3\/2026\/03\/stephane-keller.jpg\",\"articleSection\":[\"A la Une\",\"Epinal\",\"Politique\",\"Thaon-les-Vosges\"],\"inLanguage\":\"fr-FR\",\"potentialAction\":[{\"@type\":\"CommentAction\",\"name\":\"Comment\",\"target\":[\"https:\/\/vosgesinfo.fr\/epinalinfo\/?p=140447#respond\"]}]},{\"@type\":\"WebPage\",\"@id\":\"https:\/\/vosgesinfo.fr\/epinalinfo\/?p=140447\",\"url\":\"https:\/\/vosgesinfo.fr\/epinalinfo\/?p=140447\",\"name\":\"Municipales \u00e0 Thaon-les-Vosges : St\u00e9phane Keller pr\u00e9sente sa candidature sous la banni\u00e8re du Rassemblement national [video] - Epinal Info\",\"isPartOf\":{\"@id\":\"https:\/\/vosgesinfo.fr\/epinalinfo\/#website\"},\"primaryImageOfPage\":{\"@id\":\"https:\/\/vosgesinfo.fr\/epinalinfo\/?p=140447#primaryimage\"},\"image\":{\"@id\":\"https:\/\/vosgesinfo.fr\/epinalinfo\/?p=140447#primaryimage\"},\"thumbnailUrl\":\"https:\/\/vosgesinfo.fr\/app\/uploads\/sites\/3\/2026\/03\/stephane-keller.jpg\",\"datePublished\":\"2026-03-10T08:06:04+00:00\",\"dateModified\":\"2026-03-10T08:06:04+00:00\",\"breadcrumb\":{\"@id\":\"https:\/\/vosgesinfo.fr\/epinalinfo\/?p=140447#breadcrumb\"},\"inLanguage\":\"fr-FR\",\"potentialAction\":[{\"@type\":\"ReadAction\",\"target\":[\"https:\/\/vosgesinfo.fr\/epinalinfo\/?p=140447\"]}]},{\"@type\":\"ImageObject\",\"inLanguage\":\"fr-FR\",\"@id\":\"https:\/\/vosgesinfo.fr\/epinalinfo\/?p=140447#primaryimage\",\"url\":\"https:\/\/vosgesinfo.fr\/app\/uploads\/sites\/3\/2026\/03\/stephane-keller.jpg\",\"contentUrl\":\"https:\/\/vosgesinfo.fr\/app\/uploads\/sites\/3\/2026\/03\/stephane-keller.jpg\",\"width\":1241,\"height\":611},{\"@type\":\"BreadcrumbList\",\"@id\":\"https:\/\/vosgesinfo.fr\/epinalinfo\/?p=140447#breadcrumb\",\"itemListElement\":[{\"@type\":\"ListItem\",\"position\":1,\"name\":\"Home\",\"item\":\"https:\/\/vosgesinfo.fr\/epinalinfo\/\"},{\"@type\":\"ListItem\",\"position\":2,\"name\":\"Municipales \u00e0 Thaon-les-Vosges : St\u00e9phane Keller pr\u00e9sente sa candidature sous la banni\u00e8re du Rassemblement national [video]\"}]},{\"@type\":\"WebSite\",\"@id\":\"https:\/\/vosgesinfo.fr\/epinalinfo\/#website\",\"url\":\"https:\/\/vosgesinfo.fr\/epinalinfo\/\",\"name\":\"Epinal Info\",\"description\":\"Toute l&#039;actualit\u00e9 d&#039;\u00c9pinal\",\"publisher\":{\"@id\":\"https:\/\/vosgesinfo.fr\/epinalinfo\/#organization\"},\"alternateName\":\"Toute l'actualit\u00e9 d'\u00c9pinal\",\"potentialAction\":[{\"@type\":\"SearchAction\",\"target\":{\"@type\":\"EntryPoint\",\"urlTemplate\":\"https:\/\/vosgesinfo.fr\/epinalinfo\/?s={search_term_string}\"},\"query-input\":\"required name=search_term_string\"}],\"inLanguage\":\"fr-FR\"},{\"@type\":\"Organization\",\"@id\":\"https:\/\/vosgesinfo.fr\/epinalinfo\/#organization\",\"name\":\"Epinal Info\",\"url\":\"https:\/\/vosgesinfo.fr\/epinalinfo\/\",\"logo\":{\"@type\":\"ImageObject\",\"inLanguage\":\"fr-FR\",\"@id\":\"https:\/\/vosgesinfo.fr\/epinalinfo\/#\/schema\/logo\/image\/\",\"url\":\"https:\/\/vosgesinfo.fr\/app\/uploads\/sites\/3\/2023\/08\/logo-epinalinfos.svg\",\"contentUrl\":\"https:\/\/vosgesinfo.fr\/app\/uploads\/sites\/3\/2023\/08\/logo-epinalinfos.svg\",\"width\":1,\"height\":1,\"caption\":\"Epinal Info\"},\"image\":{\"@id\":\"https:\/\/vosgesinfo.fr\/epinalinfo\/#\/schema\/logo\/image\/\"},\"sameAs\":[\"https:\/\/www.facebook.com\/Epinalinfos\",\"https:\/\/x.com\/VosgesInfo88\",\"https:\/\/www.youtube.com\/@vosgesinfo\"]},{\"@type\":\"Person\",\"@id\":\"https:\/\/vosgesinfo.fr\/epinalinfo\/#\/schema\/person\/6f9a650eeea99d969b6c4ab78fccbe81\",\"name\":\"C.K.\",\"image\":{\"@type\":\"ImageObject\",\"inLanguage\":\"fr-FR\",\"@id\":\"https:\/\/vosgesinfo.fr\/epinalinfo\/#\/schema\/person\/image\/\",\"url\":\"https:\/\/secure.gravatar.com\/avatar\/48e3fc7f8421ba8942be6b74a2b7f014ca39bc00dece156b7a8e098ae7dc87bf?s=96&d=mm&r=g\",\"contentUrl\":\"https:\/\/secure.gravatar.com\/avatar\/48e3fc7f8421ba8942be6b74a2b7f014ca39bc00dece156b7a8e098ae7dc87bf?s=96&d=mm&r=g\",\"caption\":\"C.K.\"},\"url\":\"https:\/\/vosgesinfo.fr\/epinalinfo\/author\/celia-k-n\/\"}]}<\/script>\n<!-- \/ Yoast SEO plugin. -->","yoast_head_json":{"title":"Municipales \u00e0 Thaon-les-Vosges : St\u00e9phane Keller pr\u00e9sente sa candidature sous la banni\u00e8re du Rassemblement national [video] - Epinal Info","robots":{"index":"index","follow":"follow","max-snippet":"max-snippet:-1","max-image-preview":"max-image-preview:large","max-video-preview":"max-video-preview:-1"},"canonical":"https:\/\/vosgesinfo.fr\/epinalinfo\/?p=140447","twitter_card":"summary_large_image","twitter_title":"Municipales \u00e0 Thaon-les-Vosges : St\u00e9phane Keller pr\u00e9sente sa candidature sous la banni\u00e8re du Rassemblement national [video] - Epinal Info","twitter_description":"\u00c0 l\u2019approche des prochaines \u00e9lections municipales, St\u00e9phane Keller a annonc\u00e9 son intention de briguer la mairie de Thaon-les-Vosges sous l\u2019\u00e9tiquette [&hellip;]","twitter_image":"https:\/\/vosgesinfo.fr\/app\/uploads\/sites\/3\/2026\/03\/stephane-keller.jpg","twitter_creator":"@VosgesInfo88","twitter_site":"@VosgesInfo88","twitter_misc":{"\u00c9crit par":"C.K.","Dur\u00e9e de lecture estim\u00e9e":"3 minutes"},"schema":{"@context":"https:\/\/schema.org","@graph":[{"@type":"Article","@id":"https:\/\/vosgesinfo.fr\/epinalinfo\/?p=140447#article","isPartOf":{"@id":"https:\/\/vosgesinfo.fr\/epinalinfo\/?p=140447"},"author":{"name":"C.K.","@id":"https:\/\/vosgesinfo.fr\/epinalinfo\/#\/schema\/person\/6f9a650eeea99d969b6c4ab78fccbe81"},"headline":"Municipales \u00e0 Thaon-les-Vosges : St\u00e9phane Keller pr\u00e9sente sa candidature sous la banni\u00e8re du Rassemblement national [video]","datePublished":"2026-03-10T08:06:04+00:00","dateModified":"2026-03-10T08:06:04+00:00","mainEntityOfPage":{"@id":"https:\/\/vosgesinfo.fr\/epinalinfo\/?p=140447"},"wordCount":623,"commentCount":2,"publisher":{"@id":"https:\/\/vosgesinfo.fr\/epinalinfo\/#organization"},"image":{"@id":"https:\/\/vosgesinfo.fr\/epinalinfo\/?p=140447#primaryimage"},"thumbnailUrl":"https:\/\/vosgesinfo.fr\/app\/uploads\/sites\/3\/2026\/03\/stephane-keller.jpg","articleSection":["A la Une","Epinal","Politique","Thaon-les-Vosges"],"inLanguage":"fr-FR","potentialAction":[{"@type":"CommentAction","name":"Comment","target":["https:\/\/vosgesinfo.fr\/epinalinfo\/?p=140447#respond"]}]},{"@type":"WebPage","@id":"https:\/\/vosgesinfo.fr\/epinalinfo\/?p=140447","url":"https:\/\/vosgesinfo.fr\/epinalinfo\/?p=140447","name":"Municipales \u00e0 Thaon-les-Vosges : St\u00e9phane Keller pr\u00e9sente sa candidature sous la banni\u00e8re du Rassemblement national [video] - Epinal Info","isPartOf":{"@id":"https:\/\/vosgesinfo.fr\/epinalinfo\/#website"},"primaryImageOfPage":{"@id":"https:\/\/vosgesinfo.fr\/epinalinfo\/?p=140447#primaryimage"},"image":{"@id":"https:\/\/vosgesinfo.fr\/epinalinfo\/?p=140447#primaryimage"},"thumbnailUrl":"https:\/\/vosgesinfo.fr\/app\/uploads\/sites\/3\/2026\/03\/stephane-keller.jpg","datePublished":"2026-03-10T08:06:04+00:00","dateModified":"2026-03-10T08:06:04+00:00","breadcrumb":{"@id":"https:\/\/vosgesinfo.fr\/epinalinfo\/?p=140447#breadcrumb"},"inLanguage":"fr-FR","potentialAction":[{"@type":"ReadAction","target":["https:\/\/vosgesinfo.fr\/epinalinfo\/?p=140447"]}]},{"@type":"ImageObject","inLanguage":"fr-FR","@id":"https:\/\/vosgesinfo.fr\/epinalinfo\/?p=140447#primaryimage","url":"https:\/\/vosgesinfo.fr\/app\/uploads\/sites\/3\/2026\/03\/stephane-keller.jpg","contentUrl":"https:\/\/vosgesinfo.fr\/app\/uploads\/sites\/3\/2026\/03\/stephane-keller.jpg","width":1241,"height":611},{"@type":"BreadcrumbList","@id":"https:\/\/vosgesinfo.fr\/epinalinfo\/?p=140447#breadcrumb","itemListElement":[{"@type":"ListItem","position":1,"name":"Home","item":"https:\/\/vosgesinfo.fr\/epinalinfo\/"},{"@type":"ListItem","position":2,"name":"Municipales \u00e0 Thaon-les-Vosges : St\u00e9phane Keller pr\u00e9sente sa candidature sous la banni\u00e8re du Rassemblement national [video]"}]},{"@type":"WebSite","@id":"https:\/\/vosgesinfo.fr\/epinalinfo\/#website","url":"https:\/\/vosgesinfo.fr\/epinalinfo\/","name":"Epinal Info","description":"Toute l&#039;actualit\u00e9 d&#039;\u00c9pinal","publisher":{"@id":"https:\/\/vosgesinfo.fr\/epinalinfo\/#organization"},"alternateName":"Toute l'actualit\u00e9 d'\u00c9pinal","potentialAction":[{"@type":"SearchAction","target":{"@type":"EntryPoint","urlTemplate":"https:\/\/vosgesinfo.fr\/epinalinfo\/?s={search_term_string}"},"query-input":"required name=search_term_string"}],"inLanguage":"fr-FR"},{"@type":"Organization","@id":"https:\/\/vosgesinfo.fr\/epinalinfo\/#organization","name":"Epinal Info","url":"https:\/\/vosgesinfo.fr\/epinalinfo\/","logo":{"@type":"ImageObject","inLanguage":"fr-FR","@id":"https:\/\/vosgesinfo.fr\/epinalinfo\/#\/schema\/logo\/image\/","url":"https:\/\/vosgesinfo.fr\/app\/uploads\/sites\/3\/2023\/08\/logo-epinalinfos.svg","contentUrl":"https:\/\/vosgesinfo.fr\/app\/uploads\/sites\/3\/2023\/08\/logo-epinalinfos.svg","width":1,"height":1,"caption":"Epinal Info"},"image":{"@id":"https:\/\/vosgesinfo.fr\/epinalinfo\/#\/schema\/logo\/image\/"},"sameAs":["https:\/\/www.facebook.com\/Epinalinfos","https:\/\/x.com\/VosgesInfo88","https:\/\/www.youtube.com\/@vosgesinfo"]},{"@type":"Person","@id":"https:\/\/vosgesinfo.fr\/epinalinfo\/#\/schema\/person\/6f9a650eeea99d969b6c4ab78fccbe81","name":"C.K.","image":{"@type":"ImageObject","inLanguage":"fr-FR","@id":"https:\/\/vosgesinfo.fr\/epinalinfo\/#\/schema\/person\/image\/","url":"https:\/\/secure.gravatar.com\/avatar\/48e3fc7f8421ba8942be6b74a2b7f014ca39bc00dece156b7a8e098ae7dc87bf?s=96&d=mm&r=g","contentUrl":"https:\/\/secure.gravatar.com\/avatar\/48e3fc7f8421ba8942be6b74a2b7f014ca39bc00dece156b7a8e098ae7dc87bf?s=96&d=mm&r=g","caption":"C.K."},"url":"https:\/\/vosgesinfo.fr\/epinalinfo\/author\/celia-k-n\/"}]}},"_links":{"self":[{"href":"https:\/\/vosgesinfo.fr\/epinalinfo\/wp-json\/wp\/v2\/posts\/140447","targetHints":{"allow":["GET"]}}],"collection":[{"href":"https:\/\/vosgesinfo.fr\/epinalinfo\/wp-json\/wp\/v2\/posts"}],"about":[{"href":"https:\/\/vosgesinfo.fr\/epinalinfo\/wp-json\/wp\/v2\/types\/post"}],"author":[{"embeddable":true,"href":"https:\/\/vosgesinfo.fr\/epinalinfo\/wp-json\/wp\/v2\/users\/52"}],"replies":[{"embeddable":true,"href":"https:\/\/vosgesinfo.fr\/epinalinfo\/wp-json\/wp\/v2\/comments?post=140447"}],"version-history":[{"count":1,"href":"https:\/\/vosgesinfo.fr\/epinalinfo\/wp-json\/wp\/v2\/posts\/140447\/revisions"}],"predecessor-version":[{"id":140449,"href":"https:\/\/vosgesinfo.fr\/epinalinfo\/wp-json\/wp\/v2\/posts\/140447\/revisions\/140449"}],"wp:featuredmedia":[{"embeddable":true,"href":"https:\/\/vosgesinfo.fr\/epinalinfo\/wp-json\/wp\/v2\/media\/140448"}],"wp:attachment":[{"href":"https:\/\/vosgesinfo.fr\/epinalinfo\/wp-json\/wp\/v2\/media?parent=140447"}],"wp:term":[{"taxonomy":"category","embeddable":true,"href":"https:\/\/vosgesinfo.fr\/epinalinfo\/wp-json\/wp\/v2\/categories?post=140447"},{"taxonomy":"post_tag","embeddable":true,"href":"https:\/\/vosgesinfo.fr\/epinalinfo\/wp-json\/wp\/v2\/tags?post=140447"}],"curies":[{"name":"wp","href":"https:\/\/api.w.org\/{rel}","templated":true}]}}