{"id":140450,"date":"2026-03-10T09:25:18","date_gmt":"2026-03-10T08:25:18","guid":{"rendered":"https:\/\/vosgesinfo.fr\/epinalinfo\/?p=140450"},"modified":"2026-03-10T09:25:18","modified_gmt":"2026-03-10T08:25:18","slug":"vosgelis-deploie-ses-bornes-de-recharge-et-ouvre-son-reseau-au-public","status":"publish","type":"post","link":"https:\/\/vosgesinfo.fr\/epinalinfo\/2026\/03\/vosgelis-deploie-ses-bornes-de-recharge-et-ouvre-son-reseau-au-public\/","title":{"rendered":"Vosgelis d\u00e9ploie ses bornes de recharge et ouvre son r\u00e9seau au public"},"content":{"rendered":"<div id=\"attachment_140451\" style=\"width: 1610px\" class=\"wp-caption aligncenter\"><a href=\"https:\/\/vosgesinfo.fr\/app\/uploads\/sites\/3\/2026\/03\/vosgelis-borne-de-recharge-thaon4.jpg\"><img decoding=\"async\" aria-describedby=\"caption-attachment-140451\" class=\"size-full wp-image-140451\" src=\"https:\/\/vosgesinfo.fr\/app\/uploads\/sites\/3\/2026\/03\/vosgelis-borne-de-recharge-thaon4.jpg\" alt=\"\" width=\"1600\" height=\"1066\" srcset=\"https:\/\/vosgesinfo.fr\/app\/uploads\/sites\/3\/2026\/03\/vosgelis-borne-de-recharge-thaon4.jpg 1600w, https:\/\/vosgesinfo.fr\/app\/uploads\/sites\/3\/2026\/03\/vosgelis-borne-de-recharge-thaon4-300x200.jpg 300w, https:\/\/vosgesinfo.fr\/app\/uploads\/sites\/3\/2026\/03\/vosgelis-borne-de-recharge-thaon4-1024x682.jpg 1024w, https:\/\/vosgesinfo.fr\/app\/uploads\/sites\/3\/2026\/03\/vosgelis-borne-de-recharge-thaon4-768x512.jpg 768w, https:\/\/vosgesinfo.fr\/app\/uploads\/sites\/3\/2026\/03\/vosgelis-borne-de-recharge-thaon4-1536x1023.jpg 1536w\" sizes=\"(max-width: 1600px) 100vw, 1600px\" \/><\/a><p id=\"caption-attachment-140451\" class=\"wp-caption-text\">photos R\u00e9gis Henriot<\/p><\/div>\n<h2 data-start=\"75\" data-end=\"415\"><strong>Lundi 9 mars, une nouvelle borne de recharge pour v\u00e9hicules \u00e9lectriques a \u00e9t\u00e9 officiellement mise en service \u00e0 Thaon-les-Vosges. \u00c0 cette occasion, le directeur g\u00e9n\u00e9ral de Vosgelis, Fabrice Barbe, \u00e9tait pr\u00e9sent aux c\u00f4t\u00e9s du maire de la commune, C\u00e9dric Haxaire, pour inaugurer cet \u00e9quipement destin\u00e9 aussi bien aux habitants qu\u2019aux visiteurs.<\/strong><\/h2>\n<p data-start=\"417\" data-end=\"802\">Cette installation s\u2019inscrit dans une strat\u00e9gie plus large men\u00e9e par le bailleur social pour accompagner la transition vers la mobilit\u00e9 \u00e9lectrique. Apr\u00e8s avoir converti l\u2019ensemble de sa flotte automobile \u00e0 l\u2019\u00e9lectrique en d\u00e9cembre 2024 \u2014 soit avec un an d\u2019avance sur le calendrier initial \u2014 Vosgelis poursuit d\u00e9sormais le d\u00e9veloppement d\u2019infrastructures de recharge sur son patrimoine.<\/p>\n<p data-start=\"804\" data-end=\"1052\">L\u2019objectif est double : permettre aux collaborateurs de l\u2019organisme de recharger leurs v\u00e9hicules lors de leurs d\u00e9placements professionnels, tout en facilitant l\u2019acc\u00e8s \u00e0 l\u2019\u00e9lectromobilit\u00e9 pour les locataires et les habitants des quartiers concern\u00e9s.<\/p>\n<p data-start=\"1054\" data-end=\"1508\">Au total, 22 nouvelles bornes ont \u00e9t\u00e9 install\u00e9es en 2025. Parmi elles, 21 ont vocation \u00e0 \u00eatre accessibles au public, celle de Thaon-les-Vosges faisant partie des premi\u00e8res mises en service. \u00c0 terme, chaque borne disposera de deux acc\u00e8s distincts : l\u2019un r\u00e9serv\u00e9 aux v\u00e9hicules de Vosgelis, l\u2019autre ouvert aux utilisateurs externes gr\u00e2ce \u00e0 un syst\u00e8me de carte d\u2019acc\u00e8s. Dans l\u2019attente de ce dispositif, les recharges peuvent d\u00e9j\u00e0 \u00eatre lanc\u00e9es via un QR code.<\/p>\n<p data-start=\"1510\" data-end=\"1701\">Les bornes sont \u00e9galement \u00e9quip\u00e9es de deux types de prises : une prise classique pour les voitures \u00e9lectriques et une autre destin\u00e9e aux quadricycles l\u00e9gers, comme par exemple la Citro\u00ebn Ami.<\/p>\n<p data-start=\"1703\" data-end=\"1991\">Pour mener \u00e0 bien ce programme, Vosgelis s\u2019est appuy\u00e9 sur l\u2019expertise de la soci\u00e9t\u00e9 Apricom, bas\u00e9e \u00e0 Paris, qui a assur\u00e9 la mission d\u2019assistance \u00e0 ma\u00eetrise d\u2019ouvrage. L\u2019installation technique des \u00e9quipements a quant \u00e0 elle \u00e9t\u00e9 confi\u00e9e \u00e0 l\u2019entreprise Citeos Vosges, implant\u00e9e \u00e0 Chantraine.<\/p>\n<p data-start=\"1993\" data-end=\"2328\">\u00c0 terme, ce r\u00e9seau de recharge couvrira une grande partie du d\u00e9partement, avec des bornes implant\u00e9es dans plusieurs communes dont Thaon-les-Vosges, Golbey, Rambervillers, Bruy\u00e8res, Mirecourt, Charmes, Vincey, Portieux, Darney, Liffol-le-Grand, Neufch\u00e2teau, Ch\u00e2tenois, Contrex\u00e9ville, Vittel, Le Thillot, Vagney, Raon-l\u2019\u00c9tape et Senones.<\/p>\n<p data-start=\"2330\" data-end=\"2503\">Concernant la tarification, Vosgelis annonce des co\u00fbts de recharge identiques sur l\u2019ensemble du r\u00e9seau : 0,35 \u20ac par kWh auxquels s\u2019ajoutent 0,025 \u20ac par minute d\u2019utilisation.<\/p>\n<p data-start=\"2505\" data-end=\"2695\" data-is-last-node=\"\" data-is-only-node=\"\">Avec ce d\u00e9ploiement, l\u2019organisme souhaite contribuer \u00e0 l\u2019essor de la mobilit\u00e9 \u00e9lectrique sur le territoire tout en proposant un service accessible aux habitants comme aux usagers de passage.<\/p>\n\n\t\t<style type=\"text\/css\">\n\t\t\t#gallery-1 {\n\t\t\t\tmargin: auto;\n\t\t\t}\n\t\t\t#gallery-1 .gallery-item {\n\t\t\t\tfloat: left;\n\t\t\t\tmargin-top: 10px;\n\t\t\t\ttext-align: center;\n\t\t\t\twidth: 33%;\n\t\t\t}\n\t\t\t#gallery-1 img {\n\t\t\t\tborder: 2px solid #cfcfcf;\n\t\t\t}\n\t\t\t#gallery-1 .gallery-caption {\n\t\t\t\tmargin-left: 0;\n\t\t\t}\n\t\t\t\/* see gallery_shortcode() in wp-includes\/media.php *\/\n\t\t<\/style>\n\t\t<div id='gallery-1' class='gallery galleryid-140450 gallery-columns-3 gallery-size-large'><dl class='gallery-item'>\n\t\t\t<dt class='gallery-icon landscape'>\n\t\t\t\t<a href='https:\/\/vosgesinfo.fr\/app\/uploads\/sites\/3\/2026\/03\/vosgelis-borne-de-recharge-thaon6.jpg'><img decoding=\"async\" width=\"1024\" height=\"682\" src=\"https:\/\/vosgesinfo.fr\/app\/uploads\/sites\/3\/2026\/03\/vosgelis-borne-de-recharge-thaon6-1024x682.jpg\" class=\"attachment-large size-large\" alt=\"\" srcset=\"https:\/\/vosgesinfo.fr\/app\/uploads\/sites\/3\/2026\/03\/vosgelis-borne-de-recharge-thaon6-1024x682.jpg 1024w, https:\/\/vosgesinfo.fr\/app\/uploads\/sites\/3\/2026\/03\/vosgelis-borne-de-recharge-thaon6-300x200.jpg 300w, https:\/\/vosgesinfo.fr\/app\/uploads\/sites\/3\/2026\/03\/vosgelis-borne-de-recharge-thaon6-768x512.jpg 768w, https:\/\/vosgesinfo.fr\/app\/uploads\/sites\/3\/2026\/03\/vosgelis-borne-de-recharge-thaon6-1536x1023.jpg 1536w, https:\/\/vosgesinfo.fr\/app\/uploads\/sites\/3\/2026\/03\/vosgelis-borne-de-recharge-thaon6.jpg 1600w\" sizes=\"(max-width: 1024px) 100vw, 1024px\" \/><\/a>\n\t\t\t<\/dt><\/dl><dl class='gallery-item'>\n\t\t\t<dt class='gallery-icon portrait'>\n\t\t\t\t<a href='https:\/\/vosgesinfo.fr\/app\/uploads\/sites\/3\/2026\/03\/vosgelis-borne-de-recharge-thaon.jpg'><img decoding=\"async\" width=\"683\" height=\"1024\" src=\"https:\/\/vosgesinfo.fr\/app\/uploads\/sites\/3\/2026\/03\/vosgelis-borne-de-recharge-thaon-683x1024.jpg\" class=\"attachment-large size-large\" alt=\"\" srcset=\"https:\/\/vosgesinfo.fr\/app\/uploads\/sites\/3\/2026\/03\/vosgelis-borne-de-recharge-thaon-683x1024.jpg 683w, https:\/\/vosgesinfo.fr\/app\/uploads\/sites\/3\/2026\/03\/vosgelis-borne-de-recharge-thaon-200x300.jpg 200w, https:\/\/vosgesinfo.fr\/app\/uploads\/sites\/3\/2026\/03\/vosgelis-borne-de-recharge-thaon.jpg 720w\" sizes=\"(max-width: 683px) 100vw, 683px\" \/><\/a>\n\t\t\t<\/dt><\/dl><dl class='gallery-item'>\n\t\t\t<dt class='gallery-icon portrait'>\n\t\t\t\t<a href='https:\/\/vosgesinfo.fr\/app\/uploads\/sites\/3\/2026\/03\/vosgelis-borne-de-recharge-thaon2.jpg'><img decoding=\"async\" width=\"683\" height=\"1024\" src=\"https:\/\/vosgesinfo.fr\/app\/uploads\/sites\/3\/2026\/03\/vosgelis-borne-de-recharge-thaon2-683x1024.jpg\" class=\"attachment-large size-large\" alt=\"\" srcset=\"https:\/\/vosgesinfo.fr\/app\/uploads\/sites\/3\/2026\/03\/vosgelis-borne-de-recharge-thaon2-683x1024.jpg 683w, https:\/\/vosgesinfo.fr\/app\/uploads\/sites\/3\/2026\/03\/vosgelis-borne-de-recharge-thaon2-200x300.jpg 200w, https:\/\/vosgesinfo.fr\/app\/uploads\/sites\/3\/2026\/03\/vosgelis-borne-de-recharge-thaon2.jpg 720w\" sizes=\"(max-width: 683px) 100vw, 683px\" \/><\/a>\n\t\t\t<\/dt><\/dl><br style=\"clear: both\" \/><dl class='gallery-item'>\n\t\t\t<dt class='gallery-icon portrait'>\n\t\t\t\t<a href='https:\/\/vosgesinfo.fr\/app\/uploads\/sites\/3\/2026\/03\/vosgelis-borne-de-recharge-thaon3.jpg'><img decoding=\"async\" width=\"683\" height=\"1024\" src=\"https:\/\/vosgesinfo.fr\/app\/uploads\/sites\/3\/2026\/03\/vosgelis-borne-de-recharge-thaon3-683x1024.jpg\" class=\"attachment-large size-large\" alt=\"\" srcset=\"https:\/\/vosgesinfo.fr\/app\/uploads\/sites\/3\/2026\/03\/vosgelis-borne-de-recharge-thaon3-683x1024.jpg 683w, https:\/\/vosgesinfo.fr\/app\/uploads\/sites\/3\/2026\/03\/vosgelis-borne-de-recharge-thaon3-200x300.jpg 200w, https:\/\/vosgesinfo.fr\/app\/uploads\/sites\/3\/2026\/03\/vosgelis-borne-de-recharge-thaon3.jpg 720w\" sizes=\"(max-width: 683px) 100vw, 683px\" \/><\/a>\n\t\t\t<\/dt><\/dl><dl class='gallery-item'>\n\t\t\t<dt class='gallery-icon landscape'>\n\t\t\t\t<a href='https:\/\/vosgesinfo.fr\/app\/uploads\/sites\/3\/2026\/03\/vosgelis-borne-de-recharge-thaon5.jpg'><img decoding=\"async\" width=\"1024\" height=\"682\" src=\"https:\/\/vosgesinfo.fr\/app\/uploads\/sites\/3\/2026\/03\/vosgelis-borne-de-recharge-thaon5-1024x682.jpg\" class=\"attachment-large size-large\" alt=\"\" srcset=\"https:\/\/vosgesinfo.fr\/app\/uploads\/sites\/3\/2026\/03\/vosgelis-borne-de-recharge-thaon5-1024x682.jpg 1024w, https:\/\/vosgesinfo.fr\/app\/uploads\/sites\/3\/2026\/03\/vosgelis-borne-de-recharge-thaon5-300x200.jpg 300w, https:\/\/vosgesinfo.fr\/app\/uploads\/sites\/3\/2026\/03\/vosgelis-borne-de-recharge-thaon5-768x512.jpg 768w, https:\/\/vosgesinfo.fr\/app\/uploads\/sites\/3\/2026\/03\/vosgelis-borne-de-recharge-thaon5-1536x1023.jpg 1536w, https:\/\/vosgesinfo.fr\/app\/uploads\/sites\/3\/2026\/03\/vosgelis-borne-de-recharge-thaon5.jpg 1600w\" sizes=\"(max-width: 1024px) 100vw, 1024px\" \/><\/a>\n\t\t\t<\/dt><\/dl>\n\t\t\t<br style='clear: both' \/>\n\t\t<\/div>\n\n","protected":false},"excerpt":{"rendered":"<p>Lundi 9 mars, une nouvelle borne de recharge pour v\u00e9hicules \u00e9lectriques a \u00e9t\u00e9 officiellement mise en service \u00e0 Thaon-les-Vosges. \u00c0 [&hellip;]<\/p>\n","protected":false},"author":52,"featured_media":140451,"comment_status":"open","ping_status":"open","sticky":false,"template":"","format":"standard","meta":{"footnotes":""},"categories":[22,24,10,93],"tags":[],"class_list":["post-140450","post","type-post","status-publish","format-standard","has-post-thumbnail","hentry","category-a-la-une","category-epinal","category-societe","category-thaon-les-vosges"],"acf":[],"yoast_head":"<!-- This site is optimized with the Yoast SEO plugin v22.5 - https:\/\/yoast.com\/wordpress\/plugins\/seo\/ -->\n<title>Vosgelis d\u00e9ploie ses bornes de recharge et ouvre son r\u00e9seau au public - Epinal Info<\/title>\n<meta name=\"robots\" content=\"index, follow, max-snippet:-1, max-image-preview:large, max-video-preview:-1\" \/>\n<link rel=\"canonical\" href=\"https:\/\/vosgesinfo.fr\/epinalinfo\/?p=140450\" \/>\n<meta name=\"twitter:card\" content=\"summary_large_image\" \/>\n<meta name=\"twitter:title\" content=\"Vosgelis d\u00e9ploie ses bornes de recharge et ouvre son r\u00e9seau au public - Epinal Info\" \/>\n<meta name=\"twitter:description\" content=\"Lundi 9 mars, une nouvelle borne de recharge pour v\u00e9hicules \u00e9lectriques a \u00e9t\u00e9 officiellement mise en service \u00e0 Thaon-les-Vosges. \u00c0 [&hellip;]\" \/>\n<meta name=\"twitter:image\" content=\"https:\/\/vosgesinfo.fr\/app\/uploads\/sites\/3\/2026\/03\/vosgelis-borne-de-recharge-thaon6-1024x682.jpg\" \/>\n<meta name=\"twitter:creator\" content=\"@VosgesInfo88\" \/>\n<meta name=\"twitter:site\" content=\"@VosgesInfo88\" \/>\n<meta name=\"twitter:label1\" content=\"\u00c9crit par\" \/>\n\t<meta name=\"twitter:data1\" content=\"C.K.\" \/>\n\t<meta name=\"twitter:label2\" content=\"Dur\u00e9e de lecture estim\u00e9e\" \/>\n\t<meta name=\"twitter:data2\" content=\"2 minutes\" \/>\n<script type=\"application\/ld+json\" class=\"yoast-schema-graph\">{\"@context\":\"https:\/\/schema.org\",\"@graph\":[{\"@type\":\"Article\",\"@id\":\"https:\/\/vosgesinfo.fr\/epinalinfo\/?p=140450#article\",\"isPartOf\":{\"@id\":\"https:\/\/vosgesinfo.fr\/epinalinfo\/?p=140450\"},\"author\":{\"name\":\"C.K.\",\"@id\":\"https:\/\/vosgesinfo.fr\/epinalinfo\/#\/schema\/person\/6f9a650eeea99d969b6c4ab78fccbe81\"},\"headline\":\"Vosgelis d\u00e9ploie ses bornes de recharge et ouvre son r\u00e9seau au public\",\"datePublished\":\"2026-03-10T08:25:18+00:00\",\"dateModified\":\"2026-03-10T08:25:18+00:00\",\"mainEntityOfPage\":{\"@id\":\"https:\/\/vosgesinfo.fr\/epinalinfo\/?p=140450\"},\"wordCount\":455,\"commentCount\":0,\"publisher\":{\"@id\":\"https:\/\/vosgesinfo.fr\/epinalinfo\/#organization\"},\"image\":{\"@id\":\"https:\/\/vosgesinfo.fr\/epinalinfo\/?p=140450#primaryimage\"},\"thumbnailUrl\":\"https:\/\/vosgesinfo.fr\/app\/uploads\/sites\/3\/2026\/03\/vosgelis-borne-de-recharge-thaon4.jpg\",\"articleSection\":[\"A la Une\",\"Epinal\",\"Soci\u00e9t\u00e9\",\"Thaon-les-Vosges\"],\"inLanguage\":\"fr-FR\",\"potentialAction\":[{\"@type\":\"CommentAction\",\"name\":\"Comment\",\"target\":[\"https:\/\/vosgesinfo.fr\/epinalinfo\/?p=140450#respond\"]}]},{\"@type\":\"WebPage\",\"@id\":\"https:\/\/vosgesinfo.fr\/epinalinfo\/?p=140450\",\"url\":\"https:\/\/vosgesinfo.fr\/epinalinfo\/?p=140450\",\"name\":\"Vosgelis d\u00e9ploie ses bornes de recharge et ouvre son r\u00e9seau au public - Epinal Info\",\"isPartOf\":{\"@id\":\"https:\/\/vosgesinfo.fr\/epinalinfo\/#website\"},\"primaryImageOfPage\":{\"@id\":\"https:\/\/vosgesinfo.fr\/epinalinfo\/?p=140450#primaryimage\"},\"image\":{\"@id\":\"https:\/\/vosgesinfo.fr\/epinalinfo\/?p=140450#primaryimage\"},\"thumbnailUrl\":\"https:\/\/vosgesinfo.fr\/app\/uploads\/sites\/3\/2026\/03\/vosgelis-borne-de-recharge-thaon4.jpg\",\"datePublished\":\"2026-03-10T08:25:18+00:00\",\"dateModified\":\"2026-03-10T08:25:18+00:00\",\"breadcrumb\":{\"@id\":\"https:\/\/vosgesinfo.fr\/epinalinfo\/?p=140450#breadcrumb\"},\"inLanguage\":\"fr-FR\",\"potentialAction\":[{\"@type\":\"ReadAction\",\"target\":[\"https:\/\/vosgesinfo.fr\/epinalinfo\/?p=140450\"]}]},{\"@type\":\"ImageObject\",\"inLanguage\":\"fr-FR\",\"@id\":\"https:\/\/vosgesinfo.fr\/epinalinfo\/?p=140450#primaryimage\",\"url\":\"https:\/\/vosgesinfo.fr\/app\/uploads\/sites\/3\/2026\/03\/vosgelis-borne-de-recharge-thaon4.jpg\",\"contentUrl\":\"https:\/\/vosgesinfo.fr\/app\/uploads\/sites\/3\/2026\/03\/vosgelis-borne-de-recharge-thaon4.jpg\",\"width\":1600,\"height\":1066,\"caption\":\"photos R\u00e9gis Henriot\"},{\"@type\":\"BreadcrumbList\",\"@id\":\"https:\/\/vosgesinfo.fr\/epinalinfo\/?p=140450#breadcrumb\",\"itemListElement\":[{\"@type\":\"ListItem\",\"position\":1,\"name\":\"Home\",\"item\":\"https:\/\/vosgesinfo.fr\/epinalinfo\/\"},{\"@type\":\"ListItem\",\"position\":2,\"name\":\"Vosgelis d\u00e9ploie ses bornes de recharge et ouvre son r\u00e9seau au public\"}]},{\"@type\":\"WebSite\",\"@id\":\"https:\/\/vosgesinfo.fr\/epinalinfo\/#website\",\"url\":\"https:\/\/vosgesinfo.fr\/epinalinfo\/\",\"name\":\"Epinal Info\",\"description\":\"Toute l&#039;actualit\u00e9 d&#039;\u00c9pinal\",\"publisher\":{\"@id\":\"https:\/\/vosgesinfo.fr\/epinalinfo\/#organization\"},\"alternateName\":\"Toute l'actualit\u00e9 d'\u00c9pinal\",\"potentialAction\":[{\"@type\":\"SearchAction\",\"target\":{\"@type\":\"EntryPoint\",\"urlTemplate\":\"https:\/\/vosgesinfo.fr\/epinalinfo\/?s={search_term_string}\"},\"query-input\":\"required name=search_term_string\"}],\"inLanguage\":\"fr-FR\"},{\"@type\":\"Organization\",\"@id\":\"https:\/\/vosgesinfo.fr\/epinalinfo\/#organization\",\"name\":\"Epinal Info\",\"url\":\"https:\/\/vosgesinfo.fr\/epinalinfo\/\",\"logo\":{\"@type\":\"ImageObject\",\"inLanguage\":\"fr-FR\",\"@id\":\"https:\/\/vosgesinfo.fr\/epinalinfo\/#\/schema\/logo\/image\/\",\"url\":\"https:\/\/vosgesinfo.fr\/app\/uploads\/sites\/3\/2023\/08\/logo-epinalinfos.svg\",\"contentUrl\":\"https:\/\/vosgesinfo.fr\/app\/uploads\/sites\/3\/2023\/08\/logo-epinalinfos.svg\",\"width\":1,\"height\":1,\"caption\":\"Epinal Info\"},\"image\":{\"@id\":\"https:\/\/vosgesinfo.fr\/epinalinfo\/#\/schema\/logo\/image\/\"},\"sameAs\":[\"https:\/\/www.facebook.com\/Epinalinfos\",\"https:\/\/x.com\/VosgesInfo88\",\"https:\/\/www.youtube.com\/@vosgesinfo\"]},{\"@type\":\"Person\",\"@id\":\"https:\/\/vosgesinfo.fr\/epinalinfo\/#\/schema\/person\/6f9a650eeea99d969b6c4ab78fccbe81\",\"name\":\"C.K.\",\"image\":{\"@type\":\"ImageObject\",\"inLanguage\":\"fr-FR\",\"@id\":\"https:\/\/vosgesinfo.fr\/epinalinfo\/#\/schema\/person\/image\/\",\"url\":\"https:\/\/secure.gravatar.com\/avatar\/48e3fc7f8421ba8942be6b74a2b7f014ca39bc00dece156b7a8e098ae7dc87bf?s=96&d=mm&r=g\",\"contentUrl\":\"https:\/\/secure.gravatar.com\/avatar\/48e3fc7f8421ba8942be6b74a2b7f014ca39bc00dece156b7a8e098ae7dc87bf?s=96&d=mm&r=g\",\"caption\":\"C.K.\"},\"url\":\"https:\/\/vosgesinfo.fr\/epinalinfo\/author\/celia-k-n\/\"}]}<\/script>\n<!-- \/ Yoast SEO plugin. -->","yoast_head_json":{"title":"Vosgelis d\u00e9ploie ses bornes de recharge et ouvre son r\u00e9seau au public - Epinal Info","robots":{"index":"index","follow":"follow","max-snippet":"max-snippet:-1","max-image-preview":"max-image-preview:large","max-video-preview":"max-video-preview:-1"},"canonical":"https:\/\/vosgesinfo.fr\/epinalinfo\/?p=140450","twitter_card":"summary_large_image","twitter_title":"Vosgelis d\u00e9ploie ses bornes de recharge et ouvre son r\u00e9seau au public - Epinal Info","twitter_description":"Lundi 9 mars, une nouvelle borne de recharge pour v\u00e9hicules \u00e9lectriques a \u00e9t\u00e9 officiellement mise en service \u00e0 Thaon-les-Vosges. \u00c0 [&hellip;]","twitter_image":"https:\/\/vosgesinfo.fr\/app\/uploads\/sites\/3\/2026\/03\/vosgelis-borne-de-recharge-thaon6-1024x682.jpg","twitter_creator":"@VosgesInfo88","twitter_site":"@VosgesInfo88","twitter_misc":{"\u00c9crit par":"C.K.","Dur\u00e9e de lecture estim\u00e9e":"2 minutes"},"schema":{"@context":"https:\/\/schema.org","@graph":[{"@type":"Article","@id":"https:\/\/vosgesinfo.fr\/epinalinfo\/?p=140450#article","isPartOf":{"@id":"https:\/\/vosgesinfo.fr\/epinalinfo\/?p=140450"},"author":{"name":"C.K.","@id":"https:\/\/vosgesinfo.fr\/epinalinfo\/#\/schema\/person\/6f9a650eeea99d969b6c4ab78fccbe81"},"headline":"Vosgelis d\u00e9ploie ses bornes de recharge et ouvre son r\u00e9seau au public","datePublished":"2026-03-10T08:25:18+00:00","dateModified":"2026-03-10T08:25:18+00:00","mainEntityOfPage":{"@id":"https:\/\/vosgesinfo.fr\/epinalinfo\/?p=140450"},"wordCount":455,"commentCount":0,"publisher":{"@id":"https:\/\/vosgesinfo.fr\/epinalinfo\/#organization"},"image":{"@id":"https:\/\/vosgesinfo.fr\/epinalinfo\/?p=140450#primaryimage"},"thumbnailUrl":"https:\/\/vosgesinfo.fr\/app\/uploads\/sites\/3\/2026\/03\/vosgelis-borne-de-recharge-thaon4.jpg","articleSection":["A la Une","Epinal","Soci\u00e9t\u00e9","Thaon-les-Vosges"],"inLanguage":"fr-FR","potentialAction":[{"@type":"CommentAction","name":"Comment","target":["https:\/\/vosgesinfo.fr\/epinalinfo\/?p=140450#respond"]}]},{"@type":"WebPage","@id":"https:\/\/vosgesinfo.fr\/epinalinfo\/?p=140450","url":"https:\/\/vosgesinfo.fr\/epinalinfo\/?p=140450","name":"Vosgelis d\u00e9ploie ses bornes de recharge et ouvre son r\u00e9seau au public - Epinal Info","isPartOf":{"@id":"https:\/\/vosgesinfo.fr\/epinalinfo\/#website"},"primaryImageOfPage":{"@id":"https:\/\/vosgesinfo.fr\/epinalinfo\/?p=140450#primaryimage"},"image":{"@id":"https:\/\/vosgesinfo.fr\/epinalinfo\/?p=140450#primaryimage"},"thumbnailUrl":"https:\/\/vosgesinfo.fr\/app\/uploads\/sites\/3\/2026\/03\/vosgelis-borne-de-recharge-thaon4.jpg","datePublished":"2026-03-10T08:25:18+00:00","dateModified":"2026-03-10T08:25:18+00:00","breadcrumb":{"@id":"https:\/\/vosgesinfo.fr\/epinalinfo\/?p=140450#breadcrumb"},"inLanguage":"fr-FR","potentialAction":[{"@type":"ReadAction","target":["https:\/\/vosgesinfo.fr\/epinalinfo\/?p=140450"]}]},{"@type":"ImageObject","inLanguage":"fr-FR","@id":"https:\/\/vosgesinfo.fr\/epinalinfo\/?p=140450#primaryimage","url":"https:\/\/vosgesinfo.fr\/app\/uploads\/sites\/3\/2026\/03\/vosgelis-borne-de-recharge-thaon4.jpg","contentUrl":"https:\/\/vosgesinfo.fr\/app\/uploads\/sites\/3\/2026\/03\/vosgelis-borne-de-recharge-thaon4.jpg","width":1600,"height":1066,"caption":"photos R\u00e9gis Henriot"},{"@type":"BreadcrumbList","@id":"https:\/\/vosgesinfo.fr\/epinalinfo\/?p=140450#breadcrumb","itemListElement":[{"@type":"ListItem","position":1,"name":"Home","item":"https:\/\/vosgesinfo.fr\/epinalinfo\/"},{"@type":"ListItem","position":2,"name":"Vosgelis d\u00e9ploie ses bornes de recharge et ouvre son r\u00e9seau au public"}]},{"@type":"WebSite","@id":"https:\/\/vosgesinfo.fr\/epinalinfo\/#website","url":"https:\/\/vosgesinfo.fr\/epinalinfo\/","name":"Epinal Info","description":"Toute l&#039;actualit\u00e9 d&#039;\u00c9pinal","publisher":{"@id":"https:\/\/vosgesinfo.fr\/epinalinfo\/#organization"},"alternateName":"Toute l'actualit\u00e9 d'\u00c9pinal","potentialAction":[{"@type":"SearchAction","target":{"@type":"EntryPoint","urlTemplate":"https:\/\/vosgesinfo.fr\/epinalinfo\/?s={search_term_string}"},"query-input":"required name=search_term_string"}],"inLanguage":"fr-FR"},{"@type":"Organization","@id":"https:\/\/vosgesinfo.fr\/epinalinfo\/#organization","name":"Epinal Info","url":"https:\/\/vosgesinfo.fr\/epinalinfo\/","logo":{"@type":"ImageObject","inLanguage":"fr-FR","@id":"https:\/\/vosgesinfo.fr\/epinalinfo\/#\/schema\/logo\/image\/","url":"https:\/\/vosgesinfo.fr\/app\/uploads\/sites\/3\/2023\/08\/logo-epinalinfos.svg","contentUrl":"https:\/\/vosgesinfo.fr\/app\/uploads\/sites\/3\/2023\/08\/logo-epinalinfos.svg","width":1,"height":1,"caption":"Epinal Info"},"image":{"@id":"https:\/\/vosgesinfo.fr\/epinalinfo\/#\/schema\/logo\/image\/"},"sameAs":["https:\/\/www.facebook.com\/Epinalinfos","https:\/\/x.com\/VosgesInfo88","https:\/\/www.youtube.com\/@vosgesinfo"]},{"@type":"Person","@id":"https:\/\/vosgesinfo.fr\/epinalinfo\/#\/schema\/person\/6f9a650eeea99d969b6c4ab78fccbe81","name":"C.K.","image":{"@type":"ImageObject","inLanguage":"fr-FR","@id":"https:\/\/vosgesinfo.fr\/epinalinfo\/#\/schema\/person\/image\/","url":"https:\/\/secure.gravatar.com\/avatar\/48e3fc7f8421ba8942be6b74a2b7f014ca39bc00dece156b7a8e098ae7dc87bf?s=96&d=mm&r=g","contentUrl":"https:\/\/secure.gravatar.com\/avatar\/48e3fc7f8421ba8942be6b74a2b7f014ca39bc00dece156b7a8e098ae7dc87bf?s=96&d=mm&r=g","caption":"C.K."},"url":"https:\/\/vosgesinfo.fr\/epinalinfo\/author\/celia-k-n\/"}]}},"_links":{"self":[{"href":"https:\/\/vosgesinfo.fr\/epinalinfo\/wp-json\/wp\/v2\/posts\/140450","targetHints":{"allow":["GET"]}}],"collection":[{"href":"https:\/\/vosgesinfo.fr\/epinalinfo\/wp-json\/wp\/v2\/posts"}],"about":[{"href":"https:\/\/vosgesinfo.fr\/epinalinfo\/wp-json\/wp\/v2\/types\/post"}],"author":[{"embeddable":true,"href":"https:\/\/vosgesinfo.fr\/epinalinfo\/wp-json\/wp\/v2\/users\/52"}],"replies":[{"embeddable":true,"href":"https:\/\/vosgesinfo.fr\/epinalinfo\/wp-json\/wp\/v2\/comments?post=140450"}],"version-history":[{"count":1,"href":"https:\/\/vosgesinfo.fr\/epinalinfo\/wp-json\/wp\/v2\/posts\/140450\/revisions"}],"predecessor-version":[{"id":140457,"href":"https:\/\/vosgesinfo.fr\/epinalinfo\/wp-json\/wp\/v2\/posts\/140450\/revisions\/140457"}],"wp:featuredmedia":[{"embeddable":true,"href":"https:\/\/vosgesinfo.fr\/epinalinfo\/wp-json\/wp\/v2\/media\/140451"}],"wp:attachment":[{"href":"https:\/\/vosgesinfo.fr\/epinalinfo\/wp-json\/wp\/v2\/media?parent=140450"}],"wp:term":[{"taxonomy":"category","embeddable":true,"href":"https:\/\/vosgesinfo.fr\/epinalinfo\/wp-json\/wp\/v2\/categories?post=140450"},{"taxonomy":"post_tag","embeddable":true,"href":"https:\/\/vosgesinfo.fr\/epinalinfo\/wp-json\/wp\/v2\/tags?post=140450"}],"curies":[{"name":"wp","href":"https:\/\/api.w.org\/{rel}","templated":true}]}}