{"id":140478,"date":"2026-03-11T09:57:30","date_gmt":"2026-03-11T08:57:30","guid":{"rendered":"https:\/\/vosgesinfo.fr\/epinalinfo\/?p=140478"},"modified":"2026-03-11T09:57:30","modified_gmt":"2026-03-11T08:57:30","slug":"municipales-2026-a-epinal-lucas-savoy-conduira-la-liste-du-parti-des-travailleurs-video","status":"publish","type":"post","link":"https:\/\/vosgesinfo.fr\/epinalinfo\/2026\/03\/municipales-2026-a-epinal-lucas-savoy-conduira-la-liste-du-parti-des-travailleurs-video\/","title":{"rendered":"Municipales 2026 : \u00e0 \u00c9pinal, Lucas Savoy conduira la liste du Parti des travailleurs [video]"},"content":{"rendered":"<h2 data-start=\"90\" data-end=\"430\"><strong><a href=\"https:\/\/vosgesinfo.fr\/app\/uploads\/sites\/3\/2026\/03\/lucas-savoy.jpg\"><img decoding=\"async\" class=\"aligncenter size-full wp-image-140479\" src=\"https:\/\/vosgesinfo.fr\/app\/uploads\/sites\/3\/2026\/03\/lucas-savoy.jpg\" alt=\"\" width=\"1920\" height=\"1080\" srcset=\"https:\/\/vosgesinfo.fr\/app\/uploads\/sites\/3\/2026\/03\/lucas-savoy.jpg 1920w, https:\/\/vosgesinfo.fr\/app\/uploads\/sites\/3\/2026\/03\/lucas-savoy-300x169.jpg 300w, https:\/\/vosgesinfo.fr\/app\/uploads\/sites\/3\/2026\/03\/lucas-savoy-1024x576.jpg 1024w, https:\/\/vosgesinfo.fr\/app\/uploads\/sites\/3\/2026\/03\/lucas-savoy-768x432.jpg 768w, https:\/\/vosgesinfo.fr\/app\/uploads\/sites\/3\/2026\/03\/lucas-savoy-1536x864.jpg 1536w\" sizes=\"(max-width: 1920px) 100vw, 1920px\" \/><\/a>\u00c0 \u00c9pinal, la campagne des \u00e9lections municipales de 2026 continue de s\u2019\u00e9toffer avec l\u2019arriv\u00e9e d\u2019une nouvelle candidature. Le Parti des travailleurs (PT) a choisi Lucas Savoy pour mener sa liste lors du scrutin. \u00c2g\u00e9 de 22 ans et \u00e9tudiant en histoire, le jeune candidat sera \u00e0 la t\u00eate de la cinqui\u00e8me liste annonc\u00e9e dans la course \u00e0 la mairie.<\/strong><\/h2>\n<p data-start=\"432\" data-end=\"730\">Investi par son parti, Lucas Savoy affirme vouloir porter un programme ax\u00e9 en priorit\u00e9 sur la d\u00e9fense des services publics. Il explique notamment vouloir mettre l\u2019accent sur les moyens accord\u00e9s aux h\u00f4pitaux, aux \u00e9coles et aux services publics de proximit\u00e9, qu\u2019il juge essentiels pour la population.<\/p>\n<p data-start=\"732\" data-end=\"1022\">Le candidat du Parti des travailleurs souhaite \u00e9galement repr\u00e9senter les habitants des quartiers populaires d\u2019\u00c9pinal, qu\u2019il estime insuffisamment pris en compte par les responsables politiques en place. Selon lui, ces secteurs doivent \u00eatre davantage entendus dans les d\u00e9cisions municipales.<\/p>\n<p data-start=\"1024\" data-end=\"1314\">Dans son discours, Lucas Savoy critique aussi les choix budg\u00e9taires qu\u2019il consid\u00e8re \u00e9loign\u00e9s des pr\u00e9occupations locales. Il plaide pour que les financements publics soient prioritairement orient\u00e9s vers les besoins du quotidien plut\u00f4t que vers des d\u00e9penses li\u00e9es aux conflits internationaux.<\/p>\n<p data-start=\"1316\" data-end=\"1673\">Autre th\u00e8me mis en avant dans sa campagne : la situation du commerce en centre-ville. Le candidat affirme vouloir soutenir l\u2019activit\u00e9 commerciale qu\u2019il juge fragilis\u00e9e. Parmi ses propositions figurent la gratuit\u00e9 des transports en commun ainsi que la mise en place d\u2019un stationnement gratuit au centre-ville afin d\u2019encourager la fr\u00e9quentation des commerces.<\/p>\n<p data-start=\"1675\" data-end=\"1880\" data-is-last-node=\"\" data-is-only-node=\"\">Avec cette candidature, le Parti des travailleurs entend faire entendre sa voix dans le d\u00e9bat municipal spinalien et d\u00e9fendre une ligne politique centr\u00e9e sur les services publics et les questions sociales.<\/p>\n<p data-start=\"1675\" data-end=\"1880\" data-is-last-node=\"\" data-is-only-node=\"\"><iframe loading=\"lazy\" src=\"\/\/www.youtube.com\/embed\/6i2vGFoDujk?si=pUu4AjR2W4Dev8_I\" width=\"560\" height=\"314\" allowfullscreen=\"allowfullscreen\"><\/iframe><\/p>\n","protected":false},"excerpt":{"rendered":"<p>\u00c0 \u00c9pinal, la campagne des \u00e9lections municipales de 2026 continue de s\u2019\u00e9toffer avec l\u2019arriv\u00e9e d\u2019une nouvelle candidature. Le Parti des [&hellip;]<\/p>\n","protected":false},"author":52,"featured_media":140479,"comment_status":"open","ping_status":"open","sticky":false,"template":"","format":"standard","meta":{"footnotes":""},"categories":[22,24,9],"tags":[],"class_list":["post-140478","post","type-post","status-publish","format-standard","has-post-thumbnail","hentry","category-a-la-une","category-epinal","category-politique"],"acf":[],"yoast_head":"<!-- This site is optimized with the Yoast SEO plugin v22.5 - https:\/\/yoast.com\/wordpress\/plugins\/seo\/ -->\n<title>Municipales 2026 : \u00e0 \u00c9pinal, Lucas Savoy conduira la liste du Parti des travailleurs [video] - Epinal Info<\/title>\n<meta name=\"robots\" content=\"index, follow, max-snippet:-1, max-image-preview:large, max-video-preview:-1\" \/>\n<link rel=\"canonical\" href=\"https:\/\/vosgesinfo.fr\/epinalinfo\/?p=140478\" \/>\n<meta name=\"twitter:card\" content=\"summary_large_image\" \/>\n<meta name=\"twitter:title\" content=\"Municipales 2026 : \u00e0 \u00c9pinal, Lucas Savoy conduira la liste du Parti des travailleurs [video] - Epinal Info\" \/>\n<meta name=\"twitter:description\" content=\"\u00c0 \u00c9pinal, la campagne des \u00e9lections municipales de 2026 continue de s\u2019\u00e9toffer avec l\u2019arriv\u00e9e d\u2019une nouvelle candidature. Le Parti des [&hellip;]\" \/>\n<meta name=\"twitter:image\" content=\"https:\/\/vosgesinfo.fr\/app\/uploads\/sites\/3\/2026\/03\/lucas-savoy.jpg\" \/>\n<meta name=\"twitter:creator\" content=\"@VosgesInfo88\" \/>\n<meta name=\"twitter:site\" content=\"@VosgesInfo88\" \/>\n<meta name=\"twitter:label1\" content=\"\u00c9crit par\" \/>\n\t<meta name=\"twitter:data1\" content=\"C.K.\" \/>\n\t<meta name=\"twitter:label2\" content=\"Dur\u00e9e de lecture estim\u00e9e\" \/>\n\t<meta name=\"twitter:data2\" content=\"1 minute\" \/>\n<script type=\"application\/ld+json\" class=\"yoast-schema-graph\">{\"@context\":\"https:\/\/schema.org\",\"@graph\":[{\"@type\":\"Article\",\"@id\":\"https:\/\/vosgesinfo.fr\/epinalinfo\/?p=140478#article\",\"isPartOf\":{\"@id\":\"https:\/\/vosgesinfo.fr\/epinalinfo\/?p=140478\"},\"author\":{\"name\":\"C.K.\",\"@id\":\"https:\/\/vosgesinfo.fr\/epinalinfo\/#\/schema\/person\/6f9a650eeea99d969b6c4ab78fccbe81\"},\"headline\":\"Municipales 2026 : \u00e0 \u00c9pinal, Lucas Savoy conduira la liste du Parti des travailleurs [video]\",\"datePublished\":\"2026-03-11T08:57:30+00:00\",\"dateModified\":\"2026-03-11T08:57:30+00:00\",\"mainEntityOfPage\":{\"@id\":\"https:\/\/vosgesinfo.fr\/epinalinfo\/?p=140478\"},\"wordCount\":308,\"commentCount\":0,\"publisher\":{\"@id\":\"https:\/\/vosgesinfo.fr\/epinalinfo\/#organization\"},\"image\":{\"@id\":\"https:\/\/vosgesinfo.fr\/epinalinfo\/?p=140478#primaryimage\"},\"thumbnailUrl\":\"https:\/\/vosgesinfo.fr\/app\/uploads\/sites\/3\/2026\/03\/lucas-savoy.jpg\",\"articleSection\":[\"A la Une\",\"Epinal\",\"Politique\"],\"inLanguage\":\"fr-FR\",\"potentialAction\":[{\"@type\":\"CommentAction\",\"name\":\"Comment\",\"target\":[\"https:\/\/vosgesinfo.fr\/epinalinfo\/?p=140478#respond\"]}]},{\"@type\":\"WebPage\",\"@id\":\"https:\/\/vosgesinfo.fr\/epinalinfo\/?p=140478\",\"url\":\"https:\/\/vosgesinfo.fr\/epinalinfo\/?p=140478\",\"name\":\"Municipales 2026 : \u00e0 \u00c9pinal, Lucas Savoy conduira la liste du Parti des travailleurs [video] - Epinal Info\",\"isPartOf\":{\"@id\":\"https:\/\/vosgesinfo.fr\/epinalinfo\/#website\"},\"primaryImageOfPage\":{\"@id\":\"https:\/\/vosgesinfo.fr\/epinalinfo\/?p=140478#primaryimage\"},\"image\":{\"@id\":\"https:\/\/vosgesinfo.fr\/epinalinfo\/?p=140478#primaryimage\"},\"thumbnailUrl\":\"https:\/\/vosgesinfo.fr\/app\/uploads\/sites\/3\/2026\/03\/lucas-savoy.jpg\",\"datePublished\":\"2026-03-11T08:57:30+00:00\",\"dateModified\":\"2026-03-11T08:57:30+00:00\",\"breadcrumb\":{\"@id\":\"https:\/\/vosgesinfo.fr\/epinalinfo\/?p=140478#breadcrumb\"},\"inLanguage\":\"fr-FR\",\"potentialAction\":[{\"@type\":\"ReadAction\",\"target\":[\"https:\/\/vosgesinfo.fr\/epinalinfo\/?p=140478\"]}]},{\"@type\":\"ImageObject\",\"inLanguage\":\"fr-FR\",\"@id\":\"https:\/\/vosgesinfo.fr\/epinalinfo\/?p=140478#primaryimage\",\"url\":\"https:\/\/vosgesinfo.fr\/app\/uploads\/sites\/3\/2026\/03\/lucas-savoy.jpg\",\"contentUrl\":\"https:\/\/vosgesinfo.fr\/app\/uploads\/sites\/3\/2026\/03\/lucas-savoy.jpg\",\"width\":1920,\"height\":1080},{\"@type\":\"BreadcrumbList\",\"@id\":\"https:\/\/vosgesinfo.fr\/epinalinfo\/?p=140478#breadcrumb\",\"itemListElement\":[{\"@type\":\"ListItem\",\"position\":1,\"name\":\"Home\",\"item\":\"https:\/\/vosgesinfo.fr\/epinalinfo\/\"},{\"@type\":\"ListItem\",\"position\":2,\"name\":\"Municipales 2026 : \u00e0 \u00c9pinal, Lucas Savoy conduira la liste du Parti des travailleurs [video]\"}]},{\"@type\":\"WebSite\",\"@id\":\"https:\/\/vosgesinfo.fr\/epinalinfo\/#website\",\"url\":\"https:\/\/vosgesinfo.fr\/epinalinfo\/\",\"name\":\"Epinal Info\",\"description\":\"Toute l&#039;actualit\u00e9 d&#039;\u00c9pinal\",\"publisher\":{\"@id\":\"https:\/\/vosgesinfo.fr\/epinalinfo\/#organization\"},\"alternateName\":\"Toute l'actualit\u00e9 d'\u00c9pinal\",\"potentialAction\":[{\"@type\":\"SearchAction\",\"target\":{\"@type\":\"EntryPoint\",\"urlTemplate\":\"https:\/\/vosgesinfo.fr\/epinalinfo\/?s={search_term_string}\"},\"query-input\":\"required name=search_term_string\"}],\"inLanguage\":\"fr-FR\"},{\"@type\":\"Organization\",\"@id\":\"https:\/\/vosgesinfo.fr\/epinalinfo\/#organization\",\"name\":\"Epinal Info\",\"url\":\"https:\/\/vosgesinfo.fr\/epinalinfo\/\",\"logo\":{\"@type\":\"ImageObject\",\"inLanguage\":\"fr-FR\",\"@id\":\"https:\/\/vosgesinfo.fr\/epinalinfo\/#\/schema\/logo\/image\/\",\"url\":\"https:\/\/vosgesinfo.fr\/app\/uploads\/sites\/3\/2023\/08\/logo-epinalinfos.svg\",\"contentUrl\":\"https:\/\/vosgesinfo.fr\/app\/uploads\/sites\/3\/2023\/08\/logo-epinalinfos.svg\",\"width\":1,\"height\":1,\"caption\":\"Epinal Info\"},\"image\":{\"@id\":\"https:\/\/vosgesinfo.fr\/epinalinfo\/#\/schema\/logo\/image\/\"},\"sameAs\":[\"https:\/\/www.facebook.com\/Epinalinfos\",\"https:\/\/x.com\/VosgesInfo88\",\"https:\/\/www.youtube.com\/@vosgesinfo\"]},{\"@type\":\"Person\",\"@id\":\"https:\/\/vosgesinfo.fr\/epinalinfo\/#\/schema\/person\/6f9a650eeea99d969b6c4ab78fccbe81\",\"name\":\"C.K.\",\"image\":{\"@type\":\"ImageObject\",\"inLanguage\":\"fr-FR\",\"@id\":\"https:\/\/vosgesinfo.fr\/epinalinfo\/#\/schema\/person\/image\/\",\"url\":\"https:\/\/secure.gravatar.com\/avatar\/48e3fc7f8421ba8942be6b74a2b7f014ca39bc00dece156b7a8e098ae7dc87bf?s=96&d=mm&r=g\",\"contentUrl\":\"https:\/\/secure.gravatar.com\/avatar\/48e3fc7f8421ba8942be6b74a2b7f014ca39bc00dece156b7a8e098ae7dc87bf?s=96&d=mm&r=g\",\"caption\":\"C.K.\"},\"url\":\"https:\/\/vosgesinfo.fr\/epinalinfo\/author\/celia-k-n\/\"}]}<\/script>\n<!-- \/ Yoast SEO plugin. -->","yoast_head_json":{"title":"Municipales 2026 : \u00e0 \u00c9pinal, Lucas Savoy conduira la liste du Parti des travailleurs [video] - Epinal Info","robots":{"index":"index","follow":"follow","max-snippet":"max-snippet:-1","max-image-preview":"max-image-preview:large","max-video-preview":"max-video-preview:-1"},"canonical":"https:\/\/vosgesinfo.fr\/epinalinfo\/?p=140478","twitter_card":"summary_large_image","twitter_title":"Municipales 2026 : \u00e0 \u00c9pinal, Lucas Savoy conduira la liste du Parti des travailleurs [video] - Epinal Info","twitter_description":"\u00c0 \u00c9pinal, la campagne des \u00e9lections municipales de 2026 continue de s\u2019\u00e9toffer avec l\u2019arriv\u00e9e d\u2019une nouvelle candidature. Le Parti des [&hellip;]","twitter_image":"https:\/\/vosgesinfo.fr\/app\/uploads\/sites\/3\/2026\/03\/lucas-savoy.jpg","twitter_creator":"@VosgesInfo88","twitter_site":"@VosgesInfo88","twitter_misc":{"\u00c9crit par":"C.K.","Dur\u00e9e de lecture estim\u00e9e":"1 minute"},"schema":{"@context":"https:\/\/schema.org","@graph":[{"@type":"Article","@id":"https:\/\/vosgesinfo.fr\/epinalinfo\/?p=140478#article","isPartOf":{"@id":"https:\/\/vosgesinfo.fr\/epinalinfo\/?p=140478"},"author":{"name":"C.K.","@id":"https:\/\/vosgesinfo.fr\/epinalinfo\/#\/schema\/person\/6f9a650eeea99d969b6c4ab78fccbe81"},"headline":"Municipales 2026 : \u00e0 \u00c9pinal, Lucas Savoy conduira la liste du Parti des travailleurs [video]","datePublished":"2026-03-11T08:57:30+00:00","dateModified":"2026-03-11T08:57:30+00:00","mainEntityOfPage":{"@id":"https:\/\/vosgesinfo.fr\/epinalinfo\/?p=140478"},"wordCount":308,"commentCount":0,"publisher":{"@id":"https:\/\/vosgesinfo.fr\/epinalinfo\/#organization"},"image":{"@id":"https:\/\/vosgesinfo.fr\/epinalinfo\/?p=140478#primaryimage"},"thumbnailUrl":"https:\/\/vosgesinfo.fr\/app\/uploads\/sites\/3\/2026\/03\/lucas-savoy.jpg","articleSection":["A la Une","Epinal","Politique"],"inLanguage":"fr-FR","potentialAction":[{"@type":"CommentAction","name":"Comment","target":["https:\/\/vosgesinfo.fr\/epinalinfo\/?p=140478#respond"]}]},{"@type":"WebPage","@id":"https:\/\/vosgesinfo.fr\/epinalinfo\/?p=140478","url":"https:\/\/vosgesinfo.fr\/epinalinfo\/?p=140478","name":"Municipales 2026 : \u00e0 \u00c9pinal, Lucas Savoy conduira la liste du Parti des travailleurs [video] - Epinal Info","isPartOf":{"@id":"https:\/\/vosgesinfo.fr\/epinalinfo\/#website"},"primaryImageOfPage":{"@id":"https:\/\/vosgesinfo.fr\/epinalinfo\/?p=140478#primaryimage"},"image":{"@id":"https:\/\/vosgesinfo.fr\/epinalinfo\/?p=140478#primaryimage"},"thumbnailUrl":"https:\/\/vosgesinfo.fr\/app\/uploads\/sites\/3\/2026\/03\/lucas-savoy.jpg","datePublished":"2026-03-11T08:57:30+00:00","dateModified":"2026-03-11T08:57:30+00:00","breadcrumb":{"@id":"https:\/\/vosgesinfo.fr\/epinalinfo\/?p=140478#breadcrumb"},"inLanguage":"fr-FR","potentialAction":[{"@type":"ReadAction","target":["https:\/\/vosgesinfo.fr\/epinalinfo\/?p=140478"]}]},{"@type":"ImageObject","inLanguage":"fr-FR","@id":"https:\/\/vosgesinfo.fr\/epinalinfo\/?p=140478#primaryimage","url":"https:\/\/vosgesinfo.fr\/app\/uploads\/sites\/3\/2026\/03\/lucas-savoy.jpg","contentUrl":"https:\/\/vosgesinfo.fr\/app\/uploads\/sites\/3\/2026\/03\/lucas-savoy.jpg","width":1920,"height":1080},{"@type":"BreadcrumbList","@id":"https:\/\/vosgesinfo.fr\/epinalinfo\/?p=140478#breadcrumb","itemListElement":[{"@type":"ListItem","position":1,"name":"Home","item":"https:\/\/vosgesinfo.fr\/epinalinfo\/"},{"@type":"ListItem","position":2,"name":"Municipales 2026 : \u00e0 \u00c9pinal, Lucas Savoy conduira la liste du Parti des travailleurs [video]"}]},{"@type":"WebSite","@id":"https:\/\/vosgesinfo.fr\/epinalinfo\/#website","url":"https:\/\/vosgesinfo.fr\/epinalinfo\/","name":"Epinal Info","description":"Toute l&#039;actualit\u00e9 d&#039;\u00c9pinal","publisher":{"@id":"https:\/\/vosgesinfo.fr\/epinalinfo\/#organization"},"alternateName":"Toute l'actualit\u00e9 d'\u00c9pinal","potentialAction":[{"@type":"SearchAction","target":{"@type":"EntryPoint","urlTemplate":"https:\/\/vosgesinfo.fr\/epinalinfo\/?s={search_term_string}"},"query-input":"required name=search_term_string"}],"inLanguage":"fr-FR"},{"@type":"Organization","@id":"https:\/\/vosgesinfo.fr\/epinalinfo\/#organization","name":"Epinal Info","url":"https:\/\/vosgesinfo.fr\/epinalinfo\/","logo":{"@type":"ImageObject","inLanguage":"fr-FR","@id":"https:\/\/vosgesinfo.fr\/epinalinfo\/#\/schema\/logo\/image\/","url":"https:\/\/vosgesinfo.fr\/app\/uploads\/sites\/3\/2023\/08\/logo-epinalinfos.svg","contentUrl":"https:\/\/vosgesinfo.fr\/app\/uploads\/sites\/3\/2023\/08\/logo-epinalinfos.svg","width":1,"height":1,"caption":"Epinal Info"},"image":{"@id":"https:\/\/vosgesinfo.fr\/epinalinfo\/#\/schema\/logo\/image\/"},"sameAs":["https:\/\/www.facebook.com\/Epinalinfos","https:\/\/x.com\/VosgesInfo88","https:\/\/www.youtube.com\/@vosgesinfo"]},{"@type":"Person","@id":"https:\/\/vosgesinfo.fr\/epinalinfo\/#\/schema\/person\/6f9a650eeea99d969b6c4ab78fccbe81","name":"C.K.","image":{"@type":"ImageObject","inLanguage":"fr-FR","@id":"https:\/\/vosgesinfo.fr\/epinalinfo\/#\/schema\/person\/image\/","url":"https:\/\/secure.gravatar.com\/avatar\/48e3fc7f8421ba8942be6b74a2b7f014ca39bc00dece156b7a8e098ae7dc87bf?s=96&d=mm&r=g","contentUrl":"https:\/\/secure.gravatar.com\/avatar\/48e3fc7f8421ba8942be6b74a2b7f014ca39bc00dece156b7a8e098ae7dc87bf?s=96&d=mm&r=g","caption":"C.K."},"url":"https:\/\/vosgesinfo.fr\/epinalinfo\/author\/celia-k-n\/"}]}},"_links":{"self":[{"href":"https:\/\/vosgesinfo.fr\/epinalinfo\/wp-json\/wp\/v2\/posts\/140478","targetHints":{"allow":["GET"]}}],"collection":[{"href":"https:\/\/vosgesinfo.fr\/epinalinfo\/wp-json\/wp\/v2\/posts"}],"about":[{"href":"https:\/\/vosgesinfo.fr\/epinalinfo\/wp-json\/wp\/v2\/types\/post"}],"author":[{"embeddable":true,"href":"https:\/\/vosgesinfo.fr\/epinalinfo\/wp-json\/wp\/v2\/users\/52"}],"replies":[{"embeddable":true,"href":"https:\/\/vosgesinfo.fr\/epinalinfo\/wp-json\/wp\/v2\/comments?post=140478"}],"version-history":[{"count":1,"href":"https:\/\/vosgesinfo.fr\/epinalinfo\/wp-json\/wp\/v2\/posts\/140478\/revisions"}],"predecessor-version":[{"id":140480,"href":"https:\/\/vosgesinfo.fr\/epinalinfo\/wp-json\/wp\/v2\/posts\/140478\/revisions\/140480"}],"wp:featuredmedia":[{"embeddable":true,"href":"https:\/\/vosgesinfo.fr\/epinalinfo\/wp-json\/wp\/v2\/media\/140479"}],"wp:attachment":[{"href":"https:\/\/vosgesinfo.fr\/epinalinfo\/wp-json\/wp\/v2\/media?parent=140478"}],"wp:term":[{"taxonomy":"category","embeddable":true,"href":"https:\/\/vosgesinfo.fr\/epinalinfo\/wp-json\/wp\/v2\/categories?post=140478"},{"taxonomy":"post_tag","embeddable":true,"href":"https:\/\/vosgesinfo.fr\/epinalinfo\/wp-json\/wp\/v2\/tags?post=140478"}],"curies":[{"name":"wp","href":"https:\/\/api.w.org\/{rel}","templated":true}]}}