{"id":140481,"date":"2026-03-11T09:59:50","date_gmt":"2026-03-11T08:59:50","guid":{"rendered":"https:\/\/vosgesinfo.fr\/epinalinfo\/?p=140481"},"modified":"2026-03-11T09:59:50","modified_gmt":"2026-03-11T08:59:50","slug":"la-micro-folie-de-lagglomeration-au-festival-epinal-fait-son-cinema","status":"publish","type":"post","link":"https:\/\/vosgesinfo.fr\/epinalinfo\/2026\/03\/la-micro-folie-de-lagglomeration-au-festival-epinal-fait-son-cinema\/","title":{"rendered":"La Micro-Folie de l&rsquo;Agglom\u00e9ration au festival \u00c9pinal fait son cin\u00e9ma"},"content":{"rendered":"<div id=\"attachment_1156\" style=\"width: 410px\" class=\"wp-caption aligncenter\"><a href=\"https:\/\/vosgesinfo.fr\/app\/uploads\/sites\/3\/2023\/09\/micro-folie-epinal-400x255-1.jpg\"><img decoding=\"async\" aria-describedby=\"caption-attachment-1156\" class=\"wp-image-1156 size-full\" src=\"https:\/\/vosgesinfo.fr\/app\/uploads\/sites\/3\/2023\/09\/micro-folie-epinal-400x255-1.jpg\" alt=\"\" width=\"400\" height=\"255\" srcset=\"https:\/\/vosgesinfo.fr\/app\/uploads\/sites\/3\/2023\/09\/micro-folie-epinal-400x255-1.jpg 400w, https:\/\/vosgesinfo.fr\/app\/uploads\/sites\/3\/2023\/09\/micro-folie-epinal-400x255-1-300x191.jpg 300w\" sizes=\"(max-width: 400px) 100vw, 400px\" \/><\/a><p id=\"caption-attachment-1156\" class=\"wp-caption-text\">archive<\/p><\/div>\n<p><strong data-olk-copy-source=\"MessageBody\">La Micro-Folie de l\u2019agglom\u00e9ration d\u2019\u00c9pinal pr\u00e9sente au festival \u00ab \u00c9pinal fait son cin\u00e9ma \u00bb du 17 au 22 mars<\/strong><\/p>\n<p aria-hidden=\"true\">\n<p>La 3<sup>\u00e8me<\/sup> \u00e9dition du festival \u00ab\u2009\u00c9pinal fait son cin\u00e9ma\u2009\u00bb, port\u00e9e par Image\u2019Est, se d\u00e9roule du 17 au 22 mars \u00e0 \u00c9pinal, La V\u00f4ge-les-Bains et Xertigny.<br \/>\nLors de cette manifestation, le grand public et les scolaires peuvent assister \u00e0 des avant-premi\u00e8res, des ateliers, des expositions, des rencontres, des films\u2026<\/p>\n<p aria-hidden=\"true\">\n<p>\u00c0 cette occasion, le village de la Micro-Folie de l\u2019Agglom\u00e9ration s\u2019installe entre les Cin\u00e9s Palace et la bmi d\u2019\u00c9pinal pendant les 6 jours du festival.<br \/>\nDiff\u00e9rentes animations sont propos\u00e9es au grand public et aux scolaires avec des outils interactifs et ludiques, tels que des casques de r\u00e9alit\u00e9 virtuelle,<br \/>\ndes contenus audiovisuels en 3D, des tables de montages, des outils de musique assist\u00e9s par ordinateur, etc.<\/p>\n<p aria-hidden=\"true\">\n<p>Le projet de la Micro-Folie, port\u00e9 par le minist\u00e8re de la Culture et coordonn\u00e9 par La Villette,<br \/>\na pour ambition d\u2019assurer la d\u00e9mocratisation de la culture, en organisant des actions au plus pr\u00e8s des habitants.<\/p>\n<p aria-hidden=\"true\">\n<p>Au programme\u00a0:<\/p>\n<p><strong>Grand public (ateliers au choix)<\/strong><\/p>\n<p>Mercredi 18\/03 | 13h-17h<\/p>\n<ul>\n<li>R\u00e9alisation de courts m\u00e9trages \u00e0 partir de la table MashUp<\/li>\n<li>Exp\u00e9rimentation de la technique du fond vert<\/li>\n<li>Pr\u00e9sentation\/d\u00e9monstration du scanner num\u00e9rique<\/li>\n<li>Diffusion de courts m\u00e9trages pr\u00e9sentant les m\u00e9tiers du cin\u00e9ma<\/li>\n<li>Cr\u00e9ation d\u2019accessoires\/d\u00e9cors de cin\u00e9ma<\/li>\n<li>Conception d\u2019affiches de cin\u00e9ma<\/li>\n<\/ul>\n<p aria-hidden=\"true\">\n<p>Samedi 21\/03 | 13h-17h<\/p>\n<ul>\n<li>R\u00e9alisation de courts m\u00e9trages<\/li>\n<li>Exp\u00e9rimentation de la technique du fond vert<\/li>\n<li>Pr\u00e9sentation\/d\u00e9monstration du scanner num\u00e9rique<\/li>\n<li>Initiation aux diverses \u00e9tapes menant \u00e0 la cr\u00e9ation d\u2019un film<\/li>\n<li>Exploration des ressources du mus\u00e9e num\u00e9rique<\/li>\n<li>Cr\u00e9ation d\u2019accessoires\/d\u00e9cors de cin\u00e9ma<\/li>\n<li>Conception d\u2019affiches de cin\u00e9ma<\/li>\n<\/ul>\n<p aria-hidden=\"true\">\n<p>Dimanche 22\/03 | 13h-17h<\/p>\n<ul>\n<li>R\u00e9alisation de courts m\u00e9trages<\/li>\n<li>Exp\u00e9rimentation de la technique du fond vert<\/li>\n<li>Pr\u00e9sentation\/d\u00e9monstration du scanner num\u00e9rique<\/li>\n<li>Exploration des ressources du mus\u00e9e num\u00e9rique<\/li>\n<li>Cr\u00e9ation d\u2019accessoires\/d\u00e9cors de cin\u00e9ma<\/li>\n<li>Conception d\u2019affiches de cin\u00e9ma<\/li>\n<\/ul>\n<p aria-hidden=\"true\">\n<p><strong>Scolaires (ateliers au choix)<\/strong><\/p>\n<p>Mardi 17\/03 | 10h-11h30 puis 13h30-15h30<\/p>\n<ul>\n<li>R\u00e9alisation de courts m\u00e9trages<\/li>\n<li>Exp\u00e9rimentation de la technique du fond vert<\/li>\n<li>Pr\u00e9sentation\/d\u00e9monstration du scanner num\u00e9rique<\/li>\n<li>Cr\u00e9ation d\u2019accessoires\/d\u00e9cors de cin\u00e9ma<\/li>\n<li>Conception d\u2019affiches de cin\u00e9ma<\/li>\n<\/ul>\n<p aria-hidden=\"true\">\n<p>Jeudi 19\/03 | 10h-11h30 puis 13h30-15h30<\/p>\n<ul>\n<li>R\u00e9alisation de courts m\u00e9trages<\/li>\n<li>Exp\u00e9rimentation de la technique du fond vert<\/li>\n<li>Pr\u00e9sentation\/d\u00e9monstration du scanner num\u00e9rique<\/li>\n<li>Initiation aux diverses \u00e9tapes menant \u00e0 la cr\u00e9ation d\u2019un film<\/li>\n<\/ul>\n<p>De 10h \u00e0 11h30 uniquement<\/p>\n<ul>\n<li>Cr\u00e9ation d\u2019accessoires\/d\u00e9cors de cin\u00e9ma<\/li>\n<\/ul>\n<p>De 13h30 \u00e0 15h30 uniquement<\/p>\n<ul>\n<li>Conception d\u2019affiches de cin\u00e9ma<\/li>\n<\/ul>\n<p>De 13h \u00e0 17h uniquement<\/p>\n<ul>\n<li>Diffusion de courts m\u00e9trages pr\u00e9sentant les m\u00e9tiers du cin\u00e9ma<\/li>\n<\/ul>\n<p aria-hidden=\"true\">\n<p>Vendredi 20\/03 | 10h-11h30 puis 13h30-15h30<\/p>\n<ul>\n<li>R\u00e9alisation de courts m\u00e9trages<\/li>\n<li>Exp\u00e9rimentation de la technique du fond vert<\/li>\n<li>Pr\u00e9sentation\/d\u00e9monstration du scanner num\u00e9rique<\/li>\n<li>Initiation aux diverses \u00e9tapes menant \u00e0 la cr\u00e9ation d\u2019un film<\/li>\n<li>Exploration des ressources du mus\u00e9e num\u00e9rique<\/li>\n<li>Cr\u00e9ation d\u2019accessoires\/d\u00e9cors de cin\u00e9ma<\/li>\n<li>Conception d\u2019affiches de cin\u00e9ma<\/li>\n<\/ul>\n","protected":false},"excerpt":{"rendered":"<p>La Micro-Folie de l\u2019agglom\u00e9ration d\u2019\u00c9pinal pr\u00e9sente au festival \u00ab \u00c9pinal fait son cin\u00e9ma \u00bb du 17 au 22 mars La [&hellip;]<\/p>\n","protected":false},"author":52,"featured_media":1156,"comment_status":"open","ping_status":"open","sticky":false,"template":"","format":"standard","meta":{"footnotes":""},"categories":[22,24],"tags":[],"class_list":["post-140481","post","type-post","status-publish","format-standard","has-post-thumbnail","hentry","category-a-la-une","category-epinal"],"acf":[],"yoast_head":"<!-- This site is optimized with the Yoast SEO plugin v22.5 - https:\/\/yoast.com\/wordpress\/plugins\/seo\/ -->\n<title>La Micro-Folie de l&#039;Agglom\u00e9ration au festival \u00c9pinal fait son cin\u00e9ma - Epinal Info<\/title>\n<meta name=\"robots\" content=\"index, follow, max-snippet:-1, max-image-preview:large, max-video-preview:-1\" \/>\n<link rel=\"canonical\" href=\"https:\/\/vosgesinfo.fr\/epinalinfo\/?p=140481\" \/>\n<meta name=\"twitter:card\" content=\"summary_large_image\" \/>\n<meta name=\"twitter:title\" content=\"La Micro-Folie de l&#039;Agglom\u00e9ration au festival \u00c9pinal fait son cin\u00e9ma - Epinal Info\" \/>\n<meta name=\"twitter:description\" content=\"La Micro-Folie de l\u2019agglom\u00e9ration d\u2019\u00c9pinal pr\u00e9sente au festival \u00ab \u00c9pinal fait son cin\u00e9ma \u00bb du 17 au 22 mars La [&hellip;]\" \/>\n<meta name=\"twitter:creator\" content=\"@VosgesInfo88\" \/>\n<meta name=\"twitter:site\" content=\"@VosgesInfo88\" \/>\n<meta name=\"twitter:label1\" content=\"\u00c9crit par\" \/>\n\t<meta name=\"twitter:data1\" content=\"C.K.\" \/>\n\t<meta name=\"twitter:label2\" content=\"Dur\u00e9e de lecture estim\u00e9e\" \/>\n\t<meta name=\"twitter:data2\" content=\"3 minutes\" \/>\n<script type=\"application\/ld+json\" class=\"yoast-schema-graph\">{\"@context\":\"https:\/\/schema.org\",\"@graph\":[{\"@type\":\"Article\",\"@id\":\"https:\/\/vosgesinfo.fr\/epinalinfo\/?p=140481#article\",\"isPartOf\":{\"@id\":\"https:\/\/vosgesinfo.fr\/epinalinfo\/?p=140481\"},\"author\":{\"name\":\"C.K.\",\"@id\":\"https:\/\/vosgesinfo.fr\/epinalinfo\/#\/schema\/person\/6f9a650eeea99d969b6c4ab78fccbe81\"},\"headline\":\"La Micro-Folie de l&rsquo;Agglom\u00e9ration au festival \u00c9pinal fait son cin\u00e9ma\",\"datePublished\":\"2026-03-11T08:59:50+00:00\",\"dateModified\":\"2026-03-11T08:59:50+00:00\",\"mainEntityOfPage\":{\"@id\":\"https:\/\/vosgesinfo.fr\/epinalinfo\/?p=140481\"},\"wordCount\":565,\"commentCount\":0,\"publisher\":{\"@id\":\"https:\/\/vosgesinfo.fr\/epinalinfo\/#organization\"},\"image\":{\"@id\":\"https:\/\/vosgesinfo.fr\/epinalinfo\/?p=140481#primaryimage\"},\"thumbnailUrl\":\"https:\/\/vosgesinfo.fr\/app\/uploads\/sites\/3\/2023\/09\/micro-folie-epinal-400x255-1.jpg\",\"articleSection\":[\"A la Une\",\"Epinal\"],\"inLanguage\":\"fr-FR\",\"potentialAction\":[{\"@type\":\"CommentAction\",\"name\":\"Comment\",\"target\":[\"https:\/\/vosgesinfo.fr\/epinalinfo\/?p=140481#respond\"]}]},{\"@type\":\"WebPage\",\"@id\":\"https:\/\/vosgesinfo.fr\/epinalinfo\/?p=140481\",\"url\":\"https:\/\/vosgesinfo.fr\/epinalinfo\/?p=140481\",\"name\":\"La Micro-Folie de l'Agglom\u00e9ration au festival \u00c9pinal fait son cin\u00e9ma - Epinal Info\",\"isPartOf\":{\"@id\":\"https:\/\/vosgesinfo.fr\/epinalinfo\/#website\"},\"primaryImageOfPage\":{\"@id\":\"https:\/\/vosgesinfo.fr\/epinalinfo\/?p=140481#primaryimage\"},\"image\":{\"@id\":\"https:\/\/vosgesinfo.fr\/epinalinfo\/?p=140481#primaryimage\"},\"thumbnailUrl\":\"https:\/\/vosgesinfo.fr\/app\/uploads\/sites\/3\/2023\/09\/micro-folie-epinal-400x255-1.jpg\",\"datePublished\":\"2026-03-11T08:59:50+00:00\",\"dateModified\":\"2026-03-11T08:59:50+00:00\",\"breadcrumb\":{\"@id\":\"https:\/\/vosgesinfo.fr\/epinalinfo\/?p=140481#breadcrumb\"},\"inLanguage\":\"fr-FR\",\"potentialAction\":[{\"@type\":\"ReadAction\",\"target\":[\"https:\/\/vosgesinfo.fr\/epinalinfo\/?p=140481\"]}]},{\"@type\":\"ImageObject\",\"inLanguage\":\"fr-FR\",\"@id\":\"https:\/\/vosgesinfo.fr\/epinalinfo\/?p=140481#primaryimage\",\"url\":\"https:\/\/vosgesinfo.fr\/app\/uploads\/sites\/3\/2023\/09\/micro-folie-epinal-400x255-1.jpg\",\"contentUrl\":\"https:\/\/vosgesinfo.fr\/app\/uploads\/sites\/3\/2023\/09\/micro-folie-epinal-400x255-1.jpg\",\"width\":400,\"height\":255},{\"@type\":\"BreadcrumbList\",\"@id\":\"https:\/\/vosgesinfo.fr\/epinalinfo\/?p=140481#breadcrumb\",\"itemListElement\":[{\"@type\":\"ListItem\",\"position\":1,\"name\":\"Home\",\"item\":\"https:\/\/vosgesinfo.fr\/epinalinfo\/\"},{\"@type\":\"ListItem\",\"position\":2,\"name\":\"La Micro-Folie de l&#8217;Agglom\u00e9ration au festival \u00c9pinal fait son cin\u00e9ma\"}]},{\"@type\":\"WebSite\",\"@id\":\"https:\/\/vosgesinfo.fr\/epinalinfo\/#website\",\"url\":\"https:\/\/vosgesinfo.fr\/epinalinfo\/\",\"name\":\"Epinal Info\",\"description\":\"Toute l&#039;actualit\u00e9 d&#039;\u00c9pinal\",\"publisher\":{\"@id\":\"https:\/\/vosgesinfo.fr\/epinalinfo\/#organization\"},\"alternateName\":\"Toute l'actualit\u00e9 d'\u00c9pinal\",\"potentialAction\":[{\"@type\":\"SearchAction\",\"target\":{\"@type\":\"EntryPoint\",\"urlTemplate\":\"https:\/\/vosgesinfo.fr\/epinalinfo\/?s={search_term_string}\"},\"query-input\":\"required name=search_term_string\"}],\"inLanguage\":\"fr-FR\"},{\"@type\":\"Organization\",\"@id\":\"https:\/\/vosgesinfo.fr\/epinalinfo\/#organization\",\"name\":\"Epinal Info\",\"url\":\"https:\/\/vosgesinfo.fr\/epinalinfo\/\",\"logo\":{\"@type\":\"ImageObject\",\"inLanguage\":\"fr-FR\",\"@id\":\"https:\/\/vosgesinfo.fr\/epinalinfo\/#\/schema\/logo\/image\/\",\"url\":\"https:\/\/vosgesinfo.fr\/app\/uploads\/sites\/3\/2023\/08\/logo-epinalinfos.svg\",\"contentUrl\":\"https:\/\/vosgesinfo.fr\/app\/uploads\/sites\/3\/2023\/08\/logo-epinalinfos.svg\",\"width\":1,\"height\":1,\"caption\":\"Epinal Info\"},\"image\":{\"@id\":\"https:\/\/vosgesinfo.fr\/epinalinfo\/#\/schema\/logo\/image\/\"},\"sameAs\":[\"https:\/\/www.facebook.com\/Epinalinfos\",\"https:\/\/x.com\/VosgesInfo88\",\"https:\/\/www.youtube.com\/@vosgesinfo\"]},{\"@type\":\"Person\",\"@id\":\"https:\/\/vosgesinfo.fr\/epinalinfo\/#\/schema\/person\/6f9a650eeea99d969b6c4ab78fccbe81\",\"name\":\"C.K.\",\"image\":{\"@type\":\"ImageObject\",\"inLanguage\":\"fr-FR\",\"@id\":\"https:\/\/vosgesinfo.fr\/epinalinfo\/#\/schema\/person\/image\/\",\"url\":\"https:\/\/secure.gravatar.com\/avatar\/48e3fc7f8421ba8942be6b74a2b7f014ca39bc00dece156b7a8e098ae7dc87bf?s=96&d=mm&r=g\",\"contentUrl\":\"https:\/\/secure.gravatar.com\/avatar\/48e3fc7f8421ba8942be6b74a2b7f014ca39bc00dece156b7a8e098ae7dc87bf?s=96&d=mm&r=g\",\"caption\":\"C.K.\"},\"url\":\"https:\/\/vosgesinfo.fr\/epinalinfo\/author\/celia-k-n\/\"}]}<\/script>\n<!-- \/ Yoast SEO plugin. -->","yoast_head_json":{"title":"La Micro-Folie de l'Agglom\u00e9ration au festival \u00c9pinal fait son cin\u00e9ma - Epinal Info","robots":{"index":"index","follow":"follow","max-snippet":"max-snippet:-1","max-image-preview":"max-image-preview:large","max-video-preview":"max-video-preview:-1"},"canonical":"https:\/\/vosgesinfo.fr\/epinalinfo\/?p=140481","twitter_card":"summary_large_image","twitter_title":"La Micro-Folie de l'Agglom\u00e9ration au festival \u00c9pinal fait son cin\u00e9ma - Epinal Info","twitter_description":"La Micro-Folie de l\u2019agglom\u00e9ration d\u2019\u00c9pinal pr\u00e9sente au festival \u00ab \u00c9pinal fait son cin\u00e9ma \u00bb du 17 au 22 mars La [&hellip;]","twitter_creator":"@VosgesInfo88","twitter_site":"@VosgesInfo88","twitter_misc":{"\u00c9crit par":"C.K.","Dur\u00e9e de lecture estim\u00e9e":"3 minutes"},"schema":{"@context":"https:\/\/schema.org","@graph":[{"@type":"Article","@id":"https:\/\/vosgesinfo.fr\/epinalinfo\/?p=140481#article","isPartOf":{"@id":"https:\/\/vosgesinfo.fr\/epinalinfo\/?p=140481"},"author":{"name":"C.K.","@id":"https:\/\/vosgesinfo.fr\/epinalinfo\/#\/schema\/person\/6f9a650eeea99d969b6c4ab78fccbe81"},"headline":"La Micro-Folie de l&rsquo;Agglom\u00e9ration au festival \u00c9pinal fait son cin\u00e9ma","datePublished":"2026-03-11T08:59:50+00:00","dateModified":"2026-03-11T08:59:50+00:00","mainEntityOfPage":{"@id":"https:\/\/vosgesinfo.fr\/epinalinfo\/?p=140481"},"wordCount":565,"commentCount":0,"publisher":{"@id":"https:\/\/vosgesinfo.fr\/epinalinfo\/#organization"},"image":{"@id":"https:\/\/vosgesinfo.fr\/epinalinfo\/?p=140481#primaryimage"},"thumbnailUrl":"https:\/\/vosgesinfo.fr\/app\/uploads\/sites\/3\/2023\/09\/micro-folie-epinal-400x255-1.jpg","articleSection":["A la Une","Epinal"],"inLanguage":"fr-FR","potentialAction":[{"@type":"CommentAction","name":"Comment","target":["https:\/\/vosgesinfo.fr\/epinalinfo\/?p=140481#respond"]}]},{"@type":"WebPage","@id":"https:\/\/vosgesinfo.fr\/epinalinfo\/?p=140481","url":"https:\/\/vosgesinfo.fr\/epinalinfo\/?p=140481","name":"La Micro-Folie de l'Agglom\u00e9ration au festival \u00c9pinal fait son cin\u00e9ma - Epinal Info","isPartOf":{"@id":"https:\/\/vosgesinfo.fr\/epinalinfo\/#website"},"primaryImageOfPage":{"@id":"https:\/\/vosgesinfo.fr\/epinalinfo\/?p=140481#primaryimage"},"image":{"@id":"https:\/\/vosgesinfo.fr\/epinalinfo\/?p=140481#primaryimage"},"thumbnailUrl":"https:\/\/vosgesinfo.fr\/app\/uploads\/sites\/3\/2023\/09\/micro-folie-epinal-400x255-1.jpg","datePublished":"2026-03-11T08:59:50+00:00","dateModified":"2026-03-11T08:59:50+00:00","breadcrumb":{"@id":"https:\/\/vosgesinfo.fr\/epinalinfo\/?p=140481#breadcrumb"},"inLanguage":"fr-FR","potentialAction":[{"@type":"ReadAction","target":["https:\/\/vosgesinfo.fr\/epinalinfo\/?p=140481"]}]},{"@type":"ImageObject","inLanguage":"fr-FR","@id":"https:\/\/vosgesinfo.fr\/epinalinfo\/?p=140481#primaryimage","url":"https:\/\/vosgesinfo.fr\/app\/uploads\/sites\/3\/2023\/09\/micro-folie-epinal-400x255-1.jpg","contentUrl":"https:\/\/vosgesinfo.fr\/app\/uploads\/sites\/3\/2023\/09\/micro-folie-epinal-400x255-1.jpg","width":400,"height":255},{"@type":"BreadcrumbList","@id":"https:\/\/vosgesinfo.fr\/epinalinfo\/?p=140481#breadcrumb","itemListElement":[{"@type":"ListItem","position":1,"name":"Home","item":"https:\/\/vosgesinfo.fr\/epinalinfo\/"},{"@type":"ListItem","position":2,"name":"La Micro-Folie de l&#8217;Agglom\u00e9ration au festival \u00c9pinal fait son cin\u00e9ma"}]},{"@type":"WebSite","@id":"https:\/\/vosgesinfo.fr\/epinalinfo\/#website","url":"https:\/\/vosgesinfo.fr\/epinalinfo\/","name":"Epinal Info","description":"Toute l&#039;actualit\u00e9 d&#039;\u00c9pinal","publisher":{"@id":"https:\/\/vosgesinfo.fr\/epinalinfo\/#organization"},"alternateName":"Toute l'actualit\u00e9 d'\u00c9pinal","potentialAction":[{"@type":"SearchAction","target":{"@type":"EntryPoint","urlTemplate":"https:\/\/vosgesinfo.fr\/epinalinfo\/?s={search_term_string}"},"query-input":"required name=search_term_string"}],"inLanguage":"fr-FR"},{"@type":"Organization","@id":"https:\/\/vosgesinfo.fr\/epinalinfo\/#organization","name":"Epinal Info","url":"https:\/\/vosgesinfo.fr\/epinalinfo\/","logo":{"@type":"ImageObject","inLanguage":"fr-FR","@id":"https:\/\/vosgesinfo.fr\/epinalinfo\/#\/schema\/logo\/image\/","url":"https:\/\/vosgesinfo.fr\/app\/uploads\/sites\/3\/2023\/08\/logo-epinalinfos.svg","contentUrl":"https:\/\/vosgesinfo.fr\/app\/uploads\/sites\/3\/2023\/08\/logo-epinalinfos.svg","width":1,"height":1,"caption":"Epinal Info"},"image":{"@id":"https:\/\/vosgesinfo.fr\/epinalinfo\/#\/schema\/logo\/image\/"},"sameAs":["https:\/\/www.facebook.com\/Epinalinfos","https:\/\/x.com\/VosgesInfo88","https:\/\/www.youtube.com\/@vosgesinfo"]},{"@type":"Person","@id":"https:\/\/vosgesinfo.fr\/epinalinfo\/#\/schema\/person\/6f9a650eeea99d969b6c4ab78fccbe81","name":"C.K.","image":{"@type":"ImageObject","inLanguage":"fr-FR","@id":"https:\/\/vosgesinfo.fr\/epinalinfo\/#\/schema\/person\/image\/","url":"https:\/\/secure.gravatar.com\/avatar\/48e3fc7f8421ba8942be6b74a2b7f014ca39bc00dece156b7a8e098ae7dc87bf?s=96&d=mm&r=g","contentUrl":"https:\/\/secure.gravatar.com\/avatar\/48e3fc7f8421ba8942be6b74a2b7f014ca39bc00dece156b7a8e098ae7dc87bf?s=96&d=mm&r=g","caption":"C.K."},"url":"https:\/\/vosgesinfo.fr\/epinalinfo\/author\/celia-k-n\/"}]}},"_links":{"self":[{"href":"https:\/\/vosgesinfo.fr\/epinalinfo\/wp-json\/wp\/v2\/posts\/140481","targetHints":{"allow":["GET"]}}],"collection":[{"href":"https:\/\/vosgesinfo.fr\/epinalinfo\/wp-json\/wp\/v2\/posts"}],"about":[{"href":"https:\/\/vosgesinfo.fr\/epinalinfo\/wp-json\/wp\/v2\/types\/post"}],"author":[{"embeddable":true,"href":"https:\/\/vosgesinfo.fr\/epinalinfo\/wp-json\/wp\/v2\/users\/52"}],"replies":[{"embeddable":true,"href":"https:\/\/vosgesinfo.fr\/epinalinfo\/wp-json\/wp\/v2\/comments?post=140481"}],"version-history":[{"count":1,"href":"https:\/\/vosgesinfo.fr\/epinalinfo\/wp-json\/wp\/v2\/posts\/140481\/revisions"}],"predecessor-version":[{"id":140482,"href":"https:\/\/vosgesinfo.fr\/epinalinfo\/wp-json\/wp\/v2\/posts\/140481\/revisions\/140482"}],"wp:featuredmedia":[{"embeddable":true,"href":"https:\/\/vosgesinfo.fr\/epinalinfo\/wp-json\/wp\/v2\/media\/1156"}],"wp:attachment":[{"href":"https:\/\/vosgesinfo.fr\/epinalinfo\/wp-json\/wp\/v2\/media?parent=140481"}],"wp:term":[{"taxonomy":"category","embeddable":true,"href":"https:\/\/vosgesinfo.fr\/epinalinfo\/wp-json\/wp\/v2\/categories?post=140481"},{"taxonomy":"post_tag","embeddable":true,"href":"https:\/\/vosgesinfo.fr\/epinalinfo\/wp-json\/wp\/v2\/tags?post=140481"}],"curies":[{"name":"wp","href":"https:\/\/api.w.org\/{rel}","templated":true}]}}